{"id":44910,"date":"2024-10-30T23:43:55","date_gmt":"2024-10-30T23:43:55","guid":{"rendered":"https:\/\/jornalboasnoticias.com.br\/home\/?p=44910"},"modified":"2024-10-30T23:43:55","modified_gmt":"2024-10-30T23:43:55","slug":"com-152-mil-empregos-parana-e-3o-estado-que-mais-gerou-trabalho-de-janeiro-a-setembro","status":"publish","type":"post","link":"https:\/\/jornalboasnoticias.com.br\/home\/com-152-mil-empregos-parana-e-3o-estado-que-mais-gerou-trabalho-de-janeiro-a-setembro\/","title":{"rendered":"Com 152 mil empregos, Paran\u00e1 \u00e9 3\u00ba estado que mais gerou trabalho de janeiro a setembro"},"content":{"rendered":"<div class=\"not-escopo-destaque\">\n<div>\n<figure id=\"attachment_44911\" aria-describedby=\"caption-attachment-44911\" style=\"width: 2560px\" class=\"wp-caption alignnone\"><img loading=\"lazy\" decoding=\"async\" class=\"size-full wp-image-44911\" src=\"https:\/\/jornalboasnoticias.com.br\/home\/wp-content\/uploads\/2024\/10\/image00003_20-scaled.jpg\" alt=\"\" width=\"2560\" height=\"1707\" srcset=\"https:\/\/jornalboasnoticias.com.br\/home\/wp-content\/uploads\/2024\/10\/image00003_20-scaled.jpg 2560w, https:\/\/jornalboasnoticias.com.br\/home\/wp-content\/uploads\/2024\/10\/image00003_20-300x200.jpg 300w, https:\/\/jornalboasnoticias.com.br\/home\/wp-content\/uploads\/2024\/10\/image00003_20-1024x683.jpg 1024w, https:\/\/jornalboasnoticias.com.br\/home\/wp-content\/uploads\/2024\/10\/image00003_20-768x512.jpg 768w, https:\/\/jornalboasnoticias.com.br\/home\/wp-content\/uploads\/2024\/10\/image00003_20-1536x1024.jpg 1536w, https:\/\/jornalboasnoticias.com.br\/home\/wp-content\/uploads\/2024\/10\/image00003_20-2048x1365.jpg 2048w, https:\/\/jornalboasnoticias.com.br\/home\/wp-content\/uploads\/2024\/10\/image00003_20-900x600.jpg 900w\" sizes=\"auto, (max-width: 2560px) 100vw, 2560px\" \/><figcaption id=\"caption-attachment-44911\" class=\"wp-caption-text\">Foto: Jos\u00e9 Fernando Ogura\/Arquivo AEN<\/figcaption><\/figure>\n<\/div>\n<\/div>\n<blockquote>\n<div class=\"not-escopo-destaque\">\n<div class=\"field field--name-field-escopo-destaque field--type-string-long field--label-hidden field--item\">Com 152,8 mil vagas abertas, os setores que mais contrataram no Paran\u00e1 foram o de servi\u00e7os (saldo de 77.750), ind\u00fastria (37.544), constru\u00e7\u00e3o (19.066) e com\u00e9rcio (17.805). Dados s\u00e3o do Cadastro Geral de Empregados e Desempregados (Caged), divulgados pelo Minist\u00e9rio do Trabalho e Emprego (MTE).<\/div>\n<\/div>\n<\/blockquote>\n<div>\n<article class=\"node node--type-noticia node--promoted node--view-mode-full clearfix\" role=\"article\" data-history-node-id=\"69635\">\n<div class=\"node__content clearfix\">\n<div class=\"field field--name-field-texto field--type-text-long field--label-hidden field--item\">\n<p>O Paran\u00e1 foi o terceiro estado do Pa\u00eds e o primeiro da Regi\u00e3o Sul que mais gerou novos postos de trabalho em 2024 no acumulado entre janeiro e setembro. Foram 152.898 vagas abertas, diferen\u00e7a entre 1.556.854 admiss\u00f5es e 1.403.956 demiss\u00f5es no per\u00edodo. Os dados s\u00e3o do Cadastro Geral de Empregados e Desempregados (Caged), divulgados nesta quarta-feira (30) pelo Minist\u00e9rio do Trabalho e Emprego (MTE).<\/p>\n<p>O Paran\u00e1 ficou atr\u00e1s somente de S\u00e3o Paulo (561.042) e Minas Gerais (204.187) no acumulado do ano, estados bem mais populosos. Na sequ\u00eancia, aparecem Rio de Janeiro em quarto lugar (139.378) e Santa Catarina na quinta posi\u00e7\u00e3o (129.553). O estoque de empregos paranaense, referente a quantidade total de v\u00ednculos celetistas ativos, \u00e9 de 3.244.299, o quarto maior do Pa\u00eds.<\/p>\n<p>No ano, os setores que mais contrataram no Paran\u00e1 foram o de servi\u00e7os (saldo de 77.750), ind\u00fastria (37.544), constru\u00e7\u00e3o (19.066) e com\u00e9rcio (17.805). Na agropecu\u00e1ria foram 739 novos postos de trabalho criados. Entre os subsetores, o de informa\u00e7\u00e3o, comunica\u00e7\u00e3o e atividades financeiras, imobili\u00e1rias, profissionais e administrativas foi o com maior n\u00famero de postos gerados, com saldo de 38.624.<\/p>\n<p>O secret\u00e1rio do Trabalho, Qualifica\u00e7\u00e3o e Renda, Mauro Moraes, destaca que as capacita\u00e7\u00f5es gratuitas ofertadas pelo Estado t\u00eam formando m\u00e3o de obra para atender o mercado de acordo com o desenvolvimento de cada setor da economia.<\/p>\n<p>\u201cO Paran\u00e1 apresentou saldo positivo de novos empregos em todos os meses deste ano. Esse desempenho, al\u00e9m de refletir o sucesso das pol\u00edticas adotadas pelo governo para a promo\u00e7\u00e3o do emprego e renda no Estado, tamb\u00e9m direciona para o aprimoramento de a\u00e7\u00f5es de empregabilidade, em especial o incentivo que hoje \u00e9 dado ao trabalhador para que ele busque o aperfei\u00e7oamento profissional\u201d, afirmou.<\/p>\n<p><strong>SETEMBRO\u00a0<\/strong>\u2013 Somente no m\u00eas de setembro, o Paran\u00e1 gerou 14.828 novos postos de trabalho com carteira assinada, 67% a mais que as 8.877 vagas criadas no mesmo m\u00eas de 2023. O saldo deste ano \u00e9 a diferen\u00e7a entre as 165.300 admiss\u00f5es e 150.472 desligamentos no per\u00edodo.<\/p>\n<p>Foi tamb\u00e9m o melhor resultado da regi\u00e3o Sul do Pa\u00eds. Santa Catarina registrou saldo de 13.074 vagas no m\u00eas, enquanto que o Rio Grande do Sul criou 10.238 empregos. Em n\u00edvel nacional, o Paran\u00e1 ficou atr\u00e1s de S\u00e3o Paulo, Rio de Janeiro, Pernambuco, Minas Gerais, Alagoas e Bahia.<\/p>\n<p>Todos os setores registraram saldo positivo no m\u00eas, \u00e0 exce\u00e7\u00e3o da agropecu\u00e1ria (-98 vagas). O setor de servi\u00e7os foi o que mais gerou empregos, com 7.410, seguido pela ind\u00fastria (3.096), com\u00e9rcio (2.375) e constru\u00e7\u00e3o (2.045).<\/p>\n<p><strong>RECORTES\u00a0<\/strong>\u2013 Das 152.898 vagas criadas no Paran\u00e1 entre janeiro e setembro deste ano, 77.838 foram ocupadas por homens (50,9%), enquanto que 75.060 por mulheres (49,1%). No m\u00eas de setembro, especificamente, das 14.828 geradas, 7.476 foram ocupadas por pessoas do sexo masculino, enquanto que 7.352 pelo sexo feminino.<\/p>\n<p>J\u00e1 a faixa et\u00e1ria que mais empregou no m\u00eas foi a de jovens, de pessoas entre 18 a 29 anos, com 8.702 vagas criadas.<\/p>\n<p><strong>BRASIL<\/strong>\u00a0\u2013 O mercado de trabalho formal no Pa\u00eds gerou saldo positivo de 1.981.557 novos empregos entre janeiro e setembro deste ano. Somente no \u00faltimo m\u00eas foram 247.818 postos de trabalho com carteira assinada, com crescimento em todos os estados brasileiros.<\/p>\n<p>Nos cinco grandes grupamentos de atividades econ\u00f4micas foram destaque o setor de servi\u00e7os, que gerou 128.354 postos no m\u00eas de setembro, e a ind\u00fastria, com 59.827 postos. No com\u00e9rcio foram registrados 44.622 novos empregos, na constru\u00e7\u00e3o civil, 17.024, e na agropecu\u00e1ria, -2.004.<\/p>\n<p><em><strong>AEN<\/strong><\/em><\/p>\n<\/div>\n<\/div>\n<\/article>\n<\/div>\n","protected":false},"excerpt":{"rendered":"<p>Com 152,8 mil vagas abertas, os setores que mais contrataram no Paran\u00e1 foram o de<\/p>\n","protected":false},"author":4,"featured_media":44911,"comment_status":"open","ping_status":"open","sticky":false,"template":"","format":"standard","meta":{"footnotes":""},"categories":[3,4],"tags":[],"class_list":["post-44910","post","type-post","status-publish","format-standard","has-post-thumbnail","hentry","category-destaques","category-parana"],"yoast_head":"<!-- This site is optimized with the Yoast SEO plugin v27.5 - https:\/\/yoast.com\/product\/yoast-seo-wordpress\/ -->\n<title>Com 152 mil empregos, Paran\u00e1 \u00e9 3\u00ba estado que mais gerou trabalho de janeiro a setembro - Jornal<\/title>\n<meta name=\"description\" content=\"Com 152 mil empregos, Paran\u00e1 \u00e9 3\u00ba estado que mais gerou trabalho de janeiro a setembro\" \/>\n<meta name=\"robots\" content=\"index, follow, max-snippet:-1, max-image-preview:large, max-video-preview:-1\" \/>\n<link rel=\"canonical\" href=\"https:\/\/jornalboasnoticias.com.br\/home\/com-152-mil-empregos-parana-e-3o-estado-que-mais-gerou-trabalho-de-janeiro-a-setembro\/\" \/>\n<meta property=\"og:locale\" content=\"pt_BR\" \/>\n<meta property=\"og:type\" content=\"article\" \/>\n<meta property=\"og:title\" content=\"Com 152 mil empregos, Paran\u00e1 \u00e9 3\u00ba estado que mais gerou trabalho de janeiro a setembro - Jornal\" \/>\n<meta property=\"og:description\" content=\"Com 152 mil empregos, Paran\u00e1 \u00e9 3\u00ba estado que mais gerou trabalho de janeiro a setembro\" \/>\n<meta property=\"og:url\" content=\"https:\/\/jornalboasnoticias.com.br\/home\/com-152-mil-empregos-parana-e-3o-estado-que-mais-gerou-trabalho-de-janeiro-a-setembro\/\" \/>\n<meta property=\"og:site_name\" content=\"Jornal\" \/>\n<meta property=\"article:publisher\" content=\"https:\/\/www.facebook.com\/boasnoticiasjornal\" \/>\n<meta property=\"article:published_time\" content=\"2024-10-30T23:43:55+00:00\" \/>\n<meta property=\"og:image\" content=\"https:\/\/jornalboasnoticias.com.br\/home\/wp-content\/uploads\/2024\/10\/image00003_20-scaled.jpg\" \/>\n\t<meta property=\"og:image:width\" content=\"2560\" \/>\n\t<meta property=\"og:image:height\" content=\"1707\" \/>\n\t<meta property=\"og:image:type\" content=\"image\/jpeg\" \/>\n<meta name=\"author\" content=\"Ana Luiza Bonatto\" \/>\n<meta name=\"twitter:card\" content=\"summary_large_image\" \/>\n<meta name=\"twitter:label1\" content=\"Escrito por\" \/>\n\t<meta name=\"twitter:data1\" content=\"Ana Luiza Bonatto\" \/>\n\t<meta name=\"twitter:label2\" content=\"Est. tempo de leitura\" \/>\n\t<meta name=\"twitter:data2\" content=\"4 minutos\" \/>\n<script type=\"application\/ld+json\" class=\"yoast-schema-graph\">{\"@context\":\"https:\\\/\\\/schema.org\",\"@graph\":[{\"@type\":\"Article\",\"@id\":\"https:\\\/\\\/jornalboasnoticias.com.br\\\/home\\\/com-152-mil-empregos-parana-e-3o-estado-que-mais-gerou-trabalho-de-janeiro-a-setembro\\\/#article\",\"isPartOf\":{\"@id\":\"https:\\\/\\\/jornalboasnoticias.com.br\\\/home\\\/com-152-mil-empregos-parana-e-3o-estado-que-mais-gerou-trabalho-de-janeiro-a-setembro\\\/\"},\"author\":{\"name\":\"Ana Luiza Bonatto\",\"@id\":\"https:\\\/\\\/jornalboasnoticias.com.br\\\/home\\\/#\\\/schema\\\/person\\\/d641193e0afc6405b390164dac847971\"},\"headline\":\"Com 152 mil empregos, Paran\u00e1 \u00e9 3\u00ba estado que mais gerou trabalho de janeiro a setembro\",\"datePublished\":\"2024-10-30T23:43:55+00:00\",\"mainEntityOfPage\":{\"@id\":\"https:\\\/\\\/jornalboasnoticias.com.br\\\/home\\\/com-152-mil-empregos-parana-e-3o-estado-que-mais-gerou-trabalho-de-janeiro-a-setembro\\\/\"},\"wordCount\":649,\"commentCount\":0,\"publisher\":{\"@id\":\"https:\\\/\\\/jornalboasnoticias.com.br\\\/home\\\/#organization\"},\"image\":{\"@id\":\"https:\\\/\\\/jornalboasnoticias.com.br\\\/home\\\/com-152-mil-empregos-parana-e-3o-estado-que-mais-gerou-trabalho-de-janeiro-a-setembro\\\/#primaryimage\"},\"thumbnailUrl\":\"https:\\\/\\\/jornalboasnoticias.com.br\\\/home\\\/wp-content\\\/uploads\\\/2024\\\/10\\\/image00003_20-scaled.jpg\",\"articleSection\":[\"DESTAQUE\",\"PARAN\u00c1\"],\"inLanguage\":\"pt-BR\",\"potentialAction\":[{\"@type\":\"CommentAction\",\"name\":\"Comment\",\"target\":[\"https:\\\/\\\/jornalboasnoticias.com.br\\\/home\\\/com-152-mil-empregos-parana-e-3o-estado-que-mais-gerou-trabalho-de-janeiro-a-setembro\\\/#respond\"]}]},{\"@type\":\"WebPage\",\"@id\":\"https:\\\/\\\/jornalboasnoticias.com.br\\\/home\\\/com-152-mil-empregos-parana-e-3o-estado-que-mais-gerou-trabalho-de-janeiro-a-setembro\\\/\",\"url\":\"https:\\\/\\\/jornalboasnoticias.com.br\\\/home\\\/com-152-mil-empregos-parana-e-3o-estado-que-mais-gerou-trabalho-de-janeiro-a-setembro\\\/\",\"name\":\"Com 152 mil empregos, Paran\u00e1 \u00e9 3\u00ba estado que mais gerou trabalho de janeiro a setembro - Jornal\",\"isPartOf\":{\"@id\":\"https:\\\/\\\/jornalboasnoticias.com.br\\\/home\\\/#website\"},\"primaryImageOfPage\":{\"@id\":\"https:\\\/\\\/jornalboasnoticias.com.br\\\/home\\\/com-152-mil-empregos-parana-e-3o-estado-que-mais-gerou-trabalho-de-janeiro-a-setembro\\\/#primaryimage\"},\"image\":{\"@id\":\"https:\\\/\\\/jornalboasnoticias.com.br\\\/home\\\/com-152-mil-empregos-parana-e-3o-estado-que-mais-gerou-trabalho-de-janeiro-a-setembro\\\/#primaryimage\"},\"thumbnailUrl\":\"https:\\\/\\\/jornalboasnoticias.com.br\\\/home\\\/wp-content\\\/uploads\\\/2024\\\/10\\\/image00003_20-scaled.jpg\",\"datePublished\":\"2024-10-30T23:43:55+00:00\",\"description\":\"Com 152 mil empregos, Paran\u00e1 \u00e9 3\u00ba estado que mais gerou trabalho de janeiro a setembro\",\"breadcrumb\":{\"@id\":\"https:\\\/\\\/jornalboasnoticias.com.br\\\/home\\\/com-152-mil-empregos-parana-e-3o-estado-que-mais-gerou-trabalho-de-janeiro-a-setembro\\\/#breadcrumb\"},\"inLanguage\":\"pt-BR\",\"potentialAction\":[{\"@type\":\"ReadAction\",\"target\":[\"https:\\\/\\\/jornalboasnoticias.com.br\\\/home\\\/com-152-mil-empregos-parana-e-3o-estado-que-mais-gerou-trabalho-de-janeiro-a-setembro\\\/\"]}]},{\"@type\":\"ImageObject\",\"inLanguage\":\"pt-BR\",\"@id\":\"https:\\\/\\\/jornalboasnoticias.com.br\\\/home\\\/com-152-mil-empregos-parana-e-3o-estado-que-mais-gerou-trabalho-de-janeiro-a-setembro\\\/#primaryimage\",\"url\":\"https:\\\/\\\/jornalboasnoticias.com.br\\\/home\\\/wp-content\\\/uploads\\\/2024\\\/10\\\/image00003_20-scaled.jpg\",\"contentUrl\":\"https:\\\/\\\/jornalboasnoticias.com.br\\\/home\\\/wp-content\\\/uploads\\\/2024\\\/10\\\/image00003_20-scaled.jpg\",\"width\":2560,\"height\":1707,\"caption\":\"Foto: Jos\u00e9 Fernando Ogura\\\/Arquivo AEN\"},{\"@type\":\"BreadcrumbList\",\"@id\":\"https:\\\/\\\/jornalboasnoticias.com.br\\\/home\\\/com-152-mil-empregos-parana-e-3o-estado-que-mais-gerou-trabalho-de-janeiro-a-setembro\\\/#breadcrumb\",\"itemListElement\":[{\"@type\":\"ListItem\",\"position\":1,\"name\":\"In\u00edcio\",\"item\":\"https:\\\/\\\/jornalboasnoticias.com.br\\\/home\\\/\"},{\"@type\":\"ListItem\",\"position\":2,\"name\":\"Com 152 mil empregos, Paran\u00e1 \u00e9 3\u00ba estado que mais gerou trabalho de janeiro a setembro\"}]},{\"@type\":\"WebSite\",\"@id\":\"https:\\\/\\\/jornalboasnoticias.com.br\\\/home\\\/#website\",\"url\":\"https:\\\/\\\/jornalboasnoticias.com.br\\\/home\\\/\",\"name\":\"Jornal Boas Not\u00edcias\",\"description\":\"Boas not\u00edcias\",\"publisher\":{\"@id\":\"https:\\\/\\\/jornalboasnoticias.com.br\\\/home\\\/#organization\"},\"potentialAction\":[{\"@type\":\"SearchAction\",\"target\":{\"@type\":\"EntryPoint\",\"urlTemplate\":\"https:\\\/\\\/jornalboasnoticias.com.br\\\/home\\\/?s={search_term_string}\"},\"query-input\":{\"@type\":\"PropertyValueSpecification\",\"valueRequired\":true,\"valueName\":\"search_term_string\"}}],\"inLanguage\":\"pt-BR\"},{\"@type\":\"Organization\",\"@id\":\"https:\\\/\\\/jornalboasnoticias.com.br\\\/home\\\/#organization\",\"name\":\"Coq Editora Ltda\",\"alternateName\":\"Jornal Boas Noticias\",\"url\":\"https:\\\/\\\/jornalboasnoticias.com.br\\\/home\\\/\",\"logo\":{\"@type\":\"ImageObject\",\"inLanguage\":\"pt-BR\",\"@id\":\"https:\\\/\\\/jornalboasnoticias.com.br\\\/home\\\/#\\\/schema\\\/logo\\\/image\\\/\",\"url\":\"https:\\\/\\\/jornalboasnoticias.com.br\\\/home\\\/wp-content\\\/uploads\\\/2024\\\/07\\\/cropped-logo.jpg\",\"contentUrl\":\"https:\\\/\\\/jornalboasnoticias.com.br\\\/home\\\/wp-content\\\/uploads\\\/2024\\\/07\\\/cropped-logo.jpg\",\"width\":290,\"height\":142,\"caption\":\"Coq Editora Ltda\"},\"image\":{\"@id\":\"https:\\\/\\\/jornalboasnoticias.com.br\\\/home\\\/#\\\/schema\\\/logo\\\/image\\\/\"},\"sameAs\":[\"https:\\\/\\\/www.facebook.com\\\/boasnoticiasjornal\"]},{\"@type\":\"Person\",\"@id\":\"https:\\\/\\\/jornalboasnoticias.com.br\\\/home\\\/#\\\/schema\\\/person\\\/d641193e0afc6405b390164dac847971\",\"name\":\"Ana Luiza Bonatto\",\"image\":{\"@type\":\"ImageObject\",\"inLanguage\":\"pt-BR\",\"@id\":\"https:\\\/\\\/secure.gravatar.com\\\/avatar\\\/8a055ebe6373371f67ac6fcf313c0ac0b0a91157fdcdb9514fa62927373348f0?s=96&d=mm&r=g\",\"url\":\"https:\\\/\\\/secure.gravatar.com\\\/avatar\\\/8a055ebe6373371f67ac6fcf313c0ac0b0a91157fdcdb9514fa62927373348f0?s=96&d=mm&r=g\",\"contentUrl\":\"https:\\\/\\\/secure.gravatar.com\\\/avatar\\\/8a055ebe6373371f67ac6fcf313c0ac0b0a91157fdcdb9514fa62927373348f0?s=96&d=mm&r=g\",\"caption\":\"Ana Luiza Bonatto\"},\"url\":\"https:\\\/\\\/jornalboasnoticias.com.br\\\/home\\\/author\\\/ana-luiza\\\/\"}]}<\/script>\n<!-- \/ Yoast SEO plugin. -->","yoast_head_json":{"title":"Com 152 mil empregos, Paran\u00e1 \u00e9 3\u00ba estado que mais gerou trabalho de janeiro a setembro - Jornal","description":"Com 152 mil empregos, Paran\u00e1 \u00e9 3\u00ba estado que mais gerou trabalho de janeiro a setembro","robots":{"index":"index","follow":"follow","max-snippet":"max-snippet:-1","max-image-preview":"max-image-preview:large","max-video-preview":"max-video-preview:-1"},"canonical":"https:\/\/jornalboasnoticias.com.br\/home\/com-152-mil-empregos-parana-e-3o-estado-que-mais-gerou-trabalho-de-janeiro-a-setembro\/","og_locale":"pt_BR","og_type":"article","og_title":"Com 152 mil empregos, Paran\u00e1 \u00e9 3\u00ba estado que mais gerou trabalho de janeiro a setembro - Jornal","og_description":"Com 152 mil empregos, Paran\u00e1 \u00e9 3\u00ba estado que mais gerou trabalho de janeiro a setembro","og_url":"https:\/\/jornalboasnoticias.com.br\/home\/com-152-mil-empregos-parana-e-3o-estado-que-mais-gerou-trabalho-de-janeiro-a-setembro\/","og_site_name":"Jornal","article_publisher":"https:\/\/www.facebook.com\/boasnoticiasjornal","article_published_time":"2024-10-30T23:43:55+00:00","og_image":[{"width":2560,"height":1707,"url":"https:\/\/jornalboasnoticias.com.br\/home\/wp-content\/uploads\/2024\/10\/image00003_20-scaled.jpg","type":"image\/jpeg"}],"author":"Ana Luiza Bonatto","twitter_card":"summary_large_image","twitter_misc":{"Escrito por":"Ana Luiza Bonatto","Est. tempo de leitura":"4 minutos"},"schema":{"@context":"https:\/\/schema.org","@graph":[{"@type":"Article","@id":"https:\/\/jornalboasnoticias.com.br\/home\/com-152-mil-empregos-parana-e-3o-estado-que-mais-gerou-trabalho-de-janeiro-a-setembro\/#article","isPartOf":{"@id":"https:\/\/jornalboasnoticias.com.br\/home\/com-152-mil-empregos-parana-e-3o-estado-que-mais-gerou-trabalho-de-janeiro-a-setembro\/"},"author":{"name":"Ana Luiza Bonatto","@id":"https:\/\/jornalboasnoticias.com.br\/home\/#\/schema\/person\/d641193e0afc6405b390164dac847971"},"headline":"Com 152 mil empregos, Paran\u00e1 \u00e9 3\u00ba estado que mais gerou trabalho de janeiro a setembro","datePublished":"2024-10-30T23:43:55+00:00","mainEntityOfPage":{"@id":"https:\/\/jornalboasnoticias.com.br\/home\/com-152-mil-empregos-parana-e-3o-estado-que-mais-gerou-trabalho-de-janeiro-a-setembro\/"},"wordCount":649,"commentCount":0,"publisher":{"@id":"https:\/\/jornalboasnoticias.com.br\/home\/#organization"},"image":{"@id":"https:\/\/jornalboasnoticias.com.br\/home\/com-152-mil-empregos-parana-e-3o-estado-que-mais-gerou-trabalho-de-janeiro-a-setembro\/#primaryimage"},"thumbnailUrl":"https:\/\/jornalboasnoticias.com.br\/home\/wp-content\/uploads\/2024\/10\/image00003_20-scaled.jpg","articleSection":["DESTAQUE","PARAN\u00c1"],"inLanguage":"pt-BR","potentialAction":[{"@type":"CommentAction","name":"Comment","target":["https:\/\/jornalboasnoticias.com.br\/home\/com-152-mil-empregos-parana-e-3o-estado-que-mais-gerou-trabalho-de-janeiro-a-setembro\/#respond"]}]},{"@type":"WebPage","@id":"https:\/\/jornalboasnoticias.com.br\/home\/com-152-mil-empregos-parana-e-3o-estado-que-mais-gerou-trabalho-de-janeiro-a-setembro\/","url":"https:\/\/jornalboasnoticias.com.br\/home\/com-152-mil-empregos-parana-e-3o-estado-que-mais-gerou-trabalho-de-janeiro-a-setembro\/","name":"Com 152 mil empregos, Paran\u00e1 \u00e9 3\u00ba estado que mais gerou trabalho de janeiro a setembro - Jornal","isPartOf":{"@id":"https:\/\/jornalboasnoticias.com.br\/home\/#website"},"primaryImageOfPage":{"@id":"https:\/\/jornalboasnoticias.com.br\/home\/com-152-mil-empregos-parana-e-3o-estado-que-mais-gerou-trabalho-de-janeiro-a-setembro\/#primaryimage"},"image":{"@id":"https:\/\/jornalboasnoticias.com.br\/home\/com-152-mil-empregos-parana-e-3o-estado-que-mais-gerou-trabalho-de-janeiro-a-setembro\/#primaryimage"},"thumbnailUrl":"https:\/\/jornalboasnoticias.com.br\/home\/wp-content\/uploads\/2024\/10\/image00003_20-scaled.jpg","datePublished":"2024-10-30T23:43:55+00:00","description":"Com 152 mil empregos, Paran\u00e1 \u00e9 3\u00ba estado que mais gerou trabalho de janeiro a setembro","breadcrumb":{"@id":"https:\/\/jornalboasnoticias.com.br\/home\/com-152-mil-empregos-parana-e-3o-estado-que-mais-gerou-trabalho-de-janeiro-a-setembro\/#breadcrumb"},"inLanguage":"pt-BR","potentialAction":[{"@type":"ReadAction","target":["https:\/\/jornalboasnoticias.com.br\/home\/com-152-mil-empregos-parana-e-3o-estado-que-mais-gerou-trabalho-de-janeiro-a-setembro\/"]}]},{"@type":"ImageObject","inLanguage":"pt-BR","@id":"https:\/\/jornalboasnoticias.com.br\/home\/com-152-mil-empregos-parana-e-3o-estado-que-mais-gerou-trabalho-de-janeiro-a-setembro\/#primaryimage","url":"https:\/\/jornalboasnoticias.com.br\/home\/wp-content\/uploads\/2024\/10\/image00003_20-scaled.jpg","contentUrl":"https:\/\/jornalboasnoticias.com.br\/home\/wp-content\/uploads\/2024\/10\/image00003_20-scaled.jpg","width":2560,"height":1707,"caption":"Foto: Jos\u00e9 Fernando Ogura\/Arquivo AEN"},{"@type":"BreadcrumbList","@id":"https:\/\/jornalboasnoticias.com.br\/home\/com-152-mil-empregos-parana-e-3o-estado-que-mais-gerou-trabalho-de-janeiro-a-setembro\/#breadcrumb","itemListElement":[{"@type":"ListItem","position":1,"name":"In\u00edcio","item":"https:\/\/jornalboasnoticias.com.br\/home\/"},{"@type":"ListItem","position":2,"name":"Com 152 mil empregos, Paran\u00e1 \u00e9 3\u00ba estado que mais gerou trabalho de janeiro a setembro"}]},{"@type":"WebSite","@id":"https:\/\/jornalboasnoticias.com.br\/home\/#website","url":"https:\/\/jornalboasnoticias.com.br\/home\/","name":"Jornal Boas Not\u00edcias","description":"Boas not\u00edcias","publisher":{"@id":"https:\/\/jornalboasnoticias.com.br\/home\/#organization"},"potentialAction":[{"@type":"SearchAction","target":{"@type":"EntryPoint","urlTemplate":"https:\/\/jornalboasnoticias.com.br\/home\/?s={search_term_string}"},"query-input":{"@type":"PropertyValueSpecification","valueRequired":true,"valueName":"search_term_string"}}],"inLanguage":"pt-BR"},{"@type":"Organization","@id":"https:\/\/jornalboasnoticias.com.br\/home\/#organization","name":"Coq Editora Ltda","alternateName":"Jornal Boas Noticias","url":"https:\/\/jornalboasnoticias.com.br\/home\/","logo":{"@type":"ImageObject","inLanguage":"pt-BR","@id":"https:\/\/jornalboasnoticias.com.br\/home\/#\/schema\/logo\/image\/","url":"https:\/\/jornalboasnoticias.com.br\/home\/wp-content\/uploads\/2024\/07\/cropped-logo.jpg","contentUrl":"https:\/\/jornalboasnoticias.com.br\/home\/wp-content\/uploads\/2024\/07\/cropped-logo.jpg","width":290,"height":142,"caption":"Coq Editora Ltda"},"image":{"@id":"https:\/\/jornalboasnoticias.com.br\/home\/#\/schema\/logo\/image\/"},"sameAs":["https:\/\/www.facebook.com\/boasnoticiasjornal"]},{"@type":"Person","@id":"https:\/\/jornalboasnoticias.com.br\/home\/#\/schema\/person\/d641193e0afc6405b390164dac847971","name":"Ana Luiza Bonatto","image":{"@type":"ImageObject","inLanguage":"pt-BR","@id":"https:\/\/secure.gravatar.com\/avatar\/8a055ebe6373371f67ac6fcf313c0ac0b0a91157fdcdb9514fa62927373348f0?s=96&d=mm&r=g","url":"https:\/\/secure.gravatar.com\/avatar\/8a055ebe6373371f67ac6fcf313c0ac0b0a91157fdcdb9514fa62927373348f0?s=96&d=mm&r=g","contentUrl":"https:\/\/secure.gravatar.com\/avatar\/8a055ebe6373371f67ac6fcf313c0ac0b0a91157fdcdb9514fa62927373348f0?s=96&d=mm&r=g","caption":"Ana Luiza Bonatto"},"url":"https:\/\/jornalboasnoticias.com.br\/home\/author\/ana-luiza\/"}]}},"_links":{"self":[{"href":"https:\/\/jornalboasnoticias.com.br\/home\/wp-json\/wp\/v2\/posts\/44910","targetHints":{"allow":["GET"]}}],"collection":[{"href":"https:\/\/jornalboasnoticias.com.br\/home\/wp-json\/wp\/v2\/posts"}],"about":[{"href":"https:\/\/jornalboasnoticias.com.br\/home\/wp-json\/wp\/v2\/types\/post"}],"author":[{"embeddable":true,"href":"https:\/\/jornalboasnoticias.com.br\/home\/wp-json\/wp\/v2\/users\/4"}],"replies":[{"embeddable":true,"href":"https:\/\/jornalboasnoticias.com.br\/home\/wp-json\/wp\/v2\/comments?post=44910"}],"version-history":[{"count":1,"href":"https:\/\/jornalboasnoticias.com.br\/home\/wp-json\/wp\/v2\/posts\/44910\/revisions"}],"predecessor-version":[{"id":44912,"href":"https:\/\/jornalboasnoticias.com.br\/home\/wp-json\/wp\/v2\/posts\/44910\/revisions\/44912"}],"wp:featuredmedia":[{"embeddable":true,"href":"https:\/\/jornalboasnoticias.com.br\/home\/wp-json\/wp\/v2\/media\/44911"}],"wp:attachment":[{"href":"https:\/\/jornalboasnoticias.com.br\/home\/wp-json\/wp\/v2\/media?parent=44910"}],"wp:term":[{"taxonomy":"category","embeddable":true,"href":"https:\/\/jornalboasnoticias.com.br\/home\/wp-json\/wp\/v2\/categories?post=44910"},{"taxonomy":"post_tag","embeddable":true,"href":"https:\/\/jornalboasnoticias.com.br\/home\/wp-json\/wp\/v2\/tags?post=44910"}],"curies":[{"name":"wp","href":"https:\/\/api.w.org\/{rel}","templated":true}]}}