{"id":44904,"date":"2024-10-30T23:40:46","date_gmt":"2024-10-30T23:40:46","guid":{"rendered":"https:\/\/jornalboasnoticias.com.br\/home\/?p=44904"},"modified":"2024-10-30T23:40:46","modified_gmt":"2024-10-30T23:40:46","slug":"governador-defende-resolucao-imediata-para-por-fim-a-invasao-de-terras-federais","status":"publish","type":"post","link":"https:\/\/jornalboasnoticias.com.br\/home\/governador-defende-resolucao-imediata-para-por-fim-a-invasao-de-terras-federais\/","title":{"rendered":"Governador defende resolu\u00e7\u00e3o imediata para por fim \u00e0 invas\u00e3o de terras federais"},"content":{"rendered":"<div class=\"not-escopo-destaque\">\n<div>\n<figure id=\"attachment_44905\" aria-describedby=\"caption-attachment-44905\" style=\"width: 2560px\" class=\"wp-caption alignnone\"><img loading=\"lazy\" decoding=\"async\" class=\"size-full wp-image-44905\" src=\"https:\/\/jornalboasnoticias.com.br\/home\/wp-content\/uploads\/2024\/10\/cidade_guaira-1-scaled.jpg\" alt=\"\" width=\"2560\" height=\"1707\" srcset=\"https:\/\/jornalboasnoticias.com.br\/home\/wp-content\/uploads\/2024\/10\/cidade_guaira-1-scaled.jpg 2560w, https:\/\/jornalboasnoticias.com.br\/home\/wp-content\/uploads\/2024\/10\/cidade_guaira-1-300x200.jpg 300w, https:\/\/jornalboasnoticias.com.br\/home\/wp-content\/uploads\/2024\/10\/cidade_guaira-1-1024x683.jpg 1024w, https:\/\/jornalboasnoticias.com.br\/home\/wp-content\/uploads\/2024\/10\/cidade_guaira-1-768x512.jpg 768w, https:\/\/jornalboasnoticias.com.br\/home\/wp-content\/uploads\/2024\/10\/cidade_guaira-1-1536x1024.jpg 1536w, https:\/\/jornalboasnoticias.com.br\/home\/wp-content\/uploads\/2024\/10\/cidade_guaira-1-2048x1365.jpg 2048w, https:\/\/jornalboasnoticias.com.br\/home\/wp-content\/uploads\/2024\/10\/cidade_guaira-1-900x600.jpg 900w\" sizes=\"auto, (max-width: 2560px) 100vw, 2560px\" \/><figcaption id=\"caption-attachment-44905\" class=\"wp-caption-text\">Foto: Jos\u00e9 Fernando Ogura\/Arquivo AEN<\/figcaption><\/figure>\n<\/div>\n<\/div>\n<blockquote>\n<div class=\"not-escopo-destaque\">\n<div class=\"field field--name-field-escopo-destaque field--type-string-long field--label-hidden field--item\">Ratinho Junior se reuniu nesta quarta-feira (30), em Bras\u00edlia, com o ministro do STF Gilmar Mendes, e refor\u00e7ou a necessidade de resolu\u00e7\u00e3o imediata das invas\u00f5es de terras no Oeste do Paran\u00e1, principalmente em Gua\u00edra e Terra Roxa. A ideia \u00e9 evitar uma escalada da viol\u00eancia e dar uma solu\u00e7\u00e3o definitiva que garanta a seguran\u00e7a dos agricultores, ind\u00edgenas e moradores da regi\u00e3o.<\/div>\n<\/div>\n<\/blockquote>\n<div>\n<p>O governador Carlos Massa Ratinho Junior se reuniu nesta quarta-feira (30), em Bras\u00edlia, com o ministro do Supremo Tribunal Federal (STF) Gilmar Mendes, e refor\u00e7ou a necessidade de resolu\u00e7\u00e3o imediata das invas\u00f5es de terras no Oeste do Paran\u00e1, principalmente em Gua\u00edra e Terra Roxa. A ideia \u00e9 evitar uma escalada da viol\u00eancia e dar uma solu\u00e7\u00e3o definitiva que garanta a seguran\u00e7a dos agricultores, ind\u00edgenas e moradores da regi\u00e3o.<\/p>\n<p>Durante a reuni\u00e3o, que foi acompanhada pelo presidente da Frente Parlamentar da Agropecu\u00e1ria (FPA), deputado federal Pedro Lupion, e o procurador-geral do Estado, Luciano Borges, Ratinho Junior refor\u00e7ou o pedido da an\u00e1lise do STF de uma a\u00e7\u00e3o movida pelos partidos PP, PL e Republicanos que pede a autoriza\u00e7\u00e3o para que as pol\u00edcias Militar e Civil estaduais possam auxiliar no plano de a\u00e7\u00e3o para eventuais reintegra\u00e7\u00f5es de posse de propriedades privadas. Por se tratar de invas\u00e3o promovida por ind\u00edgenas, a administra\u00e7\u00e3o estadual n\u00e3o tem poder, nas atuais condi\u00e7\u00f5es, para estabelecer sozinha uma media\u00e7\u00e3o, que deve ser assumida pela Uni\u00e3o e o Poder Judici\u00e1rio.<\/p>\n<p>Outra proposta feita pelo governador do Paran\u00e1 \u00e9 para que Gilmar Mendes analise a possibilidade de cess\u00e3o de uma \u00e1rea de aproximadamente 40 mil hectares em Ilha Grande, pr\u00f3xima \u00e0 Gua\u00edra, e que poderia ser utilizada para o reassentamento dos ind\u00edgenas.<\/p>\n<p>Desde janeiro, os casos de viol\u00eancia envolvendo o conflito s\u00e3o relatados na regi\u00e3o. Em julho, uma propriedade rural da localidade S\u00e3o Domingos, em Gua\u00edra, foi invadida por cerca de 20 ind\u00edgenas. Naquela ocasi\u00e3o, os invasores agrediram o filho do propriet\u00e1rio, que precisou ser hospitalizado, o que motivou o Sindicato Rural de Gua\u00edra a se manifestar com medo de que novas ocorr\u00eancias pudessem acabar em fatalidades.<\/p>\n<p>No fim de agosto, ind\u00edgenas ficaram feridos em um conflito e, em setembro, um oficial da For\u00e7a Nacional foi agredido por ind\u00edgenas e teve o seu fuzil roubado em no munic\u00edpio vizinho de Terra Roxa. Desde ent\u00e3o, os \u00f3rg\u00e3os p\u00fablicos t\u00eam recebido outras den\u00fancias sobre tentativas de invas\u00e3o e outros epis\u00f3dios de viol\u00eancia.<\/p>\n<p>Para garantir a seguran\u00e7a da popula\u00e7\u00e3o, Ratinho Junior determinou que a Secretaria de Estado da Seguran\u00e7a P\u00fablica (Sesp) refor\u00e7asse o policiamento na regi\u00e3o com equipes especializadas do Batalh\u00e3o de Pol\u00edcia de Choque, Batalh\u00e3o de Pol\u00edcia Militar da Fronteira e patrulhamento a\u00e9reo. \u201cOs policiais militares est\u00e3o dando apoio ao trabalho realizado pela Pol\u00edcia Federal e a For\u00e7a Nacional\u201d, garantiu o governador.<\/p>\n<p>Paralelamente, o Governo do Paran\u00e1 tamb\u00e9m tem cobrado o Minist\u00e9rio da Justi\u00e7a e Seguran\u00e7a P\u00fablica, o Minist\u00e9rio do Desenvolvimento Agr\u00e1rio e Agricultura Familiar e a Funda\u00e7\u00e3o Nacional dos povos Ind\u00edgenas (Funai) para uma resolu\u00e7\u00e3o que contemple o bem-estar de todos.<\/p>\n<p>Apesar das cobran\u00e7as do Governo do Estado, a situa\u00e7\u00e3o se arrasta h\u00e1 alguns meses, o que causa inseguran\u00e7a a todos os envolvidos, inclusive dos pr\u00f3prios ind\u00edgenas.<\/p>\n<p>O ministro Gilmar Mendes \u00e9 relator de cinco a\u00e7\u00f5es que discutem a lei aprovada pelo Congresso em outubro de 2023 sobre o chamado Marco Temporal, tese considerada inconstitucional pela Corte. Pela legisla\u00e7\u00e3o aprovada pelos deputados federais, s\u00f3 poderiam haver demarca\u00e7\u00f5es das terras que eram habitadas pelos povos ind\u00edgenas em 5 de outubro de 1988, data da promulga\u00e7\u00e3o da Constitui\u00e7\u00e3o Federal.<\/p>\n<p>\u201cEssa situa\u00e7\u00e3o da demarca\u00e7\u00e3o j\u00e1 est\u00e1 judicializada e em an\u00e1lise no STF, mas n\u00e3o podemos perder tempo ou fechar os olhos para o que est\u00e1 acontecendo, sob o risco de assistir a uma trag\u00e9dia\u201d, defendeu Ratinho Junior.<\/p>\n<p><em><strong>AEN<\/strong><\/em><\/p>\n<\/div>\n","protected":false},"excerpt":{"rendered":"<p>Ratinho Junior se reuniu nesta quarta-feira (30), em Bras\u00edlia, com o ministro do STF Gilmar<\/p>\n","protected":false},"author":4,"featured_media":44905,"comment_status":"open","ping_status":"open","sticky":false,"template":"","format":"standard","meta":{"footnotes":""},"categories":[3,4],"tags":[],"class_list":["post-44904","post","type-post","status-publish","format-standard","has-post-thumbnail","hentry","category-destaques","category-parana"],"yoast_head":"<!-- This site is optimized with the Yoast SEO plugin v27.5 - https:\/\/yoast.com\/product\/yoast-seo-wordpress\/ -->\n<title>Governador defende resolu\u00e7\u00e3o imediata para por fim \u00e0 invas\u00e3o de terras federais - Jornal<\/title>\n<meta name=\"description\" content=\"Governador defende resolu\u00e7\u00e3o imediata para por fim \u00e0 invas\u00e3o de terras federais\" \/>\n<meta name=\"robots\" content=\"index, follow, max-snippet:-1, max-image-preview:large, max-video-preview:-1\" \/>\n<link rel=\"canonical\" href=\"https:\/\/jornalboasnoticias.com.br\/home\/governador-defende-resolucao-imediata-para-por-fim-a-invasao-de-terras-federais\/\" \/>\n<meta property=\"og:locale\" content=\"pt_BR\" \/>\n<meta property=\"og:type\" content=\"article\" \/>\n<meta property=\"og:title\" content=\"Governador defende resolu\u00e7\u00e3o imediata para por fim \u00e0 invas\u00e3o de terras federais - Jornal\" \/>\n<meta property=\"og:description\" content=\"Governador defende resolu\u00e7\u00e3o imediata para por fim \u00e0 invas\u00e3o de terras federais\" \/>\n<meta property=\"og:url\" content=\"https:\/\/jornalboasnoticias.com.br\/home\/governador-defende-resolucao-imediata-para-por-fim-a-invasao-de-terras-federais\/\" \/>\n<meta property=\"og:site_name\" content=\"Jornal\" \/>\n<meta property=\"article:publisher\" content=\"https:\/\/www.facebook.com\/boasnoticiasjornal\" \/>\n<meta property=\"article:published_time\" content=\"2024-10-30T23:40:46+00:00\" \/>\n<meta property=\"og:image\" content=\"https:\/\/jornalboasnoticias.com.br\/home\/wp-content\/uploads\/2024\/10\/cidade_guaira-1-scaled.jpg\" \/>\n\t<meta property=\"og:image:width\" content=\"2560\" \/>\n\t<meta property=\"og:image:height\" content=\"1707\" \/>\n\t<meta property=\"og:image:type\" content=\"image\/jpeg\" \/>\n<meta name=\"author\" content=\"Ana Luiza Bonatto\" \/>\n<meta name=\"twitter:card\" content=\"summary_large_image\" \/>\n<meta name=\"twitter:label1\" content=\"Escrito por\" \/>\n\t<meta name=\"twitter:data1\" content=\"Ana Luiza Bonatto\" \/>\n\t<meta name=\"twitter:label2\" content=\"Est. tempo de leitura\" \/>\n\t<meta name=\"twitter:data2\" content=\"4 minutos\" \/>\n<script type=\"application\/ld+json\" class=\"yoast-schema-graph\">{\"@context\":\"https:\\\/\\\/schema.org\",\"@graph\":[{\"@type\":\"Article\",\"@id\":\"https:\\\/\\\/jornalboasnoticias.com.br\\\/home\\\/governador-defende-resolucao-imediata-para-por-fim-a-invasao-de-terras-federais\\\/#article\",\"isPartOf\":{\"@id\":\"https:\\\/\\\/jornalboasnoticias.com.br\\\/home\\\/governador-defende-resolucao-imediata-para-por-fim-a-invasao-de-terras-federais\\\/\"},\"author\":{\"name\":\"Ana Luiza Bonatto\",\"@id\":\"https:\\\/\\\/jornalboasnoticias.com.br\\\/home\\\/#\\\/schema\\\/person\\\/d641193e0afc6405b390164dac847971\"},\"headline\":\"Governador defende resolu\u00e7\u00e3o imediata para por fim \u00e0 invas\u00e3o de terras federais\",\"datePublished\":\"2024-10-30T23:40:46+00:00\",\"mainEntityOfPage\":{\"@id\":\"https:\\\/\\\/jornalboasnoticias.com.br\\\/home\\\/governador-defende-resolucao-imediata-para-por-fim-a-invasao-de-terras-federais\\\/\"},\"wordCount\":731,\"commentCount\":0,\"publisher\":{\"@id\":\"https:\\\/\\\/jornalboasnoticias.com.br\\\/home\\\/#organization\"},\"image\":{\"@id\":\"https:\\\/\\\/jornalboasnoticias.com.br\\\/home\\\/governador-defende-resolucao-imediata-para-por-fim-a-invasao-de-terras-federais\\\/#primaryimage\"},\"thumbnailUrl\":\"https:\\\/\\\/jornalboasnoticias.com.br\\\/home\\\/wp-content\\\/uploads\\\/2024\\\/10\\\/cidade_guaira-1-scaled.jpg\",\"articleSection\":[\"DESTAQUE\",\"PARAN\u00c1\"],\"inLanguage\":\"pt-BR\",\"potentialAction\":[{\"@type\":\"CommentAction\",\"name\":\"Comment\",\"target\":[\"https:\\\/\\\/jornalboasnoticias.com.br\\\/home\\\/governador-defende-resolucao-imediata-para-por-fim-a-invasao-de-terras-federais\\\/#respond\"]}]},{\"@type\":\"WebPage\",\"@id\":\"https:\\\/\\\/jornalboasnoticias.com.br\\\/home\\\/governador-defende-resolucao-imediata-para-por-fim-a-invasao-de-terras-federais\\\/\",\"url\":\"https:\\\/\\\/jornalboasnoticias.com.br\\\/home\\\/governador-defende-resolucao-imediata-para-por-fim-a-invasao-de-terras-federais\\\/\",\"name\":\"Governador defende resolu\u00e7\u00e3o imediata para por fim \u00e0 invas\u00e3o de terras federais - Jornal\",\"isPartOf\":{\"@id\":\"https:\\\/\\\/jornalboasnoticias.com.br\\\/home\\\/#website\"},\"primaryImageOfPage\":{\"@id\":\"https:\\\/\\\/jornalboasnoticias.com.br\\\/home\\\/governador-defende-resolucao-imediata-para-por-fim-a-invasao-de-terras-federais\\\/#primaryimage\"},\"image\":{\"@id\":\"https:\\\/\\\/jornalboasnoticias.com.br\\\/home\\\/governador-defende-resolucao-imediata-para-por-fim-a-invasao-de-terras-federais\\\/#primaryimage\"},\"thumbnailUrl\":\"https:\\\/\\\/jornalboasnoticias.com.br\\\/home\\\/wp-content\\\/uploads\\\/2024\\\/10\\\/cidade_guaira-1-scaled.jpg\",\"datePublished\":\"2024-10-30T23:40:46+00:00\",\"description\":\"Governador defende resolu\u00e7\u00e3o imediata para por fim \u00e0 invas\u00e3o de terras federais\",\"breadcrumb\":{\"@id\":\"https:\\\/\\\/jornalboasnoticias.com.br\\\/home\\\/governador-defende-resolucao-imediata-para-por-fim-a-invasao-de-terras-federais\\\/#breadcrumb\"},\"inLanguage\":\"pt-BR\",\"potentialAction\":[{\"@type\":\"ReadAction\",\"target\":[\"https:\\\/\\\/jornalboasnoticias.com.br\\\/home\\\/governador-defende-resolucao-imediata-para-por-fim-a-invasao-de-terras-federais\\\/\"]}]},{\"@type\":\"ImageObject\",\"inLanguage\":\"pt-BR\",\"@id\":\"https:\\\/\\\/jornalboasnoticias.com.br\\\/home\\\/governador-defende-resolucao-imediata-para-por-fim-a-invasao-de-terras-federais\\\/#primaryimage\",\"url\":\"https:\\\/\\\/jornalboasnoticias.com.br\\\/home\\\/wp-content\\\/uploads\\\/2024\\\/10\\\/cidade_guaira-1-scaled.jpg\",\"contentUrl\":\"https:\\\/\\\/jornalboasnoticias.com.br\\\/home\\\/wp-content\\\/uploads\\\/2024\\\/10\\\/cidade_guaira-1-scaled.jpg\",\"width\":2560,\"height\":1707,\"caption\":\"Foto: Jos\u00e9 Fernando Ogura\\\/Arquivo AEN\"},{\"@type\":\"BreadcrumbList\",\"@id\":\"https:\\\/\\\/jornalboasnoticias.com.br\\\/home\\\/governador-defende-resolucao-imediata-para-por-fim-a-invasao-de-terras-federais\\\/#breadcrumb\",\"itemListElement\":[{\"@type\":\"ListItem\",\"position\":1,\"name\":\"In\u00edcio\",\"item\":\"https:\\\/\\\/jornalboasnoticias.com.br\\\/home\\\/\"},{\"@type\":\"ListItem\",\"position\":2,\"name\":\"Governador defende resolu\u00e7\u00e3o imediata para por fim \u00e0 invas\u00e3o de terras federais\"}]},{\"@type\":\"WebSite\",\"@id\":\"https:\\\/\\\/jornalboasnoticias.com.br\\\/home\\\/#website\",\"url\":\"https:\\\/\\\/jornalboasnoticias.com.br\\\/home\\\/\",\"name\":\"Jornal Boas Not\u00edcias\",\"description\":\"Boas not\u00edcias\",\"publisher\":{\"@id\":\"https:\\\/\\\/jornalboasnoticias.com.br\\\/home\\\/#organization\"},\"potentialAction\":[{\"@type\":\"SearchAction\",\"target\":{\"@type\":\"EntryPoint\",\"urlTemplate\":\"https:\\\/\\\/jornalboasnoticias.com.br\\\/home\\\/?s={search_term_string}\"},\"query-input\":{\"@type\":\"PropertyValueSpecification\",\"valueRequired\":true,\"valueName\":\"search_term_string\"}}],\"inLanguage\":\"pt-BR\"},{\"@type\":\"Organization\",\"@id\":\"https:\\\/\\\/jornalboasnoticias.com.br\\\/home\\\/#organization\",\"name\":\"Coq Editora Ltda\",\"alternateName\":\"Jornal Boas Noticias\",\"url\":\"https:\\\/\\\/jornalboasnoticias.com.br\\\/home\\\/\",\"logo\":{\"@type\":\"ImageObject\",\"inLanguage\":\"pt-BR\",\"@id\":\"https:\\\/\\\/jornalboasnoticias.com.br\\\/home\\\/#\\\/schema\\\/logo\\\/image\\\/\",\"url\":\"https:\\\/\\\/jornalboasnoticias.com.br\\\/home\\\/wp-content\\\/uploads\\\/2024\\\/07\\\/cropped-logo.jpg\",\"contentUrl\":\"https:\\\/\\\/jornalboasnoticias.com.br\\\/home\\\/wp-content\\\/uploads\\\/2024\\\/07\\\/cropped-logo.jpg\",\"width\":290,\"height\":142,\"caption\":\"Coq Editora Ltda\"},\"image\":{\"@id\":\"https:\\\/\\\/jornalboasnoticias.com.br\\\/home\\\/#\\\/schema\\\/logo\\\/image\\\/\"},\"sameAs\":[\"https:\\\/\\\/www.facebook.com\\\/boasnoticiasjornal\"]},{\"@type\":\"Person\",\"@id\":\"https:\\\/\\\/jornalboasnoticias.com.br\\\/home\\\/#\\\/schema\\\/person\\\/d641193e0afc6405b390164dac847971\",\"name\":\"Ana Luiza Bonatto\",\"image\":{\"@type\":\"ImageObject\",\"inLanguage\":\"pt-BR\",\"@id\":\"https:\\\/\\\/secure.gravatar.com\\\/avatar\\\/8a055ebe6373371f67ac6fcf313c0ac0b0a91157fdcdb9514fa62927373348f0?s=96&d=mm&r=g\",\"url\":\"https:\\\/\\\/secure.gravatar.com\\\/avatar\\\/8a055ebe6373371f67ac6fcf313c0ac0b0a91157fdcdb9514fa62927373348f0?s=96&d=mm&r=g\",\"contentUrl\":\"https:\\\/\\\/secure.gravatar.com\\\/avatar\\\/8a055ebe6373371f67ac6fcf313c0ac0b0a91157fdcdb9514fa62927373348f0?s=96&d=mm&r=g\",\"caption\":\"Ana Luiza Bonatto\"},\"url\":\"https:\\\/\\\/jornalboasnoticias.com.br\\\/home\\\/author\\\/ana-luiza\\\/\"}]}<\/script>\n<!-- \/ Yoast SEO plugin. -->","yoast_head_json":{"title":"Governador defende resolu\u00e7\u00e3o imediata para por fim \u00e0 invas\u00e3o de terras federais - Jornal","description":"Governador defende resolu\u00e7\u00e3o imediata para por fim \u00e0 invas\u00e3o de terras federais","robots":{"index":"index","follow":"follow","max-snippet":"max-snippet:-1","max-image-preview":"max-image-preview:large","max-video-preview":"max-video-preview:-1"},"canonical":"https:\/\/jornalboasnoticias.com.br\/home\/governador-defende-resolucao-imediata-para-por-fim-a-invasao-de-terras-federais\/","og_locale":"pt_BR","og_type":"article","og_title":"Governador defende resolu\u00e7\u00e3o imediata para por fim \u00e0 invas\u00e3o de terras federais - Jornal","og_description":"Governador defende resolu\u00e7\u00e3o imediata para por fim \u00e0 invas\u00e3o de terras federais","og_url":"https:\/\/jornalboasnoticias.com.br\/home\/governador-defende-resolucao-imediata-para-por-fim-a-invasao-de-terras-federais\/","og_site_name":"Jornal","article_publisher":"https:\/\/www.facebook.com\/boasnoticiasjornal","article_published_time":"2024-10-30T23:40:46+00:00","og_image":[{"width":2560,"height":1707,"url":"https:\/\/jornalboasnoticias.com.br\/home\/wp-content\/uploads\/2024\/10\/cidade_guaira-1-scaled.jpg","type":"image\/jpeg"}],"author":"Ana Luiza Bonatto","twitter_card":"summary_large_image","twitter_misc":{"Escrito por":"Ana Luiza Bonatto","Est. tempo de leitura":"4 minutos"},"schema":{"@context":"https:\/\/schema.org","@graph":[{"@type":"Article","@id":"https:\/\/jornalboasnoticias.com.br\/home\/governador-defende-resolucao-imediata-para-por-fim-a-invasao-de-terras-federais\/#article","isPartOf":{"@id":"https:\/\/jornalboasnoticias.com.br\/home\/governador-defende-resolucao-imediata-para-por-fim-a-invasao-de-terras-federais\/"},"author":{"name":"Ana Luiza Bonatto","@id":"https:\/\/jornalboasnoticias.com.br\/home\/#\/schema\/person\/d641193e0afc6405b390164dac847971"},"headline":"Governador defende resolu\u00e7\u00e3o imediata para por fim \u00e0 invas\u00e3o de terras federais","datePublished":"2024-10-30T23:40:46+00:00","mainEntityOfPage":{"@id":"https:\/\/jornalboasnoticias.com.br\/home\/governador-defende-resolucao-imediata-para-por-fim-a-invasao-de-terras-federais\/"},"wordCount":731,"commentCount":0,"publisher":{"@id":"https:\/\/jornalboasnoticias.com.br\/home\/#organization"},"image":{"@id":"https:\/\/jornalboasnoticias.com.br\/home\/governador-defende-resolucao-imediata-para-por-fim-a-invasao-de-terras-federais\/#primaryimage"},"thumbnailUrl":"https:\/\/jornalboasnoticias.com.br\/home\/wp-content\/uploads\/2024\/10\/cidade_guaira-1-scaled.jpg","articleSection":["DESTAQUE","PARAN\u00c1"],"inLanguage":"pt-BR","potentialAction":[{"@type":"CommentAction","name":"Comment","target":["https:\/\/jornalboasnoticias.com.br\/home\/governador-defende-resolucao-imediata-para-por-fim-a-invasao-de-terras-federais\/#respond"]}]},{"@type":"WebPage","@id":"https:\/\/jornalboasnoticias.com.br\/home\/governador-defende-resolucao-imediata-para-por-fim-a-invasao-de-terras-federais\/","url":"https:\/\/jornalboasnoticias.com.br\/home\/governador-defende-resolucao-imediata-para-por-fim-a-invasao-de-terras-federais\/","name":"Governador defende resolu\u00e7\u00e3o imediata para por fim \u00e0 invas\u00e3o de terras federais - Jornal","isPartOf":{"@id":"https:\/\/jornalboasnoticias.com.br\/home\/#website"},"primaryImageOfPage":{"@id":"https:\/\/jornalboasnoticias.com.br\/home\/governador-defende-resolucao-imediata-para-por-fim-a-invasao-de-terras-federais\/#primaryimage"},"image":{"@id":"https:\/\/jornalboasnoticias.com.br\/home\/governador-defende-resolucao-imediata-para-por-fim-a-invasao-de-terras-federais\/#primaryimage"},"thumbnailUrl":"https:\/\/jornalboasnoticias.com.br\/home\/wp-content\/uploads\/2024\/10\/cidade_guaira-1-scaled.jpg","datePublished":"2024-10-30T23:40:46+00:00","description":"Governador defende resolu\u00e7\u00e3o imediata para por fim \u00e0 invas\u00e3o de terras federais","breadcrumb":{"@id":"https:\/\/jornalboasnoticias.com.br\/home\/governador-defende-resolucao-imediata-para-por-fim-a-invasao-de-terras-federais\/#breadcrumb"},"inLanguage":"pt-BR","potentialAction":[{"@type":"ReadAction","target":["https:\/\/jornalboasnoticias.com.br\/home\/governador-defende-resolucao-imediata-para-por-fim-a-invasao-de-terras-federais\/"]}]},{"@type":"ImageObject","inLanguage":"pt-BR","@id":"https:\/\/jornalboasnoticias.com.br\/home\/governador-defende-resolucao-imediata-para-por-fim-a-invasao-de-terras-federais\/#primaryimage","url":"https:\/\/jornalboasnoticias.com.br\/home\/wp-content\/uploads\/2024\/10\/cidade_guaira-1-scaled.jpg","contentUrl":"https:\/\/jornalboasnoticias.com.br\/home\/wp-content\/uploads\/2024\/10\/cidade_guaira-1-scaled.jpg","width":2560,"height":1707,"caption":"Foto: Jos\u00e9 Fernando Ogura\/Arquivo AEN"},{"@type":"BreadcrumbList","@id":"https:\/\/jornalboasnoticias.com.br\/home\/governador-defende-resolucao-imediata-para-por-fim-a-invasao-de-terras-federais\/#breadcrumb","itemListElement":[{"@type":"ListItem","position":1,"name":"In\u00edcio","item":"https:\/\/jornalboasnoticias.com.br\/home\/"},{"@type":"ListItem","position":2,"name":"Governador defende resolu\u00e7\u00e3o imediata para por fim \u00e0 invas\u00e3o de terras federais"}]},{"@type":"WebSite","@id":"https:\/\/jornalboasnoticias.com.br\/home\/#website","url":"https:\/\/jornalboasnoticias.com.br\/home\/","name":"Jornal Boas Not\u00edcias","description":"Boas not\u00edcias","publisher":{"@id":"https:\/\/jornalboasnoticias.com.br\/home\/#organization"},"potentialAction":[{"@type":"SearchAction","target":{"@type":"EntryPoint","urlTemplate":"https:\/\/jornalboasnoticias.com.br\/home\/?s={search_term_string}"},"query-input":{"@type":"PropertyValueSpecification","valueRequired":true,"valueName":"search_term_string"}}],"inLanguage":"pt-BR"},{"@type":"Organization","@id":"https:\/\/jornalboasnoticias.com.br\/home\/#organization","name":"Coq Editora Ltda","alternateName":"Jornal Boas Noticias","url":"https:\/\/jornalboasnoticias.com.br\/home\/","logo":{"@type":"ImageObject","inLanguage":"pt-BR","@id":"https:\/\/jornalboasnoticias.com.br\/home\/#\/schema\/logo\/image\/","url":"https:\/\/jornalboasnoticias.com.br\/home\/wp-content\/uploads\/2024\/07\/cropped-logo.jpg","contentUrl":"https:\/\/jornalboasnoticias.com.br\/home\/wp-content\/uploads\/2024\/07\/cropped-logo.jpg","width":290,"height":142,"caption":"Coq Editora Ltda"},"image":{"@id":"https:\/\/jornalboasnoticias.com.br\/home\/#\/schema\/logo\/image\/"},"sameAs":["https:\/\/www.facebook.com\/boasnoticiasjornal"]},{"@type":"Person","@id":"https:\/\/jornalboasnoticias.com.br\/home\/#\/schema\/person\/d641193e0afc6405b390164dac847971","name":"Ana Luiza Bonatto","image":{"@type":"ImageObject","inLanguage":"pt-BR","@id":"https:\/\/secure.gravatar.com\/avatar\/8a055ebe6373371f67ac6fcf313c0ac0b0a91157fdcdb9514fa62927373348f0?s=96&d=mm&r=g","url":"https:\/\/secure.gravatar.com\/avatar\/8a055ebe6373371f67ac6fcf313c0ac0b0a91157fdcdb9514fa62927373348f0?s=96&d=mm&r=g","contentUrl":"https:\/\/secure.gravatar.com\/avatar\/8a055ebe6373371f67ac6fcf313c0ac0b0a91157fdcdb9514fa62927373348f0?s=96&d=mm&r=g","caption":"Ana Luiza Bonatto"},"url":"https:\/\/jornalboasnoticias.com.br\/home\/author\/ana-luiza\/"}]}},"_links":{"self":[{"href":"https:\/\/jornalboasnoticias.com.br\/home\/wp-json\/wp\/v2\/posts\/44904","targetHints":{"allow":["GET"]}}],"collection":[{"href":"https:\/\/jornalboasnoticias.com.br\/home\/wp-json\/wp\/v2\/posts"}],"about":[{"href":"https:\/\/jornalboasnoticias.com.br\/home\/wp-json\/wp\/v2\/types\/post"}],"author":[{"embeddable":true,"href":"https:\/\/jornalboasnoticias.com.br\/home\/wp-json\/wp\/v2\/users\/4"}],"replies":[{"embeddable":true,"href":"https:\/\/jornalboasnoticias.com.br\/home\/wp-json\/wp\/v2\/comments?post=44904"}],"version-history":[{"count":1,"href":"https:\/\/jornalboasnoticias.com.br\/home\/wp-json\/wp\/v2\/posts\/44904\/revisions"}],"predecessor-version":[{"id":44906,"href":"https:\/\/jornalboasnoticias.com.br\/home\/wp-json\/wp\/v2\/posts\/44904\/revisions\/44906"}],"wp:featuredmedia":[{"embeddable":true,"href":"https:\/\/jornalboasnoticias.com.br\/home\/wp-json\/wp\/v2\/media\/44905"}],"wp:attachment":[{"href":"https:\/\/jornalboasnoticias.com.br\/home\/wp-json\/wp\/v2\/media?parent=44904"}],"wp:term":[{"taxonomy":"category","embeddable":true,"href":"https:\/\/jornalboasnoticias.com.br\/home\/wp-json\/wp\/v2\/categories?post=44904"},{"taxonomy":"post_tag","embeddable":true,"href":"https:\/\/jornalboasnoticias.com.br\/home\/wp-json\/wp\/v2\/tags?post=44904"}],"curies":[{"name":"wp","href":"https:\/\/api.w.org\/{rel}","templated":true}]}}