{"id":44901,"date":"2024-10-30T23:38:01","date_gmt":"2024-10-30T23:38:01","guid":{"rendered":"https:\/\/jornalboasnoticias.com.br\/home\/?p=44901"},"modified":"2024-10-30T23:38:01","modified_gmt":"2024-10-30T23:38:01","slug":"candidatos-se-preparam-para-prova-de-redacao-do-enem-no-domingo","status":"publish","type":"post","link":"https:\/\/jornalboasnoticias.com.br\/home\/candidatos-se-preparam-para-prova-de-redacao-do-enem-no-domingo\/","title":{"rendered":"Candidatos se preparam para prova de reda\u00e7\u00e3o do Enem no domingo"},"content":{"rendered":"<div class=\"header-noticia full-width\">\n<div>\n<figure id=\"attachment_44902\" aria-describedby=\"caption-attachment-44902\" style=\"width: 1170px\" class=\"wp-caption alignnone\"><img loading=\"lazy\" decoding=\"async\" class=\"size-full wp-image-44902\" src=\"https:\/\/jornalboasnoticias.com.br\/home\/wp-content\/uploads\/2024\/10\/0d9a2987.webp\" alt=\"\" width=\"1170\" height=\"700\" srcset=\"https:\/\/jornalboasnoticias.com.br\/home\/wp-content\/uploads\/2024\/10\/0d9a2987.webp 1170w, https:\/\/jornalboasnoticias.com.br\/home\/wp-content\/uploads\/2024\/10\/0d9a2987-300x179.webp 300w, https:\/\/jornalboasnoticias.com.br\/home\/wp-content\/uploads\/2024\/10\/0d9a2987-1024x613.webp 1024w, https:\/\/jornalboasnoticias.com.br\/home\/wp-content\/uploads\/2024\/10\/0d9a2987-768x459.webp 768w\" sizes=\"auto, (max-width: 1170px) 100vw, 1170px\" \/><figcaption id=\"caption-attachment-44902\" class=\"wp-caption-text\">\u00a9 Jos\u00e9 Cruz\/Ag\u00eancia Brasil<\/figcaption><\/figure>\n<\/div>\n<\/div>\n<blockquote>\n<div class=\"header-noticia full-width\">\n<div class=\"linha-fina-noticia\">Primeiro dia de provas ter\u00e1 5 horas e 30 minutos de dura\u00e7\u00e3o<\/div>\n<\/div>\n<\/blockquote>\n<div class=\"container-autoria\">\n<p>Em salas de aula; bibliotecas, Brasil afora; em cursinhos preparat\u00f3rios para o Exame Nacional do Ensino M\u00e9dio, nas redes sociais e em conversas de parte dos 4,3 milh\u00f5es de inscritos confirmados no Enem 2024, os assuntos mais comentados nesta semana que antecede a prova giram em torno da reda\u00e7\u00e3o do exame.<img decoding=\"async\" src=\"https:\/\/agenciabrasil.ebc.com.br\/ebc.png?id=1617495&amp;o=node\" \/><img decoding=\"async\" src=\"https:\/\/agenciabrasil.ebc.com.br\/ebc.gif?id=1617495&amp;o=node\" \/><\/p>\n<p>Dicas para reda\u00e7\u00e3o nota mil, o bol\u00e3o de apostas sobre qual ser\u00e1 o tema proposto para a edi\u00e7\u00e3o de 2024, como aumentar vocabul\u00e1rio e ter um repert\u00f3rio coringa para preencher entre as sete e 30 linhas exigidas, o que evitar para n\u00e3o ser eliminado com a nota zero, leituras recomendadas para se manter bem informado. Essas s\u00e3o algumas das quest\u00f5es que povoam as cabe\u00e7as dos candidatos, nesta reta final de prepara\u00e7\u00e3o.<\/p>\n<p>A prova discursiva ser\u00e1 aplicada no primeiro dia do Enem, neste domingo, 3 de novembro, juntamente com 45 quest\u00f5es objetivas de linguagens e mais 45 de ci\u00eancias humanas. A dura\u00e7\u00e3o das provas da primeira etapa ser\u00e1 de 5 horas e 30 minutos.<\/p>\n<p>A\u00a0<strong>Ag\u00eancia Brasil<\/strong>\u00a0conversou com candidatos que relatam como est\u00e3o se preparando para o grande teste e fazem seus palpites para o tema escolhido neste ano.<\/p>\n<h2>Estudantes<\/h2>\n<p>Para a maior parte dos candidatos, o que est\u00e1 em jogo \u00e9 a trajet\u00f3ria educacional e profissional a partir do ingresso em um curso superior com a nota tirada no Enem. Em comum, o objetivo de sair bem na reda\u00e7\u00e3o do Enem 2024.<\/p>\n<p>A aluna do pr\u00e9-vestibular do \u00danico Educacional, em Bras\u00edlia, Larissa Tardin, de 18 anos, sabe que precisar\u00e1 de uma boa reda\u00e7\u00e3o para conquistar a vaga no curso de medicina. \u201cMinha prepara\u00e7\u00e3o para a prova de reda\u00e7\u00e3o do Enem inclui assistir \u00e0s aulas no cursinho e escrever semanalmente uma reda\u00e7\u00e3o. A maior aposta dela para o tema da reda\u00e7\u00e3o \u00e9 a viol\u00eancia infantil.<\/p>\n<p>Em outra unidade da mesma rede de ensino, em Taguatinga, a 25 km do centro de Bras\u00edlia, o estudante Cleiton Gabriel, concentrou os estudos na estrutura de uma disserta\u00e7\u00e3o, desde a introdu\u00e7\u00e3o \u00e0 conclus\u00e3o, sem esquecer a import\u00e2ncia dos argumentos e as frases de efeito para abrir cada par\u00e1grafo. Sobre o tema da reda\u00e7\u00e3o, o pitaco de Cleiton \u00e9 para um da atualidade, no leque de assuntos relacionados \u00e0 educa\u00e7\u00e3o, \u00e0 sa\u00fade ou \u00e0 tecnologia. \u201cMeu palpite para reda\u00e7\u00e3o esse ano \u00e9 o envelhecimento populacional, visto que, n\u00f3s estamos passando por uma transi\u00e7\u00e3o demogr\u00e1fica, com o alargamento do topo da pir\u00e2mide et\u00e1ria.\u201d<\/p>\n<p>O aluno do terceiro ano do col\u00e9gio Galois, Rafael Ottoni, de 17 anos, quer estudar em Portugal com a nota obtida no Enem. E igualmente, afirma ter se preparado durante todo o ano para este momento de provas objetivas e para a reda\u00e7\u00e3o. \u201cAo me propor v\u00e1rios temas de reda\u00e7\u00f5es para treinar, eu tento criar um repert\u00f3rio e levantar, pelo menos, dois argumentos. Fora o treinamento ao longo do ano fazendo v\u00e1rias reda\u00e7\u00f5es, tanto na escola como \u00e0 parte, em casa.\u201d E a intui\u00e7\u00e3o do Rafael Ottoni para o tema que aparecer\u00e1 no topo do caderno de prova de reda\u00e7\u00e3o aponta para tecnologias e a intelig\u00eancia artificial (I.A).<\/p>\n<p>Ao lado de Rafael Ottoni, senta-se Maria Eduarda Hormazabal Santos, de 18 anos. Ela acredita\u00a0que o tema da reda\u00e7\u00e3o estar\u00e1 relacionado ao Transtorno do Espectro Autista (TEA) e defici\u00eancias diversas. Maria Eduarda conta sua estrat\u00e9gia para encarar este desafio.<\/p>\n<p>\u201cEstou lendo as propostas antigas que eu escrevi ao longo do ano, porque a professora passou por quase todos os eixos, al\u00e9m de estudar os eixos tem\u00e1ticos gen\u00e9ricos para ter, pelo menos, uma ou duas cita\u00e7\u00f5es ou repert\u00f3rios para, quando chegar na hora da prova, j\u00e1 ter algo em mente.&#8221;<\/p>\n<h2>O que \u00e9 avaliado<\/h2>\n<p>Palpites \u00e0 parte sobre o tema proposto para a prova, certo mesmo \u00e9 que, anualmente, a reda\u00e7\u00e3o do Enem possui como caracter\u00edstica uma discuss\u00e3o sobre assunto de interesse p\u00fablico e de cunho social, cient\u00edfico, cultural ou pol\u00edtico.<\/p>\n<p>Conforme explicado pelo Instituto Nacional de Estudos e Pesquisas Educacionais An\u00edsio Teixeira (Inep), aplicador do Enem, no documento Reda\u00e7\u00e3o do Enem 2024 \u2013\u00a0<a href=\"https:\/\/download.inep.gov.br\/publicacoes\/institucionais\/avaliacoes_e_exames_da_educacao_basica\/a_redacao_no_enem_2024_cartilha_do_participante.pdf\" target=\"_blank\" rel=\"noopener\">Cartilha do Participante<\/a><\/p>\n<h2>As compet\u00eancias exigidas no Enem s\u00e3o:<\/h2>\n<ol>\n<li>Dom\u00ednio da escrita formal da l\u00edngua portuguesa (ortografia e gram\u00e1tica);<\/li>\n<li>Compreens\u00e3o do tema proposto e\u00a0da estrutura do texto, que deve ser disserta\u00e7\u00e3o-argumentativa;<\/li>\n<li>Organiza\u00e7\u00e3o das ideias com a apresenta\u00e7\u00e3o do ponto de vista e de argumentos, j\u00e1 no in\u00edcio do texto;<\/li>\n<li>Coer\u00eancia e Coes\u00e3o, onde s\u00e3o\u00a0avaliados o uso adequado de recursos para fazer a conex\u00e3o entre as partes do texto e a estrutura sint\u00e1tica;<\/li>\n<li>Proposta de interven\u00e7\u00e3o para o problema abordado, com\u00a0uma ou duas medidas sociais para resolver o problema,\u00a0respeitando os direitos humanos.<\/li>\n<\/ol>\n<h2>Corre\u00e7\u00e3o e resultado<\/h2>\n<p>O texto redigido ser\u00e1 avaliado em cinco compet\u00eancias, valendo at\u00e9 200 pontos para cada uma delas e que somados alcan\u00e7am mil pontos. O candidato que dominar muito bem todas as compet\u00eancias ter\u00e1 a chance de conquistar a nota m\u00e1xima na reda\u00e7\u00e3o.<\/p>\n<p>\u00c0\u00a0<strong>Ag\u00eancia Brasil<\/strong>, a professora de l\u00edngua portuguesa e coordenadora de reda\u00e7\u00e3o do ensino m\u00e9dio col\u00e9gio Galois, em Bras\u00edlia, Roberta Paim, explicou que a reda\u00e7\u00e3o constitui 20% da nota total, como cada uma das demais \u00e1reas de conhecimento avaliadas no Enem. Mas, na reda\u00e7\u00e3o n\u00e3o se aplica a metodologia usada para corre\u00e7\u00e3o das provas objetivas do Enem: a\u00a0Teoria de Resposta ao Item\u00a0(TRI). \u201cNa reda\u00e7\u00e3o, s\u00e3o at\u00e9 mil pontos capazes de contribuir bastante na nota final, j\u00e1 que n\u00e3o tem essa queda que depende do desempenho do candidato considerando todos os itens marcados. Por isso, a reda\u00e7\u00e3o tem um peso considerado maior.\u201d<\/p>\n<p>O\u00a0edital do Enem 2024\u00a0detalha que texto produzido ser\u00e1 avaliado por, no m\u00ednimo, dois graduados em letras ou lingu\u00edstica. Cada corretor atribui uma nota entre zero e 200 pontos para cada uma das compet\u00eancias, sem que um conhe\u00e7a a nota atribu\u00edda pela outro. A nota final ser\u00e1 a m\u00e9dia aritm\u00e9tica do desempenho em cada uma delas.<\/p>\n<p>Em caso de grande discrep\u00e2ncia de mais de cem (100) pontos entre as notas finais dos dois corretores ou se a diferen\u00e7a de notas em qualquer uma das cinco compet\u00eancias for superior a 80 pontos, a reda\u00e7\u00e3o dever\u00e1 ser corrigida, de forma independente, por um terceiro corretor.<\/p>\n<p>Para a reda\u00e7\u00e3o do Enem n\u00e3o cabe recurso do candidato que n\u00e3o concordar com a nota final, como ocorre em concursos p\u00fablicos.<\/p>\n<p>A professora Roberta Paim explica o processo. \u201cA corre\u00e7\u00e3o \u00e9 um processo bem criterioso que passa por diversos corretores preparados. H\u00e1 um manual a ser seguido, com padroniza\u00e7\u00e3o. Ent\u00e3o, \u00e9 dif\u00edcil a corre\u00e7\u00e3o n\u00e3o ter clareza\u201d, conclui.<\/p>\n<p>O participante poder\u00e1 ter acesso ao espelho de corre\u00e7\u00e3o da reda\u00e7\u00e3o do Enem 2024 ap\u00f3s a divulga\u00e7\u00e3o do resultado final, marcada para 13 de janeiro de 2025, exclusivamente, para fins pedag\u00f3gicos\u00a0para que entenda os crit\u00e9rios da corre\u00e7\u00e3o oficial.<\/p>\n<p>A vers\u00e3o\u00a0digitalizada da reda\u00e7\u00e3o entregue pelo candidato em 3 de novembro, com as devidas corre\u00e7\u00f5es,\u00a0poder\u00e1 ser visualizada na p\u00e1gina do participante do\u00a0digitalizada da reda\u00e7\u00e3o entregue pelo candidato em 3 de novembro, com as devidas corre\u00e7\u00f5es,\u00a0poder\u00e1 ser visualizada na p\u00e1gina do participante do<br \/>\n<a href=\"https:\/\/enem.inep.gov.br\/participante\/#!\/\" target=\"_blank\" rel=\"noopener\">Enem 2024<\/a>, com o n\u00famero do Cadastro de Pessoas F\u00edsicas (CPF) e senha cadastrados no portal de servi\u00e7os digitais do governo federal, o Gov.br.<\/p>\n<p>(Ag\u00eancia Brasil)<\/p>\n<\/div>\n","protected":false},"excerpt":{"rendered":"<p>Primeiro dia de provas ter\u00e1 5 horas e 30 minutos de dura\u00e7\u00e3o Em salas de<\/p>\n","protected":false},"author":4,"featured_media":44902,"comment_status":"open","ping_status":"open","sticky":false,"template":"","format":"standard","meta":{"footnotes":""},"categories":[3,8],"tags":[],"class_list":["post-44901","post","type-post","status-publish","format-standard","has-post-thumbnail","hentry","category-destaques","category-educacao"],"yoast_head":"<!-- This site is optimized with the Yoast SEO plugin v27.5 - https:\/\/yoast.com\/product\/yoast-seo-wordpress\/ -->\n<title>Candidatos se preparam para prova de reda\u00e7\u00e3o do Enem no domingo - Jornal<\/title>\n<meta name=\"description\" content=\"Candidatos se preparam para prova de reda\u00e7\u00e3o do Enem no domingo\" \/>\n<meta name=\"robots\" content=\"index, follow, max-snippet:-1, max-image-preview:large, max-video-preview:-1\" \/>\n<link rel=\"canonical\" href=\"https:\/\/jornalboasnoticias.com.br\/home\/candidatos-se-preparam-para-prova-de-redacao-do-enem-no-domingo\/\" \/>\n<meta property=\"og:locale\" content=\"pt_BR\" \/>\n<meta property=\"og:type\" content=\"article\" \/>\n<meta property=\"og:title\" content=\"Candidatos se preparam para prova de reda\u00e7\u00e3o do Enem no domingo - Jornal\" \/>\n<meta property=\"og:description\" content=\"Candidatos se preparam para prova de reda\u00e7\u00e3o do Enem no domingo\" \/>\n<meta property=\"og:url\" content=\"https:\/\/jornalboasnoticias.com.br\/home\/candidatos-se-preparam-para-prova-de-redacao-do-enem-no-domingo\/\" \/>\n<meta property=\"og:site_name\" content=\"Jornal\" \/>\n<meta property=\"article:publisher\" content=\"https:\/\/www.facebook.com\/boasnoticiasjornal\" \/>\n<meta property=\"article:published_time\" content=\"2024-10-30T23:38:01+00:00\" \/>\n<meta property=\"og:image\" content=\"https:\/\/jornalboasnoticias.com.br\/home\/wp-content\/uploads\/2024\/10\/0d9a2987.webp\" \/>\n\t<meta property=\"og:image:width\" content=\"1170\" \/>\n\t<meta property=\"og:image:height\" content=\"700\" \/>\n\t<meta property=\"og:image:type\" content=\"image\/webp\" \/>\n<meta name=\"author\" content=\"Ana Luiza Bonatto\" \/>\n<meta name=\"twitter:card\" content=\"summary_large_image\" \/>\n<meta name=\"twitter:label1\" content=\"Escrito por\" \/>\n\t<meta name=\"twitter:data1\" content=\"Ana Luiza Bonatto\" \/>\n\t<meta name=\"twitter:label2\" content=\"Est. tempo de leitura\" \/>\n\t<meta name=\"twitter:data2\" content=\"8 minutos\" \/>\n<script type=\"application\/ld+json\" class=\"yoast-schema-graph\">{\"@context\":\"https:\\\/\\\/schema.org\",\"@graph\":[{\"@type\":\"Article\",\"@id\":\"https:\\\/\\\/jornalboasnoticias.com.br\\\/home\\\/candidatos-se-preparam-para-prova-de-redacao-do-enem-no-domingo\\\/#article\",\"isPartOf\":{\"@id\":\"https:\\\/\\\/jornalboasnoticias.com.br\\\/home\\\/candidatos-se-preparam-para-prova-de-redacao-do-enem-no-domingo\\\/\"},\"author\":{\"name\":\"Ana Luiza Bonatto\",\"@id\":\"https:\\\/\\\/jornalboasnoticias.com.br\\\/home\\\/#\\\/schema\\\/person\\\/d641193e0afc6405b390164dac847971\"},\"headline\":\"Candidatos se preparam para prova de reda\u00e7\u00e3o do Enem no domingo\",\"datePublished\":\"2024-10-30T23:38:01+00:00\",\"mainEntityOfPage\":{\"@id\":\"https:\\\/\\\/jornalboasnoticias.com.br\\\/home\\\/candidatos-se-preparam-para-prova-de-redacao-do-enem-no-domingo\\\/\"},\"wordCount\":1315,\"commentCount\":0,\"publisher\":{\"@id\":\"https:\\\/\\\/jornalboasnoticias.com.br\\\/home\\\/#organization\"},\"image\":{\"@id\":\"https:\\\/\\\/jornalboasnoticias.com.br\\\/home\\\/candidatos-se-preparam-para-prova-de-redacao-do-enem-no-domingo\\\/#primaryimage\"},\"thumbnailUrl\":\"https:\\\/\\\/jornalboasnoticias.com.br\\\/home\\\/wp-content\\\/uploads\\\/2024\\\/10\\\/0d9a2987.webp\",\"articleSection\":[\"DESTAQUE\",\"EDUCA\u00c7\u00c3O\"],\"inLanguage\":\"pt-BR\",\"potentialAction\":[{\"@type\":\"CommentAction\",\"name\":\"Comment\",\"target\":[\"https:\\\/\\\/jornalboasnoticias.com.br\\\/home\\\/candidatos-se-preparam-para-prova-de-redacao-do-enem-no-domingo\\\/#respond\"]}]},{\"@type\":\"WebPage\",\"@id\":\"https:\\\/\\\/jornalboasnoticias.com.br\\\/home\\\/candidatos-se-preparam-para-prova-de-redacao-do-enem-no-domingo\\\/\",\"url\":\"https:\\\/\\\/jornalboasnoticias.com.br\\\/home\\\/candidatos-se-preparam-para-prova-de-redacao-do-enem-no-domingo\\\/\",\"name\":\"Candidatos se preparam para prova de reda\u00e7\u00e3o do Enem no domingo - Jornal\",\"isPartOf\":{\"@id\":\"https:\\\/\\\/jornalboasnoticias.com.br\\\/home\\\/#website\"},\"primaryImageOfPage\":{\"@id\":\"https:\\\/\\\/jornalboasnoticias.com.br\\\/home\\\/candidatos-se-preparam-para-prova-de-redacao-do-enem-no-domingo\\\/#primaryimage\"},\"image\":{\"@id\":\"https:\\\/\\\/jornalboasnoticias.com.br\\\/home\\\/candidatos-se-preparam-para-prova-de-redacao-do-enem-no-domingo\\\/#primaryimage\"},\"thumbnailUrl\":\"https:\\\/\\\/jornalboasnoticias.com.br\\\/home\\\/wp-content\\\/uploads\\\/2024\\\/10\\\/0d9a2987.webp\",\"datePublished\":\"2024-10-30T23:38:01+00:00\",\"description\":\"Candidatos se preparam para prova de reda\u00e7\u00e3o do Enem no domingo\",\"breadcrumb\":{\"@id\":\"https:\\\/\\\/jornalboasnoticias.com.br\\\/home\\\/candidatos-se-preparam-para-prova-de-redacao-do-enem-no-domingo\\\/#breadcrumb\"},\"inLanguage\":\"pt-BR\",\"potentialAction\":[{\"@type\":\"ReadAction\",\"target\":[\"https:\\\/\\\/jornalboasnoticias.com.br\\\/home\\\/candidatos-se-preparam-para-prova-de-redacao-do-enem-no-domingo\\\/\"]}]},{\"@type\":\"ImageObject\",\"inLanguage\":\"pt-BR\",\"@id\":\"https:\\\/\\\/jornalboasnoticias.com.br\\\/home\\\/candidatos-se-preparam-para-prova-de-redacao-do-enem-no-domingo\\\/#primaryimage\",\"url\":\"https:\\\/\\\/jornalboasnoticias.com.br\\\/home\\\/wp-content\\\/uploads\\\/2024\\\/10\\\/0d9a2987.webp\",\"contentUrl\":\"https:\\\/\\\/jornalboasnoticias.com.br\\\/home\\\/wp-content\\\/uploads\\\/2024\\\/10\\\/0d9a2987.webp\",\"width\":1170,\"height\":700,\"caption\":\"\u00a9 Jos\u00e9 Cruz\\\/Ag\u00eancia Brasil\"},{\"@type\":\"BreadcrumbList\",\"@id\":\"https:\\\/\\\/jornalboasnoticias.com.br\\\/home\\\/candidatos-se-preparam-para-prova-de-redacao-do-enem-no-domingo\\\/#breadcrumb\",\"itemListElement\":[{\"@type\":\"ListItem\",\"position\":1,\"name\":\"In\u00edcio\",\"item\":\"https:\\\/\\\/jornalboasnoticias.com.br\\\/home\\\/\"},{\"@type\":\"ListItem\",\"position\":2,\"name\":\"Candidatos se preparam para prova de reda\u00e7\u00e3o do Enem no domingo\"}]},{\"@type\":\"WebSite\",\"@id\":\"https:\\\/\\\/jornalboasnoticias.com.br\\\/home\\\/#website\",\"url\":\"https:\\\/\\\/jornalboasnoticias.com.br\\\/home\\\/\",\"name\":\"Jornal Boas Not\u00edcias\",\"description\":\"Boas not\u00edcias\",\"publisher\":{\"@id\":\"https:\\\/\\\/jornalboasnoticias.com.br\\\/home\\\/#organization\"},\"potentialAction\":[{\"@type\":\"SearchAction\",\"target\":{\"@type\":\"EntryPoint\",\"urlTemplate\":\"https:\\\/\\\/jornalboasnoticias.com.br\\\/home\\\/?s={search_term_string}\"},\"query-input\":{\"@type\":\"PropertyValueSpecification\",\"valueRequired\":true,\"valueName\":\"search_term_string\"}}],\"inLanguage\":\"pt-BR\"},{\"@type\":\"Organization\",\"@id\":\"https:\\\/\\\/jornalboasnoticias.com.br\\\/home\\\/#organization\",\"name\":\"Coq Editora Ltda\",\"alternateName\":\"Jornal Boas Noticias\",\"url\":\"https:\\\/\\\/jornalboasnoticias.com.br\\\/home\\\/\",\"logo\":{\"@type\":\"ImageObject\",\"inLanguage\":\"pt-BR\",\"@id\":\"https:\\\/\\\/jornalboasnoticias.com.br\\\/home\\\/#\\\/schema\\\/logo\\\/image\\\/\",\"url\":\"https:\\\/\\\/jornalboasnoticias.com.br\\\/home\\\/wp-content\\\/uploads\\\/2024\\\/07\\\/cropped-logo.jpg\",\"contentUrl\":\"https:\\\/\\\/jornalboasnoticias.com.br\\\/home\\\/wp-content\\\/uploads\\\/2024\\\/07\\\/cropped-logo.jpg\",\"width\":290,\"height\":142,\"caption\":\"Coq Editora Ltda\"},\"image\":{\"@id\":\"https:\\\/\\\/jornalboasnoticias.com.br\\\/home\\\/#\\\/schema\\\/logo\\\/image\\\/\"},\"sameAs\":[\"https:\\\/\\\/www.facebook.com\\\/boasnoticiasjornal\"]},{\"@type\":\"Person\",\"@id\":\"https:\\\/\\\/jornalboasnoticias.com.br\\\/home\\\/#\\\/schema\\\/person\\\/d641193e0afc6405b390164dac847971\",\"name\":\"Ana Luiza Bonatto\",\"image\":{\"@type\":\"ImageObject\",\"inLanguage\":\"pt-BR\",\"@id\":\"https:\\\/\\\/secure.gravatar.com\\\/avatar\\\/8a055ebe6373371f67ac6fcf313c0ac0b0a91157fdcdb9514fa62927373348f0?s=96&d=mm&r=g\",\"url\":\"https:\\\/\\\/secure.gravatar.com\\\/avatar\\\/8a055ebe6373371f67ac6fcf313c0ac0b0a91157fdcdb9514fa62927373348f0?s=96&d=mm&r=g\",\"contentUrl\":\"https:\\\/\\\/secure.gravatar.com\\\/avatar\\\/8a055ebe6373371f67ac6fcf313c0ac0b0a91157fdcdb9514fa62927373348f0?s=96&d=mm&r=g\",\"caption\":\"Ana Luiza Bonatto\"},\"url\":\"https:\\\/\\\/jornalboasnoticias.com.br\\\/home\\\/author\\\/ana-luiza\\\/\"}]}<\/script>\n<!-- \/ Yoast SEO plugin. -->","yoast_head_json":{"title":"Candidatos se preparam para prova de reda\u00e7\u00e3o do Enem no domingo - Jornal","description":"Candidatos se preparam para prova de reda\u00e7\u00e3o do Enem no domingo","robots":{"index":"index","follow":"follow","max-snippet":"max-snippet:-1","max-image-preview":"max-image-preview:large","max-video-preview":"max-video-preview:-1"},"canonical":"https:\/\/jornalboasnoticias.com.br\/home\/candidatos-se-preparam-para-prova-de-redacao-do-enem-no-domingo\/","og_locale":"pt_BR","og_type":"article","og_title":"Candidatos se preparam para prova de reda\u00e7\u00e3o do Enem no domingo - Jornal","og_description":"Candidatos se preparam para prova de reda\u00e7\u00e3o do Enem no domingo","og_url":"https:\/\/jornalboasnoticias.com.br\/home\/candidatos-se-preparam-para-prova-de-redacao-do-enem-no-domingo\/","og_site_name":"Jornal","article_publisher":"https:\/\/www.facebook.com\/boasnoticiasjornal","article_published_time":"2024-10-30T23:38:01+00:00","og_image":[{"width":1170,"height":700,"url":"https:\/\/jornalboasnoticias.com.br\/home\/wp-content\/uploads\/2024\/10\/0d9a2987.webp","type":"image\/webp"}],"author":"Ana Luiza Bonatto","twitter_card":"summary_large_image","twitter_misc":{"Escrito por":"Ana Luiza Bonatto","Est. tempo de leitura":"8 minutos"},"schema":{"@context":"https:\/\/schema.org","@graph":[{"@type":"Article","@id":"https:\/\/jornalboasnoticias.com.br\/home\/candidatos-se-preparam-para-prova-de-redacao-do-enem-no-domingo\/#article","isPartOf":{"@id":"https:\/\/jornalboasnoticias.com.br\/home\/candidatos-se-preparam-para-prova-de-redacao-do-enem-no-domingo\/"},"author":{"name":"Ana Luiza Bonatto","@id":"https:\/\/jornalboasnoticias.com.br\/home\/#\/schema\/person\/d641193e0afc6405b390164dac847971"},"headline":"Candidatos se preparam para prova de reda\u00e7\u00e3o do Enem no domingo","datePublished":"2024-10-30T23:38:01+00:00","mainEntityOfPage":{"@id":"https:\/\/jornalboasnoticias.com.br\/home\/candidatos-se-preparam-para-prova-de-redacao-do-enem-no-domingo\/"},"wordCount":1315,"commentCount":0,"publisher":{"@id":"https:\/\/jornalboasnoticias.com.br\/home\/#organization"},"image":{"@id":"https:\/\/jornalboasnoticias.com.br\/home\/candidatos-se-preparam-para-prova-de-redacao-do-enem-no-domingo\/#primaryimage"},"thumbnailUrl":"https:\/\/jornalboasnoticias.com.br\/home\/wp-content\/uploads\/2024\/10\/0d9a2987.webp","articleSection":["DESTAQUE","EDUCA\u00c7\u00c3O"],"inLanguage":"pt-BR","potentialAction":[{"@type":"CommentAction","name":"Comment","target":["https:\/\/jornalboasnoticias.com.br\/home\/candidatos-se-preparam-para-prova-de-redacao-do-enem-no-domingo\/#respond"]}]},{"@type":"WebPage","@id":"https:\/\/jornalboasnoticias.com.br\/home\/candidatos-se-preparam-para-prova-de-redacao-do-enem-no-domingo\/","url":"https:\/\/jornalboasnoticias.com.br\/home\/candidatos-se-preparam-para-prova-de-redacao-do-enem-no-domingo\/","name":"Candidatos se preparam para prova de reda\u00e7\u00e3o do Enem no domingo - Jornal","isPartOf":{"@id":"https:\/\/jornalboasnoticias.com.br\/home\/#website"},"primaryImageOfPage":{"@id":"https:\/\/jornalboasnoticias.com.br\/home\/candidatos-se-preparam-para-prova-de-redacao-do-enem-no-domingo\/#primaryimage"},"image":{"@id":"https:\/\/jornalboasnoticias.com.br\/home\/candidatos-se-preparam-para-prova-de-redacao-do-enem-no-domingo\/#primaryimage"},"thumbnailUrl":"https:\/\/jornalboasnoticias.com.br\/home\/wp-content\/uploads\/2024\/10\/0d9a2987.webp","datePublished":"2024-10-30T23:38:01+00:00","description":"Candidatos se preparam para prova de reda\u00e7\u00e3o do Enem no domingo","breadcrumb":{"@id":"https:\/\/jornalboasnoticias.com.br\/home\/candidatos-se-preparam-para-prova-de-redacao-do-enem-no-domingo\/#breadcrumb"},"inLanguage":"pt-BR","potentialAction":[{"@type":"ReadAction","target":["https:\/\/jornalboasnoticias.com.br\/home\/candidatos-se-preparam-para-prova-de-redacao-do-enem-no-domingo\/"]}]},{"@type":"ImageObject","inLanguage":"pt-BR","@id":"https:\/\/jornalboasnoticias.com.br\/home\/candidatos-se-preparam-para-prova-de-redacao-do-enem-no-domingo\/#primaryimage","url":"https:\/\/jornalboasnoticias.com.br\/home\/wp-content\/uploads\/2024\/10\/0d9a2987.webp","contentUrl":"https:\/\/jornalboasnoticias.com.br\/home\/wp-content\/uploads\/2024\/10\/0d9a2987.webp","width":1170,"height":700,"caption":"\u00a9 Jos\u00e9 Cruz\/Ag\u00eancia Brasil"},{"@type":"BreadcrumbList","@id":"https:\/\/jornalboasnoticias.com.br\/home\/candidatos-se-preparam-para-prova-de-redacao-do-enem-no-domingo\/#breadcrumb","itemListElement":[{"@type":"ListItem","position":1,"name":"In\u00edcio","item":"https:\/\/jornalboasnoticias.com.br\/home\/"},{"@type":"ListItem","position":2,"name":"Candidatos se preparam para prova de reda\u00e7\u00e3o do Enem no domingo"}]},{"@type":"WebSite","@id":"https:\/\/jornalboasnoticias.com.br\/home\/#website","url":"https:\/\/jornalboasnoticias.com.br\/home\/","name":"Jornal Boas Not\u00edcias","description":"Boas not\u00edcias","publisher":{"@id":"https:\/\/jornalboasnoticias.com.br\/home\/#organization"},"potentialAction":[{"@type":"SearchAction","target":{"@type":"EntryPoint","urlTemplate":"https:\/\/jornalboasnoticias.com.br\/home\/?s={search_term_string}"},"query-input":{"@type":"PropertyValueSpecification","valueRequired":true,"valueName":"search_term_string"}}],"inLanguage":"pt-BR"},{"@type":"Organization","@id":"https:\/\/jornalboasnoticias.com.br\/home\/#organization","name":"Coq Editora Ltda","alternateName":"Jornal Boas Noticias","url":"https:\/\/jornalboasnoticias.com.br\/home\/","logo":{"@type":"ImageObject","inLanguage":"pt-BR","@id":"https:\/\/jornalboasnoticias.com.br\/home\/#\/schema\/logo\/image\/","url":"https:\/\/jornalboasnoticias.com.br\/home\/wp-content\/uploads\/2024\/07\/cropped-logo.jpg","contentUrl":"https:\/\/jornalboasnoticias.com.br\/home\/wp-content\/uploads\/2024\/07\/cropped-logo.jpg","width":290,"height":142,"caption":"Coq Editora Ltda"},"image":{"@id":"https:\/\/jornalboasnoticias.com.br\/home\/#\/schema\/logo\/image\/"},"sameAs":["https:\/\/www.facebook.com\/boasnoticiasjornal"]},{"@type":"Person","@id":"https:\/\/jornalboasnoticias.com.br\/home\/#\/schema\/person\/d641193e0afc6405b390164dac847971","name":"Ana Luiza Bonatto","image":{"@type":"ImageObject","inLanguage":"pt-BR","@id":"https:\/\/secure.gravatar.com\/avatar\/8a055ebe6373371f67ac6fcf313c0ac0b0a91157fdcdb9514fa62927373348f0?s=96&d=mm&r=g","url":"https:\/\/secure.gravatar.com\/avatar\/8a055ebe6373371f67ac6fcf313c0ac0b0a91157fdcdb9514fa62927373348f0?s=96&d=mm&r=g","contentUrl":"https:\/\/secure.gravatar.com\/avatar\/8a055ebe6373371f67ac6fcf313c0ac0b0a91157fdcdb9514fa62927373348f0?s=96&d=mm&r=g","caption":"Ana Luiza Bonatto"},"url":"https:\/\/jornalboasnoticias.com.br\/home\/author\/ana-luiza\/"}]}},"_links":{"self":[{"href":"https:\/\/jornalboasnoticias.com.br\/home\/wp-json\/wp\/v2\/posts\/44901","targetHints":{"allow":["GET"]}}],"collection":[{"href":"https:\/\/jornalboasnoticias.com.br\/home\/wp-json\/wp\/v2\/posts"}],"about":[{"href":"https:\/\/jornalboasnoticias.com.br\/home\/wp-json\/wp\/v2\/types\/post"}],"author":[{"embeddable":true,"href":"https:\/\/jornalboasnoticias.com.br\/home\/wp-json\/wp\/v2\/users\/4"}],"replies":[{"embeddable":true,"href":"https:\/\/jornalboasnoticias.com.br\/home\/wp-json\/wp\/v2\/comments?post=44901"}],"version-history":[{"count":1,"href":"https:\/\/jornalboasnoticias.com.br\/home\/wp-json\/wp\/v2\/posts\/44901\/revisions"}],"predecessor-version":[{"id":44903,"href":"https:\/\/jornalboasnoticias.com.br\/home\/wp-json\/wp\/v2\/posts\/44901\/revisions\/44903"}],"wp:featuredmedia":[{"embeddable":true,"href":"https:\/\/jornalboasnoticias.com.br\/home\/wp-json\/wp\/v2\/media\/44902"}],"wp:attachment":[{"href":"https:\/\/jornalboasnoticias.com.br\/home\/wp-json\/wp\/v2\/media?parent=44901"}],"wp:term":[{"taxonomy":"category","embeddable":true,"href":"https:\/\/jornalboasnoticias.com.br\/home\/wp-json\/wp\/v2\/categories?post=44901"},{"taxonomy":"post_tag","embeddable":true,"href":"https:\/\/jornalboasnoticias.com.br\/home\/wp-json\/wp\/v2\/tags?post=44901"}],"curies":[{"name":"wp","href":"https:\/\/api.w.org\/{rel}","templated":true}]}}