{"id":44895,"date":"2024-10-30T23:34:48","date_gmt":"2024-10-30T23:34:48","guid":{"rendered":"https:\/\/jornalboasnoticias.com.br\/home\/?p=44895"},"modified":"2024-10-30T23:34:48","modified_gmt":"2024-10-30T23:34:48","slug":"brasil-tera-pe-de-meia-para-licenciaturas-diz-ministro-da-educacao","status":"publish","type":"post","link":"https:\/\/jornalboasnoticias.com.br\/home\/brasil-tera-pe-de-meia-para-licenciaturas-diz-ministro-da-educacao\/","title":{"rendered":"Brasil ter\u00e1 P\u00e9-de-Meia para licenciaturas, diz ministro da Educa\u00e7\u00e3o"},"content":{"rendered":"<div class=\"header-noticia full-width\">\n<div>\n<figure id=\"attachment_44896\" aria-describedby=\"caption-attachment-44896\" style=\"width: 1170px\" class=\"wp-caption alignnone\"><img loading=\"lazy\" decoding=\"async\" class=\"size-full wp-image-44896\" src=\"https:\/\/jornalboasnoticias.com.br\/home\/wp-content\/uploads\/2024\/10\/raf09061.webp\" alt=\"\" width=\"1170\" height=\"700\" srcset=\"https:\/\/jornalboasnoticias.com.br\/home\/wp-content\/uploads\/2024\/10\/raf09061.webp 1170w, https:\/\/jornalboasnoticias.com.br\/home\/wp-content\/uploads\/2024\/10\/raf09061-300x179.webp 300w, https:\/\/jornalboasnoticias.com.br\/home\/wp-content\/uploads\/2024\/10\/raf09061-1024x613.webp 1024w, https:\/\/jornalboasnoticias.com.br\/home\/wp-content\/uploads\/2024\/10\/raf09061-768x459.webp 768w\" sizes=\"auto, (max-width: 1170px) 100vw, 1170px\" \/><figcaption id=\"caption-attachment-44896\" class=\"wp-caption-text\">\u00a9 Rafa Neddermeyer\/Ag\u00eancia Brasil<\/figcaption><\/figure>\n<\/div>\n<\/div>\n<blockquote>\n<div class=\"header-noticia full-width\">\n<div class=\"linha-fina-noticia\">Camilo Santana participa hoje de reuni\u00e3o no G20, em Fortaleza<\/div>\n<\/div>\n<\/blockquote>\n<div class=\"container-autoria\">\n<p>O governo federal dever\u00e1 apresentar, em novembro, um conjunto de a\u00e7\u00f5es para valorizar os professores brasileiros da educa\u00e7\u00e3o b\u00e1sica, de acordo com o ministro da Educa\u00e7\u00e3o, Camilo Santana. Entre as medidas est\u00e1 o Programa P\u00e9-de-Meia\u00a0para as licenciaturas, ou seja, bolsas para apoiar estudantes que ingressem na universidade para seguir a carreira docente.<img decoding=\"async\" src=\"https:\/\/agenciabrasil.ebc.com.br\/ebc.png?id=1617582&amp;o=node\" \/><img decoding=\"async\" src=\"https:\/\/agenciabrasil.ebc.com.br\/ebc.gif?id=1617582&amp;o=node\" \/><\/p>\n<p>De acordo com Santana, as a\u00e7\u00f5es seriam anunciadas em outubro, aproveitando o Dia do Professor, no dia 15 de outubro, mas precisou ser remanejado por \u201cproblemas do ponto de vista or\u00e7ament\u00e1rio\u201d, afirmou o ministro. Outro an\u00fancio a ser feito ser\u00e1 um concurso unificado para professores no Brasil, uma esp\u00e9cie de Exame Nacional do Ensino M\u00e9dio (Enem)\u00a0para a contrata\u00e7\u00e3o de professores para as escolas.<\/p>\n<p>O programa ser\u00e1 por ades\u00e3o das redes, tanto municipais como estaduais. \u201cEstou adiantando aqui como \u00e9 que vai ser, em primeira m\u00e3o. Mas um dos pontos\u00a0que\u00a0acho importante\u00a0\u00e9 a sociedade compreender a import\u00e2ncia do reconhecimento e da valoriza\u00e7\u00e3o dos professores no nosso pa\u00eds. Isso \u00e9 uma discuss\u00e3o no mundo inteiro.\u201d<\/p>\n<p>Sobre o\u00a0P\u00e9-de-Meia\u00a0para os professores, o ministro antecipou que se trata de um incentivo para jovens que queiram seguir a carreira docente.\u00a0\u201cDentro dessas a\u00e7\u00f5es vai ter\u00a0um incentivo, que vai ser at\u00e9 o P\u00e9-de-Meia da licenciatura, que \u00e9 para estimular\u00a0jovens que est\u00e3o fazendo Enem j\u00e1 possam ingressar na universidade com uma bolsa de apoio.\u201d<\/p>\n<p>A ideia das a\u00e7\u00f5es \u00e9 valorizar os professores e incentivar que jovens busquem a carreira docente. Estudos t\u00eam mostrado que menos pessoas t\u00eam se interessado pela profiss\u00e3o, que corre o\u00a0risco de \u201capag\u00e3o\u201d em alguns anos.<\/p>\n<h2>Investimentos<\/h2>\n<p>Apesar do contexto de discuss\u00f5es de\u00a0cortes or\u00e7ament\u00e1rios\u00a0no \u00e2mbito federal, Santana acredita que a educa\u00e7\u00e3o n\u00e3o deve ser impactada.<\/p>\n<p>\u201cNenhuma pol\u00edtica que tem sido prioridade por parte do minist\u00e9rio tem sido inviabilizada por qualquer medidas econ\u00f4mica do governo. E, repito, a escola de tempo integral, n\u00f3s j\u00e1 abrimos mais 1\u00a0milh\u00e3o de novas matr\u00edculas para o pr\u00f3ximo ano, estamos ampliando os recursos para o programa P\u00e9-de-Meia, a constru\u00e7\u00e3o dos institutos federais, novas universidades, amplia\u00e7\u00e3o. Enfim, todos esses programas, eles n\u00e3o sofreram\u00a0nem sofrer\u00e3o nenhum tipo de preju\u00edzo\u201d, disse.<\/p>\n<p>De acordo com o ministro, as a\u00e7\u00f5es de valoriza\u00e7\u00e3o dos professores do magist\u00e9rio dever\u00e3o ser implementadas em 2025.<\/p>\n<p>\u201cEu acho que a educa\u00e7\u00e3o n\u00e3o podia ter teto. A educa\u00e7\u00e3o n\u00e3o podia ter essa limita\u00e7\u00e3o, at\u00e9 porque a gente vai continuar sempre sendo um pa\u00eds que quer ser desenvolvido por conta dessa restri\u00e7\u00e3o or\u00e7ament\u00e1ria da educa\u00e7\u00e3o. Nenhum pa\u00eds do mundo, voc\u00ea pode olhar a hist\u00f3ria, olha a China, olha a Coreia, olha Singapura, olha a Finl\u00e2ndia, cresceu, se desenvolveu sem investir na educa\u00e7\u00e3o\u201d, afirmou.<\/p>\n<h2>G20<\/h2>\n<p>O ministro\u00a0Camilo Santana participa nesta quarta-feira (30) da\u00a0reuni\u00e3o dos ministros de Educa\u00e7\u00e3o do G20, em Fortaleza. O encontro \u00e9 a etapa que antecede a C\u00fapula de L\u00edderes do G20, que encerra a agenda do grupo e na qual ser\u00e1 definido o documento final do encontro, ocorre nos dias 18 e 19 de novembro de 2024, no Rio de Janeiro.<\/p>\n<p>A valoriza\u00e7\u00e3o dos professores e a prioriza\u00e7\u00e3o da educa\u00e7\u00e3o nos pa\u00edses s\u00e3o temas de discuss\u00e3o.<\/p>\n<p>\u201cH\u00e1 uma converg\u00eancia entre todos n\u00f3s do G20 da necessidade de priorizar a educa\u00e7\u00e3o, de garantir maior financiamento, at\u00e9 porque o G20 \u00e9 um espa\u00e7o para discutir a economia dos pa\u00edses do G20, e ainda n\u00e3o \u00e9 suficiente. Os\u00a0recursos que est\u00e3o sendo disponibilizados na grande maioria dos pa\u00edses do mundo para garantir a universaliza\u00e7\u00e3o, a inclus\u00e3o, a equidade da educa\u00e7\u00e3o nos pa\u00edses globais. Ent\u00e3o, para n\u00f3s, \u00e9 um espa\u00e7o importante para, repito, repartir experi\u00eancias, discutir esses temas, mas, fundamentalmente\u00a0colocar a converg\u00eancia desses pa\u00edses para a necessidade de se priorizar a educa\u00e7\u00e3o no nosso planeta\u201d, disse Santana.<\/p>\n<p>O grupo dos 20\u00a0\u00e9 o principal f\u00f3rum de coopera\u00e7\u00e3o econ\u00f4mica internacional.\u00a0\u00c9 composto por Argentina, Austr\u00e1lia, Brasil, Canad\u00e1, China, Fran\u00e7a, Alemanha, \u00cdndia, Indon\u00e9sia, It\u00e1lia, Jap\u00e3o, Rep\u00fablica da Coreia, M\u00e9xico, R\u00fassia, Ar\u00e1bia Saudita, \u00c1frica do Sul, Turquia, Reino Unido e Estados Unidos, al\u00e9m da Uni\u00e3o Europeia.<\/p>\n<p>(Ag\u00eancia Brasil)<\/p>\n<\/div>\n","protected":false},"excerpt":{"rendered":"<p>Camilo Santana participa hoje de reuni\u00e3o no G20, em Fortaleza O governo federal dever\u00e1 apresentar,<\/p>\n","protected":false},"author":4,"featured_media":44896,"comment_status":"open","ping_status":"open","sticky":false,"template":"","format":"standard","meta":{"footnotes":""},"categories":[3,8],"tags":[],"class_list":["post-44895","post","type-post","status-publish","format-standard","has-post-thumbnail","hentry","category-destaques","category-educacao"],"yoast_head":"<!-- This site is optimized with the Yoast SEO plugin v27.5 - https:\/\/yoast.com\/product\/yoast-seo-wordpress\/ -->\n<title>Brasil ter\u00e1 P\u00e9-de-Meia para licenciaturas, diz ministro da Educa\u00e7\u00e3o - Jornal<\/title>\n<meta name=\"description\" content=\"Brasil ter\u00e1 P\u00e9-de-Meia para licenciaturas, diz ministro da Educa\u00e7\u00e3o\" \/>\n<meta name=\"robots\" content=\"index, follow, max-snippet:-1, max-image-preview:large, max-video-preview:-1\" \/>\n<link rel=\"canonical\" href=\"https:\/\/jornalboasnoticias.com.br\/home\/brasil-tera-pe-de-meia-para-licenciaturas-diz-ministro-da-educacao\/\" \/>\n<meta property=\"og:locale\" content=\"pt_BR\" \/>\n<meta property=\"og:type\" content=\"article\" \/>\n<meta property=\"og:title\" content=\"Brasil ter\u00e1 P\u00e9-de-Meia para licenciaturas, diz ministro da Educa\u00e7\u00e3o - Jornal\" \/>\n<meta property=\"og:description\" content=\"Brasil ter\u00e1 P\u00e9-de-Meia para licenciaturas, diz ministro da Educa\u00e7\u00e3o\" \/>\n<meta property=\"og:url\" content=\"https:\/\/jornalboasnoticias.com.br\/home\/brasil-tera-pe-de-meia-para-licenciaturas-diz-ministro-da-educacao\/\" \/>\n<meta property=\"og:site_name\" content=\"Jornal\" \/>\n<meta property=\"article:publisher\" content=\"https:\/\/www.facebook.com\/boasnoticiasjornal\" \/>\n<meta property=\"article:published_time\" content=\"2024-10-30T23:34:48+00:00\" \/>\n<meta property=\"og:image\" content=\"https:\/\/jornalboasnoticias.com.br\/home\/wp-content\/uploads\/2024\/10\/raf09061.webp\" \/>\n\t<meta property=\"og:image:width\" content=\"1170\" \/>\n\t<meta property=\"og:image:height\" content=\"700\" \/>\n\t<meta property=\"og:image:type\" content=\"image\/webp\" \/>\n<meta name=\"author\" content=\"Ana Luiza Bonatto\" \/>\n<meta name=\"twitter:card\" content=\"summary_large_image\" \/>\n<meta name=\"twitter:label1\" content=\"Escrito por\" \/>\n\t<meta name=\"twitter:data1\" content=\"Ana Luiza Bonatto\" \/>\n\t<meta name=\"twitter:label2\" content=\"Est. tempo de leitura\" \/>\n\t<meta name=\"twitter:data2\" content=\"5 minutos\" \/>\n<script type=\"application\/ld+json\" class=\"yoast-schema-graph\">{\"@context\":\"https:\\\/\\\/schema.org\",\"@graph\":[{\"@type\":\"Article\",\"@id\":\"https:\\\/\\\/jornalboasnoticias.com.br\\\/home\\\/brasil-tera-pe-de-meia-para-licenciaturas-diz-ministro-da-educacao\\\/#article\",\"isPartOf\":{\"@id\":\"https:\\\/\\\/jornalboasnoticias.com.br\\\/home\\\/brasil-tera-pe-de-meia-para-licenciaturas-diz-ministro-da-educacao\\\/\"},\"author\":{\"name\":\"Ana Luiza Bonatto\",\"@id\":\"https:\\\/\\\/jornalboasnoticias.com.br\\\/home\\\/#\\\/schema\\\/person\\\/d641193e0afc6405b390164dac847971\"},\"headline\":\"Brasil ter\u00e1 P\u00e9-de-Meia para licenciaturas, diz ministro da Educa\u00e7\u00e3o\",\"datePublished\":\"2024-10-30T23:34:48+00:00\",\"mainEntityOfPage\":{\"@id\":\"https:\\\/\\\/jornalboasnoticias.com.br\\\/home\\\/brasil-tera-pe-de-meia-para-licenciaturas-diz-ministro-da-educacao\\\/\"},\"wordCount\":780,\"commentCount\":0,\"publisher\":{\"@id\":\"https:\\\/\\\/jornalboasnoticias.com.br\\\/home\\\/#organization\"},\"image\":{\"@id\":\"https:\\\/\\\/jornalboasnoticias.com.br\\\/home\\\/brasil-tera-pe-de-meia-para-licenciaturas-diz-ministro-da-educacao\\\/#primaryimage\"},\"thumbnailUrl\":\"https:\\\/\\\/jornalboasnoticias.com.br\\\/home\\\/wp-content\\\/uploads\\\/2024\\\/10\\\/raf09061.webp\",\"articleSection\":[\"DESTAQUE\",\"EDUCA\u00c7\u00c3O\"],\"inLanguage\":\"pt-BR\",\"potentialAction\":[{\"@type\":\"CommentAction\",\"name\":\"Comment\",\"target\":[\"https:\\\/\\\/jornalboasnoticias.com.br\\\/home\\\/brasil-tera-pe-de-meia-para-licenciaturas-diz-ministro-da-educacao\\\/#respond\"]}]},{\"@type\":\"WebPage\",\"@id\":\"https:\\\/\\\/jornalboasnoticias.com.br\\\/home\\\/brasil-tera-pe-de-meia-para-licenciaturas-diz-ministro-da-educacao\\\/\",\"url\":\"https:\\\/\\\/jornalboasnoticias.com.br\\\/home\\\/brasil-tera-pe-de-meia-para-licenciaturas-diz-ministro-da-educacao\\\/\",\"name\":\"Brasil ter\u00e1 P\u00e9-de-Meia para licenciaturas, diz ministro da Educa\u00e7\u00e3o - Jornal\",\"isPartOf\":{\"@id\":\"https:\\\/\\\/jornalboasnoticias.com.br\\\/home\\\/#website\"},\"primaryImageOfPage\":{\"@id\":\"https:\\\/\\\/jornalboasnoticias.com.br\\\/home\\\/brasil-tera-pe-de-meia-para-licenciaturas-diz-ministro-da-educacao\\\/#primaryimage\"},\"image\":{\"@id\":\"https:\\\/\\\/jornalboasnoticias.com.br\\\/home\\\/brasil-tera-pe-de-meia-para-licenciaturas-diz-ministro-da-educacao\\\/#primaryimage\"},\"thumbnailUrl\":\"https:\\\/\\\/jornalboasnoticias.com.br\\\/home\\\/wp-content\\\/uploads\\\/2024\\\/10\\\/raf09061.webp\",\"datePublished\":\"2024-10-30T23:34:48+00:00\",\"description\":\"Brasil ter\u00e1 P\u00e9-de-Meia para licenciaturas, diz ministro da Educa\u00e7\u00e3o\",\"breadcrumb\":{\"@id\":\"https:\\\/\\\/jornalboasnoticias.com.br\\\/home\\\/brasil-tera-pe-de-meia-para-licenciaturas-diz-ministro-da-educacao\\\/#breadcrumb\"},\"inLanguage\":\"pt-BR\",\"potentialAction\":[{\"@type\":\"ReadAction\",\"target\":[\"https:\\\/\\\/jornalboasnoticias.com.br\\\/home\\\/brasil-tera-pe-de-meia-para-licenciaturas-diz-ministro-da-educacao\\\/\"]}]},{\"@type\":\"ImageObject\",\"inLanguage\":\"pt-BR\",\"@id\":\"https:\\\/\\\/jornalboasnoticias.com.br\\\/home\\\/brasil-tera-pe-de-meia-para-licenciaturas-diz-ministro-da-educacao\\\/#primaryimage\",\"url\":\"https:\\\/\\\/jornalboasnoticias.com.br\\\/home\\\/wp-content\\\/uploads\\\/2024\\\/10\\\/raf09061.webp\",\"contentUrl\":\"https:\\\/\\\/jornalboasnoticias.com.br\\\/home\\\/wp-content\\\/uploads\\\/2024\\\/10\\\/raf09061.webp\",\"width\":1170,\"height\":700,\"caption\":\"\u00a9 Rafa Neddermeyer\\\/Ag\u00eancia Brasil\"},{\"@type\":\"BreadcrumbList\",\"@id\":\"https:\\\/\\\/jornalboasnoticias.com.br\\\/home\\\/brasil-tera-pe-de-meia-para-licenciaturas-diz-ministro-da-educacao\\\/#breadcrumb\",\"itemListElement\":[{\"@type\":\"ListItem\",\"position\":1,\"name\":\"In\u00edcio\",\"item\":\"https:\\\/\\\/jornalboasnoticias.com.br\\\/home\\\/\"},{\"@type\":\"ListItem\",\"position\":2,\"name\":\"Brasil ter\u00e1 P\u00e9-de-Meia para licenciaturas, diz ministro da Educa\u00e7\u00e3o\"}]},{\"@type\":\"WebSite\",\"@id\":\"https:\\\/\\\/jornalboasnoticias.com.br\\\/home\\\/#website\",\"url\":\"https:\\\/\\\/jornalboasnoticias.com.br\\\/home\\\/\",\"name\":\"Jornal Boas Not\u00edcias\",\"description\":\"Boas not\u00edcias\",\"publisher\":{\"@id\":\"https:\\\/\\\/jornalboasnoticias.com.br\\\/home\\\/#organization\"},\"potentialAction\":[{\"@type\":\"SearchAction\",\"target\":{\"@type\":\"EntryPoint\",\"urlTemplate\":\"https:\\\/\\\/jornalboasnoticias.com.br\\\/home\\\/?s={search_term_string}\"},\"query-input\":{\"@type\":\"PropertyValueSpecification\",\"valueRequired\":true,\"valueName\":\"search_term_string\"}}],\"inLanguage\":\"pt-BR\"},{\"@type\":\"Organization\",\"@id\":\"https:\\\/\\\/jornalboasnoticias.com.br\\\/home\\\/#organization\",\"name\":\"Coq Editora Ltda\",\"alternateName\":\"Jornal Boas Noticias\",\"url\":\"https:\\\/\\\/jornalboasnoticias.com.br\\\/home\\\/\",\"logo\":{\"@type\":\"ImageObject\",\"inLanguage\":\"pt-BR\",\"@id\":\"https:\\\/\\\/jornalboasnoticias.com.br\\\/home\\\/#\\\/schema\\\/logo\\\/image\\\/\",\"url\":\"https:\\\/\\\/jornalboasnoticias.com.br\\\/home\\\/wp-content\\\/uploads\\\/2024\\\/07\\\/cropped-logo.jpg\",\"contentUrl\":\"https:\\\/\\\/jornalboasnoticias.com.br\\\/home\\\/wp-content\\\/uploads\\\/2024\\\/07\\\/cropped-logo.jpg\",\"width\":290,\"height\":142,\"caption\":\"Coq Editora Ltda\"},\"image\":{\"@id\":\"https:\\\/\\\/jornalboasnoticias.com.br\\\/home\\\/#\\\/schema\\\/logo\\\/image\\\/\"},\"sameAs\":[\"https:\\\/\\\/www.facebook.com\\\/boasnoticiasjornal\"]},{\"@type\":\"Person\",\"@id\":\"https:\\\/\\\/jornalboasnoticias.com.br\\\/home\\\/#\\\/schema\\\/person\\\/d641193e0afc6405b390164dac847971\",\"name\":\"Ana Luiza Bonatto\",\"image\":{\"@type\":\"ImageObject\",\"inLanguage\":\"pt-BR\",\"@id\":\"https:\\\/\\\/secure.gravatar.com\\\/avatar\\\/8a055ebe6373371f67ac6fcf313c0ac0b0a91157fdcdb9514fa62927373348f0?s=96&d=mm&r=g\",\"url\":\"https:\\\/\\\/secure.gravatar.com\\\/avatar\\\/8a055ebe6373371f67ac6fcf313c0ac0b0a91157fdcdb9514fa62927373348f0?s=96&d=mm&r=g\",\"contentUrl\":\"https:\\\/\\\/secure.gravatar.com\\\/avatar\\\/8a055ebe6373371f67ac6fcf313c0ac0b0a91157fdcdb9514fa62927373348f0?s=96&d=mm&r=g\",\"caption\":\"Ana Luiza Bonatto\"},\"url\":\"https:\\\/\\\/jornalboasnoticias.com.br\\\/home\\\/author\\\/ana-luiza\\\/\"}]}<\/script>\n<!-- \/ Yoast SEO plugin. -->","yoast_head_json":{"title":"Brasil ter\u00e1 P\u00e9-de-Meia para licenciaturas, diz ministro da Educa\u00e7\u00e3o - Jornal","description":"Brasil ter\u00e1 P\u00e9-de-Meia para licenciaturas, diz ministro da Educa\u00e7\u00e3o","robots":{"index":"index","follow":"follow","max-snippet":"max-snippet:-1","max-image-preview":"max-image-preview:large","max-video-preview":"max-video-preview:-1"},"canonical":"https:\/\/jornalboasnoticias.com.br\/home\/brasil-tera-pe-de-meia-para-licenciaturas-diz-ministro-da-educacao\/","og_locale":"pt_BR","og_type":"article","og_title":"Brasil ter\u00e1 P\u00e9-de-Meia para licenciaturas, diz ministro da Educa\u00e7\u00e3o - Jornal","og_description":"Brasil ter\u00e1 P\u00e9-de-Meia para licenciaturas, diz ministro da Educa\u00e7\u00e3o","og_url":"https:\/\/jornalboasnoticias.com.br\/home\/brasil-tera-pe-de-meia-para-licenciaturas-diz-ministro-da-educacao\/","og_site_name":"Jornal","article_publisher":"https:\/\/www.facebook.com\/boasnoticiasjornal","article_published_time":"2024-10-30T23:34:48+00:00","og_image":[{"width":1170,"height":700,"url":"https:\/\/jornalboasnoticias.com.br\/home\/wp-content\/uploads\/2024\/10\/raf09061.webp","type":"image\/webp"}],"author":"Ana Luiza Bonatto","twitter_card":"summary_large_image","twitter_misc":{"Escrito por":"Ana Luiza Bonatto","Est. tempo de leitura":"5 minutos"},"schema":{"@context":"https:\/\/schema.org","@graph":[{"@type":"Article","@id":"https:\/\/jornalboasnoticias.com.br\/home\/brasil-tera-pe-de-meia-para-licenciaturas-diz-ministro-da-educacao\/#article","isPartOf":{"@id":"https:\/\/jornalboasnoticias.com.br\/home\/brasil-tera-pe-de-meia-para-licenciaturas-diz-ministro-da-educacao\/"},"author":{"name":"Ana Luiza Bonatto","@id":"https:\/\/jornalboasnoticias.com.br\/home\/#\/schema\/person\/d641193e0afc6405b390164dac847971"},"headline":"Brasil ter\u00e1 P\u00e9-de-Meia para licenciaturas, diz ministro da Educa\u00e7\u00e3o","datePublished":"2024-10-30T23:34:48+00:00","mainEntityOfPage":{"@id":"https:\/\/jornalboasnoticias.com.br\/home\/brasil-tera-pe-de-meia-para-licenciaturas-diz-ministro-da-educacao\/"},"wordCount":780,"commentCount":0,"publisher":{"@id":"https:\/\/jornalboasnoticias.com.br\/home\/#organization"},"image":{"@id":"https:\/\/jornalboasnoticias.com.br\/home\/brasil-tera-pe-de-meia-para-licenciaturas-diz-ministro-da-educacao\/#primaryimage"},"thumbnailUrl":"https:\/\/jornalboasnoticias.com.br\/home\/wp-content\/uploads\/2024\/10\/raf09061.webp","articleSection":["DESTAQUE","EDUCA\u00c7\u00c3O"],"inLanguage":"pt-BR","potentialAction":[{"@type":"CommentAction","name":"Comment","target":["https:\/\/jornalboasnoticias.com.br\/home\/brasil-tera-pe-de-meia-para-licenciaturas-diz-ministro-da-educacao\/#respond"]}]},{"@type":"WebPage","@id":"https:\/\/jornalboasnoticias.com.br\/home\/brasil-tera-pe-de-meia-para-licenciaturas-diz-ministro-da-educacao\/","url":"https:\/\/jornalboasnoticias.com.br\/home\/brasil-tera-pe-de-meia-para-licenciaturas-diz-ministro-da-educacao\/","name":"Brasil ter\u00e1 P\u00e9-de-Meia para licenciaturas, diz ministro da Educa\u00e7\u00e3o - Jornal","isPartOf":{"@id":"https:\/\/jornalboasnoticias.com.br\/home\/#website"},"primaryImageOfPage":{"@id":"https:\/\/jornalboasnoticias.com.br\/home\/brasil-tera-pe-de-meia-para-licenciaturas-diz-ministro-da-educacao\/#primaryimage"},"image":{"@id":"https:\/\/jornalboasnoticias.com.br\/home\/brasil-tera-pe-de-meia-para-licenciaturas-diz-ministro-da-educacao\/#primaryimage"},"thumbnailUrl":"https:\/\/jornalboasnoticias.com.br\/home\/wp-content\/uploads\/2024\/10\/raf09061.webp","datePublished":"2024-10-30T23:34:48+00:00","description":"Brasil ter\u00e1 P\u00e9-de-Meia para licenciaturas, diz ministro da Educa\u00e7\u00e3o","breadcrumb":{"@id":"https:\/\/jornalboasnoticias.com.br\/home\/brasil-tera-pe-de-meia-para-licenciaturas-diz-ministro-da-educacao\/#breadcrumb"},"inLanguage":"pt-BR","potentialAction":[{"@type":"ReadAction","target":["https:\/\/jornalboasnoticias.com.br\/home\/brasil-tera-pe-de-meia-para-licenciaturas-diz-ministro-da-educacao\/"]}]},{"@type":"ImageObject","inLanguage":"pt-BR","@id":"https:\/\/jornalboasnoticias.com.br\/home\/brasil-tera-pe-de-meia-para-licenciaturas-diz-ministro-da-educacao\/#primaryimage","url":"https:\/\/jornalboasnoticias.com.br\/home\/wp-content\/uploads\/2024\/10\/raf09061.webp","contentUrl":"https:\/\/jornalboasnoticias.com.br\/home\/wp-content\/uploads\/2024\/10\/raf09061.webp","width":1170,"height":700,"caption":"\u00a9 Rafa Neddermeyer\/Ag\u00eancia Brasil"},{"@type":"BreadcrumbList","@id":"https:\/\/jornalboasnoticias.com.br\/home\/brasil-tera-pe-de-meia-para-licenciaturas-diz-ministro-da-educacao\/#breadcrumb","itemListElement":[{"@type":"ListItem","position":1,"name":"In\u00edcio","item":"https:\/\/jornalboasnoticias.com.br\/home\/"},{"@type":"ListItem","position":2,"name":"Brasil ter\u00e1 P\u00e9-de-Meia para licenciaturas, diz ministro da Educa\u00e7\u00e3o"}]},{"@type":"WebSite","@id":"https:\/\/jornalboasnoticias.com.br\/home\/#website","url":"https:\/\/jornalboasnoticias.com.br\/home\/","name":"Jornal Boas Not\u00edcias","description":"Boas not\u00edcias","publisher":{"@id":"https:\/\/jornalboasnoticias.com.br\/home\/#organization"},"potentialAction":[{"@type":"SearchAction","target":{"@type":"EntryPoint","urlTemplate":"https:\/\/jornalboasnoticias.com.br\/home\/?s={search_term_string}"},"query-input":{"@type":"PropertyValueSpecification","valueRequired":true,"valueName":"search_term_string"}}],"inLanguage":"pt-BR"},{"@type":"Organization","@id":"https:\/\/jornalboasnoticias.com.br\/home\/#organization","name":"Coq Editora Ltda","alternateName":"Jornal Boas Noticias","url":"https:\/\/jornalboasnoticias.com.br\/home\/","logo":{"@type":"ImageObject","inLanguage":"pt-BR","@id":"https:\/\/jornalboasnoticias.com.br\/home\/#\/schema\/logo\/image\/","url":"https:\/\/jornalboasnoticias.com.br\/home\/wp-content\/uploads\/2024\/07\/cropped-logo.jpg","contentUrl":"https:\/\/jornalboasnoticias.com.br\/home\/wp-content\/uploads\/2024\/07\/cropped-logo.jpg","width":290,"height":142,"caption":"Coq Editora Ltda"},"image":{"@id":"https:\/\/jornalboasnoticias.com.br\/home\/#\/schema\/logo\/image\/"},"sameAs":["https:\/\/www.facebook.com\/boasnoticiasjornal"]},{"@type":"Person","@id":"https:\/\/jornalboasnoticias.com.br\/home\/#\/schema\/person\/d641193e0afc6405b390164dac847971","name":"Ana Luiza Bonatto","image":{"@type":"ImageObject","inLanguage":"pt-BR","@id":"https:\/\/secure.gravatar.com\/avatar\/8a055ebe6373371f67ac6fcf313c0ac0b0a91157fdcdb9514fa62927373348f0?s=96&d=mm&r=g","url":"https:\/\/secure.gravatar.com\/avatar\/8a055ebe6373371f67ac6fcf313c0ac0b0a91157fdcdb9514fa62927373348f0?s=96&d=mm&r=g","contentUrl":"https:\/\/secure.gravatar.com\/avatar\/8a055ebe6373371f67ac6fcf313c0ac0b0a91157fdcdb9514fa62927373348f0?s=96&d=mm&r=g","caption":"Ana Luiza Bonatto"},"url":"https:\/\/jornalboasnoticias.com.br\/home\/author\/ana-luiza\/"}]}},"_links":{"self":[{"href":"https:\/\/jornalboasnoticias.com.br\/home\/wp-json\/wp\/v2\/posts\/44895","targetHints":{"allow":["GET"]}}],"collection":[{"href":"https:\/\/jornalboasnoticias.com.br\/home\/wp-json\/wp\/v2\/posts"}],"about":[{"href":"https:\/\/jornalboasnoticias.com.br\/home\/wp-json\/wp\/v2\/types\/post"}],"author":[{"embeddable":true,"href":"https:\/\/jornalboasnoticias.com.br\/home\/wp-json\/wp\/v2\/users\/4"}],"replies":[{"embeddable":true,"href":"https:\/\/jornalboasnoticias.com.br\/home\/wp-json\/wp\/v2\/comments?post=44895"}],"version-history":[{"count":1,"href":"https:\/\/jornalboasnoticias.com.br\/home\/wp-json\/wp\/v2\/posts\/44895\/revisions"}],"predecessor-version":[{"id":44897,"href":"https:\/\/jornalboasnoticias.com.br\/home\/wp-json\/wp\/v2\/posts\/44895\/revisions\/44897"}],"wp:featuredmedia":[{"embeddable":true,"href":"https:\/\/jornalboasnoticias.com.br\/home\/wp-json\/wp\/v2\/media\/44896"}],"wp:attachment":[{"href":"https:\/\/jornalboasnoticias.com.br\/home\/wp-json\/wp\/v2\/media?parent=44895"}],"wp:term":[{"taxonomy":"category","embeddable":true,"href":"https:\/\/jornalboasnoticias.com.br\/home\/wp-json\/wp\/v2\/categories?post=44895"},{"taxonomy":"post_tag","embeddable":true,"href":"https:\/\/jornalboasnoticias.com.br\/home\/wp-json\/wp\/v2\/tags?post=44895"}],"curies":[{"name":"wp","href":"https:\/\/api.w.org\/{rel}","templated":true}]}}