{"id":44892,"date":"2024-10-30T23:33:29","date_gmt":"2024-10-30T23:33:29","guid":{"rendered":"https:\/\/jornalboasnoticias.com.br\/home\/?p=44892"},"modified":"2024-10-30T23:33:29","modified_gmt":"2024-10-30T23:33:29","slug":"ministro-da-educacao-destaca-importancia-da-tecnologia-mas-com-limite","status":"publish","type":"post","link":"https:\/\/jornalboasnoticias.com.br\/home\/ministro-da-educacao-destaca-importancia-da-tecnologia-mas-com-limite\/","title":{"rendered":"Ministro da Educa\u00e7\u00e3o destaca import\u00e2ncia da tecnologia, mas com limite"},"content":{"rendered":"<div class=\"header-noticia full-width\">\n<div>\n<figure id=\"attachment_44893\" aria-describedby=\"caption-attachment-44893\" style=\"width: 1170px\" class=\"wp-caption alignnone\"><img loading=\"lazy\" decoding=\"async\" class=\"size-full wp-image-44893\" src=\"https:\/\/jornalboasnoticias.com.br\/home\/wp-content\/uploads\/2024\/10\/unnamed-file.webp\" alt=\"\" width=\"1170\" height=\"700\" srcset=\"https:\/\/jornalboasnoticias.com.br\/home\/wp-content\/uploads\/2024\/10\/unnamed-file.webp 1170w, https:\/\/jornalboasnoticias.com.br\/home\/wp-content\/uploads\/2024\/10\/unnamed-file-300x179.webp 300w, https:\/\/jornalboasnoticias.com.br\/home\/wp-content\/uploads\/2024\/10\/unnamed-file-1024x613.webp 1024w, https:\/\/jornalboasnoticias.com.br\/home\/wp-content\/uploads\/2024\/10\/unnamed-file-768x459.webp 768w\" sizes=\"auto, (max-width: 1170px) 100vw, 1170px\" \/><figcaption id=\"caption-attachment-44893\" class=\"wp-caption-text\">\u00a9 \u00c2ngelo Miguel\/MEC<\/figcaption><\/figure>\n<\/div>\n<\/div>\n<blockquote>\n<div class=\"header-noticia full-width\">\n<div class=\"linha-fina-noticia\">C\u00e2mara aprovou PL que pro\u00edbe uso de celulares em sala de aula<\/div>\n<\/div>\n<\/blockquote>\n<div>\n<p>O ministro da Educa\u00e7\u00e3o, Camilo Santana, refor\u00e7ou, nesta quarta-feira (30), a import\u00e2ncia de restringir o uso do celular nas salas de aula das escolas de todo o pa\u00eds. \u201c\u00c9 importante a tecnologia, s\u00e3o importantes os equipamentos, mas precisa ter um limite\u201d, afirma.<\/p>\n<p>Nesta quarta, a Comiss\u00e3o de Educa\u00e7\u00e3o da C\u00e2mara dos Deputados aprovou o projeto de lei 104\/2015, que pro\u00edbe o uso de aparelhos eletr\u00f4nicos port\u00e1teis nas salas de aula dos estabelecimentos de educa\u00e7\u00e3o. O projeto segue para a Comiss\u00e3o de Constitui\u00e7\u00e3o e Justi\u00e7a. Agora, mesmo antes da aprova\u00e7\u00e3o no Congresso Nacional, o MEC come\u00e7a a discutir com os entes federados formas de regulamentar a futura lei.<\/p>\n<p>A pasta defende a reda\u00e7\u00e3o do PL, que o celular seja usado apenas para atividades pedag\u00f3gicas, ou seja, orientadas pelos professores, nos anos finais do ensino fundamental, do 6\u00ba ao 9\u00ba ano e no ensino m\u00e9dio. J\u00e1 nos anos anteriores, na educa\u00e7\u00e3o infantil e nos anos iniciais do fundamental, do 1\u00ba ao 5\u00ba ano, o uso fica proibido, com exce\u00e7\u00e3o para os estudantes com defici\u00eancia.<\/p>\n<p>No Brasil, alguns estados e munic\u00edpios, como o Cear\u00e1 e o\u00a0munic\u00edpio do Rio de Janeiro\u00a0t\u00eam legisla\u00e7\u00f5es pr\u00f3prias que restringem o uso dos aparelhos. A ideia \u00e9 que agora haja uma orienta\u00e7\u00e3o nacional.<\/p>\n<p>\u201cN\u00f3s temos a ideia de aproveitar j\u00e1 projetos de lei que j\u00e1 est\u00e3o na C\u00e2mara e o MEC est\u00e1 dialogando com esse projeto\u201d, afirmou o ministro. \u201cAcho que a escola \u00e9 um espa\u00e7o importante para a cidadania digital e para que a gente possa garantir que a crian\u00e7a possa aprender bem, ter qualidade no aprendizado e s\u00f3 usar equipamento celular ou equipamento tecnol\u00f3gico para fins pedag\u00f3gicos\u201d, defende.<\/p>\n<p>Segundo Santana, o MEC tem dialogado com entidades internacionais e nacionais e com inst\u00e2ncias como os Conselhos de Educa\u00e7\u00e3o para definir e defender junto ao Congresso um melhor modelo para o Brasil. \u201cEu acho que \u00e9 um bom debate e as experi\u00eancias no mundo inteiro t\u00eam mostrado o preju\u00edzo que tem sido um d\u00e9ficit de aten\u00e7\u00e3o no uso de aparelhos celulares ou equipamentos digitais tecnol\u00f3gicos dentro de sala de aula\u201d, diz.<\/p>\n<p>O ministro acredita que a intera\u00e7\u00e3o sem os aparelhos deveria ser mais estimulada. \u201cEu at\u00e9, pessoalmente, eu iria at\u00e9 mais al\u00e9m, porque, \u00e0s vezes, dentro da pr\u00f3pria escola, quando eu estudava e n\u00e3o tinha celular, a gente ficava jogando bola, lia um livro na biblioteca, conversava com os amigos. Isso tirou a socializa\u00e7\u00e3o das pessoas. Isso a gente v\u00ea at\u00e9 nos restaurantes. Vai no restaurante, v\u00ea l\u00e1 a fam\u00edlia, o pai, a m\u00e3e, cada um em um celular. Ent\u00e3o, isso precisa ter um limite\u201d, diz.<\/p>\n<h2>Pr\u00f3ximos passos<\/h2>\n<p>Com a aprova\u00e7\u00e3o do PL na Comiss\u00e3o de Educa\u00e7\u00e3o da C\u00e2mara, a secret\u00e1ria de Educa\u00e7\u00e3o B\u00e1sica, Katia Schweickardt, diz que o MEC iniciar\u00e1 di\u00e1logos com os estados e munic\u00edpios para propor forma de regulamentar a futura lei. &#8220;Vai ter que ser regulamentada a lei. O primeiro ponto \u00e9 definir o conceito, n\u00e9? Em seguida, acho que vamos trabalhar juntos para regulamentar\u201d, afirma.<\/p>\n<p>Apesar das orienta\u00e7\u00f5es nacionais, cada sistema de ensino dever\u00e1 ter liberdade para definir as melhores formas de implementar as normas. \u201cAcho que vai haver uma diretriz nacional, mas cada escola, cada sistema deve ter tamb\u00e9m, conseguir organizar melhor como \u00e9 que vai ser essa, digamos, suspens\u00e3o para os intervalos, para a entrada, sa\u00edda e fins pedag\u00f3gicos do Fundamental 2 e o ensino m\u00e9dio, sob supervis\u00e3o de professores\u201d, explica Schweickardt.<\/p>\n<h2>Tecnologia no G20<\/h2>\n<p>O ministro participa nesta quarta-feira (30) da\u00a0reuni\u00e3o dos ministros de Educa\u00e7\u00e3o do G20, em Fortaleza. O encontro \u00e9 etapa que antecede a C\u00fapula de L\u00edderes do G20, que encerra a agenda do grupo e no qual ser\u00e1 definido o documento final da reuni\u00e3o. A c\u00fapula ocorre nos dias 18 e 19 de novembro de 2024, no Rio de Janeiro.<\/p>\n<p>O uso da tecnologia \u00e9 tema de discuss\u00e3o nas reuni\u00f5es de educa\u00e7\u00e3o. Segundo o ministro, os pa\u00edses pretendem dividir as experi\u00eancias de ferramentas tecnol\u00f3gicas pedag\u00f3gicas entre si. \u201cCada pa\u00eds tem a sua, apesar de voc\u00ea ter o seu modelo pedag\u00f3gico diferente dos pa\u00edses, v\u00e1rias t\u00eam experi\u00eancias importantes, principalmente digitais, [foram compartilhadas] para que os outros pa\u00edses pudessem conhecer. Ent\u00e3o, n\u00f3s estamos repartindo, compartilhando essas ferramentas tecnol\u00f3gicas de forma\u00e7\u00e3o pedag\u00f3gica entre os pa\u00edses do G20\u201d, diz.<\/p>\n<p>O Grupo dos Vinte (G20)\u00a0\u00e9 o principal f\u00f3rum de coopera\u00e7\u00e3o econ\u00f4mica internacional.\u00a0\u00c9 composto por Argentina, Austr\u00e1lia, Brasil, Canad\u00e1, China, Fran\u00e7a, Alemanha, \u00cdndia, Indon\u00e9sia, It\u00e1lia, Jap\u00e3o, Rep\u00fablica da Coreia, M\u00e9xico, R\u00fassia, Ar\u00e1bia Saudita, \u00c1frica do Sul, Turquia, Reino Unido e Estados Unidos, al\u00e9m da Uni\u00e3o Europeia.<\/p>\n<p>(Ag\u00eancia Brasil)<\/p>\n<\/div>\n","protected":false},"excerpt":{"rendered":"<p>C\u00e2mara aprovou PL que pro\u00edbe uso de celulares em sala de aula O ministro da<\/p>\n","protected":false},"author":4,"featured_media":44893,"comment_status":"open","ping_status":"open","sticky":false,"template":"","format":"standard","meta":{"footnotes":""},"categories":[3,8],"tags":[],"class_list":["post-44892","post","type-post","status-publish","format-standard","has-post-thumbnail","hentry","category-destaques","category-educacao"],"yoast_head":"<!-- This site is optimized with the Yoast SEO plugin v27.5 - https:\/\/yoast.com\/product\/yoast-seo-wordpress\/ -->\n<title>Ministro da Educa\u00e7\u00e3o destaca import\u00e2ncia da tecnologia, mas com limite - Jornal<\/title>\n<meta name=\"description\" content=\"Ministro da Educa\u00e7\u00e3o destaca import\u00e2ncia da tecnologia, mas com limite\" \/>\n<meta name=\"robots\" content=\"index, follow, max-snippet:-1, max-image-preview:large, max-video-preview:-1\" \/>\n<link rel=\"canonical\" href=\"https:\/\/jornalboasnoticias.com.br\/home\/ministro-da-educacao-destaca-importancia-da-tecnologia-mas-com-limite\/\" \/>\n<meta property=\"og:locale\" content=\"pt_BR\" \/>\n<meta property=\"og:type\" content=\"article\" \/>\n<meta property=\"og:title\" content=\"Ministro da Educa\u00e7\u00e3o destaca import\u00e2ncia da tecnologia, mas com limite - Jornal\" \/>\n<meta property=\"og:description\" content=\"Ministro da Educa\u00e7\u00e3o destaca import\u00e2ncia da tecnologia, mas com limite\" \/>\n<meta property=\"og:url\" content=\"https:\/\/jornalboasnoticias.com.br\/home\/ministro-da-educacao-destaca-importancia-da-tecnologia-mas-com-limite\/\" \/>\n<meta property=\"og:site_name\" content=\"Jornal\" \/>\n<meta property=\"article:publisher\" content=\"https:\/\/www.facebook.com\/boasnoticiasjornal\" \/>\n<meta property=\"article:published_time\" content=\"2024-10-30T23:33:29+00:00\" \/>\n<meta property=\"og:image\" content=\"https:\/\/jornalboasnoticias.com.br\/home\/wp-content\/uploads\/2024\/10\/unnamed-file.webp\" \/>\n\t<meta property=\"og:image:width\" content=\"1170\" \/>\n\t<meta property=\"og:image:height\" content=\"700\" \/>\n\t<meta property=\"og:image:type\" content=\"image\/webp\" \/>\n<meta name=\"author\" content=\"Ana Luiza Bonatto\" \/>\n<meta name=\"twitter:card\" content=\"summary_large_image\" \/>\n<meta name=\"twitter:label1\" content=\"Escrito por\" \/>\n\t<meta name=\"twitter:data1\" content=\"Ana Luiza Bonatto\" \/>\n\t<meta name=\"twitter:label2\" content=\"Est. tempo de leitura\" \/>\n\t<meta name=\"twitter:data2\" content=\"5 minutos\" \/>\n<script type=\"application\/ld+json\" class=\"yoast-schema-graph\">{\"@context\":\"https:\\\/\\\/schema.org\",\"@graph\":[{\"@type\":\"Article\",\"@id\":\"https:\\\/\\\/jornalboasnoticias.com.br\\\/home\\\/ministro-da-educacao-destaca-importancia-da-tecnologia-mas-com-limite\\\/#article\",\"isPartOf\":{\"@id\":\"https:\\\/\\\/jornalboasnoticias.com.br\\\/home\\\/ministro-da-educacao-destaca-importancia-da-tecnologia-mas-com-limite\\\/\"},\"author\":{\"name\":\"Ana Luiza Bonatto\",\"@id\":\"https:\\\/\\\/jornalboasnoticias.com.br\\\/home\\\/#\\\/schema\\\/person\\\/d641193e0afc6405b390164dac847971\"},\"headline\":\"Ministro da Educa\u00e7\u00e3o destaca import\u00e2ncia da tecnologia, mas com limite\",\"datePublished\":\"2024-10-30T23:33:29+00:00\",\"mainEntityOfPage\":{\"@id\":\"https:\\\/\\\/jornalboasnoticias.com.br\\\/home\\\/ministro-da-educacao-destaca-importancia-da-tecnologia-mas-com-limite\\\/\"},\"wordCount\":874,\"commentCount\":0,\"publisher\":{\"@id\":\"https:\\\/\\\/jornalboasnoticias.com.br\\\/home\\\/#organization\"},\"image\":{\"@id\":\"https:\\\/\\\/jornalboasnoticias.com.br\\\/home\\\/ministro-da-educacao-destaca-importancia-da-tecnologia-mas-com-limite\\\/#primaryimage\"},\"thumbnailUrl\":\"https:\\\/\\\/jornalboasnoticias.com.br\\\/home\\\/wp-content\\\/uploads\\\/2024\\\/10\\\/unnamed-file.webp\",\"articleSection\":[\"DESTAQUE\",\"EDUCA\u00c7\u00c3O\"],\"inLanguage\":\"pt-BR\",\"potentialAction\":[{\"@type\":\"CommentAction\",\"name\":\"Comment\",\"target\":[\"https:\\\/\\\/jornalboasnoticias.com.br\\\/home\\\/ministro-da-educacao-destaca-importancia-da-tecnologia-mas-com-limite\\\/#respond\"]}]},{\"@type\":\"WebPage\",\"@id\":\"https:\\\/\\\/jornalboasnoticias.com.br\\\/home\\\/ministro-da-educacao-destaca-importancia-da-tecnologia-mas-com-limite\\\/\",\"url\":\"https:\\\/\\\/jornalboasnoticias.com.br\\\/home\\\/ministro-da-educacao-destaca-importancia-da-tecnologia-mas-com-limite\\\/\",\"name\":\"Ministro da Educa\u00e7\u00e3o destaca import\u00e2ncia da tecnologia, mas com limite - Jornal\",\"isPartOf\":{\"@id\":\"https:\\\/\\\/jornalboasnoticias.com.br\\\/home\\\/#website\"},\"primaryImageOfPage\":{\"@id\":\"https:\\\/\\\/jornalboasnoticias.com.br\\\/home\\\/ministro-da-educacao-destaca-importancia-da-tecnologia-mas-com-limite\\\/#primaryimage\"},\"image\":{\"@id\":\"https:\\\/\\\/jornalboasnoticias.com.br\\\/home\\\/ministro-da-educacao-destaca-importancia-da-tecnologia-mas-com-limite\\\/#primaryimage\"},\"thumbnailUrl\":\"https:\\\/\\\/jornalboasnoticias.com.br\\\/home\\\/wp-content\\\/uploads\\\/2024\\\/10\\\/unnamed-file.webp\",\"datePublished\":\"2024-10-30T23:33:29+00:00\",\"description\":\"Ministro da Educa\u00e7\u00e3o destaca import\u00e2ncia da tecnologia, mas com limite\",\"breadcrumb\":{\"@id\":\"https:\\\/\\\/jornalboasnoticias.com.br\\\/home\\\/ministro-da-educacao-destaca-importancia-da-tecnologia-mas-com-limite\\\/#breadcrumb\"},\"inLanguage\":\"pt-BR\",\"potentialAction\":[{\"@type\":\"ReadAction\",\"target\":[\"https:\\\/\\\/jornalboasnoticias.com.br\\\/home\\\/ministro-da-educacao-destaca-importancia-da-tecnologia-mas-com-limite\\\/\"]}]},{\"@type\":\"ImageObject\",\"inLanguage\":\"pt-BR\",\"@id\":\"https:\\\/\\\/jornalboasnoticias.com.br\\\/home\\\/ministro-da-educacao-destaca-importancia-da-tecnologia-mas-com-limite\\\/#primaryimage\",\"url\":\"https:\\\/\\\/jornalboasnoticias.com.br\\\/home\\\/wp-content\\\/uploads\\\/2024\\\/10\\\/unnamed-file.webp\",\"contentUrl\":\"https:\\\/\\\/jornalboasnoticias.com.br\\\/home\\\/wp-content\\\/uploads\\\/2024\\\/10\\\/unnamed-file.webp\",\"width\":1170,\"height\":700,\"caption\":\"\u00a9 \u00c2ngelo Miguel\\\/MEC\"},{\"@type\":\"BreadcrumbList\",\"@id\":\"https:\\\/\\\/jornalboasnoticias.com.br\\\/home\\\/ministro-da-educacao-destaca-importancia-da-tecnologia-mas-com-limite\\\/#breadcrumb\",\"itemListElement\":[{\"@type\":\"ListItem\",\"position\":1,\"name\":\"In\u00edcio\",\"item\":\"https:\\\/\\\/jornalboasnoticias.com.br\\\/home\\\/\"},{\"@type\":\"ListItem\",\"position\":2,\"name\":\"Ministro da Educa\u00e7\u00e3o destaca import\u00e2ncia da tecnologia, mas com limite\"}]},{\"@type\":\"WebSite\",\"@id\":\"https:\\\/\\\/jornalboasnoticias.com.br\\\/home\\\/#website\",\"url\":\"https:\\\/\\\/jornalboasnoticias.com.br\\\/home\\\/\",\"name\":\"Jornal Boas Not\u00edcias\",\"description\":\"Boas not\u00edcias\",\"publisher\":{\"@id\":\"https:\\\/\\\/jornalboasnoticias.com.br\\\/home\\\/#organization\"},\"potentialAction\":[{\"@type\":\"SearchAction\",\"target\":{\"@type\":\"EntryPoint\",\"urlTemplate\":\"https:\\\/\\\/jornalboasnoticias.com.br\\\/home\\\/?s={search_term_string}\"},\"query-input\":{\"@type\":\"PropertyValueSpecification\",\"valueRequired\":true,\"valueName\":\"search_term_string\"}}],\"inLanguage\":\"pt-BR\"},{\"@type\":\"Organization\",\"@id\":\"https:\\\/\\\/jornalboasnoticias.com.br\\\/home\\\/#organization\",\"name\":\"Coq Editora Ltda\",\"alternateName\":\"Jornal Boas Noticias\",\"url\":\"https:\\\/\\\/jornalboasnoticias.com.br\\\/home\\\/\",\"logo\":{\"@type\":\"ImageObject\",\"inLanguage\":\"pt-BR\",\"@id\":\"https:\\\/\\\/jornalboasnoticias.com.br\\\/home\\\/#\\\/schema\\\/logo\\\/image\\\/\",\"url\":\"https:\\\/\\\/jornalboasnoticias.com.br\\\/home\\\/wp-content\\\/uploads\\\/2024\\\/07\\\/cropped-logo.jpg\",\"contentUrl\":\"https:\\\/\\\/jornalboasnoticias.com.br\\\/home\\\/wp-content\\\/uploads\\\/2024\\\/07\\\/cropped-logo.jpg\",\"width\":290,\"height\":142,\"caption\":\"Coq Editora Ltda\"},\"image\":{\"@id\":\"https:\\\/\\\/jornalboasnoticias.com.br\\\/home\\\/#\\\/schema\\\/logo\\\/image\\\/\"},\"sameAs\":[\"https:\\\/\\\/www.facebook.com\\\/boasnoticiasjornal\"]},{\"@type\":\"Person\",\"@id\":\"https:\\\/\\\/jornalboasnoticias.com.br\\\/home\\\/#\\\/schema\\\/person\\\/d641193e0afc6405b390164dac847971\",\"name\":\"Ana Luiza Bonatto\",\"image\":{\"@type\":\"ImageObject\",\"inLanguage\":\"pt-BR\",\"@id\":\"https:\\\/\\\/secure.gravatar.com\\\/avatar\\\/8a055ebe6373371f67ac6fcf313c0ac0b0a91157fdcdb9514fa62927373348f0?s=96&d=mm&r=g\",\"url\":\"https:\\\/\\\/secure.gravatar.com\\\/avatar\\\/8a055ebe6373371f67ac6fcf313c0ac0b0a91157fdcdb9514fa62927373348f0?s=96&d=mm&r=g\",\"contentUrl\":\"https:\\\/\\\/secure.gravatar.com\\\/avatar\\\/8a055ebe6373371f67ac6fcf313c0ac0b0a91157fdcdb9514fa62927373348f0?s=96&d=mm&r=g\",\"caption\":\"Ana Luiza Bonatto\"},\"url\":\"https:\\\/\\\/jornalboasnoticias.com.br\\\/home\\\/author\\\/ana-luiza\\\/\"}]}<\/script>\n<!-- \/ Yoast SEO plugin. -->","yoast_head_json":{"title":"Ministro da Educa\u00e7\u00e3o destaca import\u00e2ncia da tecnologia, mas com limite - Jornal","description":"Ministro da Educa\u00e7\u00e3o destaca import\u00e2ncia da tecnologia, mas com limite","robots":{"index":"index","follow":"follow","max-snippet":"max-snippet:-1","max-image-preview":"max-image-preview:large","max-video-preview":"max-video-preview:-1"},"canonical":"https:\/\/jornalboasnoticias.com.br\/home\/ministro-da-educacao-destaca-importancia-da-tecnologia-mas-com-limite\/","og_locale":"pt_BR","og_type":"article","og_title":"Ministro da Educa\u00e7\u00e3o destaca import\u00e2ncia da tecnologia, mas com limite - Jornal","og_description":"Ministro da Educa\u00e7\u00e3o destaca import\u00e2ncia da tecnologia, mas com limite","og_url":"https:\/\/jornalboasnoticias.com.br\/home\/ministro-da-educacao-destaca-importancia-da-tecnologia-mas-com-limite\/","og_site_name":"Jornal","article_publisher":"https:\/\/www.facebook.com\/boasnoticiasjornal","article_published_time":"2024-10-30T23:33:29+00:00","og_image":[{"width":1170,"height":700,"url":"https:\/\/jornalboasnoticias.com.br\/home\/wp-content\/uploads\/2024\/10\/unnamed-file.webp","type":"image\/webp"}],"author":"Ana Luiza Bonatto","twitter_card":"summary_large_image","twitter_misc":{"Escrito por":"Ana Luiza Bonatto","Est. tempo de leitura":"5 minutos"},"schema":{"@context":"https:\/\/schema.org","@graph":[{"@type":"Article","@id":"https:\/\/jornalboasnoticias.com.br\/home\/ministro-da-educacao-destaca-importancia-da-tecnologia-mas-com-limite\/#article","isPartOf":{"@id":"https:\/\/jornalboasnoticias.com.br\/home\/ministro-da-educacao-destaca-importancia-da-tecnologia-mas-com-limite\/"},"author":{"name":"Ana Luiza Bonatto","@id":"https:\/\/jornalboasnoticias.com.br\/home\/#\/schema\/person\/d641193e0afc6405b390164dac847971"},"headline":"Ministro da Educa\u00e7\u00e3o destaca import\u00e2ncia da tecnologia, mas com limite","datePublished":"2024-10-30T23:33:29+00:00","mainEntityOfPage":{"@id":"https:\/\/jornalboasnoticias.com.br\/home\/ministro-da-educacao-destaca-importancia-da-tecnologia-mas-com-limite\/"},"wordCount":874,"commentCount":0,"publisher":{"@id":"https:\/\/jornalboasnoticias.com.br\/home\/#organization"},"image":{"@id":"https:\/\/jornalboasnoticias.com.br\/home\/ministro-da-educacao-destaca-importancia-da-tecnologia-mas-com-limite\/#primaryimage"},"thumbnailUrl":"https:\/\/jornalboasnoticias.com.br\/home\/wp-content\/uploads\/2024\/10\/unnamed-file.webp","articleSection":["DESTAQUE","EDUCA\u00c7\u00c3O"],"inLanguage":"pt-BR","potentialAction":[{"@type":"CommentAction","name":"Comment","target":["https:\/\/jornalboasnoticias.com.br\/home\/ministro-da-educacao-destaca-importancia-da-tecnologia-mas-com-limite\/#respond"]}]},{"@type":"WebPage","@id":"https:\/\/jornalboasnoticias.com.br\/home\/ministro-da-educacao-destaca-importancia-da-tecnologia-mas-com-limite\/","url":"https:\/\/jornalboasnoticias.com.br\/home\/ministro-da-educacao-destaca-importancia-da-tecnologia-mas-com-limite\/","name":"Ministro da Educa\u00e7\u00e3o destaca import\u00e2ncia da tecnologia, mas com limite - Jornal","isPartOf":{"@id":"https:\/\/jornalboasnoticias.com.br\/home\/#website"},"primaryImageOfPage":{"@id":"https:\/\/jornalboasnoticias.com.br\/home\/ministro-da-educacao-destaca-importancia-da-tecnologia-mas-com-limite\/#primaryimage"},"image":{"@id":"https:\/\/jornalboasnoticias.com.br\/home\/ministro-da-educacao-destaca-importancia-da-tecnologia-mas-com-limite\/#primaryimage"},"thumbnailUrl":"https:\/\/jornalboasnoticias.com.br\/home\/wp-content\/uploads\/2024\/10\/unnamed-file.webp","datePublished":"2024-10-30T23:33:29+00:00","description":"Ministro da Educa\u00e7\u00e3o destaca import\u00e2ncia da tecnologia, mas com limite","breadcrumb":{"@id":"https:\/\/jornalboasnoticias.com.br\/home\/ministro-da-educacao-destaca-importancia-da-tecnologia-mas-com-limite\/#breadcrumb"},"inLanguage":"pt-BR","potentialAction":[{"@type":"ReadAction","target":["https:\/\/jornalboasnoticias.com.br\/home\/ministro-da-educacao-destaca-importancia-da-tecnologia-mas-com-limite\/"]}]},{"@type":"ImageObject","inLanguage":"pt-BR","@id":"https:\/\/jornalboasnoticias.com.br\/home\/ministro-da-educacao-destaca-importancia-da-tecnologia-mas-com-limite\/#primaryimage","url":"https:\/\/jornalboasnoticias.com.br\/home\/wp-content\/uploads\/2024\/10\/unnamed-file.webp","contentUrl":"https:\/\/jornalboasnoticias.com.br\/home\/wp-content\/uploads\/2024\/10\/unnamed-file.webp","width":1170,"height":700,"caption":"\u00a9 \u00c2ngelo Miguel\/MEC"},{"@type":"BreadcrumbList","@id":"https:\/\/jornalboasnoticias.com.br\/home\/ministro-da-educacao-destaca-importancia-da-tecnologia-mas-com-limite\/#breadcrumb","itemListElement":[{"@type":"ListItem","position":1,"name":"In\u00edcio","item":"https:\/\/jornalboasnoticias.com.br\/home\/"},{"@type":"ListItem","position":2,"name":"Ministro da Educa\u00e7\u00e3o destaca import\u00e2ncia da tecnologia, mas com limite"}]},{"@type":"WebSite","@id":"https:\/\/jornalboasnoticias.com.br\/home\/#website","url":"https:\/\/jornalboasnoticias.com.br\/home\/","name":"Jornal Boas Not\u00edcias","description":"Boas not\u00edcias","publisher":{"@id":"https:\/\/jornalboasnoticias.com.br\/home\/#organization"},"potentialAction":[{"@type":"SearchAction","target":{"@type":"EntryPoint","urlTemplate":"https:\/\/jornalboasnoticias.com.br\/home\/?s={search_term_string}"},"query-input":{"@type":"PropertyValueSpecification","valueRequired":true,"valueName":"search_term_string"}}],"inLanguage":"pt-BR"},{"@type":"Organization","@id":"https:\/\/jornalboasnoticias.com.br\/home\/#organization","name":"Coq Editora Ltda","alternateName":"Jornal Boas Noticias","url":"https:\/\/jornalboasnoticias.com.br\/home\/","logo":{"@type":"ImageObject","inLanguage":"pt-BR","@id":"https:\/\/jornalboasnoticias.com.br\/home\/#\/schema\/logo\/image\/","url":"https:\/\/jornalboasnoticias.com.br\/home\/wp-content\/uploads\/2024\/07\/cropped-logo.jpg","contentUrl":"https:\/\/jornalboasnoticias.com.br\/home\/wp-content\/uploads\/2024\/07\/cropped-logo.jpg","width":290,"height":142,"caption":"Coq Editora Ltda"},"image":{"@id":"https:\/\/jornalboasnoticias.com.br\/home\/#\/schema\/logo\/image\/"},"sameAs":["https:\/\/www.facebook.com\/boasnoticiasjornal"]},{"@type":"Person","@id":"https:\/\/jornalboasnoticias.com.br\/home\/#\/schema\/person\/d641193e0afc6405b390164dac847971","name":"Ana Luiza Bonatto","image":{"@type":"ImageObject","inLanguage":"pt-BR","@id":"https:\/\/secure.gravatar.com\/avatar\/8a055ebe6373371f67ac6fcf313c0ac0b0a91157fdcdb9514fa62927373348f0?s=96&d=mm&r=g","url":"https:\/\/secure.gravatar.com\/avatar\/8a055ebe6373371f67ac6fcf313c0ac0b0a91157fdcdb9514fa62927373348f0?s=96&d=mm&r=g","contentUrl":"https:\/\/secure.gravatar.com\/avatar\/8a055ebe6373371f67ac6fcf313c0ac0b0a91157fdcdb9514fa62927373348f0?s=96&d=mm&r=g","caption":"Ana Luiza Bonatto"},"url":"https:\/\/jornalboasnoticias.com.br\/home\/author\/ana-luiza\/"}]}},"_links":{"self":[{"href":"https:\/\/jornalboasnoticias.com.br\/home\/wp-json\/wp\/v2\/posts\/44892","targetHints":{"allow":["GET"]}}],"collection":[{"href":"https:\/\/jornalboasnoticias.com.br\/home\/wp-json\/wp\/v2\/posts"}],"about":[{"href":"https:\/\/jornalboasnoticias.com.br\/home\/wp-json\/wp\/v2\/types\/post"}],"author":[{"embeddable":true,"href":"https:\/\/jornalboasnoticias.com.br\/home\/wp-json\/wp\/v2\/users\/4"}],"replies":[{"embeddable":true,"href":"https:\/\/jornalboasnoticias.com.br\/home\/wp-json\/wp\/v2\/comments?post=44892"}],"version-history":[{"count":1,"href":"https:\/\/jornalboasnoticias.com.br\/home\/wp-json\/wp\/v2\/posts\/44892\/revisions"}],"predecessor-version":[{"id":44894,"href":"https:\/\/jornalboasnoticias.com.br\/home\/wp-json\/wp\/v2\/posts\/44892\/revisions\/44894"}],"wp:featuredmedia":[{"embeddable":true,"href":"https:\/\/jornalboasnoticias.com.br\/home\/wp-json\/wp\/v2\/media\/44893"}],"wp:attachment":[{"href":"https:\/\/jornalboasnoticias.com.br\/home\/wp-json\/wp\/v2\/media?parent=44892"}],"wp:term":[{"taxonomy":"category","embeddable":true,"href":"https:\/\/jornalboasnoticias.com.br\/home\/wp-json\/wp\/v2\/categories?post=44892"},{"taxonomy":"post_tag","embeddable":true,"href":"https:\/\/jornalboasnoticias.com.br\/home\/wp-json\/wp\/v2\/tags?post=44892"}],"curies":[{"name":"wp","href":"https:\/\/api.w.org\/{rel}","templated":true}]}}