{"id":44888,"date":"2024-10-30T23:31:54","date_gmt":"2024-10-30T23:31:54","guid":{"rendered":"https:\/\/jornalboasnoticias.com.br\/home\/?p=44888"},"modified":"2024-10-30T23:31:54","modified_gmt":"2024-10-30T23:31:54","slug":"apos-morte-de-torcedor-federacao-proibe-mancha-alvi-verde-em-estadios","status":"publish","type":"post","link":"https:\/\/jornalboasnoticias.com.br\/home\/apos-morte-de-torcedor-federacao-proibe-mancha-alvi-verde-em-estadios\/","title":{"rendered":"Ap\u00f3s morte de torcedor, federa\u00e7\u00e3o pro\u00edbe Mancha Alvi Verde em est\u00e1dios"},"content":{"rendered":"<div class=\"header-noticia full-width\">\n<div>\n<figure id=\"attachment_44890\" aria-describedby=\"caption-attachment-44890\" style=\"width: 1170px\" class=\"wp-caption alignnone\"><img loading=\"lazy\" decoding=\"async\" class=\"size-full wp-image-44890\" src=\"https:\/\/jornalboasnoticias.com.br\/home\/wp-content\/uploads\/2024\/10\/captura_de_tela_2024-10-28_as_13.37.41-1.webp\" alt=\"\" width=\"1170\" height=\"700\" srcset=\"https:\/\/jornalboasnoticias.com.br\/home\/wp-content\/uploads\/2024\/10\/captura_de_tela_2024-10-28_as_13.37.41-1.webp 1170w, https:\/\/jornalboasnoticias.com.br\/home\/wp-content\/uploads\/2024\/10\/captura_de_tela_2024-10-28_as_13.37.41-1-300x179.webp 300w, https:\/\/jornalboasnoticias.com.br\/home\/wp-content\/uploads\/2024\/10\/captura_de_tela_2024-10-28_as_13.37.41-1-1024x613.webp 1024w, https:\/\/jornalboasnoticias.com.br\/home\/wp-content\/uploads\/2024\/10\/captura_de_tela_2024-10-28_as_13.37.41-1-768x459.webp 768w\" sizes=\"auto, (max-width: 1170px) 100vw, 1170px\" \/><figcaption id=\"caption-attachment-44890\" class=\"wp-caption-text\">\u00a9 Foto PRF\/SP<\/figcaption><\/figure>\n<\/div>\n<\/div>\n<blockquote>\n<div class=\"header-noticia full-width\">\n<div class=\"linha-fina-noticia\">Medida \u00e9 recomendada pelo Minist\u00e9rio P\u00fablico<\/div>\n<\/div>\n<\/blockquote>\n<div class=\"container-autoria\">\n<p>Ap\u00f3s a morte de um torcedor do Cruzeiro\u00a0no \u00faltimo domingo, a Federa\u00e7\u00e3o Paulista de Futebol (FPF) decidiu proibir a entrada da Mancha Alvi Verde &#8211; principal torcida organizada do Palmeiras &#8211; em jogos realizados nos est\u00e1dios e arenas do estado de S\u00e3o Paulo.<img decoding=\"async\" src=\"https:\/\/agenciabrasil.ebc.com.br\/ebc.png?id=1617594&amp;o=node\" \/><img decoding=\"async\" src=\"https:\/\/agenciabrasil.ebc.com.br\/ebc.gif?id=1617594&amp;o=node\" \/><\/p>\n<p>A medida havia sido recomendada pelo\u00a0Minist\u00e9rio P\u00fablico do Estado de S\u00e3o Paulo (MPESP), que abriu investiga\u00e7\u00e3o sobre o caso.<\/p>\n<p>Para o MP, o ocorrido demonstrou que as torcidas organizadas agem como &#8220;fac\u00e7\u00f5es criminosas&#8221;. &#8220;O enfrentamento de grupos formados por pretensos torcedores da Sociedade Esportiva Palmeiras e do Cruzeiro Esporte Clube resultou, infelizmente, em um saldo tr\u00e1gico, deixando diversos feridos e um morto. Tal epis\u00f3dio \u00e9 inaceit\u00e1vel e representa uma grave afronta \u00e0 seguran\u00e7a p\u00fablica e \u00e0 conviv\u00eancia pac\u00edfica em nossa sociedade&#8221;, escreveu o procurador-geral de Justi\u00e7a, Paulo S\u00e9rgio de Oliveira e Costa.<\/p>\n<p>Um torcedor do Cruzeiro, de 30 anos, morreu no \u00faltimo domingo ap\u00f3s um \u00f4nibus da torcida organizada M\u00e1fia Azul ter sido interceptado por torcedores da Mancha Alvi Verde, do Palmeiras, na Rodovia Fern\u00e3o Dias, perto da cidade de Mairipor\u00e3, na regi\u00e3o metropolitana de S\u00e3o Paulo. De acordo com a Pol\u00edcia Civil, que tamb\u00e9m investiga o caso, houve uma emboscada.<\/p>\n<h2>Envolvidos identificados<\/h2>\n<p>Hoje (30), a Delegacia de Pol\u00edcia de Repress\u00e3o aos Delitos de Intoler\u00e2ncia Esportiva (Drade) informou que parte dos envolvidos nessa emboscada aos torcedores do Cruzeiro j\u00e1 foi identificada. \u201cA autoridade policial segue empenhada no esclarecimento dos fatos\u201d, acrescentou.<\/p>\n<p>Em nota divulgada no domingo (27), a Federa\u00e7\u00e3o Paulista de Futebol havia lamentado o ocorrido. \u201cO atentado, promovido por bandidos que usam indument\u00e1rias alusivas ao futebol e a clubes, \u00e9 mais um triste epis\u00f3dio que deve ser severamente punido pelas autoridades competentes. O futebol jamais pode ser usado como pretexto para que indiv\u00edduos cometam crimes, e a FPF atuar\u00e1 sempre para que o esporte seja um ambiente de paz, entretenimento e transforma\u00e7\u00e3o social positiva\u201d, informou a federa\u00e7\u00e3o.<\/p>\n<p>A Mancha Alvi Verde ainda n\u00e3o se manifestou sobre a decis\u00e3o.\u00a0Mas negou que tenha sido respons\u00e1vel\u00a0pelo ocorrido. &#8220;Lamentamos profundamente mais esse triste acontecimento e manifestamos nossa solidariedade e demonstramos nossa consterna\u00e7\u00e3o aos familiares da v\u00edtima, repudiando com veem\u00eancia tais atos de viol\u00eancia. Queremos, desde j\u00e1, deixar claro que a Mancha Alvi Verde n\u00e3o organizou, participou ou incentivou qualquer a\u00e7\u00e3o relacionada a esse incidente. Com mais de 45 mil associados, nossa torcida n\u00e3o pode ser responsabilizada por a\u00e7\u00f5es isoladas de cerca de 50 torcedores, que desrespeitam os princ\u00edpios de paz que promovemos e defendemos&#8221;, diz a nota.<\/p>\n<p>(Ag\u00eancia Brasil)<\/p>\n<\/div>\n","protected":false},"excerpt":{"rendered":"<p>Medida \u00e9 recomendada pelo Minist\u00e9rio P\u00fablico Ap\u00f3s a morte de um torcedor do Cruzeiro\u00a0no \u00faltimo<\/p>\n","protected":false},"author":4,"featured_media":44890,"comment_status":"open","ping_status":"open","sticky":false,"template":"","format":"standard","meta":{"footnotes":""},"categories":[3,31],"tags":[],"class_list":["post-44888","post","type-post","status-publish","format-standard","has-post-thumbnail","hentry","category-destaques","category-esporte"],"yoast_head":"<!-- This site is optimized with the Yoast SEO plugin v27.5 - https:\/\/yoast.com\/product\/yoast-seo-wordpress\/ -->\n<title>Ap\u00f3s morte de torcedor, federa\u00e7\u00e3o pro\u00edbe Mancha Alvi Verde em est\u00e1dios - Jornal<\/title>\n<meta name=\"description\" content=\"Ap\u00f3s morte de torcedor, federa\u00e7\u00e3o pro\u00edbe Mancha Alvi Verde em est\u00e1dios\" \/>\n<meta name=\"robots\" content=\"index, follow, max-snippet:-1, max-image-preview:large, max-video-preview:-1\" \/>\n<link rel=\"canonical\" href=\"https:\/\/jornalboasnoticias.com.br\/home\/apos-morte-de-torcedor-federacao-proibe-mancha-alvi-verde-em-estadios\/\" \/>\n<meta property=\"og:locale\" content=\"pt_BR\" \/>\n<meta property=\"og:type\" content=\"article\" \/>\n<meta property=\"og:title\" content=\"Ap\u00f3s morte de torcedor, federa\u00e7\u00e3o pro\u00edbe Mancha Alvi Verde em est\u00e1dios - Jornal\" \/>\n<meta property=\"og:description\" content=\"Ap\u00f3s morte de torcedor, federa\u00e7\u00e3o pro\u00edbe Mancha Alvi Verde em est\u00e1dios\" \/>\n<meta property=\"og:url\" content=\"https:\/\/jornalboasnoticias.com.br\/home\/apos-morte-de-torcedor-federacao-proibe-mancha-alvi-verde-em-estadios\/\" \/>\n<meta property=\"og:site_name\" content=\"Jornal\" \/>\n<meta property=\"article:publisher\" content=\"https:\/\/www.facebook.com\/boasnoticiasjornal\" \/>\n<meta property=\"article:published_time\" content=\"2024-10-30T23:31:54+00:00\" \/>\n<meta property=\"og:image\" content=\"https:\/\/jornalboasnoticias.com.br\/home\/wp-content\/uploads\/2024\/10\/captura_de_tela_2024-10-28_as_13.37.41-1.webp\" \/>\n\t<meta property=\"og:image:width\" content=\"1170\" \/>\n\t<meta property=\"og:image:height\" content=\"700\" \/>\n\t<meta property=\"og:image:type\" content=\"image\/webp\" \/>\n<meta name=\"author\" content=\"Ana Luiza Bonatto\" \/>\n<meta name=\"twitter:card\" content=\"summary_large_image\" \/>\n<meta name=\"twitter:label1\" content=\"Escrito por\" \/>\n\t<meta name=\"twitter:data1\" content=\"Ana Luiza Bonatto\" \/>\n\t<meta name=\"twitter:label2\" content=\"Est. tempo de leitura\" \/>\n\t<meta name=\"twitter:data2\" content=\"3 minutos\" \/>\n<script type=\"application\/ld+json\" class=\"yoast-schema-graph\">{\"@context\":\"https:\\\/\\\/schema.org\",\"@graph\":[{\"@type\":\"Article\",\"@id\":\"https:\\\/\\\/jornalboasnoticias.com.br\\\/home\\\/apos-morte-de-torcedor-federacao-proibe-mancha-alvi-verde-em-estadios\\\/#article\",\"isPartOf\":{\"@id\":\"https:\\\/\\\/jornalboasnoticias.com.br\\\/home\\\/apos-morte-de-torcedor-federacao-proibe-mancha-alvi-verde-em-estadios\\\/\"},\"author\":{\"name\":\"Ana Luiza Bonatto\",\"@id\":\"https:\\\/\\\/jornalboasnoticias.com.br\\\/home\\\/#\\\/schema\\\/person\\\/d641193e0afc6405b390164dac847971\"},\"headline\":\"Ap\u00f3s morte de torcedor, federa\u00e7\u00e3o pro\u00edbe Mancha Alvi Verde em est\u00e1dios\",\"datePublished\":\"2024-10-30T23:31:54+00:00\",\"mainEntityOfPage\":{\"@id\":\"https:\\\/\\\/jornalboasnoticias.com.br\\\/home\\\/apos-morte-de-torcedor-federacao-proibe-mancha-alvi-verde-em-estadios\\\/\"},\"wordCount\":483,\"commentCount\":0,\"publisher\":{\"@id\":\"https:\\\/\\\/jornalboasnoticias.com.br\\\/home\\\/#organization\"},\"image\":{\"@id\":\"https:\\\/\\\/jornalboasnoticias.com.br\\\/home\\\/apos-morte-de-torcedor-federacao-proibe-mancha-alvi-verde-em-estadios\\\/#primaryimage\"},\"thumbnailUrl\":\"https:\\\/\\\/jornalboasnoticias.com.br\\\/home\\\/wp-content\\\/uploads\\\/2024\\\/10\\\/captura_de_tela_2024-10-28_as_13.37.41-1.webp\",\"articleSection\":[\"DESTAQUE\",\"ESPORTE\"],\"inLanguage\":\"pt-BR\",\"potentialAction\":[{\"@type\":\"CommentAction\",\"name\":\"Comment\",\"target\":[\"https:\\\/\\\/jornalboasnoticias.com.br\\\/home\\\/apos-morte-de-torcedor-federacao-proibe-mancha-alvi-verde-em-estadios\\\/#respond\"]}]},{\"@type\":\"WebPage\",\"@id\":\"https:\\\/\\\/jornalboasnoticias.com.br\\\/home\\\/apos-morte-de-torcedor-federacao-proibe-mancha-alvi-verde-em-estadios\\\/\",\"url\":\"https:\\\/\\\/jornalboasnoticias.com.br\\\/home\\\/apos-morte-de-torcedor-federacao-proibe-mancha-alvi-verde-em-estadios\\\/\",\"name\":\"Ap\u00f3s morte de torcedor, federa\u00e7\u00e3o pro\u00edbe Mancha Alvi Verde em est\u00e1dios - Jornal\",\"isPartOf\":{\"@id\":\"https:\\\/\\\/jornalboasnoticias.com.br\\\/home\\\/#website\"},\"primaryImageOfPage\":{\"@id\":\"https:\\\/\\\/jornalboasnoticias.com.br\\\/home\\\/apos-morte-de-torcedor-federacao-proibe-mancha-alvi-verde-em-estadios\\\/#primaryimage\"},\"image\":{\"@id\":\"https:\\\/\\\/jornalboasnoticias.com.br\\\/home\\\/apos-morte-de-torcedor-federacao-proibe-mancha-alvi-verde-em-estadios\\\/#primaryimage\"},\"thumbnailUrl\":\"https:\\\/\\\/jornalboasnoticias.com.br\\\/home\\\/wp-content\\\/uploads\\\/2024\\\/10\\\/captura_de_tela_2024-10-28_as_13.37.41-1.webp\",\"datePublished\":\"2024-10-30T23:31:54+00:00\",\"description\":\"Ap\u00f3s morte de torcedor, federa\u00e7\u00e3o pro\u00edbe Mancha Alvi Verde em est\u00e1dios\",\"breadcrumb\":{\"@id\":\"https:\\\/\\\/jornalboasnoticias.com.br\\\/home\\\/apos-morte-de-torcedor-federacao-proibe-mancha-alvi-verde-em-estadios\\\/#breadcrumb\"},\"inLanguage\":\"pt-BR\",\"potentialAction\":[{\"@type\":\"ReadAction\",\"target\":[\"https:\\\/\\\/jornalboasnoticias.com.br\\\/home\\\/apos-morte-de-torcedor-federacao-proibe-mancha-alvi-verde-em-estadios\\\/\"]}]},{\"@type\":\"ImageObject\",\"inLanguage\":\"pt-BR\",\"@id\":\"https:\\\/\\\/jornalboasnoticias.com.br\\\/home\\\/apos-morte-de-torcedor-federacao-proibe-mancha-alvi-verde-em-estadios\\\/#primaryimage\",\"url\":\"https:\\\/\\\/jornalboasnoticias.com.br\\\/home\\\/wp-content\\\/uploads\\\/2024\\\/10\\\/captura_de_tela_2024-10-28_as_13.37.41-1.webp\",\"contentUrl\":\"https:\\\/\\\/jornalboasnoticias.com.br\\\/home\\\/wp-content\\\/uploads\\\/2024\\\/10\\\/captura_de_tela_2024-10-28_as_13.37.41-1.webp\",\"width\":1170,\"height\":700,\"caption\":\"\u00a9 Foto PRF\\\/SP\"},{\"@type\":\"BreadcrumbList\",\"@id\":\"https:\\\/\\\/jornalboasnoticias.com.br\\\/home\\\/apos-morte-de-torcedor-federacao-proibe-mancha-alvi-verde-em-estadios\\\/#breadcrumb\",\"itemListElement\":[{\"@type\":\"ListItem\",\"position\":1,\"name\":\"In\u00edcio\",\"item\":\"https:\\\/\\\/jornalboasnoticias.com.br\\\/home\\\/\"},{\"@type\":\"ListItem\",\"position\":2,\"name\":\"Ap\u00f3s morte de torcedor, federa\u00e7\u00e3o pro\u00edbe Mancha Alvi Verde em est\u00e1dios\"}]},{\"@type\":\"WebSite\",\"@id\":\"https:\\\/\\\/jornalboasnoticias.com.br\\\/home\\\/#website\",\"url\":\"https:\\\/\\\/jornalboasnoticias.com.br\\\/home\\\/\",\"name\":\"Jornal Boas Not\u00edcias\",\"description\":\"Boas not\u00edcias\",\"publisher\":{\"@id\":\"https:\\\/\\\/jornalboasnoticias.com.br\\\/home\\\/#organization\"},\"potentialAction\":[{\"@type\":\"SearchAction\",\"target\":{\"@type\":\"EntryPoint\",\"urlTemplate\":\"https:\\\/\\\/jornalboasnoticias.com.br\\\/home\\\/?s={search_term_string}\"},\"query-input\":{\"@type\":\"PropertyValueSpecification\",\"valueRequired\":true,\"valueName\":\"search_term_string\"}}],\"inLanguage\":\"pt-BR\"},{\"@type\":\"Organization\",\"@id\":\"https:\\\/\\\/jornalboasnoticias.com.br\\\/home\\\/#organization\",\"name\":\"Coq Editora Ltda\",\"alternateName\":\"Jornal Boas Noticias\",\"url\":\"https:\\\/\\\/jornalboasnoticias.com.br\\\/home\\\/\",\"logo\":{\"@type\":\"ImageObject\",\"inLanguage\":\"pt-BR\",\"@id\":\"https:\\\/\\\/jornalboasnoticias.com.br\\\/home\\\/#\\\/schema\\\/logo\\\/image\\\/\",\"url\":\"https:\\\/\\\/jornalboasnoticias.com.br\\\/home\\\/wp-content\\\/uploads\\\/2024\\\/07\\\/cropped-logo.jpg\",\"contentUrl\":\"https:\\\/\\\/jornalboasnoticias.com.br\\\/home\\\/wp-content\\\/uploads\\\/2024\\\/07\\\/cropped-logo.jpg\",\"width\":290,\"height\":142,\"caption\":\"Coq Editora Ltda\"},\"image\":{\"@id\":\"https:\\\/\\\/jornalboasnoticias.com.br\\\/home\\\/#\\\/schema\\\/logo\\\/image\\\/\"},\"sameAs\":[\"https:\\\/\\\/www.facebook.com\\\/boasnoticiasjornal\"]},{\"@type\":\"Person\",\"@id\":\"https:\\\/\\\/jornalboasnoticias.com.br\\\/home\\\/#\\\/schema\\\/person\\\/d641193e0afc6405b390164dac847971\",\"name\":\"Ana Luiza Bonatto\",\"image\":{\"@type\":\"ImageObject\",\"inLanguage\":\"pt-BR\",\"@id\":\"https:\\\/\\\/secure.gravatar.com\\\/avatar\\\/8a055ebe6373371f67ac6fcf313c0ac0b0a91157fdcdb9514fa62927373348f0?s=96&d=mm&r=g\",\"url\":\"https:\\\/\\\/secure.gravatar.com\\\/avatar\\\/8a055ebe6373371f67ac6fcf313c0ac0b0a91157fdcdb9514fa62927373348f0?s=96&d=mm&r=g\",\"contentUrl\":\"https:\\\/\\\/secure.gravatar.com\\\/avatar\\\/8a055ebe6373371f67ac6fcf313c0ac0b0a91157fdcdb9514fa62927373348f0?s=96&d=mm&r=g\",\"caption\":\"Ana Luiza Bonatto\"},\"url\":\"https:\\\/\\\/jornalboasnoticias.com.br\\\/home\\\/author\\\/ana-luiza\\\/\"}]}<\/script>\n<!-- \/ Yoast SEO plugin. -->","yoast_head_json":{"title":"Ap\u00f3s morte de torcedor, federa\u00e7\u00e3o pro\u00edbe Mancha Alvi Verde em est\u00e1dios - Jornal","description":"Ap\u00f3s morte de torcedor, federa\u00e7\u00e3o pro\u00edbe Mancha Alvi Verde em est\u00e1dios","robots":{"index":"index","follow":"follow","max-snippet":"max-snippet:-1","max-image-preview":"max-image-preview:large","max-video-preview":"max-video-preview:-1"},"canonical":"https:\/\/jornalboasnoticias.com.br\/home\/apos-morte-de-torcedor-federacao-proibe-mancha-alvi-verde-em-estadios\/","og_locale":"pt_BR","og_type":"article","og_title":"Ap\u00f3s morte de torcedor, federa\u00e7\u00e3o pro\u00edbe Mancha Alvi Verde em est\u00e1dios - Jornal","og_description":"Ap\u00f3s morte de torcedor, federa\u00e7\u00e3o pro\u00edbe Mancha Alvi Verde em est\u00e1dios","og_url":"https:\/\/jornalboasnoticias.com.br\/home\/apos-morte-de-torcedor-federacao-proibe-mancha-alvi-verde-em-estadios\/","og_site_name":"Jornal","article_publisher":"https:\/\/www.facebook.com\/boasnoticiasjornal","article_published_time":"2024-10-30T23:31:54+00:00","og_image":[{"width":1170,"height":700,"url":"https:\/\/jornalboasnoticias.com.br\/home\/wp-content\/uploads\/2024\/10\/captura_de_tela_2024-10-28_as_13.37.41-1.webp","type":"image\/webp"}],"author":"Ana Luiza Bonatto","twitter_card":"summary_large_image","twitter_misc":{"Escrito por":"Ana Luiza Bonatto","Est. tempo de leitura":"3 minutos"},"schema":{"@context":"https:\/\/schema.org","@graph":[{"@type":"Article","@id":"https:\/\/jornalboasnoticias.com.br\/home\/apos-morte-de-torcedor-federacao-proibe-mancha-alvi-verde-em-estadios\/#article","isPartOf":{"@id":"https:\/\/jornalboasnoticias.com.br\/home\/apos-morte-de-torcedor-federacao-proibe-mancha-alvi-verde-em-estadios\/"},"author":{"name":"Ana Luiza Bonatto","@id":"https:\/\/jornalboasnoticias.com.br\/home\/#\/schema\/person\/d641193e0afc6405b390164dac847971"},"headline":"Ap\u00f3s morte de torcedor, federa\u00e7\u00e3o pro\u00edbe Mancha Alvi Verde em est\u00e1dios","datePublished":"2024-10-30T23:31:54+00:00","mainEntityOfPage":{"@id":"https:\/\/jornalboasnoticias.com.br\/home\/apos-morte-de-torcedor-federacao-proibe-mancha-alvi-verde-em-estadios\/"},"wordCount":483,"commentCount":0,"publisher":{"@id":"https:\/\/jornalboasnoticias.com.br\/home\/#organization"},"image":{"@id":"https:\/\/jornalboasnoticias.com.br\/home\/apos-morte-de-torcedor-federacao-proibe-mancha-alvi-verde-em-estadios\/#primaryimage"},"thumbnailUrl":"https:\/\/jornalboasnoticias.com.br\/home\/wp-content\/uploads\/2024\/10\/captura_de_tela_2024-10-28_as_13.37.41-1.webp","articleSection":["DESTAQUE","ESPORTE"],"inLanguage":"pt-BR","potentialAction":[{"@type":"CommentAction","name":"Comment","target":["https:\/\/jornalboasnoticias.com.br\/home\/apos-morte-de-torcedor-federacao-proibe-mancha-alvi-verde-em-estadios\/#respond"]}]},{"@type":"WebPage","@id":"https:\/\/jornalboasnoticias.com.br\/home\/apos-morte-de-torcedor-federacao-proibe-mancha-alvi-verde-em-estadios\/","url":"https:\/\/jornalboasnoticias.com.br\/home\/apos-morte-de-torcedor-federacao-proibe-mancha-alvi-verde-em-estadios\/","name":"Ap\u00f3s morte de torcedor, federa\u00e7\u00e3o pro\u00edbe Mancha Alvi Verde em est\u00e1dios - Jornal","isPartOf":{"@id":"https:\/\/jornalboasnoticias.com.br\/home\/#website"},"primaryImageOfPage":{"@id":"https:\/\/jornalboasnoticias.com.br\/home\/apos-morte-de-torcedor-federacao-proibe-mancha-alvi-verde-em-estadios\/#primaryimage"},"image":{"@id":"https:\/\/jornalboasnoticias.com.br\/home\/apos-morte-de-torcedor-federacao-proibe-mancha-alvi-verde-em-estadios\/#primaryimage"},"thumbnailUrl":"https:\/\/jornalboasnoticias.com.br\/home\/wp-content\/uploads\/2024\/10\/captura_de_tela_2024-10-28_as_13.37.41-1.webp","datePublished":"2024-10-30T23:31:54+00:00","description":"Ap\u00f3s morte de torcedor, federa\u00e7\u00e3o pro\u00edbe Mancha Alvi Verde em est\u00e1dios","breadcrumb":{"@id":"https:\/\/jornalboasnoticias.com.br\/home\/apos-morte-de-torcedor-federacao-proibe-mancha-alvi-verde-em-estadios\/#breadcrumb"},"inLanguage":"pt-BR","potentialAction":[{"@type":"ReadAction","target":["https:\/\/jornalboasnoticias.com.br\/home\/apos-morte-de-torcedor-federacao-proibe-mancha-alvi-verde-em-estadios\/"]}]},{"@type":"ImageObject","inLanguage":"pt-BR","@id":"https:\/\/jornalboasnoticias.com.br\/home\/apos-morte-de-torcedor-federacao-proibe-mancha-alvi-verde-em-estadios\/#primaryimage","url":"https:\/\/jornalboasnoticias.com.br\/home\/wp-content\/uploads\/2024\/10\/captura_de_tela_2024-10-28_as_13.37.41-1.webp","contentUrl":"https:\/\/jornalboasnoticias.com.br\/home\/wp-content\/uploads\/2024\/10\/captura_de_tela_2024-10-28_as_13.37.41-1.webp","width":1170,"height":700,"caption":"\u00a9 Foto PRF\/SP"},{"@type":"BreadcrumbList","@id":"https:\/\/jornalboasnoticias.com.br\/home\/apos-morte-de-torcedor-federacao-proibe-mancha-alvi-verde-em-estadios\/#breadcrumb","itemListElement":[{"@type":"ListItem","position":1,"name":"In\u00edcio","item":"https:\/\/jornalboasnoticias.com.br\/home\/"},{"@type":"ListItem","position":2,"name":"Ap\u00f3s morte de torcedor, federa\u00e7\u00e3o pro\u00edbe Mancha Alvi Verde em est\u00e1dios"}]},{"@type":"WebSite","@id":"https:\/\/jornalboasnoticias.com.br\/home\/#website","url":"https:\/\/jornalboasnoticias.com.br\/home\/","name":"Jornal Boas Not\u00edcias","description":"Boas not\u00edcias","publisher":{"@id":"https:\/\/jornalboasnoticias.com.br\/home\/#organization"},"potentialAction":[{"@type":"SearchAction","target":{"@type":"EntryPoint","urlTemplate":"https:\/\/jornalboasnoticias.com.br\/home\/?s={search_term_string}"},"query-input":{"@type":"PropertyValueSpecification","valueRequired":true,"valueName":"search_term_string"}}],"inLanguage":"pt-BR"},{"@type":"Organization","@id":"https:\/\/jornalboasnoticias.com.br\/home\/#organization","name":"Coq Editora Ltda","alternateName":"Jornal Boas Noticias","url":"https:\/\/jornalboasnoticias.com.br\/home\/","logo":{"@type":"ImageObject","inLanguage":"pt-BR","@id":"https:\/\/jornalboasnoticias.com.br\/home\/#\/schema\/logo\/image\/","url":"https:\/\/jornalboasnoticias.com.br\/home\/wp-content\/uploads\/2024\/07\/cropped-logo.jpg","contentUrl":"https:\/\/jornalboasnoticias.com.br\/home\/wp-content\/uploads\/2024\/07\/cropped-logo.jpg","width":290,"height":142,"caption":"Coq Editora Ltda"},"image":{"@id":"https:\/\/jornalboasnoticias.com.br\/home\/#\/schema\/logo\/image\/"},"sameAs":["https:\/\/www.facebook.com\/boasnoticiasjornal"]},{"@type":"Person","@id":"https:\/\/jornalboasnoticias.com.br\/home\/#\/schema\/person\/d641193e0afc6405b390164dac847971","name":"Ana Luiza Bonatto","image":{"@type":"ImageObject","inLanguage":"pt-BR","@id":"https:\/\/secure.gravatar.com\/avatar\/8a055ebe6373371f67ac6fcf313c0ac0b0a91157fdcdb9514fa62927373348f0?s=96&d=mm&r=g","url":"https:\/\/secure.gravatar.com\/avatar\/8a055ebe6373371f67ac6fcf313c0ac0b0a91157fdcdb9514fa62927373348f0?s=96&d=mm&r=g","contentUrl":"https:\/\/secure.gravatar.com\/avatar\/8a055ebe6373371f67ac6fcf313c0ac0b0a91157fdcdb9514fa62927373348f0?s=96&d=mm&r=g","caption":"Ana Luiza Bonatto"},"url":"https:\/\/jornalboasnoticias.com.br\/home\/author\/ana-luiza\/"}]}},"_links":{"self":[{"href":"https:\/\/jornalboasnoticias.com.br\/home\/wp-json\/wp\/v2\/posts\/44888","targetHints":{"allow":["GET"]}}],"collection":[{"href":"https:\/\/jornalboasnoticias.com.br\/home\/wp-json\/wp\/v2\/posts"}],"about":[{"href":"https:\/\/jornalboasnoticias.com.br\/home\/wp-json\/wp\/v2\/types\/post"}],"author":[{"embeddable":true,"href":"https:\/\/jornalboasnoticias.com.br\/home\/wp-json\/wp\/v2\/users\/4"}],"replies":[{"embeddable":true,"href":"https:\/\/jornalboasnoticias.com.br\/home\/wp-json\/wp\/v2\/comments?post=44888"}],"version-history":[{"count":1,"href":"https:\/\/jornalboasnoticias.com.br\/home\/wp-json\/wp\/v2\/posts\/44888\/revisions"}],"predecessor-version":[{"id":44891,"href":"https:\/\/jornalboasnoticias.com.br\/home\/wp-json\/wp\/v2\/posts\/44888\/revisions\/44891"}],"wp:featuredmedia":[{"embeddable":true,"href":"https:\/\/jornalboasnoticias.com.br\/home\/wp-json\/wp\/v2\/media\/44890"}],"wp:attachment":[{"href":"https:\/\/jornalboasnoticias.com.br\/home\/wp-json\/wp\/v2\/media?parent=44888"}],"wp:term":[{"taxonomy":"category","embeddable":true,"href":"https:\/\/jornalboasnoticias.com.br\/home\/wp-json\/wp\/v2\/categories?post=44888"},{"taxonomy":"post_tag","embeddable":true,"href":"https:\/\/jornalboasnoticias.com.br\/home\/wp-json\/wp\/v2\/tags?post=44888"}],"curies":[{"name":"wp","href":"https:\/\/api.w.org\/{rel}","templated":true}]}}