{"id":44879,"date":"2024-10-30T23:20:07","date_gmt":"2024-10-30T23:20:07","guid":{"rendered":"https:\/\/jornalboasnoticias.com.br\/home\/?p=44879"},"modified":"2024-10-30T23:20:07","modified_gmt":"2024-10-30T23:20:07","slug":"caged-registra-criacao-de-247-mil-postos-de-trabalho-em-setembro","status":"publish","type":"post","link":"https:\/\/jornalboasnoticias.com.br\/home\/caged-registra-criacao-de-247-mil-postos-de-trabalho-em-setembro\/","title":{"rendered":"Caged registra cria\u00e7\u00e3o de 247 mil postos de trabalho em setembro"},"content":{"rendered":"<div class=\"header-noticia full-width\">\n<div>\n<figure id=\"attachment_44880\" aria-describedby=\"caption-attachment-44880\" style=\"width: 1170px\" class=\"wp-caption alignnone\"><img loading=\"lazy\" decoding=\"async\" class=\"size-full wp-image-44880\" src=\"https:\/\/jornalboasnoticias.com.br\/home\/wp-content\/uploads\/2024\/10\/obras_construcao_noreste_mcajr_abr2807221054.webp\" alt=\"\" width=\"1170\" height=\"700\" srcset=\"https:\/\/jornalboasnoticias.com.br\/home\/wp-content\/uploads\/2024\/10\/obras_construcao_noreste_mcajr_abr2807221054.webp 1170w, https:\/\/jornalboasnoticias.com.br\/home\/wp-content\/uploads\/2024\/10\/obras_construcao_noreste_mcajr_abr2807221054-300x179.webp 300w, https:\/\/jornalboasnoticias.com.br\/home\/wp-content\/uploads\/2024\/10\/obras_construcao_noreste_mcajr_abr2807221054-1024x613.webp 1024w, https:\/\/jornalboasnoticias.com.br\/home\/wp-content\/uploads\/2024\/10\/obras_construcao_noreste_mcajr_abr2807221054-768x459.webp 768w\" sizes=\"auto, (max-width: 1170px) 100vw, 1170px\" \/><figcaption id=\"caption-attachment-44880\" class=\"wp-caption-text\">\u00a9 Marcello Casal JrAg\u00eancia Brasil<\/figcaption><\/figure>\n<\/div>\n<\/div>\n<blockquote>\n<div class=\"header-noticia full-width\">\n<div class=\"linha-fina-noticia\">N\u00famero representa alta de 21% em rela\u00e7\u00e3o ao mesmo m\u00eas de 2023<\/div>\n<\/div>\n<\/blockquote>\n<div>\n<p>A cria\u00e7\u00e3o de emprego formal subiu em setembro. Segundo dados divulgados pelo Cadastro Geral de Empregados e Desempregados (Caged), do Minist\u00e9rio do Trabalho e Emprego, 247.818 postos de trabalho com carteira assinada foram abertos no \u00faltimo m\u00eas. O indicador mede a diferen\u00e7a entre contrata\u00e7\u00f5es e demiss\u00f5es.<img decoding=\"async\" src=\"https:\/\/agenciabrasil.ebc.com.br\/ebc.png?id=1617600&amp;o=node\" \/><img decoding=\"async\" src=\"https:\/\/agenciabrasil.ebc.com.br\/ebc.gif?id=1617600&amp;o=node\" \/><\/p>\n<p>A cria\u00e7\u00e3o de empregos subiu 21,1% em rela\u00e7\u00e3o ao mesmo m\u00eas do ano passado. Em setembro de 2023, tinham sido criados 204.670 postos de trabalho, nos dados com ajuste, que consideram declara\u00e7\u00f5es entregues em atraso pelos empregadores. Em rela\u00e7\u00e3o aos meses de setembro, o volume foi o maior desde 2022.<\/p>\n<p>Nos nove primeiros meses do ano, foram abertas 1.981.557 vagas. Esse resultado \u00e9 24% mais alto que no mesmo per\u00edodo do ano passado. A compara\u00e7\u00e3o considera os dados com ajustes, quando o Minist\u00e9rio do Trabalho registra declara\u00e7\u00f5es entregues fora do prazo pelos empregadores e retifica os dados de meses anteriores.<\/p>\n<p>O resultado acumulado \u00e9 o maior desde 2022, quando tinham sido criados 2.181.100 postos de trabalho de janeiro a setembro. A mudan\u00e7a da metodologia do Caged n\u00e3o torna poss\u00edvel a compara\u00e7\u00e3o com anos anteriores a 2020.<\/p>\n<h2>Setores<\/h2>\n<p>Na divis\u00e3o por ramos de atividade, quatro dos cinco setores pesquisados criaram empregos formais em setembro. A estat\u00edstica foi liderada pelos servi\u00e7os, com a abertura de 128.354 postos, seguidos pela ind\u00fastria (de transforma\u00e7\u00e3o, de extra\u00e7\u00e3o e de outros tipos), com 59.827 postos a mais. Em terceiro lugar, vem o com\u00e9rcio, com a cria\u00e7\u00e3o de 44.622 postos de trabalho.<\/p>\n<p>O n\u00edvel de emprego aumentou na constru\u00e7\u00e3o civil, com a abertura de 17.024 postos. Com a press\u00e3o pelo fim da safra de v\u00e1rios produtos, a agropecu\u00e1ria foi o \u00fanico setor com saldo negativo, eliminando 2.004 vagas no m\u00eas passado.<\/p>\n<h2>Destaques<\/h2>\n<p>Nos servi\u00e7os, a cria\u00e7\u00e3o de empregos foi puxada pelo segmento de informa\u00e7\u00e3o, comunica\u00e7\u00e3o e atividades financeiras, imobili\u00e1rias, profissionais e administrativas, com a abertura de 55.860 postos formais. A categoria de administra\u00e7\u00e3o p\u00fablica, defesa e seguridade social, educa\u00e7\u00e3o, sa\u00fade humana e servi\u00e7os sociais abriu 31.046 vagas.<\/p>\n<p>Na ind\u00fastria, o destaque positivo ficou com a ind\u00fastria de transforma\u00e7\u00e3o, que contratou 45.803 trabalhadores a mais do que demitiu. Em segundo lugar, ficou o segmento de \u00e1gua, esgoto, gest\u00e3o de res\u00edduos e descontamina\u00e7\u00e3o, que abriu 2.285 vagas.<\/p>\n<p>As estat\u00edsticas do Caged apresentadas a partir 2020 n\u00e3o detalham as contrata\u00e7\u00f5es e demiss\u00f5es por segmentos do com\u00e9rcio. A s\u00e9rie hist\u00f3rica anterior separava os dados do com\u00e9rcio atacadista e varejista.<\/p>\n<h2>Regi\u00f5es<\/h2>\n<p>Todas as cinco regi\u00f5es brasileiras criaram empregos com carteira assinada em setembro. O Sudeste liderou a abertura de vagas, com 98.282 postos a mais, seguido pelo Nordeste, com 77.175 postos. Em seguida, vem o Sul, com 38.140 postos. O Norte abriu 15.609 postos de trabalho, e o Centro-Oeste criou 15.362 vagas formais no m\u00eas passado, tendo o menor desempenho por causa do fim da safra.<\/p>\n<p>Na divis\u00e3o por unidades da Federa\u00e7\u00e3o, todas registraram saldo positivo. Os destaques na cria\u00e7\u00e3o de empregos foram S\u00e3o Paulo (+57.067 postos), Rio de Janeiro (+19.740) e Pernambuco (+17.851). Os n\u00fameros mais baixos de abertura de vagas foram registrados em Rond\u00f4nia (+599), em Roraima (+729) e no Acre (+955).<\/p>\n<p>(Ag\u00eancia Brasil)<\/p>\n<\/div>\n<blockquote>\n<div class=\"subheader\">\n<div class=\"container-autoria\"><\/div>\n<\/div>\n<\/blockquote>\n","protected":false},"excerpt":{"rendered":"<p>N\u00famero representa alta de 21% em rela\u00e7\u00e3o ao mesmo m\u00eas de 2023 A cria\u00e7\u00e3o de<\/p>\n","protected":false},"author":4,"featured_media":44880,"comment_status":"open","ping_status":"open","sticky":false,"template":"","format":"standard","meta":{"footnotes":""},"categories":[3,5],"tags":[],"class_list":["post-44879","post","type-post","status-publish","format-standard","has-post-thumbnail","hentry","category-destaques","category-economia"],"yoast_head":"<!-- This site is optimized with the Yoast SEO plugin v27.5 - https:\/\/yoast.com\/product\/yoast-seo-wordpress\/ -->\n<title>Caged registra cria\u00e7\u00e3o de 247 mil postos de trabalho em setembro - Jornal<\/title>\n<meta name=\"description\" content=\"Caged registra cria\u00e7\u00e3o de 247 mil postos de trabalho em setembro\" \/>\n<meta name=\"robots\" content=\"index, follow, max-snippet:-1, max-image-preview:large, max-video-preview:-1\" \/>\n<link rel=\"canonical\" href=\"https:\/\/jornalboasnoticias.com.br\/home\/caged-registra-criacao-de-247-mil-postos-de-trabalho-em-setembro\/\" \/>\n<meta property=\"og:locale\" content=\"pt_BR\" \/>\n<meta property=\"og:type\" content=\"article\" \/>\n<meta property=\"og:title\" content=\"Caged registra cria\u00e7\u00e3o de 247 mil postos de trabalho em setembro - Jornal\" \/>\n<meta property=\"og:description\" content=\"Caged registra cria\u00e7\u00e3o de 247 mil postos de trabalho em setembro\" \/>\n<meta property=\"og:url\" content=\"https:\/\/jornalboasnoticias.com.br\/home\/caged-registra-criacao-de-247-mil-postos-de-trabalho-em-setembro\/\" \/>\n<meta property=\"og:site_name\" content=\"Jornal\" \/>\n<meta property=\"article:publisher\" content=\"https:\/\/www.facebook.com\/boasnoticiasjornal\" \/>\n<meta property=\"article:published_time\" content=\"2024-10-30T23:20:07+00:00\" \/>\n<meta property=\"og:image\" content=\"https:\/\/jornalboasnoticias.com.br\/home\/wp-content\/uploads\/2024\/10\/obras_construcao_noreste_mcajr_abr2807221054.webp\" \/>\n\t<meta property=\"og:image:width\" content=\"1170\" \/>\n\t<meta property=\"og:image:height\" content=\"700\" \/>\n\t<meta property=\"og:image:type\" content=\"image\/webp\" \/>\n<meta name=\"author\" content=\"Ana Luiza Bonatto\" \/>\n<meta name=\"twitter:card\" content=\"summary_large_image\" \/>\n<meta name=\"twitter:label1\" content=\"Escrito por\" \/>\n\t<meta name=\"twitter:data1\" content=\"Ana Luiza Bonatto\" \/>\n\t<meta name=\"twitter:label2\" content=\"Est. tempo de leitura\" \/>\n\t<meta name=\"twitter:data2\" content=\"4 minutos\" \/>\n<script type=\"application\/ld+json\" class=\"yoast-schema-graph\">{\"@context\":\"https:\\\/\\\/schema.org\",\"@graph\":[{\"@type\":\"Article\",\"@id\":\"https:\\\/\\\/jornalboasnoticias.com.br\\\/home\\\/caged-registra-criacao-de-247-mil-postos-de-trabalho-em-setembro\\\/#article\",\"isPartOf\":{\"@id\":\"https:\\\/\\\/jornalboasnoticias.com.br\\\/home\\\/caged-registra-criacao-de-247-mil-postos-de-trabalho-em-setembro\\\/\"},\"author\":{\"name\":\"Ana Luiza Bonatto\",\"@id\":\"https:\\\/\\\/jornalboasnoticias.com.br\\\/home\\\/#\\\/schema\\\/person\\\/d641193e0afc6405b390164dac847971\"},\"headline\":\"Caged registra cria\u00e7\u00e3o de 247 mil postos de trabalho em setembro\",\"datePublished\":\"2024-10-30T23:20:07+00:00\",\"mainEntityOfPage\":{\"@id\":\"https:\\\/\\\/jornalboasnoticias.com.br\\\/home\\\/caged-registra-criacao-de-247-mil-postos-de-trabalho-em-setembro\\\/\"},\"wordCount\":580,\"commentCount\":0,\"publisher\":{\"@id\":\"https:\\\/\\\/jornalboasnoticias.com.br\\\/home\\\/#organization\"},\"image\":{\"@id\":\"https:\\\/\\\/jornalboasnoticias.com.br\\\/home\\\/caged-registra-criacao-de-247-mil-postos-de-trabalho-em-setembro\\\/#primaryimage\"},\"thumbnailUrl\":\"https:\\\/\\\/jornalboasnoticias.com.br\\\/home\\\/wp-content\\\/uploads\\\/2024\\\/10\\\/obras_construcao_noreste_mcajr_abr2807221054.webp\",\"articleSection\":[\"DESTAQUE\",\"ECONOMIA\"],\"inLanguage\":\"pt-BR\",\"potentialAction\":[{\"@type\":\"CommentAction\",\"name\":\"Comment\",\"target\":[\"https:\\\/\\\/jornalboasnoticias.com.br\\\/home\\\/caged-registra-criacao-de-247-mil-postos-de-trabalho-em-setembro\\\/#respond\"]}]},{\"@type\":\"WebPage\",\"@id\":\"https:\\\/\\\/jornalboasnoticias.com.br\\\/home\\\/caged-registra-criacao-de-247-mil-postos-de-trabalho-em-setembro\\\/\",\"url\":\"https:\\\/\\\/jornalboasnoticias.com.br\\\/home\\\/caged-registra-criacao-de-247-mil-postos-de-trabalho-em-setembro\\\/\",\"name\":\"Caged registra cria\u00e7\u00e3o de 247 mil postos de trabalho em setembro - Jornal\",\"isPartOf\":{\"@id\":\"https:\\\/\\\/jornalboasnoticias.com.br\\\/home\\\/#website\"},\"primaryImageOfPage\":{\"@id\":\"https:\\\/\\\/jornalboasnoticias.com.br\\\/home\\\/caged-registra-criacao-de-247-mil-postos-de-trabalho-em-setembro\\\/#primaryimage\"},\"image\":{\"@id\":\"https:\\\/\\\/jornalboasnoticias.com.br\\\/home\\\/caged-registra-criacao-de-247-mil-postos-de-trabalho-em-setembro\\\/#primaryimage\"},\"thumbnailUrl\":\"https:\\\/\\\/jornalboasnoticias.com.br\\\/home\\\/wp-content\\\/uploads\\\/2024\\\/10\\\/obras_construcao_noreste_mcajr_abr2807221054.webp\",\"datePublished\":\"2024-10-30T23:20:07+00:00\",\"description\":\"Caged registra cria\u00e7\u00e3o de 247 mil postos de trabalho em setembro\",\"breadcrumb\":{\"@id\":\"https:\\\/\\\/jornalboasnoticias.com.br\\\/home\\\/caged-registra-criacao-de-247-mil-postos-de-trabalho-em-setembro\\\/#breadcrumb\"},\"inLanguage\":\"pt-BR\",\"potentialAction\":[{\"@type\":\"ReadAction\",\"target\":[\"https:\\\/\\\/jornalboasnoticias.com.br\\\/home\\\/caged-registra-criacao-de-247-mil-postos-de-trabalho-em-setembro\\\/\"]}]},{\"@type\":\"ImageObject\",\"inLanguage\":\"pt-BR\",\"@id\":\"https:\\\/\\\/jornalboasnoticias.com.br\\\/home\\\/caged-registra-criacao-de-247-mil-postos-de-trabalho-em-setembro\\\/#primaryimage\",\"url\":\"https:\\\/\\\/jornalboasnoticias.com.br\\\/home\\\/wp-content\\\/uploads\\\/2024\\\/10\\\/obras_construcao_noreste_mcajr_abr2807221054.webp\",\"contentUrl\":\"https:\\\/\\\/jornalboasnoticias.com.br\\\/home\\\/wp-content\\\/uploads\\\/2024\\\/10\\\/obras_construcao_noreste_mcajr_abr2807221054.webp\",\"width\":1170,\"height\":700,\"caption\":\"\u00a9 Marcello Casal JrAg\u00eancia Brasil\"},{\"@type\":\"BreadcrumbList\",\"@id\":\"https:\\\/\\\/jornalboasnoticias.com.br\\\/home\\\/caged-registra-criacao-de-247-mil-postos-de-trabalho-em-setembro\\\/#breadcrumb\",\"itemListElement\":[{\"@type\":\"ListItem\",\"position\":1,\"name\":\"In\u00edcio\",\"item\":\"https:\\\/\\\/jornalboasnoticias.com.br\\\/home\\\/\"},{\"@type\":\"ListItem\",\"position\":2,\"name\":\"Caged registra cria\u00e7\u00e3o de 247 mil postos de trabalho em setembro\"}]},{\"@type\":\"WebSite\",\"@id\":\"https:\\\/\\\/jornalboasnoticias.com.br\\\/home\\\/#website\",\"url\":\"https:\\\/\\\/jornalboasnoticias.com.br\\\/home\\\/\",\"name\":\"Jornal Boas Not\u00edcias\",\"description\":\"Boas not\u00edcias\",\"publisher\":{\"@id\":\"https:\\\/\\\/jornalboasnoticias.com.br\\\/home\\\/#organization\"},\"potentialAction\":[{\"@type\":\"SearchAction\",\"target\":{\"@type\":\"EntryPoint\",\"urlTemplate\":\"https:\\\/\\\/jornalboasnoticias.com.br\\\/home\\\/?s={search_term_string}\"},\"query-input\":{\"@type\":\"PropertyValueSpecification\",\"valueRequired\":true,\"valueName\":\"search_term_string\"}}],\"inLanguage\":\"pt-BR\"},{\"@type\":\"Organization\",\"@id\":\"https:\\\/\\\/jornalboasnoticias.com.br\\\/home\\\/#organization\",\"name\":\"Coq Editora Ltda\",\"alternateName\":\"Jornal Boas Noticias\",\"url\":\"https:\\\/\\\/jornalboasnoticias.com.br\\\/home\\\/\",\"logo\":{\"@type\":\"ImageObject\",\"inLanguage\":\"pt-BR\",\"@id\":\"https:\\\/\\\/jornalboasnoticias.com.br\\\/home\\\/#\\\/schema\\\/logo\\\/image\\\/\",\"url\":\"https:\\\/\\\/jornalboasnoticias.com.br\\\/home\\\/wp-content\\\/uploads\\\/2024\\\/07\\\/cropped-logo.jpg\",\"contentUrl\":\"https:\\\/\\\/jornalboasnoticias.com.br\\\/home\\\/wp-content\\\/uploads\\\/2024\\\/07\\\/cropped-logo.jpg\",\"width\":290,\"height\":142,\"caption\":\"Coq Editora Ltda\"},\"image\":{\"@id\":\"https:\\\/\\\/jornalboasnoticias.com.br\\\/home\\\/#\\\/schema\\\/logo\\\/image\\\/\"},\"sameAs\":[\"https:\\\/\\\/www.facebook.com\\\/boasnoticiasjornal\"]},{\"@type\":\"Person\",\"@id\":\"https:\\\/\\\/jornalboasnoticias.com.br\\\/home\\\/#\\\/schema\\\/person\\\/d641193e0afc6405b390164dac847971\",\"name\":\"Ana Luiza Bonatto\",\"image\":{\"@type\":\"ImageObject\",\"inLanguage\":\"pt-BR\",\"@id\":\"https:\\\/\\\/secure.gravatar.com\\\/avatar\\\/8a055ebe6373371f67ac6fcf313c0ac0b0a91157fdcdb9514fa62927373348f0?s=96&d=mm&r=g\",\"url\":\"https:\\\/\\\/secure.gravatar.com\\\/avatar\\\/8a055ebe6373371f67ac6fcf313c0ac0b0a91157fdcdb9514fa62927373348f0?s=96&d=mm&r=g\",\"contentUrl\":\"https:\\\/\\\/secure.gravatar.com\\\/avatar\\\/8a055ebe6373371f67ac6fcf313c0ac0b0a91157fdcdb9514fa62927373348f0?s=96&d=mm&r=g\",\"caption\":\"Ana Luiza Bonatto\"},\"url\":\"https:\\\/\\\/jornalboasnoticias.com.br\\\/home\\\/author\\\/ana-luiza\\\/\"}]}<\/script>\n<!-- \/ Yoast SEO plugin. -->","yoast_head_json":{"title":"Caged registra cria\u00e7\u00e3o de 247 mil postos de trabalho em setembro - Jornal","description":"Caged registra cria\u00e7\u00e3o de 247 mil postos de trabalho em setembro","robots":{"index":"index","follow":"follow","max-snippet":"max-snippet:-1","max-image-preview":"max-image-preview:large","max-video-preview":"max-video-preview:-1"},"canonical":"https:\/\/jornalboasnoticias.com.br\/home\/caged-registra-criacao-de-247-mil-postos-de-trabalho-em-setembro\/","og_locale":"pt_BR","og_type":"article","og_title":"Caged registra cria\u00e7\u00e3o de 247 mil postos de trabalho em setembro - Jornal","og_description":"Caged registra cria\u00e7\u00e3o de 247 mil postos de trabalho em setembro","og_url":"https:\/\/jornalboasnoticias.com.br\/home\/caged-registra-criacao-de-247-mil-postos-de-trabalho-em-setembro\/","og_site_name":"Jornal","article_publisher":"https:\/\/www.facebook.com\/boasnoticiasjornal","article_published_time":"2024-10-30T23:20:07+00:00","og_image":[{"width":1170,"height":700,"url":"https:\/\/jornalboasnoticias.com.br\/home\/wp-content\/uploads\/2024\/10\/obras_construcao_noreste_mcajr_abr2807221054.webp","type":"image\/webp"}],"author":"Ana Luiza Bonatto","twitter_card":"summary_large_image","twitter_misc":{"Escrito por":"Ana Luiza Bonatto","Est. tempo de leitura":"4 minutos"},"schema":{"@context":"https:\/\/schema.org","@graph":[{"@type":"Article","@id":"https:\/\/jornalboasnoticias.com.br\/home\/caged-registra-criacao-de-247-mil-postos-de-trabalho-em-setembro\/#article","isPartOf":{"@id":"https:\/\/jornalboasnoticias.com.br\/home\/caged-registra-criacao-de-247-mil-postos-de-trabalho-em-setembro\/"},"author":{"name":"Ana Luiza Bonatto","@id":"https:\/\/jornalboasnoticias.com.br\/home\/#\/schema\/person\/d641193e0afc6405b390164dac847971"},"headline":"Caged registra cria\u00e7\u00e3o de 247 mil postos de trabalho em setembro","datePublished":"2024-10-30T23:20:07+00:00","mainEntityOfPage":{"@id":"https:\/\/jornalboasnoticias.com.br\/home\/caged-registra-criacao-de-247-mil-postos-de-trabalho-em-setembro\/"},"wordCount":580,"commentCount":0,"publisher":{"@id":"https:\/\/jornalboasnoticias.com.br\/home\/#organization"},"image":{"@id":"https:\/\/jornalboasnoticias.com.br\/home\/caged-registra-criacao-de-247-mil-postos-de-trabalho-em-setembro\/#primaryimage"},"thumbnailUrl":"https:\/\/jornalboasnoticias.com.br\/home\/wp-content\/uploads\/2024\/10\/obras_construcao_noreste_mcajr_abr2807221054.webp","articleSection":["DESTAQUE","ECONOMIA"],"inLanguage":"pt-BR","potentialAction":[{"@type":"CommentAction","name":"Comment","target":["https:\/\/jornalboasnoticias.com.br\/home\/caged-registra-criacao-de-247-mil-postos-de-trabalho-em-setembro\/#respond"]}]},{"@type":"WebPage","@id":"https:\/\/jornalboasnoticias.com.br\/home\/caged-registra-criacao-de-247-mil-postos-de-trabalho-em-setembro\/","url":"https:\/\/jornalboasnoticias.com.br\/home\/caged-registra-criacao-de-247-mil-postos-de-trabalho-em-setembro\/","name":"Caged registra cria\u00e7\u00e3o de 247 mil postos de trabalho em setembro - Jornal","isPartOf":{"@id":"https:\/\/jornalboasnoticias.com.br\/home\/#website"},"primaryImageOfPage":{"@id":"https:\/\/jornalboasnoticias.com.br\/home\/caged-registra-criacao-de-247-mil-postos-de-trabalho-em-setembro\/#primaryimage"},"image":{"@id":"https:\/\/jornalboasnoticias.com.br\/home\/caged-registra-criacao-de-247-mil-postos-de-trabalho-em-setembro\/#primaryimage"},"thumbnailUrl":"https:\/\/jornalboasnoticias.com.br\/home\/wp-content\/uploads\/2024\/10\/obras_construcao_noreste_mcajr_abr2807221054.webp","datePublished":"2024-10-30T23:20:07+00:00","description":"Caged registra cria\u00e7\u00e3o de 247 mil postos de trabalho em setembro","breadcrumb":{"@id":"https:\/\/jornalboasnoticias.com.br\/home\/caged-registra-criacao-de-247-mil-postos-de-trabalho-em-setembro\/#breadcrumb"},"inLanguage":"pt-BR","potentialAction":[{"@type":"ReadAction","target":["https:\/\/jornalboasnoticias.com.br\/home\/caged-registra-criacao-de-247-mil-postos-de-trabalho-em-setembro\/"]}]},{"@type":"ImageObject","inLanguage":"pt-BR","@id":"https:\/\/jornalboasnoticias.com.br\/home\/caged-registra-criacao-de-247-mil-postos-de-trabalho-em-setembro\/#primaryimage","url":"https:\/\/jornalboasnoticias.com.br\/home\/wp-content\/uploads\/2024\/10\/obras_construcao_noreste_mcajr_abr2807221054.webp","contentUrl":"https:\/\/jornalboasnoticias.com.br\/home\/wp-content\/uploads\/2024\/10\/obras_construcao_noreste_mcajr_abr2807221054.webp","width":1170,"height":700,"caption":"\u00a9 Marcello Casal JrAg\u00eancia Brasil"},{"@type":"BreadcrumbList","@id":"https:\/\/jornalboasnoticias.com.br\/home\/caged-registra-criacao-de-247-mil-postos-de-trabalho-em-setembro\/#breadcrumb","itemListElement":[{"@type":"ListItem","position":1,"name":"In\u00edcio","item":"https:\/\/jornalboasnoticias.com.br\/home\/"},{"@type":"ListItem","position":2,"name":"Caged registra cria\u00e7\u00e3o de 247 mil postos de trabalho em setembro"}]},{"@type":"WebSite","@id":"https:\/\/jornalboasnoticias.com.br\/home\/#website","url":"https:\/\/jornalboasnoticias.com.br\/home\/","name":"Jornal Boas Not\u00edcias","description":"Boas not\u00edcias","publisher":{"@id":"https:\/\/jornalboasnoticias.com.br\/home\/#organization"},"potentialAction":[{"@type":"SearchAction","target":{"@type":"EntryPoint","urlTemplate":"https:\/\/jornalboasnoticias.com.br\/home\/?s={search_term_string}"},"query-input":{"@type":"PropertyValueSpecification","valueRequired":true,"valueName":"search_term_string"}}],"inLanguage":"pt-BR"},{"@type":"Organization","@id":"https:\/\/jornalboasnoticias.com.br\/home\/#organization","name":"Coq Editora Ltda","alternateName":"Jornal Boas Noticias","url":"https:\/\/jornalboasnoticias.com.br\/home\/","logo":{"@type":"ImageObject","inLanguage":"pt-BR","@id":"https:\/\/jornalboasnoticias.com.br\/home\/#\/schema\/logo\/image\/","url":"https:\/\/jornalboasnoticias.com.br\/home\/wp-content\/uploads\/2024\/07\/cropped-logo.jpg","contentUrl":"https:\/\/jornalboasnoticias.com.br\/home\/wp-content\/uploads\/2024\/07\/cropped-logo.jpg","width":290,"height":142,"caption":"Coq Editora Ltda"},"image":{"@id":"https:\/\/jornalboasnoticias.com.br\/home\/#\/schema\/logo\/image\/"},"sameAs":["https:\/\/www.facebook.com\/boasnoticiasjornal"]},{"@type":"Person","@id":"https:\/\/jornalboasnoticias.com.br\/home\/#\/schema\/person\/d641193e0afc6405b390164dac847971","name":"Ana Luiza Bonatto","image":{"@type":"ImageObject","inLanguage":"pt-BR","@id":"https:\/\/secure.gravatar.com\/avatar\/8a055ebe6373371f67ac6fcf313c0ac0b0a91157fdcdb9514fa62927373348f0?s=96&d=mm&r=g","url":"https:\/\/secure.gravatar.com\/avatar\/8a055ebe6373371f67ac6fcf313c0ac0b0a91157fdcdb9514fa62927373348f0?s=96&d=mm&r=g","contentUrl":"https:\/\/secure.gravatar.com\/avatar\/8a055ebe6373371f67ac6fcf313c0ac0b0a91157fdcdb9514fa62927373348f0?s=96&d=mm&r=g","caption":"Ana Luiza Bonatto"},"url":"https:\/\/jornalboasnoticias.com.br\/home\/author\/ana-luiza\/"}]}},"_links":{"self":[{"href":"https:\/\/jornalboasnoticias.com.br\/home\/wp-json\/wp\/v2\/posts\/44879","targetHints":{"allow":["GET"]}}],"collection":[{"href":"https:\/\/jornalboasnoticias.com.br\/home\/wp-json\/wp\/v2\/posts"}],"about":[{"href":"https:\/\/jornalboasnoticias.com.br\/home\/wp-json\/wp\/v2\/types\/post"}],"author":[{"embeddable":true,"href":"https:\/\/jornalboasnoticias.com.br\/home\/wp-json\/wp\/v2\/users\/4"}],"replies":[{"embeddable":true,"href":"https:\/\/jornalboasnoticias.com.br\/home\/wp-json\/wp\/v2\/comments?post=44879"}],"version-history":[{"count":1,"href":"https:\/\/jornalboasnoticias.com.br\/home\/wp-json\/wp\/v2\/posts\/44879\/revisions"}],"predecessor-version":[{"id":44881,"href":"https:\/\/jornalboasnoticias.com.br\/home\/wp-json\/wp\/v2\/posts\/44879\/revisions\/44881"}],"wp:featuredmedia":[{"embeddable":true,"href":"https:\/\/jornalboasnoticias.com.br\/home\/wp-json\/wp\/v2\/media\/44880"}],"wp:attachment":[{"href":"https:\/\/jornalboasnoticias.com.br\/home\/wp-json\/wp\/v2\/media?parent=44879"}],"wp:term":[{"taxonomy":"category","embeddable":true,"href":"https:\/\/jornalboasnoticias.com.br\/home\/wp-json\/wp\/v2\/categories?post=44879"},{"taxonomy":"post_tag","embeddable":true,"href":"https:\/\/jornalboasnoticias.com.br\/home\/wp-json\/wp\/v2\/tags?post=44879"}],"curies":[{"name":"wp","href":"https:\/\/api.w.org\/{rel}","templated":true}]}}