{"id":44876,"date":"2024-10-30T23:18:29","date_gmt":"2024-10-30T23:18:29","guid":{"rendered":"https:\/\/jornalboasnoticias.com.br\/home\/?p=44876"},"modified":"2024-10-30T23:18:29","modified_gmt":"2024-10-30T23:18:29","slug":"bndes-vai-financiar-projetos-de-saneamento-e-mobilidade-com-fgts","status":"publish","type":"post","link":"https:\/\/jornalboasnoticias.com.br\/home\/bndes-vai-financiar-projetos-de-saneamento-e-mobilidade-com-fgts\/","title":{"rendered":"BNDES vai financiar projetos de saneamento e mobilidade com FGTS"},"content":{"rendered":"<figure id=\"attachment_44877\" aria-describedby=\"caption-attachment-44877\" style=\"width: 1170px\" class=\"wp-caption alignnone\"><img loading=\"lazy\" decoding=\"async\" class=\"size-full wp-image-44877\" src=\"https:\/\/jornalboasnoticias.com.br\/home\/wp-content\/uploads\/2024\/10\/1109804-mcamgo_abr02232018796520180223.webp\" alt=\"\" width=\"1170\" height=\"700\" srcset=\"https:\/\/jornalboasnoticias.com.br\/home\/wp-content\/uploads\/2024\/10\/1109804-mcamgo_abr02232018796520180223.webp 1170w, https:\/\/jornalboasnoticias.com.br\/home\/wp-content\/uploads\/2024\/10\/1109804-mcamgo_abr02232018796520180223-300x179.webp 300w, https:\/\/jornalboasnoticias.com.br\/home\/wp-content\/uploads\/2024\/10\/1109804-mcamgo_abr02232018796520180223-1024x613.webp 1024w, https:\/\/jornalboasnoticias.com.br\/home\/wp-content\/uploads\/2024\/10\/1109804-mcamgo_abr02232018796520180223-768x459.webp 768w\" sizes=\"auto, (max-width: 1170px) 100vw, 1170px\" \/><figcaption id=\"caption-attachment-44877\" class=\"wp-caption-text\">\u00a9 Marcelo Camargo\/Ag\u00eancia Brasil<\/figcaption><\/figure>\n<div class=\"header-noticia full-width\">\n<blockquote>\n<div class=\"linha-fina-noticia\">Parceria com a Caixa vai permitir aloca\u00e7\u00e3o de R$ 12 bilh\u00f5es<\/div>\n<\/blockquote>\n<\/div>\n<div class=\"subheader\">\n<div class=\"container-autoria\">\n<p>O Banco Nacional de Desenvolvimento Econ\u00f4mico e Social (BNDES) contar\u00e1 com at\u00e9 R$ 12 bilh\u00f5es do Fundo de Garantia por Tempo de Servi\u00e7o (FGTS) para financiar projetos de saneamento ambiental e mobilidade urbana. A autoriza\u00e7\u00e3o da Caixa Econ\u00f4mica Federal, que \u00e9 o agente operador do FGTS, para que o BNDES atue como agente financeiro do Fundo, foi anunciada nesta quarta-feira (30).\u00a0<img decoding=\"async\" src=\"https:\/\/agenciabrasil.ebc.com.br\/ebc.png?id=1617592&amp;o=node\" \/><img decoding=\"async\" src=\"https:\/\/agenciabrasil.ebc.com.br\/ebc.gif?id=1617592&amp;o=node\" \/><\/p>\n<p>O BNDES ter\u00e1 cr\u00e9dito no valor de at\u00e9 R$ 6 bilh\u00f5es para financiar obras e servi\u00e7os inclu\u00eddos nas modalidades previstas no programa Saneamento para Todos. Outros R$ 6 bilh\u00f5es ser\u00e3o para o financiamento da execu\u00e7\u00e3o de obras, servi\u00e7os e aquisi\u00e7\u00e3o de ve\u00edculos de transporte p\u00fablico inclu\u00eddos nas modalidades previstas no programa Pr\u00f3-Transporte.<\/p>\n<p>Os recursos ser\u00e3o alocados mediante a apresenta\u00e7\u00e3o das opera\u00e7\u00f5es de cr\u00e9dito selecionadas pelo Minist\u00e9rio das Cidades, gestor da aplica\u00e7\u00e3o do FGTS, conforme a disponibilidade or\u00e7ament\u00e1ria.<\/p>\n<p>\u201cEssa parceria marca um novo patamar na rela\u00e7\u00e3o entre BNDES e Caixa, dois bancos p\u00fablicos fundamentais para o crescimento do pa\u00eds com gera\u00e7\u00e3o de emprego e renda. Juntos, vamos contribuir ainda mais para as pol\u00edticas p\u00fablicas de saneamento e mobilidade urbana, atuando pelo desenvolvimento sustent\u00e1vel do pa\u00eds\u201d, observou o presidente do BNDES, Aloizio Mercadante.<\/p>\n<h2>Protocolo de inten\u00e7\u00f5es<\/h2>\n<p>Os dois bancos tamb\u00e9m celebram protocolo de inten\u00e7\u00f5es para articular esfor\u00e7os no fortalecimento dos programas do governo federal Nova Ind\u00fastria Brasil (NIB), Novo PAC (Programa de Acelera\u00e7\u00e3o do Crescimento) e no Plano de Transforma\u00e7\u00e3o Ecol\u00f3gica (PTE).<\/p>\n<p>\u201cA parceria re\u00fane a expertise dos dois bancos p\u00fablicos no campo da habita\u00e7\u00e3o popular, mobilidade urbana e saneamento, em prol da popula\u00e7\u00e3o que mais necessita\u201d, ressalta o presidente da Caixa, Carlos Vieira.<\/p>\n<p>A parceria tamb\u00e9m prop\u00f5e a\u00e7\u00f5es para ampliar o cr\u00e9dito a agricultores familiares, MEIs e micro, pequenas e m\u00e9dias empresas, especialmente no Nordeste e na Amaz\u00f4nia, contribuindo para a COP 30, em Bel\u00e9m (PA).<\/p>\n<p>(Ag\u00eancia Brasil)<\/p>\n<\/div>\n<\/div>\n","protected":false},"excerpt":{"rendered":"<p>Parceria com a Caixa vai permitir aloca\u00e7\u00e3o de R$ 12 bilh\u00f5es O Banco Nacional de<\/p>\n","protected":false},"author":4,"featured_media":44877,"comment_status":"open","ping_status":"open","sticky":false,"template":"","format":"standard","meta":{"footnotes":""},"categories":[3,5],"tags":[],"class_list":["post-44876","post","type-post","status-publish","format-standard","has-post-thumbnail","hentry","category-destaques","category-economia"],"yoast_head":"<!-- This site is optimized with the Yoast SEO plugin v27.5 - https:\/\/yoast.com\/product\/yoast-seo-wordpress\/ -->\n<title>BNDES vai financiar projetos de saneamento e mobilidade com FGTS - Jornal<\/title>\n<meta name=\"description\" content=\"BNDES vai financiar projetos de saneamento e mobilidade com FGTS\" \/>\n<meta name=\"robots\" content=\"index, follow, max-snippet:-1, max-image-preview:large, max-video-preview:-1\" \/>\n<link rel=\"canonical\" href=\"https:\/\/jornalboasnoticias.com.br\/home\/bndes-vai-financiar-projetos-de-saneamento-e-mobilidade-com-fgts\/\" \/>\n<meta property=\"og:locale\" content=\"pt_BR\" \/>\n<meta property=\"og:type\" content=\"article\" \/>\n<meta property=\"og:title\" content=\"BNDES vai financiar projetos de saneamento e mobilidade com FGTS - Jornal\" \/>\n<meta property=\"og:description\" content=\"BNDES vai financiar projetos de saneamento e mobilidade com FGTS\" \/>\n<meta property=\"og:url\" content=\"https:\/\/jornalboasnoticias.com.br\/home\/bndes-vai-financiar-projetos-de-saneamento-e-mobilidade-com-fgts\/\" \/>\n<meta property=\"og:site_name\" content=\"Jornal\" \/>\n<meta property=\"article:publisher\" content=\"https:\/\/www.facebook.com\/boasnoticiasjornal\" \/>\n<meta property=\"article:published_time\" content=\"2024-10-30T23:18:29+00:00\" \/>\n<meta property=\"og:image\" content=\"https:\/\/jornalboasnoticias.com.br\/home\/wp-content\/uploads\/2024\/10\/1109804-mcamgo_abr02232018796520180223.webp\" \/>\n\t<meta property=\"og:image:width\" content=\"1170\" \/>\n\t<meta property=\"og:image:height\" content=\"700\" \/>\n\t<meta property=\"og:image:type\" content=\"image\/webp\" \/>\n<meta name=\"author\" content=\"Ana Luiza Bonatto\" \/>\n<meta name=\"twitter:card\" content=\"summary_large_image\" \/>\n<meta name=\"twitter:label1\" content=\"Escrito por\" \/>\n\t<meta name=\"twitter:data1\" content=\"Ana Luiza Bonatto\" \/>\n\t<meta name=\"twitter:label2\" content=\"Est. tempo de leitura\" \/>\n\t<meta name=\"twitter:data2\" content=\"3 minutos\" \/>\n<script type=\"application\/ld+json\" class=\"yoast-schema-graph\">{\"@context\":\"https:\\\/\\\/schema.org\",\"@graph\":[{\"@type\":\"Article\",\"@id\":\"https:\\\/\\\/jornalboasnoticias.com.br\\\/home\\\/bndes-vai-financiar-projetos-de-saneamento-e-mobilidade-com-fgts\\\/#article\",\"isPartOf\":{\"@id\":\"https:\\\/\\\/jornalboasnoticias.com.br\\\/home\\\/bndes-vai-financiar-projetos-de-saneamento-e-mobilidade-com-fgts\\\/\"},\"author\":{\"name\":\"Ana Luiza Bonatto\",\"@id\":\"https:\\\/\\\/jornalboasnoticias.com.br\\\/home\\\/#\\\/schema\\\/person\\\/d641193e0afc6405b390164dac847971\"},\"headline\":\"BNDES vai financiar projetos de saneamento e mobilidade com FGTS\",\"datePublished\":\"2024-10-30T23:18:29+00:00\",\"mainEntityOfPage\":{\"@id\":\"https:\\\/\\\/jornalboasnoticias.com.br\\\/home\\\/bndes-vai-financiar-projetos-de-saneamento-e-mobilidade-com-fgts\\\/\"},\"wordCount\":380,\"commentCount\":0,\"publisher\":{\"@id\":\"https:\\\/\\\/jornalboasnoticias.com.br\\\/home\\\/#organization\"},\"image\":{\"@id\":\"https:\\\/\\\/jornalboasnoticias.com.br\\\/home\\\/bndes-vai-financiar-projetos-de-saneamento-e-mobilidade-com-fgts\\\/#primaryimage\"},\"thumbnailUrl\":\"https:\\\/\\\/jornalboasnoticias.com.br\\\/home\\\/wp-content\\\/uploads\\\/2024\\\/10\\\/1109804-mcamgo_abr02232018796520180223.webp\",\"articleSection\":[\"DESTAQUE\",\"ECONOMIA\"],\"inLanguage\":\"pt-BR\",\"potentialAction\":[{\"@type\":\"CommentAction\",\"name\":\"Comment\",\"target\":[\"https:\\\/\\\/jornalboasnoticias.com.br\\\/home\\\/bndes-vai-financiar-projetos-de-saneamento-e-mobilidade-com-fgts\\\/#respond\"]}]},{\"@type\":\"WebPage\",\"@id\":\"https:\\\/\\\/jornalboasnoticias.com.br\\\/home\\\/bndes-vai-financiar-projetos-de-saneamento-e-mobilidade-com-fgts\\\/\",\"url\":\"https:\\\/\\\/jornalboasnoticias.com.br\\\/home\\\/bndes-vai-financiar-projetos-de-saneamento-e-mobilidade-com-fgts\\\/\",\"name\":\"BNDES vai financiar projetos de saneamento e mobilidade com FGTS - Jornal\",\"isPartOf\":{\"@id\":\"https:\\\/\\\/jornalboasnoticias.com.br\\\/home\\\/#website\"},\"primaryImageOfPage\":{\"@id\":\"https:\\\/\\\/jornalboasnoticias.com.br\\\/home\\\/bndes-vai-financiar-projetos-de-saneamento-e-mobilidade-com-fgts\\\/#primaryimage\"},\"image\":{\"@id\":\"https:\\\/\\\/jornalboasnoticias.com.br\\\/home\\\/bndes-vai-financiar-projetos-de-saneamento-e-mobilidade-com-fgts\\\/#primaryimage\"},\"thumbnailUrl\":\"https:\\\/\\\/jornalboasnoticias.com.br\\\/home\\\/wp-content\\\/uploads\\\/2024\\\/10\\\/1109804-mcamgo_abr02232018796520180223.webp\",\"datePublished\":\"2024-10-30T23:18:29+00:00\",\"description\":\"BNDES vai financiar projetos de saneamento e mobilidade com FGTS\",\"breadcrumb\":{\"@id\":\"https:\\\/\\\/jornalboasnoticias.com.br\\\/home\\\/bndes-vai-financiar-projetos-de-saneamento-e-mobilidade-com-fgts\\\/#breadcrumb\"},\"inLanguage\":\"pt-BR\",\"potentialAction\":[{\"@type\":\"ReadAction\",\"target\":[\"https:\\\/\\\/jornalboasnoticias.com.br\\\/home\\\/bndes-vai-financiar-projetos-de-saneamento-e-mobilidade-com-fgts\\\/\"]}]},{\"@type\":\"ImageObject\",\"inLanguage\":\"pt-BR\",\"@id\":\"https:\\\/\\\/jornalboasnoticias.com.br\\\/home\\\/bndes-vai-financiar-projetos-de-saneamento-e-mobilidade-com-fgts\\\/#primaryimage\",\"url\":\"https:\\\/\\\/jornalboasnoticias.com.br\\\/home\\\/wp-content\\\/uploads\\\/2024\\\/10\\\/1109804-mcamgo_abr02232018796520180223.webp\",\"contentUrl\":\"https:\\\/\\\/jornalboasnoticias.com.br\\\/home\\\/wp-content\\\/uploads\\\/2024\\\/10\\\/1109804-mcamgo_abr02232018796520180223.webp\",\"width\":1170,\"height\":700,\"caption\":\"\u00a9 Marcelo Camargo\\\/Ag\u00eancia Brasil\"},{\"@type\":\"BreadcrumbList\",\"@id\":\"https:\\\/\\\/jornalboasnoticias.com.br\\\/home\\\/bndes-vai-financiar-projetos-de-saneamento-e-mobilidade-com-fgts\\\/#breadcrumb\",\"itemListElement\":[{\"@type\":\"ListItem\",\"position\":1,\"name\":\"In\u00edcio\",\"item\":\"https:\\\/\\\/jornalboasnoticias.com.br\\\/home\\\/\"},{\"@type\":\"ListItem\",\"position\":2,\"name\":\"BNDES vai financiar projetos de saneamento e mobilidade com FGTS\"}]},{\"@type\":\"WebSite\",\"@id\":\"https:\\\/\\\/jornalboasnoticias.com.br\\\/home\\\/#website\",\"url\":\"https:\\\/\\\/jornalboasnoticias.com.br\\\/home\\\/\",\"name\":\"Jornal Boas Not\u00edcias\",\"description\":\"Boas not\u00edcias\",\"publisher\":{\"@id\":\"https:\\\/\\\/jornalboasnoticias.com.br\\\/home\\\/#organization\"},\"potentialAction\":[{\"@type\":\"SearchAction\",\"target\":{\"@type\":\"EntryPoint\",\"urlTemplate\":\"https:\\\/\\\/jornalboasnoticias.com.br\\\/home\\\/?s={search_term_string}\"},\"query-input\":{\"@type\":\"PropertyValueSpecification\",\"valueRequired\":true,\"valueName\":\"search_term_string\"}}],\"inLanguage\":\"pt-BR\"},{\"@type\":\"Organization\",\"@id\":\"https:\\\/\\\/jornalboasnoticias.com.br\\\/home\\\/#organization\",\"name\":\"Coq Editora Ltda\",\"alternateName\":\"Jornal Boas Noticias\",\"url\":\"https:\\\/\\\/jornalboasnoticias.com.br\\\/home\\\/\",\"logo\":{\"@type\":\"ImageObject\",\"inLanguage\":\"pt-BR\",\"@id\":\"https:\\\/\\\/jornalboasnoticias.com.br\\\/home\\\/#\\\/schema\\\/logo\\\/image\\\/\",\"url\":\"https:\\\/\\\/jornalboasnoticias.com.br\\\/home\\\/wp-content\\\/uploads\\\/2024\\\/07\\\/cropped-logo.jpg\",\"contentUrl\":\"https:\\\/\\\/jornalboasnoticias.com.br\\\/home\\\/wp-content\\\/uploads\\\/2024\\\/07\\\/cropped-logo.jpg\",\"width\":290,\"height\":142,\"caption\":\"Coq Editora Ltda\"},\"image\":{\"@id\":\"https:\\\/\\\/jornalboasnoticias.com.br\\\/home\\\/#\\\/schema\\\/logo\\\/image\\\/\"},\"sameAs\":[\"https:\\\/\\\/www.facebook.com\\\/boasnoticiasjornal\"]},{\"@type\":\"Person\",\"@id\":\"https:\\\/\\\/jornalboasnoticias.com.br\\\/home\\\/#\\\/schema\\\/person\\\/d641193e0afc6405b390164dac847971\",\"name\":\"Ana Luiza Bonatto\",\"image\":{\"@type\":\"ImageObject\",\"inLanguage\":\"pt-BR\",\"@id\":\"https:\\\/\\\/secure.gravatar.com\\\/avatar\\\/8a055ebe6373371f67ac6fcf313c0ac0b0a91157fdcdb9514fa62927373348f0?s=96&d=mm&r=g\",\"url\":\"https:\\\/\\\/secure.gravatar.com\\\/avatar\\\/8a055ebe6373371f67ac6fcf313c0ac0b0a91157fdcdb9514fa62927373348f0?s=96&d=mm&r=g\",\"contentUrl\":\"https:\\\/\\\/secure.gravatar.com\\\/avatar\\\/8a055ebe6373371f67ac6fcf313c0ac0b0a91157fdcdb9514fa62927373348f0?s=96&d=mm&r=g\",\"caption\":\"Ana Luiza Bonatto\"},\"url\":\"https:\\\/\\\/jornalboasnoticias.com.br\\\/home\\\/author\\\/ana-luiza\\\/\"}]}<\/script>\n<!-- \/ Yoast SEO plugin. -->","yoast_head_json":{"title":"BNDES vai financiar projetos de saneamento e mobilidade com FGTS - Jornal","description":"BNDES vai financiar projetos de saneamento e mobilidade com FGTS","robots":{"index":"index","follow":"follow","max-snippet":"max-snippet:-1","max-image-preview":"max-image-preview:large","max-video-preview":"max-video-preview:-1"},"canonical":"https:\/\/jornalboasnoticias.com.br\/home\/bndes-vai-financiar-projetos-de-saneamento-e-mobilidade-com-fgts\/","og_locale":"pt_BR","og_type":"article","og_title":"BNDES vai financiar projetos de saneamento e mobilidade com FGTS - Jornal","og_description":"BNDES vai financiar projetos de saneamento e mobilidade com FGTS","og_url":"https:\/\/jornalboasnoticias.com.br\/home\/bndes-vai-financiar-projetos-de-saneamento-e-mobilidade-com-fgts\/","og_site_name":"Jornal","article_publisher":"https:\/\/www.facebook.com\/boasnoticiasjornal","article_published_time":"2024-10-30T23:18:29+00:00","og_image":[{"width":1170,"height":700,"url":"https:\/\/jornalboasnoticias.com.br\/home\/wp-content\/uploads\/2024\/10\/1109804-mcamgo_abr02232018796520180223.webp","type":"image\/webp"}],"author":"Ana Luiza Bonatto","twitter_card":"summary_large_image","twitter_misc":{"Escrito por":"Ana Luiza Bonatto","Est. tempo de leitura":"3 minutos"},"schema":{"@context":"https:\/\/schema.org","@graph":[{"@type":"Article","@id":"https:\/\/jornalboasnoticias.com.br\/home\/bndes-vai-financiar-projetos-de-saneamento-e-mobilidade-com-fgts\/#article","isPartOf":{"@id":"https:\/\/jornalboasnoticias.com.br\/home\/bndes-vai-financiar-projetos-de-saneamento-e-mobilidade-com-fgts\/"},"author":{"name":"Ana Luiza Bonatto","@id":"https:\/\/jornalboasnoticias.com.br\/home\/#\/schema\/person\/d641193e0afc6405b390164dac847971"},"headline":"BNDES vai financiar projetos de saneamento e mobilidade com FGTS","datePublished":"2024-10-30T23:18:29+00:00","mainEntityOfPage":{"@id":"https:\/\/jornalboasnoticias.com.br\/home\/bndes-vai-financiar-projetos-de-saneamento-e-mobilidade-com-fgts\/"},"wordCount":380,"commentCount":0,"publisher":{"@id":"https:\/\/jornalboasnoticias.com.br\/home\/#organization"},"image":{"@id":"https:\/\/jornalboasnoticias.com.br\/home\/bndes-vai-financiar-projetos-de-saneamento-e-mobilidade-com-fgts\/#primaryimage"},"thumbnailUrl":"https:\/\/jornalboasnoticias.com.br\/home\/wp-content\/uploads\/2024\/10\/1109804-mcamgo_abr02232018796520180223.webp","articleSection":["DESTAQUE","ECONOMIA"],"inLanguage":"pt-BR","potentialAction":[{"@type":"CommentAction","name":"Comment","target":["https:\/\/jornalboasnoticias.com.br\/home\/bndes-vai-financiar-projetos-de-saneamento-e-mobilidade-com-fgts\/#respond"]}]},{"@type":"WebPage","@id":"https:\/\/jornalboasnoticias.com.br\/home\/bndes-vai-financiar-projetos-de-saneamento-e-mobilidade-com-fgts\/","url":"https:\/\/jornalboasnoticias.com.br\/home\/bndes-vai-financiar-projetos-de-saneamento-e-mobilidade-com-fgts\/","name":"BNDES vai financiar projetos de saneamento e mobilidade com FGTS - Jornal","isPartOf":{"@id":"https:\/\/jornalboasnoticias.com.br\/home\/#website"},"primaryImageOfPage":{"@id":"https:\/\/jornalboasnoticias.com.br\/home\/bndes-vai-financiar-projetos-de-saneamento-e-mobilidade-com-fgts\/#primaryimage"},"image":{"@id":"https:\/\/jornalboasnoticias.com.br\/home\/bndes-vai-financiar-projetos-de-saneamento-e-mobilidade-com-fgts\/#primaryimage"},"thumbnailUrl":"https:\/\/jornalboasnoticias.com.br\/home\/wp-content\/uploads\/2024\/10\/1109804-mcamgo_abr02232018796520180223.webp","datePublished":"2024-10-30T23:18:29+00:00","description":"BNDES vai financiar projetos de saneamento e mobilidade com FGTS","breadcrumb":{"@id":"https:\/\/jornalboasnoticias.com.br\/home\/bndes-vai-financiar-projetos-de-saneamento-e-mobilidade-com-fgts\/#breadcrumb"},"inLanguage":"pt-BR","potentialAction":[{"@type":"ReadAction","target":["https:\/\/jornalboasnoticias.com.br\/home\/bndes-vai-financiar-projetos-de-saneamento-e-mobilidade-com-fgts\/"]}]},{"@type":"ImageObject","inLanguage":"pt-BR","@id":"https:\/\/jornalboasnoticias.com.br\/home\/bndes-vai-financiar-projetos-de-saneamento-e-mobilidade-com-fgts\/#primaryimage","url":"https:\/\/jornalboasnoticias.com.br\/home\/wp-content\/uploads\/2024\/10\/1109804-mcamgo_abr02232018796520180223.webp","contentUrl":"https:\/\/jornalboasnoticias.com.br\/home\/wp-content\/uploads\/2024\/10\/1109804-mcamgo_abr02232018796520180223.webp","width":1170,"height":700,"caption":"\u00a9 Marcelo Camargo\/Ag\u00eancia Brasil"},{"@type":"BreadcrumbList","@id":"https:\/\/jornalboasnoticias.com.br\/home\/bndes-vai-financiar-projetos-de-saneamento-e-mobilidade-com-fgts\/#breadcrumb","itemListElement":[{"@type":"ListItem","position":1,"name":"In\u00edcio","item":"https:\/\/jornalboasnoticias.com.br\/home\/"},{"@type":"ListItem","position":2,"name":"BNDES vai financiar projetos de saneamento e mobilidade com FGTS"}]},{"@type":"WebSite","@id":"https:\/\/jornalboasnoticias.com.br\/home\/#website","url":"https:\/\/jornalboasnoticias.com.br\/home\/","name":"Jornal Boas Not\u00edcias","description":"Boas not\u00edcias","publisher":{"@id":"https:\/\/jornalboasnoticias.com.br\/home\/#organization"},"potentialAction":[{"@type":"SearchAction","target":{"@type":"EntryPoint","urlTemplate":"https:\/\/jornalboasnoticias.com.br\/home\/?s={search_term_string}"},"query-input":{"@type":"PropertyValueSpecification","valueRequired":true,"valueName":"search_term_string"}}],"inLanguage":"pt-BR"},{"@type":"Organization","@id":"https:\/\/jornalboasnoticias.com.br\/home\/#organization","name":"Coq Editora Ltda","alternateName":"Jornal Boas Noticias","url":"https:\/\/jornalboasnoticias.com.br\/home\/","logo":{"@type":"ImageObject","inLanguage":"pt-BR","@id":"https:\/\/jornalboasnoticias.com.br\/home\/#\/schema\/logo\/image\/","url":"https:\/\/jornalboasnoticias.com.br\/home\/wp-content\/uploads\/2024\/07\/cropped-logo.jpg","contentUrl":"https:\/\/jornalboasnoticias.com.br\/home\/wp-content\/uploads\/2024\/07\/cropped-logo.jpg","width":290,"height":142,"caption":"Coq Editora Ltda"},"image":{"@id":"https:\/\/jornalboasnoticias.com.br\/home\/#\/schema\/logo\/image\/"},"sameAs":["https:\/\/www.facebook.com\/boasnoticiasjornal"]},{"@type":"Person","@id":"https:\/\/jornalboasnoticias.com.br\/home\/#\/schema\/person\/d641193e0afc6405b390164dac847971","name":"Ana Luiza Bonatto","image":{"@type":"ImageObject","inLanguage":"pt-BR","@id":"https:\/\/secure.gravatar.com\/avatar\/8a055ebe6373371f67ac6fcf313c0ac0b0a91157fdcdb9514fa62927373348f0?s=96&d=mm&r=g","url":"https:\/\/secure.gravatar.com\/avatar\/8a055ebe6373371f67ac6fcf313c0ac0b0a91157fdcdb9514fa62927373348f0?s=96&d=mm&r=g","contentUrl":"https:\/\/secure.gravatar.com\/avatar\/8a055ebe6373371f67ac6fcf313c0ac0b0a91157fdcdb9514fa62927373348f0?s=96&d=mm&r=g","caption":"Ana Luiza Bonatto"},"url":"https:\/\/jornalboasnoticias.com.br\/home\/author\/ana-luiza\/"}]}},"_links":{"self":[{"href":"https:\/\/jornalboasnoticias.com.br\/home\/wp-json\/wp\/v2\/posts\/44876","targetHints":{"allow":["GET"]}}],"collection":[{"href":"https:\/\/jornalboasnoticias.com.br\/home\/wp-json\/wp\/v2\/posts"}],"about":[{"href":"https:\/\/jornalboasnoticias.com.br\/home\/wp-json\/wp\/v2\/types\/post"}],"author":[{"embeddable":true,"href":"https:\/\/jornalboasnoticias.com.br\/home\/wp-json\/wp\/v2\/users\/4"}],"replies":[{"embeddable":true,"href":"https:\/\/jornalboasnoticias.com.br\/home\/wp-json\/wp\/v2\/comments?post=44876"}],"version-history":[{"count":1,"href":"https:\/\/jornalboasnoticias.com.br\/home\/wp-json\/wp\/v2\/posts\/44876\/revisions"}],"predecessor-version":[{"id":44878,"href":"https:\/\/jornalboasnoticias.com.br\/home\/wp-json\/wp\/v2\/posts\/44876\/revisions\/44878"}],"wp:featuredmedia":[{"embeddable":true,"href":"https:\/\/jornalboasnoticias.com.br\/home\/wp-json\/wp\/v2\/media\/44877"}],"wp:attachment":[{"href":"https:\/\/jornalboasnoticias.com.br\/home\/wp-json\/wp\/v2\/media?parent=44876"}],"wp:term":[{"taxonomy":"category","embeddable":true,"href":"https:\/\/jornalboasnoticias.com.br\/home\/wp-json\/wp\/v2\/categories?post=44876"},{"taxonomy":"post_tag","embeddable":true,"href":"https:\/\/jornalboasnoticias.com.br\/home\/wp-json\/wp\/v2\/tags?post=44876"}],"curies":[{"name":"wp","href":"https:\/\/api.w.org\/{rel}","templated":true}]}}