{"id":44873,"date":"2024-10-30T23:16:40","date_gmt":"2024-10-30T23:16:40","guid":{"rendered":"https:\/\/jornalboasnoticias.com.br\/home\/?p=44873"},"modified":"2024-10-30T23:16:40","modified_gmt":"2024-10-30T23:16:40","slug":"ministro-diz-que-pe-de-meia-impulsionou-as-inscricoes-no-enem","status":"publish","type":"post","link":"https:\/\/jornalboasnoticias.com.br\/home\/ministro-diz-que-pe-de-meia-impulsionou-as-inscricoes-no-enem\/","title":{"rendered":"Ministro diz que P\u00e9-de-Meia impulsionou as inscri\u00e7\u00f5es no Enem"},"content":{"rendered":"<div class=\"header-noticia full-width\">\n<div>\n<figure id=\"attachment_44874\" aria-describedby=\"caption-attachment-44874\" style=\"width: 1170px\" class=\"wp-caption alignnone\"><img loading=\"lazy\" decoding=\"async\" class=\"size-full wp-image-44874\" src=\"https:\/\/jornalboasnoticias.com.br\/home\/wp-content\/uploads\/2024\/10\/reuniao-lula-reitores2_mcamgo_abr_10062024-3_17.webp\" alt=\"\" width=\"1170\" height=\"700\" srcset=\"https:\/\/jornalboasnoticias.com.br\/home\/wp-content\/uploads\/2024\/10\/reuniao-lula-reitores2_mcamgo_abr_10062024-3_17.webp 1170w, https:\/\/jornalboasnoticias.com.br\/home\/wp-content\/uploads\/2024\/10\/reuniao-lula-reitores2_mcamgo_abr_10062024-3_17-300x179.webp 300w, https:\/\/jornalboasnoticias.com.br\/home\/wp-content\/uploads\/2024\/10\/reuniao-lula-reitores2_mcamgo_abr_10062024-3_17-1024x613.webp 1024w, https:\/\/jornalboasnoticias.com.br\/home\/wp-content\/uploads\/2024\/10\/reuniao-lula-reitores2_mcamgo_abr_10062024-3_17-768x459.webp 768w\" sizes=\"auto, (max-width: 1170px) 100vw, 1170px\" \/><figcaption id=\"caption-attachment-44874\" class=\"wp-caption-text\">\u00a9 Marcelo Camargo\/Ag\u00eancia Brasil<\/figcaption><\/figure>\n<\/div>\n<\/div>\n<blockquote>\n<div class=\"header-noticia full-width\">\n<div class=\"linha-fina-noticia\">Exame deste ano superou em 10% os confirmados em 2023<\/div>\n<\/div>\n<\/blockquote>\n<div>\n<p>O programa P\u00e9-de-Meia impulsionou as inscri\u00e7\u00f5es no Exame Nacional do Ensino M\u00e9dio 2024 (Enem), segundo o ministro da Educa\u00e7\u00e3o, Camilo Santana. Com 4,3 milh\u00f5es de inscritos, o\u00a0exame superou em 10% os confirmados em 2023. O Enem ser\u00e1 aplicado neste domingo (3) e no pr\u00f3ximo (10).<img decoding=\"async\" src=\"https:\/\/agenciabrasil.ebc.com.br\/ebc.png?id=1617606&amp;o=node\" \/><img decoding=\"async\" src=\"https:\/\/agenciabrasil.ebc.com.br\/ebc.gif?id=1617606&amp;o=node\" \/><\/p>\n<p>\u201cN\u00f3s tivemos um incentivo do P\u00e9-de-Meia, que garante que quem fizer as duas provas do Enem recebe mais uma parcela mensal. Eu acho que isso deu esse est\u00edmulo, e eu espero que a gente possa ter um sucesso no Enem\u201d, disse nesta quarta-feira (30).<\/p>\n<p>O programa P\u00e9-de-Meia funciona como uma poupan\u00e7a destinada a promover a perman\u00eancia e a conclus\u00e3o escolar de estudantes no ensino m\u00e9dio. O programa, que \u00e9 voltado para estudantes de fam\u00edlias inscritas no Cad\u00danico e com renda por pessoa mensal de at\u00e9 meio sal\u00e1rio m\u00ednimo,\u00a0faz pagamentos mensais e anuais aos alunos que est\u00e3o matriculados e frequentando as aulas.<\/p>\n<p>Al\u00e9m desses incentivos, o estudante tamb\u00e9m recebe R$ 200 pela participa\u00e7\u00e3o no Enem.<\/p>\n<p>Recuperar as inscri\u00e7\u00f5es no Enem \u00e9 preocupa\u00e7\u00e3o do governo. Isso porque o total de pessoas inscritas para o Enem vinha caindo desde 2017. O recorde de inscritos foi em 2014, quando mais de 8,7 milh\u00f5es de pessoas se candidataram para fazer as provas. Em 2017, mais de 6,1 milh\u00f5es de pessoas se inscreveram.<\/p>\n<p>Mas, em 2022, esse n\u00famero caiu para quase a metade, com pouco mais de 3,3 milh\u00f5es de candidatos. Agravado pela pandemia, o ano de 2021 foi o que apresentou o menor interesse pelo Enem desde 2005, com apenas 3,1 milh\u00f5es de inscritos.<\/p>\n<p>\u201cHoje voc\u00ea faz a prova do Enem onde voc\u00ea est\u00e1 e pode concorrer para qualquer universidade do Brasil inteiro. Ent\u00e3o, isso democratizou, deu oportunidade para todos. Infelizmente, nos \u00faltimos anos, o Enem n\u00e3o estava sendo estimulado. A curva era descendente do n\u00famero de inscritos. Nesses dois anos, a gente conseguiu recuperar\u201d, avaliou Santana.<\/p>\n<p>De acordo com o ministro, aumentou nesta edi\u00e7\u00e3o a porcentagem de estudantes egressos do ensino m\u00e9dio que se inscreveram no exame. Para esses estudantes, nas escolas p\u00fablicas, as provas s\u00e3o gratuitas. Os estudantes beneficiados pelo programa P\u00e9-de-Meia est\u00e3o entre esses estudantes. Ao todo, de acordo com o Instituto Nacional de Estudos e Pesquisas Educacionais An\u00edsio Teixeira (Inep), 1,6 milh\u00e3o de inscritos s\u00e3o concluintes do ensino m\u00e9dio. Em 2023, esses estudantes eram 1,4 milh\u00e3o.<\/p>\n<p>\u201cN\u00f3s demos um salto importante para garantir que os alunos que est\u00e3o regularmente matriculados no terceiro [ano do ensino m\u00e9dio], que v\u00e3o concluir o ensino m\u00e9dio, se matriculassem. V\u00e1rios estados se inscreveram, at\u00e9 porque \u00e9 gratuito. E \u00e9 a \u00fanica porta de entrada para o jovem da universidade. Ent\u00e3o, n\u00e3o h\u00e1 motivo para o jovem n\u00e3o se inscrever no Enem\u201d, disse o ministro.<\/p>\n<p>Os dados do Inep mostram que o Distrito Federal e 13 estados tiveram 100% dos estudantes concluintes das escolas p\u00fablicas inscritos no Enem: todos os estados do Nordeste, com exce\u00e7\u00e3o do Maranh\u00e3o, que teve 83,42% dos estudantes concluintes inscritos; Acre, Amap\u00e1, Par\u00e1, Goi\u00e1s e Esp\u00edrito Santo. Todos os demais tiveram inscri\u00e7\u00f5es desse p\u00fablico acima de 70%.<\/p>\n<p>O Enem \u00e9 a principal porta de entrada para a educa\u00e7\u00e3o superior no Brasil. \u00c9 utilizado para o ingresso em institui\u00e7\u00f5es p\u00fablicas por meio do Sistema de Sele\u00e7\u00e3o Unificada (Sisu) e para obten\u00e7\u00e3o de bolsas de estudo em institui\u00e7\u00f5es privadas pelo Programa Universidade para Todos (Prouni). Tamb\u00e9m \u00e9 usado, por exemplo, para obter financiamento pelo Fundo de Financiamento Estudantil (Fies).<\/p>\n<\/div>\n<div class=\"container-autoria\">(Ag\u00eancia Brasil)<\/div>\n","protected":false},"excerpt":{"rendered":"<p>Exame deste ano superou em 10% os confirmados em 2023 O programa P\u00e9-de-Meia impulsionou as<\/p>\n","protected":false},"author":4,"featured_media":44874,"comment_status":"open","ping_status":"open","sticky":false,"template":"","format":"standard","meta":{"footnotes":""},"categories":[3,8],"tags":[],"class_list":["post-44873","post","type-post","status-publish","format-standard","has-post-thumbnail","hentry","category-destaques","category-educacao"],"yoast_head":"<!-- This site is optimized with the Yoast SEO plugin v27.5 - https:\/\/yoast.com\/product\/yoast-seo-wordpress\/ -->\n<title>Ministro diz que P\u00e9-de-Meia impulsionou as inscri\u00e7\u00f5es no Enem - Jornal<\/title>\n<meta name=\"description\" content=\"Ministro diz que P\u00e9-de-Meia impulsionou as inscri\u00e7\u00f5es no Enem\" \/>\n<meta name=\"robots\" content=\"index, follow, max-snippet:-1, max-image-preview:large, max-video-preview:-1\" \/>\n<link rel=\"canonical\" href=\"https:\/\/jornalboasnoticias.com.br\/home\/ministro-diz-que-pe-de-meia-impulsionou-as-inscricoes-no-enem\/\" \/>\n<meta property=\"og:locale\" content=\"pt_BR\" \/>\n<meta property=\"og:type\" content=\"article\" \/>\n<meta property=\"og:title\" content=\"Ministro diz que P\u00e9-de-Meia impulsionou as inscri\u00e7\u00f5es no Enem - Jornal\" \/>\n<meta property=\"og:description\" content=\"Ministro diz que P\u00e9-de-Meia impulsionou as inscri\u00e7\u00f5es no Enem\" \/>\n<meta property=\"og:url\" content=\"https:\/\/jornalboasnoticias.com.br\/home\/ministro-diz-que-pe-de-meia-impulsionou-as-inscricoes-no-enem\/\" \/>\n<meta property=\"og:site_name\" content=\"Jornal\" \/>\n<meta property=\"article:publisher\" content=\"https:\/\/www.facebook.com\/boasnoticiasjornal\" \/>\n<meta property=\"article:published_time\" content=\"2024-10-30T23:16:40+00:00\" \/>\n<meta property=\"og:image\" content=\"https:\/\/jornalboasnoticias.com.br\/home\/wp-content\/uploads\/2024\/10\/reuniao-lula-reitores2_mcamgo_abr_10062024-3_17.webp\" \/>\n\t<meta property=\"og:image:width\" content=\"1170\" \/>\n\t<meta property=\"og:image:height\" content=\"700\" \/>\n\t<meta property=\"og:image:type\" content=\"image\/webp\" \/>\n<meta name=\"author\" content=\"Ana Luiza Bonatto\" \/>\n<meta name=\"twitter:card\" content=\"summary_large_image\" \/>\n<meta name=\"twitter:label1\" content=\"Escrito por\" \/>\n\t<meta name=\"twitter:data1\" content=\"Ana Luiza Bonatto\" \/>\n\t<meta name=\"twitter:label2\" content=\"Est. tempo de leitura\" \/>\n\t<meta name=\"twitter:data2\" content=\"4 minutos\" \/>\n<script type=\"application\/ld+json\" class=\"yoast-schema-graph\">{\"@context\":\"https:\\\/\\\/schema.org\",\"@graph\":[{\"@type\":\"Article\",\"@id\":\"https:\\\/\\\/jornalboasnoticias.com.br\\\/home\\\/ministro-diz-que-pe-de-meia-impulsionou-as-inscricoes-no-enem\\\/#article\",\"isPartOf\":{\"@id\":\"https:\\\/\\\/jornalboasnoticias.com.br\\\/home\\\/ministro-diz-que-pe-de-meia-impulsionou-as-inscricoes-no-enem\\\/\"},\"author\":{\"name\":\"Ana Luiza Bonatto\",\"@id\":\"https:\\\/\\\/jornalboasnoticias.com.br\\\/home\\\/#\\\/schema\\\/person\\\/d641193e0afc6405b390164dac847971\"},\"headline\":\"Ministro diz que P\u00e9-de-Meia impulsionou as inscri\u00e7\u00f5es no Enem\",\"datePublished\":\"2024-10-30T23:16:40+00:00\",\"mainEntityOfPage\":{\"@id\":\"https:\\\/\\\/jornalboasnoticias.com.br\\\/home\\\/ministro-diz-que-pe-de-meia-impulsionou-as-inscricoes-no-enem\\\/\"},\"wordCount\":629,\"commentCount\":0,\"publisher\":{\"@id\":\"https:\\\/\\\/jornalboasnoticias.com.br\\\/home\\\/#organization\"},\"image\":{\"@id\":\"https:\\\/\\\/jornalboasnoticias.com.br\\\/home\\\/ministro-diz-que-pe-de-meia-impulsionou-as-inscricoes-no-enem\\\/#primaryimage\"},\"thumbnailUrl\":\"https:\\\/\\\/jornalboasnoticias.com.br\\\/home\\\/wp-content\\\/uploads\\\/2024\\\/10\\\/reuniao-lula-reitores2_mcamgo_abr_10062024-3_17.webp\",\"articleSection\":[\"DESTAQUE\",\"EDUCA\u00c7\u00c3O\"],\"inLanguage\":\"pt-BR\",\"potentialAction\":[{\"@type\":\"CommentAction\",\"name\":\"Comment\",\"target\":[\"https:\\\/\\\/jornalboasnoticias.com.br\\\/home\\\/ministro-diz-que-pe-de-meia-impulsionou-as-inscricoes-no-enem\\\/#respond\"]}]},{\"@type\":\"WebPage\",\"@id\":\"https:\\\/\\\/jornalboasnoticias.com.br\\\/home\\\/ministro-diz-que-pe-de-meia-impulsionou-as-inscricoes-no-enem\\\/\",\"url\":\"https:\\\/\\\/jornalboasnoticias.com.br\\\/home\\\/ministro-diz-que-pe-de-meia-impulsionou-as-inscricoes-no-enem\\\/\",\"name\":\"Ministro diz que P\u00e9-de-Meia impulsionou as inscri\u00e7\u00f5es no Enem - Jornal\",\"isPartOf\":{\"@id\":\"https:\\\/\\\/jornalboasnoticias.com.br\\\/home\\\/#website\"},\"primaryImageOfPage\":{\"@id\":\"https:\\\/\\\/jornalboasnoticias.com.br\\\/home\\\/ministro-diz-que-pe-de-meia-impulsionou-as-inscricoes-no-enem\\\/#primaryimage\"},\"image\":{\"@id\":\"https:\\\/\\\/jornalboasnoticias.com.br\\\/home\\\/ministro-diz-que-pe-de-meia-impulsionou-as-inscricoes-no-enem\\\/#primaryimage\"},\"thumbnailUrl\":\"https:\\\/\\\/jornalboasnoticias.com.br\\\/home\\\/wp-content\\\/uploads\\\/2024\\\/10\\\/reuniao-lula-reitores2_mcamgo_abr_10062024-3_17.webp\",\"datePublished\":\"2024-10-30T23:16:40+00:00\",\"description\":\"Ministro diz que P\u00e9-de-Meia impulsionou as inscri\u00e7\u00f5es no Enem\",\"breadcrumb\":{\"@id\":\"https:\\\/\\\/jornalboasnoticias.com.br\\\/home\\\/ministro-diz-que-pe-de-meia-impulsionou-as-inscricoes-no-enem\\\/#breadcrumb\"},\"inLanguage\":\"pt-BR\",\"potentialAction\":[{\"@type\":\"ReadAction\",\"target\":[\"https:\\\/\\\/jornalboasnoticias.com.br\\\/home\\\/ministro-diz-que-pe-de-meia-impulsionou-as-inscricoes-no-enem\\\/\"]}]},{\"@type\":\"ImageObject\",\"inLanguage\":\"pt-BR\",\"@id\":\"https:\\\/\\\/jornalboasnoticias.com.br\\\/home\\\/ministro-diz-que-pe-de-meia-impulsionou-as-inscricoes-no-enem\\\/#primaryimage\",\"url\":\"https:\\\/\\\/jornalboasnoticias.com.br\\\/home\\\/wp-content\\\/uploads\\\/2024\\\/10\\\/reuniao-lula-reitores2_mcamgo_abr_10062024-3_17.webp\",\"contentUrl\":\"https:\\\/\\\/jornalboasnoticias.com.br\\\/home\\\/wp-content\\\/uploads\\\/2024\\\/10\\\/reuniao-lula-reitores2_mcamgo_abr_10062024-3_17.webp\",\"width\":1170,\"height\":700,\"caption\":\"\u00a9 Marcelo Camargo\\\/Ag\u00eancia Brasil\"},{\"@type\":\"BreadcrumbList\",\"@id\":\"https:\\\/\\\/jornalboasnoticias.com.br\\\/home\\\/ministro-diz-que-pe-de-meia-impulsionou-as-inscricoes-no-enem\\\/#breadcrumb\",\"itemListElement\":[{\"@type\":\"ListItem\",\"position\":1,\"name\":\"In\u00edcio\",\"item\":\"https:\\\/\\\/jornalboasnoticias.com.br\\\/home\\\/\"},{\"@type\":\"ListItem\",\"position\":2,\"name\":\"Ministro diz que P\u00e9-de-Meia impulsionou as inscri\u00e7\u00f5es no Enem\"}]},{\"@type\":\"WebSite\",\"@id\":\"https:\\\/\\\/jornalboasnoticias.com.br\\\/home\\\/#website\",\"url\":\"https:\\\/\\\/jornalboasnoticias.com.br\\\/home\\\/\",\"name\":\"Jornal Boas Not\u00edcias\",\"description\":\"Boas not\u00edcias\",\"publisher\":{\"@id\":\"https:\\\/\\\/jornalboasnoticias.com.br\\\/home\\\/#organization\"},\"potentialAction\":[{\"@type\":\"SearchAction\",\"target\":{\"@type\":\"EntryPoint\",\"urlTemplate\":\"https:\\\/\\\/jornalboasnoticias.com.br\\\/home\\\/?s={search_term_string}\"},\"query-input\":{\"@type\":\"PropertyValueSpecification\",\"valueRequired\":true,\"valueName\":\"search_term_string\"}}],\"inLanguage\":\"pt-BR\"},{\"@type\":\"Organization\",\"@id\":\"https:\\\/\\\/jornalboasnoticias.com.br\\\/home\\\/#organization\",\"name\":\"Coq Editora Ltda\",\"alternateName\":\"Jornal Boas Noticias\",\"url\":\"https:\\\/\\\/jornalboasnoticias.com.br\\\/home\\\/\",\"logo\":{\"@type\":\"ImageObject\",\"inLanguage\":\"pt-BR\",\"@id\":\"https:\\\/\\\/jornalboasnoticias.com.br\\\/home\\\/#\\\/schema\\\/logo\\\/image\\\/\",\"url\":\"https:\\\/\\\/jornalboasnoticias.com.br\\\/home\\\/wp-content\\\/uploads\\\/2024\\\/07\\\/cropped-logo.jpg\",\"contentUrl\":\"https:\\\/\\\/jornalboasnoticias.com.br\\\/home\\\/wp-content\\\/uploads\\\/2024\\\/07\\\/cropped-logo.jpg\",\"width\":290,\"height\":142,\"caption\":\"Coq Editora Ltda\"},\"image\":{\"@id\":\"https:\\\/\\\/jornalboasnoticias.com.br\\\/home\\\/#\\\/schema\\\/logo\\\/image\\\/\"},\"sameAs\":[\"https:\\\/\\\/www.facebook.com\\\/boasnoticiasjornal\"]},{\"@type\":\"Person\",\"@id\":\"https:\\\/\\\/jornalboasnoticias.com.br\\\/home\\\/#\\\/schema\\\/person\\\/d641193e0afc6405b390164dac847971\",\"name\":\"Ana Luiza Bonatto\",\"image\":{\"@type\":\"ImageObject\",\"inLanguage\":\"pt-BR\",\"@id\":\"https:\\\/\\\/secure.gravatar.com\\\/avatar\\\/8a055ebe6373371f67ac6fcf313c0ac0b0a91157fdcdb9514fa62927373348f0?s=96&d=mm&r=g\",\"url\":\"https:\\\/\\\/secure.gravatar.com\\\/avatar\\\/8a055ebe6373371f67ac6fcf313c0ac0b0a91157fdcdb9514fa62927373348f0?s=96&d=mm&r=g\",\"contentUrl\":\"https:\\\/\\\/secure.gravatar.com\\\/avatar\\\/8a055ebe6373371f67ac6fcf313c0ac0b0a91157fdcdb9514fa62927373348f0?s=96&d=mm&r=g\",\"caption\":\"Ana Luiza Bonatto\"},\"url\":\"https:\\\/\\\/jornalboasnoticias.com.br\\\/home\\\/author\\\/ana-luiza\\\/\"}]}<\/script>\n<!-- \/ Yoast SEO plugin. -->","yoast_head_json":{"title":"Ministro diz que P\u00e9-de-Meia impulsionou as inscri\u00e7\u00f5es no Enem - Jornal","description":"Ministro diz que P\u00e9-de-Meia impulsionou as inscri\u00e7\u00f5es no Enem","robots":{"index":"index","follow":"follow","max-snippet":"max-snippet:-1","max-image-preview":"max-image-preview:large","max-video-preview":"max-video-preview:-1"},"canonical":"https:\/\/jornalboasnoticias.com.br\/home\/ministro-diz-que-pe-de-meia-impulsionou-as-inscricoes-no-enem\/","og_locale":"pt_BR","og_type":"article","og_title":"Ministro diz que P\u00e9-de-Meia impulsionou as inscri\u00e7\u00f5es no Enem - Jornal","og_description":"Ministro diz que P\u00e9-de-Meia impulsionou as inscri\u00e7\u00f5es no Enem","og_url":"https:\/\/jornalboasnoticias.com.br\/home\/ministro-diz-que-pe-de-meia-impulsionou-as-inscricoes-no-enem\/","og_site_name":"Jornal","article_publisher":"https:\/\/www.facebook.com\/boasnoticiasjornal","article_published_time":"2024-10-30T23:16:40+00:00","og_image":[{"width":1170,"height":700,"url":"https:\/\/jornalboasnoticias.com.br\/home\/wp-content\/uploads\/2024\/10\/reuniao-lula-reitores2_mcamgo_abr_10062024-3_17.webp","type":"image\/webp"}],"author":"Ana Luiza Bonatto","twitter_card":"summary_large_image","twitter_misc":{"Escrito por":"Ana Luiza Bonatto","Est. tempo de leitura":"4 minutos"},"schema":{"@context":"https:\/\/schema.org","@graph":[{"@type":"Article","@id":"https:\/\/jornalboasnoticias.com.br\/home\/ministro-diz-que-pe-de-meia-impulsionou-as-inscricoes-no-enem\/#article","isPartOf":{"@id":"https:\/\/jornalboasnoticias.com.br\/home\/ministro-diz-que-pe-de-meia-impulsionou-as-inscricoes-no-enem\/"},"author":{"name":"Ana Luiza Bonatto","@id":"https:\/\/jornalboasnoticias.com.br\/home\/#\/schema\/person\/d641193e0afc6405b390164dac847971"},"headline":"Ministro diz que P\u00e9-de-Meia impulsionou as inscri\u00e7\u00f5es no Enem","datePublished":"2024-10-30T23:16:40+00:00","mainEntityOfPage":{"@id":"https:\/\/jornalboasnoticias.com.br\/home\/ministro-diz-que-pe-de-meia-impulsionou-as-inscricoes-no-enem\/"},"wordCount":629,"commentCount":0,"publisher":{"@id":"https:\/\/jornalboasnoticias.com.br\/home\/#organization"},"image":{"@id":"https:\/\/jornalboasnoticias.com.br\/home\/ministro-diz-que-pe-de-meia-impulsionou-as-inscricoes-no-enem\/#primaryimage"},"thumbnailUrl":"https:\/\/jornalboasnoticias.com.br\/home\/wp-content\/uploads\/2024\/10\/reuniao-lula-reitores2_mcamgo_abr_10062024-3_17.webp","articleSection":["DESTAQUE","EDUCA\u00c7\u00c3O"],"inLanguage":"pt-BR","potentialAction":[{"@type":"CommentAction","name":"Comment","target":["https:\/\/jornalboasnoticias.com.br\/home\/ministro-diz-que-pe-de-meia-impulsionou-as-inscricoes-no-enem\/#respond"]}]},{"@type":"WebPage","@id":"https:\/\/jornalboasnoticias.com.br\/home\/ministro-diz-que-pe-de-meia-impulsionou-as-inscricoes-no-enem\/","url":"https:\/\/jornalboasnoticias.com.br\/home\/ministro-diz-que-pe-de-meia-impulsionou-as-inscricoes-no-enem\/","name":"Ministro diz que P\u00e9-de-Meia impulsionou as inscri\u00e7\u00f5es no Enem - Jornal","isPartOf":{"@id":"https:\/\/jornalboasnoticias.com.br\/home\/#website"},"primaryImageOfPage":{"@id":"https:\/\/jornalboasnoticias.com.br\/home\/ministro-diz-que-pe-de-meia-impulsionou-as-inscricoes-no-enem\/#primaryimage"},"image":{"@id":"https:\/\/jornalboasnoticias.com.br\/home\/ministro-diz-que-pe-de-meia-impulsionou-as-inscricoes-no-enem\/#primaryimage"},"thumbnailUrl":"https:\/\/jornalboasnoticias.com.br\/home\/wp-content\/uploads\/2024\/10\/reuniao-lula-reitores2_mcamgo_abr_10062024-3_17.webp","datePublished":"2024-10-30T23:16:40+00:00","description":"Ministro diz que P\u00e9-de-Meia impulsionou as inscri\u00e7\u00f5es no Enem","breadcrumb":{"@id":"https:\/\/jornalboasnoticias.com.br\/home\/ministro-diz-que-pe-de-meia-impulsionou-as-inscricoes-no-enem\/#breadcrumb"},"inLanguage":"pt-BR","potentialAction":[{"@type":"ReadAction","target":["https:\/\/jornalboasnoticias.com.br\/home\/ministro-diz-que-pe-de-meia-impulsionou-as-inscricoes-no-enem\/"]}]},{"@type":"ImageObject","inLanguage":"pt-BR","@id":"https:\/\/jornalboasnoticias.com.br\/home\/ministro-diz-que-pe-de-meia-impulsionou-as-inscricoes-no-enem\/#primaryimage","url":"https:\/\/jornalboasnoticias.com.br\/home\/wp-content\/uploads\/2024\/10\/reuniao-lula-reitores2_mcamgo_abr_10062024-3_17.webp","contentUrl":"https:\/\/jornalboasnoticias.com.br\/home\/wp-content\/uploads\/2024\/10\/reuniao-lula-reitores2_mcamgo_abr_10062024-3_17.webp","width":1170,"height":700,"caption":"\u00a9 Marcelo Camargo\/Ag\u00eancia Brasil"},{"@type":"BreadcrumbList","@id":"https:\/\/jornalboasnoticias.com.br\/home\/ministro-diz-que-pe-de-meia-impulsionou-as-inscricoes-no-enem\/#breadcrumb","itemListElement":[{"@type":"ListItem","position":1,"name":"In\u00edcio","item":"https:\/\/jornalboasnoticias.com.br\/home\/"},{"@type":"ListItem","position":2,"name":"Ministro diz que P\u00e9-de-Meia impulsionou as inscri\u00e7\u00f5es no Enem"}]},{"@type":"WebSite","@id":"https:\/\/jornalboasnoticias.com.br\/home\/#website","url":"https:\/\/jornalboasnoticias.com.br\/home\/","name":"Jornal Boas Not\u00edcias","description":"Boas not\u00edcias","publisher":{"@id":"https:\/\/jornalboasnoticias.com.br\/home\/#organization"},"potentialAction":[{"@type":"SearchAction","target":{"@type":"EntryPoint","urlTemplate":"https:\/\/jornalboasnoticias.com.br\/home\/?s={search_term_string}"},"query-input":{"@type":"PropertyValueSpecification","valueRequired":true,"valueName":"search_term_string"}}],"inLanguage":"pt-BR"},{"@type":"Organization","@id":"https:\/\/jornalboasnoticias.com.br\/home\/#organization","name":"Coq Editora Ltda","alternateName":"Jornal Boas Noticias","url":"https:\/\/jornalboasnoticias.com.br\/home\/","logo":{"@type":"ImageObject","inLanguage":"pt-BR","@id":"https:\/\/jornalboasnoticias.com.br\/home\/#\/schema\/logo\/image\/","url":"https:\/\/jornalboasnoticias.com.br\/home\/wp-content\/uploads\/2024\/07\/cropped-logo.jpg","contentUrl":"https:\/\/jornalboasnoticias.com.br\/home\/wp-content\/uploads\/2024\/07\/cropped-logo.jpg","width":290,"height":142,"caption":"Coq Editora Ltda"},"image":{"@id":"https:\/\/jornalboasnoticias.com.br\/home\/#\/schema\/logo\/image\/"},"sameAs":["https:\/\/www.facebook.com\/boasnoticiasjornal"]},{"@type":"Person","@id":"https:\/\/jornalboasnoticias.com.br\/home\/#\/schema\/person\/d641193e0afc6405b390164dac847971","name":"Ana Luiza Bonatto","image":{"@type":"ImageObject","inLanguage":"pt-BR","@id":"https:\/\/secure.gravatar.com\/avatar\/8a055ebe6373371f67ac6fcf313c0ac0b0a91157fdcdb9514fa62927373348f0?s=96&d=mm&r=g","url":"https:\/\/secure.gravatar.com\/avatar\/8a055ebe6373371f67ac6fcf313c0ac0b0a91157fdcdb9514fa62927373348f0?s=96&d=mm&r=g","contentUrl":"https:\/\/secure.gravatar.com\/avatar\/8a055ebe6373371f67ac6fcf313c0ac0b0a91157fdcdb9514fa62927373348f0?s=96&d=mm&r=g","caption":"Ana Luiza Bonatto"},"url":"https:\/\/jornalboasnoticias.com.br\/home\/author\/ana-luiza\/"}]}},"_links":{"self":[{"href":"https:\/\/jornalboasnoticias.com.br\/home\/wp-json\/wp\/v2\/posts\/44873","targetHints":{"allow":["GET"]}}],"collection":[{"href":"https:\/\/jornalboasnoticias.com.br\/home\/wp-json\/wp\/v2\/posts"}],"about":[{"href":"https:\/\/jornalboasnoticias.com.br\/home\/wp-json\/wp\/v2\/types\/post"}],"author":[{"embeddable":true,"href":"https:\/\/jornalboasnoticias.com.br\/home\/wp-json\/wp\/v2\/users\/4"}],"replies":[{"embeddable":true,"href":"https:\/\/jornalboasnoticias.com.br\/home\/wp-json\/wp\/v2\/comments?post=44873"}],"version-history":[{"count":1,"href":"https:\/\/jornalboasnoticias.com.br\/home\/wp-json\/wp\/v2\/posts\/44873\/revisions"}],"predecessor-version":[{"id":44875,"href":"https:\/\/jornalboasnoticias.com.br\/home\/wp-json\/wp\/v2\/posts\/44873\/revisions\/44875"}],"wp:featuredmedia":[{"embeddable":true,"href":"https:\/\/jornalboasnoticias.com.br\/home\/wp-json\/wp\/v2\/media\/44874"}],"wp:attachment":[{"href":"https:\/\/jornalboasnoticias.com.br\/home\/wp-json\/wp\/v2\/media?parent=44873"}],"wp:term":[{"taxonomy":"category","embeddable":true,"href":"https:\/\/jornalboasnoticias.com.br\/home\/wp-json\/wp\/v2\/categories?post=44873"},{"taxonomy":"post_tag","embeddable":true,"href":"https:\/\/jornalboasnoticias.com.br\/home\/wp-json\/wp\/v2\/tags?post=44873"}],"curies":[{"name":"wp","href":"https:\/\/api.w.org\/{rel}","templated":true}]}}