{"id":44870,"date":"2024-10-30T23:14:55","date_gmt":"2024-10-30T23:14:55","guid":{"rendered":"https:\/\/jornalboasnoticias.com.br\/home\/?p=44870"},"modified":"2024-10-30T23:14:55","modified_gmt":"2024-10-30T23:14:55","slug":"indigenas-marcham-em-brasilia-e-bloqueiam-vias-contra-marco-temporal","status":"publish","type":"post","link":"https:\/\/jornalboasnoticias.com.br\/home\/indigenas-marcham-em-brasilia-e-bloqueiam-vias-contra-marco-temporal\/","title":{"rendered":"Ind\u00edgenas marcham em Bras\u00edlia e bloqueiam vias contra marco temporal"},"content":{"rendered":"<figure id=\"attachment_44871\" aria-describedby=\"caption-attachment-44871\" style=\"width: 1170px\" class=\"wp-caption alignnone\"><img loading=\"lazy\" decoding=\"async\" class=\"size-full wp-image-44871\" src=\"https:\/\/jornalboasnoticias.com.br\/home\/wp-content\/uploads\/2024\/10\/img20241030124523036.webp\" alt=\"\" width=\"1170\" height=\"700\" srcset=\"https:\/\/jornalboasnoticias.com.br\/home\/wp-content\/uploads\/2024\/10\/img20241030124523036.webp 1170w, https:\/\/jornalboasnoticias.com.br\/home\/wp-content\/uploads\/2024\/10\/img20241030124523036-300x179.webp 300w, https:\/\/jornalboasnoticias.com.br\/home\/wp-content\/uploads\/2024\/10\/img20241030124523036-1024x613.webp 1024w, https:\/\/jornalboasnoticias.com.br\/home\/wp-content\/uploads\/2024\/10\/img20241030124523036-768x459.webp 768w\" sizes=\"auto, (max-width: 1170px) 100vw, 1170px\" \/><figcaption id=\"caption-attachment-44871\" class=\"wp-caption-text\">\u00a9 Bruno Spada\/C\u00e2mara dos Deputados<\/figcaption><\/figure>\n<div class=\"header-noticia full-width\">\n<blockquote>\n<div class=\"linha-fina-noticia\">Rodovias bloqueadas ocorreram em pelo menos cinco estados<\/div>\n<\/blockquote>\n<div>\n<p>Cerca de 400 ind\u00edgenas marcharam, nesta\u00a0quarta-feira (30), em Bras\u00edlia, e fizeram bloqueios em rodovias de pelo menos cinco estados. Os atos s\u00e3o contra a\u00a0Proposta de Emenda \u00e0 Constitui\u00e7\u00e3o (PEC) 48, de 2023, que inclui a tese do marco temporal na Constitui\u00e7\u00e3o do pa\u00eds.<img decoding=\"async\" src=\"https:\/\/agenciabrasil.ebc.com.br\/ebc.png?id=1617604&amp;o=node\" \/><img decoding=\"async\" src=\"https:\/\/agenciabrasil.ebc.com.br\/ebc.gif?id=1617604&amp;o=node\" \/><\/p>\n<p>Segundo a Pol\u00edcia Rodovi\u00e1ria Federal (PRF), foram seis interdi\u00e7\u00f5es registradas at\u00e9 o in\u00edcio da tarde de hoje em rodovias federais de S\u00e3o Paulo (SP), Santa Catarina (SC), Rio Grande do Sul (RS), Maranh\u00e3o (MA) e Roraima (RR).<\/p>\n<p>Tamb\u00e9m nesta quarta-feira, o presidente da Comiss\u00e3o de Constitui\u00e7\u00e3o e Justi\u00e7a (CCJ) do Senado, senador Davi Alcolumbre (Uni\u00e3o Brasil\/AP), informou que ir\u00e1 analisar a possibilidade de pautar a PEC 48 no colegiado.<\/p>\n<p>A tese do marco temporal, j\u00e1 considerada inconstitucional pelo Supremo Tribunal Federal (STF), determina que s\u00f3 podem ser demarcadas as terras ind\u00edgenas ocupadas pelos povos origin\u00e1rios no momento da promulga\u00e7\u00e3o da Constitui\u00e7\u00e3o, em outubro de 1988, ou que estavam em disputa judicial na \u00e9poca.<\/p>\n<p>A lideran\u00e7a Dinamam Tux\u00e1, coordenador da Associa\u00e7\u00e3o dos Povos Ind\u00edgenas do Brasil (Apib), argumentou \u00e0\u00a0<strong>Ag\u00eancia Brasil<\/strong>\u00a0que projetos contr\u00e1rios aos ind\u00edgenas, incluindo a PEC 48, est\u00e3o avan\u00e7ando no Congresso Nacional e, por isso, foi necess\u00e1rio retomar as mobiliza\u00e7\u00f5es.<\/p>\n<p>\u201c\u00c9 uma agenda anti-ind\u00edgena que ir\u00e1 travar, de uma vez por todas, as demarca\u00e7\u00f5es das nossas terras. Da mesma forma que eles est\u00e3o mobilizados, n\u00f3s vamos continuar mobilizados e vigilantes para que n\u00e3o sejam aprovadas essas pautas. As manifesta\u00e7\u00f5es v\u00e3o continuar n\u00e3o s\u00f3 em Bras\u00edlia, mas em todo o Brasil\u201d, afirmou.<\/p>\n<p>Al\u00e9m da PEC 48, a Apib critica projetos em tramita\u00e7\u00e3o na C\u00e2mara e no Senado, como a PEC 36,\u00a0o projeto de lei (PL) 6050 de 2023\u00a0e outros. Os ind\u00edgenas tamb\u00e9m pedem, por meio de\u00a0<a href=\"http:\/\/chrome-extension\/\/efaidnbmnnnibpcajpcglclefindmkaj\/https:\/\/apiboficial.org\/files\/2024\/10\/Carta-Pol%C3%ADtica-Mobiliza%C3%A7%C3%A3o-Nacional-Ind%C3%ADgena.pdf\" target=\"_blank\" rel=\"noopener\">carta divulgada nesta semana e entregue \u00e0\u00a0 autoridades dos Tr\u00eas Poderes<\/a>, a demarca\u00e7\u00e3o de terras ind\u00edgenas, como a do Morro dos Cavalos (SC) e da Potiguara de Monte Mor (PB), entre outras. Al\u00e9m disso, pedem a publica\u00e7\u00e3o, pelo Minist\u00e9rio da Justi\u00e7a, de portaria declarat\u00f3ria de outras 12 terras ind\u00edgenas a serem demarcadas.<\/p>\n<p>O coordenador da associa\u00e7\u00e3o, a lideran\u00e7a Alberto Terena, avalia que o Congresso Nacional est\u00e1 criando uma armadilha para barrar as demarca\u00e7\u00f5es das terras ind\u00edgenas.<\/p>\n<p>\u201c\u00c9 uma amea\u00e7a contra as nossas terras demarcadas e as j\u00e1 demarcadas porque eles v\u00e3o querer rever as j\u00e1 demarcadas com o marco temporal\u201d, afirmou Terena, acrescentando que a luta ind\u00edgena envolve toda a sociedade brasileira por agravar a crise clim\u00e1tica.<\/p>\n<p>\u201cA partir do momento que pararmos de proteger o meio ambiente a crise clim\u00e1tica ser\u00e1 ainda pior. As terras ind\u00edgenas s\u00e3o os territ\u00f3rios com a maior preserva\u00e7\u00e3o do meio ambiente, a maior biodiversidade. Estamos lutando pela vida. N\u00e3o queremos nossa terra para ser explorada, queremos continuar vivendo em harmonia com a natureza\u201d, completou.<\/p>\n<h2>PEC 48<\/h2>\n<p>Um dos autores da PEC 48, o senador Dr. Hiran (PP\/RR), apelou nesta quarta-feira ao presidente da CCJ, Davi Alcolumbre, para que ele coloque a proposta em vota\u00e7\u00e3o, independentemente do resultado da Comiss\u00e3o de Concilia\u00e7\u00e3o formada no STF para debater o tema. Para o senador Hiran, o Brasil j\u00e1 tem muita terra ind\u00edgena demarcada.<\/p>\n<p>\u201c[A PEC 48] \u00e9 uma aspira\u00e7\u00e3o do povo brasileiro, porque a gente est\u00e1 vendo no campo que essa nossa indecis\u00e3o gera invas\u00f5es, gera conflitos. Temos ind\u00edgenas atacando produtores. N\u00f3s temos invas\u00e3o de terra em v\u00e1rios lugares desse pa\u00eds porque n\u00e3o temos um marco legal adequado para proteger as popula\u00e7\u00f5es\u201d, afirmou.<\/p>\n<p>Diante das a\u00e7\u00f5es que foram protocolados no Supremo sobre o marco temporal, o ministro relator do caso, Gilmar Mendes, formou uma comiss\u00e3o de concilia\u00e7\u00e3o para tentar encontrar um entendimento.<\/p>\n<p>O presidente da CCJ, Davi Alcolumbre, informou que ir\u00e1 consultar \u201ctodos os atores\u201d envolvidos no\u00a0debate, para decidir se aguarda\u00a0a negocia\u00e7\u00e3o no STF ou se coloca a PEC para ser votada no Senado.<\/p>\n<p>\u201cFui informado que as pr\u00f3prias associa\u00e7\u00f5es ind\u00edgenas se retiraram do debate. Ent\u00e3o, se a parte interessada sai da mesa, a gente tamb\u00e9m n\u00e3o tem porqu\u00ea suspender o debate da discuss\u00e3o aqui na CCJ. Eu me comprometo com Vossa Excel\u00eancia a procurar todos os atores envolvidos e tomar uma decis\u00e3o\u00a0rapidamente, se retornamos a mat\u00e9ria \u00e0 pauta da comiss\u00e3o\u201d, destacou.<\/p>\n<p>A Associa\u00e7\u00e3o dos Povos Ind\u00edgenas (Apib) abandonou a comiss\u00e3o de concilia\u00e7\u00e3o\u00a0por entender que a tese j\u00e1 foi rejeitada pelo STF e que a decis\u00e3o deve ser respeitada. Ainda segundo a associa\u00e7\u00e3o, n\u00e3o h\u00e1 paridade entre os ind\u00edgenas e as representa\u00e7\u00f5es ruralistas no debate.<\/p>\n<p>\u201cA Concilia\u00e7\u00e3o cria inseguran\u00e7a jur\u00eddica para os povos ind\u00edgenas. \u00c9 uma armadilha que desvia o Estado de suas atribui\u00e7\u00f5es constitucionais, j\u00e1 que os direitos dos povos ind\u00edgenas s\u00e3o direitos fundamentais, indispon\u00edveis e inalien\u00e1veis\u201d, diz a carta da Apib publicada nesta semana.<\/p>\n<h2>Entenda<\/h2>\n<p>Considerada inconstitucional pelo Supremo Tribunal Federal (STF) em setembro de 2023, a tese do marco temporal afirma que s\u00f3 podem ser demarcadas as terras ind\u00edgenas ocupadas pelos povos origin\u00e1rios no momento da promulga\u00e7\u00e3o da Constitui\u00e7\u00e3o, em outubro de 1988, ou que estavam em disputa judicial na \u00e9poca.<\/p>\n<p>Em rea\u00e7\u00e3o ao julgamento no STF, o Congresso Nacional aprovou projeto de lei refor\u00e7ando a tese do Marco Temporal. O\u00a0<a href=\"http:\/\/ttps\/\/agenciabrasil.ebc.com.br\/politica\/noticia\/2023-12\/congresso-derruba-veto-de-lula-e-mantem-marco-temporal-indigena\" target=\"_blank\" rel=\"noopener\">texto<\/a>\u00a0foi vetado pelo presidente Luiz In\u00e1cio Lula da Silva, mas o veto foi derrubado pelo Congresso em dezembro de 2023.<\/p>\n<p>Devido as a\u00e7\u00f5es sobre o tema que tramitam no Supremo, o ministro-relator Gilmar Mendes criou uma Comiss\u00e3o Especial de Concilia\u00e7\u00e3o para tentar chegar a um acordo sobre as regras para a demarca\u00e7\u00e3o das terras ind\u00edgenas no Brasil.<\/p>\n<\/div>\n<\/div>\n<div class=\"subheader\">\n<div class=\"container-autoria\">(Ag\u00eancia Brasil)<\/div>\n<\/div>\n","protected":false},"excerpt":{"rendered":"<p>Rodovias bloqueadas ocorreram em pelo menos cinco estados Cerca de 400 ind\u00edgenas marcharam, nesta\u00a0quarta-feira (30),<\/p>\n","protected":false},"author":4,"featured_media":44871,"comment_status":"open","ping_status":"open","sticky":false,"template":"","format":"standard","meta":{"footnotes":""},"categories":[6],"tags":[],"class_list":["post-44870","post","type-post","status-publish","format-standard","has-post-thumbnail","hentry","category-brasil"],"yoast_head":"<!-- This site is optimized with the Yoast SEO plugin v27.5 - https:\/\/yoast.com\/product\/yoast-seo-wordpress\/ -->\n<title>Ind\u00edgenas marcham em Bras\u00edlia e bloqueiam vias contra marco temporal - Jornal<\/title>\n<meta name=\"description\" content=\"Ind\u00edgenas marcham em Bras\u00edlia e bloqueiam vias contra marco temporal\" \/>\n<meta name=\"robots\" content=\"index, follow, max-snippet:-1, max-image-preview:large, max-video-preview:-1\" \/>\n<link rel=\"canonical\" href=\"https:\/\/jornalboasnoticias.com.br\/home\/indigenas-marcham-em-brasilia-e-bloqueiam-vias-contra-marco-temporal\/\" \/>\n<meta property=\"og:locale\" content=\"pt_BR\" \/>\n<meta property=\"og:type\" content=\"article\" \/>\n<meta property=\"og:title\" content=\"Ind\u00edgenas marcham em Bras\u00edlia e bloqueiam vias contra marco temporal - Jornal\" \/>\n<meta property=\"og:description\" content=\"Ind\u00edgenas marcham em Bras\u00edlia e bloqueiam vias contra marco temporal\" \/>\n<meta property=\"og:url\" content=\"https:\/\/jornalboasnoticias.com.br\/home\/indigenas-marcham-em-brasilia-e-bloqueiam-vias-contra-marco-temporal\/\" \/>\n<meta property=\"og:site_name\" content=\"Jornal\" \/>\n<meta property=\"article:publisher\" content=\"https:\/\/www.facebook.com\/boasnoticiasjornal\" \/>\n<meta property=\"article:published_time\" content=\"2024-10-30T23:14:55+00:00\" \/>\n<meta property=\"og:image\" content=\"https:\/\/jornalboasnoticias.com.br\/home\/wp-content\/uploads\/2024\/10\/img20241030124523036.webp\" \/>\n\t<meta property=\"og:image:width\" content=\"1170\" \/>\n\t<meta property=\"og:image:height\" content=\"700\" \/>\n\t<meta property=\"og:image:type\" content=\"image\/webp\" \/>\n<meta name=\"author\" content=\"Ana Luiza Bonatto\" \/>\n<meta name=\"twitter:card\" content=\"summary_large_image\" \/>\n<meta name=\"twitter:label1\" content=\"Escrito por\" \/>\n\t<meta name=\"twitter:data1\" content=\"Ana Luiza Bonatto\" \/>\n\t<meta name=\"twitter:label2\" content=\"Est. tempo de leitura\" \/>\n\t<meta name=\"twitter:data2\" content=\"6 minutos\" \/>\n<script type=\"application\/ld+json\" class=\"yoast-schema-graph\">{\"@context\":\"https:\\\/\\\/schema.org\",\"@graph\":[{\"@type\":\"Article\",\"@id\":\"https:\\\/\\\/jornalboasnoticias.com.br\\\/home\\\/indigenas-marcham-em-brasilia-e-bloqueiam-vias-contra-marco-temporal\\\/#article\",\"isPartOf\":{\"@id\":\"https:\\\/\\\/jornalboasnoticias.com.br\\\/home\\\/indigenas-marcham-em-brasilia-e-bloqueiam-vias-contra-marco-temporal\\\/\"},\"author\":{\"name\":\"Ana Luiza Bonatto\",\"@id\":\"https:\\\/\\\/jornalboasnoticias.com.br\\\/home\\\/#\\\/schema\\\/person\\\/d641193e0afc6405b390164dac847971\"},\"headline\":\"Ind\u00edgenas marcham em Bras\u00edlia e bloqueiam vias contra marco temporal\",\"datePublished\":\"2024-10-30T23:14:55+00:00\",\"mainEntityOfPage\":{\"@id\":\"https:\\\/\\\/jornalboasnoticias.com.br\\\/home\\\/indigenas-marcham-em-brasilia-e-bloqueiam-vias-contra-marco-temporal\\\/\"},\"wordCount\":1032,\"commentCount\":0,\"publisher\":{\"@id\":\"https:\\\/\\\/jornalboasnoticias.com.br\\\/home\\\/#organization\"},\"image\":{\"@id\":\"https:\\\/\\\/jornalboasnoticias.com.br\\\/home\\\/indigenas-marcham-em-brasilia-e-bloqueiam-vias-contra-marco-temporal\\\/#primaryimage\"},\"thumbnailUrl\":\"https:\\\/\\\/jornalboasnoticias.com.br\\\/home\\\/wp-content\\\/uploads\\\/2024\\\/10\\\/img20241030124523036.webp\",\"articleSection\":[\"BRASIL\"],\"inLanguage\":\"pt-BR\",\"potentialAction\":[{\"@type\":\"CommentAction\",\"name\":\"Comment\",\"target\":[\"https:\\\/\\\/jornalboasnoticias.com.br\\\/home\\\/indigenas-marcham-em-brasilia-e-bloqueiam-vias-contra-marco-temporal\\\/#respond\"]}]},{\"@type\":\"WebPage\",\"@id\":\"https:\\\/\\\/jornalboasnoticias.com.br\\\/home\\\/indigenas-marcham-em-brasilia-e-bloqueiam-vias-contra-marco-temporal\\\/\",\"url\":\"https:\\\/\\\/jornalboasnoticias.com.br\\\/home\\\/indigenas-marcham-em-brasilia-e-bloqueiam-vias-contra-marco-temporal\\\/\",\"name\":\"Ind\u00edgenas marcham em Bras\u00edlia e bloqueiam vias contra marco temporal - Jornal\",\"isPartOf\":{\"@id\":\"https:\\\/\\\/jornalboasnoticias.com.br\\\/home\\\/#website\"},\"primaryImageOfPage\":{\"@id\":\"https:\\\/\\\/jornalboasnoticias.com.br\\\/home\\\/indigenas-marcham-em-brasilia-e-bloqueiam-vias-contra-marco-temporal\\\/#primaryimage\"},\"image\":{\"@id\":\"https:\\\/\\\/jornalboasnoticias.com.br\\\/home\\\/indigenas-marcham-em-brasilia-e-bloqueiam-vias-contra-marco-temporal\\\/#primaryimage\"},\"thumbnailUrl\":\"https:\\\/\\\/jornalboasnoticias.com.br\\\/home\\\/wp-content\\\/uploads\\\/2024\\\/10\\\/img20241030124523036.webp\",\"datePublished\":\"2024-10-30T23:14:55+00:00\",\"description\":\"Ind\u00edgenas marcham em Bras\u00edlia e bloqueiam vias contra marco temporal\",\"breadcrumb\":{\"@id\":\"https:\\\/\\\/jornalboasnoticias.com.br\\\/home\\\/indigenas-marcham-em-brasilia-e-bloqueiam-vias-contra-marco-temporal\\\/#breadcrumb\"},\"inLanguage\":\"pt-BR\",\"potentialAction\":[{\"@type\":\"ReadAction\",\"target\":[\"https:\\\/\\\/jornalboasnoticias.com.br\\\/home\\\/indigenas-marcham-em-brasilia-e-bloqueiam-vias-contra-marco-temporal\\\/\"]}]},{\"@type\":\"ImageObject\",\"inLanguage\":\"pt-BR\",\"@id\":\"https:\\\/\\\/jornalboasnoticias.com.br\\\/home\\\/indigenas-marcham-em-brasilia-e-bloqueiam-vias-contra-marco-temporal\\\/#primaryimage\",\"url\":\"https:\\\/\\\/jornalboasnoticias.com.br\\\/home\\\/wp-content\\\/uploads\\\/2024\\\/10\\\/img20241030124523036.webp\",\"contentUrl\":\"https:\\\/\\\/jornalboasnoticias.com.br\\\/home\\\/wp-content\\\/uploads\\\/2024\\\/10\\\/img20241030124523036.webp\",\"width\":1170,\"height\":700,\"caption\":\"\u00a9 Bruno Spada\\\/C\u00e2mara dos Deputados\"},{\"@type\":\"BreadcrumbList\",\"@id\":\"https:\\\/\\\/jornalboasnoticias.com.br\\\/home\\\/indigenas-marcham-em-brasilia-e-bloqueiam-vias-contra-marco-temporal\\\/#breadcrumb\",\"itemListElement\":[{\"@type\":\"ListItem\",\"position\":1,\"name\":\"In\u00edcio\",\"item\":\"https:\\\/\\\/jornalboasnoticias.com.br\\\/home\\\/\"},{\"@type\":\"ListItem\",\"position\":2,\"name\":\"Ind\u00edgenas marcham em Bras\u00edlia e bloqueiam vias contra marco temporal\"}]},{\"@type\":\"WebSite\",\"@id\":\"https:\\\/\\\/jornalboasnoticias.com.br\\\/home\\\/#website\",\"url\":\"https:\\\/\\\/jornalboasnoticias.com.br\\\/home\\\/\",\"name\":\"Jornal Boas Not\u00edcias\",\"description\":\"Boas not\u00edcias\",\"publisher\":{\"@id\":\"https:\\\/\\\/jornalboasnoticias.com.br\\\/home\\\/#organization\"},\"potentialAction\":[{\"@type\":\"SearchAction\",\"target\":{\"@type\":\"EntryPoint\",\"urlTemplate\":\"https:\\\/\\\/jornalboasnoticias.com.br\\\/home\\\/?s={search_term_string}\"},\"query-input\":{\"@type\":\"PropertyValueSpecification\",\"valueRequired\":true,\"valueName\":\"search_term_string\"}}],\"inLanguage\":\"pt-BR\"},{\"@type\":\"Organization\",\"@id\":\"https:\\\/\\\/jornalboasnoticias.com.br\\\/home\\\/#organization\",\"name\":\"Coq Editora Ltda\",\"alternateName\":\"Jornal Boas Noticias\",\"url\":\"https:\\\/\\\/jornalboasnoticias.com.br\\\/home\\\/\",\"logo\":{\"@type\":\"ImageObject\",\"inLanguage\":\"pt-BR\",\"@id\":\"https:\\\/\\\/jornalboasnoticias.com.br\\\/home\\\/#\\\/schema\\\/logo\\\/image\\\/\",\"url\":\"https:\\\/\\\/jornalboasnoticias.com.br\\\/home\\\/wp-content\\\/uploads\\\/2024\\\/07\\\/cropped-logo.jpg\",\"contentUrl\":\"https:\\\/\\\/jornalboasnoticias.com.br\\\/home\\\/wp-content\\\/uploads\\\/2024\\\/07\\\/cropped-logo.jpg\",\"width\":290,\"height\":142,\"caption\":\"Coq Editora Ltda\"},\"image\":{\"@id\":\"https:\\\/\\\/jornalboasnoticias.com.br\\\/home\\\/#\\\/schema\\\/logo\\\/image\\\/\"},\"sameAs\":[\"https:\\\/\\\/www.facebook.com\\\/boasnoticiasjornal\"]},{\"@type\":\"Person\",\"@id\":\"https:\\\/\\\/jornalboasnoticias.com.br\\\/home\\\/#\\\/schema\\\/person\\\/d641193e0afc6405b390164dac847971\",\"name\":\"Ana Luiza Bonatto\",\"image\":{\"@type\":\"ImageObject\",\"inLanguage\":\"pt-BR\",\"@id\":\"https:\\\/\\\/secure.gravatar.com\\\/avatar\\\/8a055ebe6373371f67ac6fcf313c0ac0b0a91157fdcdb9514fa62927373348f0?s=96&d=mm&r=g\",\"url\":\"https:\\\/\\\/secure.gravatar.com\\\/avatar\\\/8a055ebe6373371f67ac6fcf313c0ac0b0a91157fdcdb9514fa62927373348f0?s=96&d=mm&r=g\",\"contentUrl\":\"https:\\\/\\\/secure.gravatar.com\\\/avatar\\\/8a055ebe6373371f67ac6fcf313c0ac0b0a91157fdcdb9514fa62927373348f0?s=96&d=mm&r=g\",\"caption\":\"Ana Luiza Bonatto\"},\"url\":\"https:\\\/\\\/jornalboasnoticias.com.br\\\/home\\\/author\\\/ana-luiza\\\/\"}]}<\/script>\n<!-- \/ Yoast SEO plugin. -->","yoast_head_json":{"title":"Ind\u00edgenas marcham em Bras\u00edlia e bloqueiam vias contra marco temporal - Jornal","description":"Ind\u00edgenas marcham em Bras\u00edlia e bloqueiam vias contra marco temporal","robots":{"index":"index","follow":"follow","max-snippet":"max-snippet:-1","max-image-preview":"max-image-preview:large","max-video-preview":"max-video-preview:-1"},"canonical":"https:\/\/jornalboasnoticias.com.br\/home\/indigenas-marcham-em-brasilia-e-bloqueiam-vias-contra-marco-temporal\/","og_locale":"pt_BR","og_type":"article","og_title":"Ind\u00edgenas marcham em Bras\u00edlia e bloqueiam vias contra marco temporal - Jornal","og_description":"Ind\u00edgenas marcham em Bras\u00edlia e bloqueiam vias contra marco temporal","og_url":"https:\/\/jornalboasnoticias.com.br\/home\/indigenas-marcham-em-brasilia-e-bloqueiam-vias-contra-marco-temporal\/","og_site_name":"Jornal","article_publisher":"https:\/\/www.facebook.com\/boasnoticiasjornal","article_published_time":"2024-10-30T23:14:55+00:00","og_image":[{"width":1170,"height":700,"url":"https:\/\/jornalboasnoticias.com.br\/home\/wp-content\/uploads\/2024\/10\/img20241030124523036.webp","type":"image\/webp"}],"author":"Ana Luiza Bonatto","twitter_card":"summary_large_image","twitter_misc":{"Escrito por":"Ana Luiza Bonatto","Est. tempo de leitura":"6 minutos"},"schema":{"@context":"https:\/\/schema.org","@graph":[{"@type":"Article","@id":"https:\/\/jornalboasnoticias.com.br\/home\/indigenas-marcham-em-brasilia-e-bloqueiam-vias-contra-marco-temporal\/#article","isPartOf":{"@id":"https:\/\/jornalboasnoticias.com.br\/home\/indigenas-marcham-em-brasilia-e-bloqueiam-vias-contra-marco-temporal\/"},"author":{"name":"Ana Luiza Bonatto","@id":"https:\/\/jornalboasnoticias.com.br\/home\/#\/schema\/person\/d641193e0afc6405b390164dac847971"},"headline":"Ind\u00edgenas marcham em Bras\u00edlia e bloqueiam vias contra marco temporal","datePublished":"2024-10-30T23:14:55+00:00","mainEntityOfPage":{"@id":"https:\/\/jornalboasnoticias.com.br\/home\/indigenas-marcham-em-brasilia-e-bloqueiam-vias-contra-marco-temporal\/"},"wordCount":1032,"commentCount":0,"publisher":{"@id":"https:\/\/jornalboasnoticias.com.br\/home\/#organization"},"image":{"@id":"https:\/\/jornalboasnoticias.com.br\/home\/indigenas-marcham-em-brasilia-e-bloqueiam-vias-contra-marco-temporal\/#primaryimage"},"thumbnailUrl":"https:\/\/jornalboasnoticias.com.br\/home\/wp-content\/uploads\/2024\/10\/img20241030124523036.webp","articleSection":["BRASIL"],"inLanguage":"pt-BR","potentialAction":[{"@type":"CommentAction","name":"Comment","target":["https:\/\/jornalboasnoticias.com.br\/home\/indigenas-marcham-em-brasilia-e-bloqueiam-vias-contra-marco-temporal\/#respond"]}]},{"@type":"WebPage","@id":"https:\/\/jornalboasnoticias.com.br\/home\/indigenas-marcham-em-brasilia-e-bloqueiam-vias-contra-marco-temporal\/","url":"https:\/\/jornalboasnoticias.com.br\/home\/indigenas-marcham-em-brasilia-e-bloqueiam-vias-contra-marco-temporal\/","name":"Ind\u00edgenas marcham em Bras\u00edlia e bloqueiam vias contra marco temporal - Jornal","isPartOf":{"@id":"https:\/\/jornalboasnoticias.com.br\/home\/#website"},"primaryImageOfPage":{"@id":"https:\/\/jornalboasnoticias.com.br\/home\/indigenas-marcham-em-brasilia-e-bloqueiam-vias-contra-marco-temporal\/#primaryimage"},"image":{"@id":"https:\/\/jornalboasnoticias.com.br\/home\/indigenas-marcham-em-brasilia-e-bloqueiam-vias-contra-marco-temporal\/#primaryimage"},"thumbnailUrl":"https:\/\/jornalboasnoticias.com.br\/home\/wp-content\/uploads\/2024\/10\/img20241030124523036.webp","datePublished":"2024-10-30T23:14:55+00:00","description":"Ind\u00edgenas marcham em Bras\u00edlia e bloqueiam vias contra marco temporal","breadcrumb":{"@id":"https:\/\/jornalboasnoticias.com.br\/home\/indigenas-marcham-em-brasilia-e-bloqueiam-vias-contra-marco-temporal\/#breadcrumb"},"inLanguage":"pt-BR","potentialAction":[{"@type":"ReadAction","target":["https:\/\/jornalboasnoticias.com.br\/home\/indigenas-marcham-em-brasilia-e-bloqueiam-vias-contra-marco-temporal\/"]}]},{"@type":"ImageObject","inLanguage":"pt-BR","@id":"https:\/\/jornalboasnoticias.com.br\/home\/indigenas-marcham-em-brasilia-e-bloqueiam-vias-contra-marco-temporal\/#primaryimage","url":"https:\/\/jornalboasnoticias.com.br\/home\/wp-content\/uploads\/2024\/10\/img20241030124523036.webp","contentUrl":"https:\/\/jornalboasnoticias.com.br\/home\/wp-content\/uploads\/2024\/10\/img20241030124523036.webp","width":1170,"height":700,"caption":"\u00a9 Bruno Spada\/C\u00e2mara dos Deputados"},{"@type":"BreadcrumbList","@id":"https:\/\/jornalboasnoticias.com.br\/home\/indigenas-marcham-em-brasilia-e-bloqueiam-vias-contra-marco-temporal\/#breadcrumb","itemListElement":[{"@type":"ListItem","position":1,"name":"In\u00edcio","item":"https:\/\/jornalboasnoticias.com.br\/home\/"},{"@type":"ListItem","position":2,"name":"Ind\u00edgenas marcham em Bras\u00edlia e bloqueiam vias contra marco temporal"}]},{"@type":"WebSite","@id":"https:\/\/jornalboasnoticias.com.br\/home\/#website","url":"https:\/\/jornalboasnoticias.com.br\/home\/","name":"Jornal Boas Not\u00edcias","description":"Boas not\u00edcias","publisher":{"@id":"https:\/\/jornalboasnoticias.com.br\/home\/#organization"},"potentialAction":[{"@type":"SearchAction","target":{"@type":"EntryPoint","urlTemplate":"https:\/\/jornalboasnoticias.com.br\/home\/?s={search_term_string}"},"query-input":{"@type":"PropertyValueSpecification","valueRequired":true,"valueName":"search_term_string"}}],"inLanguage":"pt-BR"},{"@type":"Organization","@id":"https:\/\/jornalboasnoticias.com.br\/home\/#organization","name":"Coq Editora Ltda","alternateName":"Jornal Boas Noticias","url":"https:\/\/jornalboasnoticias.com.br\/home\/","logo":{"@type":"ImageObject","inLanguage":"pt-BR","@id":"https:\/\/jornalboasnoticias.com.br\/home\/#\/schema\/logo\/image\/","url":"https:\/\/jornalboasnoticias.com.br\/home\/wp-content\/uploads\/2024\/07\/cropped-logo.jpg","contentUrl":"https:\/\/jornalboasnoticias.com.br\/home\/wp-content\/uploads\/2024\/07\/cropped-logo.jpg","width":290,"height":142,"caption":"Coq Editora Ltda"},"image":{"@id":"https:\/\/jornalboasnoticias.com.br\/home\/#\/schema\/logo\/image\/"},"sameAs":["https:\/\/www.facebook.com\/boasnoticiasjornal"]},{"@type":"Person","@id":"https:\/\/jornalboasnoticias.com.br\/home\/#\/schema\/person\/d641193e0afc6405b390164dac847971","name":"Ana Luiza Bonatto","image":{"@type":"ImageObject","inLanguage":"pt-BR","@id":"https:\/\/secure.gravatar.com\/avatar\/8a055ebe6373371f67ac6fcf313c0ac0b0a91157fdcdb9514fa62927373348f0?s=96&d=mm&r=g","url":"https:\/\/secure.gravatar.com\/avatar\/8a055ebe6373371f67ac6fcf313c0ac0b0a91157fdcdb9514fa62927373348f0?s=96&d=mm&r=g","contentUrl":"https:\/\/secure.gravatar.com\/avatar\/8a055ebe6373371f67ac6fcf313c0ac0b0a91157fdcdb9514fa62927373348f0?s=96&d=mm&r=g","caption":"Ana Luiza Bonatto"},"url":"https:\/\/jornalboasnoticias.com.br\/home\/author\/ana-luiza\/"}]}},"_links":{"self":[{"href":"https:\/\/jornalboasnoticias.com.br\/home\/wp-json\/wp\/v2\/posts\/44870","targetHints":{"allow":["GET"]}}],"collection":[{"href":"https:\/\/jornalboasnoticias.com.br\/home\/wp-json\/wp\/v2\/posts"}],"about":[{"href":"https:\/\/jornalboasnoticias.com.br\/home\/wp-json\/wp\/v2\/types\/post"}],"author":[{"embeddable":true,"href":"https:\/\/jornalboasnoticias.com.br\/home\/wp-json\/wp\/v2\/users\/4"}],"replies":[{"embeddable":true,"href":"https:\/\/jornalboasnoticias.com.br\/home\/wp-json\/wp\/v2\/comments?post=44870"}],"version-history":[{"count":1,"href":"https:\/\/jornalboasnoticias.com.br\/home\/wp-json\/wp\/v2\/posts\/44870\/revisions"}],"predecessor-version":[{"id":44872,"href":"https:\/\/jornalboasnoticias.com.br\/home\/wp-json\/wp\/v2\/posts\/44870\/revisions\/44872"}],"wp:featuredmedia":[{"embeddable":true,"href":"https:\/\/jornalboasnoticias.com.br\/home\/wp-json\/wp\/v2\/media\/44871"}],"wp:attachment":[{"href":"https:\/\/jornalboasnoticias.com.br\/home\/wp-json\/wp\/v2\/media?parent=44870"}],"wp:term":[{"taxonomy":"category","embeddable":true,"href":"https:\/\/jornalboasnoticias.com.br\/home\/wp-json\/wp\/v2\/categories?post=44870"},{"taxonomy":"post_tag","embeddable":true,"href":"https:\/\/jornalboasnoticias.com.br\/home\/wp-json\/wp\/v2\/tags?post=44870"}],"curies":[{"name":"wp","href":"https:\/\/api.w.org\/{rel}","templated":true}]}}