{"id":44867,"date":"2024-10-30T23:12:44","date_gmt":"2024-10-30T23:12:44","guid":{"rendered":"https:\/\/jornalboasnoticias.com.br\/home\/?p=44867"},"modified":"2024-10-30T23:12:44","modified_gmt":"2024-10-30T23:12:44","slug":"sociedade-civil-aposta-em-parcerias-para-recuperacao-florestal-no-pais","status":"publish","type":"post","link":"https:\/\/jornalboasnoticias.com.br\/home\/sociedade-civil-aposta-em-parcerias-para-recuperacao-florestal-no-pais\/","title":{"rendered":"Sociedade civil aposta em parcerias para recupera\u00e7\u00e3o florestal no pa\u00eds"},"content":{"rendered":"<figure id=\"attachment_44868\" aria-describedby=\"caption-attachment-44868\" style=\"width: 1170px\" class=\"wp-caption alignnone\"><img loading=\"lazy\" decoding=\"async\" class=\"size-full wp-image-44868\" src=\"https:\/\/jornalboasnoticias.com.br\/home\/wp-content\/uploads\/2024\/10\/06072024-pzzb8421.webp\" alt=\"\" width=\"1170\" height=\"700\" srcset=\"https:\/\/jornalboasnoticias.com.br\/home\/wp-content\/uploads\/2024\/10\/06072024-pzzb8421.webp 1170w, https:\/\/jornalboasnoticias.com.br\/home\/wp-content\/uploads\/2024\/10\/06072024-pzzb8421-300x179.webp 300w, https:\/\/jornalboasnoticias.com.br\/home\/wp-content\/uploads\/2024\/10\/06072024-pzzb8421-1024x613.webp 1024w, https:\/\/jornalboasnoticias.com.br\/home\/wp-content\/uploads\/2024\/10\/06072024-pzzb8421-768x459.webp 768w\" sizes=\"auto, (max-width: 1170px) 100vw, 1170px\" \/><figcaption id=\"caption-attachment-44868\" class=\"wp-caption-text\">\u00a9 Fabio Rodrigues-Pozzebom\/Ag\u00eancia Brasil<\/figcaption><\/figure>\n<div class=\"header-noticia full-width\">\n<blockquote>\n<div class=\"linha-fina-noticia\">Novos projetos t\u00eam foco no desenvolvimento sustent\u00e1vel<\/div>\n<\/blockquote>\n<\/div>\n<div class=\"subheader\">\n<div class=\"container-autoria\">\n<p>Em busca de solu\u00e7\u00f5es baseadas na natureza e da estrutura\u00e7\u00e3o de mecanismos financeiros, a sociedade civil se une e procura desenvolver a economia da restaura\u00e7\u00e3o florestal. Com amplo potencial, novos projetos miram o mercado de carbono na tentativa de acertar um modelo de desenvolvimento sustent\u00e1vel que contemple a recomposi\u00e7\u00e3o da cobertura verde e proporcione amplas oportunidades \u00e0s comunidades locais.<img decoding=\"async\" src=\"https:\/\/agenciabrasil.ebc.com.br\/ebc.png?id=1617640&amp;o=node\" \/><img decoding=\"async\" src=\"https:\/\/agenciabrasil.ebc.com.br\/ebc.gif?id=1617640&amp;o=node\" \/><\/p>\n<p>Um exemplo \u00e9 a parceria entre uma empresa de restaura\u00e7\u00e3o em larga escala e a organiza\u00e7\u00e3o n\u00e3o governamental (ONG) Conserva\u00e7\u00e3o Internacional (CI-Brasil), anunciada nesta quarta-feira (30) para um projeto de 12 mil hectares no extremo sul da Bahia, regi\u00e3o que re\u00fane 21 munic\u00edpios. A proposta tem tamb\u00e9m financiamento da Priceless Planet Coalition (Coaliz\u00e3o Preciosa pelo Planeta, em tradu\u00e7\u00e3o livre), liderada por uma empresa de cart\u00f5es de cr\u00e9dito e que re\u00fane esfor\u00e7os de comerciantes, bancos, cidades e consumidores no enfrentamento \u00e0s mudan\u00e7as clim\u00e1ticas.<\/p>\n<p>De acordo com o vice-presidente da CI Brasil, Mauricio Bianco, a uni\u00e3o dessas v\u00e1rias frentes \u00e9 um modelo que pode viabilizar a recupera\u00e7\u00e3o em v\u00e1rias frentes, inclusive a supera\u00e7\u00e3o da meta assumida pelo pa\u00eds de restaurar 12 milh\u00f5es de hectares at\u00e9 2030. \u201cTemos plena certeza de que isso depois vai escalar para outros biomas, sobretudo a Amaz\u00f4nia, mas, no come\u00e7o, vamos focar a nossa parceria na Mata Atl\u00e2ntica, no sul da Bahia\u201d, disse Bianco.<\/p>\n<p>A ideia \u00e9 que, al\u00e9m de enfrentar a crise clim\u00e1tica e recompor \u00e1reas naturais do pa\u00eds, iniciativas da sociedade civil podem se somar \u00e0s pol\u00edticas p\u00fablicas na estrutura\u00e7\u00e3o de uma economia mais sustent\u00e1vel. \u201cO importante que a restaura\u00e7\u00e3o traz \u00e9 o impacto que pode ter na biodiversidade, no clima e na gera\u00e7\u00e3o de emprego local. Ent\u00e3o, a restaura\u00e7\u00e3o \u00e9 boa para o clima, \u00e9 boa para a biodiversidade e \u00e9 boa para as pessoas. Eu acho que este \u00e9 o grande trunfo\u201d, refor\u00e7a.<\/p>\n<h2>Planaveg<\/h2>\n<p>A meta brasileira para recomposi\u00e7\u00e3o das \u00e1reas naturais foi reafirmada nesta semana, com a atualiza\u00e7\u00e3o do Plano Nacional de Recupera\u00e7\u00e3o de Vegeta\u00e7\u00e3o Nativa (Planaveg), apresentada durante a 16\u00aa Confer\u00eancia das Partes das Na\u00e7\u00f5es Unidas para a Biodiversidade (COP16), em Cali, na Col\u00f4mbia. Na ocasi\u00e3o, a ministra do Meio Ambiente e Mudan\u00e7a do Clima, Marina Silva, destacou a import\u00e2ncia da atualiza\u00e7\u00e3o da pol\u00edtica p\u00fablica que conduzir\u00e1 essa frente de regenera\u00e7\u00e3o ambiental.<\/p>\n<p>\u201cFicamos uma boa parte do nosso tempo transformando natureza em dinheiro. Chegou a hora de pegar o dinheiro para restaurar e preservar a natureza. O bom \u00e9 que a gente pode fazer isso usando a pr\u00f3pria natureza de forma sustent\u00e1vel para gerar prosperidade\u201d, disse.<\/p>\n<p>Al\u00e9m de propor uma agenda de recupera\u00e7\u00e3o da vegeta\u00e7\u00e3o nativa, a atualiza\u00e7\u00e3o quantificou o potencial brasileiro para implementa\u00e7\u00e3o de arranjos capazes de atender as diferentes estrat\u00e9gias conforme a ocupa\u00e7\u00e3o das \u00e1reas degradadas. Foram levados em considera\u00e7\u00e3o territ\u00f3rios que v\u00e3o desde im\u00f3veis rurais de baixa produtividade at\u00e9 \u00e1reas de preserva\u00e7\u00e3o permanente (APP) e reservas legais de uso restrito, passando por unidades de conserva\u00e7\u00e3o e territ\u00f3rios coletivos, como ind\u00edgenas e quilombolas.<\/p>\n<p>Com base das \u00e1reas de preserva\u00e7\u00e3o previstas no C\u00f3digo Florestal Brasileiro, o Planaveg aponta um passivo de 23,7 milh\u00f5es de hectares que precisam ser recuperados para estarem de acordo com a lei. S\u00e3o 1,3 milh\u00e3o de hectares em terras ind\u00edgenas; 1,5 milh\u00e3o de hectares em assentamentos; 1,3 milh\u00e3o de hectares em unidades de conserva\u00e7\u00e3o e a maior parte, sendo 19,1 milh\u00f5es de hectares, representam \u00e1reas privadas em im\u00f3veis rurais.<\/p>\n<p>Os poss\u00edveis arranjos para viabilizar a supera\u00e7\u00e3o desse passivo, conforme a ocupa\u00e7\u00e3o dos territ\u00f3rios, sugerem desde o fomento de sistema integrado de produ\u00e7\u00e3o at\u00e9 a regenera\u00e7\u00e3o e conserva\u00e7\u00e3o da vegeta\u00e7\u00e3o nativa, com planos de preven\u00e7\u00e3o e controle de desmatamento e queimadas, passando por paisagens sustent\u00e1veis.<\/p>\n<p>\u201cTemos no Planaveg um importante trip\u00e9 da conserva\u00e7\u00e3o, da restaura\u00e7\u00e3o e do uso sustent\u00e1vel. Esta \u00e9 a base na qual n\u00f3s botamos os nossos p\u00e9s. Primeiro conservar. Depois, se foi estragado, restaurar e usar de forma sustent\u00e1vel. Uso sustent\u00e1vel nada mais \u00e9 do que o uso com sabedoria\u201d, destacou Marina.<\/p>\n<h2>Pesquisa<\/h2>\n<p>Diante desse cen\u00e1rio atualizado pelo Planaveg, um estudo publicado nesta quarta-feira (30) na revista cient\u00edfica\u00a0<a href=\"https:\/\/www.nature.com\/articles\/s41586-024-08106-4\" target=\"_blank\" rel=\"noopener\"><em>Nature<\/em><\/a>, sobre o potencial global para regenera\u00e7\u00e3o natural em regi\u00f5es tropicais desmatadas revela que um quarto de todo o potencial planet\u00e1rio de 215 milh\u00f5es de hectares fica no Brasil.<\/p>\n<p>\u00c9 uma \u00e1rea equivalente \u00e0 do estado da Bahia e representa 55,12 milh\u00f5es de hectares, que podem ter a vegeta\u00e7\u00e3o nativa restaurada pela t\u00e9cnica de menor custo, levando \u00e0 transforma\u00e7\u00e3o de pequenos fragmentos de floresta em grandes extens\u00f5es de vegeta\u00e7\u00e3o nativa recuperada, explica o diretor de Gest\u00e3o do Conhecimento da CI Brasil, Bruno Coutinho. \u201cMuitas vezes, s\u00e3o \u00e1reas pr\u00f3ximas de \u00e1reas conservadas e exigem a\u00e7\u00f5es m\u00ednimas como aceiros, controle de esp\u00e9cies invasoras e outras, que podem baratear muito o custo da restaura\u00e7\u00e3o e aumentar a escala\u201d, explicou Coutinho.<\/p>\n<p>Para ele, isso torna o estudo um importante instrumento para direcionar tanto as pol\u00edticas p\u00fablicas quanto o mercado de restaura\u00e7\u00e3o florestal. \u201cO Planaveg, por exemplo, prev\u00ea estrat\u00e9gias de regenera\u00e7\u00e3o natural assistida em unidades de conserva\u00e7\u00e3o, porque existe passivo em unidades de conserva\u00e7\u00e3o, especialmente nas de prote\u00e7\u00e3o integral, e a necessidade, por lei, de que isso seja recuperado em um esfor\u00e7o de custo menor e benef\u00edcio maior\u201d, concluiu.<\/p>\n<p>(Ag\u00eancia Brasil)<\/p>\n<\/div>\n<\/div>\n","protected":false},"excerpt":{"rendered":"<p>Novos projetos t\u00eam foco no desenvolvimento sustent\u00e1vel Em busca de solu\u00e7\u00f5es baseadas na natureza e<\/p>\n","protected":false},"author":4,"featured_media":44868,"comment_status":"open","ping_status":"open","sticky":false,"template":"","format":"standard","meta":{"footnotes":""},"categories":[6,3],"tags":[],"class_list":["post-44867","post","type-post","status-publish","format-standard","has-post-thumbnail","hentry","category-brasil","category-destaques"],"yoast_head":"<!-- This site is optimized with the Yoast SEO plugin v27.5 - https:\/\/yoast.com\/product\/yoast-seo-wordpress\/ -->\n<title>Sociedade civil aposta em parcerias para recupera\u00e7\u00e3o florestal no pa\u00eds - Jornal<\/title>\n<meta name=\"description\" content=\"Sociedade civil aposta em parcerias para recupera\u00e7\u00e3o florestal no pa\u00eds\" \/>\n<meta name=\"robots\" content=\"index, follow, max-snippet:-1, max-image-preview:large, max-video-preview:-1\" \/>\n<link rel=\"canonical\" href=\"https:\/\/jornalboasnoticias.com.br\/home\/sociedade-civil-aposta-em-parcerias-para-recuperacao-florestal-no-pais\/\" \/>\n<meta property=\"og:locale\" content=\"pt_BR\" \/>\n<meta property=\"og:type\" content=\"article\" \/>\n<meta property=\"og:title\" content=\"Sociedade civil aposta em parcerias para recupera\u00e7\u00e3o florestal no pa\u00eds - Jornal\" \/>\n<meta property=\"og:description\" content=\"Sociedade civil aposta em parcerias para recupera\u00e7\u00e3o florestal no pa\u00eds\" \/>\n<meta property=\"og:url\" content=\"https:\/\/jornalboasnoticias.com.br\/home\/sociedade-civil-aposta-em-parcerias-para-recuperacao-florestal-no-pais\/\" \/>\n<meta property=\"og:site_name\" content=\"Jornal\" \/>\n<meta property=\"article:publisher\" content=\"https:\/\/www.facebook.com\/boasnoticiasjornal\" \/>\n<meta property=\"article:published_time\" content=\"2024-10-30T23:12:44+00:00\" \/>\n<meta property=\"og:image\" content=\"https:\/\/jornalboasnoticias.com.br\/home\/wp-content\/uploads\/2024\/10\/06072024-pzzb8421.webp\" \/>\n\t<meta property=\"og:image:width\" content=\"1170\" \/>\n\t<meta property=\"og:image:height\" content=\"700\" \/>\n\t<meta property=\"og:image:type\" content=\"image\/webp\" \/>\n<meta name=\"author\" content=\"Ana Luiza Bonatto\" \/>\n<meta name=\"twitter:card\" content=\"summary_large_image\" \/>\n<meta name=\"twitter:label1\" content=\"Escrito por\" \/>\n\t<meta name=\"twitter:data1\" content=\"Ana Luiza Bonatto\" \/>\n\t<meta name=\"twitter:label2\" content=\"Est. tempo de leitura\" \/>\n\t<meta name=\"twitter:data2\" content=\"6 minutos\" \/>\n<script type=\"application\/ld+json\" class=\"yoast-schema-graph\">{\"@context\":\"https:\\\/\\\/schema.org\",\"@graph\":[{\"@type\":\"Article\",\"@id\":\"https:\\\/\\\/jornalboasnoticias.com.br\\\/home\\\/sociedade-civil-aposta-em-parcerias-para-recuperacao-florestal-no-pais\\\/#article\",\"isPartOf\":{\"@id\":\"https:\\\/\\\/jornalboasnoticias.com.br\\\/home\\\/sociedade-civil-aposta-em-parcerias-para-recuperacao-florestal-no-pais\\\/\"},\"author\":{\"name\":\"Ana Luiza Bonatto\",\"@id\":\"https:\\\/\\\/jornalboasnoticias.com.br\\\/home\\\/#\\\/schema\\\/person\\\/d641193e0afc6405b390164dac847971\"},\"headline\":\"Sociedade civil aposta em parcerias para recupera\u00e7\u00e3o florestal no pa\u00eds\",\"datePublished\":\"2024-10-30T23:12:44+00:00\",\"mainEntityOfPage\":{\"@id\":\"https:\\\/\\\/jornalboasnoticias.com.br\\\/home\\\/sociedade-civil-aposta-em-parcerias-para-recuperacao-florestal-no-pais\\\/\"},\"wordCount\":985,\"commentCount\":0,\"publisher\":{\"@id\":\"https:\\\/\\\/jornalboasnoticias.com.br\\\/home\\\/#organization\"},\"image\":{\"@id\":\"https:\\\/\\\/jornalboasnoticias.com.br\\\/home\\\/sociedade-civil-aposta-em-parcerias-para-recuperacao-florestal-no-pais\\\/#primaryimage\"},\"thumbnailUrl\":\"https:\\\/\\\/jornalboasnoticias.com.br\\\/home\\\/wp-content\\\/uploads\\\/2024\\\/10\\\/06072024-pzzb8421.webp\",\"articleSection\":[\"BRASIL\",\"DESTAQUE\"],\"inLanguage\":\"pt-BR\",\"potentialAction\":[{\"@type\":\"CommentAction\",\"name\":\"Comment\",\"target\":[\"https:\\\/\\\/jornalboasnoticias.com.br\\\/home\\\/sociedade-civil-aposta-em-parcerias-para-recuperacao-florestal-no-pais\\\/#respond\"]}]},{\"@type\":\"WebPage\",\"@id\":\"https:\\\/\\\/jornalboasnoticias.com.br\\\/home\\\/sociedade-civil-aposta-em-parcerias-para-recuperacao-florestal-no-pais\\\/\",\"url\":\"https:\\\/\\\/jornalboasnoticias.com.br\\\/home\\\/sociedade-civil-aposta-em-parcerias-para-recuperacao-florestal-no-pais\\\/\",\"name\":\"Sociedade civil aposta em parcerias para recupera\u00e7\u00e3o florestal no pa\u00eds - Jornal\",\"isPartOf\":{\"@id\":\"https:\\\/\\\/jornalboasnoticias.com.br\\\/home\\\/#website\"},\"primaryImageOfPage\":{\"@id\":\"https:\\\/\\\/jornalboasnoticias.com.br\\\/home\\\/sociedade-civil-aposta-em-parcerias-para-recuperacao-florestal-no-pais\\\/#primaryimage\"},\"image\":{\"@id\":\"https:\\\/\\\/jornalboasnoticias.com.br\\\/home\\\/sociedade-civil-aposta-em-parcerias-para-recuperacao-florestal-no-pais\\\/#primaryimage\"},\"thumbnailUrl\":\"https:\\\/\\\/jornalboasnoticias.com.br\\\/home\\\/wp-content\\\/uploads\\\/2024\\\/10\\\/06072024-pzzb8421.webp\",\"datePublished\":\"2024-10-30T23:12:44+00:00\",\"description\":\"Sociedade civil aposta em parcerias para recupera\u00e7\u00e3o florestal no pa\u00eds\",\"breadcrumb\":{\"@id\":\"https:\\\/\\\/jornalboasnoticias.com.br\\\/home\\\/sociedade-civil-aposta-em-parcerias-para-recuperacao-florestal-no-pais\\\/#breadcrumb\"},\"inLanguage\":\"pt-BR\",\"potentialAction\":[{\"@type\":\"ReadAction\",\"target\":[\"https:\\\/\\\/jornalboasnoticias.com.br\\\/home\\\/sociedade-civil-aposta-em-parcerias-para-recuperacao-florestal-no-pais\\\/\"]}]},{\"@type\":\"ImageObject\",\"inLanguage\":\"pt-BR\",\"@id\":\"https:\\\/\\\/jornalboasnoticias.com.br\\\/home\\\/sociedade-civil-aposta-em-parcerias-para-recuperacao-florestal-no-pais\\\/#primaryimage\",\"url\":\"https:\\\/\\\/jornalboasnoticias.com.br\\\/home\\\/wp-content\\\/uploads\\\/2024\\\/10\\\/06072024-pzzb8421.webp\",\"contentUrl\":\"https:\\\/\\\/jornalboasnoticias.com.br\\\/home\\\/wp-content\\\/uploads\\\/2024\\\/10\\\/06072024-pzzb8421.webp\",\"width\":1170,\"height\":700,\"caption\":\"\u00a9 Fabio Rodrigues-Pozzebom\\\/Ag\u00eancia Brasil\"},{\"@type\":\"BreadcrumbList\",\"@id\":\"https:\\\/\\\/jornalboasnoticias.com.br\\\/home\\\/sociedade-civil-aposta-em-parcerias-para-recuperacao-florestal-no-pais\\\/#breadcrumb\",\"itemListElement\":[{\"@type\":\"ListItem\",\"position\":1,\"name\":\"In\u00edcio\",\"item\":\"https:\\\/\\\/jornalboasnoticias.com.br\\\/home\\\/\"},{\"@type\":\"ListItem\",\"position\":2,\"name\":\"Sociedade civil aposta em parcerias para recupera\u00e7\u00e3o florestal no pa\u00eds\"}]},{\"@type\":\"WebSite\",\"@id\":\"https:\\\/\\\/jornalboasnoticias.com.br\\\/home\\\/#website\",\"url\":\"https:\\\/\\\/jornalboasnoticias.com.br\\\/home\\\/\",\"name\":\"Jornal Boas Not\u00edcias\",\"description\":\"Boas not\u00edcias\",\"publisher\":{\"@id\":\"https:\\\/\\\/jornalboasnoticias.com.br\\\/home\\\/#organization\"},\"potentialAction\":[{\"@type\":\"SearchAction\",\"target\":{\"@type\":\"EntryPoint\",\"urlTemplate\":\"https:\\\/\\\/jornalboasnoticias.com.br\\\/home\\\/?s={search_term_string}\"},\"query-input\":{\"@type\":\"PropertyValueSpecification\",\"valueRequired\":true,\"valueName\":\"search_term_string\"}}],\"inLanguage\":\"pt-BR\"},{\"@type\":\"Organization\",\"@id\":\"https:\\\/\\\/jornalboasnoticias.com.br\\\/home\\\/#organization\",\"name\":\"Coq Editora Ltda\",\"alternateName\":\"Jornal Boas Noticias\",\"url\":\"https:\\\/\\\/jornalboasnoticias.com.br\\\/home\\\/\",\"logo\":{\"@type\":\"ImageObject\",\"inLanguage\":\"pt-BR\",\"@id\":\"https:\\\/\\\/jornalboasnoticias.com.br\\\/home\\\/#\\\/schema\\\/logo\\\/image\\\/\",\"url\":\"https:\\\/\\\/jornalboasnoticias.com.br\\\/home\\\/wp-content\\\/uploads\\\/2024\\\/07\\\/cropped-logo.jpg\",\"contentUrl\":\"https:\\\/\\\/jornalboasnoticias.com.br\\\/home\\\/wp-content\\\/uploads\\\/2024\\\/07\\\/cropped-logo.jpg\",\"width\":290,\"height\":142,\"caption\":\"Coq Editora Ltda\"},\"image\":{\"@id\":\"https:\\\/\\\/jornalboasnoticias.com.br\\\/home\\\/#\\\/schema\\\/logo\\\/image\\\/\"},\"sameAs\":[\"https:\\\/\\\/www.facebook.com\\\/boasnoticiasjornal\"]},{\"@type\":\"Person\",\"@id\":\"https:\\\/\\\/jornalboasnoticias.com.br\\\/home\\\/#\\\/schema\\\/person\\\/d641193e0afc6405b390164dac847971\",\"name\":\"Ana Luiza Bonatto\",\"image\":{\"@type\":\"ImageObject\",\"inLanguage\":\"pt-BR\",\"@id\":\"https:\\\/\\\/secure.gravatar.com\\\/avatar\\\/8a055ebe6373371f67ac6fcf313c0ac0b0a91157fdcdb9514fa62927373348f0?s=96&d=mm&r=g\",\"url\":\"https:\\\/\\\/secure.gravatar.com\\\/avatar\\\/8a055ebe6373371f67ac6fcf313c0ac0b0a91157fdcdb9514fa62927373348f0?s=96&d=mm&r=g\",\"contentUrl\":\"https:\\\/\\\/secure.gravatar.com\\\/avatar\\\/8a055ebe6373371f67ac6fcf313c0ac0b0a91157fdcdb9514fa62927373348f0?s=96&d=mm&r=g\",\"caption\":\"Ana Luiza Bonatto\"},\"url\":\"https:\\\/\\\/jornalboasnoticias.com.br\\\/home\\\/author\\\/ana-luiza\\\/\"}]}<\/script>\n<!-- \/ Yoast SEO plugin. -->","yoast_head_json":{"title":"Sociedade civil aposta em parcerias para recupera\u00e7\u00e3o florestal no pa\u00eds - Jornal","description":"Sociedade civil aposta em parcerias para recupera\u00e7\u00e3o florestal no pa\u00eds","robots":{"index":"index","follow":"follow","max-snippet":"max-snippet:-1","max-image-preview":"max-image-preview:large","max-video-preview":"max-video-preview:-1"},"canonical":"https:\/\/jornalboasnoticias.com.br\/home\/sociedade-civil-aposta-em-parcerias-para-recuperacao-florestal-no-pais\/","og_locale":"pt_BR","og_type":"article","og_title":"Sociedade civil aposta em parcerias para recupera\u00e7\u00e3o florestal no pa\u00eds - Jornal","og_description":"Sociedade civil aposta em parcerias para recupera\u00e7\u00e3o florestal no pa\u00eds","og_url":"https:\/\/jornalboasnoticias.com.br\/home\/sociedade-civil-aposta-em-parcerias-para-recuperacao-florestal-no-pais\/","og_site_name":"Jornal","article_publisher":"https:\/\/www.facebook.com\/boasnoticiasjornal","article_published_time":"2024-10-30T23:12:44+00:00","og_image":[{"width":1170,"height":700,"url":"https:\/\/jornalboasnoticias.com.br\/home\/wp-content\/uploads\/2024\/10\/06072024-pzzb8421.webp","type":"image\/webp"}],"author":"Ana Luiza Bonatto","twitter_card":"summary_large_image","twitter_misc":{"Escrito por":"Ana Luiza Bonatto","Est. tempo de leitura":"6 minutos"},"schema":{"@context":"https:\/\/schema.org","@graph":[{"@type":"Article","@id":"https:\/\/jornalboasnoticias.com.br\/home\/sociedade-civil-aposta-em-parcerias-para-recuperacao-florestal-no-pais\/#article","isPartOf":{"@id":"https:\/\/jornalboasnoticias.com.br\/home\/sociedade-civil-aposta-em-parcerias-para-recuperacao-florestal-no-pais\/"},"author":{"name":"Ana Luiza Bonatto","@id":"https:\/\/jornalboasnoticias.com.br\/home\/#\/schema\/person\/d641193e0afc6405b390164dac847971"},"headline":"Sociedade civil aposta em parcerias para recupera\u00e7\u00e3o florestal no pa\u00eds","datePublished":"2024-10-30T23:12:44+00:00","mainEntityOfPage":{"@id":"https:\/\/jornalboasnoticias.com.br\/home\/sociedade-civil-aposta-em-parcerias-para-recuperacao-florestal-no-pais\/"},"wordCount":985,"commentCount":0,"publisher":{"@id":"https:\/\/jornalboasnoticias.com.br\/home\/#organization"},"image":{"@id":"https:\/\/jornalboasnoticias.com.br\/home\/sociedade-civil-aposta-em-parcerias-para-recuperacao-florestal-no-pais\/#primaryimage"},"thumbnailUrl":"https:\/\/jornalboasnoticias.com.br\/home\/wp-content\/uploads\/2024\/10\/06072024-pzzb8421.webp","articleSection":["BRASIL","DESTAQUE"],"inLanguage":"pt-BR","potentialAction":[{"@type":"CommentAction","name":"Comment","target":["https:\/\/jornalboasnoticias.com.br\/home\/sociedade-civil-aposta-em-parcerias-para-recuperacao-florestal-no-pais\/#respond"]}]},{"@type":"WebPage","@id":"https:\/\/jornalboasnoticias.com.br\/home\/sociedade-civil-aposta-em-parcerias-para-recuperacao-florestal-no-pais\/","url":"https:\/\/jornalboasnoticias.com.br\/home\/sociedade-civil-aposta-em-parcerias-para-recuperacao-florestal-no-pais\/","name":"Sociedade civil aposta em parcerias para recupera\u00e7\u00e3o florestal no pa\u00eds - Jornal","isPartOf":{"@id":"https:\/\/jornalboasnoticias.com.br\/home\/#website"},"primaryImageOfPage":{"@id":"https:\/\/jornalboasnoticias.com.br\/home\/sociedade-civil-aposta-em-parcerias-para-recuperacao-florestal-no-pais\/#primaryimage"},"image":{"@id":"https:\/\/jornalboasnoticias.com.br\/home\/sociedade-civil-aposta-em-parcerias-para-recuperacao-florestal-no-pais\/#primaryimage"},"thumbnailUrl":"https:\/\/jornalboasnoticias.com.br\/home\/wp-content\/uploads\/2024\/10\/06072024-pzzb8421.webp","datePublished":"2024-10-30T23:12:44+00:00","description":"Sociedade civil aposta em parcerias para recupera\u00e7\u00e3o florestal no pa\u00eds","breadcrumb":{"@id":"https:\/\/jornalboasnoticias.com.br\/home\/sociedade-civil-aposta-em-parcerias-para-recuperacao-florestal-no-pais\/#breadcrumb"},"inLanguage":"pt-BR","potentialAction":[{"@type":"ReadAction","target":["https:\/\/jornalboasnoticias.com.br\/home\/sociedade-civil-aposta-em-parcerias-para-recuperacao-florestal-no-pais\/"]}]},{"@type":"ImageObject","inLanguage":"pt-BR","@id":"https:\/\/jornalboasnoticias.com.br\/home\/sociedade-civil-aposta-em-parcerias-para-recuperacao-florestal-no-pais\/#primaryimage","url":"https:\/\/jornalboasnoticias.com.br\/home\/wp-content\/uploads\/2024\/10\/06072024-pzzb8421.webp","contentUrl":"https:\/\/jornalboasnoticias.com.br\/home\/wp-content\/uploads\/2024\/10\/06072024-pzzb8421.webp","width":1170,"height":700,"caption":"\u00a9 Fabio Rodrigues-Pozzebom\/Ag\u00eancia Brasil"},{"@type":"BreadcrumbList","@id":"https:\/\/jornalboasnoticias.com.br\/home\/sociedade-civil-aposta-em-parcerias-para-recuperacao-florestal-no-pais\/#breadcrumb","itemListElement":[{"@type":"ListItem","position":1,"name":"In\u00edcio","item":"https:\/\/jornalboasnoticias.com.br\/home\/"},{"@type":"ListItem","position":2,"name":"Sociedade civil aposta em parcerias para recupera\u00e7\u00e3o florestal no pa\u00eds"}]},{"@type":"WebSite","@id":"https:\/\/jornalboasnoticias.com.br\/home\/#website","url":"https:\/\/jornalboasnoticias.com.br\/home\/","name":"Jornal Boas Not\u00edcias","description":"Boas not\u00edcias","publisher":{"@id":"https:\/\/jornalboasnoticias.com.br\/home\/#organization"},"potentialAction":[{"@type":"SearchAction","target":{"@type":"EntryPoint","urlTemplate":"https:\/\/jornalboasnoticias.com.br\/home\/?s={search_term_string}"},"query-input":{"@type":"PropertyValueSpecification","valueRequired":true,"valueName":"search_term_string"}}],"inLanguage":"pt-BR"},{"@type":"Organization","@id":"https:\/\/jornalboasnoticias.com.br\/home\/#organization","name":"Coq Editora Ltda","alternateName":"Jornal Boas Noticias","url":"https:\/\/jornalboasnoticias.com.br\/home\/","logo":{"@type":"ImageObject","inLanguage":"pt-BR","@id":"https:\/\/jornalboasnoticias.com.br\/home\/#\/schema\/logo\/image\/","url":"https:\/\/jornalboasnoticias.com.br\/home\/wp-content\/uploads\/2024\/07\/cropped-logo.jpg","contentUrl":"https:\/\/jornalboasnoticias.com.br\/home\/wp-content\/uploads\/2024\/07\/cropped-logo.jpg","width":290,"height":142,"caption":"Coq Editora Ltda"},"image":{"@id":"https:\/\/jornalboasnoticias.com.br\/home\/#\/schema\/logo\/image\/"},"sameAs":["https:\/\/www.facebook.com\/boasnoticiasjornal"]},{"@type":"Person","@id":"https:\/\/jornalboasnoticias.com.br\/home\/#\/schema\/person\/d641193e0afc6405b390164dac847971","name":"Ana Luiza Bonatto","image":{"@type":"ImageObject","inLanguage":"pt-BR","@id":"https:\/\/secure.gravatar.com\/avatar\/8a055ebe6373371f67ac6fcf313c0ac0b0a91157fdcdb9514fa62927373348f0?s=96&d=mm&r=g","url":"https:\/\/secure.gravatar.com\/avatar\/8a055ebe6373371f67ac6fcf313c0ac0b0a91157fdcdb9514fa62927373348f0?s=96&d=mm&r=g","contentUrl":"https:\/\/secure.gravatar.com\/avatar\/8a055ebe6373371f67ac6fcf313c0ac0b0a91157fdcdb9514fa62927373348f0?s=96&d=mm&r=g","caption":"Ana Luiza Bonatto"},"url":"https:\/\/jornalboasnoticias.com.br\/home\/author\/ana-luiza\/"}]}},"_links":{"self":[{"href":"https:\/\/jornalboasnoticias.com.br\/home\/wp-json\/wp\/v2\/posts\/44867","targetHints":{"allow":["GET"]}}],"collection":[{"href":"https:\/\/jornalboasnoticias.com.br\/home\/wp-json\/wp\/v2\/posts"}],"about":[{"href":"https:\/\/jornalboasnoticias.com.br\/home\/wp-json\/wp\/v2\/types\/post"}],"author":[{"embeddable":true,"href":"https:\/\/jornalboasnoticias.com.br\/home\/wp-json\/wp\/v2\/users\/4"}],"replies":[{"embeddable":true,"href":"https:\/\/jornalboasnoticias.com.br\/home\/wp-json\/wp\/v2\/comments?post=44867"}],"version-history":[{"count":1,"href":"https:\/\/jornalboasnoticias.com.br\/home\/wp-json\/wp\/v2\/posts\/44867\/revisions"}],"predecessor-version":[{"id":44869,"href":"https:\/\/jornalboasnoticias.com.br\/home\/wp-json\/wp\/v2\/posts\/44867\/revisions\/44869"}],"wp:featuredmedia":[{"embeddable":true,"href":"https:\/\/jornalboasnoticias.com.br\/home\/wp-json\/wp\/v2\/media\/44868"}],"wp:attachment":[{"href":"https:\/\/jornalboasnoticias.com.br\/home\/wp-json\/wp\/v2\/media?parent=44867"}],"wp:term":[{"taxonomy":"category","embeddable":true,"href":"https:\/\/jornalboasnoticias.com.br\/home\/wp-json\/wp\/v2\/categories?post=44867"},{"taxonomy":"post_tag","embeddable":true,"href":"https:\/\/jornalboasnoticias.com.br\/home\/wp-json\/wp\/v2\/tags?post=44867"}],"curies":[{"name":"wp","href":"https:\/\/api.w.org\/{rel}","templated":true}]}}