{"id":44864,"date":"2024-10-30T23:11:06","date_gmt":"2024-10-30T23:11:06","guid":{"rendered":"https:\/\/jornalboasnoticias.com.br\/home\/?p=44864"},"modified":"2024-10-30T23:11:06","modified_gmt":"2024-10-30T23:11:06","slug":"abimaq-receita-liquida-do-setor-de-maquinas-cai-127-em-setembro","status":"publish","type":"post","link":"https:\/\/jornalboasnoticias.com.br\/home\/abimaq-receita-liquida-do-setor-de-maquinas-cai-127-em-setembro\/","title":{"rendered":"Abimaq: receita l\u00edquida do setor de m\u00e1quinas cai 12,7% em setembro"},"content":{"rendered":"<div><\/div>\n<div>\n<figure id=\"attachment_44865\" aria-describedby=\"caption-attachment-44865\" style=\"width: 1170px\" class=\"wp-caption alignnone\"><img loading=\"lazy\" decoding=\"async\" class=\"size-full wp-image-44865\" src=\"https:\/\/jornalboasnoticias.com.br\/home\/wp-content\/uploads\/2024\/10\/17528362802_30d62bd7aa_o.webp\" alt=\"\" width=\"1170\" height=\"700\" srcset=\"https:\/\/jornalboasnoticias.com.br\/home\/wp-content\/uploads\/2024\/10\/17528362802_30d62bd7aa_o.webp 1170w, https:\/\/jornalboasnoticias.com.br\/home\/wp-content\/uploads\/2024\/10\/17528362802_30d62bd7aa_o-300x179.webp 300w, https:\/\/jornalboasnoticias.com.br\/home\/wp-content\/uploads\/2024\/10\/17528362802_30d62bd7aa_o-1024x613.webp 1024w, https:\/\/jornalboasnoticias.com.br\/home\/wp-content\/uploads\/2024\/10\/17528362802_30d62bd7aa_o-768x459.webp 768w\" sizes=\"auto, (max-width: 1170px) 100vw, 1170px\" \/><figcaption id=\"caption-attachment-44865\" class=\"wp-caption-text\">\u00a9 CNI\/Jos\u00e9 Paulo Lacerda<\/figcaption><\/figure>\n<\/div>\n<blockquote>\n<div class=\"header-noticia full-width\">\n<div class=\"linha-fina-noticia\">Queda foi puxada pela piora nas vendas do mercado dom\u00e9stico<\/div>\n<\/div>\n<\/blockquote>\n<div class=\"container-autoria\">\n<p>Em setembro, o setor de m\u00e1quinas e equipamentos mostrou desacelera\u00e7\u00e3o. A receita l\u00edquida total do setor somou R$ 23,6 bilh\u00f5es, o que representou queda de 12,7% em rela\u00e7\u00e3o ao m\u00eas anterior e de 8,8% na compara\u00e7\u00e3o anual. O dado foi divulgado hoje (30) pela Associa\u00e7\u00e3o Brasileira da Ind\u00fastria de M\u00e1quinas e Equipamentos (Abimaq). A queda foi puxada pela piora nas vendas do mercado dom\u00e9stico.<img decoding=\"async\" src=\"https:\/\/agenciabrasil.ebc.com.br\/ebc.png?id=1617641&amp;o=node\" \/><img decoding=\"async\" src=\"https:\/\/agenciabrasil.ebc.com.br\/ebc.gif?id=1617641&amp;o=node\" \/><\/p>\n<p>Por outro lado, as vendas no mercado externo cresceram o que, segundo a associa\u00e7\u00e3o, anulou parte da queda do m\u00eas. As exporta\u00e7\u00f5es somaram US$ 1,3 bilh\u00e3o em setembro, o que representou alta de 37,8% em rela\u00e7\u00e3o a agosto e de 12,3% na compara\u00e7\u00e3o com setembro do ano passado. As importa\u00e7\u00f5es, por sua vez, somaram US$ 2,6 bilh\u00f5es, recuo de 0,5% entre agosto e setembro e aumento de 20,4% em rela\u00e7\u00e3o ao mesmo m\u00eas do ano passado.<\/p>\n<p>O consumo aparente do setor de m\u00e1quinas e equipamentos &#8211; que considera o total da produ\u00e7\u00e3o industrial dom\u00e9stica e as importa\u00e7\u00f5es, deduzidas as exporta\u00e7\u00f5es &#8211; caiu 15% na compara\u00e7\u00e3o mensal. J\u00e1 em rela\u00e7\u00e3o a setembro do ano passado, houve alta de 0,5%.<\/p>\n<h2>Pessoal ocupado<\/h2>\n<p>No m\u00eas de setembro houve melhora no n\u00famero de pessoas empregadas no setor, que somou 397 mil colaboradores. O crescimento foi de 0,8% em rela\u00e7\u00e3o a agosto e de 1,6% em rela\u00e7\u00e3o a setembro de 2023.<\/p>\n<p>(Ag\u00eancia Brasil)<\/p>\n<\/div>\n","protected":false},"excerpt":{"rendered":"<p>Queda foi puxada pela piora nas vendas do mercado dom\u00e9stico Em setembro, o setor de<\/p>\n","protected":false},"author":4,"featured_media":44865,"comment_status":"open","ping_status":"open","sticky":false,"template":"","format":"standard","meta":{"footnotes":""},"categories":[5],"tags":[],"class_list":["post-44864","post","type-post","status-publish","format-standard","has-post-thumbnail","hentry","category-economia"],"yoast_head":"<!-- This site is optimized with the Yoast SEO plugin v27.5 - https:\/\/yoast.com\/product\/yoast-seo-wordpress\/ -->\n<title>Abimaq: receita l\u00edquida do setor de m\u00e1quinas cai 12,7% em setembro - Jornal<\/title>\n<meta name=\"description\" content=\"Abimaq: receita l\u00edquida do setor de m\u00e1quinas cai 12,7% em setembro\" \/>\n<meta name=\"robots\" content=\"index, follow, max-snippet:-1, max-image-preview:large, max-video-preview:-1\" \/>\n<link rel=\"canonical\" href=\"https:\/\/jornalboasnoticias.com.br\/home\/abimaq-receita-liquida-do-setor-de-maquinas-cai-127-em-setembro\/\" \/>\n<meta property=\"og:locale\" content=\"pt_BR\" \/>\n<meta property=\"og:type\" content=\"article\" \/>\n<meta property=\"og:title\" content=\"Abimaq: receita l\u00edquida do setor de m\u00e1quinas cai 12,7% em setembro - Jornal\" \/>\n<meta property=\"og:description\" content=\"Abimaq: receita l\u00edquida do setor de m\u00e1quinas cai 12,7% em setembro\" \/>\n<meta property=\"og:url\" content=\"https:\/\/jornalboasnoticias.com.br\/home\/abimaq-receita-liquida-do-setor-de-maquinas-cai-127-em-setembro\/\" \/>\n<meta property=\"og:site_name\" content=\"Jornal\" \/>\n<meta property=\"article:publisher\" content=\"https:\/\/www.facebook.com\/boasnoticiasjornal\" \/>\n<meta property=\"article:published_time\" content=\"2024-10-30T23:11:06+00:00\" \/>\n<meta property=\"og:image\" content=\"https:\/\/jornalboasnoticias.com.br\/home\/wp-content\/uploads\/2024\/10\/17528362802_30d62bd7aa_o.webp\" \/>\n\t<meta property=\"og:image:width\" content=\"1170\" \/>\n\t<meta property=\"og:image:height\" content=\"700\" \/>\n\t<meta property=\"og:image:type\" content=\"image\/webp\" \/>\n<meta name=\"author\" content=\"Ana Luiza Bonatto\" \/>\n<meta name=\"twitter:card\" content=\"summary_large_image\" \/>\n<meta name=\"twitter:label1\" content=\"Escrito por\" \/>\n\t<meta name=\"twitter:data1\" content=\"Ana Luiza Bonatto\" \/>\n\t<meta name=\"twitter:label2\" content=\"Est. tempo de leitura\" \/>\n\t<meta name=\"twitter:data2\" content=\"3 minutos\" \/>\n<script type=\"application\/ld+json\" class=\"yoast-schema-graph\">{\"@context\":\"https:\\\/\\\/schema.org\",\"@graph\":[{\"@type\":\"Article\",\"@id\":\"https:\\\/\\\/jornalboasnoticias.com.br\\\/home\\\/abimaq-receita-liquida-do-setor-de-maquinas-cai-127-em-setembro\\\/#article\",\"isPartOf\":{\"@id\":\"https:\\\/\\\/jornalboasnoticias.com.br\\\/home\\\/abimaq-receita-liquida-do-setor-de-maquinas-cai-127-em-setembro\\\/\"},\"author\":{\"name\":\"Ana Luiza Bonatto\",\"@id\":\"https:\\\/\\\/jornalboasnoticias.com.br\\\/home\\\/#\\\/schema\\\/person\\\/d641193e0afc6405b390164dac847971\"},\"headline\":\"Abimaq: receita l\u00edquida do setor de m\u00e1quinas cai 12,7% em setembro\",\"datePublished\":\"2024-10-30T23:11:06+00:00\",\"mainEntityOfPage\":{\"@id\":\"https:\\\/\\\/jornalboasnoticias.com.br\\\/home\\\/abimaq-receita-liquida-do-setor-de-maquinas-cai-127-em-setembro\\\/\"},\"wordCount\":273,\"commentCount\":0,\"publisher\":{\"@id\":\"https:\\\/\\\/jornalboasnoticias.com.br\\\/home\\\/#organization\"},\"image\":{\"@id\":\"https:\\\/\\\/jornalboasnoticias.com.br\\\/home\\\/abimaq-receita-liquida-do-setor-de-maquinas-cai-127-em-setembro\\\/#primaryimage\"},\"thumbnailUrl\":\"https:\\\/\\\/jornalboasnoticias.com.br\\\/home\\\/wp-content\\\/uploads\\\/2024\\\/10\\\/17528362802_30d62bd7aa_o.webp\",\"articleSection\":[\"ECONOMIA\"],\"inLanguage\":\"pt-BR\",\"potentialAction\":[{\"@type\":\"CommentAction\",\"name\":\"Comment\",\"target\":[\"https:\\\/\\\/jornalboasnoticias.com.br\\\/home\\\/abimaq-receita-liquida-do-setor-de-maquinas-cai-127-em-setembro\\\/#respond\"]}]},{\"@type\":\"WebPage\",\"@id\":\"https:\\\/\\\/jornalboasnoticias.com.br\\\/home\\\/abimaq-receita-liquida-do-setor-de-maquinas-cai-127-em-setembro\\\/\",\"url\":\"https:\\\/\\\/jornalboasnoticias.com.br\\\/home\\\/abimaq-receita-liquida-do-setor-de-maquinas-cai-127-em-setembro\\\/\",\"name\":\"Abimaq: receita l\u00edquida do setor de m\u00e1quinas cai 12,7% em setembro - Jornal\",\"isPartOf\":{\"@id\":\"https:\\\/\\\/jornalboasnoticias.com.br\\\/home\\\/#website\"},\"primaryImageOfPage\":{\"@id\":\"https:\\\/\\\/jornalboasnoticias.com.br\\\/home\\\/abimaq-receita-liquida-do-setor-de-maquinas-cai-127-em-setembro\\\/#primaryimage\"},\"image\":{\"@id\":\"https:\\\/\\\/jornalboasnoticias.com.br\\\/home\\\/abimaq-receita-liquida-do-setor-de-maquinas-cai-127-em-setembro\\\/#primaryimage\"},\"thumbnailUrl\":\"https:\\\/\\\/jornalboasnoticias.com.br\\\/home\\\/wp-content\\\/uploads\\\/2024\\\/10\\\/17528362802_30d62bd7aa_o.webp\",\"datePublished\":\"2024-10-30T23:11:06+00:00\",\"description\":\"Abimaq: receita l\u00edquida do setor de m\u00e1quinas cai 12,7% em setembro\",\"breadcrumb\":{\"@id\":\"https:\\\/\\\/jornalboasnoticias.com.br\\\/home\\\/abimaq-receita-liquida-do-setor-de-maquinas-cai-127-em-setembro\\\/#breadcrumb\"},\"inLanguage\":\"pt-BR\",\"potentialAction\":[{\"@type\":\"ReadAction\",\"target\":[\"https:\\\/\\\/jornalboasnoticias.com.br\\\/home\\\/abimaq-receita-liquida-do-setor-de-maquinas-cai-127-em-setembro\\\/\"]}]},{\"@type\":\"ImageObject\",\"inLanguage\":\"pt-BR\",\"@id\":\"https:\\\/\\\/jornalboasnoticias.com.br\\\/home\\\/abimaq-receita-liquida-do-setor-de-maquinas-cai-127-em-setembro\\\/#primaryimage\",\"url\":\"https:\\\/\\\/jornalboasnoticias.com.br\\\/home\\\/wp-content\\\/uploads\\\/2024\\\/10\\\/17528362802_30d62bd7aa_o.webp\",\"contentUrl\":\"https:\\\/\\\/jornalboasnoticias.com.br\\\/home\\\/wp-content\\\/uploads\\\/2024\\\/10\\\/17528362802_30d62bd7aa_o.webp\",\"width\":1170,\"height\":700,\"caption\":\"\u00a9 CNI\\\/Jos\u00e9 Paulo Lacerda\\\/Direitos reservados Por outro lado, as vendas no mercado externo cresceram o que, segundo a associa\u00e7\u00e3o, anulou parte da queda do m\u00eas. As exporta\u00e7\u00f5es somaram US$ 1,3 bilh\u00e3o em setembro, o que representou alta de 37,8% em rela\u00e7\u00e3o a agosto e de 12,3% na compara\u00e7\u00e3o com setembro do ano passado. As importa\u00e7\u00f5es, por sua vez, somaram US$ 2,6 bilh\u00f5es, recuo de 0,5% entre agosto e setembro e aumento de 20,4% em rela\u00e7\u00e3o ao mesmo m\u00eas do ano passado. O consumo aparente do setor de m\u00e1quinas e equipamentos - que considera o total da produ\u00e7\u00e3o industrial dom\u00e9stica e as importa\u00e7\u00f5es, deduzidas as exporta\u00e7\u00f5es - caiu 15% na compara\u00e7\u00e3o mensal. J\u00e1 em rela\u00e7\u00e3o a setembro do ano passado, houve alta de 0,5%. Pessoal ocupado \u00a9 CNI\\\/Jos\u00e9 Paulo Lacerda\\\/Direitos reservados\"},{\"@type\":\"BreadcrumbList\",\"@id\":\"https:\\\/\\\/jornalboasnoticias.com.br\\\/home\\\/abimaq-receita-liquida-do-setor-de-maquinas-cai-127-em-setembro\\\/#breadcrumb\",\"itemListElement\":[{\"@type\":\"ListItem\",\"position\":1,\"name\":\"In\u00edcio\",\"item\":\"https:\\\/\\\/jornalboasnoticias.com.br\\\/home\\\/\"},{\"@type\":\"ListItem\",\"position\":2,\"name\":\"Abimaq: receita l\u00edquida do setor de m\u00e1quinas cai 12,7% em setembro\"}]},{\"@type\":\"WebSite\",\"@id\":\"https:\\\/\\\/jornalboasnoticias.com.br\\\/home\\\/#website\",\"url\":\"https:\\\/\\\/jornalboasnoticias.com.br\\\/home\\\/\",\"name\":\"Jornal Boas Not\u00edcias\",\"description\":\"Boas not\u00edcias\",\"publisher\":{\"@id\":\"https:\\\/\\\/jornalboasnoticias.com.br\\\/home\\\/#organization\"},\"potentialAction\":[{\"@type\":\"SearchAction\",\"target\":{\"@type\":\"EntryPoint\",\"urlTemplate\":\"https:\\\/\\\/jornalboasnoticias.com.br\\\/home\\\/?s={search_term_string}\"},\"query-input\":{\"@type\":\"PropertyValueSpecification\",\"valueRequired\":true,\"valueName\":\"search_term_string\"}}],\"inLanguage\":\"pt-BR\"},{\"@type\":\"Organization\",\"@id\":\"https:\\\/\\\/jornalboasnoticias.com.br\\\/home\\\/#organization\",\"name\":\"Coq Editora Ltda\",\"alternateName\":\"Jornal Boas Noticias\",\"url\":\"https:\\\/\\\/jornalboasnoticias.com.br\\\/home\\\/\",\"logo\":{\"@type\":\"ImageObject\",\"inLanguage\":\"pt-BR\",\"@id\":\"https:\\\/\\\/jornalboasnoticias.com.br\\\/home\\\/#\\\/schema\\\/logo\\\/image\\\/\",\"url\":\"https:\\\/\\\/jornalboasnoticias.com.br\\\/home\\\/wp-content\\\/uploads\\\/2024\\\/07\\\/cropped-logo.jpg\",\"contentUrl\":\"https:\\\/\\\/jornalboasnoticias.com.br\\\/home\\\/wp-content\\\/uploads\\\/2024\\\/07\\\/cropped-logo.jpg\",\"width\":290,\"height\":142,\"caption\":\"Coq Editora Ltda\"},\"image\":{\"@id\":\"https:\\\/\\\/jornalboasnoticias.com.br\\\/home\\\/#\\\/schema\\\/logo\\\/image\\\/\"},\"sameAs\":[\"https:\\\/\\\/www.facebook.com\\\/boasnoticiasjornal\"]},{\"@type\":\"Person\",\"@id\":\"https:\\\/\\\/jornalboasnoticias.com.br\\\/home\\\/#\\\/schema\\\/person\\\/d641193e0afc6405b390164dac847971\",\"name\":\"Ana Luiza Bonatto\",\"image\":{\"@type\":\"ImageObject\",\"inLanguage\":\"pt-BR\",\"@id\":\"https:\\\/\\\/secure.gravatar.com\\\/avatar\\\/8a055ebe6373371f67ac6fcf313c0ac0b0a91157fdcdb9514fa62927373348f0?s=96&d=mm&r=g\",\"url\":\"https:\\\/\\\/secure.gravatar.com\\\/avatar\\\/8a055ebe6373371f67ac6fcf313c0ac0b0a91157fdcdb9514fa62927373348f0?s=96&d=mm&r=g\",\"contentUrl\":\"https:\\\/\\\/secure.gravatar.com\\\/avatar\\\/8a055ebe6373371f67ac6fcf313c0ac0b0a91157fdcdb9514fa62927373348f0?s=96&d=mm&r=g\",\"caption\":\"Ana Luiza Bonatto\"},\"url\":\"https:\\\/\\\/jornalboasnoticias.com.br\\\/home\\\/author\\\/ana-luiza\\\/\"}]}<\/script>\n<!-- \/ Yoast SEO plugin. -->","yoast_head_json":{"title":"Abimaq: receita l\u00edquida do setor de m\u00e1quinas cai 12,7% em setembro - Jornal","description":"Abimaq: receita l\u00edquida do setor de m\u00e1quinas cai 12,7% em setembro","robots":{"index":"index","follow":"follow","max-snippet":"max-snippet:-1","max-image-preview":"max-image-preview:large","max-video-preview":"max-video-preview:-1"},"canonical":"https:\/\/jornalboasnoticias.com.br\/home\/abimaq-receita-liquida-do-setor-de-maquinas-cai-127-em-setembro\/","og_locale":"pt_BR","og_type":"article","og_title":"Abimaq: receita l\u00edquida do setor de m\u00e1quinas cai 12,7% em setembro - Jornal","og_description":"Abimaq: receita l\u00edquida do setor de m\u00e1quinas cai 12,7% em setembro","og_url":"https:\/\/jornalboasnoticias.com.br\/home\/abimaq-receita-liquida-do-setor-de-maquinas-cai-127-em-setembro\/","og_site_name":"Jornal","article_publisher":"https:\/\/www.facebook.com\/boasnoticiasjornal","article_published_time":"2024-10-30T23:11:06+00:00","og_image":[{"width":1170,"height":700,"url":"https:\/\/jornalboasnoticias.com.br\/home\/wp-content\/uploads\/2024\/10\/17528362802_30d62bd7aa_o.webp","type":"image\/webp"}],"author":"Ana Luiza Bonatto","twitter_card":"summary_large_image","twitter_misc":{"Escrito por":"Ana Luiza Bonatto","Est. tempo de leitura":"3 minutos"},"schema":{"@context":"https:\/\/schema.org","@graph":[{"@type":"Article","@id":"https:\/\/jornalboasnoticias.com.br\/home\/abimaq-receita-liquida-do-setor-de-maquinas-cai-127-em-setembro\/#article","isPartOf":{"@id":"https:\/\/jornalboasnoticias.com.br\/home\/abimaq-receita-liquida-do-setor-de-maquinas-cai-127-em-setembro\/"},"author":{"name":"Ana Luiza Bonatto","@id":"https:\/\/jornalboasnoticias.com.br\/home\/#\/schema\/person\/d641193e0afc6405b390164dac847971"},"headline":"Abimaq: receita l\u00edquida do setor de m\u00e1quinas cai 12,7% em setembro","datePublished":"2024-10-30T23:11:06+00:00","mainEntityOfPage":{"@id":"https:\/\/jornalboasnoticias.com.br\/home\/abimaq-receita-liquida-do-setor-de-maquinas-cai-127-em-setembro\/"},"wordCount":273,"commentCount":0,"publisher":{"@id":"https:\/\/jornalboasnoticias.com.br\/home\/#organization"},"image":{"@id":"https:\/\/jornalboasnoticias.com.br\/home\/abimaq-receita-liquida-do-setor-de-maquinas-cai-127-em-setembro\/#primaryimage"},"thumbnailUrl":"https:\/\/jornalboasnoticias.com.br\/home\/wp-content\/uploads\/2024\/10\/17528362802_30d62bd7aa_o.webp","articleSection":["ECONOMIA"],"inLanguage":"pt-BR","potentialAction":[{"@type":"CommentAction","name":"Comment","target":["https:\/\/jornalboasnoticias.com.br\/home\/abimaq-receita-liquida-do-setor-de-maquinas-cai-127-em-setembro\/#respond"]}]},{"@type":"WebPage","@id":"https:\/\/jornalboasnoticias.com.br\/home\/abimaq-receita-liquida-do-setor-de-maquinas-cai-127-em-setembro\/","url":"https:\/\/jornalboasnoticias.com.br\/home\/abimaq-receita-liquida-do-setor-de-maquinas-cai-127-em-setembro\/","name":"Abimaq: receita l\u00edquida do setor de m\u00e1quinas cai 12,7% em setembro - Jornal","isPartOf":{"@id":"https:\/\/jornalboasnoticias.com.br\/home\/#website"},"primaryImageOfPage":{"@id":"https:\/\/jornalboasnoticias.com.br\/home\/abimaq-receita-liquida-do-setor-de-maquinas-cai-127-em-setembro\/#primaryimage"},"image":{"@id":"https:\/\/jornalboasnoticias.com.br\/home\/abimaq-receita-liquida-do-setor-de-maquinas-cai-127-em-setembro\/#primaryimage"},"thumbnailUrl":"https:\/\/jornalboasnoticias.com.br\/home\/wp-content\/uploads\/2024\/10\/17528362802_30d62bd7aa_o.webp","datePublished":"2024-10-30T23:11:06+00:00","description":"Abimaq: receita l\u00edquida do setor de m\u00e1quinas cai 12,7% em setembro","breadcrumb":{"@id":"https:\/\/jornalboasnoticias.com.br\/home\/abimaq-receita-liquida-do-setor-de-maquinas-cai-127-em-setembro\/#breadcrumb"},"inLanguage":"pt-BR","potentialAction":[{"@type":"ReadAction","target":["https:\/\/jornalboasnoticias.com.br\/home\/abimaq-receita-liquida-do-setor-de-maquinas-cai-127-em-setembro\/"]}]},{"@type":"ImageObject","inLanguage":"pt-BR","@id":"https:\/\/jornalboasnoticias.com.br\/home\/abimaq-receita-liquida-do-setor-de-maquinas-cai-127-em-setembro\/#primaryimage","url":"https:\/\/jornalboasnoticias.com.br\/home\/wp-content\/uploads\/2024\/10\/17528362802_30d62bd7aa_o.webp","contentUrl":"https:\/\/jornalboasnoticias.com.br\/home\/wp-content\/uploads\/2024\/10\/17528362802_30d62bd7aa_o.webp","width":1170,"height":700,"caption":"\u00a9 CNI\/Jos\u00e9 Paulo Lacerda\/Direitos reservados Por outro lado, as vendas no mercado externo cresceram o que, segundo a associa\u00e7\u00e3o, anulou parte da queda do m\u00eas. As exporta\u00e7\u00f5es somaram US$ 1,3 bilh\u00e3o em setembro, o que representou alta de 37,8% em rela\u00e7\u00e3o a agosto e de 12,3% na compara\u00e7\u00e3o com setembro do ano passado. As importa\u00e7\u00f5es, por sua vez, somaram US$ 2,6 bilh\u00f5es, recuo de 0,5% entre agosto e setembro e aumento de 20,4% em rela\u00e7\u00e3o ao mesmo m\u00eas do ano passado. O consumo aparente do setor de m\u00e1quinas e equipamentos - que considera o total da produ\u00e7\u00e3o industrial dom\u00e9stica e as importa\u00e7\u00f5es, deduzidas as exporta\u00e7\u00f5es - caiu 15% na compara\u00e7\u00e3o mensal. J\u00e1 em rela\u00e7\u00e3o a setembro do ano passado, houve alta de 0,5%. Pessoal ocupado \u00a9 CNI\/Jos\u00e9 Paulo Lacerda\/Direitos reservados"},{"@type":"BreadcrumbList","@id":"https:\/\/jornalboasnoticias.com.br\/home\/abimaq-receita-liquida-do-setor-de-maquinas-cai-127-em-setembro\/#breadcrumb","itemListElement":[{"@type":"ListItem","position":1,"name":"In\u00edcio","item":"https:\/\/jornalboasnoticias.com.br\/home\/"},{"@type":"ListItem","position":2,"name":"Abimaq: receita l\u00edquida do setor de m\u00e1quinas cai 12,7% em setembro"}]},{"@type":"WebSite","@id":"https:\/\/jornalboasnoticias.com.br\/home\/#website","url":"https:\/\/jornalboasnoticias.com.br\/home\/","name":"Jornal Boas Not\u00edcias","description":"Boas not\u00edcias","publisher":{"@id":"https:\/\/jornalboasnoticias.com.br\/home\/#organization"},"potentialAction":[{"@type":"SearchAction","target":{"@type":"EntryPoint","urlTemplate":"https:\/\/jornalboasnoticias.com.br\/home\/?s={search_term_string}"},"query-input":{"@type":"PropertyValueSpecification","valueRequired":true,"valueName":"search_term_string"}}],"inLanguage":"pt-BR"},{"@type":"Organization","@id":"https:\/\/jornalboasnoticias.com.br\/home\/#organization","name":"Coq Editora Ltda","alternateName":"Jornal Boas Noticias","url":"https:\/\/jornalboasnoticias.com.br\/home\/","logo":{"@type":"ImageObject","inLanguage":"pt-BR","@id":"https:\/\/jornalboasnoticias.com.br\/home\/#\/schema\/logo\/image\/","url":"https:\/\/jornalboasnoticias.com.br\/home\/wp-content\/uploads\/2024\/07\/cropped-logo.jpg","contentUrl":"https:\/\/jornalboasnoticias.com.br\/home\/wp-content\/uploads\/2024\/07\/cropped-logo.jpg","width":290,"height":142,"caption":"Coq Editora Ltda"},"image":{"@id":"https:\/\/jornalboasnoticias.com.br\/home\/#\/schema\/logo\/image\/"},"sameAs":["https:\/\/www.facebook.com\/boasnoticiasjornal"]},{"@type":"Person","@id":"https:\/\/jornalboasnoticias.com.br\/home\/#\/schema\/person\/d641193e0afc6405b390164dac847971","name":"Ana Luiza Bonatto","image":{"@type":"ImageObject","inLanguage":"pt-BR","@id":"https:\/\/secure.gravatar.com\/avatar\/8a055ebe6373371f67ac6fcf313c0ac0b0a91157fdcdb9514fa62927373348f0?s=96&d=mm&r=g","url":"https:\/\/secure.gravatar.com\/avatar\/8a055ebe6373371f67ac6fcf313c0ac0b0a91157fdcdb9514fa62927373348f0?s=96&d=mm&r=g","contentUrl":"https:\/\/secure.gravatar.com\/avatar\/8a055ebe6373371f67ac6fcf313c0ac0b0a91157fdcdb9514fa62927373348f0?s=96&d=mm&r=g","caption":"Ana Luiza Bonatto"},"url":"https:\/\/jornalboasnoticias.com.br\/home\/author\/ana-luiza\/"}]}},"_links":{"self":[{"href":"https:\/\/jornalboasnoticias.com.br\/home\/wp-json\/wp\/v2\/posts\/44864","targetHints":{"allow":["GET"]}}],"collection":[{"href":"https:\/\/jornalboasnoticias.com.br\/home\/wp-json\/wp\/v2\/posts"}],"about":[{"href":"https:\/\/jornalboasnoticias.com.br\/home\/wp-json\/wp\/v2\/types\/post"}],"author":[{"embeddable":true,"href":"https:\/\/jornalboasnoticias.com.br\/home\/wp-json\/wp\/v2\/users\/4"}],"replies":[{"embeddable":true,"href":"https:\/\/jornalboasnoticias.com.br\/home\/wp-json\/wp\/v2\/comments?post=44864"}],"version-history":[{"count":1,"href":"https:\/\/jornalboasnoticias.com.br\/home\/wp-json\/wp\/v2\/posts\/44864\/revisions"}],"predecessor-version":[{"id":44866,"href":"https:\/\/jornalboasnoticias.com.br\/home\/wp-json\/wp\/v2\/posts\/44864\/revisions\/44866"}],"wp:featuredmedia":[{"embeddable":true,"href":"https:\/\/jornalboasnoticias.com.br\/home\/wp-json\/wp\/v2\/media\/44865"}],"wp:attachment":[{"href":"https:\/\/jornalboasnoticias.com.br\/home\/wp-json\/wp\/v2\/media?parent=44864"}],"wp:term":[{"taxonomy":"category","embeddable":true,"href":"https:\/\/jornalboasnoticias.com.br\/home\/wp-json\/wp\/v2\/categories?post=44864"},{"taxonomy":"post_tag","embeddable":true,"href":"https:\/\/jornalboasnoticias.com.br\/home\/wp-json\/wp\/v2\/tags?post=44864"}],"curies":[{"name":"wp","href":"https:\/\/api.w.org\/{rel}","templated":true}]}}