{"id":44855,"date":"2024-10-30T23:05:14","date_gmt":"2024-10-30T23:05:14","guid":{"rendered":"https:\/\/jornalboasnoticias.com.br\/home\/?p=44855"},"modified":"2024-10-30T23:05:14","modified_gmt":"2024-10-30T23:05:14","slug":"stf-uniao-e-rio-tem-30-dias-para-conciliacao-sobre-divida-publica","status":"publish","type":"post","link":"https:\/\/jornalboasnoticias.com.br\/home\/stf-uniao-e-rio-tem-30-dias-para-conciliacao-sobre-divida-publica\/","title":{"rendered":"STF: Uni\u00e3o e Rio t\u00eam 30 dias para concilia\u00e7\u00e3o sobre d\u00edvida p\u00fablica"},"content":{"rendered":"<figure id=\"attachment_44856\" aria-describedby=\"caption-attachment-44856\" style=\"width: 1170px\" class=\"wp-caption alignnone\"><img loading=\"lazy\" decoding=\"async\" class=\"size-full wp-image-44856\" src=\"https:\/\/jornalboasnoticias.com.br\/home\/wp-content\/uploads\/2024\/10\/fachada_supremo_stf.webp\" alt=\"\" width=\"1170\" height=\"700\" srcset=\"https:\/\/jornalboasnoticias.com.br\/home\/wp-content\/uploads\/2024\/10\/fachada_supremo_stf.webp 1170w, https:\/\/jornalboasnoticias.com.br\/home\/wp-content\/uploads\/2024\/10\/fachada_supremo_stf-300x179.webp 300w, https:\/\/jornalboasnoticias.com.br\/home\/wp-content\/uploads\/2024\/10\/fachada_supremo_stf-1024x613.webp 1024w, https:\/\/jornalboasnoticias.com.br\/home\/wp-content\/uploads\/2024\/10\/fachada_supremo_stf-768x459.webp 768w\" sizes=\"auto, (max-width: 1170px) 100vw, 1170px\" \/><figcaption id=\"caption-attachment-44856\" class=\"wp-caption-text\">\u00a9 Jos\u00e9 Cruz\/Ag\u00eancia Brasil<\/figcaption><\/figure>\n<div class=\"header-noticia full-width\">\n<blockquote>\n<div class=\"linha-fina-noticia\">Governador quer discutir juros e possibilidade de descontos<\/div>\n<\/blockquote>\n<div>\n<p>O Supremo Tribunal Federal (STF) fixou nesta quarta-feira (30) prazo de 30 dias para o governo do Rio de Janeiro e a Uni\u00e3o apresentarem propostas de concilia\u00e7\u00e3o sobre o pagamento da d\u00edvida p\u00fablica do estado.<img decoding=\"async\" src=\"https:\/\/agenciabrasil.ebc.com.br\/ebc.png?id=1617702&amp;o=node\" \/><img decoding=\"async\" src=\"https:\/\/agenciabrasil.ebc.com.br\/ebc.gif?id=1617702&amp;o=node\" \/><\/p>\n<p>O prazo foi definido durante uma\u00a0audi\u00eancia de concilia\u00e7\u00e3o\u00a0convocada pelo ministro Dias Toffoli, relator da a\u00e7\u00e3o que trata do caso.<\/p>\n<p>A concilia\u00e7\u00e3o foi determinada ap\u00f3s a suspens\u00e3o da multa aplicada pela Uni\u00e3o ao governo estadual pela inadimpl\u00eancia no pagamento de parcelas da d\u00edvida oriunda do Regime de Recupera\u00e7\u00e3o Fiscal (RRF), assinado em 2021.<\/p>\n<p>Ap\u00f3s participar da audi\u00eancia, o governador Claudio Castro disse que quer discutir os juros que foram pagos pelo Rio e a possibilidade de desconto no pagamento da d\u00edvida.<\/p>\n<p>Segundo Castro, ao longo dos anos, o estado foi prejudicado por leis federais que causaram impacto negativo nas contas estaduais. A d\u00edvida atual \u00e9 de R$ 196 bilh\u00f5es.<\/p>\n<p>&#8220;Toda vez que se faz um alongamento da d\u00edvida volta aos primeiros anos, que s\u00e3o prejudiciais ao devedor. \u00a0Ent\u00e3o, o Rio sempre acabou sofrendo porque nunca sai dos anos iniciais para ir para os anos m\u00e9dios e finais, que s\u00e3o os anos que a parcela come\u00e7a em um valor razo\u00e1vel. O Rio s\u00f3 pagou juros&#8221;, afirmou.<\/p>\n<p>O governador tamb\u00e9m afirmou que n\u00e3o quer o perd\u00e3o da d\u00edvida, mas o pagamento justo das parcelas.<\/p>\n<p>&#8220;Eu poderia pedir o cancelamento total da d\u00edvida, mas eu acho um sinal muito ruim. O devedor tem que pagar sua d\u00edvida, mas pagar de uma maneira justa. O que a gente est\u00e1 cobrando aqui \u00e9 que esse pagamento seja justo e da maneira equilibrada&#8221;, completou.<\/p>\n<h2>Recupera\u00e7\u00e3o<\/h2>\n<p>O Regime de Recupera\u00e7\u00e3o Fiscal, criado pela Lei Complementar 159 de 2017, permite que estados em situa\u00e7\u00e3o de desequil\u00edbrio fiscal tenham benef\u00edcios, como a flexibiliza\u00e7\u00e3o de regras fiscais, concess\u00e3o de opera\u00e7\u00f5es de cr\u00e9dito e a possibilidade de suspens\u00e3o do pagamento da d\u00edvida.<\/p>\n<p>Em contrapartida, as unidades da federa\u00e7\u00e3o devem adotar reformas institucionais que permitam a reestrutura\u00e7\u00e3o do equil\u00edbrio fiscal, como a aprova\u00e7\u00e3o de um teto de gastos, a cria\u00e7\u00e3o de previd\u00eancia complementar e a equipara\u00e7\u00e3o das regras do Regime Pr\u00f3prio de Previd\u00eancia Social (RPPS), no que couber, \u00e0s regras dos servidores da Uni\u00e3o.<\/p>\n<p>O estado do Rio de Janeiro solicitou ingresso no regime ainda em 2017.<\/p>\n<p>Um novo RRF foi criado pela Uni\u00e3o em janeiro de 2021. O Rio de Janeiro, sem conseguir equilibrar suas contas no RRF anterior, entrou com pedido de ades\u00e3o ao novo regime em maio daquele ano, mas seu plano s\u00f3 seria aprovado em junho do ano passado.<\/p>\n<p>(Ag\u00eancia Brasil)<\/p>\n<\/div>\n<\/div>\n<div class=\"container-autoria\"><\/div>\n<div><\/div>\n","protected":false},"excerpt":{"rendered":"<p>Governador quer discutir juros e possibilidade de descontos O Supremo Tribunal Federal (STF) fixou nesta<\/p>\n","protected":false},"author":4,"featured_media":44856,"comment_status":"open","ping_status":"open","sticky":false,"template":"","format":"standard","meta":{"footnotes":""},"categories":[22],"tags":[],"class_list":["post-44855","post","type-post","status-publish","format-standard","has-post-thumbnail","hentry","category-justica"],"yoast_head":"<!-- This site is optimized with the Yoast SEO plugin v27.5 - https:\/\/yoast.com\/product\/yoast-seo-wordpress\/ -->\n<title>STF: Uni\u00e3o e Rio t\u00eam 30 dias para concilia\u00e7\u00e3o sobre d\u00edvida p\u00fablica - Jornal<\/title>\n<meta name=\"description\" content=\"STF: Uni\u00e3o e Rio t\u00eam 30 dias para concilia\u00e7\u00e3o sobre d\u00edvida p\u00fablica\" \/>\n<meta name=\"robots\" content=\"index, follow, max-snippet:-1, max-image-preview:large, max-video-preview:-1\" \/>\n<link rel=\"canonical\" href=\"https:\/\/jornalboasnoticias.com.br\/home\/stf-uniao-e-rio-tem-30-dias-para-conciliacao-sobre-divida-publica\/\" \/>\n<meta property=\"og:locale\" content=\"pt_BR\" \/>\n<meta property=\"og:type\" content=\"article\" \/>\n<meta property=\"og:title\" content=\"STF: Uni\u00e3o e Rio t\u00eam 30 dias para concilia\u00e7\u00e3o sobre d\u00edvida p\u00fablica - Jornal\" \/>\n<meta property=\"og:description\" content=\"STF: Uni\u00e3o e Rio t\u00eam 30 dias para concilia\u00e7\u00e3o sobre d\u00edvida p\u00fablica\" \/>\n<meta property=\"og:url\" content=\"https:\/\/jornalboasnoticias.com.br\/home\/stf-uniao-e-rio-tem-30-dias-para-conciliacao-sobre-divida-publica\/\" \/>\n<meta property=\"og:site_name\" content=\"Jornal\" \/>\n<meta property=\"article:publisher\" content=\"https:\/\/www.facebook.com\/boasnoticiasjornal\" \/>\n<meta property=\"article:published_time\" content=\"2024-10-30T23:05:14+00:00\" \/>\n<meta property=\"og:image\" content=\"https:\/\/jornalboasnoticias.com.br\/home\/wp-content\/uploads\/2024\/10\/fachada_supremo_stf.webp\" \/>\n\t<meta property=\"og:image:width\" content=\"1170\" \/>\n\t<meta property=\"og:image:height\" content=\"700\" \/>\n\t<meta property=\"og:image:type\" content=\"image\/webp\" \/>\n<meta name=\"author\" content=\"Ana Luiza Bonatto\" \/>\n<meta name=\"twitter:card\" content=\"summary_large_image\" \/>\n<meta name=\"twitter:label1\" content=\"Escrito por\" \/>\n\t<meta name=\"twitter:data1\" content=\"Ana Luiza Bonatto\" \/>\n\t<meta name=\"twitter:label2\" content=\"Est. tempo de leitura\" \/>\n\t<meta name=\"twitter:data2\" content=\"4 minutos\" \/>\n<script type=\"application\/ld+json\" class=\"yoast-schema-graph\">{\"@context\":\"https:\\\/\\\/schema.org\",\"@graph\":[{\"@type\":\"Article\",\"@id\":\"https:\\\/\\\/jornalboasnoticias.com.br\\\/home\\\/stf-uniao-e-rio-tem-30-dias-para-conciliacao-sobre-divida-publica\\\/#article\",\"isPartOf\":{\"@id\":\"https:\\\/\\\/jornalboasnoticias.com.br\\\/home\\\/stf-uniao-e-rio-tem-30-dias-para-conciliacao-sobre-divida-publica\\\/\"},\"author\":{\"name\":\"Ana Luiza Bonatto\",\"@id\":\"https:\\\/\\\/jornalboasnoticias.com.br\\\/home\\\/#\\\/schema\\\/person\\\/d641193e0afc6405b390164dac847971\"},\"headline\":\"STF: Uni\u00e3o e Rio t\u00eam 30 dias para concilia\u00e7\u00e3o sobre d\u00edvida p\u00fablica\",\"datePublished\":\"2024-10-30T23:05:14+00:00\",\"mainEntityOfPage\":{\"@id\":\"https:\\\/\\\/jornalboasnoticias.com.br\\\/home\\\/stf-uniao-e-rio-tem-30-dias-para-conciliacao-sobre-divida-publica\\\/\"},\"wordCount\":501,\"commentCount\":0,\"publisher\":{\"@id\":\"https:\\\/\\\/jornalboasnoticias.com.br\\\/home\\\/#organization\"},\"image\":{\"@id\":\"https:\\\/\\\/jornalboasnoticias.com.br\\\/home\\\/stf-uniao-e-rio-tem-30-dias-para-conciliacao-sobre-divida-publica\\\/#primaryimage\"},\"thumbnailUrl\":\"https:\\\/\\\/jornalboasnoticias.com.br\\\/home\\\/wp-content\\\/uploads\\\/2024\\\/10\\\/fachada_supremo_stf.webp\",\"articleSection\":[\"JUSTI\u00c7A\"],\"inLanguage\":\"pt-BR\",\"potentialAction\":[{\"@type\":\"CommentAction\",\"name\":\"Comment\",\"target\":[\"https:\\\/\\\/jornalboasnoticias.com.br\\\/home\\\/stf-uniao-e-rio-tem-30-dias-para-conciliacao-sobre-divida-publica\\\/#respond\"]}]},{\"@type\":\"WebPage\",\"@id\":\"https:\\\/\\\/jornalboasnoticias.com.br\\\/home\\\/stf-uniao-e-rio-tem-30-dias-para-conciliacao-sobre-divida-publica\\\/\",\"url\":\"https:\\\/\\\/jornalboasnoticias.com.br\\\/home\\\/stf-uniao-e-rio-tem-30-dias-para-conciliacao-sobre-divida-publica\\\/\",\"name\":\"STF: Uni\u00e3o e Rio t\u00eam 30 dias para concilia\u00e7\u00e3o sobre d\u00edvida p\u00fablica - Jornal\",\"isPartOf\":{\"@id\":\"https:\\\/\\\/jornalboasnoticias.com.br\\\/home\\\/#website\"},\"primaryImageOfPage\":{\"@id\":\"https:\\\/\\\/jornalboasnoticias.com.br\\\/home\\\/stf-uniao-e-rio-tem-30-dias-para-conciliacao-sobre-divida-publica\\\/#primaryimage\"},\"image\":{\"@id\":\"https:\\\/\\\/jornalboasnoticias.com.br\\\/home\\\/stf-uniao-e-rio-tem-30-dias-para-conciliacao-sobre-divida-publica\\\/#primaryimage\"},\"thumbnailUrl\":\"https:\\\/\\\/jornalboasnoticias.com.br\\\/home\\\/wp-content\\\/uploads\\\/2024\\\/10\\\/fachada_supremo_stf.webp\",\"datePublished\":\"2024-10-30T23:05:14+00:00\",\"description\":\"STF: Uni\u00e3o e Rio t\u00eam 30 dias para concilia\u00e7\u00e3o sobre d\u00edvida p\u00fablica\",\"breadcrumb\":{\"@id\":\"https:\\\/\\\/jornalboasnoticias.com.br\\\/home\\\/stf-uniao-e-rio-tem-30-dias-para-conciliacao-sobre-divida-publica\\\/#breadcrumb\"},\"inLanguage\":\"pt-BR\",\"potentialAction\":[{\"@type\":\"ReadAction\",\"target\":[\"https:\\\/\\\/jornalboasnoticias.com.br\\\/home\\\/stf-uniao-e-rio-tem-30-dias-para-conciliacao-sobre-divida-publica\\\/\"]}]},{\"@type\":\"ImageObject\",\"inLanguage\":\"pt-BR\",\"@id\":\"https:\\\/\\\/jornalboasnoticias.com.br\\\/home\\\/stf-uniao-e-rio-tem-30-dias-para-conciliacao-sobre-divida-publica\\\/#primaryimage\",\"url\":\"https:\\\/\\\/jornalboasnoticias.com.br\\\/home\\\/wp-content\\\/uploads\\\/2024\\\/10\\\/fachada_supremo_stf.webp\",\"contentUrl\":\"https:\\\/\\\/jornalboasnoticias.com.br\\\/home\\\/wp-content\\\/uploads\\\/2024\\\/10\\\/fachada_supremo_stf.webp\",\"width\":1170,\"height\":700,\"caption\":\"\u00a9 Jos\u00e9 Cruz\\\/Ag\u00eancia Brasil\"},{\"@type\":\"BreadcrumbList\",\"@id\":\"https:\\\/\\\/jornalboasnoticias.com.br\\\/home\\\/stf-uniao-e-rio-tem-30-dias-para-conciliacao-sobre-divida-publica\\\/#breadcrumb\",\"itemListElement\":[{\"@type\":\"ListItem\",\"position\":1,\"name\":\"In\u00edcio\",\"item\":\"https:\\\/\\\/jornalboasnoticias.com.br\\\/home\\\/\"},{\"@type\":\"ListItem\",\"position\":2,\"name\":\"STF: Uni\u00e3o e Rio t\u00eam 30 dias para concilia\u00e7\u00e3o sobre d\u00edvida p\u00fablica\"}]},{\"@type\":\"WebSite\",\"@id\":\"https:\\\/\\\/jornalboasnoticias.com.br\\\/home\\\/#website\",\"url\":\"https:\\\/\\\/jornalboasnoticias.com.br\\\/home\\\/\",\"name\":\"Jornal Boas Not\u00edcias\",\"description\":\"Boas not\u00edcias\",\"publisher\":{\"@id\":\"https:\\\/\\\/jornalboasnoticias.com.br\\\/home\\\/#organization\"},\"potentialAction\":[{\"@type\":\"SearchAction\",\"target\":{\"@type\":\"EntryPoint\",\"urlTemplate\":\"https:\\\/\\\/jornalboasnoticias.com.br\\\/home\\\/?s={search_term_string}\"},\"query-input\":{\"@type\":\"PropertyValueSpecification\",\"valueRequired\":true,\"valueName\":\"search_term_string\"}}],\"inLanguage\":\"pt-BR\"},{\"@type\":\"Organization\",\"@id\":\"https:\\\/\\\/jornalboasnoticias.com.br\\\/home\\\/#organization\",\"name\":\"Coq Editora Ltda\",\"alternateName\":\"Jornal Boas Noticias\",\"url\":\"https:\\\/\\\/jornalboasnoticias.com.br\\\/home\\\/\",\"logo\":{\"@type\":\"ImageObject\",\"inLanguage\":\"pt-BR\",\"@id\":\"https:\\\/\\\/jornalboasnoticias.com.br\\\/home\\\/#\\\/schema\\\/logo\\\/image\\\/\",\"url\":\"https:\\\/\\\/jornalboasnoticias.com.br\\\/home\\\/wp-content\\\/uploads\\\/2024\\\/07\\\/cropped-logo.jpg\",\"contentUrl\":\"https:\\\/\\\/jornalboasnoticias.com.br\\\/home\\\/wp-content\\\/uploads\\\/2024\\\/07\\\/cropped-logo.jpg\",\"width\":290,\"height\":142,\"caption\":\"Coq Editora Ltda\"},\"image\":{\"@id\":\"https:\\\/\\\/jornalboasnoticias.com.br\\\/home\\\/#\\\/schema\\\/logo\\\/image\\\/\"},\"sameAs\":[\"https:\\\/\\\/www.facebook.com\\\/boasnoticiasjornal\"]},{\"@type\":\"Person\",\"@id\":\"https:\\\/\\\/jornalboasnoticias.com.br\\\/home\\\/#\\\/schema\\\/person\\\/d641193e0afc6405b390164dac847971\",\"name\":\"Ana Luiza Bonatto\",\"image\":{\"@type\":\"ImageObject\",\"inLanguage\":\"pt-BR\",\"@id\":\"https:\\\/\\\/secure.gravatar.com\\\/avatar\\\/8a055ebe6373371f67ac6fcf313c0ac0b0a91157fdcdb9514fa62927373348f0?s=96&d=mm&r=g\",\"url\":\"https:\\\/\\\/secure.gravatar.com\\\/avatar\\\/8a055ebe6373371f67ac6fcf313c0ac0b0a91157fdcdb9514fa62927373348f0?s=96&d=mm&r=g\",\"contentUrl\":\"https:\\\/\\\/secure.gravatar.com\\\/avatar\\\/8a055ebe6373371f67ac6fcf313c0ac0b0a91157fdcdb9514fa62927373348f0?s=96&d=mm&r=g\",\"caption\":\"Ana Luiza Bonatto\"},\"url\":\"https:\\\/\\\/jornalboasnoticias.com.br\\\/home\\\/author\\\/ana-luiza\\\/\"}]}<\/script>\n<!-- \/ Yoast SEO plugin. -->","yoast_head_json":{"title":"STF: Uni\u00e3o e Rio t\u00eam 30 dias para concilia\u00e7\u00e3o sobre d\u00edvida p\u00fablica - Jornal","description":"STF: Uni\u00e3o e Rio t\u00eam 30 dias para concilia\u00e7\u00e3o sobre d\u00edvida p\u00fablica","robots":{"index":"index","follow":"follow","max-snippet":"max-snippet:-1","max-image-preview":"max-image-preview:large","max-video-preview":"max-video-preview:-1"},"canonical":"https:\/\/jornalboasnoticias.com.br\/home\/stf-uniao-e-rio-tem-30-dias-para-conciliacao-sobre-divida-publica\/","og_locale":"pt_BR","og_type":"article","og_title":"STF: Uni\u00e3o e Rio t\u00eam 30 dias para concilia\u00e7\u00e3o sobre d\u00edvida p\u00fablica - Jornal","og_description":"STF: Uni\u00e3o e Rio t\u00eam 30 dias para concilia\u00e7\u00e3o sobre d\u00edvida p\u00fablica","og_url":"https:\/\/jornalboasnoticias.com.br\/home\/stf-uniao-e-rio-tem-30-dias-para-conciliacao-sobre-divida-publica\/","og_site_name":"Jornal","article_publisher":"https:\/\/www.facebook.com\/boasnoticiasjornal","article_published_time":"2024-10-30T23:05:14+00:00","og_image":[{"width":1170,"height":700,"url":"https:\/\/jornalboasnoticias.com.br\/home\/wp-content\/uploads\/2024\/10\/fachada_supremo_stf.webp","type":"image\/webp"}],"author":"Ana Luiza Bonatto","twitter_card":"summary_large_image","twitter_misc":{"Escrito por":"Ana Luiza Bonatto","Est. tempo de leitura":"4 minutos"},"schema":{"@context":"https:\/\/schema.org","@graph":[{"@type":"Article","@id":"https:\/\/jornalboasnoticias.com.br\/home\/stf-uniao-e-rio-tem-30-dias-para-conciliacao-sobre-divida-publica\/#article","isPartOf":{"@id":"https:\/\/jornalboasnoticias.com.br\/home\/stf-uniao-e-rio-tem-30-dias-para-conciliacao-sobre-divida-publica\/"},"author":{"name":"Ana Luiza Bonatto","@id":"https:\/\/jornalboasnoticias.com.br\/home\/#\/schema\/person\/d641193e0afc6405b390164dac847971"},"headline":"STF: Uni\u00e3o e Rio t\u00eam 30 dias para concilia\u00e7\u00e3o sobre d\u00edvida p\u00fablica","datePublished":"2024-10-30T23:05:14+00:00","mainEntityOfPage":{"@id":"https:\/\/jornalboasnoticias.com.br\/home\/stf-uniao-e-rio-tem-30-dias-para-conciliacao-sobre-divida-publica\/"},"wordCount":501,"commentCount":0,"publisher":{"@id":"https:\/\/jornalboasnoticias.com.br\/home\/#organization"},"image":{"@id":"https:\/\/jornalboasnoticias.com.br\/home\/stf-uniao-e-rio-tem-30-dias-para-conciliacao-sobre-divida-publica\/#primaryimage"},"thumbnailUrl":"https:\/\/jornalboasnoticias.com.br\/home\/wp-content\/uploads\/2024\/10\/fachada_supremo_stf.webp","articleSection":["JUSTI\u00c7A"],"inLanguage":"pt-BR","potentialAction":[{"@type":"CommentAction","name":"Comment","target":["https:\/\/jornalboasnoticias.com.br\/home\/stf-uniao-e-rio-tem-30-dias-para-conciliacao-sobre-divida-publica\/#respond"]}]},{"@type":"WebPage","@id":"https:\/\/jornalboasnoticias.com.br\/home\/stf-uniao-e-rio-tem-30-dias-para-conciliacao-sobre-divida-publica\/","url":"https:\/\/jornalboasnoticias.com.br\/home\/stf-uniao-e-rio-tem-30-dias-para-conciliacao-sobre-divida-publica\/","name":"STF: Uni\u00e3o e Rio t\u00eam 30 dias para concilia\u00e7\u00e3o sobre d\u00edvida p\u00fablica - Jornal","isPartOf":{"@id":"https:\/\/jornalboasnoticias.com.br\/home\/#website"},"primaryImageOfPage":{"@id":"https:\/\/jornalboasnoticias.com.br\/home\/stf-uniao-e-rio-tem-30-dias-para-conciliacao-sobre-divida-publica\/#primaryimage"},"image":{"@id":"https:\/\/jornalboasnoticias.com.br\/home\/stf-uniao-e-rio-tem-30-dias-para-conciliacao-sobre-divida-publica\/#primaryimage"},"thumbnailUrl":"https:\/\/jornalboasnoticias.com.br\/home\/wp-content\/uploads\/2024\/10\/fachada_supremo_stf.webp","datePublished":"2024-10-30T23:05:14+00:00","description":"STF: Uni\u00e3o e Rio t\u00eam 30 dias para concilia\u00e7\u00e3o sobre d\u00edvida p\u00fablica","breadcrumb":{"@id":"https:\/\/jornalboasnoticias.com.br\/home\/stf-uniao-e-rio-tem-30-dias-para-conciliacao-sobre-divida-publica\/#breadcrumb"},"inLanguage":"pt-BR","potentialAction":[{"@type":"ReadAction","target":["https:\/\/jornalboasnoticias.com.br\/home\/stf-uniao-e-rio-tem-30-dias-para-conciliacao-sobre-divida-publica\/"]}]},{"@type":"ImageObject","inLanguage":"pt-BR","@id":"https:\/\/jornalboasnoticias.com.br\/home\/stf-uniao-e-rio-tem-30-dias-para-conciliacao-sobre-divida-publica\/#primaryimage","url":"https:\/\/jornalboasnoticias.com.br\/home\/wp-content\/uploads\/2024\/10\/fachada_supremo_stf.webp","contentUrl":"https:\/\/jornalboasnoticias.com.br\/home\/wp-content\/uploads\/2024\/10\/fachada_supremo_stf.webp","width":1170,"height":700,"caption":"\u00a9 Jos\u00e9 Cruz\/Ag\u00eancia Brasil"},{"@type":"BreadcrumbList","@id":"https:\/\/jornalboasnoticias.com.br\/home\/stf-uniao-e-rio-tem-30-dias-para-conciliacao-sobre-divida-publica\/#breadcrumb","itemListElement":[{"@type":"ListItem","position":1,"name":"In\u00edcio","item":"https:\/\/jornalboasnoticias.com.br\/home\/"},{"@type":"ListItem","position":2,"name":"STF: Uni\u00e3o e Rio t\u00eam 30 dias para concilia\u00e7\u00e3o sobre d\u00edvida p\u00fablica"}]},{"@type":"WebSite","@id":"https:\/\/jornalboasnoticias.com.br\/home\/#website","url":"https:\/\/jornalboasnoticias.com.br\/home\/","name":"Jornal Boas Not\u00edcias","description":"Boas not\u00edcias","publisher":{"@id":"https:\/\/jornalboasnoticias.com.br\/home\/#organization"},"potentialAction":[{"@type":"SearchAction","target":{"@type":"EntryPoint","urlTemplate":"https:\/\/jornalboasnoticias.com.br\/home\/?s={search_term_string}"},"query-input":{"@type":"PropertyValueSpecification","valueRequired":true,"valueName":"search_term_string"}}],"inLanguage":"pt-BR"},{"@type":"Organization","@id":"https:\/\/jornalboasnoticias.com.br\/home\/#organization","name":"Coq Editora Ltda","alternateName":"Jornal Boas Noticias","url":"https:\/\/jornalboasnoticias.com.br\/home\/","logo":{"@type":"ImageObject","inLanguage":"pt-BR","@id":"https:\/\/jornalboasnoticias.com.br\/home\/#\/schema\/logo\/image\/","url":"https:\/\/jornalboasnoticias.com.br\/home\/wp-content\/uploads\/2024\/07\/cropped-logo.jpg","contentUrl":"https:\/\/jornalboasnoticias.com.br\/home\/wp-content\/uploads\/2024\/07\/cropped-logo.jpg","width":290,"height":142,"caption":"Coq Editora Ltda"},"image":{"@id":"https:\/\/jornalboasnoticias.com.br\/home\/#\/schema\/logo\/image\/"},"sameAs":["https:\/\/www.facebook.com\/boasnoticiasjornal"]},{"@type":"Person","@id":"https:\/\/jornalboasnoticias.com.br\/home\/#\/schema\/person\/d641193e0afc6405b390164dac847971","name":"Ana Luiza Bonatto","image":{"@type":"ImageObject","inLanguage":"pt-BR","@id":"https:\/\/secure.gravatar.com\/avatar\/8a055ebe6373371f67ac6fcf313c0ac0b0a91157fdcdb9514fa62927373348f0?s=96&d=mm&r=g","url":"https:\/\/secure.gravatar.com\/avatar\/8a055ebe6373371f67ac6fcf313c0ac0b0a91157fdcdb9514fa62927373348f0?s=96&d=mm&r=g","contentUrl":"https:\/\/secure.gravatar.com\/avatar\/8a055ebe6373371f67ac6fcf313c0ac0b0a91157fdcdb9514fa62927373348f0?s=96&d=mm&r=g","caption":"Ana Luiza Bonatto"},"url":"https:\/\/jornalboasnoticias.com.br\/home\/author\/ana-luiza\/"}]}},"_links":{"self":[{"href":"https:\/\/jornalboasnoticias.com.br\/home\/wp-json\/wp\/v2\/posts\/44855","targetHints":{"allow":["GET"]}}],"collection":[{"href":"https:\/\/jornalboasnoticias.com.br\/home\/wp-json\/wp\/v2\/posts"}],"about":[{"href":"https:\/\/jornalboasnoticias.com.br\/home\/wp-json\/wp\/v2\/types\/post"}],"author":[{"embeddable":true,"href":"https:\/\/jornalboasnoticias.com.br\/home\/wp-json\/wp\/v2\/users\/4"}],"replies":[{"embeddable":true,"href":"https:\/\/jornalboasnoticias.com.br\/home\/wp-json\/wp\/v2\/comments?post=44855"}],"version-history":[{"count":1,"href":"https:\/\/jornalboasnoticias.com.br\/home\/wp-json\/wp\/v2\/posts\/44855\/revisions"}],"predecessor-version":[{"id":44857,"href":"https:\/\/jornalboasnoticias.com.br\/home\/wp-json\/wp\/v2\/posts\/44855\/revisions\/44857"}],"wp:featuredmedia":[{"embeddable":true,"href":"https:\/\/jornalboasnoticias.com.br\/home\/wp-json\/wp\/v2\/media\/44856"}],"wp:attachment":[{"href":"https:\/\/jornalboasnoticias.com.br\/home\/wp-json\/wp\/v2\/media?parent=44855"}],"wp:term":[{"taxonomy":"category","embeddable":true,"href":"https:\/\/jornalboasnoticias.com.br\/home\/wp-json\/wp\/v2\/categories?post=44855"},{"taxonomy":"post_tag","embeddable":true,"href":"https:\/\/jornalboasnoticias.com.br\/home\/wp-json\/wp\/v2\/tags?post=44855"}],"curies":[{"name":"wp","href":"https:\/\/api.w.org\/{rel}","templated":true}]}}