{"id":44852,"date":"2024-10-30T23:03:03","date_gmt":"2024-10-30T23:03:03","guid":{"rendered":"https:\/\/jornalboasnoticias.com.br\/home\/?p=44852"},"modified":"2024-10-30T23:03:03","modified_gmt":"2024-10-30T23:03:03","slug":"governo-firma-parceria-com-porto-digital-para-exploracao-de-ia","status":"publish","type":"post","link":"https:\/\/jornalboasnoticias.com.br\/home\/governo-firma-parceria-com-porto-digital-para-exploracao-de-ia\/","title":{"rendered":"Governo firma parceria com Porto Digital para explora\u00e7\u00e3o de IA"},"content":{"rendered":"<div class=\"header-noticia full-width\">\n<div>\n<figure id=\"attachment_44853\" aria-describedby=\"caption-attachment-44853\" style=\"width: 1170px\" class=\"wp-caption alignnone\"><img loading=\"lazy\" decoding=\"async\" class=\"size-full wp-image-44853\" src=\"https:\/\/jornalboasnoticias.com.br\/home\/wp-content\/uploads\/2024\/10\/semanainovacao.webp\" alt=\"\" width=\"1170\" height=\"700\" srcset=\"https:\/\/jornalboasnoticias.com.br\/home\/wp-content\/uploads\/2024\/10\/semanainovacao.webp 1170w, https:\/\/jornalboasnoticias.com.br\/home\/wp-content\/uploads\/2024\/10\/semanainovacao-300x179.webp 300w, https:\/\/jornalboasnoticias.com.br\/home\/wp-content\/uploads\/2024\/10\/semanainovacao-1024x613.webp 1024w, https:\/\/jornalboasnoticias.com.br\/home\/wp-content\/uploads\/2024\/10\/semanainovacao-768x459.webp 768w\" sizes=\"auto, (max-width: 1170px) 100vw, 1170px\" \/><figcaption id=\"caption-attachment-44853\" class=\"wp-caption-text\">\u00a9 Andr\u00e9 Ara\u00fajo\/Divulga\u00e7\u00e3o<\/figcaption><\/figure>\n<\/div>\n<blockquote>\n<div class=\"linha-fina-noticia\">Objetivo \u00e9 desenvolver 50 projetos de inova\u00e7\u00e3o at\u00e9 2029<\/div>\n<\/blockquote>\n<\/div>\n<div>\n<p>O governo federal firmou uma parceria com o distrito de inova\u00e7\u00e3o Porto Digital para a\u00a0 explora\u00e7\u00e3o da intelig\u00eancia artificial no \u00e2mbito da gest\u00e3o p\u00fablica. O termo\u00a0foi firmado por meio da Escola Nacional de Administra\u00e7\u00e3o P\u00fablica (Enap) nesta quarta-feira (30), durante a\u00a0Semana Nacional de Inova\u00e7\u00e3o, em Bras\u00edlia.\u00a0<img decoding=\"async\" src=\"https:\/\/agenciabrasil.ebc.com.br\/ebc.png?id=1617701&amp;o=node\" \/><img decoding=\"async\" src=\"https:\/\/agenciabrasil.ebc.com.br\/ebc.gif?id=1617701&amp;o=node\" \/><\/p>\n<p>A primeira iniciativa ser\u00e1 a cria\u00e7\u00e3o do Laborat\u00f3rio de Inova\u00e7\u00e3o em Projetos e Produtos de Intelig\u00eancia Artificial (LIIA) que\u00a0contar\u00e1 com\u00a0R$ 8 milh\u00f5es em recursos. O laborat\u00f3rio vai atuar em quatro principais linhas de a\u00e7\u00e3o: prospec\u00e7\u00e3o de projetos de inova\u00e7\u00e3o em IA; execu\u00e7\u00e3o de projetos de inova\u00e7\u00e3o de IA; acelera\u00e7\u00e3o e incuba\u00e7\u00e3o\u00a0de solu\u00e7\u00f5es de IA; e promo\u00e7\u00e3o de cultura, conhecimento e comunidade de IA no governo.<\/p>\n<p>At\u00e9 2029, devem ser captados mais R$ 21,7 milh\u00f5es para impulsionar o laborat\u00f3rio com foco em parcerias p\u00fablico-privadas A ideia \u00e9 desenvolver e implementar cerca de 50 projetos de IA nos pr\u00f3ximos cinco anos.<\/p>\n<p>Para o presidente do Porto Digital, Pierre Lucena, a intelig\u00eancia artificial pode auxiliar na gest\u00e3o governamental em v\u00e1rias frentes, como na melhoria da produtividade. \u201cH\u00e1 milh\u00f5es de possibilidades de melhorias que podem ser trabalhadas dentro desse laborat\u00f3rio com produtos a serem feitos dentro dele\u201d, disse Lucena \u00e0\u00a0<strong>Ag\u00eancia Brasil<\/strong>.<\/p>\n<p>Outra vantagem \u00e9 a melhoria das pol\u00edticas p\u00fablicas com o uso da Intelig\u00eancia Artificial. \u201cO governo tem uma capacidade gigante de ac\u00famulo de dados que podem ser trabalhados para melhoria de pol\u00edticas p\u00fablicas\u201d, diz.<\/p>\n<p>Segundo a Enap, o LIIA dar\u00e1 suporte ao desenvolvimento de solu\u00e7\u00f5es de IA do governo federal para tomadas de decis\u00e3o assertivas e baseadas em evid\u00eancia, com an\u00e1lise de big data, constru\u00e7\u00e3o de cen\u00e1rios preditivos, foco na \u00e9tica e especial aten\u00e7\u00e3o \u00e0 mitiga\u00e7\u00e3o de riscos.<\/p>\n<p>\u201cPoderemos ter uma estrutura dedicada \u00e0 solu\u00e7\u00e3o de problemas digitais. Ser\u00e1 um movimento bastante interessante no governo e que o ajudar\u00e1 a se aproximar da popula\u00e7\u00e3o\u201d, disse a presidenta da Enap, Bet\u00e2nia Lemos.<\/p>\n<p>A parceria do governo com o Porto Digital surge no contexto do Plano Brasileiro de Intelig\u00eancia Artificial (PBIA), que tem como objetivo transformar o pa\u00eds em\u00a0refer\u00eancia mundial em inova\u00e7\u00e3o\u00a0e efici\u00eancia no uso da intelig\u00eancia artificial, especialmente no setor p\u00fablico. A iniciativa conta com apoio da Dataprev, Financiadora de Estudos e Projetos (Finep), Servi\u00e7o Federal de Processamento de Dados (Serpro) e o Minist\u00e9rio da Gest\u00e3o e Inova\u00e7\u00e3o.<\/p>\n<p>Localizado em Recife, o Porto Digital \u00e9 o principal distrito de inova\u00e7\u00e3o da Am\u00e9rica Latina e conta atualmente com mais de 18 mil colaboradores distribu\u00eddos em mais de 415 empresas, gerando um faturamento anual de R$ 5,4 bilh\u00f5es.<\/p>\n<p>(Ag\u00eancia Brasil)<\/p>\n<\/div>\n","protected":false},"excerpt":{"rendered":"<p>Objetivo \u00e9 desenvolver 50 projetos de inova\u00e7\u00e3o at\u00e9 2029 O governo federal firmou uma parceria<\/p>\n","protected":false},"author":4,"featured_media":44853,"comment_status":"open","ping_status":"open","sticky":false,"template":"","format":"standard","meta":{"footnotes":""},"categories":[3,26],"tags":[],"class_list":["post-44852","post","type-post","status-publish","format-standard","has-post-thumbnail","hentry","category-destaques","category-geral"],"yoast_head":"<!-- This site is optimized with the Yoast SEO plugin v27.5 - https:\/\/yoast.com\/product\/yoast-seo-wordpress\/ -->\n<title>Governo firma parceria com Porto Digital para explora\u00e7\u00e3o de IA - Jornal<\/title>\n<meta name=\"description\" content=\"Governo firma parceria com Porto Digital para explora\u00e7\u00e3o de IA\" \/>\n<meta name=\"robots\" content=\"index, follow, max-snippet:-1, max-image-preview:large, max-video-preview:-1\" \/>\n<link rel=\"canonical\" href=\"https:\/\/jornalboasnoticias.com.br\/home\/governo-firma-parceria-com-porto-digital-para-exploracao-de-ia\/\" \/>\n<meta property=\"og:locale\" content=\"pt_BR\" \/>\n<meta property=\"og:type\" content=\"article\" \/>\n<meta property=\"og:title\" content=\"Governo firma parceria com Porto Digital para explora\u00e7\u00e3o de IA - Jornal\" \/>\n<meta property=\"og:description\" content=\"Governo firma parceria com Porto Digital para explora\u00e7\u00e3o de IA\" \/>\n<meta property=\"og:url\" content=\"https:\/\/jornalboasnoticias.com.br\/home\/governo-firma-parceria-com-porto-digital-para-exploracao-de-ia\/\" \/>\n<meta property=\"og:site_name\" content=\"Jornal\" \/>\n<meta property=\"article:publisher\" content=\"https:\/\/www.facebook.com\/boasnoticiasjornal\" \/>\n<meta property=\"article:published_time\" content=\"2024-10-30T23:03:03+00:00\" \/>\n<meta property=\"og:image\" content=\"https:\/\/jornalboasnoticias.com.br\/home\/wp-content\/uploads\/2024\/10\/semanainovacao.webp\" \/>\n\t<meta property=\"og:image:width\" content=\"1170\" \/>\n\t<meta property=\"og:image:height\" content=\"700\" \/>\n\t<meta property=\"og:image:type\" content=\"image\/webp\" \/>\n<meta name=\"author\" content=\"Ana Luiza Bonatto\" \/>\n<meta name=\"twitter:card\" content=\"summary_large_image\" \/>\n<meta name=\"twitter:label1\" content=\"Escrito por\" \/>\n\t<meta name=\"twitter:data1\" content=\"Ana Luiza Bonatto\" \/>\n\t<meta name=\"twitter:label2\" content=\"Est. tempo de leitura\" \/>\n\t<meta name=\"twitter:data2\" content=\"3 minutos\" \/>\n<script type=\"application\/ld+json\" class=\"yoast-schema-graph\">{\"@context\":\"https:\\\/\\\/schema.org\",\"@graph\":[{\"@type\":\"Article\",\"@id\":\"https:\\\/\\\/jornalboasnoticias.com.br\\\/home\\\/governo-firma-parceria-com-porto-digital-para-exploracao-de-ia\\\/#article\",\"isPartOf\":{\"@id\":\"https:\\\/\\\/jornalboasnoticias.com.br\\\/home\\\/governo-firma-parceria-com-porto-digital-para-exploracao-de-ia\\\/\"},\"author\":{\"name\":\"Ana Luiza Bonatto\",\"@id\":\"https:\\\/\\\/jornalboasnoticias.com.br\\\/home\\\/#\\\/schema\\\/person\\\/d641193e0afc6405b390164dac847971\"},\"headline\":\"Governo firma parceria com Porto Digital para explora\u00e7\u00e3o de IA\",\"datePublished\":\"2024-10-30T23:03:03+00:00\",\"mainEntityOfPage\":{\"@id\":\"https:\\\/\\\/jornalboasnoticias.com.br\\\/home\\\/governo-firma-parceria-com-porto-digital-para-exploracao-de-ia\\\/\"},\"wordCount\":501,\"commentCount\":0,\"publisher\":{\"@id\":\"https:\\\/\\\/jornalboasnoticias.com.br\\\/home\\\/#organization\"},\"image\":{\"@id\":\"https:\\\/\\\/jornalboasnoticias.com.br\\\/home\\\/governo-firma-parceria-com-porto-digital-para-exploracao-de-ia\\\/#primaryimage\"},\"thumbnailUrl\":\"https:\\\/\\\/jornalboasnoticias.com.br\\\/home\\\/wp-content\\\/uploads\\\/2024\\\/10\\\/semanainovacao.webp\",\"articleSection\":[\"DESTAQUE\",\"Geral\"],\"inLanguage\":\"pt-BR\",\"potentialAction\":[{\"@type\":\"CommentAction\",\"name\":\"Comment\",\"target\":[\"https:\\\/\\\/jornalboasnoticias.com.br\\\/home\\\/governo-firma-parceria-com-porto-digital-para-exploracao-de-ia\\\/#respond\"]}]},{\"@type\":\"WebPage\",\"@id\":\"https:\\\/\\\/jornalboasnoticias.com.br\\\/home\\\/governo-firma-parceria-com-porto-digital-para-exploracao-de-ia\\\/\",\"url\":\"https:\\\/\\\/jornalboasnoticias.com.br\\\/home\\\/governo-firma-parceria-com-porto-digital-para-exploracao-de-ia\\\/\",\"name\":\"Governo firma parceria com Porto Digital para explora\u00e7\u00e3o de IA - Jornal\",\"isPartOf\":{\"@id\":\"https:\\\/\\\/jornalboasnoticias.com.br\\\/home\\\/#website\"},\"primaryImageOfPage\":{\"@id\":\"https:\\\/\\\/jornalboasnoticias.com.br\\\/home\\\/governo-firma-parceria-com-porto-digital-para-exploracao-de-ia\\\/#primaryimage\"},\"image\":{\"@id\":\"https:\\\/\\\/jornalboasnoticias.com.br\\\/home\\\/governo-firma-parceria-com-porto-digital-para-exploracao-de-ia\\\/#primaryimage\"},\"thumbnailUrl\":\"https:\\\/\\\/jornalboasnoticias.com.br\\\/home\\\/wp-content\\\/uploads\\\/2024\\\/10\\\/semanainovacao.webp\",\"datePublished\":\"2024-10-30T23:03:03+00:00\",\"description\":\"Governo firma parceria com Porto Digital para explora\u00e7\u00e3o de IA\",\"breadcrumb\":{\"@id\":\"https:\\\/\\\/jornalboasnoticias.com.br\\\/home\\\/governo-firma-parceria-com-porto-digital-para-exploracao-de-ia\\\/#breadcrumb\"},\"inLanguage\":\"pt-BR\",\"potentialAction\":[{\"@type\":\"ReadAction\",\"target\":[\"https:\\\/\\\/jornalboasnoticias.com.br\\\/home\\\/governo-firma-parceria-com-porto-digital-para-exploracao-de-ia\\\/\"]}]},{\"@type\":\"ImageObject\",\"inLanguage\":\"pt-BR\",\"@id\":\"https:\\\/\\\/jornalboasnoticias.com.br\\\/home\\\/governo-firma-parceria-com-porto-digital-para-exploracao-de-ia\\\/#primaryimage\",\"url\":\"https:\\\/\\\/jornalboasnoticias.com.br\\\/home\\\/wp-content\\\/uploads\\\/2024\\\/10\\\/semanainovacao.webp\",\"contentUrl\":\"https:\\\/\\\/jornalboasnoticias.com.br\\\/home\\\/wp-content\\\/uploads\\\/2024\\\/10\\\/semanainovacao.webp\",\"width\":1170,\"height\":700,\"caption\":\"\u00a9 Andr\u00e9 Ara\u00fajo\\\/Divulga\u00e7\u00e3o\"},{\"@type\":\"BreadcrumbList\",\"@id\":\"https:\\\/\\\/jornalboasnoticias.com.br\\\/home\\\/governo-firma-parceria-com-porto-digital-para-exploracao-de-ia\\\/#breadcrumb\",\"itemListElement\":[{\"@type\":\"ListItem\",\"position\":1,\"name\":\"In\u00edcio\",\"item\":\"https:\\\/\\\/jornalboasnoticias.com.br\\\/home\\\/\"},{\"@type\":\"ListItem\",\"position\":2,\"name\":\"Governo firma parceria com Porto Digital para explora\u00e7\u00e3o de IA\"}]},{\"@type\":\"WebSite\",\"@id\":\"https:\\\/\\\/jornalboasnoticias.com.br\\\/home\\\/#website\",\"url\":\"https:\\\/\\\/jornalboasnoticias.com.br\\\/home\\\/\",\"name\":\"Jornal Boas Not\u00edcias\",\"description\":\"Boas not\u00edcias\",\"publisher\":{\"@id\":\"https:\\\/\\\/jornalboasnoticias.com.br\\\/home\\\/#organization\"},\"potentialAction\":[{\"@type\":\"SearchAction\",\"target\":{\"@type\":\"EntryPoint\",\"urlTemplate\":\"https:\\\/\\\/jornalboasnoticias.com.br\\\/home\\\/?s={search_term_string}\"},\"query-input\":{\"@type\":\"PropertyValueSpecification\",\"valueRequired\":true,\"valueName\":\"search_term_string\"}}],\"inLanguage\":\"pt-BR\"},{\"@type\":\"Organization\",\"@id\":\"https:\\\/\\\/jornalboasnoticias.com.br\\\/home\\\/#organization\",\"name\":\"Coq Editora Ltda\",\"alternateName\":\"Jornal Boas Noticias\",\"url\":\"https:\\\/\\\/jornalboasnoticias.com.br\\\/home\\\/\",\"logo\":{\"@type\":\"ImageObject\",\"inLanguage\":\"pt-BR\",\"@id\":\"https:\\\/\\\/jornalboasnoticias.com.br\\\/home\\\/#\\\/schema\\\/logo\\\/image\\\/\",\"url\":\"https:\\\/\\\/jornalboasnoticias.com.br\\\/home\\\/wp-content\\\/uploads\\\/2024\\\/07\\\/cropped-logo.jpg\",\"contentUrl\":\"https:\\\/\\\/jornalboasnoticias.com.br\\\/home\\\/wp-content\\\/uploads\\\/2024\\\/07\\\/cropped-logo.jpg\",\"width\":290,\"height\":142,\"caption\":\"Coq Editora Ltda\"},\"image\":{\"@id\":\"https:\\\/\\\/jornalboasnoticias.com.br\\\/home\\\/#\\\/schema\\\/logo\\\/image\\\/\"},\"sameAs\":[\"https:\\\/\\\/www.facebook.com\\\/boasnoticiasjornal\"]},{\"@type\":\"Person\",\"@id\":\"https:\\\/\\\/jornalboasnoticias.com.br\\\/home\\\/#\\\/schema\\\/person\\\/d641193e0afc6405b390164dac847971\",\"name\":\"Ana Luiza Bonatto\",\"image\":{\"@type\":\"ImageObject\",\"inLanguage\":\"pt-BR\",\"@id\":\"https:\\\/\\\/secure.gravatar.com\\\/avatar\\\/8a055ebe6373371f67ac6fcf313c0ac0b0a91157fdcdb9514fa62927373348f0?s=96&d=mm&r=g\",\"url\":\"https:\\\/\\\/secure.gravatar.com\\\/avatar\\\/8a055ebe6373371f67ac6fcf313c0ac0b0a91157fdcdb9514fa62927373348f0?s=96&d=mm&r=g\",\"contentUrl\":\"https:\\\/\\\/secure.gravatar.com\\\/avatar\\\/8a055ebe6373371f67ac6fcf313c0ac0b0a91157fdcdb9514fa62927373348f0?s=96&d=mm&r=g\",\"caption\":\"Ana Luiza Bonatto\"},\"url\":\"https:\\\/\\\/jornalboasnoticias.com.br\\\/home\\\/author\\\/ana-luiza\\\/\"}]}<\/script>\n<!-- \/ Yoast SEO plugin. -->","yoast_head_json":{"title":"Governo firma parceria com Porto Digital para explora\u00e7\u00e3o de IA - Jornal","description":"Governo firma parceria com Porto Digital para explora\u00e7\u00e3o de IA","robots":{"index":"index","follow":"follow","max-snippet":"max-snippet:-1","max-image-preview":"max-image-preview:large","max-video-preview":"max-video-preview:-1"},"canonical":"https:\/\/jornalboasnoticias.com.br\/home\/governo-firma-parceria-com-porto-digital-para-exploracao-de-ia\/","og_locale":"pt_BR","og_type":"article","og_title":"Governo firma parceria com Porto Digital para explora\u00e7\u00e3o de IA - Jornal","og_description":"Governo firma parceria com Porto Digital para explora\u00e7\u00e3o de IA","og_url":"https:\/\/jornalboasnoticias.com.br\/home\/governo-firma-parceria-com-porto-digital-para-exploracao-de-ia\/","og_site_name":"Jornal","article_publisher":"https:\/\/www.facebook.com\/boasnoticiasjornal","article_published_time":"2024-10-30T23:03:03+00:00","og_image":[{"width":1170,"height":700,"url":"https:\/\/jornalboasnoticias.com.br\/home\/wp-content\/uploads\/2024\/10\/semanainovacao.webp","type":"image\/webp"}],"author":"Ana Luiza Bonatto","twitter_card":"summary_large_image","twitter_misc":{"Escrito por":"Ana Luiza Bonatto","Est. tempo de leitura":"3 minutos"},"schema":{"@context":"https:\/\/schema.org","@graph":[{"@type":"Article","@id":"https:\/\/jornalboasnoticias.com.br\/home\/governo-firma-parceria-com-porto-digital-para-exploracao-de-ia\/#article","isPartOf":{"@id":"https:\/\/jornalboasnoticias.com.br\/home\/governo-firma-parceria-com-porto-digital-para-exploracao-de-ia\/"},"author":{"name":"Ana Luiza Bonatto","@id":"https:\/\/jornalboasnoticias.com.br\/home\/#\/schema\/person\/d641193e0afc6405b390164dac847971"},"headline":"Governo firma parceria com Porto Digital para explora\u00e7\u00e3o de IA","datePublished":"2024-10-30T23:03:03+00:00","mainEntityOfPage":{"@id":"https:\/\/jornalboasnoticias.com.br\/home\/governo-firma-parceria-com-porto-digital-para-exploracao-de-ia\/"},"wordCount":501,"commentCount":0,"publisher":{"@id":"https:\/\/jornalboasnoticias.com.br\/home\/#organization"},"image":{"@id":"https:\/\/jornalboasnoticias.com.br\/home\/governo-firma-parceria-com-porto-digital-para-exploracao-de-ia\/#primaryimage"},"thumbnailUrl":"https:\/\/jornalboasnoticias.com.br\/home\/wp-content\/uploads\/2024\/10\/semanainovacao.webp","articleSection":["DESTAQUE","Geral"],"inLanguage":"pt-BR","potentialAction":[{"@type":"CommentAction","name":"Comment","target":["https:\/\/jornalboasnoticias.com.br\/home\/governo-firma-parceria-com-porto-digital-para-exploracao-de-ia\/#respond"]}]},{"@type":"WebPage","@id":"https:\/\/jornalboasnoticias.com.br\/home\/governo-firma-parceria-com-porto-digital-para-exploracao-de-ia\/","url":"https:\/\/jornalboasnoticias.com.br\/home\/governo-firma-parceria-com-porto-digital-para-exploracao-de-ia\/","name":"Governo firma parceria com Porto Digital para explora\u00e7\u00e3o de IA - Jornal","isPartOf":{"@id":"https:\/\/jornalboasnoticias.com.br\/home\/#website"},"primaryImageOfPage":{"@id":"https:\/\/jornalboasnoticias.com.br\/home\/governo-firma-parceria-com-porto-digital-para-exploracao-de-ia\/#primaryimage"},"image":{"@id":"https:\/\/jornalboasnoticias.com.br\/home\/governo-firma-parceria-com-porto-digital-para-exploracao-de-ia\/#primaryimage"},"thumbnailUrl":"https:\/\/jornalboasnoticias.com.br\/home\/wp-content\/uploads\/2024\/10\/semanainovacao.webp","datePublished":"2024-10-30T23:03:03+00:00","description":"Governo firma parceria com Porto Digital para explora\u00e7\u00e3o de IA","breadcrumb":{"@id":"https:\/\/jornalboasnoticias.com.br\/home\/governo-firma-parceria-com-porto-digital-para-exploracao-de-ia\/#breadcrumb"},"inLanguage":"pt-BR","potentialAction":[{"@type":"ReadAction","target":["https:\/\/jornalboasnoticias.com.br\/home\/governo-firma-parceria-com-porto-digital-para-exploracao-de-ia\/"]}]},{"@type":"ImageObject","inLanguage":"pt-BR","@id":"https:\/\/jornalboasnoticias.com.br\/home\/governo-firma-parceria-com-porto-digital-para-exploracao-de-ia\/#primaryimage","url":"https:\/\/jornalboasnoticias.com.br\/home\/wp-content\/uploads\/2024\/10\/semanainovacao.webp","contentUrl":"https:\/\/jornalboasnoticias.com.br\/home\/wp-content\/uploads\/2024\/10\/semanainovacao.webp","width":1170,"height":700,"caption":"\u00a9 Andr\u00e9 Ara\u00fajo\/Divulga\u00e7\u00e3o"},{"@type":"BreadcrumbList","@id":"https:\/\/jornalboasnoticias.com.br\/home\/governo-firma-parceria-com-porto-digital-para-exploracao-de-ia\/#breadcrumb","itemListElement":[{"@type":"ListItem","position":1,"name":"In\u00edcio","item":"https:\/\/jornalboasnoticias.com.br\/home\/"},{"@type":"ListItem","position":2,"name":"Governo firma parceria com Porto Digital para explora\u00e7\u00e3o de IA"}]},{"@type":"WebSite","@id":"https:\/\/jornalboasnoticias.com.br\/home\/#website","url":"https:\/\/jornalboasnoticias.com.br\/home\/","name":"Jornal Boas Not\u00edcias","description":"Boas not\u00edcias","publisher":{"@id":"https:\/\/jornalboasnoticias.com.br\/home\/#organization"},"potentialAction":[{"@type":"SearchAction","target":{"@type":"EntryPoint","urlTemplate":"https:\/\/jornalboasnoticias.com.br\/home\/?s={search_term_string}"},"query-input":{"@type":"PropertyValueSpecification","valueRequired":true,"valueName":"search_term_string"}}],"inLanguage":"pt-BR"},{"@type":"Organization","@id":"https:\/\/jornalboasnoticias.com.br\/home\/#organization","name":"Coq Editora Ltda","alternateName":"Jornal Boas Noticias","url":"https:\/\/jornalboasnoticias.com.br\/home\/","logo":{"@type":"ImageObject","inLanguage":"pt-BR","@id":"https:\/\/jornalboasnoticias.com.br\/home\/#\/schema\/logo\/image\/","url":"https:\/\/jornalboasnoticias.com.br\/home\/wp-content\/uploads\/2024\/07\/cropped-logo.jpg","contentUrl":"https:\/\/jornalboasnoticias.com.br\/home\/wp-content\/uploads\/2024\/07\/cropped-logo.jpg","width":290,"height":142,"caption":"Coq Editora Ltda"},"image":{"@id":"https:\/\/jornalboasnoticias.com.br\/home\/#\/schema\/logo\/image\/"},"sameAs":["https:\/\/www.facebook.com\/boasnoticiasjornal"]},{"@type":"Person","@id":"https:\/\/jornalboasnoticias.com.br\/home\/#\/schema\/person\/d641193e0afc6405b390164dac847971","name":"Ana Luiza Bonatto","image":{"@type":"ImageObject","inLanguage":"pt-BR","@id":"https:\/\/secure.gravatar.com\/avatar\/8a055ebe6373371f67ac6fcf313c0ac0b0a91157fdcdb9514fa62927373348f0?s=96&d=mm&r=g","url":"https:\/\/secure.gravatar.com\/avatar\/8a055ebe6373371f67ac6fcf313c0ac0b0a91157fdcdb9514fa62927373348f0?s=96&d=mm&r=g","contentUrl":"https:\/\/secure.gravatar.com\/avatar\/8a055ebe6373371f67ac6fcf313c0ac0b0a91157fdcdb9514fa62927373348f0?s=96&d=mm&r=g","caption":"Ana Luiza Bonatto"},"url":"https:\/\/jornalboasnoticias.com.br\/home\/author\/ana-luiza\/"}]}},"_links":{"self":[{"href":"https:\/\/jornalboasnoticias.com.br\/home\/wp-json\/wp\/v2\/posts\/44852","targetHints":{"allow":["GET"]}}],"collection":[{"href":"https:\/\/jornalboasnoticias.com.br\/home\/wp-json\/wp\/v2\/posts"}],"about":[{"href":"https:\/\/jornalboasnoticias.com.br\/home\/wp-json\/wp\/v2\/types\/post"}],"author":[{"embeddable":true,"href":"https:\/\/jornalboasnoticias.com.br\/home\/wp-json\/wp\/v2\/users\/4"}],"replies":[{"embeddable":true,"href":"https:\/\/jornalboasnoticias.com.br\/home\/wp-json\/wp\/v2\/comments?post=44852"}],"version-history":[{"count":1,"href":"https:\/\/jornalboasnoticias.com.br\/home\/wp-json\/wp\/v2\/posts\/44852\/revisions"}],"predecessor-version":[{"id":44854,"href":"https:\/\/jornalboasnoticias.com.br\/home\/wp-json\/wp\/v2\/posts\/44852\/revisions\/44854"}],"wp:featuredmedia":[{"embeddable":true,"href":"https:\/\/jornalboasnoticias.com.br\/home\/wp-json\/wp\/v2\/media\/44853"}],"wp:attachment":[{"href":"https:\/\/jornalboasnoticias.com.br\/home\/wp-json\/wp\/v2\/media?parent=44852"}],"wp:term":[{"taxonomy":"category","embeddable":true,"href":"https:\/\/jornalboasnoticias.com.br\/home\/wp-json\/wp\/v2\/categories?post=44852"},{"taxonomy":"post_tag","embeddable":true,"href":"https:\/\/jornalboasnoticias.com.br\/home\/wp-json\/wp\/v2\/tags?post=44852"}],"curies":[{"name":"wp","href":"https:\/\/api.w.org\/{rel}","templated":true}]}}