{"id":44849,"date":"2024-10-30T23:01:25","date_gmt":"2024-10-30T23:01:25","guid":{"rendered":"https:\/\/jornalboasnoticias.com.br\/home\/?p=44849"},"modified":"2024-10-30T23:01:25","modified_gmt":"2024-10-30T23:01:25","slug":"haddad-confirma-envio-de-pec-sobre-revisao-de-gastos","status":"publish","type":"post","link":"https:\/\/jornalboasnoticias.com.br\/home\/haddad-confirma-envio-de-pec-sobre-revisao-de-gastos\/","title":{"rendered":"Haddad confirma envio de PEC sobre revis\u00e3o de gastos"},"content":{"rendered":"<figure id=\"attachment_44850\" aria-describedby=\"caption-attachment-44850\" style=\"width: 1170px\" class=\"wp-caption alignnone\"><img loading=\"lazy\" decoding=\"async\" class=\"size-full wp-image-44850\" src=\"https:\/\/jornalboasnoticias.com.br\/home\/wp-content\/uploads\/2024\/10\/54086349853_99d9084d25_o.webp\" alt=\"\" width=\"1170\" height=\"700\" srcset=\"https:\/\/jornalboasnoticias.com.br\/home\/wp-content\/uploads\/2024\/10\/54086349853_99d9084d25_o.webp 1170w, https:\/\/jornalboasnoticias.com.br\/home\/wp-content\/uploads\/2024\/10\/54086349853_99d9084d25_o-300x179.webp 300w, https:\/\/jornalboasnoticias.com.br\/home\/wp-content\/uploads\/2024\/10\/54086349853_99d9084d25_o-1024x613.webp 1024w, https:\/\/jornalboasnoticias.com.br\/home\/wp-content\/uploads\/2024\/10\/54086349853_99d9084d25_o-768x459.webp 768w\" sizes=\"auto, (max-width: 1170px) 100vw, 1170px\" \/><figcaption id=\"caption-attachment-44850\" class=\"wp-caption-text\">\u00a9 Diogo Zacarias\/MF<\/figcaption><\/figure>\n<div class=\"header-noticia full-width\">\n<blockquote>\n<div class=\"linha-fina-noticia\">Tebet diz que maioria dos cortes valer\u00e3o a partir de 2026<\/div>\n<\/blockquote>\n<\/div>\n<div class=\"subheader\">\n<div class=\"container-autoria\">\n<p>As medidas de revis\u00e3o de gastos obrigat\u00f3rios a ser enviadas pelo governo envolver\u00e3o o envio de pelo menos uma proposta de emenda \u00e0 Constitui\u00e7\u00e3o (PEC), disse nesta quarta-feira (30) o ministro da Fazenda, Fernando Haddad.<img decoding=\"async\" src=\"https:\/\/agenciabrasil.ebc.com.br\/ebc.png?id=1617711&amp;o=node\" \/><img decoding=\"async\" src=\"https:\/\/agenciabrasil.ebc.com.br\/ebc.gif?id=1617711&amp;o=node\" \/><\/p>\n<p>A ministra do Planejamento, Simone Tebet, informou que as propostas compor\u00e3o o primeiro de dois \u201cpacotes estruturais\u201d a ser apresentados pelo governo.<\/p>\n<p>\u201cInvariavelmente, vai ser uma proposta de emenda \u00e0 Constitui\u00e7\u00e3o. Ent\u00e3o, como tem alguma coisa que vai ser votada neste ano ainda a respeito de finan\u00e7as, provavelmente, se conformar dessa maneira, deve entrar em uma emenda constitucional\u201d, disse Haddad a jornalistas, na sa\u00edda do Minist\u00e9rio da Fazenda.<\/p>\n<p>Segundo o ministro, a revis\u00e3o de gastos \u00e9 necess\u00e1ria para \u201cfazer as despesas obrigat\u00f3rias caberem\u201d no arcabou\u00e7o fiscal, que limita o crescimento de gastos do governo a 70% do crescimento real (acima da infla\u00e7\u00e3o) da receita do ano anterior.<\/p>\n<p>Em rela\u00e7\u00e3o ao prazo de envio, Tebet explicou que a maioria das propostas prev\u00ea cortes apenas a partir de 2026. Ela reiterou que o governo pretende enviar as medidas o mais r\u00e1pido poss\u00edvel ao Congresso, mesmo que sejam votadas apenas no pr\u00f3ximo ano.<\/p>\n<p>\u201cPara mim, n\u00f3s precisamos apresentar agora [ao Congresso] no m\u00eas de novembro. Nem todas as medidas, ali\u00e1s, a maioria n\u00e3o precisa ser aprovada neste ano porque a quest\u00e3o n\u00e3o \u00e9 o impacto em 2025, mas em 2026\u201d, explicou.<\/p>\n<p>Tebet considera \u201cconsistente\u201d o pacote de revis\u00e3o de despesas obrigat\u00f3rias e disse que as medidas t\u00eam como objetivo tornar os gastos p\u00fablicos mais eficientes sem eliminar direitos. \u201cO que precisamos \u00e9 apresentar para o pa\u00eds um pacote consistente, autorizado e que d\u00ea conforto ao presidente da Rep\u00fablica. Deixando claro que n\u00e3o vamos tirar nenhum direito. Isso foi um consenso entre o ministro Haddad e eu, n\u00e3o \u00e9 s\u00f3 um pedido do [presidente] Lula\u201d, afirmou a ministra.<\/p>\n<h2>Reuni\u00e3o<\/h2>\n<p>Na tarde desta quarta-feira, os ministros que comp\u00f5em a Junta de Execu\u00e7\u00e3o Or\u00e7ament\u00e1ria (JEO) reuniram-se para tratar, entre outros temas, de a\u00e7\u00f5es para segurar o crescimento de despesas p\u00fablicas. A junta \u00e9 composta pelos seguintes ministros: Rui Costa (Casa Civil), Fernando Haddad (Fazenda), Simone Tebet (Planejamento) e Esther Dweck (Gest\u00e3o e Inova\u00e7\u00e3o em Servi\u00e7os P\u00fablicos).<\/p>\n<p>Na noite de ter\u00e7a-feira (29), o presidente Luiz In\u00e1cio Lula da Silva reuniu-se com Haddad, o futuro presidente do Banco Central, Gabriel Gal\u00edpolo, e o presidente do Banco Nacional de Desenvolvimento Econ\u00f4mico e Social (BNDES), Aloizio Mercadante, para discutir as medidas de corte de gastos. O encontro, de quatro horas, ocorreu no Pal\u00e1cio da Alvorada e tamb\u00e9m teve a participa\u00e7\u00e3o do secret\u00e1rio-executivo do Minist\u00e9rio da Fazenda, Dario Durigan, e do secret\u00e1rio de Pol\u00edtica Econ\u00f4mica da pasta, Guilherme Mello.<\/p>\n<p>Segundo Haddad, o encontro foi proveitoso, com o governo chegando a um entendimento sobre as medidas a serem enviadas. \u201cOntem foi uma boa reuni\u00e3o, porque houve uma converg\u00eancia importante em torno do princ\u00edpio de refor\u00e7ar o arcabou\u00e7o fiscal e uma ideia que tem que ser analisada juridicamente, mas que atende \u00e0 Fazenda. As despesas obrigat\u00f3rias t\u00eam que encontrar uma forma de caber dentro do arcabou\u00e7o, porque \u00e9 isso que faz voc\u00ea ter sustentabilidade\u201d, declarou.<\/p>\n<h2>Mercado financeiro<\/h2>\n<p>Sobre as turbul\u00eancias no mercado financeiro nos \u00faltimos dias, Haddad disse entender a preocupa\u00e7\u00e3o dos investidores, mas reclamou de especula\u00e7\u00f5es em torno do tom de declara\u00e7\u00f5es recentes da equipe econ\u00f4mica. \u201cAt\u00e9 entendo a inquieta\u00e7\u00e3o [do mercado], mas \u00e9 que tem gente especulando em torno de coisas, como o jeito que eu falo. O meu trabalho \u00e9 tentar entregar a melhor reda\u00e7\u00e3o poss\u00edvel para que haja a compreens\u00e3o do Congresso da situa\u00e7\u00e3o do mundo e do Brasil\u201d, disse.<\/p>\n<p>Ap\u00f3s as declara\u00e7\u00f5es de Haddad e Tebet, o d\u00f3lar, que tinha chegado a R$ 5,79 durante a manh\u00e3, desacelerou e fechou praticamente est\u00e1vel, a R$ 5,763 (alta de apenas 0,04%). A bolsa de valores recuou 0,07%, encerrando aos 130.639 pontos.<\/p>\n<p>(Ag\u00eancia Brasil)<\/p>\n<\/div>\n<\/div>\n","protected":false},"excerpt":{"rendered":"<p>Tebet diz que maioria dos cortes valer\u00e3o a partir de 2026 As medidas de revis\u00e3o<\/p>\n","protected":false},"author":4,"featured_media":44850,"comment_status":"open","ping_status":"open","sticky":false,"template":"","format":"standard","meta":{"footnotes":""},"categories":[3,5],"tags":[],"class_list":["post-44849","post","type-post","status-publish","format-standard","has-post-thumbnail","hentry","category-destaques","category-economia"],"yoast_head":"<!-- This site is optimized with the Yoast SEO plugin v27.5 - https:\/\/yoast.com\/product\/yoast-seo-wordpress\/ -->\n<title>Haddad confirma envio de PEC sobre revis\u00e3o de gastos - Jornal<\/title>\n<meta name=\"description\" content=\"Haddad confirma envio de PEC sobre revis\u00e3o de gastos\" \/>\n<meta name=\"robots\" content=\"index, follow, max-snippet:-1, max-image-preview:large, max-video-preview:-1\" \/>\n<link rel=\"canonical\" href=\"https:\/\/jornalboasnoticias.com.br\/home\/haddad-confirma-envio-de-pec-sobre-revisao-de-gastos\/\" \/>\n<meta property=\"og:locale\" content=\"pt_BR\" \/>\n<meta property=\"og:type\" content=\"article\" \/>\n<meta property=\"og:title\" content=\"Haddad confirma envio de PEC sobre revis\u00e3o de gastos - Jornal\" \/>\n<meta property=\"og:description\" content=\"Haddad confirma envio de PEC sobre revis\u00e3o de gastos\" \/>\n<meta property=\"og:url\" content=\"https:\/\/jornalboasnoticias.com.br\/home\/haddad-confirma-envio-de-pec-sobre-revisao-de-gastos\/\" \/>\n<meta property=\"og:site_name\" content=\"Jornal\" \/>\n<meta property=\"article:publisher\" content=\"https:\/\/www.facebook.com\/boasnoticiasjornal\" \/>\n<meta property=\"article:published_time\" content=\"2024-10-30T23:01:25+00:00\" \/>\n<meta property=\"og:image\" content=\"https:\/\/jornalboasnoticias.com.br\/home\/wp-content\/uploads\/2024\/10\/54086349853_99d9084d25_o.webp\" \/>\n\t<meta property=\"og:image:width\" content=\"1170\" \/>\n\t<meta property=\"og:image:height\" content=\"700\" \/>\n\t<meta property=\"og:image:type\" content=\"image\/webp\" \/>\n<meta name=\"author\" content=\"Ana Luiza Bonatto\" \/>\n<meta name=\"twitter:card\" content=\"summary_large_image\" \/>\n<meta name=\"twitter:label1\" content=\"Escrito por\" \/>\n\t<meta name=\"twitter:data1\" content=\"Ana Luiza Bonatto\" \/>\n\t<meta name=\"twitter:label2\" content=\"Est. tempo de leitura\" \/>\n\t<meta name=\"twitter:data2\" content=\"5 minutos\" \/>\n<script type=\"application\/ld+json\" class=\"yoast-schema-graph\">{\"@context\":\"https:\\\/\\\/schema.org\",\"@graph\":[{\"@type\":\"Article\",\"@id\":\"https:\\\/\\\/jornalboasnoticias.com.br\\\/home\\\/haddad-confirma-envio-de-pec-sobre-revisao-de-gastos\\\/#article\",\"isPartOf\":{\"@id\":\"https:\\\/\\\/jornalboasnoticias.com.br\\\/home\\\/haddad-confirma-envio-de-pec-sobre-revisao-de-gastos\\\/\"},\"author\":{\"name\":\"Ana Luiza Bonatto\",\"@id\":\"https:\\\/\\\/jornalboasnoticias.com.br\\\/home\\\/#\\\/schema\\\/person\\\/d641193e0afc6405b390164dac847971\"},\"headline\":\"Haddad confirma envio de PEC sobre revis\u00e3o de gastos\",\"datePublished\":\"2024-10-30T23:01:25+00:00\",\"mainEntityOfPage\":{\"@id\":\"https:\\\/\\\/jornalboasnoticias.com.br\\\/home\\\/haddad-confirma-envio-de-pec-sobre-revisao-de-gastos\\\/\"},\"wordCount\":716,\"commentCount\":0,\"publisher\":{\"@id\":\"https:\\\/\\\/jornalboasnoticias.com.br\\\/home\\\/#organization\"},\"image\":{\"@id\":\"https:\\\/\\\/jornalboasnoticias.com.br\\\/home\\\/haddad-confirma-envio-de-pec-sobre-revisao-de-gastos\\\/#primaryimage\"},\"thumbnailUrl\":\"https:\\\/\\\/jornalboasnoticias.com.br\\\/home\\\/wp-content\\\/uploads\\\/2024\\\/10\\\/54086349853_99d9084d25_o.webp\",\"articleSection\":[\"DESTAQUE\",\"ECONOMIA\"],\"inLanguage\":\"pt-BR\",\"potentialAction\":[{\"@type\":\"CommentAction\",\"name\":\"Comment\",\"target\":[\"https:\\\/\\\/jornalboasnoticias.com.br\\\/home\\\/haddad-confirma-envio-de-pec-sobre-revisao-de-gastos\\\/#respond\"]}]},{\"@type\":\"WebPage\",\"@id\":\"https:\\\/\\\/jornalboasnoticias.com.br\\\/home\\\/haddad-confirma-envio-de-pec-sobre-revisao-de-gastos\\\/\",\"url\":\"https:\\\/\\\/jornalboasnoticias.com.br\\\/home\\\/haddad-confirma-envio-de-pec-sobre-revisao-de-gastos\\\/\",\"name\":\"Haddad confirma envio de PEC sobre revis\u00e3o de gastos - Jornal\",\"isPartOf\":{\"@id\":\"https:\\\/\\\/jornalboasnoticias.com.br\\\/home\\\/#website\"},\"primaryImageOfPage\":{\"@id\":\"https:\\\/\\\/jornalboasnoticias.com.br\\\/home\\\/haddad-confirma-envio-de-pec-sobre-revisao-de-gastos\\\/#primaryimage\"},\"image\":{\"@id\":\"https:\\\/\\\/jornalboasnoticias.com.br\\\/home\\\/haddad-confirma-envio-de-pec-sobre-revisao-de-gastos\\\/#primaryimage\"},\"thumbnailUrl\":\"https:\\\/\\\/jornalboasnoticias.com.br\\\/home\\\/wp-content\\\/uploads\\\/2024\\\/10\\\/54086349853_99d9084d25_o.webp\",\"datePublished\":\"2024-10-30T23:01:25+00:00\",\"description\":\"Haddad confirma envio de PEC sobre revis\u00e3o de gastos\",\"breadcrumb\":{\"@id\":\"https:\\\/\\\/jornalboasnoticias.com.br\\\/home\\\/haddad-confirma-envio-de-pec-sobre-revisao-de-gastos\\\/#breadcrumb\"},\"inLanguage\":\"pt-BR\",\"potentialAction\":[{\"@type\":\"ReadAction\",\"target\":[\"https:\\\/\\\/jornalboasnoticias.com.br\\\/home\\\/haddad-confirma-envio-de-pec-sobre-revisao-de-gastos\\\/\"]}]},{\"@type\":\"ImageObject\",\"inLanguage\":\"pt-BR\",\"@id\":\"https:\\\/\\\/jornalboasnoticias.com.br\\\/home\\\/haddad-confirma-envio-de-pec-sobre-revisao-de-gastos\\\/#primaryimage\",\"url\":\"https:\\\/\\\/jornalboasnoticias.com.br\\\/home\\\/wp-content\\\/uploads\\\/2024\\\/10\\\/54086349853_99d9084d25_o.webp\",\"contentUrl\":\"https:\\\/\\\/jornalboasnoticias.com.br\\\/home\\\/wp-content\\\/uploads\\\/2024\\\/10\\\/54086349853_99d9084d25_o.webp\",\"width\":1170,\"height\":700,\"caption\":\"\u00a9 Diogo Zacarias\\\/MF\"},{\"@type\":\"BreadcrumbList\",\"@id\":\"https:\\\/\\\/jornalboasnoticias.com.br\\\/home\\\/haddad-confirma-envio-de-pec-sobre-revisao-de-gastos\\\/#breadcrumb\",\"itemListElement\":[{\"@type\":\"ListItem\",\"position\":1,\"name\":\"In\u00edcio\",\"item\":\"https:\\\/\\\/jornalboasnoticias.com.br\\\/home\\\/\"},{\"@type\":\"ListItem\",\"position\":2,\"name\":\"Haddad confirma envio de PEC sobre revis\u00e3o de gastos\"}]},{\"@type\":\"WebSite\",\"@id\":\"https:\\\/\\\/jornalboasnoticias.com.br\\\/home\\\/#website\",\"url\":\"https:\\\/\\\/jornalboasnoticias.com.br\\\/home\\\/\",\"name\":\"Jornal Boas Not\u00edcias\",\"description\":\"Boas not\u00edcias\",\"publisher\":{\"@id\":\"https:\\\/\\\/jornalboasnoticias.com.br\\\/home\\\/#organization\"},\"potentialAction\":[{\"@type\":\"SearchAction\",\"target\":{\"@type\":\"EntryPoint\",\"urlTemplate\":\"https:\\\/\\\/jornalboasnoticias.com.br\\\/home\\\/?s={search_term_string}\"},\"query-input\":{\"@type\":\"PropertyValueSpecification\",\"valueRequired\":true,\"valueName\":\"search_term_string\"}}],\"inLanguage\":\"pt-BR\"},{\"@type\":\"Organization\",\"@id\":\"https:\\\/\\\/jornalboasnoticias.com.br\\\/home\\\/#organization\",\"name\":\"Coq Editora Ltda\",\"alternateName\":\"Jornal Boas Noticias\",\"url\":\"https:\\\/\\\/jornalboasnoticias.com.br\\\/home\\\/\",\"logo\":{\"@type\":\"ImageObject\",\"inLanguage\":\"pt-BR\",\"@id\":\"https:\\\/\\\/jornalboasnoticias.com.br\\\/home\\\/#\\\/schema\\\/logo\\\/image\\\/\",\"url\":\"https:\\\/\\\/jornalboasnoticias.com.br\\\/home\\\/wp-content\\\/uploads\\\/2024\\\/07\\\/cropped-logo.jpg\",\"contentUrl\":\"https:\\\/\\\/jornalboasnoticias.com.br\\\/home\\\/wp-content\\\/uploads\\\/2024\\\/07\\\/cropped-logo.jpg\",\"width\":290,\"height\":142,\"caption\":\"Coq Editora Ltda\"},\"image\":{\"@id\":\"https:\\\/\\\/jornalboasnoticias.com.br\\\/home\\\/#\\\/schema\\\/logo\\\/image\\\/\"},\"sameAs\":[\"https:\\\/\\\/www.facebook.com\\\/boasnoticiasjornal\"]},{\"@type\":\"Person\",\"@id\":\"https:\\\/\\\/jornalboasnoticias.com.br\\\/home\\\/#\\\/schema\\\/person\\\/d641193e0afc6405b390164dac847971\",\"name\":\"Ana Luiza Bonatto\",\"image\":{\"@type\":\"ImageObject\",\"inLanguage\":\"pt-BR\",\"@id\":\"https:\\\/\\\/secure.gravatar.com\\\/avatar\\\/8a055ebe6373371f67ac6fcf313c0ac0b0a91157fdcdb9514fa62927373348f0?s=96&d=mm&r=g\",\"url\":\"https:\\\/\\\/secure.gravatar.com\\\/avatar\\\/8a055ebe6373371f67ac6fcf313c0ac0b0a91157fdcdb9514fa62927373348f0?s=96&d=mm&r=g\",\"contentUrl\":\"https:\\\/\\\/secure.gravatar.com\\\/avatar\\\/8a055ebe6373371f67ac6fcf313c0ac0b0a91157fdcdb9514fa62927373348f0?s=96&d=mm&r=g\",\"caption\":\"Ana Luiza Bonatto\"},\"url\":\"https:\\\/\\\/jornalboasnoticias.com.br\\\/home\\\/author\\\/ana-luiza\\\/\"}]}<\/script>\n<!-- \/ Yoast SEO plugin. -->","yoast_head_json":{"title":"Haddad confirma envio de PEC sobre revis\u00e3o de gastos - Jornal","description":"Haddad confirma envio de PEC sobre revis\u00e3o de gastos","robots":{"index":"index","follow":"follow","max-snippet":"max-snippet:-1","max-image-preview":"max-image-preview:large","max-video-preview":"max-video-preview:-1"},"canonical":"https:\/\/jornalboasnoticias.com.br\/home\/haddad-confirma-envio-de-pec-sobre-revisao-de-gastos\/","og_locale":"pt_BR","og_type":"article","og_title":"Haddad confirma envio de PEC sobre revis\u00e3o de gastos - Jornal","og_description":"Haddad confirma envio de PEC sobre revis\u00e3o de gastos","og_url":"https:\/\/jornalboasnoticias.com.br\/home\/haddad-confirma-envio-de-pec-sobre-revisao-de-gastos\/","og_site_name":"Jornal","article_publisher":"https:\/\/www.facebook.com\/boasnoticiasjornal","article_published_time":"2024-10-30T23:01:25+00:00","og_image":[{"width":1170,"height":700,"url":"https:\/\/jornalboasnoticias.com.br\/home\/wp-content\/uploads\/2024\/10\/54086349853_99d9084d25_o.webp","type":"image\/webp"}],"author":"Ana Luiza Bonatto","twitter_card":"summary_large_image","twitter_misc":{"Escrito por":"Ana Luiza Bonatto","Est. tempo de leitura":"5 minutos"},"schema":{"@context":"https:\/\/schema.org","@graph":[{"@type":"Article","@id":"https:\/\/jornalboasnoticias.com.br\/home\/haddad-confirma-envio-de-pec-sobre-revisao-de-gastos\/#article","isPartOf":{"@id":"https:\/\/jornalboasnoticias.com.br\/home\/haddad-confirma-envio-de-pec-sobre-revisao-de-gastos\/"},"author":{"name":"Ana Luiza Bonatto","@id":"https:\/\/jornalboasnoticias.com.br\/home\/#\/schema\/person\/d641193e0afc6405b390164dac847971"},"headline":"Haddad confirma envio de PEC sobre revis\u00e3o de gastos","datePublished":"2024-10-30T23:01:25+00:00","mainEntityOfPage":{"@id":"https:\/\/jornalboasnoticias.com.br\/home\/haddad-confirma-envio-de-pec-sobre-revisao-de-gastos\/"},"wordCount":716,"commentCount":0,"publisher":{"@id":"https:\/\/jornalboasnoticias.com.br\/home\/#organization"},"image":{"@id":"https:\/\/jornalboasnoticias.com.br\/home\/haddad-confirma-envio-de-pec-sobre-revisao-de-gastos\/#primaryimage"},"thumbnailUrl":"https:\/\/jornalboasnoticias.com.br\/home\/wp-content\/uploads\/2024\/10\/54086349853_99d9084d25_o.webp","articleSection":["DESTAQUE","ECONOMIA"],"inLanguage":"pt-BR","potentialAction":[{"@type":"CommentAction","name":"Comment","target":["https:\/\/jornalboasnoticias.com.br\/home\/haddad-confirma-envio-de-pec-sobre-revisao-de-gastos\/#respond"]}]},{"@type":"WebPage","@id":"https:\/\/jornalboasnoticias.com.br\/home\/haddad-confirma-envio-de-pec-sobre-revisao-de-gastos\/","url":"https:\/\/jornalboasnoticias.com.br\/home\/haddad-confirma-envio-de-pec-sobre-revisao-de-gastos\/","name":"Haddad confirma envio de PEC sobre revis\u00e3o de gastos - Jornal","isPartOf":{"@id":"https:\/\/jornalboasnoticias.com.br\/home\/#website"},"primaryImageOfPage":{"@id":"https:\/\/jornalboasnoticias.com.br\/home\/haddad-confirma-envio-de-pec-sobre-revisao-de-gastos\/#primaryimage"},"image":{"@id":"https:\/\/jornalboasnoticias.com.br\/home\/haddad-confirma-envio-de-pec-sobre-revisao-de-gastos\/#primaryimage"},"thumbnailUrl":"https:\/\/jornalboasnoticias.com.br\/home\/wp-content\/uploads\/2024\/10\/54086349853_99d9084d25_o.webp","datePublished":"2024-10-30T23:01:25+00:00","description":"Haddad confirma envio de PEC sobre revis\u00e3o de gastos","breadcrumb":{"@id":"https:\/\/jornalboasnoticias.com.br\/home\/haddad-confirma-envio-de-pec-sobre-revisao-de-gastos\/#breadcrumb"},"inLanguage":"pt-BR","potentialAction":[{"@type":"ReadAction","target":["https:\/\/jornalboasnoticias.com.br\/home\/haddad-confirma-envio-de-pec-sobre-revisao-de-gastos\/"]}]},{"@type":"ImageObject","inLanguage":"pt-BR","@id":"https:\/\/jornalboasnoticias.com.br\/home\/haddad-confirma-envio-de-pec-sobre-revisao-de-gastos\/#primaryimage","url":"https:\/\/jornalboasnoticias.com.br\/home\/wp-content\/uploads\/2024\/10\/54086349853_99d9084d25_o.webp","contentUrl":"https:\/\/jornalboasnoticias.com.br\/home\/wp-content\/uploads\/2024\/10\/54086349853_99d9084d25_o.webp","width":1170,"height":700,"caption":"\u00a9 Diogo Zacarias\/MF"},{"@type":"BreadcrumbList","@id":"https:\/\/jornalboasnoticias.com.br\/home\/haddad-confirma-envio-de-pec-sobre-revisao-de-gastos\/#breadcrumb","itemListElement":[{"@type":"ListItem","position":1,"name":"In\u00edcio","item":"https:\/\/jornalboasnoticias.com.br\/home\/"},{"@type":"ListItem","position":2,"name":"Haddad confirma envio de PEC sobre revis\u00e3o de gastos"}]},{"@type":"WebSite","@id":"https:\/\/jornalboasnoticias.com.br\/home\/#website","url":"https:\/\/jornalboasnoticias.com.br\/home\/","name":"Jornal Boas Not\u00edcias","description":"Boas not\u00edcias","publisher":{"@id":"https:\/\/jornalboasnoticias.com.br\/home\/#organization"},"potentialAction":[{"@type":"SearchAction","target":{"@type":"EntryPoint","urlTemplate":"https:\/\/jornalboasnoticias.com.br\/home\/?s={search_term_string}"},"query-input":{"@type":"PropertyValueSpecification","valueRequired":true,"valueName":"search_term_string"}}],"inLanguage":"pt-BR"},{"@type":"Organization","@id":"https:\/\/jornalboasnoticias.com.br\/home\/#organization","name":"Coq Editora Ltda","alternateName":"Jornal Boas Noticias","url":"https:\/\/jornalboasnoticias.com.br\/home\/","logo":{"@type":"ImageObject","inLanguage":"pt-BR","@id":"https:\/\/jornalboasnoticias.com.br\/home\/#\/schema\/logo\/image\/","url":"https:\/\/jornalboasnoticias.com.br\/home\/wp-content\/uploads\/2024\/07\/cropped-logo.jpg","contentUrl":"https:\/\/jornalboasnoticias.com.br\/home\/wp-content\/uploads\/2024\/07\/cropped-logo.jpg","width":290,"height":142,"caption":"Coq Editora Ltda"},"image":{"@id":"https:\/\/jornalboasnoticias.com.br\/home\/#\/schema\/logo\/image\/"},"sameAs":["https:\/\/www.facebook.com\/boasnoticiasjornal"]},{"@type":"Person","@id":"https:\/\/jornalboasnoticias.com.br\/home\/#\/schema\/person\/d641193e0afc6405b390164dac847971","name":"Ana Luiza Bonatto","image":{"@type":"ImageObject","inLanguage":"pt-BR","@id":"https:\/\/secure.gravatar.com\/avatar\/8a055ebe6373371f67ac6fcf313c0ac0b0a91157fdcdb9514fa62927373348f0?s=96&d=mm&r=g","url":"https:\/\/secure.gravatar.com\/avatar\/8a055ebe6373371f67ac6fcf313c0ac0b0a91157fdcdb9514fa62927373348f0?s=96&d=mm&r=g","contentUrl":"https:\/\/secure.gravatar.com\/avatar\/8a055ebe6373371f67ac6fcf313c0ac0b0a91157fdcdb9514fa62927373348f0?s=96&d=mm&r=g","caption":"Ana Luiza Bonatto"},"url":"https:\/\/jornalboasnoticias.com.br\/home\/author\/ana-luiza\/"}]}},"_links":{"self":[{"href":"https:\/\/jornalboasnoticias.com.br\/home\/wp-json\/wp\/v2\/posts\/44849","targetHints":{"allow":["GET"]}}],"collection":[{"href":"https:\/\/jornalboasnoticias.com.br\/home\/wp-json\/wp\/v2\/posts"}],"about":[{"href":"https:\/\/jornalboasnoticias.com.br\/home\/wp-json\/wp\/v2\/types\/post"}],"author":[{"embeddable":true,"href":"https:\/\/jornalboasnoticias.com.br\/home\/wp-json\/wp\/v2\/users\/4"}],"replies":[{"embeddable":true,"href":"https:\/\/jornalboasnoticias.com.br\/home\/wp-json\/wp\/v2\/comments?post=44849"}],"version-history":[{"count":1,"href":"https:\/\/jornalboasnoticias.com.br\/home\/wp-json\/wp\/v2\/posts\/44849\/revisions"}],"predecessor-version":[{"id":44851,"href":"https:\/\/jornalboasnoticias.com.br\/home\/wp-json\/wp\/v2\/posts\/44849\/revisions\/44851"}],"wp:featuredmedia":[{"embeddable":true,"href":"https:\/\/jornalboasnoticias.com.br\/home\/wp-json\/wp\/v2\/media\/44850"}],"wp:attachment":[{"href":"https:\/\/jornalboasnoticias.com.br\/home\/wp-json\/wp\/v2\/media?parent=44849"}],"wp:term":[{"taxonomy":"category","embeddable":true,"href":"https:\/\/jornalboasnoticias.com.br\/home\/wp-json\/wp\/v2\/categories?post=44849"},{"taxonomy":"post_tag","embeddable":true,"href":"https:\/\/jornalboasnoticias.com.br\/home\/wp-json\/wp\/v2\/tags?post=44849"}],"curies":[{"name":"wp","href":"https:\/\/api.w.org\/{rel}","templated":true}]}}