{"id":44846,"date":"2024-10-30T22:58:48","date_gmt":"2024-10-30T22:58:48","guid":{"rendered":"https:\/\/jornalboasnoticias.com.br\/home\/?p=44846"},"modified":"2024-10-30T22:58:48","modified_gmt":"2024-10-30T22:58:48","slug":"camara-derruba-taxacao-de-previdencia-privada-em-heranca","status":"publish","type":"post","link":"https:\/\/jornalboasnoticias.com.br\/home\/camara-derruba-taxacao-de-previdencia-privada-em-heranca\/","title":{"rendered":"C\u00e2mara derruba taxa\u00e7\u00e3o de previd\u00eancia privada em heran\u00e7a"},"content":{"rendered":"<div class=\"header-noticia full-width\">\n<div>\n<figure id=\"attachment_44847\" aria-describedby=\"caption-attachment-44847\" style=\"width: 1170px\" class=\"wp-caption alignnone\"><img loading=\"lazy\" decoding=\"async\" class=\"size-full wp-image-44847\" src=\"https:\/\/jornalboasnoticias.com.br\/home\/wp-content\/uploads\/2024\/10\/ja_0377.webp\" alt=\"\" width=\"1170\" height=\"700\" srcset=\"https:\/\/jornalboasnoticias.com.br\/home\/wp-content\/uploads\/2024\/10\/ja_0377.webp 1170w, https:\/\/jornalboasnoticias.com.br\/home\/wp-content\/uploads\/2024\/10\/ja_0377-300x179.webp 300w, https:\/\/jornalboasnoticias.com.br\/home\/wp-content\/uploads\/2024\/10\/ja_0377-1024x613.webp 1024w, https:\/\/jornalboasnoticias.com.br\/home\/wp-content\/uploads\/2024\/10\/ja_0377-768x459.webp 768w\" sizes=\"auto, (max-width: 1170px) 100vw, 1170px\" \/><figcaption id=\"caption-attachment-44847\" class=\"wp-caption-text\">\u00a9 Jo\u00e9dson Alves\/Ag\u00eancia Brasil\/ARQUIVO<\/figcaption><\/figure>\n<\/div>\n<\/div>\n<blockquote>\n<div class=\"header-noticia full-width\">\n<div class=\"linha-fina-noticia\">Projeto que regulamenta reforma tribut\u00e1ria vai ao Senado<\/div>\n<\/div>\n<\/blockquote>\n<div>\n<p>Por 403 votos, a C\u00e2mara dos Deputados retirou da reforma tribut\u00e1ria a proposta que permitia aos estados taxar a transmiss\u00e3o por heran\u00e7a das contribui\u00e7\u00f5es a planos de previd\u00eancia privada. A taxa\u00e7\u00e3o constava do segundo projeto de lei complementar que regulamenta a reforma tribut\u00e1ria.<img decoding=\"async\" src=\"https:\/\/agenciabrasil.ebc.com.br\/ebc.png?id=1617712&amp;o=node\" \/><img decoding=\"async\" src=\"https:\/\/agenciabrasil.ebc.com.br\/ebc.gif?id=1617712&amp;o=node\" \/><\/p>\n<p>Com a rejei\u00e7\u00e3o do destaque, a C\u00e2mara concluiu a vota\u00e7\u00e3o, e o texto vai ao Senado. Inicialmente, a proposta constava da minuta do projeto de lei complementar, que regulamenta o futuro Comit\u00ea Gestor do Imposto sobre Bens e Servi\u00e7os (IBS). Inclu\u00edda a pedido dos estados, chegou a ser apresentada em entrevista coletiva no Minist\u00e9rio da Fazenda, mas o item n\u00e3o foi enviado ao Congresso por decis\u00e3o do presidente Luiz In\u00e1cio Lula da Silva ap\u00f3s repercuss\u00f5es negativas.<\/p>\n<p>No Congresso, no entanto, o relator do texto, deputado Mauro Benevides (PDT-CE) retomou a taxa\u00e7\u00e3o de heran\u00e7as transmitidas por plano de previd\u00eancia privada. Enquanto a proposta original previa a cobran\u00e7a de Imposto sobre Transmiss\u00e3o Causa Mortis (ITCMD), tributo administrado pelos estados, para todos os planos de previd\u00eancia complementar, Benevides restringiu a incid\u00eancia para planos do tipo Vida Gerador de Benef\u00edcio Livre (VGBL) com prazo inferior a cinco anos.<\/p>\n<p>Em agosto, a C\u00e2mara aprovou o texto-base do projeto com a taxa\u00e7\u00e3o, mas o texto ficou parado por causa das elei\u00e7\u00f5es municipais. Nesta quarta, o plen\u00e1rio retomou a vota\u00e7\u00e3o em separado de um destaque que pretendia derrubar a taxa\u00e7\u00e3o. A retirada ocorreu por meio de um acordo entre os deputados. Benevides prop\u00f4s uma emenda para retirar a cobran\u00e7a em troca da retirada dos demais destaques do texto.<\/p>\n<p>Antes da aprecia\u00e7\u00e3o do destaque em plen\u00e1rio nesta quarta-feira (30), Benevides apresentou uma emenda propondo a retirada do trecho que tratava da cobran\u00e7a do ITCMD (Imposto sobre a Transmiss\u00e3o Causa Mortis e Doa\u00e7\u00e3o de Quaisquer Bens ou Direitos) sobre os planos de previd\u00eancia.<\/p>\n<p>Com o acordo, a emenda foi aprovada por 403 votos, e os demais destaques ca\u00edram, foram rejeitados ou retirados. Entre os destaques derrubados, estava um do PSOL que buscava instituir um Imposto sobre Grandes Fortunas (IGF).<\/p>\n<h2>Uniformiza\u00e7\u00e3o<\/h2>\n<p>Originalmente, os estados queriam uniformizar a cobran\u00e7a de ITCMD sobre planos de previd\u00eancia privada. Atualmente, cada estado define as al\u00edquotas e as regras, mas a taxa\u00e7\u00e3o enfrenta contesta\u00e7\u00f5es na Justi\u00e7a.<\/p>\n<p>Ap\u00f3s um acr\u00e9scimo de Benevides \u00e0 emenda, o ITCMD tamb\u00e9m n\u00e3o incidir\u00e1 sobre atos societ\u00e1rios que \u201cresultem em benef\u00edcios desproporcionais\u201d para s\u00f3cio ou acionista de empresa sem justificativa negocial pass\u00edvel de comprova\u00e7\u00e3o. Entre as opera\u00e7\u00f5es isentas, est\u00e3o a distribui\u00e7\u00e3o desproporcional de dividendos e opera\u00e7\u00f5es que resultem na transfer\u00eancia de controle acion\u00e1rio de uma pessoa prestes a falecer para outra da mesma fam\u00edlia.<\/p>\n<p>(Ag\u00eancia Brasil)<\/p>\n<\/div>\n","protected":false},"excerpt":{"rendered":"<p>Projeto que regulamenta reforma tribut\u00e1ria vai ao Senado Por 403 votos, a C\u00e2mara dos Deputados<\/p>\n","protected":false},"author":4,"featured_media":44847,"comment_status":"open","ping_status":"open","sticky":false,"template":"","format":"standard","meta":{"footnotes":""},"categories":[3,5],"tags":[],"class_list":["post-44846","post","type-post","status-publish","format-standard","has-post-thumbnail","hentry","category-destaques","category-economia"],"yoast_head":"<!-- This site is optimized with the Yoast SEO plugin v27.5 - https:\/\/yoast.com\/product\/yoast-seo-wordpress\/ -->\n<title>C\u00e2mara derruba taxa\u00e7\u00e3o de previd\u00eancia privada em heran\u00e7a - Jornal<\/title>\n<meta name=\"description\" content=\"C\u00e2mara derruba taxa\u00e7\u00e3o de previd\u00eancia privada em heran\u00e7a\" \/>\n<meta name=\"robots\" content=\"index, follow, max-snippet:-1, max-image-preview:large, max-video-preview:-1\" \/>\n<link rel=\"canonical\" href=\"https:\/\/jornalboasnoticias.com.br\/home\/camara-derruba-taxacao-de-previdencia-privada-em-heranca\/\" \/>\n<meta property=\"og:locale\" content=\"pt_BR\" \/>\n<meta property=\"og:type\" content=\"article\" \/>\n<meta property=\"og:title\" content=\"C\u00e2mara derruba taxa\u00e7\u00e3o de previd\u00eancia privada em heran\u00e7a - Jornal\" \/>\n<meta property=\"og:description\" content=\"C\u00e2mara derruba taxa\u00e7\u00e3o de previd\u00eancia privada em heran\u00e7a\" \/>\n<meta property=\"og:url\" content=\"https:\/\/jornalboasnoticias.com.br\/home\/camara-derruba-taxacao-de-previdencia-privada-em-heranca\/\" \/>\n<meta property=\"og:site_name\" content=\"Jornal\" \/>\n<meta property=\"article:publisher\" content=\"https:\/\/www.facebook.com\/boasnoticiasjornal\" \/>\n<meta property=\"article:published_time\" content=\"2024-10-30T22:58:48+00:00\" \/>\n<meta property=\"og:image\" content=\"https:\/\/jornalboasnoticias.com.br\/home\/wp-content\/uploads\/2024\/10\/ja_0377.webp\" \/>\n\t<meta property=\"og:image:width\" content=\"1170\" \/>\n\t<meta property=\"og:image:height\" content=\"700\" \/>\n\t<meta property=\"og:image:type\" content=\"image\/webp\" \/>\n<meta name=\"author\" content=\"Ana Luiza Bonatto\" \/>\n<meta name=\"twitter:card\" content=\"summary_large_image\" \/>\n<meta name=\"twitter:label1\" content=\"Escrito por\" \/>\n\t<meta name=\"twitter:data1\" content=\"Ana Luiza Bonatto\" \/>\n\t<meta name=\"twitter:label2\" content=\"Est. tempo de leitura\" \/>\n\t<meta name=\"twitter:data2\" content=\"4 minutos\" \/>\n<script type=\"application\/ld+json\" class=\"yoast-schema-graph\">{\"@context\":\"https:\\\/\\\/schema.org\",\"@graph\":[{\"@type\":\"Article\",\"@id\":\"https:\\\/\\\/jornalboasnoticias.com.br\\\/home\\\/camara-derruba-taxacao-de-previdencia-privada-em-heranca\\\/#article\",\"isPartOf\":{\"@id\":\"https:\\\/\\\/jornalboasnoticias.com.br\\\/home\\\/camara-derruba-taxacao-de-previdencia-privada-em-heranca\\\/\"},\"author\":{\"name\":\"Ana Luiza Bonatto\",\"@id\":\"https:\\\/\\\/jornalboasnoticias.com.br\\\/home\\\/#\\\/schema\\\/person\\\/d641193e0afc6405b390164dac847971\"},\"headline\":\"C\u00e2mara derruba taxa\u00e7\u00e3o de previd\u00eancia privada em heran\u00e7a\",\"datePublished\":\"2024-10-30T22:58:48+00:00\",\"mainEntityOfPage\":{\"@id\":\"https:\\\/\\\/jornalboasnoticias.com.br\\\/home\\\/camara-derruba-taxacao-de-previdencia-privada-em-heranca\\\/\"},\"wordCount\":525,\"commentCount\":0,\"publisher\":{\"@id\":\"https:\\\/\\\/jornalboasnoticias.com.br\\\/home\\\/#organization\"},\"image\":{\"@id\":\"https:\\\/\\\/jornalboasnoticias.com.br\\\/home\\\/camara-derruba-taxacao-de-previdencia-privada-em-heranca\\\/#primaryimage\"},\"thumbnailUrl\":\"https:\\\/\\\/jornalboasnoticias.com.br\\\/home\\\/wp-content\\\/uploads\\\/2024\\\/10\\\/ja_0377.webp\",\"articleSection\":[\"DESTAQUE\",\"ECONOMIA\"],\"inLanguage\":\"pt-BR\",\"potentialAction\":[{\"@type\":\"CommentAction\",\"name\":\"Comment\",\"target\":[\"https:\\\/\\\/jornalboasnoticias.com.br\\\/home\\\/camara-derruba-taxacao-de-previdencia-privada-em-heranca\\\/#respond\"]}]},{\"@type\":\"WebPage\",\"@id\":\"https:\\\/\\\/jornalboasnoticias.com.br\\\/home\\\/camara-derruba-taxacao-de-previdencia-privada-em-heranca\\\/\",\"url\":\"https:\\\/\\\/jornalboasnoticias.com.br\\\/home\\\/camara-derruba-taxacao-de-previdencia-privada-em-heranca\\\/\",\"name\":\"C\u00e2mara derruba taxa\u00e7\u00e3o de previd\u00eancia privada em heran\u00e7a - Jornal\",\"isPartOf\":{\"@id\":\"https:\\\/\\\/jornalboasnoticias.com.br\\\/home\\\/#website\"},\"primaryImageOfPage\":{\"@id\":\"https:\\\/\\\/jornalboasnoticias.com.br\\\/home\\\/camara-derruba-taxacao-de-previdencia-privada-em-heranca\\\/#primaryimage\"},\"image\":{\"@id\":\"https:\\\/\\\/jornalboasnoticias.com.br\\\/home\\\/camara-derruba-taxacao-de-previdencia-privada-em-heranca\\\/#primaryimage\"},\"thumbnailUrl\":\"https:\\\/\\\/jornalboasnoticias.com.br\\\/home\\\/wp-content\\\/uploads\\\/2024\\\/10\\\/ja_0377.webp\",\"datePublished\":\"2024-10-30T22:58:48+00:00\",\"description\":\"C\u00e2mara derruba taxa\u00e7\u00e3o de previd\u00eancia privada em heran\u00e7a\",\"breadcrumb\":{\"@id\":\"https:\\\/\\\/jornalboasnoticias.com.br\\\/home\\\/camara-derruba-taxacao-de-previdencia-privada-em-heranca\\\/#breadcrumb\"},\"inLanguage\":\"pt-BR\",\"potentialAction\":[{\"@type\":\"ReadAction\",\"target\":[\"https:\\\/\\\/jornalboasnoticias.com.br\\\/home\\\/camara-derruba-taxacao-de-previdencia-privada-em-heranca\\\/\"]}]},{\"@type\":\"ImageObject\",\"inLanguage\":\"pt-BR\",\"@id\":\"https:\\\/\\\/jornalboasnoticias.com.br\\\/home\\\/camara-derruba-taxacao-de-previdencia-privada-em-heranca\\\/#primaryimage\",\"url\":\"https:\\\/\\\/jornalboasnoticias.com.br\\\/home\\\/wp-content\\\/uploads\\\/2024\\\/10\\\/ja_0377.webp\",\"contentUrl\":\"https:\\\/\\\/jornalboasnoticias.com.br\\\/home\\\/wp-content\\\/uploads\\\/2024\\\/10\\\/ja_0377.webp\",\"width\":1170,\"height\":700,\"caption\":\"\u00a9 Jo\u00e9dson Alves\\\/Ag\u00eancia Brasil\\\/ARQUIVO\"},{\"@type\":\"BreadcrumbList\",\"@id\":\"https:\\\/\\\/jornalboasnoticias.com.br\\\/home\\\/camara-derruba-taxacao-de-previdencia-privada-em-heranca\\\/#breadcrumb\",\"itemListElement\":[{\"@type\":\"ListItem\",\"position\":1,\"name\":\"In\u00edcio\",\"item\":\"https:\\\/\\\/jornalboasnoticias.com.br\\\/home\\\/\"},{\"@type\":\"ListItem\",\"position\":2,\"name\":\"C\u00e2mara derruba taxa\u00e7\u00e3o de previd\u00eancia privada em heran\u00e7a\"}]},{\"@type\":\"WebSite\",\"@id\":\"https:\\\/\\\/jornalboasnoticias.com.br\\\/home\\\/#website\",\"url\":\"https:\\\/\\\/jornalboasnoticias.com.br\\\/home\\\/\",\"name\":\"Jornal Boas Not\u00edcias\",\"description\":\"Boas not\u00edcias\",\"publisher\":{\"@id\":\"https:\\\/\\\/jornalboasnoticias.com.br\\\/home\\\/#organization\"},\"potentialAction\":[{\"@type\":\"SearchAction\",\"target\":{\"@type\":\"EntryPoint\",\"urlTemplate\":\"https:\\\/\\\/jornalboasnoticias.com.br\\\/home\\\/?s={search_term_string}\"},\"query-input\":{\"@type\":\"PropertyValueSpecification\",\"valueRequired\":true,\"valueName\":\"search_term_string\"}}],\"inLanguage\":\"pt-BR\"},{\"@type\":\"Organization\",\"@id\":\"https:\\\/\\\/jornalboasnoticias.com.br\\\/home\\\/#organization\",\"name\":\"Coq Editora Ltda\",\"alternateName\":\"Jornal Boas Noticias\",\"url\":\"https:\\\/\\\/jornalboasnoticias.com.br\\\/home\\\/\",\"logo\":{\"@type\":\"ImageObject\",\"inLanguage\":\"pt-BR\",\"@id\":\"https:\\\/\\\/jornalboasnoticias.com.br\\\/home\\\/#\\\/schema\\\/logo\\\/image\\\/\",\"url\":\"https:\\\/\\\/jornalboasnoticias.com.br\\\/home\\\/wp-content\\\/uploads\\\/2024\\\/07\\\/cropped-logo.jpg\",\"contentUrl\":\"https:\\\/\\\/jornalboasnoticias.com.br\\\/home\\\/wp-content\\\/uploads\\\/2024\\\/07\\\/cropped-logo.jpg\",\"width\":290,\"height\":142,\"caption\":\"Coq Editora Ltda\"},\"image\":{\"@id\":\"https:\\\/\\\/jornalboasnoticias.com.br\\\/home\\\/#\\\/schema\\\/logo\\\/image\\\/\"},\"sameAs\":[\"https:\\\/\\\/www.facebook.com\\\/boasnoticiasjornal\"]},{\"@type\":\"Person\",\"@id\":\"https:\\\/\\\/jornalboasnoticias.com.br\\\/home\\\/#\\\/schema\\\/person\\\/d641193e0afc6405b390164dac847971\",\"name\":\"Ana Luiza Bonatto\",\"image\":{\"@type\":\"ImageObject\",\"inLanguage\":\"pt-BR\",\"@id\":\"https:\\\/\\\/secure.gravatar.com\\\/avatar\\\/8a055ebe6373371f67ac6fcf313c0ac0b0a91157fdcdb9514fa62927373348f0?s=96&d=mm&r=g\",\"url\":\"https:\\\/\\\/secure.gravatar.com\\\/avatar\\\/8a055ebe6373371f67ac6fcf313c0ac0b0a91157fdcdb9514fa62927373348f0?s=96&d=mm&r=g\",\"contentUrl\":\"https:\\\/\\\/secure.gravatar.com\\\/avatar\\\/8a055ebe6373371f67ac6fcf313c0ac0b0a91157fdcdb9514fa62927373348f0?s=96&d=mm&r=g\",\"caption\":\"Ana Luiza Bonatto\"},\"url\":\"https:\\\/\\\/jornalboasnoticias.com.br\\\/home\\\/author\\\/ana-luiza\\\/\"}]}<\/script>\n<!-- \/ Yoast SEO plugin. -->","yoast_head_json":{"title":"C\u00e2mara derruba taxa\u00e7\u00e3o de previd\u00eancia privada em heran\u00e7a - Jornal","description":"C\u00e2mara derruba taxa\u00e7\u00e3o de previd\u00eancia privada em heran\u00e7a","robots":{"index":"index","follow":"follow","max-snippet":"max-snippet:-1","max-image-preview":"max-image-preview:large","max-video-preview":"max-video-preview:-1"},"canonical":"https:\/\/jornalboasnoticias.com.br\/home\/camara-derruba-taxacao-de-previdencia-privada-em-heranca\/","og_locale":"pt_BR","og_type":"article","og_title":"C\u00e2mara derruba taxa\u00e7\u00e3o de previd\u00eancia privada em heran\u00e7a - Jornal","og_description":"C\u00e2mara derruba taxa\u00e7\u00e3o de previd\u00eancia privada em heran\u00e7a","og_url":"https:\/\/jornalboasnoticias.com.br\/home\/camara-derruba-taxacao-de-previdencia-privada-em-heranca\/","og_site_name":"Jornal","article_publisher":"https:\/\/www.facebook.com\/boasnoticiasjornal","article_published_time":"2024-10-30T22:58:48+00:00","og_image":[{"width":1170,"height":700,"url":"https:\/\/jornalboasnoticias.com.br\/home\/wp-content\/uploads\/2024\/10\/ja_0377.webp","type":"image\/webp"}],"author":"Ana Luiza Bonatto","twitter_card":"summary_large_image","twitter_misc":{"Escrito por":"Ana Luiza Bonatto","Est. tempo de leitura":"4 minutos"},"schema":{"@context":"https:\/\/schema.org","@graph":[{"@type":"Article","@id":"https:\/\/jornalboasnoticias.com.br\/home\/camara-derruba-taxacao-de-previdencia-privada-em-heranca\/#article","isPartOf":{"@id":"https:\/\/jornalboasnoticias.com.br\/home\/camara-derruba-taxacao-de-previdencia-privada-em-heranca\/"},"author":{"name":"Ana Luiza Bonatto","@id":"https:\/\/jornalboasnoticias.com.br\/home\/#\/schema\/person\/d641193e0afc6405b390164dac847971"},"headline":"C\u00e2mara derruba taxa\u00e7\u00e3o de previd\u00eancia privada em heran\u00e7a","datePublished":"2024-10-30T22:58:48+00:00","mainEntityOfPage":{"@id":"https:\/\/jornalboasnoticias.com.br\/home\/camara-derruba-taxacao-de-previdencia-privada-em-heranca\/"},"wordCount":525,"commentCount":0,"publisher":{"@id":"https:\/\/jornalboasnoticias.com.br\/home\/#organization"},"image":{"@id":"https:\/\/jornalboasnoticias.com.br\/home\/camara-derruba-taxacao-de-previdencia-privada-em-heranca\/#primaryimage"},"thumbnailUrl":"https:\/\/jornalboasnoticias.com.br\/home\/wp-content\/uploads\/2024\/10\/ja_0377.webp","articleSection":["DESTAQUE","ECONOMIA"],"inLanguage":"pt-BR","potentialAction":[{"@type":"CommentAction","name":"Comment","target":["https:\/\/jornalboasnoticias.com.br\/home\/camara-derruba-taxacao-de-previdencia-privada-em-heranca\/#respond"]}]},{"@type":"WebPage","@id":"https:\/\/jornalboasnoticias.com.br\/home\/camara-derruba-taxacao-de-previdencia-privada-em-heranca\/","url":"https:\/\/jornalboasnoticias.com.br\/home\/camara-derruba-taxacao-de-previdencia-privada-em-heranca\/","name":"C\u00e2mara derruba taxa\u00e7\u00e3o de previd\u00eancia privada em heran\u00e7a - Jornal","isPartOf":{"@id":"https:\/\/jornalboasnoticias.com.br\/home\/#website"},"primaryImageOfPage":{"@id":"https:\/\/jornalboasnoticias.com.br\/home\/camara-derruba-taxacao-de-previdencia-privada-em-heranca\/#primaryimage"},"image":{"@id":"https:\/\/jornalboasnoticias.com.br\/home\/camara-derruba-taxacao-de-previdencia-privada-em-heranca\/#primaryimage"},"thumbnailUrl":"https:\/\/jornalboasnoticias.com.br\/home\/wp-content\/uploads\/2024\/10\/ja_0377.webp","datePublished":"2024-10-30T22:58:48+00:00","description":"C\u00e2mara derruba taxa\u00e7\u00e3o de previd\u00eancia privada em heran\u00e7a","breadcrumb":{"@id":"https:\/\/jornalboasnoticias.com.br\/home\/camara-derruba-taxacao-de-previdencia-privada-em-heranca\/#breadcrumb"},"inLanguage":"pt-BR","potentialAction":[{"@type":"ReadAction","target":["https:\/\/jornalboasnoticias.com.br\/home\/camara-derruba-taxacao-de-previdencia-privada-em-heranca\/"]}]},{"@type":"ImageObject","inLanguage":"pt-BR","@id":"https:\/\/jornalboasnoticias.com.br\/home\/camara-derruba-taxacao-de-previdencia-privada-em-heranca\/#primaryimage","url":"https:\/\/jornalboasnoticias.com.br\/home\/wp-content\/uploads\/2024\/10\/ja_0377.webp","contentUrl":"https:\/\/jornalboasnoticias.com.br\/home\/wp-content\/uploads\/2024\/10\/ja_0377.webp","width":1170,"height":700,"caption":"\u00a9 Jo\u00e9dson Alves\/Ag\u00eancia Brasil\/ARQUIVO"},{"@type":"BreadcrumbList","@id":"https:\/\/jornalboasnoticias.com.br\/home\/camara-derruba-taxacao-de-previdencia-privada-em-heranca\/#breadcrumb","itemListElement":[{"@type":"ListItem","position":1,"name":"In\u00edcio","item":"https:\/\/jornalboasnoticias.com.br\/home\/"},{"@type":"ListItem","position":2,"name":"C\u00e2mara derruba taxa\u00e7\u00e3o de previd\u00eancia privada em heran\u00e7a"}]},{"@type":"WebSite","@id":"https:\/\/jornalboasnoticias.com.br\/home\/#website","url":"https:\/\/jornalboasnoticias.com.br\/home\/","name":"Jornal Boas Not\u00edcias","description":"Boas not\u00edcias","publisher":{"@id":"https:\/\/jornalboasnoticias.com.br\/home\/#organization"},"potentialAction":[{"@type":"SearchAction","target":{"@type":"EntryPoint","urlTemplate":"https:\/\/jornalboasnoticias.com.br\/home\/?s={search_term_string}"},"query-input":{"@type":"PropertyValueSpecification","valueRequired":true,"valueName":"search_term_string"}}],"inLanguage":"pt-BR"},{"@type":"Organization","@id":"https:\/\/jornalboasnoticias.com.br\/home\/#organization","name":"Coq Editora Ltda","alternateName":"Jornal Boas Noticias","url":"https:\/\/jornalboasnoticias.com.br\/home\/","logo":{"@type":"ImageObject","inLanguage":"pt-BR","@id":"https:\/\/jornalboasnoticias.com.br\/home\/#\/schema\/logo\/image\/","url":"https:\/\/jornalboasnoticias.com.br\/home\/wp-content\/uploads\/2024\/07\/cropped-logo.jpg","contentUrl":"https:\/\/jornalboasnoticias.com.br\/home\/wp-content\/uploads\/2024\/07\/cropped-logo.jpg","width":290,"height":142,"caption":"Coq Editora Ltda"},"image":{"@id":"https:\/\/jornalboasnoticias.com.br\/home\/#\/schema\/logo\/image\/"},"sameAs":["https:\/\/www.facebook.com\/boasnoticiasjornal"]},{"@type":"Person","@id":"https:\/\/jornalboasnoticias.com.br\/home\/#\/schema\/person\/d641193e0afc6405b390164dac847971","name":"Ana Luiza Bonatto","image":{"@type":"ImageObject","inLanguage":"pt-BR","@id":"https:\/\/secure.gravatar.com\/avatar\/8a055ebe6373371f67ac6fcf313c0ac0b0a91157fdcdb9514fa62927373348f0?s=96&d=mm&r=g","url":"https:\/\/secure.gravatar.com\/avatar\/8a055ebe6373371f67ac6fcf313c0ac0b0a91157fdcdb9514fa62927373348f0?s=96&d=mm&r=g","contentUrl":"https:\/\/secure.gravatar.com\/avatar\/8a055ebe6373371f67ac6fcf313c0ac0b0a91157fdcdb9514fa62927373348f0?s=96&d=mm&r=g","caption":"Ana Luiza Bonatto"},"url":"https:\/\/jornalboasnoticias.com.br\/home\/author\/ana-luiza\/"}]}},"_links":{"self":[{"href":"https:\/\/jornalboasnoticias.com.br\/home\/wp-json\/wp\/v2\/posts\/44846","targetHints":{"allow":["GET"]}}],"collection":[{"href":"https:\/\/jornalboasnoticias.com.br\/home\/wp-json\/wp\/v2\/posts"}],"about":[{"href":"https:\/\/jornalboasnoticias.com.br\/home\/wp-json\/wp\/v2\/types\/post"}],"author":[{"embeddable":true,"href":"https:\/\/jornalboasnoticias.com.br\/home\/wp-json\/wp\/v2\/users\/4"}],"replies":[{"embeddable":true,"href":"https:\/\/jornalboasnoticias.com.br\/home\/wp-json\/wp\/v2\/comments?post=44846"}],"version-history":[{"count":1,"href":"https:\/\/jornalboasnoticias.com.br\/home\/wp-json\/wp\/v2\/posts\/44846\/revisions"}],"predecessor-version":[{"id":44848,"href":"https:\/\/jornalboasnoticias.com.br\/home\/wp-json\/wp\/v2\/posts\/44846\/revisions\/44848"}],"wp:featuredmedia":[{"embeddable":true,"href":"https:\/\/jornalboasnoticias.com.br\/home\/wp-json\/wp\/v2\/media\/44847"}],"wp:attachment":[{"href":"https:\/\/jornalboasnoticias.com.br\/home\/wp-json\/wp\/v2\/media?parent=44846"}],"wp:term":[{"taxonomy":"category","embeddable":true,"href":"https:\/\/jornalboasnoticias.com.br\/home\/wp-json\/wp\/v2\/categories?post=44846"},{"taxonomy":"post_tag","embeddable":true,"href":"https:\/\/jornalboasnoticias.com.br\/home\/wp-json\/wp\/v2\/tags?post=44846"}],"curies":[{"name":"wp","href":"https:\/\/api.w.org\/{rel}","templated":true}]}}