{"id":44833,"date":"2024-10-29T18:43:43","date_gmt":"2024-10-29T18:43:43","guid":{"rendered":"https:\/\/jornalboasnoticias.com.br\/home\/?p=44833"},"modified":"2024-10-29T18:43:43","modified_gmt":"2024-10-29T18:43:43","slug":"lira-anuncia-comissao-especial-para-analisar-pl-da-anistia","status":"publish","type":"post","link":"https:\/\/jornalboasnoticias.com.br\/home\/lira-anuncia-comissao-especial-para-analisar-pl-da-anistia\/","title":{"rendered":"Lira anuncia comiss\u00e3o especial para analisar PL da Anistia"},"content":{"rendered":"<div class=\"header-noticia full-width\">\n<div class=\"linha-fina-noticia\">\n<div class=\"header-noticia full-width\">\n<div>\n<figure id=\"attachment_44834\" aria-describedby=\"caption-attachment-44834\" style=\"width: 1170px\" class=\"wp-caption alignnone\"><img loading=\"lazy\" decoding=\"async\" class=\"size-full wp-image-44834\" src=\"https:\/\/jornalboasnoticias.com.br\/home\/wp-content\/uploads\/2024\/10\/lula_marques-8_0.webp\" alt=\"\" width=\"1170\" height=\"700\" srcset=\"https:\/\/jornalboasnoticias.com.br\/home\/wp-content\/uploads\/2024\/10\/lula_marques-8_0.webp 1170w, https:\/\/jornalboasnoticias.com.br\/home\/wp-content\/uploads\/2024\/10\/lula_marques-8_0-300x179.webp 300w, https:\/\/jornalboasnoticias.com.br\/home\/wp-content\/uploads\/2024\/10\/lula_marques-8_0-1024x613.webp 1024w, https:\/\/jornalboasnoticias.com.br\/home\/wp-content\/uploads\/2024\/10\/lula_marques-8_0-768x459.webp 768w\" sizes=\"auto, (max-width: 1170px) 100vw, 1170px\" \/><figcaption id=\"caption-attachment-44834\" class=\"wp-caption-text\">\u00a9 Lula Marques\/ Ag\u00eancia Brasil<\/figcaption><\/figure>\n<\/div>\n<\/div>\n<\/div>\n<\/div>\n<blockquote>\n<div class=\"header-noticia full-width\">\n<div class=\"linha-fina-noticia\">\n<div class=\"header-noticia full-width\">\n<div class=\"linha-fina-noticia\">Sess\u00e3o da CCJ prevista para votar o projeto nesta tarde foi cancelada<\/div>\n<\/div>\n<\/div>\n<\/div>\n<\/blockquote>\n<div class=\"container-autoria\">\n<p>O presidente da C\u00e2mara dos Deputados, Arthur Lira (PP\/AL)\u00a0criou nesta ter\u00e7a-feira (29) uma comiss\u00e3o especial para analisar o projeto de lei\u00a02.858 de 2022, que concede anistia aos envolvidos nos atos golpistas de 8 de janeiro de 2023.<img decoding=\"async\" src=\"https:\/\/agenciabrasil.ebc.com.br\/ebc.png?id=1617337&amp;o=node\" \/><img decoding=\"async\" src=\"https:\/\/agenciabrasil.ebc.com.br\/ebc.gif?id=1617337&amp;o=node\" \/><\/p>\n<p>Com a cria\u00e7\u00e3o da comiss\u00e3o, a tramita\u00e7\u00e3o do projeto\u00a0pode se arrastar por at\u00e9 40 sess\u00f5es do plen\u00e1rio da Casa, atrasando uma poss\u00edvel aprova\u00e7\u00e3o da medida.<\/p>\n<p>O presidente afirmou que a comiss\u00e3o seguir\u00e1 rigorosamente os ritos e prazos regimentais. \u201cSempre com a responsabilidade e o respeito que s\u00e3o pr\u00f3prios deste Parlamento. E tamb\u00e9m nessa tem\u00e1tica, \u00e9 preciso buscar a forma\u00e7\u00e3o de eventual converg\u00eancia.\u201d<\/p>\n<p>\u201cO tema deve ser devidamente debatido pela Casa. Mas n\u00e3o pode jamais, pela sua complexidade, se converter em indevido elemento de disputa pol\u00edtica, especialmente no contexto das elei\u00e7\u00f5es futuras para a Mesa Diretora da C\u00e2mara\u201d, disse Lira.<\/p>\n<p>Com a decis\u00e3o, a Comiss\u00e3o de Constitui\u00e7\u00e3o e Justi\u00e7a (CCJ) da C\u00e2mara cancelou a sess\u00e3o prevista para votar o projeto na tarde de hoje.<\/p>\n<h2>Tentativa de golpe<\/h2>\n<p>No dia 8 de janeiro de 2023, apoiadores do ex-presidente Jair Bolsonaro invadiram as sedes dos Tr\u00eas Poderes, em Bras\u00edlia, pedindo a ado\u00e7\u00e3o de um golpe militar no Brasil. Grupos inconformados com a vit\u00f3ria na elei\u00e7\u00e3o presidencial por Luiz In\u00e1cio Lula da Silva vinham, desde o dia 30 de outubro de 2022, acampando em frente aos quart\u00e9is pedindo \u00e0s For\u00e7as Armadas que impedissem a posse do novo presidente eleito.<\/p>\n<p>Pessoas envolvidas nos protestos, no financiamento ou na organiza\u00e7\u00e3o dos\u00a0atos\u00a0v\u00eam sendo condenadas\u00a0pelo Supremo Tribunal Federal (STF) por, entre outros delitos, o de tentativa de golpe de Estado.<\/p>\n<p>O parecer de Valadares argumenta que as condena\u00e7\u00f5es s\u00e3o injustas, n\u00e3o houve tentativa de golpe no dia 8 de janeiro \u201cdevido \u00e0 falta de lideran\u00e7a e a aus\u00eancia de apoio militar\u201d e que aquelas pessoas \u201cn\u00e3o souberam naquele momento expressar seu anseio\u201d.<\/p>\n<p>Se aprovada, a lei pode beneficiar o ex-presidente Jair Bolsonaro, que tamb\u00e9m \u00e9 investigado nos inqu\u00e9ritos que apuram o 8 de janeiro.<\/p>\n<p>Para especialistas ouvidos pela\u00a0<strong>Ag\u00eancia Brasil<\/strong>, anistiar\u00a0crimes contra a democracia\u00a0\u00e9 inconstitucional. \u201cEssas pessoas est\u00e3o sendo processadas e julgadas no STF. Se o Congresso resolver dar anistia a essas pessoas, ele est\u00e1 claramente fazendo uma invas\u00e3o de uma compet\u00eancia que \u00e9 do Supremo\u201d, afirmou a jurista T\u00e2nia Maria de Oliveira, da Associa\u00e7\u00e3o Brasileira de Juristas pela Democracia (ABJD).<\/p>\n<p>No Brasil, \u00e9 crime tentar depor, por meio da viol\u00eancia ou de grave amea\u00e7a, o governo legitimamente constitu\u00eddo ou impedir e restringir o exerc\u00edcio dos poderes constitucionais, conforme define a Lei 14.197\/2021.<\/p>\n<p>Essa legisla\u00e7\u00e3o tamb\u00e9m considera crime incitar, publicamente, a animosidade entre as For\u00e7as Armadas e os demais poderes constitucionais. As penas variam e podem chegar a 12 anos de pris\u00e3o.<\/p>\n<p>(Ag\u00eancia Brasil)<\/p>\n<\/div>\n","protected":false},"excerpt":{"rendered":"<p>Sess\u00e3o da CCJ prevista para votar o projeto nesta tarde foi cancelada O presidente da<\/p>\n","protected":false},"author":4,"featured_media":44834,"comment_status":"open","ping_status":"open","sticky":false,"template":"","format":"standard","meta":{"footnotes":""},"categories":[3,96],"tags":[],"class_list":["post-44833","post","type-post","status-publish","format-standard","has-post-thumbnail","hentry","category-destaques","category-politica"],"yoast_head":"<!-- This site is optimized with the Yoast SEO plugin v27.5 - https:\/\/yoast.com\/product\/yoast-seo-wordpress\/ -->\n<title>Lira anuncia comiss\u00e3o especial para analisar PL da Anistia - Jornal<\/title>\n<meta name=\"description\" content=\"Lira anuncia comiss\u00e3o especial para analisar PL da Anistia\" \/>\n<meta name=\"robots\" content=\"index, follow, max-snippet:-1, max-image-preview:large, max-video-preview:-1\" \/>\n<link rel=\"canonical\" href=\"https:\/\/jornalboasnoticias.com.br\/home\/lira-anuncia-comissao-especial-para-analisar-pl-da-anistia\/\" \/>\n<meta property=\"og:locale\" content=\"pt_BR\" \/>\n<meta property=\"og:type\" content=\"article\" \/>\n<meta property=\"og:title\" content=\"Lira anuncia comiss\u00e3o especial para analisar PL da Anistia - Jornal\" \/>\n<meta property=\"og:description\" content=\"Lira anuncia comiss\u00e3o especial para analisar PL da Anistia\" \/>\n<meta property=\"og:url\" content=\"https:\/\/jornalboasnoticias.com.br\/home\/lira-anuncia-comissao-especial-para-analisar-pl-da-anistia\/\" \/>\n<meta property=\"og:site_name\" content=\"Jornal\" \/>\n<meta property=\"article:publisher\" content=\"https:\/\/www.facebook.com\/boasnoticiasjornal\" \/>\n<meta property=\"article:published_time\" content=\"2024-10-29T18:43:43+00:00\" \/>\n<meta property=\"og:image\" content=\"https:\/\/jornalboasnoticias.com.br\/home\/wp-content\/uploads\/2024\/10\/lula_marques-8_0.webp\" \/>\n\t<meta property=\"og:image:width\" content=\"1170\" \/>\n\t<meta property=\"og:image:height\" content=\"700\" \/>\n\t<meta property=\"og:image:type\" content=\"image\/webp\" \/>\n<meta name=\"author\" content=\"Ana Luiza Bonatto\" \/>\n<meta name=\"twitter:card\" content=\"summary_large_image\" \/>\n<meta name=\"twitter:label1\" content=\"Escrito por\" \/>\n\t<meta name=\"twitter:data1\" content=\"Ana Luiza Bonatto\" \/>\n\t<meta name=\"twitter:label2\" content=\"Est. tempo de leitura\" \/>\n\t<meta name=\"twitter:data2\" content=\"4 minutos\" \/>\n<script type=\"application\/ld+json\" class=\"yoast-schema-graph\">{\"@context\":\"https:\\\/\\\/schema.org\",\"@graph\":[{\"@type\":\"Article\",\"@id\":\"https:\\\/\\\/jornalboasnoticias.com.br\\\/home\\\/lira-anuncia-comissao-especial-para-analisar-pl-da-anistia\\\/#article\",\"isPartOf\":{\"@id\":\"https:\\\/\\\/jornalboasnoticias.com.br\\\/home\\\/lira-anuncia-comissao-especial-para-analisar-pl-da-anistia\\\/\"},\"author\":{\"name\":\"Ana Luiza Bonatto\",\"@id\":\"https:\\\/\\\/jornalboasnoticias.com.br\\\/home\\\/#\\\/schema\\\/person\\\/d641193e0afc6405b390164dac847971\"},\"headline\":\"Lira anuncia comiss\u00e3o especial para analisar PL da Anistia\",\"datePublished\":\"2024-10-29T18:43:43+00:00\",\"mainEntityOfPage\":{\"@id\":\"https:\\\/\\\/jornalboasnoticias.com.br\\\/home\\\/lira-anuncia-comissao-especial-para-analisar-pl-da-anistia\\\/\"},\"wordCount\":527,\"commentCount\":0,\"publisher\":{\"@id\":\"https:\\\/\\\/jornalboasnoticias.com.br\\\/home\\\/#organization\"},\"image\":{\"@id\":\"https:\\\/\\\/jornalboasnoticias.com.br\\\/home\\\/lira-anuncia-comissao-especial-para-analisar-pl-da-anistia\\\/#primaryimage\"},\"thumbnailUrl\":\"https:\\\/\\\/jornalboasnoticias.com.br\\\/home\\\/wp-content\\\/uploads\\\/2024\\\/10\\\/lula_marques-8_0.webp\",\"articleSection\":[\"DESTAQUE\",\"POL\u00cdTICA\"],\"inLanguage\":\"pt-BR\",\"potentialAction\":[{\"@type\":\"CommentAction\",\"name\":\"Comment\",\"target\":[\"https:\\\/\\\/jornalboasnoticias.com.br\\\/home\\\/lira-anuncia-comissao-especial-para-analisar-pl-da-anistia\\\/#respond\"]}]},{\"@type\":\"WebPage\",\"@id\":\"https:\\\/\\\/jornalboasnoticias.com.br\\\/home\\\/lira-anuncia-comissao-especial-para-analisar-pl-da-anistia\\\/\",\"url\":\"https:\\\/\\\/jornalboasnoticias.com.br\\\/home\\\/lira-anuncia-comissao-especial-para-analisar-pl-da-anistia\\\/\",\"name\":\"Lira anuncia comiss\u00e3o especial para analisar PL da Anistia - Jornal\",\"isPartOf\":{\"@id\":\"https:\\\/\\\/jornalboasnoticias.com.br\\\/home\\\/#website\"},\"primaryImageOfPage\":{\"@id\":\"https:\\\/\\\/jornalboasnoticias.com.br\\\/home\\\/lira-anuncia-comissao-especial-para-analisar-pl-da-anistia\\\/#primaryimage\"},\"image\":{\"@id\":\"https:\\\/\\\/jornalboasnoticias.com.br\\\/home\\\/lira-anuncia-comissao-especial-para-analisar-pl-da-anistia\\\/#primaryimage\"},\"thumbnailUrl\":\"https:\\\/\\\/jornalboasnoticias.com.br\\\/home\\\/wp-content\\\/uploads\\\/2024\\\/10\\\/lula_marques-8_0.webp\",\"datePublished\":\"2024-10-29T18:43:43+00:00\",\"description\":\"Lira anuncia comiss\u00e3o especial para analisar PL da Anistia\",\"breadcrumb\":{\"@id\":\"https:\\\/\\\/jornalboasnoticias.com.br\\\/home\\\/lira-anuncia-comissao-especial-para-analisar-pl-da-anistia\\\/#breadcrumb\"},\"inLanguage\":\"pt-BR\",\"potentialAction\":[{\"@type\":\"ReadAction\",\"target\":[\"https:\\\/\\\/jornalboasnoticias.com.br\\\/home\\\/lira-anuncia-comissao-especial-para-analisar-pl-da-anistia\\\/\"]}]},{\"@type\":\"ImageObject\",\"inLanguage\":\"pt-BR\",\"@id\":\"https:\\\/\\\/jornalboasnoticias.com.br\\\/home\\\/lira-anuncia-comissao-especial-para-analisar-pl-da-anistia\\\/#primaryimage\",\"url\":\"https:\\\/\\\/jornalboasnoticias.com.br\\\/home\\\/wp-content\\\/uploads\\\/2024\\\/10\\\/lula_marques-8_0.webp\",\"contentUrl\":\"https:\\\/\\\/jornalboasnoticias.com.br\\\/home\\\/wp-content\\\/uploads\\\/2024\\\/10\\\/lula_marques-8_0.webp\",\"width\":1170,\"height\":700,\"caption\":\"\u00a9 Lula Marques\\\/ Ag\u00eancia Brasil\"},{\"@type\":\"BreadcrumbList\",\"@id\":\"https:\\\/\\\/jornalboasnoticias.com.br\\\/home\\\/lira-anuncia-comissao-especial-para-analisar-pl-da-anistia\\\/#breadcrumb\",\"itemListElement\":[{\"@type\":\"ListItem\",\"position\":1,\"name\":\"In\u00edcio\",\"item\":\"https:\\\/\\\/jornalboasnoticias.com.br\\\/home\\\/\"},{\"@type\":\"ListItem\",\"position\":2,\"name\":\"Lira anuncia comiss\u00e3o especial para analisar PL da Anistia\"}]},{\"@type\":\"WebSite\",\"@id\":\"https:\\\/\\\/jornalboasnoticias.com.br\\\/home\\\/#website\",\"url\":\"https:\\\/\\\/jornalboasnoticias.com.br\\\/home\\\/\",\"name\":\"Jornal Boas Not\u00edcias\",\"description\":\"Boas not\u00edcias\",\"publisher\":{\"@id\":\"https:\\\/\\\/jornalboasnoticias.com.br\\\/home\\\/#organization\"},\"potentialAction\":[{\"@type\":\"SearchAction\",\"target\":{\"@type\":\"EntryPoint\",\"urlTemplate\":\"https:\\\/\\\/jornalboasnoticias.com.br\\\/home\\\/?s={search_term_string}\"},\"query-input\":{\"@type\":\"PropertyValueSpecification\",\"valueRequired\":true,\"valueName\":\"search_term_string\"}}],\"inLanguage\":\"pt-BR\"},{\"@type\":\"Organization\",\"@id\":\"https:\\\/\\\/jornalboasnoticias.com.br\\\/home\\\/#organization\",\"name\":\"Coq Editora Ltda\",\"alternateName\":\"Jornal Boas Noticias\",\"url\":\"https:\\\/\\\/jornalboasnoticias.com.br\\\/home\\\/\",\"logo\":{\"@type\":\"ImageObject\",\"inLanguage\":\"pt-BR\",\"@id\":\"https:\\\/\\\/jornalboasnoticias.com.br\\\/home\\\/#\\\/schema\\\/logo\\\/image\\\/\",\"url\":\"https:\\\/\\\/jornalboasnoticias.com.br\\\/home\\\/wp-content\\\/uploads\\\/2024\\\/07\\\/cropped-logo.jpg\",\"contentUrl\":\"https:\\\/\\\/jornalboasnoticias.com.br\\\/home\\\/wp-content\\\/uploads\\\/2024\\\/07\\\/cropped-logo.jpg\",\"width\":290,\"height\":142,\"caption\":\"Coq Editora Ltda\"},\"image\":{\"@id\":\"https:\\\/\\\/jornalboasnoticias.com.br\\\/home\\\/#\\\/schema\\\/logo\\\/image\\\/\"},\"sameAs\":[\"https:\\\/\\\/www.facebook.com\\\/boasnoticiasjornal\"]},{\"@type\":\"Person\",\"@id\":\"https:\\\/\\\/jornalboasnoticias.com.br\\\/home\\\/#\\\/schema\\\/person\\\/d641193e0afc6405b390164dac847971\",\"name\":\"Ana Luiza Bonatto\",\"image\":{\"@type\":\"ImageObject\",\"inLanguage\":\"pt-BR\",\"@id\":\"https:\\\/\\\/secure.gravatar.com\\\/avatar\\\/8a055ebe6373371f67ac6fcf313c0ac0b0a91157fdcdb9514fa62927373348f0?s=96&d=mm&r=g\",\"url\":\"https:\\\/\\\/secure.gravatar.com\\\/avatar\\\/8a055ebe6373371f67ac6fcf313c0ac0b0a91157fdcdb9514fa62927373348f0?s=96&d=mm&r=g\",\"contentUrl\":\"https:\\\/\\\/secure.gravatar.com\\\/avatar\\\/8a055ebe6373371f67ac6fcf313c0ac0b0a91157fdcdb9514fa62927373348f0?s=96&d=mm&r=g\",\"caption\":\"Ana Luiza Bonatto\"},\"url\":\"https:\\\/\\\/jornalboasnoticias.com.br\\\/home\\\/author\\\/ana-luiza\\\/\"}]}<\/script>\n<!-- \/ Yoast SEO plugin. -->","yoast_head_json":{"title":"Lira anuncia comiss\u00e3o especial para analisar PL da Anistia - Jornal","description":"Lira anuncia comiss\u00e3o especial para analisar PL da Anistia","robots":{"index":"index","follow":"follow","max-snippet":"max-snippet:-1","max-image-preview":"max-image-preview:large","max-video-preview":"max-video-preview:-1"},"canonical":"https:\/\/jornalboasnoticias.com.br\/home\/lira-anuncia-comissao-especial-para-analisar-pl-da-anistia\/","og_locale":"pt_BR","og_type":"article","og_title":"Lira anuncia comiss\u00e3o especial para analisar PL da Anistia - Jornal","og_description":"Lira anuncia comiss\u00e3o especial para analisar PL da Anistia","og_url":"https:\/\/jornalboasnoticias.com.br\/home\/lira-anuncia-comissao-especial-para-analisar-pl-da-anistia\/","og_site_name":"Jornal","article_publisher":"https:\/\/www.facebook.com\/boasnoticiasjornal","article_published_time":"2024-10-29T18:43:43+00:00","og_image":[{"width":1170,"height":700,"url":"https:\/\/jornalboasnoticias.com.br\/home\/wp-content\/uploads\/2024\/10\/lula_marques-8_0.webp","type":"image\/webp"}],"author":"Ana Luiza Bonatto","twitter_card":"summary_large_image","twitter_misc":{"Escrito por":"Ana Luiza Bonatto","Est. tempo de leitura":"4 minutos"},"schema":{"@context":"https:\/\/schema.org","@graph":[{"@type":"Article","@id":"https:\/\/jornalboasnoticias.com.br\/home\/lira-anuncia-comissao-especial-para-analisar-pl-da-anistia\/#article","isPartOf":{"@id":"https:\/\/jornalboasnoticias.com.br\/home\/lira-anuncia-comissao-especial-para-analisar-pl-da-anistia\/"},"author":{"name":"Ana Luiza Bonatto","@id":"https:\/\/jornalboasnoticias.com.br\/home\/#\/schema\/person\/d641193e0afc6405b390164dac847971"},"headline":"Lira anuncia comiss\u00e3o especial para analisar PL da Anistia","datePublished":"2024-10-29T18:43:43+00:00","mainEntityOfPage":{"@id":"https:\/\/jornalboasnoticias.com.br\/home\/lira-anuncia-comissao-especial-para-analisar-pl-da-anistia\/"},"wordCount":527,"commentCount":0,"publisher":{"@id":"https:\/\/jornalboasnoticias.com.br\/home\/#organization"},"image":{"@id":"https:\/\/jornalboasnoticias.com.br\/home\/lira-anuncia-comissao-especial-para-analisar-pl-da-anistia\/#primaryimage"},"thumbnailUrl":"https:\/\/jornalboasnoticias.com.br\/home\/wp-content\/uploads\/2024\/10\/lula_marques-8_0.webp","articleSection":["DESTAQUE","POL\u00cdTICA"],"inLanguage":"pt-BR","potentialAction":[{"@type":"CommentAction","name":"Comment","target":["https:\/\/jornalboasnoticias.com.br\/home\/lira-anuncia-comissao-especial-para-analisar-pl-da-anistia\/#respond"]}]},{"@type":"WebPage","@id":"https:\/\/jornalboasnoticias.com.br\/home\/lira-anuncia-comissao-especial-para-analisar-pl-da-anistia\/","url":"https:\/\/jornalboasnoticias.com.br\/home\/lira-anuncia-comissao-especial-para-analisar-pl-da-anistia\/","name":"Lira anuncia comiss\u00e3o especial para analisar PL da Anistia - Jornal","isPartOf":{"@id":"https:\/\/jornalboasnoticias.com.br\/home\/#website"},"primaryImageOfPage":{"@id":"https:\/\/jornalboasnoticias.com.br\/home\/lira-anuncia-comissao-especial-para-analisar-pl-da-anistia\/#primaryimage"},"image":{"@id":"https:\/\/jornalboasnoticias.com.br\/home\/lira-anuncia-comissao-especial-para-analisar-pl-da-anistia\/#primaryimage"},"thumbnailUrl":"https:\/\/jornalboasnoticias.com.br\/home\/wp-content\/uploads\/2024\/10\/lula_marques-8_0.webp","datePublished":"2024-10-29T18:43:43+00:00","description":"Lira anuncia comiss\u00e3o especial para analisar PL da Anistia","breadcrumb":{"@id":"https:\/\/jornalboasnoticias.com.br\/home\/lira-anuncia-comissao-especial-para-analisar-pl-da-anistia\/#breadcrumb"},"inLanguage":"pt-BR","potentialAction":[{"@type":"ReadAction","target":["https:\/\/jornalboasnoticias.com.br\/home\/lira-anuncia-comissao-especial-para-analisar-pl-da-anistia\/"]}]},{"@type":"ImageObject","inLanguage":"pt-BR","@id":"https:\/\/jornalboasnoticias.com.br\/home\/lira-anuncia-comissao-especial-para-analisar-pl-da-anistia\/#primaryimage","url":"https:\/\/jornalboasnoticias.com.br\/home\/wp-content\/uploads\/2024\/10\/lula_marques-8_0.webp","contentUrl":"https:\/\/jornalboasnoticias.com.br\/home\/wp-content\/uploads\/2024\/10\/lula_marques-8_0.webp","width":1170,"height":700,"caption":"\u00a9 Lula Marques\/ Ag\u00eancia Brasil"},{"@type":"BreadcrumbList","@id":"https:\/\/jornalboasnoticias.com.br\/home\/lira-anuncia-comissao-especial-para-analisar-pl-da-anistia\/#breadcrumb","itemListElement":[{"@type":"ListItem","position":1,"name":"In\u00edcio","item":"https:\/\/jornalboasnoticias.com.br\/home\/"},{"@type":"ListItem","position":2,"name":"Lira anuncia comiss\u00e3o especial para analisar PL da Anistia"}]},{"@type":"WebSite","@id":"https:\/\/jornalboasnoticias.com.br\/home\/#website","url":"https:\/\/jornalboasnoticias.com.br\/home\/","name":"Jornal Boas Not\u00edcias","description":"Boas not\u00edcias","publisher":{"@id":"https:\/\/jornalboasnoticias.com.br\/home\/#organization"},"potentialAction":[{"@type":"SearchAction","target":{"@type":"EntryPoint","urlTemplate":"https:\/\/jornalboasnoticias.com.br\/home\/?s={search_term_string}"},"query-input":{"@type":"PropertyValueSpecification","valueRequired":true,"valueName":"search_term_string"}}],"inLanguage":"pt-BR"},{"@type":"Organization","@id":"https:\/\/jornalboasnoticias.com.br\/home\/#organization","name":"Coq Editora Ltda","alternateName":"Jornal Boas Noticias","url":"https:\/\/jornalboasnoticias.com.br\/home\/","logo":{"@type":"ImageObject","inLanguage":"pt-BR","@id":"https:\/\/jornalboasnoticias.com.br\/home\/#\/schema\/logo\/image\/","url":"https:\/\/jornalboasnoticias.com.br\/home\/wp-content\/uploads\/2024\/07\/cropped-logo.jpg","contentUrl":"https:\/\/jornalboasnoticias.com.br\/home\/wp-content\/uploads\/2024\/07\/cropped-logo.jpg","width":290,"height":142,"caption":"Coq Editora Ltda"},"image":{"@id":"https:\/\/jornalboasnoticias.com.br\/home\/#\/schema\/logo\/image\/"},"sameAs":["https:\/\/www.facebook.com\/boasnoticiasjornal"]},{"@type":"Person","@id":"https:\/\/jornalboasnoticias.com.br\/home\/#\/schema\/person\/d641193e0afc6405b390164dac847971","name":"Ana Luiza Bonatto","image":{"@type":"ImageObject","inLanguage":"pt-BR","@id":"https:\/\/secure.gravatar.com\/avatar\/8a055ebe6373371f67ac6fcf313c0ac0b0a91157fdcdb9514fa62927373348f0?s=96&d=mm&r=g","url":"https:\/\/secure.gravatar.com\/avatar\/8a055ebe6373371f67ac6fcf313c0ac0b0a91157fdcdb9514fa62927373348f0?s=96&d=mm&r=g","contentUrl":"https:\/\/secure.gravatar.com\/avatar\/8a055ebe6373371f67ac6fcf313c0ac0b0a91157fdcdb9514fa62927373348f0?s=96&d=mm&r=g","caption":"Ana Luiza Bonatto"},"url":"https:\/\/jornalboasnoticias.com.br\/home\/author\/ana-luiza\/"}]}},"_links":{"self":[{"href":"https:\/\/jornalboasnoticias.com.br\/home\/wp-json\/wp\/v2\/posts\/44833","targetHints":{"allow":["GET"]}}],"collection":[{"href":"https:\/\/jornalboasnoticias.com.br\/home\/wp-json\/wp\/v2\/posts"}],"about":[{"href":"https:\/\/jornalboasnoticias.com.br\/home\/wp-json\/wp\/v2\/types\/post"}],"author":[{"embeddable":true,"href":"https:\/\/jornalboasnoticias.com.br\/home\/wp-json\/wp\/v2\/users\/4"}],"replies":[{"embeddable":true,"href":"https:\/\/jornalboasnoticias.com.br\/home\/wp-json\/wp\/v2\/comments?post=44833"}],"version-history":[{"count":1,"href":"https:\/\/jornalboasnoticias.com.br\/home\/wp-json\/wp\/v2\/posts\/44833\/revisions"}],"predecessor-version":[{"id":44835,"href":"https:\/\/jornalboasnoticias.com.br\/home\/wp-json\/wp\/v2\/posts\/44833\/revisions\/44835"}],"wp:featuredmedia":[{"embeddable":true,"href":"https:\/\/jornalboasnoticias.com.br\/home\/wp-json\/wp\/v2\/media\/44834"}],"wp:attachment":[{"href":"https:\/\/jornalboasnoticias.com.br\/home\/wp-json\/wp\/v2\/media?parent=44833"}],"wp:term":[{"taxonomy":"category","embeddable":true,"href":"https:\/\/jornalboasnoticias.com.br\/home\/wp-json\/wp\/v2\/categories?post=44833"},{"taxonomy":"post_tag","embeddable":true,"href":"https:\/\/jornalboasnoticias.com.br\/home\/wp-json\/wp\/v2\/tags?post=44833"}],"curies":[{"name":"wp","href":"https:\/\/api.w.org\/{rel}","templated":true}]}}