{"id":44808,"date":"2024-10-01T16:45:54","date_gmt":"2024-10-01T16:45:54","guid":{"rendered":"https:\/\/jornalboasnoticias.com.br\/home\/?p=44808"},"modified":"2024-10-29T00:47:03","modified_gmt":"2024-10-29T00:47:03","slug":"policia-cientifica-do-parana-ganha-reforco-de-16-novos-tecnicos-de-pericia","status":"publish","type":"post","link":"https:\/\/jornalboasnoticias.com.br\/home\/policia-cientifica-do-parana-ganha-reforco-de-16-novos-tecnicos-de-pericia\/","title":{"rendered":"Pol\u00edcia Cient\u00edfica do Paran\u00e1 ganha refor\u00e7o de 16 novos t\u00e9cnicos de per\u00edcia"},"content":{"rendered":"<figure id=\"attachment_44809\" aria-describedby=\"caption-attachment-44809\" style=\"width: 1280px\" class=\"wp-caption alignnone\"><img loading=\"lazy\" decoding=\"async\" class=\"size-full wp-image-44809\" src=\"https:\/\/jornalboasnoticias.com.br\/home\/wp-content\/uploads\/2024\/10\/whatsapp_image_2024-10-01_at_14.49.10.jpg\" alt=\"\" width=\"1280\" height=\"854\" srcset=\"https:\/\/jornalboasnoticias.com.br\/home\/wp-content\/uploads\/2024\/10\/whatsapp_image_2024-10-01_at_14.49.10.jpg 1280w, https:\/\/jornalboasnoticias.com.br\/home\/wp-content\/uploads\/2024\/10\/whatsapp_image_2024-10-01_at_14.49.10-300x200.jpg 300w, https:\/\/jornalboasnoticias.com.br\/home\/wp-content\/uploads\/2024\/10\/whatsapp_image_2024-10-01_at_14.49.10-1024x683.jpg 1024w, https:\/\/jornalboasnoticias.com.br\/home\/wp-content\/uploads\/2024\/10\/whatsapp_image_2024-10-01_at_14.49.10-768x512.jpg 768w, https:\/\/jornalboasnoticias.com.br\/home\/wp-content\/uploads\/2024\/10\/whatsapp_image_2024-10-01_at_14.49.10-900x600.jpg 900w\" sizes=\"auto, (max-width: 1280px) 100vw, 1280px\" \/><figcaption id=\"caption-attachment-44809\" class=\"wp-caption-text\">Foto: Pol\u00edcia Cient\u00edfica do Paran\u00e1<\/figcaption><\/figure>\n<p>A Pol\u00edcia Cient\u00edfica do Paran\u00e1 (PCP) incorporou ao quadro de profissionais mais 16 novos t\u00e9cnicos de per\u00edcia, que refor\u00e7ar\u00e3o opera\u00e7\u00f5es e servi\u00e7os prestados \u00e0 popula\u00e7\u00e3o. O t\u00e9cnico de per\u00edcia atua auxiliando diretamente o perito oficial e tamb\u00e9m na \u00e1rea administrativa<\/p>\n<p>\u201cA Pol\u00edcia Cient\u00edfica espera que esses novos profissionais fortale\u00e7am a institui\u00e7\u00e3o e ofere\u00e7am servi\u00e7os de alta qualidade para a popula\u00e7\u00e3o do Paran\u00e1\u201d, afirmou o presidente da comiss\u00e3o do concurso e diretor Operacional da Pol\u00edcia Cient\u00edfica, Ciro Pimenta, na recep\u00e7\u00e3o aos novos servidores. Eles participaram da aula inaugural da Academia de Ci\u00eancias Forenses e conheceram os laborat\u00f3rios, cl\u00ednicas m\u00e9dicas e o necrot\u00e9rio da unidade.<\/p>\n<p>O treinamento dos novos t\u00e9cnicos incluir\u00e1 um Curso de Forma\u00e7\u00e3o de tr\u00eas meses, seguido de est\u00e1gios pr\u00e1ticos nas se\u00e7\u00f5es e na Unidade de Execu\u00e7\u00e3o T\u00e9cnico-Cient\u00edfica da Pol\u00edcia Cient\u00edfica. \u201cO Curso de Forma\u00e7\u00e3o \u00e9 bem completo. Os t\u00e9cnicos conhecer\u00e3o todos os servi\u00e7os, as se\u00e7\u00f5es, e ter\u00e3o oportunidade de aprender e tirar todas as d\u00favidas\u201d, explicou o diretor da Academia de Ci\u00eancias Forenses, Alexandre Lara.<\/p>\n<p>Carlos Ricardo Malfatti, um dos rec\u00e9m-empossados, expressou a empolga\u00e7\u00e3o do grupo. \u201cA expectativa \u00e9 a melhor poss\u00edvel, estamos muito ansiosos para iniciarmos. Este grupo est\u00e1 com brilho no olho e empolgado para servir a sociedade\u201d, compartilhou.<\/p>\n<p>(aen)<\/p>\n","protected":false},"excerpt":{"rendered":"<p>A Pol\u00edcia Cient\u00edfica do Paran\u00e1 (PCP) incorporou ao quadro de profissionais mais 16 novos t\u00e9cnicos<\/p>\n","protected":false},"author":4,"featured_media":0,"comment_status":"open","ping_status":"open","sticky":false,"template":"","format":"standard","meta":{"footnotes":""},"categories":[4],"tags":[],"class_list":["post-44808","post","type-post","status-publish","format-standard","hentry","category-parana"],"yoast_head":"<!-- This site is optimized with the Yoast SEO plugin v27.5 - https:\/\/yoast.com\/product\/yoast-seo-wordpress\/ -->\n<title>Pol\u00edcia Cient\u00edfica do Paran\u00e1 ganha refor\u00e7o de 16 novos t\u00e9cnicos de per\u00edcia - Jornal<\/title>\n<meta name=\"description\" content=\"Pol\u00edcia Cient\u00edfica do Paran\u00e1 ganha refor\u00e7o de 16 novos t\u00e9cnicos de per\u00edcia\" \/>\n<meta name=\"robots\" content=\"index, follow, max-snippet:-1, max-image-preview:large, max-video-preview:-1\" \/>\n<link rel=\"canonical\" href=\"https:\/\/jornalboasnoticias.com.br\/home\/policia-cientifica-do-parana-ganha-reforco-de-16-novos-tecnicos-de-pericia\/\" \/>\n<meta property=\"og:locale\" content=\"pt_BR\" \/>\n<meta property=\"og:type\" content=\"article\" \/>\n<meta property=\"og:title\" content=\"Pol\u00edcia Cient\u00edfica do Paran\u00e1 ganha refor\u00e7o de 16 novos t\u00e9cnicos de per\u00edcia - Jornal\" \/>\n<meta property=\"og:description\" content=\"Pol\u00edcia Cient\u00edfica do Paran\u00e1 ganha refor\u00e7o de 16 novos t\u00e9cnicos de per\u00edcia\" \/>\n<meta property=\"og:url\" content=\"https:\/\/jornalboasnoticias.com.br\/home\/policia-cientifica-do-parana-ganha-reforco-de-16-novos-tecnicos-de-pericia\/\" \/>\n<meta property=\"og:site_name\" content=\"Jornal\" \/>\n<meta property=\"article:publisher\" content=\"https:\/\/www.facebook.com\/boasnoticiasjornal\" \/>\n<meta property=\"article:published_time\" content=\"2024-10-01T16:45:54+00:00\" \/>\n<meta property=\"article:modified_time\" content=\"2024-10-29T00:47:03+00:00\" \/>\n<meta property=\"og:image\" content=\"https:\/\/jornalboasnoticias.com.br\/home\/wp-content\/uploads\/2024\/10\/whatsapp_image_2024-10-01_at_14.49.10.jpg\" \/>\n\t<meta property=\"og:image:width\" content=\"1280\" \/>\n\t<meta property=\"og:image:height\" content=\"854\" \/>\n\t<meta property=\"og:image:type\" content=\"image\/jpeg\" \/>\n<meta name=\"author\" content=\"Ana Luiza Bonatto\" \/>\n<meta name=\"twitter:card\" content=\"summary_large_image\" \/>\n<meta name=\"twitter:label1\" content=\"Escrito por\" \/>\n\t<meta name=\"twitter:data1\" content=\"Ana Luiza Bonatto\" \/>\n\t<meta name=\"twitter:label2\" content=\"Est. tempo de leitura\" \/>\n\t<meta name=\"twitter:data2\" content=\"2 minutos\" \/>\n<script type=\"application\/ld+json\" class=\"yoast-schema-graph\">{\"@context\":\"https:\\\/\\\/schema.org\",\"@graph\":[{\"@type\":\"Article\",\"@id\":\"https:\\\/\\\/jornalboasnoticias.com.br\\\/home\\\/policia-cientifica-do-parana-ganha-reforco-de-16-novos-tecnicos-de-pericia\\\/#article\",\"isPartOf\":{\"@id\":\"https:\\\/\\\/jornalboasnoticias.com.br\\\/home\\\/policia-cientifica-do-parana-ganha-reforco-de-16-novos-tecnicos-de-pericia\\\/\"},\"author\":{\"name\":\"Ana Luiza Bonatto\",\"@id\":\"https:\\\/\\\/jornalboasnoticias.com.br\\\/home\\\/#\\\/schema\\\/person\\\/d641193e0afc6405b390164dac847971\"},\"headline\":\"Pol\u00edcia Cient\u00edfica do Paran\u00e1 ganha refor\u00e7o de 16 novos t\u00e9cnicos de per\u00edcia\",\"datePublished\":\"2024-10-01T16:45:54+00:00\",\"dateModified\":\"2024-10-29T00:47:03+00:00\",\"mainEntityOfPage\":{\"@id\":\"https:\\\/\\\/jornalboasnoticias.com.br\\\/home\\\/policia-cientifica-do-parana-ganha-reforco-de-16-novos-tecnicos-de-pericia\\\/\"},\"wordCount\":279,\"commentCount\":0,\"publisher\":{\"@id\":\"https:\\\/\\\/jornalboasnoticias.com.br\\\/home\\\/#organization\"},\"image\":{\"@id\":\"https:\\\/\\\/jornalboasnoticias.com.br\\\/home\\\/policia-cientifica-do-parana-ganha-reforco-de-16-novos-tecnicos-de-pericia\\\/#primaryimage\"},\"thumbnailUrl\":\"https:\\\/\\\/jornalboasnoticias.com.br\\\/home\\\/wp-content\\\/uploads\\\/2024\\\/10\\\/whatsapp_image_2024-10-01_at_14.49.10.jpg\",\"articleSection\":[\"PARAN\u00c1\"],\"inLanguage\":\"pt-BR\",\"potentialAction\":[{\"@type\":\"CommentAction\",\"name\":\"Comment\",\"target\":[\"https:\\\/\\\/jornalboasnoticias.com.br\\\/home\\\/policia-cientifica-do-parana-ganha-reforco-de-16-novos-tecnicos-de-pericia\\\/#respond\"]}]},{\"@type\":\"WebPage\",\"@id\":\"https:\\\/\\\/jornalboasnoticias.com.br\\\/home\\\/policia-cientifica-do-parana-ganha-reforco-de-16-novos-tecnicos-de-pericia\\\/\",\"url\":\"https:\\\/\\\/jornalboasnoticias.com.br\\\/home\\\/policia-cientifica-do-parana-ganha-reforco-de-16-novos-tecnicos-de-pericia\\\/\",\"name\":\"Pol\u00edcia Cient\u00edfica do Paran\u00e1 ganha refor\u00e7o de 16 novos t\u00e9cnicos de per\u00edcia - Jornal\",\"isPartOf\":{\"@id\":\"https:\\\/\\\/jornalboasnoticias.com.br\\\/home\\\/#website\"},\"primaryImageOfPage\":{\"@id\":\"https:\\\/\\\/jornalboasnoticias.com.br\\\/home\\\/policia-cientifica-do-parana-ganha-reforco-de-16-novos-tecnicos-de-pericia\\\/#primaryimage\"},\"image\":{\"@id\":\"https:\\\/\\\/jornalboasnoticias.com.br\\\/home\\\/policia-cientifica-do-parana-ganha-reforco-de-16-novos-tecnicos-de-pericia\\\/#primaryimage\"},\"thumbnailUrl\":\"https:\\\/\\\/jornalboasnoticias.com.br\\\/home\\\/wp-content\\\/uploads\\\/2024\\\/10\\\/whatsapp_image_2024-10-01_at_14.49.10.jpg\",\"datePublished\":\"2024-10-01T16:45:54+00:00\",\"dateModified\":\"2024-10-29T00:47:03+00:00\",\"description\":\"Pol\u00edcia Cient\u00edfica do Paran\u00e1 ganha refor\u00e7o de 16 novos t\u00e9cnicos de per\u00edcia\",\"breadcrumb\":{\"@id\":\"https:\\\/\\\/jornalboasnoticias.com.br\\\/home\\\/policia-cientifica-do-parana-ganha-reforco-de-16-novos-tecnicos-de-pericia\\\/#breadcrumb\"},\"inLanguage\":\"pt-BR\",\"potentialAction\":[{\"@type\":\"ReadAction\",\"target\":[\"https:\\\/\\\/jornalboasnoticias.com.br\\\/home\\\/policia-cientifica-do-parana-ganha-reforco-de-16-novos-tecnicos-de-pericia\\\/\"]}]},{\"@type\":\"ImageObject\",\"inLanguage\":\"pt-BR\",\"@id\":\"https:\\\/\\\/jornalboasnoticias.com.br\\\/home\\\/policia-cientifica-do-parana-ganha-reforco-de-16-novos-tecnicos-de-pericia\\\/#primaryimage\",\"url\":\"https:\\\/\\\/jornalboasnoticias.com.br\\\/home\\\/wp-content\\\/uploads\\\/2024\\\/10\\\/whatsapp_image_2024-10-01_at_14.49.10.jpg\",\"contentUrl\":\"https:\\\/\\\/jornalboasnoticias.com.br\\\/home\\\/wp-content\\\/uploads\\\/2024\\\/10\\\/whatsapp_image_2024-10-01_at_14.49.10.jpg\",\"width\":1280,\"height\":854,\"caption\":\"Foto: Pol\u00edcia Cient\u00edfica do Paran\u00e1\"},{\"@type\":\"BreadcrumbList\",\"@id\":\"https:\\\/\\\/jornalboasnoticias.com.br\\\/home\\\/policia-cientifica-do-parana-ganha-reforco-de-16-novos-tecnicos-de-pericia\\\/#breadcrumb\",\"itemListElement\":[{\"@type\":\"ListItem\",\"position\":1,\"name\":\"In\u00edcio\",\"item\":\"https:\\\/\\\/jornalboasnoticias.com.br\\\/home\\\/\"},{\"@type\":\"ListItem\",\"position\":2,\"name\":\"Pol\u00edcia Cient\u00edfica do Paran\u00e1 ganha refor\u00e7o de 16 novos t\u00e9cnicos de per\u00edcia\"}]},{\"@type\":\"WebSite\",\"@id\":\"https:\\\/\\\/jornalboasnoticias.com.br\\\/home\\\/#website\",\"url\":\"https:\\\/\\\/jornalboasnoticias.com.br\\\/home\\\/\",\"name\":\"Jornal Boas Not\u00edcias\",\"description\":\"Boas not\u00edcias\",\"publisher\":{\"@id\":\"https:\\\/\\\/jornalboasnoticias.com.br\\\/home\\\/#organization\"},\"potentialAction\":[{\"@type\":\"SearchAction\",\"target\":{\"@type\":\"EntryPoint\",\"urlTemplate\":\"https:\\\/\\\/jornalboasnoticias.com.br\\\/home\\\/?s={search_term_string}\"},\"query-input\":{\"@type\":\"PropertyValueSpecification\",\"valueRequired\":true,\"valueName\":\"search_term_string\"}}],\"inLanguage\":\"pt-BR\"},{\"@type\":\"Organization\",\"@id\":\"https:\\\/\\\/jornalboasnoticias.com.br\\\/home\\\/#organization\",\"name\":\"Coq Editora Ltda\",\"alternateName\":\"Jornal Boas Noticias\",\"url\":\"https:\\\/\\\/jornalboasnoticias.com.br\\\/home\\\/\",\"logo\":{\"@type\":\"ImageObject\",\"inLanguage\":\"pt-BR\",\"@id\":\"https:\\\/\\\/jornalboasnoticias.com.br\\\/home\\\/#\\\/schema\\\/logo\\\/image\\\/\",\"url\":\"https:\\\/\\\/jornalboasnoticias.com.br\\\/home\\\/wp-content\\\/uploads\\\/2024\\\/07\\\/cropped-logo.jpg\",\"contentUrl\":\"https:\\\/\\\/jornalboasnoticias.com.br\\\/home\\\/wp-content\\\/uploads\\\/2024\\\/07\\\/cropped-logo.jpg\",\"width\":290,\"height\":142,\"caption\":\"Coq Editora Ltda\"},\"image\":{\"@id\":\"https:\\\/\\\/jornalboasnoticias.com.br\\\/home\\\/#\\\/schema\\\/logo\\\/image\\\/\"},\"sameAs\":[\"https:\\\/\\\/www.facebook.com\\\/boasnoticiasjornal\"]},{\"@type\":\"Person\",\"@id\":\"https:\\\/\\\/jornalboasnoticias.com.br\\\/home\\\/#\\\/schema\\\/person\\\/d641193e0afc6405b390164dac847971\",\"name\":\"Ana Luiza Bonatto\",\"image\":{\"@type\":\"ImageObject\",\"inLanguage\":\"pt-BR\",\"@id\":\"https:\\\/\\\/secure.gravatar.com\\\/avatar\\\/8a055ebe6373371f67ac6fcf313c0ac0b0a91157fdcdb9514fa62927373348f0?s=96&d=mm&r=g\",\"url\":\"https:\\\/\\\/secure.gravatar.com\\\/avatar\\\/8a055ebe6373371f67ac6fcf313c0ac0b0a91157fdcdb9514fa62927373348f0?s=96&d=mm&r=g\",\"contentUrl\":\"https:\\\/\\\/secure.gravatar.com\\\/avatar\\\/8a055ebe6373371f67ac6fcf313c0ac0b0a91157fdcdb9514fa62927373348f0?s=96&d=mm&r=g\",\"caption\":\"Ana Luiza Bonatto\"},\"url\":\"https:\\\/\\\/jornalboasnoticias.com.br\\\/home\\\/author\\\/ana-luiza\\\/\"}]}<\/script>\n<!-- \/ Yoast SEO plugin. -->","yoast_head_json":{"title":"Pol\u00edcia Cient\u00edfica do Paran\u00e1 ganha refor\u00e7o de 16 novos t\u00e9cnicos de per\u00edcia - Jornal","description":"Pol\u00edcia Cient\u00edfica do Paran\u00e1 ganha refor\u00e7o de 16 novos t\u00e9cnicos de per\u00edcia","robots":{"index":"index","follow":"follow","max-snippet":"max-snippet:-1","max-image-preview":"max-image-preview:large","max-video-preview":"max-video-preview:-1"},"canonical":"https:\/\/jornalboasnoticias.com.br\/home\/policia-cientifica-do-parana-ganha-reforco-de-16-novos-tecnicos-de-pericia\/","og_locale":"pt_BR","og_type":"article","og_title":"Pol\u00edcia Cient\u00edfica do Paran\u00e1 ganha refor\u00e7o de 16 novos t\u00e9cnicos de per\u00edcia - Jornal","og_description":"Pol\u00edcia Cient\u00edfica do Paran\u00e1 ganha refor\u00e7o de 16 novos t\u00e9cnicos de per\u00edcia","og_url":"https:\/\/jornalboasnoticias.com.br\/home\/policia-cientifica-do-parana-ganha-reforco-de-16-novos-tecnicos-de-pericia\/","og_site_name":"Jornal","article_publisher":"https:\/\/www.facebook.com\/boasnoticiasjornal","article_published_time":"2024-10-01T16:45:54+00:00","article_modified_time":"2024-10-29T00:47:03+00:00","og_image":[{"width":1280,"height":854,"url":"https:\/\/jornalboasnoticias.com.br\/home\/wp-content\/uploads\/2024\/10\/whatsapp_image_2024-10-01_at_14.49.10.jpg","type":"image\/jpeg"}],"author":"Ana Luiza Bonatto","twitter_card":"summary_large_image","twitter_misc":{"Escrito por":"Ana Luiza Bonatto","Est. tempo de leitura":"2 minutos"},"schema":{"@context":"https:\/\/schema.org","@graph":[{"@type":"Article","@id":"https:\/\/jornalboasnoticias.com.br\/home\/policia-cientifica-do-parana-ganha-reforco-de-16-novos-tecnicos-de-pericia\/#article","isPartOf":{"@id":"https:\/\/jornalboasnoticias.com.br\/home\/policia-cientifica-do-parana-ganha-reforco-de-16-novos-tecnicos-de-pericia\/"},"author":{"name":"Ana Luiza Bonatto","@id":"https:\/\/jornalboasnoticias.com.br\/home\/#\/schema\/person\/d641193e0afc6405b390164dac847971"},"headline":"Pol\u00edcia Cient\u00edfica do Paran\u00e1 ganha refor\u00e7o de 16 novos t\u00e9cnicos de per\u00edcia","datePublished":"2024-10-01T16:45:54+00:00","dateModified":"2024-10-29T00:47:03+00:00","mainEntityOfPage":{"@id":"https:\/\/jornalboasnoticias.com.br\/home\/policia-cientifica-do-parana-ganha-reforco-de-16-novos-tecnicos-de-pericia\/"},"wordCount":279,"commentCount":0,"publisher":{"@id":"https:\/\/jornalboasnoticias.com.br\/home\/#organization"},"image":{"@id":"https:\/\/jornalboasnoticias.com.br\/home\/policia-cientifica-do-parana-ganha-reforco-de-16-novos-tecnicos-de-pericia\/#primaryimage"},"thumbnailUrl":"https:\/\/jornalboasnoticias.com.br\/home\/wp-content\/uploads\/2024\/10\/whatsapp_image_2024-10-01_at_14.49.10.jpg","articleSection":["PARAN\u00c1"],"inLanguage":"pt-BR","potentialAction":[{"@type":"CommentAction","name":"Comment","target":["https:\/\/jornalboasnoticias.com.br\/home\/policia-cientifica-do-parana-ganha-reforco-de-16-novos-tecnicos-de-pericia\/#respond"]}]},{"@type":"WebPage","@id":"https:\/\/jornalboasnoticias.com.br\/home\/policia-cientifica-do-parana-ganha-reforco-de-16-novos-tecnicos-de-pericia\/","url":"https:\/\/jornalboasnoticias.com.br\/home\/policia-cientifica-do-parana-ganha-reforco-de-16-novos-tecnicos-de-pericia\/","name":"Pol\u00edcia Cient\u00edfica do Paran\u00e1 ganha refor\u00e7o de 16 novos t\u00e9cnicos de per\u00edcia - Jornal","isPartOf":{"@id":"https:\/\/jornalboasnoticias.com.br\/home\/#website"},"primaryImageOfPage":{"@id":"https:\/\/jornalboasnoticias.com.br\/home\/policia-cientifica-do-parana-ganha-reforco-de-16-novos-tecnicos-de-pericia\/#primaryimage"},"image":{"@id":"https:\/\/jornalboasnoticias.com.br\/home\/policia-cientifica-do-parana-ganha-reforco-de-16-novos-tecnicos-de-pericia\/#primaryimage"},"thumbnailUrl":"https:\/\/jornalboasnoticias.com.br\/home\/wp-content\/uploads\/2024\/10\/whatsapp_image_2024-10-01_at_14.49.10.jpg","datePublished":"2024-10-01T16:45:54+00:00","dateModified":"2024-10-29T00:47:03+00:00","description":"Pol\u00edcia Cient\u00edfica do Paran\u00e1 ganha refor\u00e7o de 16 novos t\u00e9cnicos de per\u00edcia","breadcrumb":{"@id":"https:\/\/jornalboasnoticias.com.br\/home\/policia-cientifica-do-parana-ganha-reforco-de-16-novos-tecnicos-de-pericia\/#breadcrumb"},"inLanguage":"pt-BR","potentialAction":[{"@type":"ReadAction","target":["https:\/\/jornalboasnoticias.com.br\/home\/policia-cientifica-do-parana-ganha-reforco-de-16-novos-tecnicos-de-pericia\/"]}]},{"@type":"ImageObject","inLanguage":"pt-BR","@id":"https:\/\/jornalboasnoticias.com.br\/home\/policia-cientifica-do-parana-ganha-reforco-de-16-novos-tecnicos-de-pericia\/#primaryimage","url":"https:\/\/jornalboasnoticias.com.br\/home\/wp-content\/uploads\/2024\/10\/whatsapp_image_2024-10-01_at_14.49.10.jpg","contentUrl":"https:\/\/jornalboasnoticias.com.br\/home\/wp-content\/uploads\/2024\/10\/whatsapp_image_2024-10-01_at_14.49.10.jpg","width":1280,"height":854,"caption":"Foto: Pol\u00edcia Cient\u00edfica do Paran\u00e1"},{"@type":"BreadcrumbList","@id":"https:\/\/jornalboasnoticias.com.br\/home\/policia-cientifica-do-parana-ganha-reforco-de-16-novos-tecnicos-de-pericia\/#breadcrumb","itemListElement":[{"@type":"ListItem","position":1,"name":"In\u00edcio","item":"https:\/\/jornalboasnoticias.com.br\/home\/"},{"@type":"ListItem","position":2,"name":"Pol\u00edcia Cient\u00edfica do Paran\u00e1 ganha refor\u00e7o de 16 novos t\u00e9cnicos de per\u00edcia"}]},{"@type":"WebSite","@id":"https:\/\/jornalboasnoticias.com.br\/home\/#website","url":"https:\/\/jornalboasnoticias.com.br\/home\/","name":"Jornal Boas Not\u00edcias","description":"Boas not\u00edcias","publisher":{"@id":"https:\/\/jornalboasnoticias.com.br\/home\/#organization"},"potentialAction":[{"@type":"SearchAction","target":{"@type":"EntryPoint","urlTemplate":"https:\/\/jornalboasnoticias.com.br\/home\/?s={search_term_string}"},"query-input":{"@type":"PropertyValueSpecification","valueRequired":true,"valueName":"search_term_string"}}],"inLanguage":"pt-BR"},{"@type":"Organization","@id":"https:\/\/jornalboasnoticias.com.br\/home\/#organization","name":"Coq Editora Ltda","alternateName":"Jornal Boas Noticias","url":"https:\/\/jornalboasnoticias.com.br\/home\/","logo":{"@type":"ImageObject","inLanguage":"pt-BR","@id":"https:\/\/jornalboasnoticias.com.br\/home\/#\/schema\/logo\/image\/","url":"https:\/\/jornalboasnoticias.com.br\/home\/wp-content\/uploads\/2024\/07\/cropped-logo.jpg","contentUrl":"https:\/\/jornalboasnoticias.com.br\/home\/wp-content\/uploads\/2024\/07\/cropped-logo.jpg","width":290,"height":142,"caption":"Coq Editora Ltda"},"image":{"@id":"https:\/\/jornalboasnoticias.com.br\/home\/#\/schema\/logo\/image\/"},"sameAs":["https:\/\/www.facebook.com\/boasnoticiasjornal"]},{"@type":"Person","@id":"https:\/\/jornalboasnoticias.com.br\/home\/#\/schema\/person\/d641193e0afc6405b390164dac847971","name":"Ana Luiza Bonatto","image":{"@type":"ImageObject","inLanguage":"pt-BR","@id":"https:\/\/secure.gravatar.com\/avatar\/8a055ebe6373371f67ac6fcf313c0ac0b0a91157fdcdb9514fa62927373348f0?s=96&d=mm&r=g","url":"https:\/\/secure.gravatar.com\/avatar\/8a055ebe6373371f67ac6fcf313c0ac0b0a91157fdcdb9514fa62927373348f0?s=96&d=mm&r=g","contentUrl":"https:\/\/secure.gravatar.com\/avatar\/8a055ebe6373371f67ac6fcf313c0ac0b0a91157fdcdb9514fa62927373348f0?s=96&d=mm&r=g","caption":"Ana Luiza Bonatto"},"url":"https:\/\/jornalboasnoticias.com.br\/home\/author\/ana-luiza\/"}]}},"_links":{"self":[{"href":"https:\/\/jornalboasnoticias.com.br\/home\/wp-json\/wp\/v2\/posts\/44808","targetHints":{"allow":["GET"]}}],"collection":[{"href":"https:\/\/jornalboasnoticias.com.br\/home\/wp-json\/wp\/v2\/posts"}],"about":[{"href":"https:\/\/jornalboasnoticias.com.br\/home\/wp-json\/wp\/v2\/types\/post"}],"author":[{"embeddable":true,"href":"https:\/\/jornalboasnoticias.com.br\/home\/wp-json\/wp\/v2\/users\/4"}],"replies":[{"embeddable":true,"href":"https:\/\/jornalboasnoticias.com.br\/home\/wp-json\/wp\/v2\/comments?post=44808"}],"version-history":[{"count":1,"href":"https:\/\/jornalboasnoticias.com.br\/home\/wp-json\/wp\/v2\/posts\/44808\/revisions"}],"predecessor-version":[{"id":44810,"href":"https:\/\/jornalboasnoticias.com.br\/home\/wp-json\/wp\/v2\/posts\/44808\/revisions\/44810"}],"wp:attachment":[{"href":"https:\/\/jornalboasnoticias.com.br\/home\/wp-json\/wp\/v2\/media?parent=44808"}],"wp:term":[{"taxonomy":"category","embeddable":true,"href":"https:\/\/jornalboasnoticias.com.br\/home\/wp-json\/wp\/v2\/categories?post=44808"},{"taxonomy":"post_tag","embeddable":true,"href":"https:\/\/jornalboasnoticias.com.br\/home\/wp-json\/wp\/v2\/tags?post=44808"}],"curies":[{"name":"wp","href":"https:\/\/api.w.org\/{rel}","templated":true}]}}