{"id":44805,"date":"2024-10-01T16:43:29","date_gmt":"2024-10-01T16:43:29","guid":{"rendered":"https:\/\/jornalboasnoticias.com.br\/home\/?p=44805"},"modified":"2024-10-29T00:45:15","modified_gmt":"2024-10-29T00:45:15","slug":"capacitacao-de-600-brigadistas-para-combate-a-incendios-comeca-na-proxima-terca","status":"publish","type":"post","link":"https:\/\/jornalboasnoticias.com.br\/home\/capacitacao-de-600-brigadistas-para-combate-a-incendios-comeca-na-proxima-terca\/","title":{"rendered":"Capacita\u00e7\u00e3o de 600 brigadistas para combate a inc\u00eandios come\u00e7a na pr\u00f3xima ter\u00e7a"},"content":{"rendered":"<div class=\"not-escopo-destaque\">\n<div>\n<figure id=\"attachment_44806\" aria-describedby=\"caption-attachment-44806\" style=\"width: 2560px\" class=\"wp-caption alignnone\"><img loading=\"lazy\" decoding=\"async\" class=\"size-full wp-image-44806\" src=\"https:\/\/jornalboasnoticias.com.br\/home\/wp-content\/uploads\/2024\/10\/20240910_agb_incendios_florestais-2_1-scaled.jpg\" alt=\"\" width=\"2560\" height=\"1707\" srcset=\"https:\/\/jornalboasnoticias.com.br\/home\/wp-content\/uploads\/2024\/10\/20240910_agb_incendios_florestais-2_1-scaled.jpg 2560w, https:\/\/jornalboasnoticias.com.br\/home\/wp-content\/uploads\/2024\/10\/20240910_agb_incendios_florestais-2_1-300x200.jpg 300w, https:\/\/jornalboasnoticias.com.br\/home\/wp-content\/uploads\/2024\/10\/20240910_agb_incendios_florestais-2_1-1024x683.jpg 1024w, https:\/\/jornalboasnoticias.com.br\/home\/wp-content\/uploads\/2024\/10\/20240910_agb_incendios_florestais-2_1-768x512.jpg 768w, https:\/\/jornalboasnoticias.com.br\/home\/wp-content\/uploads\/2024\/10\/20240910_agb_incendios_florestais-2_1-1536x1024.jpg 1536w, https:\/\/jornalboasnoticias.com.br\/home\/wp-content\/uploads\/2024\/10\/20240910_agb_incendios_florestais-2_1-2048x1365.jpg 2048w, https:\/\/jornalboasnoticias.com.br\/home\/wp-content\/uploads\/2024\/10\/20240910_agb_incendios_florestais-2_1-900x600.jpg 900w\" sizes=\"auto, (max-width: 2560px) 100vw, 2560px\" \/><figcaption id=\"caption-attachment-44806\" class=\"wp-caption-text\">Foto: Geraldo Bubniak\/AEN<\/figcaption><\/figure>\n<\/div>\n<blockquote>\n<div class=\"field field--name-field-escopo-destaque field--type-string-long field--label-hidden field--item\">Capacita\u00e7\u00e3o da For\u00e7a-Tarefa de Combate a Queimadas vai formar servidores de 100 munic\u00edpios que possuem ou est\u00e3o localizados no entorno de Unidades de Conserva\u00e7\u00e3o (UCs). As primeiras capacita\u00e7\u00f5es ser\u00e3o nas Coordenadorias Regionais de Prote\u00e7\u00e3o e Defesa Civil (Corpedec) de Umuarama, Paranava\u00ed e Santo Ant\u00f4nio da Platina.<\/div>\n<\/blockquote>\n<\/div>\n<div>\n<div class=\"row\">\n<div class=\"col-sm-8 col-md-offset-1 bloco-central\">\n<article class=\"node node--type-noticia node--promoted node--view-mode-full clearfix\" role=\"article\" data-history-node-id=\"69044\">\n<div class=\"node__content clearfix\">\n<div class=\"field field--name-field-texto field--type-text-long field--label-hidden field--item\">\n<p>Est\u00e1 previsto para a pr\u00f3xima ter\u00e7a-feira (8) o in\u00edcio do treinamento que vai formar 600 novos brigadistas para atuar em casos de inc\u00eandios florestais no Paran\u00e1. A For\u00e7a-Tarefa de Combate a Queimadas vai formar servidores de 100 munic\u00edpios que possuem ou est\u00e3o localizados no entorno de Unidades de Conserva\u00e7\u00e3o (UCs).<\/p>\n<p>A a\u00e7\u00e3o integra\u00a0o investimentos de R$ 24 milh\u00f5es do Governo do Paran\u00e1\u00a0em a\u00e7\u00f5es de preven\u00e7\u00e3o e combate a inc\u00eandios. Desde o come\u00e7o de setembro, o Estado est\u00e1 em\u00a0situa\u00e7\u00e3o de emerg\u00eancia\u00a0decretada pelo governador Carlos Massa Ratinho Junior por causa da estiagem que atinge todo o Paran\u00e1.<\/p>\n<p>As primeiras capacita\u00e7\u00f5es ser\u00e3o nas Coordenadorias Regionais de Prote\u00e7\u00e3o e Defesa Civil (Corpedec) de Umuarama, Paranava\u00ed e Santo Ant\u00f4nio da Platina. Os tr\u00eas polos v\u00e3o concentrar as atividades de forma\u00e7\u00e3o dos seguintes munic\u00edpios: S\u00e3o Jorge do Patroc\u00ednio, Alto Para\u00edso. Ivat\u00e9, Ipor\u00e3, Jacarezinho, Quatigu\u00e1, Ribeir\u00e3o Claro, Guapirama, S\u00e3o Jos\u00e9 da Boa Vista, Amapor\u00e3, Diamante do Norte, Terra Rica e Porto Rico.<\/p>\n<p>Segundo o coordenador Estadual da Defesa Civil, coronel Fernando Sch\u00fcnig, estes 13 munic\u00edpios foram definidos como prioridade no estado devido ao grande n\u00famero de ocorr\u00eancias. \u201cTodos j\u00e1 indicaram os nomes dos servidores e na pr\u00f3xima semana vamos come\u00e7ar um treinamento b\u00e1sico para a\u00e7\u00f5es de apoio e resposta a queimadas nestes locais\u201d, destaca. \u201cParticipam seis servidores por munic\u00edpio, todos v\u00e3o receber o material para trabalhar e ao final v\u00e3o estar aptos para atuar no primeiro combate at\u00e9 a chegada do Corpo de Bombeiros mais pr\u00f3ximo\u201d.<\/p>\n<p><strong>CONTE\u00daDO TE\u00d3RICO E PR\u00c1TICO<\/strong>\u00a0\u2013 Cada grupo \u00e9 composto por 30 participantes que v\u00e3o cumprir 16 horas de aulas te\u00f3ricas e pr\u00e1ticas. O curso \u00e9 realizado em parceria entre a Defesa Civil Estadual, Corpo de Bombeiros Militar do Paran\u00e1 (CBMPR) e o Servi\u00e7o Nacional de Aprendizagem Rural (Senar). O conte\u00fado foi adaptado a partir do curso ministrado pelo Programa de Preven\u00e7\u00e3o de Inc\u00eandios da Natureza (Previna), do Governo do Paran\u00e1.<\/p>\n<p>Ser\u00e3o repassadas no\u00e7\u00f5es sobre preven\u00e7\u00e3o e teoria de propaga\u00e7\u00e3o do fogo em florestas, al\u00e9m de t\u00e9cnicas e t\u00e1ticas para o combate a inc\u00eandios florestais e ambientais. Cada participante vai receber um kit com equipamentos de prote\u00e7\u00e3o individual (EPI).<\/p>\n<p>\u201cTodos eles v\u00e3o receber capacete, \u00f3culos, luvas e bandana, al\u00e9m das ferramentas necess\u00e1rias para o trabalho como abafadores, sopradores e ferramentas para fazer aceiros\u201d, detalha o coordenador.<\/p>\n<p>O governo vai fornecer ainda para cada munic\u00edpio um kit pic-up, equipamento com bomba e reservat\u00f3rio com capacidade para 400 litros de \u00e1gua que pode ser usado na carroceria de caminhonetes para o combate direto em locais de dif\u00edcil acesso.<\/p>\n<p>A capacita\u00e7\u00e3o \u00e9 parte de uma estrat\u00e9gia desenvolvida em conjunto o Corpo de Bombeiros do Paran\u00e1 e a Secretaria do Desenvolvimento Sustent\u00e1vel (Sedest) e a Defesa Civil Estadual para assegurar prote\u00e7\u00e3o \u00e0s mais de 700 Unidades de Conserva\u00e7\u00e3o (UCs), como os parques estaduais, \u00e1reas de prote\u00e7\u00e3o permanente.<\/p>\n<p>\u201cCom a forma\u00e7\u00e3o destes brigadistas vamos cobrir locais onde n\u00e3o h\u00e1 bombeiros militares. Vamos capacitar estas guarni\u00e7\u00f5es para dar uma resposta mais r\u00e1pida. Quando falamos de inc\u00eandio cada minuto \u00e9 importante\u201d, afirma o coronel Fernando.<\/p>\n<p><strong>INC\u00caNDIOS FLORESTAIS\u00a0<\/strong>\u2013\u00a0Neste ano o Paran\u00e1 registrou 12.248 inc\u00eandios florestais. S\u00f3 em setembro foram 2.233 ocorr\u00eancias &#8211; mais do que o dobro das ocorr\u00eancias no mesmo m\u00eas ano passado: 924. A aus\u00eancia de chuva volumosa por longos per\u00edodos associada \u00e0s altas temperaturas fez o n\u00famero de casos disparar.<\/p>\n<p>Na segunda-feira (30),\u00a0duas aeronaves contratadas pelo Governo do Paran\u00e1 foram acionadas\u00a0para\u00a0refor\u00e7ar o combate a inc\u00eandios florestais em Ponta Grossa, nos Campos Gerais. O primeiro acionamento foi feito pelo Corpo de Bombeiros por volta das 14h para conter as chamas numa \u00e1rea de mata \u00e0s margens da BR-376, perto do aut\u00f3dromo da cidade. As pistas da rodovia foram interditadas nos dois sentidos pela Pol\u00edcia Rodovi\u00e1ria Federal (PRF) por causa da espessa coluna de fuma\u00e7a que se formou. As chamas consumiram uma \u00e1rea de 103 hectares de mata nativa.<\/p>\n<p>O segundo acionamento foi realizado \u00e0s 16h20 para conter as chamas que tiveram in\u00edcio numa planta\u00e7\u00e3o de aveia e se alastraram para uma \u00e1rea de reflorestamento no norte do munic\u00edpio, propriedade de uma empresa privada<\/p>\n<p>De acordo com Simepar o m\u00eas de outubro deve manter a tend\u00eancia de tempo quente e seco.<\/p>\n<p>(AEN)<\/p>\n<\/div>\n<\/div>\n<\/article>\n<\/div>\n<\/div>\n<\/div>\n","protected":false},"excerpt":{"rendered":"<p>Capacita\u00e7\u00e3o da For\u00e7a-Tarefa de Combate a Queimadas vai formar servidores de 100 munic\u00edpios que possuem<\/p>\n","protected":false},"author":4,"featured_media":44806,"comment_status":"open","ping_status":"open","sticky":false,"template":"","format":"standard","meta":{"footnotes":""},"categories":[3,4],"tags":[],"class_list":["post-44805","post","type-post","status-publish","format-standard","has-post-thumbnail","hentry","category-destaques","category-parana"],"yoast_head":"<!-- This site is optimized with the Yoast SEO plugin v27.5 - https:\/\/yoast.com\/product\/yoast-seo-wordpress\/ -->\n<title>Capacita\u00e7\u00e3o de 600 brigadistas para combate a inc\u00eandios come\u00e7a na pr\u00f3xima ter\u00e7a - Jornal<\/title>\n<meta name=\"description\" content=\"Capacita\u00e7\u00e3o de 600 brigadistas para combate a inc\u00eandios come\u00e7a na pr\u00f3xima ter\u00e7a\" \/>\n<meta name=\"robots\" content=\"index, follow, max-snippet:-1, max-image-preview:large, max-video-preview:-1\" \/>\n<link rel=\"canonical\" href=\"https:\/\/jornalboasnoticias.com.br\/home\/capacitacao-de-600-brigadistas-para-combate-a-incendios-comeca-na-proxima-terca\/\" \/>\n<meta property=\"og:locale\" content=\"pt_BR\" \/>\n<meta property=\"og:type\" content=\"article\" \/>\n<meta property=\"og:title\" content=\"Capacita\u00e7\u00e3o de 600 brigadistas para combate a inc\u00eandios come\u00e7a na pr\u00f3xima ter\u00e7a - Jornal\" \/>\n<meta property=\"og:description\" content=\"Capacita\u00e7\u00e3o de 600 brigadistas para combate a inc\u00eandios come\u00e7a na pr\u00f3xima ter\u00e7a\" \/>\n<meta property=\"og:url\" content=\"https:\/\/jornalboasnoticias.com.br\/home\/capacitacao-de-600-brigadistas-para-combate-a-incendios-comeca-na-proxima-terca\/\" \/>\n<meta property=\"og:site_name\" content=\"Jornal\" \/>\n<meta property=\"article:publisher\" content=\"https:\/\/www.facebook.com\/boasnoticiasjornal\" \/>\n<meta property=\"article:published_time\" content=\"2024-10-01T16:43:29+00:00\" \/>\n<meta property=\"article:modified_time\" content=\"2024-10-29T00:45:15+00:00\" \/>\n<meta property=\"og:image\" content=\"https:\/\/jornalboasnoticias.com.br\/home\/wp-content\/uploads\/2024\/10\/20240910_agb_incendios_florestais-2_1-scaled.jpg\" \/>\n\t<meta property=\"og:image:width\" content=\"2560\" \/>\n\t<meta property=\"og:image:height\" content=\"1707\" \/>\n\t<meta property=\"og:image:type\" content=\"image\/jpeg\" \/>\n<meta name=\"author\" content=\"Ana Luiza Bonatto\" \/>\n<meta name=\"twitter:card\" content=\"summary_large_image\" \/>\n<meta name=\"twitter:label1\" content=\"Escrito por\" \/>\n\t<meta name=\"twitter:data1\" content=\"Ana Luiza Bonatto\" \/>\n\t<meta name=\"twitter:label2\" content=\"Est. tempo de leitura\" \/>\n\t<meta name=\"twitter:data2\" content=\"5 minutos\" \/>\n<script type=\"application\/ld+json\" class=\"yoast-schema-graph\">{\"@context\":\"https:\\\/\\\/schema.org\",\"@graph\":[{\"@type\":\"Article\",\"@id\":\"https:\\\/\\\/jornalboasnoticias.com.br\\\/home\\\/capacitacao-de-600-brigadistas-para-combate-a-incendios-comeca-na-proxima-terca\\\/#article\",\"isPartOf\":{\"@id\":\"https:\\\/\\\/jornalboasnoticias.com.br\\\/home\\\/capacitacao-de-600-brigadistas-para-combate-a-incendios-comeca-na-proxima-terca\\\/\"},\"author\":{\"name\":\"Ana Luiza Bonatto\",\"@id\":\"https:\\\/\\\/jornalboasnoticias.com.br\\\/home\\\/#\\\/schema\\\/person\\\/d641193e0afc6405b390164dac847971\"},\"headline\":\"Capacita\u00e7\u00e3o de 600 brigadistas para combate a inc\u00eandios come\u00e7a na pr\u00f3xima ter\u00e7a\",\"datePublished\":\"2024-10-01T16:43:29+00:00\",\"dateModified\":\"2024-10-29T00:45:15+00:00\",\"mainEntityOfPage\":{\"@id\":\"https:\\\/\\\/jornalboasnoticias.com.br\\\/home\\\/capacitacao-de-600-brigadistas-para-combate-a-incendios-comeca-na-proxima-terca\\\/\"},\"wordCount\":849,\"commentCount\":0,\"publisher\":{\"@id\":\"https:\\\/\\\/jornalboasnoticias.com.br\\\/home\\\/#organization\"},\"image\":{\"@id\":\"https:\\\/\\\/jornalboasnoticias.com.br\\\/home\\\/capacitacao-de-600-brigadistas-para-combate-a-incendios-comeca-na-proxima-terca\\\/#primaryimage\"},\"thumbnailUrl\":\"https:\\\/\\\/jornalboasnoticias.com.br\\\/home\\\/wp-content\\\/uploads\\\/2024\\\/10\\\/20240910_agb_incendios_florestais-2_1-scaled.jpg\",\"articleSection\":[\"DESTAQUE\",\"PARAN\u00c1\"],\"inLanguage\":\"pt-BR\",\"potentialAction\":[{\"@type\":\"CommentAction\",\"name\":\"Comment\",\"target\":[\"https:\\\/\\\/jornalboasnoticias.com.br\\\/home\\\/capacitacao-de-600-brigadistas-para-combate-a-incendios-comeca-na-proxima-terca\\\/#respond\"]}]},{\"@type\":\"WebPage\",\"@id\":\"https:\\\/\\\/jornalboasnoticias.com.br\\\/home\\\/capacitacao-de-600-brigadistas-para-combate-a-incendios-comeca-na-proxima-terca\\\/\",\"url\":\"https:\\\/\\\/jornalboasnoticias.com.br\\\/home\\\/capacitacao-de-600-brigadistas-para-combate-a-incendios-comeca-na-proxima-terca\\\/\",\"name\":\"Capacita\u00e7\u00e3o de 600 brigadistas para combate a inc\u00eandios come\u00e7a na pr\u00f3xima ter\u00e7a - Jornal\",\"isPartOf\":{\"@id\":\"https:\\\/\\\/jornalboasnoticias.com.br\\\/home\\\/#website\"},\"primaryImageOfPage\":{\"@id\":\"https:\\\/\\\/jornalboasnoticias.com.br\\\/home\\\/capacitacao-de-600-brigadistas-para-combate-a-incendios-comeca-na-proxima-terca\\\/#primaryimage\"},\"image\":{\"@id\":\"https:\\\/\\\/jornalboasnoticias.com.br\\\/home\\\/capacitacao-de-600-brigadistas-para-combate-a-incendios-comeca-na-proxima-terca\\\/#primaryimage\"},\"thumbnailUrl\":\"https:\\\/\\\/jornalboasnoticias.com.br\\\/home\\\/wp-content\\\/uploads\\\/2024\\\/10\\\/20240910_agb_incendios_florestais-2_1-scaled.jpg\",\"datePublished\":\"2024-10-01T16:43:29+00:00\",\"dateModified\":\"2024-10-29T00:45:15+00:00\",\"description\":\"Capacita\u00e7\u00e3o de 600 brigadistas para combate a inc\u00eandios come\u00e7a na pr\u00f3xima ter\u00e7a\",\"breadcrumb\":{\"@id\":\"https:\\\/\\\/jornalboasnoticias.com.br\\\/home\\\/capacitacao-de-600-brigadistas-para-combate-a-incendios-comeca-na-proxima-terca\\\/#breadcrumb\"},\"inLanguage\":\"pt-BR\",\"potentialAction\":[{\"@type\":\"ReadAction\",\"target\":[\"https:\\\/\\\/jornalboasnoticias.com.br\\\/home\\\/capacitacao-de-600-brigadistas-para-combate-a-incendios-comeca-na-proxima-terca\\\/\"]}]},{\"@type\":\"ImageObject\",\"inLanguage\":\"pt-BR\",\"@id\":\"https:\\\/\\\/jornalboasnoticias.com.br\\\/home\\\/capacitacao-de-600-brigadistas-para-combate-a-incendios-comeca-na-proxima-terca\\\/#primaryimage\",\"url\":\"https:\\\/\\\/jornalboasnoticias.com.br\\\/home\\\/wp-content\\\/uploads\\\/2024\\\/10\\\/20240910_agb_incendios_florestais-2_1-scaled.jpg\",\"contentUrl\":\"https:\\\/\\\/jornalboasnoticias.com.br\\\/home\\\/wp-content\\\/uploads\\\/2024\\\/10\\\/20240910_agb_incendios_florestais-2_1-scaled.jpg\",\"width\":2560,\"height\":1707,\"caption\":\"Foto: Geraldo Bubniak\\\/AEN\"},{\"@type\":\"BreadcrumbList\",\"@id\":\"https:\\\/\\\/jornalboasnoticias.com.br\\\/home\\\/capacitacao-de-600-brigadistas-para-combate-a-incendios-comeca-na-proxima-terca\\\/#breadcrumb\",\"itemListElement\":[{\"@type\":\"ListItem\",\"position\":1,\"name\":\"In\u00edcio\",\"item\":\"https:\\\/\\\/jornalboasnoticias.com.br\\\/home\\\/\"},{\"@type\":\"ListItem\",\"position\":2,\"name\":\"Capacita\u00e7\u00e3o de 600 brigadistas para combate a inc\u00eandios come\u00e7a na pr\u00f3xima ter\u00e7a\"}]},{\"@type\":\"WebSite\",\"@id\":\"https:\\\/\\\/jornalboasnoticias.com.br\\\/home\\\/#website\",\"url\":\"https:\\\/\\\/jornalboasnoticias.com.br\\\/home\\\/\",\"name\":\"Jornal Boas Not\u00edcias\",\"description\":\"Boas not\u00edcias\",\"publisher\":{\"@id\":\"https:\\\/\\\/jornalboasnoticias.com.br\\\/home\\\/#organization\"},\"potentialAction\":[{\"@type\":\"SearchAction\",\"target\":{\"@type\":\"EntryPoint\",\"urlTemplate\":\"https:\\\/\\\/jornalboasnoticias.com.br\\\/home\\\/?s={search_term_string}\"},\"query-input\":{\"@type\":\"PropertyValueSpecification\",\"valueRequired\":true,\"valueName\":\"search_term_string\"}}],\"inLanguage\":\"pt-BR\"},{\"@type\":\"Organization\",\"@id\":\"https:\\\/\\\/jornalboasnoticias.com.br\\\/home\\\/#organization\",\"name\":\"Coq Editora Ltda\",\"alternateName\":\"Jornal Boas Noticias\",\"url\":\"https:\\\/\\\/jornalboasnoticias.com.br\\\/home\\\/\",\"logo\":{\"@type\":\"ImageObject\",\"inLanguage\":\"pt-BR\",\"@id\":\"https:\\\/\\\/jornalboasnoticias.com.br\\\/home\\\/#\\\/schema\\\/logo\\\/image\\\/\",\"url\":\"https:\\\/\\\/jornalboasnoticias.com.br\\\/home\\\/wp-content\\\/uploads\\\/2024\\\/07\\\/cropped-logo.jpg\",\"contentUrl\":\"https:\\\/\\\/jornalboasnoticias.com.br\\\/home\\\/wp-content\\\/uploads\\\/2024\\\/07\\\/cropped-logo.jpg\",\"width\":290,\"height\":142,\"caption\":\"Coq Editora Ltda\"},\"image\":{\"@id\":\"https:\\\/\\\/jornalboasnoticias.com.br\\\/home\\\/#\\\/schema\\\/logo\\\/image\\\/\"},\"sameAs\":[\"https:\\\/\\\/www.facebook.com\\\/boasnoticiasjornal\"]},{\"@type\":\"Person\",\"@id\":\"https:\\\/\\\/jornalboasnoticias.com.br\\\/home\\\/#\\\/schema\\\/person\\\/d641193e0afc6405b390164dac847971\",\"name\":\"Ana Luiza Bonatto\",\"image\":{\"@type\":\"ImageObject\",\"inLanguage\":\"pt-BR\",\"@id\":\"https:\\\/\\\/secure.gravatar.com\\\/avatar\\\/8a055ebe6373371f67ac6fcf313c0ac0b0a91157fdcdb9514fa62927373348f0?s=96&d=mm&r=g\",\"url\":\"https:\\\/\\\/secure.gravatar.com\\\/avatar\\\/8a055ebe6373371f67ac6fcf313c0ac0b0a91157fdcdb9514fa62927373348f0?s=96&d=mm&r=g\",\"contentUrl\":\"https:\\\/\\\/secure.gravatar.com\\\/avatar\\\/8a055ebe6373371f67ac6fcf313c0ac0b0a91157fdcdb9514fa62927373348f0?s=96&d=mm&r=g\",\"caption\":\"Ana Luiza Bonatto\"},\"url\":\"https:\\\/\\\/jornalboasnoticias.com.br\\\/home\\\/author\\\/ana-luiza\\\/\"}]}<\/script>\n<!-- \/ Yoast SEO plugin. -->","yoast_head_json":{"title":"Capacita\u00e7\u00e3o de 600 brigadistas para combate a inc\u00eandios come\u00e7a na pr\u00f3xima ter\u00e7a - Jornal","description":"Capacita\u00e7\u00e3o de 600 brigadistas para combate a inc\u00eandios come\u00e7a na pr\u00f3xima ter\u00e7a","robots":{"index":"index","follow":"follow","max-snippet":"max-snippet:-1","max-image-preview":"max-image-preview:large","max-video-preview":"max-video-preview:-1"},"canonical":"https:\/\/jornalboasnoticias.com.br\/home\/capacitacao-de-600-brigadistas-para-combate-a-incendios-comeca-na-proxima-terca\/","og_locale":"pt_BR","og_type":"article","og_title":"Capacita\u00e7\u00e3o de 600 brigadistas para combate a inc\u00eandios come\u00e7a na pr\u00f3xima ter\u00e7a - Jornal","og_description":"Capacita\u00e7\u00e3o de 600 brigadistas para combate a inc\u00eandios come\u00e7a na pr\u00f3xima ter\u00e7a","og_url":"https:\/\/jornalboasnoticias.com.br\/home\/capacitacao-de-600-brigadistas-para-combate-a-incendios-comeca-na-proxima-terca\/","og_site_name":"Jornal","article_publisher":"https:\/\/www.facebook.com\/boasnoticiasjornal","article_published_time":"2024-10-01T16:43:29+00:00","article_modified_time":"2024-10-29T00:45:15+00:00","og_image":[{"width":2560,"height":1707,"url":"https:\/\/jornalboasnoticias.com.br\/home\/wp-content\/uploads\/2024\/10\/20240910_agb_incendios_florestais-2_1-scaled.jpg","type":"image\/jpeg"}],"author":"Ana Luiza Bonatto","twitter_card":"summary_large_image","twitter_misc":{"Escrito por":"Ana Luiza Bonatto","Est. tempo de leitura":"5 minutos"},"schema":{"@context":"https:\/\/schema.org","@graph":[{"@type":"Article","@id":"https:\/\/jornalboasnoticias.com.br\/home\/capacitacao-de-600-brigadistas-para-combate-a-incendios-comeca-na-proxima-terca\/#article","isPartOf":{"@id":"https:\/\/jornalboasnoticias.com.br\/home\/capacitacao-de-600-brigadistas-para-combate-a-incendios-comeca-na-proxima-terca\/"},"author":{"name":"Ana Luiza Bonatto","@id":"https:\/\/jornalboasnoticias.com.br\/home\/#\/schema\/person\/d641193e0afc6405b390164dac847971"},"headline":"Capacita\u00e7\u00e3o de 600 brigadistas para combate a inc\u00eandios come\u00e7a na pr\u00f3xima ter\u00e7a","datePublished":"2024-10-01T16:43:29+00:00","dateModified":"2024-10-29T00:45:15+00:00","mainEntityOfPage":{"@id":"https:\/\/jornalboasnoticias.com.br\/home\/capacitacao-de-600-brigadistas-para-combate-a-incendios-comeca-na-proxima-terca\/"},"wordCount":849,"commentCount":0,"publisher":{"@id":"https:\/\/jornalboasnoticias.com.br\/home\/#organization"},"image":{"@id":"https:\/\/jornalboasnoticias.com.br\/home\/capacitacao-de-600-brigadistas-para-combate-a-incendios-comeca-na-proxima-terca\/#primaryimage"},"thumbnailUrl":"https:\/\/jornalboasnoticias.com.br\/home\/wp-content\/uploads\/2024\/10\/20240910_agb_incendios_florestais-2_1-scaled.jpg","articleSection":["DESTAQUE","PARAN\u00c1"],"inLanguage":"pt-BR","potentialAction":[{"@type":"CommentAction","name":"Comment","target":["https:\/\/jornalboasnoticias.com.br\/home\/capacitacao-de-600-brigadistas-para-combate-a-incendios-comeca-na-proxima-terca\/#respond"]}]},{"@type":"WebPage","@id":"https:\/\/jornalboasnoticias.com.br\/home\/capacitacao-de-600-brigadistas-para-combate-a-incendios-comeca-na-proxima-terca\/","url":"https:\/\/jornalboasnoticias.com.br\/home\/capacitacao-de-600-brigadistas-para-combate-a-incendios-comeca-na-proxima-terca\/","name":"Capacita\u00e7\u00e3o de 600 brigadistas para combate a inc\u00eandios come\u00e7a na pr\u00f3xima ter\u00e7a - Jornal","isPartOf":{"@id":"https:\/\/jornalboasnoticias.com.br\/home\/#website"},"primaryImageOfPage":{"@id":"https:\/\/jornalboasnoticias.com.br\/home\/capacitacao-de-600-brigadistas-para-combate-a-incendios-comeca-na-proxima-terca\/#primaryimage"},"image":{"@id":"https:\/\/jornalboasnoticias.com.br\/home\/capacitacao-de-600-brigadistas-para-combate-a-incendios-comeca-na-proxima-terca\/#primaryimage"},"thumbnailUrl":"https:\/\/jornalboasnoticias.com.br\/home\/wp-content\/uploads\/2024\/10\/20240910_agb_incendios_florestais-2_1-scaled.jpg","datePublished":"2024-10-01T16:43:29+00:00","dateModified":"2024-10-29T00:45:15+00:00","description":"Capacita\u00e7\u00e3o de 600 brigadistas para combate a inc\u00eandios come\u00e7a na pr\u00f3xima ter\u00e7a","breadcrumb":{"@id":"https:\/\/jornalboasnoticias.com.br\/home\/capacitacao-de-600-brigadistas-para-combate-a-incendios-comeca-na-proxima-terca\/#breadcrumb"},"inLanguage":"pt-BR","potentialAction":[{"@type":"ReadAction","target":["https:\/\/jornalboasnoticias.com.br\/home\/capacitacao-de-600-brigadistas-para-combate-a-incendios-comeca-na-proxima-terca\/"]}]},{"@type":"ImageObject","inLanguage":"pt-BR","@id":"https:\/\/jornalboasnoticias.com.br\/home\/capacitacao-de-600-brigadistas-para-combate-a-incendios-comeca-na-proxima-terca\/#primaryimage","url":"https:\/\/jornalboasnoticias.com.br\/home\/wp-content\/uploads\/2024\/10\/20240910_agb_incendios_florestais-2_1-scaled.jpg","contentUrl":"https:\/\/jornalboasnoticias.com.br\/home\/wp-content\/uploads\/2024\/10\/20240910_agb_incendios_florestais-2_1-scaled.jpg","width":2560,"height":1707,"caption":"Foto: Geraldo Bubniak\/AEN"},{"@type":"BreadcrumbList","@id":"https:\/\/jornalboasnoticias.com.br\/home\/capacitacao-de-600-brigadistas-para-combate-a-incendios-comeca-na-proxima-terca\/#breadcrumb","itemListElement":[{"@type":"ListItem","position":1,"name":"In\u00edcio","item":"https:\/\/jornalboasnoticias.com.br\/home\/"},{"@type":"ListItem","position":2,"name":"Capacita\u00e7\u00e3o de 600 brigadistas para combate a inc\u00eandios come\u00e7a na pr\u00f3xima ter\u00e7a"}]},{"@type":"WebSite","@id":"https:\/\/jornalboasnoticias.com.br\/home\/#website","url":"https:\/\/jornalboasnoticias.com.br\/home\/","name":"Jornal Boas Not\u00edcias","description":"Boas not\u00edcias","publisher":{"@id":"https:\/\/jornalboasnoticias.com.br\/home\/#organization"},"potentialAction":[{"@type":"SearchAction","target":{"@type":"EntryPoint","urlTemplate":"https:\/\/jornalboasnoticias.com.br\/home\/?s={search_term_string}"},"query-input":{"@type":"PropertyValueSpecification","valueRequired":true,"valueName":"search_term_string"}}],"inLanguage":"pt-BR"},{"@type":"Organization","@id":"https:\/\/jornalboasnoticias.com.br\/home\/#organization","name":"Coq Editora Ltda","alternateName":"Jornal Boas Noticias","url":"https:\/\/jornalboasnoticias.com.br\/home\/","logo":{"@type":"ImageObject","inLanguage":"pt-BR","@id":"https:\/\/jornalboasnoticias.com.br\/home\/#\/schema\/logo\/image\/","url":"https:\/\/jornalboasnoticias.com.br\/home\/wp-content\/uploads\/2024\/07\/cropped-logo.jpg","contentUrl":"https:\/\/jornalboasnoticias.com.br\/home\/wp-content\/uploads\/2024\/07\/cropped-logo.jpg","width":290,"height":142,"caption":"Coq Editora Ltda"},"image":{"@id":"https:\/\/jornalboasnoticias.com.br\/home\/#\/schema\/logo\/image\/"},"sameAs":["https:\/\/www.facebook.com\/boasnoticiasjornal"]},{"@type":"Person","@id":"https:\/\/jornalboasnoticias.com.br\/home\/#\/schema\/person\/d641193e0afc6405b390164dac847971","name":"Ana Luiza Bonatto","image":{"@type":"ImageObject","inLanguage":"pt-BR","@id":"https:\/\/secure.gravatar.com\/avatar\/8a055ebe6373371f67ac6fcf313c0ac0b0a91157fdcdb9514fa62927373348f0?s=96&d=mm&r=g","url":"https:\/\/secure.gravatar.com\/avatar\/8a055ebe6373371f67ac6fcf313c0ac0b0a91157fdcdb9514fa62927373348f0?s=96&d=mm&r=g","contentUrl":"https:\/\/secure.gravatar.com\/avatar\/8a055ebe6373371f67ac6fcf313c0ac0b0a91157fdcdb9514fa62927373348f0?s=96&d=mm&r=g","caption":"Ana Luiza Bonatto"},"url":"https:\/\/jornalboasnoticias.com.br\/home\/author\/ana-luiza\/"}]}},"_links":{"self":[{"href":"https:\/\/jornalboasnoticias.com.br\/home\/wp-json\/wp\/v2\/posts\/44805","targetHints":{"allow":["GET"]}}],"collection":[{"href":"https:\/\/jornalboasnoticias.com.br\/home\/wp-json\/wp\/v2\/posts"}],"about":[{"href":"https:\/\/jornalboasnoticias.com.br\/home\/wp-json\/wp\/v2\/types\/post"}],"author":[{"embeddable":true,"href":"https:\/\/jornalboasnoticias.com.br\/home\/wp-json\/wp\/v2\/users\/4"}],"replies":[{"embeddable":true,"href":"https:\/\/jornalboasnoticias.com.br\/home\/wp-json\/wp\/v2\/comments?post=44805"}],"version-history":[{"count":1,"href":"https:\/\/jornalboasnoticias.com.br\/home\/wp-json\/wp\/v2\/posts\/44805\/revisions"}],"predecessor-version":[{"id":44807,"href":"https:\/\/jornalboasnoticias.com.br\/home\/wp-json\/wp\/v2\/posts\/44805\/revisions\/44807"}],"wp:featuredmedia":[{"embeddable":true,"href":"https:\/\/jornalboasnoticias.com.br\/home\/wp-json\/wp\/v2\/media\/44806"}],"wp:attachment":[{"href":"https:\/\/jornalboasnoticias.com.br\/home\/wp-json\/wp\/v2\/media?parent=44805"}],"wp:term":[{"taxonomy":"category","embeddable":true,"href":"https:\/\/jornalboasnoticias.com.br\/home\/wp-json\/wp\/v2\/categories?post=44805"},{"taxonomy":"post_tag","embeddable":true,"href":"https:\/\/jornalboasnoticias.com.br\/home\/wp-json\/wp\/v2\/tags?post=44805"}],"curies":[{"name":"wp","href":"https:\/\/api.w.org\/{rel}","templated":true}]}}