{"id":44585,"date":"2024-10-25T18:47:15","date_gmt":"2024-10-25T18:47:15","guid":{"rendered":"https:\/\/jornalboasnoticias.com.br\/home\/?p=44585"},"modified":"2024-10-25T18:47:15","modified_gmt":"2024-10-25T18:47:15","slug":"tribunal-superior-eleitoral-fara-mais-um-teste-na-urna-eletronica","status":"publish","type":"post","link":"https:\/\/jornalboasnoticias.com.br\/home\/tribunal-superior-eleitoral-fara-mais-um-teste-na-urna-eletronica\/","title":{"rendered":"Tribunal Superior Eleitoral far\u00e1 mais um teste na urna eletr\u00f4nica"},"content":{"rendered":"<div class=\"header-noticia full-width\">\n<div>\n<figure id=\"attachment_44586\" aria-describedby=\"caption-attachment-44586\" style=\"width: 1170px\" class=\"wp-caption alignnone\"><img loading=\"lazy\" decoding=\"async\" class=\"size-full wp-image-44586\" src=\"https:\/\/jornalboasnoticias.com.br\/home\/wp-content\/uploads\/2024\/10\/50429036346_a9271a4327_o.webp\" alt=\"\" width=\"1170\" height=\"700\" srcset=\"https:\/\/jornalboasnoticias.com.br\/home\/wp-content\/uploads\/2024\/10\/50429036346_a9271a4327_o.webp 1170w, https:\/\/jornalboasnoticias.com.br\/home\/wp-content\/uploads\/2024\/10\/50429036346_a9271a4327_o-300x179.webp 300w, https:\/\/jornalboasnoticias.com.br\/home\/wp-content\/uploads\/2024\/10\/50429036346_a9271a4327_o-1024x613.webp 1024w, https:\/\/jornalboasnoticias.com.br\/home\/wp-content\/uploads\/2024\/10\/50429036346_a9271a4327_o-768x459.webp 768w\" sizes=\"auto, (max-width: 1170px) 100vw, 1170px\" \/><figcaption id=\"caption-attachment-44586\" class=\"wp-caption-text\">\u00a9 Antonio Augusto\/Ascom\/TSE<\/figcaption><\/figure>\n<\/div>\n<blockquote>\n<div class=\"linha-fina-noticia\">Meta \u00e9 verificar sistema de recep\u00e7\u00e3o e totaliza\u00e7\u00e3o dos votos<\/div>\n<\/blockquote>\n<\/div>\n<p>O Tribunal Superior Eleitoral (TSE) testar\u00e1 mais uma vez a integridade dos sistemas usados na urna eletr\u00f4nica para a recep\u00e7\u00e3o e totaliza\u00e7\u00e3o dos votos, visando dar ainda mais credibilidade ao equipamento que ser\u00e1 utilizado no segundo turno das elei\u00e7\u00f5es municipais de 2024.<img decoding=\"async\" src=\"https:\/\/agenciabrasil.ebc.com.br\/ebc.png?id=1616925&amp;o=node\" \/><img decoding=\"async\" src=\"https:\/\/agenciabrasil.ebc.com.br\/ebc.gif?id=1616925&amp;o=node\" \/><\/p>\n<p>O teste de autenticidade e integridade dos sistemas eleitorais ser\u00e1 feito neste s\u00e1bado (26), v\u00e9spera do pleito, a partir das 12h pelas entidades que foram legitimadas para participar desse processo de fiscaliza\u00e7\u00e3o eleitoral, com o objetivo de atestar que o sistema n\u00e3o sofreu modifica\u00e7\u00e3o.<\/p>\n<p>\u201c\u00c9 a Cerim\u00f4nia de Verifica\u00e7\u00e3o da Integridade e Autenticidade dos Sistemas Eleitorais, mais uma oportunidade de auditoria e fiscaliza\u00e7\u00e3o que ressalta a transpar\u00eancia e a confiabilidade do sistema eletr\u00f4nico de vota\u00e7\u00e3o\u201d, justificou o TSE.<\/p>\n<p>A fiscaliza\u00e7\u00e3o ser\u00e1 na sede do TSE, em Bras\u00edlia. \u201cAs institui\u00e7\u00f5es participantes poder\u00e3o verificar se o sistema de totaliza\u00e7\u00e3o \u00e9 o mesmo que foi assinado digitalmente pelas pr\u00f3prias entidades fiscalizadoras na cerim\u00f4nia de assinatura digital e lacra\u00e7\u00e3o dos sistemas eleitorais, conclu\u00edda no dia 10 de setembro deste ano\u201d, detalhou o tribunal.<\/p>\n<p><strong><em>(Ag\u00eancia Brasil)<\/em><\/strong><\/p>\n","protected":false},"excerpt":{"rendered":"<p>Meta \u00e9 verificar sistema de recep\u00e7\u00e3o e totaliza\u00e7\u00e3o dos votos O Tribunal Superior Eleitoral (TSE)<\/p>\n","protected":false},"author":4,"featured_media":44586,"comment_status":"open","ping_status":"open","sticky":false,"template":"","format":"standard","meta":{"footnotes":""},"categories":[3,22],"tags":[],"class_list":["post-44585","post","type-post","status-publish","format-standard","has-post-thumbnail","hentry","category-destaques","category-justica"],"yoast_head":"<!-- This site is optimized with the Yoast SEO plugin v27.5 - https:\/\/yoast.com\/product\/yoast-seo-wordpress\/ -->\n<title>Tribunal Superior Eleitoral far\u00e1 mais um teste na urna eletr\u00f4nica - Jornal<\/title>\n<meta name=\"description\" content=\"Tribunal Superior Eleitoral far\u00e1 mais um teste na urna eletr\u00f4nica\" \/>\n<meta name=\"robots\" content=\"index, follow, max-snippet:-1, max-image-preview:large, max-video-preview:-1\" \/>\n<link rel=\"canonical\" href=\"https:\/\/jornalboasnoticias.com.br\/home\/tribunal-superior-eleitoral-fara-mais-um-teste-na-urna-eletronica\/\" \/>\n<meta property=\"og:locale\" content=\"pt_BR\" \/>\n<meta property=\"og:type\" content=\"article\" \/>\n<meta property=\"og:title\" content=\"Tribunal Superior Eleitoral far\u00e1 mais um teste na urna eletr\u00f4nica - Jornal\" \/>\n<meta property=\"og:description\" content=\"Tribunal Superior Eleitoral far\u00e1 mais um teste na urna eletr\u00f4nica\" \/>\n<meta property=\"og:url\" content=\"https:\/\/jornalboasnoticias.com.br\/home\/tribunal-superior-eleitoral-fara-mais-um-teste-na-urna-eletronica\/\" \/>\n<meta property=\"og:site_name\" content=\"Jornal\" \/>\n<meta property=\"article:publisher\" content=\"https:\/\/www.facebook.com\/boasnoticiasjornal\" \/>\n<meta property=\"article:published_time\" content=\"2024-10-25T18:47:15+00:00\" \/>\n<meta property=\"og:image\" content=\"https:\/\/jornalboasnoticias.com.br\/home\/wp-content\/uploads\/2024\/10\/50429036346_a9271a4327_o.webp\" \/>\n\t<meta property=\"og:image:width\" content=\"1170\" \/>\n\t<meta property=\"og:image:height\" content=\"700\" \/>\n\t<meta property=\"og:image:type\" content=\"image\/webp\" \/>\n<meta name=\"author\" content=\"Ana Luiza Bonatto\" \/>\n<meta name=\"twitter:card\" content=\"summary_large_image\" \/>\n<meta name=\"twitter:label1\" content=\"Escrito por\" \/>\n\t<meta name=\"twitter:data1\" content=\"Ana Luiza Bonatto\" \/>\n\t<meta name=\"twitter:label2\" content=\"Est. tempo de leitura\" \/>\n\t<meta name=\"twitter:data2\" content=\"2 minutos\" \/>\n<script type=\"application\/ld+json\" class=\"yoast-schema-graph\">{\"@context\":\"https:\\\/\\\/schema.org\",\"@graph\":[{\"@type\":\"Article\",\"@id\":\"https:\\\/\\\/jornalboasnoticias.com.br\\\/home\\\/tribunal-superior-eleitoral-fara-mais-um-teste-na-urna-eletronica\\\/#article\",\"isPartOf\":{\"@id\":\"https:\\\/\\\/jornalboasnoticias.com.br\\\/home\\\/tribunal-superior-eleitoral-fara-mais-um-teste-na-urna-eletronica\\\/\"},\"author\":{\"name\":\"Ana Luiza Bonatto\",\"@id\":\"https:\\\/\\\/jornalboasnoticias.com.br\\\/home\\\/#\\\/schema\\\/person\\\/d641193e0afc6405b390164dac847971\"},\"headline\":\"Tribunal Superior Eleitoral far\u00e1 mais um teste na urna eletr\u00f4nica\",\"datePublished\":\"2024-10-25T18:47:15+00:00\",\"mainEntityOfPage\":{\"@id\":\"https:\\\/\\\/jornalboasnoticias.com.br\\\/home\\\/tribunal-superior-eleitoral-fara-mais-um-teste-na-urna-eletronica\\\/\"},\"wordCount\":226,\"commentCount\":0,\"publisher\":{\"@id\":\"https:\\\/\\\/jornalboasnoticias.com.br\\\/home\\\/#organization\"},\"image\":{\"@id\":\"https:\\\/\\\/jornalboasnoticias.com.br\\\/home\\\/tribunal-superior-eleitoral-fara-mais-um-teste-na-urna-eletronica\\\/#primaryimage\"},\"thumbnailUrl\":\"https:\\\/\\\/jornalboasnoticias.com.br\\\/home\\\/wp-content\\\/uploads\\\/2024\\\/10\\\/50429036346_a9271a4327_o.webp\",\"articleSection\":[\"DESTAQUE\",\"JUSTI\u00c7A\"],\"inLanguage\":\"pt-BR\",\"potentialAction\":[{\"@type\":\"CommentAction\",\"name\":\"Comment\",\"target\":[\"https:\\\/\\\/jornalboasnoticias.com.br\\\/home\\\/tribunal-superior-eleitoral-fara-mais-um-teste-na-urna-eletronica\\\/#respond\"]}]},{\"@type\":\"WebPage\",\"@id\":\"https:\\\/\\\/jornalboasnoticias.com.br\\\/home\\\/tribunal-superior-eleitoral-fara-mais-um-teste-na-urna-eletronica\\\/\",\"url\":\"https:\\\/\\\/jornalboasnoticias.com.br\\\/home\\\/tribunal-superior-eleitoral-fara-mais-um-teste-na-urna-eletronica\\\/\",\"name\":\"Tribunal Superior Eleitoral far\u00e1 mais um teste na urna eletr\u00f4nica - Jornal\",\"isPartOf\":{\"@id\":\"https:\\\/\\\/jornalboasnoticias.com.br\\\/home\\\/#website\"},\"primaryImageOfPage\":{\"@id\":\"https:\\\/\\\/jornalboasnoticias.com.br\\\/home\\\/tribunal-superior-eleitoral-fara-mais-um-teste-na-urna-eletronica\\\/#primaryimage\"},\"image\":{\"@id\":\"https:\\\/\\\/jornalboasnoticias.com.br\\\/home\\\/tribunal-superior-eleitoral-fara-mais-um-teste-na-urna-eletronica\\\/#primaryimage\"},\"thumbnailUrl\":\"https:\\\/\\\/jornalboasnoticias.com.br\\\/home\\\/wp-content\\\/uploads\\\/2024\\\/10\\\/50429036346_a9271a4327_o.webp\",\"datePublished\":\"2024-10-25T18:47:15+00:00\",\"description\":\"Tribunal Superior Eleitoral far\u00e1 mais um teste na urna eletr\u00f4nica\",\"breadcrumb\":{\"@id\":\"https:\\\/\\\/jornalboasnoticias.com.br\\\/home\\\/tribunal-superior-eleitoral-fara-mais-um-teste-na-urna-eletronica\\\/#breadcrumb\"},\"inLanguage\":\"pt-BR\",\"potentialAction\":[{\"@type\":\"ReadAction\",\"target\":[\"https:\\\/\\\/jornalboasnoticias.com.br\\\/home\\\/tribunal-superior-eleitoral-fara-mais-um-teste-na-urna-eletronica\\\/\"]}]},{\"@type\":\"ImageObject\",\"inLanguage\":\"pt-BR\",\"@id\":\"https:\\\/\\\/jornalboasnoticias.com.br\\\/home\\\/tribunal-superior-eleitoral-fara-mais-um-teste-na-urna-eletronica\\\/#primaryimage\",\"url\":\"https:\\\/\\\/jornalboasnoticias.com.br\\\/home\\\/wp-content\\\/uploads\\\/2024\\\/10\\\/50429036346_a9271a4327_o.webp\",\"contentUrl\":\"https:\\\/\\\/jornalboasnoticias.com.br\\\/home\\\/wp-content\\\/uploads\\\/2024\\\/10\\\/50429036346_a9271a4327_o.webp\",\"width\":1170,\"height\":700,\"caption\":\"\u00a9 Antonio Augusto\\\/Ascom\\\/TSE\"},{\"@type\":\"BreadcrumbList\",\"@id\":\"https:\\\/\\\/jornalboasnoticias.com.br\\\/home\\\/tribunal-superior-eleitoral-fara-mais-um-teste-na-urna-eletronica\\\/#breadcrumb\",\"itemListElement\":[{\"@type\":\"ListItem\",\"position\":1,\"name\":\"In\u00edcio\",\"item\":\"https:\\\/\\\/jornalboasnoticias.com.br\\\/home\\\/\"},{\"@type\":\"ListItem\",\"position\":2,\"name\":\"Tribunal Superior Eleitoral far\u00e1 mais um teste na urna eletr\u00f4nica\"}]},{\"@type\":\"WebSite\",\"@id\":\"https:\\\/\\\/jornalboasnoticias.com.br\\\/home\\\/#website\",\"url\":\"https:\\\/\\\/jornalboasnoticias.com.br\\\/home\\\/\",\"name\":\"Jornal Boas Not\u00edcias\",\"description\":\"Boas not\u00edcias\",\"publisher\":{\"@id\":\"https:\\\/\\\/jornalboasnoticias.com.br\\\/home\\\/#organization\"},\"potentialAction\":[{\"@type\":\"SearchAction\",\"target\":{\"@type\":\"EntryPoint\",\"urlTemplate\":\"https:\\\/\\\/jornalboasnoticias.com.br\\\/home\\\/?s={search_term_string}\"},\"query-input\":{\"@type\":\"PropertyValueSpecification\",\"valueRequired\":true,\"valueName\":\"search_term_string\"}}],\"inLanguage\":\"pt-BR\"},{\"@type\":\"Organization\",\"@id\":\"https:\\\/\\\/jornalboasnoticias.com.br\\\/home\\\/#organization\",\"name\":\"Coq Editora Ltda\",\"alternateName\":\"Jornal Boas Noticias\",\"url\":\"https:\\\/\\\/jornalboasnoticias.com.br\\\/home\\\/\",\"logo\":{\"@type\":\"ImageObject\",\"inLanguage\":\"pt-BR\",\"@id\":\"https:\\\/\\\/jornalboasnoticias.com.br\\\/home\\\/#\\\/schema\\\/logo\\\/image\\\/\",\"url\":\"https:\\\/\\\/jornalboasnoticias.com.br\\\/home\\\/wp-content\\\/uploads\\\/2024\\\/07\\\/cropped-logo.jpg\",\"contentUrl\":\"https:\\\/\\\/jornalboasnoticias.com.br\\\/home\\\/wp-content\\\/uploads\\\/2024\\\/07\\\/cropped-logo.jpg\",\"width\":290,\"height\":142,\"caption\":\"Coq Editora Ltda\"},\"image\":{\"@id\":\"https:\\\/\\\/jornalboasnoticias.com.br\\\/home\\\/#\\\/schema\\\/logo\\\/image\\\/\"},\"sameAs\":[\"https:\\\/\\\/www.facebook.com\\\/boasnoticiasjornal\"]},{\"@type\":\"Person\",\"@id\":\"https:\\\/\\\/jornalboasnoticias.com.br\\\/home\\\/#\\\/schema\\\/person\\\/d641193e0afc6405b390164dac847971\",\"name\":\"Ana Luiza Bonatto\",\"image\":{\"@type\":\"ImageObject\",\"inLanguage\":\"pt-BR\",\"@id\":\"https:\\\/\\\/secure.gravatar.com\\\/avatar\\\/8a055ebe6373371f67ac6fcf313c0ac0b0a91157fdcdb9514fa62927373348f0?s=96&d=mm&r=g\",\"url\":\"https:\\\/\\\/secure.gravatar.com\\\/avatar\\\/8a055ebe6373371f67ac6fcf313c0ac0b0a91157fdcdb9514fa62927373348f0?s=96&d=mm&r=g\",\"contentUrl\":\"https:\\\/\\\/secure.gravatar.com\\\/avatar\\\/8a055ebe6373371f67ac6fcf313c0ac0b0a91157fdcdb9514fa62927373348f0?s=96&d=mm&r=g\",\"caption\":\"Ana Luiza Bonatto\"},\"url\":\"https:\\\/\\\/jornalboasnoticias.com.br\\\/home\\\/author\\\/ana-luiza\\\/\"}]}<\/script>\n<!-- \/ Yoast SEO plugin. -->","yoast_head_json":{"title":"Tribunal Superior Eleitoral far\u00e1 mais um teste na urna eletr\u00f4nica - Jornal","description":"Tribunal Superior Eleitoral far\u00e1 mais um teste na urna eletr\u00f4nica","robots":{"index":"index","follow":"follow","max-snippet":"max-snippet:-1","max-image-preview":"max-image-preview:large","max-video-preview":"max-video-preview:-1"},"canonical":"https:\/\/jornalboasnoticias.com.br\/home\/tribunal-superior-eleitoral-fara-mais-um-teste-na-urna-eletronica\/","og_locale":"pt_BR","og_type":"article","og_title":"Tribunal Superior Eleitoral far\u00e1 mais um teste na urna eletr\u00f4nica - Jornal","og_description":"Tribunal Superior Eleitoral far\u00e1 mais um teste na urna eletr\u00f4nica","og_url":"https:\/\/jornalboasnoticias.com.br\/home\/tribunal-superior-eleitoral-fara-mais-um-teste-na-urna-eletronica\/","og_site_name":"Jornal","article_publisher":"https:\/\/www.facebook.com\/boasnoticiasjornal","article_published_time":"2024-10-25T18:47:15+00:00","og_image":[{"width":1170,"height":700,"url":"https:\/\/jornalboasnoticias.com.br\/home\/wp-content\/uploads\/2024\/10\/50429036346_a9271a4327_o.webp","type":"image\/webp"}],"author":"Ana Luiza Bonatto","twitter_card":"summary_large_image","twitter_misc":{"Escrito por":"Ana Luiza Bonatto","Est. tempo de leitura":"2 minutos"},"schema":{"@context":"https:\/\/schema.org","@graph":[{"@type":"Article","@id":"https:\/\/jornalboasnoticias.com.br\/home\/tribunal-superior-eleitoral-fara-mais-um-teste-na-urna-eletronica\/#article","isPartOf":{"@id":"https:\/\/jornalboasnoticias.com.br\/home\/tribunal-superior-eleitoral-fara-mais-um-teste-na-urna-eletronica\/"},"author":{"name":"Ana Luiza Bonatto","@id":"https:\/\/jornalboasnoticias.com.br\/home\/#\/schema\/person\/d641193e0afc6405b390164dac847971"},"headline":"Tribunal Superior Eleitoral far\u00e1 mais um teste na urna eletr\u00f4nica","datePublished":"2024-10-25T18:47:15+00:00","mainEntityOfPage":{"@id":"https:\/\/jornalboasnoticias.com.br\/home\/tribunal-superior-eleitoral-fara-mais-um-teste-na-urna-eletronica\/"},"wordCount":226,"commentCount":0,"publisher":{"@id":"https:\/\/jornalboasnoticias.com.br\/home\/#organization"},"image":{"@id":"https:\/\/jornalboasnoticias.com.br\/home\/tribunal-superior-eleitoral-fara-mais-um-teste-na-urna-eletronica\/#primaryimage"},"thumbnailUrl":"https:\/\/jornalboasnoticias.com.br\/home\/wp-content\/uploads\/2024\/10\/50429036346_a9271a4327_o.webp","articleSection":["DESTAQUE","JUSTI\u00c7A"],"inLanguage":"pt-BR","potentialAction":[{"@type":"CommentAction","name":"Comment","target":["https:\/\/jornalboasnoticias.com.br\/home\/tribunal-superior-eleitoral-fara-mais-um-teste-na-urna-eletronica\/#respond"]}]},{"@type":"WebPage","@id":"https:\/\/jornalboasnoticias.com.br\/home\/tribunal-superior-eleitoral-fara-mais-um-teste-na-urna-eletronica\/","url":"https:\/\/jornalboasnoticias.com.br\/home\/tribunal-superior-eleitoral-fara-mais-um-teste-na-urna-eletronica\/","name":"Tribunal Superior Eleitoral far\u00e1 mais um teste na urna eletr\u00f4nica - Jornal","isPartOf":{"@id":"https:\/\/jornalboasnoticias.com.br\/home\/#website"},"primaryImageOfPage":{"@id":"https:\/\/jornalboasnoticias.com.br\/home\/tribunal-superior-eleitoral-fara-mais-um-teste-na-urna-eletronica\/#primaryimage"},"image":{"@id":"https:\/\/jornalboasnoticias.com.br\/home\/tribunal-superior-eleitoral-fara-mais-um-teste-na-urna-eletronica\/#primaryimage"},"thumbnailUrl":"https:\/\/jornalboasnoticias.com.br\/home\/wp-content\/uploads\/2024\/10\/50429036346_a9271a4327_o.webp","datePublished":"2024-10-25T18:47:15+00:00","description":"Tribunal Superior Eleitoral far\u00e1 mais um teste na urna eletr\u00f4nica","breadcrumb":{"@id":"https:\/\/jornalboasnoticias.com.br\/home\/tribunal-superior-eleitoral-fara-mais-um-teste-na-urna-eletronica\/#breadcrumb"},"inLanguage":"pt-BR","potentialAction":[{"@type":"ReadAction","target":["https:\/\/jornalboasnoticias.com.br\/home\/tribunal-superior-eleitoral-fara-mais-um-teste-na-urna-eletronica\/"]}]},{"@type":"ImageObject","inLanguage":"pt-BR","@id":"https:\/\/jornalboasnoticias.com.br\/home\/tribunal-superior-eleitoral-fara-mais-um-teste-na-urna-eletronica\/#primaryimage","url":"https:\/\/jornalboasnoticias.com.br\/home\/wp-content\/uploads\/2024\/10\/50429036346_a9271a4327_o.webp","contentUrl":"https:\/\/jornalboasnoticias.com.br\/home\/wp-content\/uploads\/2024\/10\/50429036346_a9271a4327_o.webp","width":1170,"height":700,"caption":"\u00a9 Antonio Augusto\/Ascom\/TSE"},{"@type":"BreadcrumbList","@id":"https:\/\/jornalboasnoticias.com.br\/home\/tribunal-superior-eleitoral-fara-mais-um-teste-na-urna-eletronica\/#breadcrumb","itemListElement":[{"@type":"ListItem","position":1,"name":"In\u00edcio","item":"https:\/\/jornalboasnoticias.com.br\/home\/"},{"@type":"ListItem","position":2,"name":"Tribunal Superior Eleitoral far\u00e1 mais um teste na urna eletr\u00f4nica"}]},{"@type":"WebSite","@id":"https:\/\/jornalboasnoticias.com.br\/home\/#website","url":"https:\/\/jornalboasnoticias.com.br\/home\/","name":"Jornal Boas Not\u00edcias","description":"Boas not\u00edcias","publisher":{"@id":"https:\/\/jornalboasnoticias.com.br\/home\/#organization"},"potentialAction":[{"@type":"SearchAction","target":{"@type":"EntryPoint","urlTemplate":"https:\/\/jornalboasnoticias.com.br\/home\/?s={search_term_string}"},"query-input":{"@type":"PropertyValueSpecification","valueRequired":true,"valueName":"search_term_string"}}],"inLanguage":"pt-BR"},{"@type":"Organization","@id":"https:\/\/jornalboasnoticias.com.br\/home\/#organization","name":"Coq Editora Ltda","alternateName":"Jornal Boas Noticias","url":"https:\/\/jornalboasnoticias.com.br\/home\/","logo":{"@type":"ImageObject","inLanguage":"pt-BR","@id":"https:\/\/jornalboasnoticias.com.br\/home\/#\/schema\/logo\/image\/","url":"https:\/\/jornalboasnoticias.com.br\/home\/wp-content\/uploads\/2024\/07\/cropped-logo.jpg","contentUrl":"https:\/\/jornalboasnoticias.com.br\/home\/wp-content\/uploads\/2024\/07\/cropped-logo.jpg","width":290,"height":142,"caption":"Coq Editora Ltda"},"image":{"@id":"https:\/\/jornalboasnoticias.com.br\/home\/#\/schema\/logo\/image\/"},"sameAs":["https:\/\/www.facebook.com\/boasnoticiasjornal"]},{"@type":"Person","@id":"https:\/\/jornalboasnoticias.com.br\/home\/#\/schema\/person\/d641193e0afc6405b390164dac847971","name":"Ana Luiza Bonatto","image":{"@type":"ImageObject","inLanguage":"pt-BR","@id":"https:\/\/secure.gravatar.com\/avatar\/8a055ebe6373371f67ac6fcf313c0ac0b0a91157fdcdb9514fa62927373348f0?s=96&d=mm&r=g","url":"https:\/\/secure.gravatar.com\/avatar\/8a055ebe6373371f67ac6fcf313c0ac0b0a91157fdcdb9514fa62927373348f0?s=96&d=mm&r=g","contentUrl":"https:\/\/secure.gravatar.com\/avatar\/8a055ebe6373371f67ac6fcf313c0ac0b0a91157fdcdb9514fa62927373348f0?s=96&d=mm&r=g","caption":"Ana Luiza Bonatto"},"url":"https:\/\/jornalboasnoticias.com.br\/home\/author\/ana-luiza\/"}]}},"_links":{"self":[{"href":"https:\/\/jornalboasnoticias.com.br\/home\/wp-json\/wp\/v2\/posts\/44585","targetHints":{"allow":["GET"]}}],"collection":[{"href":"https:\/\/jornalboasnoticias.com.br\/home\/wp-json\/wp\/v2\/posts"}],"about":[{"href":"https:\/\/jornalboasnoticias.com.br\/home\/wp-json\/wp\/v2\/types\/post"}],"author":[{"embeddable":true,"href":"https:\/\/jornalboasnoticias.com.br\/home\/wp-json\/wp\/v2\/users\/4"}],"replies":[{"embeddable":true,"href":"https:\/\/jornalboasnoticias.com.br\/home\/wp-json\/wp\/v2\/comments?post=44585"}],"version-history":[{"count":1,"href":"https:\/\/jornalboasnoticias.com.br\/home\/wp-json\/wp\/v2\/posts\/44585\/revisions"}],"predecessor-version":[{"id":44587,"href":"https:\/\/jornalboasnoticias.com.br\/home\/wp-json\/wp\/v2\/posts\/44585\/revisions\/44587"}],"wp:featuredmedia":[{"embeddable":true,"href":"https:\/\/jornalboasnoticias.com.br\/home\/wp-json\/wp\/v2\/media\/44586"}],"wp:attachment":[{"href":"https:\/\/jornalboasnoticias.com.br\/home\/wp-json\/wp\/v2\/media?parent=44585"}],"wp:term":[{"taxonomy":"category","embeddable":true,"href":"https:\/\/jornalboasnoticias.com.br\/home\/wp-json\/wp\/v2\/categories?post=44585"},{"taxonomy":"post_tag","embeddable":true,"href":"https:\/\/jornalboasnoticias.com.br\/home\/wp-json\/wp\/v2\/tags?post=44585"}],"curies":[{"name":"wp","href":"https:\/\/api.w.org\/{rel}","templated":true}]}}