{"id":44582,"date":"2024-10-25T18:45:40","date_gmt":"2024-10-25T18:45:40","guid":{"rendered":"https:\/\/jornalboasnoticias.com.br\/home\/?p=44582"},"modified":"2024-10-25T18:45:40","modified_gmt":"2024-10-25T18:45:40","slug":"credencial-de-estacionamento-para-idoso-e-pcd-ganha-versao-digital","status":"publish","type":"post","link":"https:\/\/jornalboasnoticias.com.br\/home\/credencial-de-estacionamento-para-idoso-e-pcd-ganha-versao-digital\/","title":{"rendered":"Credencial de estacionamento para idoso e PCD ganha vers\u00e3o digital"},"content":{"rendered":"<div class=\"header-noticia full-width\">\n<div>\n<figure id=\"attachment_44583\" aria-describedby=\"caption-attachment-44583\" style=\"width: 1170px\" class=\"wp-caption alignnone\"><img loading=\"lazy\" decoding=\"async\" class=\"size-full wp-image-44583\" src=\"https:\/\/jornalboasnoticias.com.br\/home\/wp-content\/uploads\/2024\/10\/idoso.webp\" alt=\"\" width=\"1170\" height=\"700\" srcset=\"https:\/\/jornalboasnoticias.com.br\/home\/wp-content\/uploads\/2024\/10\/idoso.webp 1170w, https:\/\/jornalboasnoticias.com.br\/home\/wp-content\/uploads\/2024\/10\/idoso-300x179.webp 300w, https:\/\/jornalboasnoticias.com.br\/home\/wp-content\/uploads\/2024\/10\/idoso-1024x613.webp 1024w, https:\/\/jornalboasnoticias.com.br\/home\/wp-content\/uploads\/2024\/10\/idoso-768x459.webp 768w\" sizes=\"auto, (max-width: 1170px) 100vw, 1170px\" \/><figcaption id=\"caption-attachment-44583\" class=\"wp-caption-text\">\u00a9 Detran\/SP<\/figcaption><\/figure>\n<\/div>\n<\/div>\n<blockquote>\n<div class=\"header-noticia full-width\">\n<div class=\"linha-fina-noticia\">Fiscaliza\u00e7\u00e3o ser\u00e1 feita por aplicativo pela placa do ve\u00edculo<\/div>\n<\/div>\n<\/blockquote>\n<div class=\"container-autoria\">\n<p>Pessoas com defici\u00eancia (PCDs) e acima dos 60 anos poder\u00e3o emitir, a partir de hoje (25), a vers\u00e3o digital da credencial de estacionamento exclusivo por meio do aplicativa da Carteira Digital de Tr\u00e2nsito (CDT).<img decoding=\"async\" src=\"https:\/\/agenciabrasil.ebc.com.br\/ebc.png?id=1616953&amp;o=node\" \/><img decoding=\"async\" src=\"https:\/\/agenciabrasil.ebc.com.br\/ebc.gif?id=1616953&amp;o=node\" \/><\/p>\n<p>A credencial, que antes era emitida via estados e munic\u00edpios e precisava ser impressa para exibi\u00e7\u00e3o no painel do ve\u00edculo, agora passa a ser digital e ter\u00e1 validade em todo o territ\u00f3rio brasileiro.<\/p>\n<p>A estimativa do Minist\u00e9rio dos Transportes e que a iniciativa beneficie cerca de 19,4 milh\u00f5es de pessoas \u2013 16 milh\u00f5es de pessoas acima de 60 anos e 3,4 milh\u00f5es de PCDs, cadastrados na base do Registro de Refer\u00eancia da Pessoa com Defici\u00eancia.<\/p>\n<p>Al\u00e9m da possibilidade de utilizar o aplicativo da CDT, tamb\u00e9m ser\u00e1 poss\u00edvel emitir a vers\u00e3o impressa da credencial, de forma\u00a0<em>online<\/em>, por meio do\u00a0<a href=\"https:\/\/portalservicos.senatran.serpro.gov.br\/#\/home\" target=\"_blank\" rel=\"noopener\">Portal da Secretaria Nacional de Tr\u00e2nsito<\/a>\u00a0(Senatran).<\/p>\n<p>\u201cO documento, que antes tinha validade de 5 anos, agora ser\u00e1 vital\u00edcio para os idosos. No caso de pessoas com defici\u00eancia, a autoriza\u00e7\u00e3o ser\u00e1 mantida enquanto constarem na base do Registro de Refer\u00eancia da Pessoa com Defici\u00eancia\u201d, informou o minist\u00e9rio.<\/p>\n<p>Ainda de acordo com a pasta, no caso de uso da vers\u00e3o digital, a credencial s\u00f3 poder\u00e1 ser vinculada a um \u00fanico ve\u00edculo, que poder\u00e1 ser alterado a qualquer momento.<\/p>\n<h2>Fiscaliza\u00e7\u00e3o<\/h2>\n<p>A fiscaliza\u00e7\u00e3o ser\u00e1 feita pelos agentes de tr\u00e2nsito e policiais por meio de um aplicativo que permite verificar, pela placa ou QR Code, se existe uma credencial vinculada ao ve\u00edculo estacionado.<\/p>\n<p>Pela legisla\u00e7\u00e3o de tr\u00e2nsito, quem estacionar indevidamente em local reservado para pessoas com defici\u00eancia e acima de 60 anos fica sujeito a multas e san\u00e7\u00f5es.<\/p>\n<p>A infra\u00e7\u00e3o, classificada como grav\u00edssima, resulta na adi\u00e7\u00e3o de 7 pontos \u00e0 Carteira Nacional de Habilita\u00e7\u00e3o e na aplica\u00e7\u00e3o de multa de R$ 293,47, al\u00e9m da remo\u00e7\u00e3o do ve\u00edculo.<\/p>\n<p><em><strong>Ag\u00eancia Brasil<\/strong><\/em><\/p>\n<\/div>\n","protected":false},"excerpt":{"rendered":"<p>Fiscaliza\u00e7\u00e3o ser\u00e1 feita por aplicativo pela placa do ve\u00edculo Pessoas com defici\u00eancia (PCDs) e acima<\/p>\n","protected":false},"author":4,"featured_media":44583,"comment_status":"open","ping_status":"open","sticky":false,"template":"","format":"standard","meta":{"footnotes":""},"categories":[6],"tags":[],"class_list":["post-44582","post","type-post","status-publish","format-standard","has-post-thumbnail","hentry","category-brasil"],"yoast_head":"<!-- This site is optimized with the Yoast SEO plugin v27.5 - https:\/\/yoast.com\/product\/yoast-seo-wordpress\/ -->\n<title>Credencial de estacionamento para idoso e PCD ganha vers\u00e3o digital - Jornal<\/title>\n<meta name=\"description\" content=\"Credencial de estacionamento para idoso e PCD ganha vers\u00e3o digital\" \/>\n<meta name=\"robots\" content=\"index, follow, max-snippet:-1, max-image-preview:large, max-video-preview:-1\" \/>\n<link rel=\"canonical\" href=\"https:\/\/jornalboasnoticias.com.br\/home\/credencial-de-estacionamento-para-idoso-e-pcd-ganha-versao-digital\/\" \/>\n<meta property=\"og:locale\" content=\"pt_BR\" \/>\n<meta property=\"og:type\" content=\"article\" \/>\n<meta property=\"og:title\" content=\"Credencial de estacionamento para idoso e PCD ganha vers\u00e3o digital - Jornal\" \/>\n<meta property=\"og:description\" content=\"Credencial de estacionamento para idoso e PCD ganha vers\u00e3o digital\" \/>\n<meta property=\"og:url\" content=\"https:\/\/jornalboasnoticias.com.br\/home\/credencial-de-estacionamento-para-idoso-e-pcd-ganha-versao-digital\/\" \/>\n<meta property=\"og:site_name\" content=\"Jornal\" \/>\n<meta property=\"article:publisher\" content=\"https:\/\/www.facebook.com\/boasnoticiasjornal\" \/>\n<meta property=\"article:published_time\" content=\"2024-10-25T18:45:40+00:00\" \/>\n<meta property=\"og:image\" content=\"https:\/\/jornalboasnoticias.com.br\/home\/wp-content\/uploads\/2024\/10\/idoso.webp\" \/>\n\t<meta property=\"og:image:width\" content=\"1170\" \/>\n\t<meta property=\"og:image:height\" content=\"700\" \/>\n\t<meta property=\"og:image:type\" content=\"image\/webp\" \/>\n<meta name=\"author\" content=\"Ana Luiza Bonatto\" \/>\n<meta name=\"twitter:card\" content=\"summary_large_image\" \/>\n<meta name=\"twitter:label1\" content=\"Escrito por\" \/>\n\t<meta name=\"twitter:data1\" content=\"Ana Luiza Bonatto\" \/>\n\t<meta name=\"twitter:label2\" content=\"Est. tempo de leitura\" \/>\n\t<meta name=\"twitter:data2\" content=\"3 minutos\" \/>\n<script type=\"application\/ld+json\" class=\"yoast-schema-graph\">{\"@context\":\"https:\\\/\\\/schema.org\",\"@graph\":[{\"@type\":\"Article\",\"@id\":\"https:\\\/\\\/jornalboasnoticias.com.br\\\/home\\\/credencial-de-estacionamento-para-idoso-e-pcd-ganha-versao-digital\\\/#article\",\"isPartOf\":{\"@id\":\"https:\\\/\\\/jornalboasnoticias.com.br\\\/home\\\/credencial-de-estacionamento-para-idoso-e-pcd-ganha-versao-digital\\\/\"},\"author\":{\"name\":\"Ana Luiza Bonatto\",\"@id\":\"https:\\\/\\\/jornalboasnoticias.com.br\\\/home\\\/#\\\/schema\\\/person\\\/d641193e0afc6405b390164dac847971\"},\"headline\":\"Credencial de estacionamento para idoso e PCD ganha vers\u00e3o digital\",\"datePublished\":\"2024-10-25T18:45:40+00:00\",\"mainEntityOfPage\":{\"@id\":\"https:\\\/\\\/jornalboasnoticias.com.br\\\/home\\\/credencial-de-estacionamento-para-idoso-e-pcd-ganha-versao-digital\\\/\"},\"wordCount\":361,\"commentCount\":0,\"publisher\":{\"@id\":\"https:\\\/\\\/jornalboasnoticias.com.br\\\/home\\\/#organization\"},\"image\":{\"@id\":\"https:\\\/\\\/jornalboasnoticias.com.br\\\/home\\\/credencial-de-estacionamento-para-idoso-e-pcd-ganha-versao-digital\\\/#primaryimage\"},\"thumbnailUrl\":\"https:\\\/\\\/jornalboasnoticias.com.br\\\/home\\\/wp-content\\\/uploads\\\/2024\\\/10\\\/idoso.webp\",\"articleSection\":[\"BRASIL\"],\"inLanguage\":\"pt-BR\",\"potentialAction\":[{\"@type\":\"CommentAction\",\"name\":\"Comment\",\"target\":[\"https:\\\/\\\/jornalboasnoticias.com.br\\\/home\\\/credencial-de-estacionamento-para-idoso-e-pcd-ganha-versao-digital\\\/#respond\"]}]},{\"@type\":\"WebPage\",\"@id\":\"https:\\\/\\\/jornalboasnoticias.com.br\\\/home\\\/credencial-de-estacionamento-para-idoso-e-pcd-ganha-versao-digital\\\/\",\"url\":\"https:\\\/\\\/jornalboasnoticias.com.br\\\/home\\\/credencial-de-estacionamento-para-idoso-e-pcd-ganha-versao-digital\\\/\",\"name\":\"Credencial de estacionamento para idoso e PCD ganha vers\u00e3o digital - Jornal\",\"isPartOf\":{\"@id\":\"https:\\\/\\\/jornalboasnoticias.com.br\\\/home\\\/#website\"},\"primaryImageOfPage\":{\"@id\":\"https:\\\/\\\/jornalboasnoticias.com.br\\\/home\\\/credencial-de-estacionamento-para-idoso-e-pcd-ganha-versao-digital\\\/#primaryimage\"},\"image\":{\"@id\":\"https:\\\/\\\/jornalboasnoticias.com.br\\\/home\\\/credencial-de-estacionamento-para-idoso-e-pcd-ganha-versao-digital\\\/#primaryimage\"},\"thumbnailUrl\":\"https:\\\/\\\/jornalboasnoticias.com.br\\\/home\\\/wp-content\\\/uploads\\\/2024\\\/10\\\/idoso.webp\",\"datePublished\":\"2024-10-25T18:45:40+00:00\",\"description\":\"Credencial de estacionamento para idoso e PCD ganha vers\u00e3o digital\",\"breadcrumb\":{\"@id\":\"https:\\\/\\\/jornalboasnoticias.com.br\\\/home\\\/credencial-de-estacionamento-para-idoso-e-pcd-ganha-versao-digital\\\/#breadcrumb\"},\"inLanguage\":\"pt-BR\",\"potentialAction\":[{\"@type\":\"ReadAction\",\"target\":[\"https:\\\/\\\/jornalboasnoticias.com.br\\\/home\\\/credencial-de-estacionamento-para-idoso-e-pcd-ganha-versao-digital\\\/\"]}]},{\"@type\":\"ImageObject\",\"inLanguage\":\"pt-BR\",\"@id\":\"https:\\\/\\\/jornalboasnoticias.com.br\\\/home\\\/credencial-de-estacionamento-para-idoso-e-pcd-ganha-versao-digital\\\/#primaryimage\",\"url\":\"https:\\\/\\\/jornalboasnoticias.com.br\\\/home\\\/wp-content\\\/uploads\\\/2024\\\/10\\\/idoso.webp\",\"contentUrl\":\"https:\\\/\\\/jornalboasnoticias.com.br\\\/home\\\/wp-content\\\/uploads\\\/2024\\\/10\\\/idoso.webp\",\"width\":1170,\"height\":700,\"caption\":\"\u00a9 Detran\\\/SP\"},{\"@type\":\"BreadcrumbList\",\"@id\":\"https:\\\/\\\/jornalboasnoticias.com.br\\\/home\\\/credencial-de-estacionamento-para-idoso-e-pcd-ganha-versao-digital\\\/#breadcrumb\",\"itemListElement\":[{\"@type\":\"ListItem\",\"position\":1,\"name\":\"In\u00edcio\",\"item\":\"https:\\\/\\\/jornalboasnoticias.com.br\\\/home\\\/\"},{\"@type\":\"ListItem\",\"position\":2,\"name\":\"Credencial de estacionamento para idoso e PCD ganha vers\u00e3o digital\"}]},{\"@type\":\"WebSite\",\"@id\":\"https:\\\/\\\/jornalboasnoticias.com.br\\\/home\\\/#website\",\"url\":\"https:\\\/\\\/jornalboasnoticias.com.br\\\/home\\\/\",\"name\":\"Jornal Boas Not\u00edcias\",\"description\":\"Boas not\u00edcias\",\"publisher\":{\"@id\":\"https:\\\/\\\/jornalboasnoticias.com.br\\\/home\\\/#organization\"},\"potentialAction\":[{\"@type\":\"SearchAction\",\"target\":{\"@type\":\"EntryPoint\",\"urlTemplate\":\"https:\\\/\\\/jornalboasnoticias.com.br\\\/home\\\/?s={search_term_string}\"},\"query-input\":{\"@type\":\"PropertyValueSpecification\",\"valueRequired\":true,\"valueName\":\"search_term_string\"}}],\"inLanguage\":\"pt-BR\"},{\"@type\":\"Organization\",\"@id\":\"https:\\\/\\\/jornalboasnoticias.com.br\\\/home\\\/#organization\",\"name\":\"Coq Editora Ltda\",\"alternateName\":\"Jornal Boas Noticias\",\"url\":\"https:\\\/\\\/jornalboasnoticias.com.br\\\/home\\\/\",\"logo\":{\"@type\":\"ImageObject\",\"inLanguage\":\"pt-BR\",\"@id\":\"https:\\\/\\\/jornalboasnoticias.com.br\\\/home\\\/#\\\/schema\\\/logo\\\/image\\\/\",\"url\":\"https:\\\/\\\/jornalboasnoticias.com.br\\\/home\\\/wp-content\\\/uploads\\\/2024\\\/07\\\/cropped-logo.jpg\",\"contentUrl\":\"https:\\\/\\\/jornalboasnoticias.com.br\\\/home\\\/wp-content\\\/uploads\\\/2024\\\/07\\\/cropped-logo.jpg\",\"width\":290,\"height\":142,\"caption\":\"Coq Editora Ltda\"},\"image\":{\"@id\":\"https:\\\/\\\/jornalboasnoticias.com.br\\\/home\\\/#\\\/schema\\\/logo\\\/image\\\/\"},\"sameAs\":[\"https:\\\/\\\/www.facebook.com\\\/boasnoticiasjornal\"]},{\"@type\":\"Person\",\"@id\":\"https:\\\/\\\/jornalboasnoticias.com.br\\\/home\\\/#\\\/schema\\\/person\\\/d641193e0afc6405b390164dac847971\",\"name\":\"Ana Luiza Bonatto\",\"image\":{\"@type\":\"ImageObject\",\"inLanguage\":\"pt-BR\",\"@id\":\"https:\\\/\\\/secure.gravatar.com\\\/avatar\\\/8a055ebe6373371f67ac6fcf313c0ac0b0a91157fdcdb9514fa62927373348f0?s=96&d=mm&r=g\",\"url\":\"https:\\\/\\\/secure.gravatar.com\\\/avatar\\\/8a055ebe6373371f67ac6fcf313c0ac0b0a91157fdcdb9514fa62927373348f0?s=96&d=mm&r=g\",\"contentUrl\":\"https:\\\/\\\/secure.gravatar.com\\\/avatar\\\/8a055ebe6373371f67ac6fcf313c0ac0b0a91157fdcdb9514fa62927373348f0?s=96&d=mm&r=g\",\"caption\":\"Ana Luiza Bonatto\"},\"url\":\"https:\\\/\\\/jornalboasnoticias.com.br\\\/home\\\/author\\\/ana-luiza\\\/\"}]}<\/script>\n<!-- \/ Yoast SEO plugin. -->","yoast_head_json":{"title":"Credencial de estacionamento para idoso e PCD ganha vers\u00e3o digital - Jornal","description":"Credencial de estacionamento para idoso e PCD ganha vers\u00e3o digital","robots":{"index":"index","follow":"follow","max-snippet":"max-snippet:-1","max-image-preview":"max-image-preview:large","max-video-preview":"max-video-preview:-1"},"canonical":"https:\/\/jornalboasnoticias.com.br\/home\/credencial-de-estacionamento-para-idoso-e-pcd-ganha-versao-digital\/","og_locale":"pt_BR","og_type":"article","og_title":"Credencial de estacionamento para idoso e PCD ganha vers\u00e3o digital - Jornal","og_description":"Credencial de estacionamento para idoso e PCD ganha vers\u00e3o digital","og_url":"https:\/\/jornalboasnoticias.com.br\/home\/credencial-de-estacionamento-para-idoso-e-pcd-ganha-versao-digital\/","og_site_name":"Jornal","article_publisher":"https:\/\/www.facebook.com\/boasnoticiasjornal","article_published_time":"2024-10-25T18:45:40+00:00","og_image":[{"width":1170,"height":700,"url":"https:\/\/jornalboasnoticias.com.br\/home\/wp-content\/uploads\/2024\/10\/idoso.webp","type":"image\/webp"}],"author":"Ana Luiza Bonatto","twitter_card":"summary_large_image","twitter_misc":{"Escrito por":"Ana Luiza Bonatto","Est. tempo de leitura":"3 minutos"},"schema":{"@context":"https:\/\/schema.org","@graph":[{"@type":"Article","@id":"https:\/\/jornalboasnoticias.com.br\/home\/credencial-de-estacionamento-para-idoso-e-pcd-ganha-versao-digital\/#article","isPartOf":{"@id":"https:\/\/jornalboasnoticias.com.br\/home\/credencial-de-estacionamento-para-idoso-e-pcd-ganha-versao-digital\/"},"author":{"name":"Ana Luiza Bonatto","@id":"https:\/\/jornalboasnoticias.com.br\/home\/#\/schema\/person\/d641193e0afc6405b390164dac847971"},"headline":"Credencial de estacionamento para idoso e PCD ganha vers\u00e3o digital","datePublished":"2024-10-25T18:45:40+00:00","mainEntityOfPage":{"@id":"https:\/\/jornalboasnoticias.com.br\/home\/credencial-de-estacionamento-para-idoso-e-pcd-ganha-versao-digital\/"},"wordCount":361,"commentCount":0,"publisher":{"@id":"https:\/\/jornalboasnoticias.com.br\/home\/#organization"},"image":{"@id":"https:\/\/jornalboasnoticias.com.br\/home\/credencial-de-estacionamento-para-idoso-e-pcd-ganha-versao-digital\/#primaryimage"},"thumbnailUrl":"https:\/\/jornalboasnoticias.com.br\/home\/wp-content\/uploads\/2024\/10\/idoso.webp","articleSection":["BRASIL"],"inLanguage":"pt-BR","potentialAction":[{"@type":"CommentAction","name":"Comment","target":["https:\/\/jornalboasnoticias.com.br\/home\/credencial-de-estacionamento-para-idoso-e-pcd-ganha-versao-digital\/#respond"]}]},{"@type":"WebPage","@id":"https:\/\/jornalboasnoticias.com.br\/home\/credencial-de-estacionamento-para-idoso-e-pcd-ganha-versao-digital\/","url":"https:\/\/jornalboasnoticias.com.br\/home\/credencial-de-estacionamento-para-idoso-e-pcd-ganha-versao-digital\/","name":"Credencial de estacionamento para idoso e PCD ganha vers\u00e3o digital - Jornal","isPartOf":{"@id":"https:\/\/jornalboasnoticias.com.br\/home\/#website"},"primaryImageOfPage":{"@id":"https:\/\/jornalboasnoticias.com.br\/home\/credencial-de-estacionamento-para-idoso-e-pcd-ganha-versao-digital\/#primaryimage"},"image":{"@id":"https:\/\/jornalboasnoticias.com.br\/home\/credencial-de-estacionamento-para-idoso-e-pcd-ganha-versao-digital\/#primaryimage"},"thumbnailUrl":"https:\/\/jornalboasnoticias.com.br\/home\/wp-content\/uploads\/2024\/10\/idoso.webp","datePublished":"2024-10-25T18:45:40+00:00","description":"Credencial de estacionamento para idoso e PCD ganha vers\u00e3o digital","breadcrumb":{"@id":"https:\/\/jornalboasnoticias.com.br\/home\/credencial-de-estacionamento-para-idoso-e-pcd-ganha-versao-digital\/#breadcrumb"},"inLanguage":"pt-BR","potentialAction":[{"@type":"ReadAction","target":["https:\/\/jornalboasnoticias.com.br\/home\/credencial-de-estacionamento-para-idoso-e-pcd-ganha-versao-digital\/"]}]},{"@type":"ImageObject","inLanguage":"pt-BR","@id":"https:\/\/jornalboasnoticias.com.br\/home\/credencial-de-estacionamento-para-idoso-e-pcd-ganha-versao-digital\/#primaryimage","url":"https:\/\/jornalboasnoticias.com.br\/home\/wp-content\/uploads\/2024\/10\/idoso.webp","contentUrl":"https:\/\/jornalboasnoticias.com.br\/home\/wp-content\/uploads\/2024\/10\/idoso.webp","width":1170,"height":700,"caption":"\u00a9 Detran\/SP"},{"@type":"BreadcrumbList","@id":"https:\/\/jornalboasnoticias.com.br\/home\/credencial-de-estacionamento-para-idoso-e-pcd-ganha-versao-digital\/#breadcrumb","itemListElement":[{"@type":"ListItem","position":1,"name":"In\u00edcio","item":"https:\/\/jornalboasnoticias.com.br\/home\/"},{"@type":"ListItem","position":2,"name":"Credencial de estacionamento para idoso e PCD ganha vers\u00e3o digital"}]},{"@type":"WebSite","@id":"https:\/\/jornalboasnoticias.com.br\/home\/#website","url":"https:\/\/jornalboasnoticias.com.br\/home\/","name":"Jornal Boas Not\u00edcias","description":"Boas not\u00edcias","publisher":{"@id":"https:\/\/jornalboasnoticias.com.br\/home\/#organization"},"potentialAction":[{"@type":"SearchAction","target":{"@type":"EntryPoint","urlTemplate":"https:\/\/jornalboasnoticias.com.br\/home\/?s={search_term_string}"},"query-input":{"@type":"PropertyValueSpecification","valueRequired":true,"valueName":"search_term_string"}}],"inLanguage":"pt-BR"},{"@type":"Organization","@id":"https:\/\/jornalboasnoticias.com.br\/home\/#organization","name":"Coq Editora Ltda","alternateName":"Jornal Boas Noticias","url":"https:\/\/jornalboasnoticias.com.br\/home\/","logo":{"@type":"ImageObject","inLanguage":"pt-BR","@id":"https:\/\/jornalboasnoticias.com.br\/home\/#\/schema\/logo\/image\/","url":"https:\/\/jornalboasnoticias.com.br\/home\/wp-content\/uploads\/2024\/07\/cropped-logo.jpg","contentUrl":"https:\/\/jornalboasnoticias.com.br\/home\/wp-content\/uploads\/2024\/07\/cropped-logo.jpg","width":290,"height":142,"caption":"Coq Editora Ltda"},"image":{"@id":"https:\/\/jornalboasnoticias.com.br\/home\/#\/schema\/logo\/image\/"},"sameAs":["https:\/\/www.facebook.com\/boasnoticiasjornal"]},{"@type":"Person","@id":"https:\/\/jornalboasnoticias.com.br\/home\/#\/schema\/person\/d641193e0afc6405b390164dac847971","name":"Ana Luiza Bonatto","image":{"@type":"ImageObject","inLanguage":"pt-BR","@id":"https:\/\/secure.gravatar.com\/avatar\/8a055ebe6373371f67ac6fcf313c0ac0b0a91157fdcdb9514fa62927373348f0?s=96&d=mm&r=g","url":"https:\/\/secure.gravatar.com\/avatar\/8a055ebe6373371f67ac6fcf313c0ac0b0a91157fdcdb9514fa62927373348f0?s=96&d=mm&r=g","contentUrl":"https:\/\/secure.gravatar.com\/avatar\/8a055ebe6373371f67ac6fcf313c0ac0b0a91157fdcdb9514fa62927373348f0?s=96&d=mm&r=g","caption":"Ana Luiza Bonatto"},"url":"https:\/\/jornalboasnoticias.com.br\/home\/author\/ana-luiza\/"}]}},"_links":{"self":[{"href":"https:\/\/jornalboasnoticias.com.br\/home\/wp-json\/wp\/v2\/posts\/44582","targetHints":{"allow":["GET"]}}],"collection":[{"href":"https:\/\/jornalboasnoticias.com.br\/home\/wp-json\/wp\/v2\/posts"}],"about":[{"href":"https:\/\/jornalboasnoticias.com.br\/home\/wp-json\/wp\/v2\/types\/post"}],"author":[{"embeddable":true,"href":"https:\/\/jornalboasnoticias.com.br\/home\/wp-json\/wp\/v2\/users\/4"}],"replies":[{"embeddable":true,"href":"https:\/\/jornalboasnoticias.com.br\/home\/wp-json\/wp\/v2\/comments?post=44582"}],"version-history":[{"count":1,"href":"https:\/\/jornalboasnoticias.com.br\/home\/wp-json\/wp\/v2\/posts\/44582\/revisions"}],"predecessor-version":[{"id":44584,"href":"https:\/\/jornalboasnoticias.com.br\/home\/wp-json\/wp\/v2\/posts\/44582\/revisions\/44584"}],"wp:featuredmedia":[{"embeddable":true,"href":"https:\/\/jornalboasnoticias.com.br\/home\/wp-json\/wp\/v2\/media\/44583"}],"wp:attachment":[{"href":"https:\/\/jornalboasnoticias.com.br\/home\/wp-json\/wp\/v2\/media?parent=44582"}],"wp:term":[{"taxonomy":"category","embeddable":true,"href":"https:\/\/jornalboasnoticias.com.br\/home\/wp-json\/wp\/v2\/categories?post=44582"},{"taxonomy":"post_tag","embeddable":true,"href":"https:\/\/jornalboasnoticias.com.br\/home\/wp-json\/wp\/v2\/tags?post=44582"}],"curies":[{"name":"wp","href":"https:\/\/api.w.org\/{rel}","templated":true}]}}