{"id":44579,"date":"2024-10-25T18:44:23","date_gmt":"2024-10-25T18:44:23","guid":{"rendered":"https:\/\/jornalboasnoticias.com.br\/home\/?p=44579"},"modified":"2024-10-25T18:44:23","modified_gmt":"2024-10-25T18:44:23","slug":"fiocruz-aponta-sinais-de-queda-em-alta-recente-da-covid-19-no-pais","status":"publish","type":"post","link":"https:\/\/jornalboasnoticias.com.br\/home\/fiocruz-aponta-sinais-de-queda-em-alta-recente-da-covid-19-no-pais\/","title":{"rendered":"Fiocruz aponta sinais de queda em alta recente da covid-19 no pa\u00eds"},"content":{"rendered":"<figure id=\"attachment_44580\" aria-describedby=\"caption-attachment-44580\" style=\"width: 1170px\" class=\"wp-caption alignnone\"><img loading=\"lazy\" decoding=\"async\" class=\"size-full wp-image-44580\" src=\"https:\/\/jornalboasnoticias.com.br\/home\/wp-content\/uploads\/2024\/10\/orientacao-da-secretaria-de-saude-e-que-todas-as-175-ubss-facam-a-testagem.-foto-tony-winston-4-2048x1343-1.webp\" alt=\"\" width=\"1170\" height=\"700\" srcset=\"https:\/\/jornalboasnoticias.com.br\/home\/wp-content\/uploads\/2024\/10\/orientacao-da-secretaria-de-saude-e-que-todas-as-175-ubss-facam-a-testagem.-foto-tony-winston-4-2048x1343-1.webp 1170w, https:\/\/jornalboasnoticias.com.br\/home\/wp-content\/uploads\/2024\/10\/orientacao-da-secretaria-de-saude-e-que-todas-as-175-ubss-facam-a-testagem.-foto-tony-winston-4-2048x1343-1-300x179.webp 300w, https:\/\/jornalboasnoticias.com.br\/home\/wp-content\/uploads\/2024\/10\/orientacao-da-secretaria-de-saude-e-que-todas-as-175-ubss-facam-a-testagem.-foto-tony-winston-4-2048x1343-1-1024x613.webp 1024w, https:\/\/jornalboasnoticias.com.br\/home\/wp-content\/uploads\/2024\/10\/orientacao-da-secretaria-de-saude-e-que-todas-as-175-ubss-facam-a-testagem.-foto-tony-winston-4-2048x1343-1-768x459.webp 768w\" sizes=\"auto, (max-width: 1170px) 100vw, 1170px\" \/><figcaption id=\"caption-attachment-44580\" class=\"wp-caption-text\">\u00a9 Tony Winston\/Ag\u00eancia Bras\u00edlia<\/figcaption><\/figure>\n<div class=\"header-noticia full-width\">\n<blockquote>\n<div class=\"linha-fina-noticia\">Quatro estados, por\u00e9m, registram aumento de casos, diz InfoGripe<\/div>\n<\/blockquote>\n<\/div>\n<p>Os casos de s\u00edndrome respirat\u00f3ria aguda grave (SRAG) relacionados \u00e0 covid-19 mantiveram a tend\u00eancia de queda na maior parte dos estados brasileiros, principalmente, na regi\u00e3o centro-sul. Apesar disso, quatro unidades federativas apresentaram sinais de avan\u00e7o nos n\u00fameros de SRAG: Esp\u00edrito Santo, Mato Grosso, Para\u00edba e Tocantins. Segundo o estudo, esses registros ocorreram sobretudo em idosos, crian\u00e7as e adolescentes at\u00e9 14 anos. As informa\u00e7\u00f5es s\u00e3o do boletim InfoGripe divulgado nesta quinta-feira (24) pela Funda\u00e7\u00e3o Oswaldo Cruz (Fiocruz).<img decoding=\"async\" src=\"https:\/\/agenciabrasil.ebc.com.br\/ebc.png?id=1616955&amp;o=node\" \/><img decoding=\"async\" src=\"https:\/\/agenciabrasil.ebc.com.br\/ebc.gif?id=1616955&amp;o=node\" \/><\/p>\n<p>O boletim InfoGripe mostrou ainda que, no agregado nacional, nota-se sinal de queda na tend\u00eancia de longo prazo, que s\u00e3o as \u00faltimas seis semanas, e na de curto prazo, \u00faltimas tr\u00eas semanas. A an\u00e1lise da Fiocruz \u00e9 feita com base nos dados inseridos no Sistema de Informa\u00e7\u00e3o de Vigil\u00e2ncia Epidemiol\u00f3gica da Gripe (Sivep-Gripe), referentes \u00e0 Semana Epidemiol\u00f3gica (SE) 42, entre 13 e 19 de outubro.<\/p>\n<p>De acordo com a pesquisadora Tatiana Portella, do Programa de Computa\u00e7\u00e3o Cient\u00edfica da Funda\u00e7\u00e3o Oswaldo Cruz (Procc\/Fiocruz) e do InfoGripe, quem acompanhou a publica\u00e7\u00e3o nas \u00faltimas semanas tomou conhecimento de uma recente onda de covid-19, que come\u00e7ou por volta da Semana 32, mas j\u00e1 se observa queda do n\u00famero de casos nas \u00faltimas semanas, especialmente nos estados da regi\u00e3o centro-sul. A pesquisadora ressalta a interrup\u00e7\u00e3o do crescimento, ou in\u00edcio de queda, nos estados de Pernambuco e do Acre, enquanto Mato Grosso, Par\u00e1 e Para\u00edba apresentam leve sinal de aumento na hospitaliza\u00e7\u00e3o de idosos, muito provavelmente associado \u00e0 covid-19.<\/p>\n<p>O Boletim InfoGripe aponta ainda sinal de alta de SRAG em crian\u00e7as e adolescentes at\u00e9 14 anos. Nos estados do Esp\u00edrito Santo e do Tocantins, onde tamb\u00e9m se verifica aumento dos registros de SRAG nessa faixa et\u00e1ria, n\u00e3o foi poss\u00edvel identificar o tipo de v\u00edrus respons\u00e1vel. Nos dois estados, n\u00e3o se sabe exatamente qual v\u00edrus tem levado ao\u00a0aumento dos casos de SRAG entre crian\u00e7as e adolescentes, pode ser um desses v\u00edrus que afetam crian\u00e7as, como VSR, rinov\u00edrus ou at\u00e9 mesmo o metapneumov\u00edrus, acrescenta a pesquisadora.<\/p>\n<p>Entre as capitais, Jo\u00e3o Pessoa, Manaus e S\u00e3o Lu\u00eds t\u00eam apresentado avan\u00e7o nos casos de SRAG.<\/p>\n<p>Tatiana Portella refor\u00e7a a import\u00e2ncia da ado\u00e7\u00e3o das medidas de preven\u00e7\u00e3o indicadas. \u201cA gente mant\u00e9m as recomenda\u00e7\u00f5es de sempre. Para os moradores de estados com aumento de casos de SRAG, o ideal \u00e9 usar m\u00e1scaras em locais fechados, com maior aglomera\u00e7\u00e3o de pessoas e dentro dos postos de sa\u00fade&#8221;, diz a pesquisadora. Para todo mundo, o uso de m\u00e1scaras \u00e9 recomendado se surgirem sintomas.<\/p>\n<p>O uso da m\u00e1scara tamb\u00e9m \u00e9 essencial toda vez que aparecem sinais de s\u00edndrome gripal \u201cO ideal \u00e9 que, em qualquer sinal de s\u00edndrome gripal, como coriza, tosse, febre, dor de garganta, a pessoa saia de casa usando uma boa m\u00e1scara para evitar transmitir v\u00edrus respirat\u00f3rios a outras pessoas, principalmente, se n\u00e3o puder fazer repouso em casa para se recuperar da infec\u00e7\u00e3o\u201d, acrescenta.<\/p>\n<p>Al\u00e9m dessas recomenda\u00e7\u00f5es, Tatiana enfatiza a relev\u00e2ncia da imuniza\u00e7\u00e3o. \u201cA gente refor\u00e7a a import\u00e2ncia da vacina\u00e7\u00e3o contra a covid-19. \u00c9 muito importante que as pessoas, principalmente, dos grupos de risco, estejam em dia com a vacina contra o v\u00edrus.\u201d<\/p>\n<h2>Resultados<\/h2>\n<p>No ano epidemiol\u00f3gico 2024, foram feitas 147.782 notifica\u00e7\u00f5es de casos de SRAG, das quais, 69.954 (47.3%) tiveram resultado laboratorial positivo para algum v\u00edrus respirat\u00f3rio, 61.932 (41.9%) foram negativas, enquanto 8.082 (5.5%) aguardam resultado laboratorial.<\/p>\n<p>Entre os casos positivos deste ano, 17.8% s\u00e3o de influenza A; 1.3%, de influenza B; 36.9%, de v\u00edrus sincicial respirat\u00f3rio; 25.4%, de rinov\u00edrus; e 19.0%, de Sars-CoV-2 (covid-19).<\/p>\n<p>A Fiocruz ressalta que os dados de positividade para semanas recentes \u201cest\u00e3o sujeitos a grandes altera\u00e7\u00f5es em atualiza\u00e7\u00f5es seguintes por conta do fluxo de notifica\u00e7\u00e3o de casos e inser\u00e7\u00e3o do resultado laboratorial associado\u201d.<\/p>\n<h2>Mortes<\/h2>\n<p>Neste ano, j\u00e1 foram registrados 9.040 \u00f3bitos, dos quais 4.677 (51.7%) tiveram resultado laboratorial positivo para algum v\u00edrus respirat\u00f3rio; 3.632 (40.2%), negativo; enquanto 165 (1.8%) aguardam resultado. Nos resultados positivos neste ano, 28.4% s\u00e3o de influenza A; 1.5%, de influenza B; 8.9%, de v\u00edrus sincicial respirat\u00f3rio; 8.5%; de rinov\u00edrus, e 52.0%, de Sars-CoV-2 (covid-19).\u201cNas quatro \u00faltimas semanas epidemiol\u00f3gicas, a preval\u00eancia entre os casos positivos foi de 17.2% para influenza A; 6.8%, para influenza B; 1.7%, para v\u00edrus sincicial respirat\u00f3rio; 7.4%, para rinov\u00edrus; e 61.8% para Sars-CoV-2 (covid-19), conclui o Boletim InfoGripe.<\/p>\n<p><em><strong>Ag\u00eancia Brasil<\/strong><\/em><\/p>\n","protected":false},"excerpt":{"rendered":"<p>Quatro estados, por\u00e9m, registram aumento de casos, diz InfoGripe Os casos de s\u00edndrome respirat\u00f3ria aguda<\/p>\n","protected":false},"author":4,"featured_media":44580,"comment_status":"open","ping_status":"open","sticky":false,"template":"","format":"standard","meta":{"footnotes":""},"categories":[7],"tags":[],"class_list":["post-44579","post","type-post","status-publish","format-standard","has-post-thumbnail","hentry","category-saude"],"yoast_head":"<!-- This site is optimized with the Yoast SEO plugin v27.5 - https:\/\/yoast.com\/product\/yoast-seo-wordpress\/ -->\n<title>Fiocruz aponta sinais de queda em alta recente da covid-19 no pa\u00eds - Jornal<\/title>\n<meta name=\"description\" content=\"Fiocruz aponta sinais de queda em alta recente da covid-19 no pa\u00eds\" \/>\n<meta name=\"robots\" content=\"index, follow, max-snippet:-1, max-image-preview:large, max-video-preview:-1\" \/>\n<link rel=\"canonical\" href=\"https:\/\/jornalboasnoticias.com.br\/home\/fiocruz-aponta-sinais-de-queda-em-alta-recente-da-covid-19-no-pais\/\" \/>\n<meta property=\"og:locale\" content=\"pt_BR\" \/>\n<meta property=\"og:type\" content=\"article\" \/>\n<meta property=\"og:title\" content=\"Fiocruz aponta sinais de queda em alta recente da covid-19 no pa\u00eds - Jornal\" \/>\n<meta property=\"og:description\" content=\"Fiocruz aponta sinais de queda em alta recente da covid-19 no pa\u00eds\" \/>\n<meta property=\"og:url\" content=\"https:\/\/jornalboasnoticias.com.br\/home\/fiocruz-aponta-sinais-de-queda-em-alta-recente-da-covid-19-no-pais\/\" \/>\n<meta property=\"og:site_name\" content=\"Jornal\" \/>\n<meta property=\"article:publisher\" content=\"https:\/\/www.facebook.com\/boasnoticiasjornal\" \/>\n<meta property=\"article:published_time\" content=\"2024-10-25T18:44:23+00:00\" \/>\n<meta property=\"og:image\" content=\"https:\/\/jornalboasnoticias.com.br\/home\/wp-content\/uploads\/2024\/10\/orientacao-da-secretaria-de-saude-e-que-todas-as-175-ubss-facam-a-testagem.-foto-tony-winston-4-2048x1343-1.webp\" \/>\n\t<meta property=\"og:image:width\" content=\"1170\" \/>\n\t<meta property=\"og:image:height\" content=\"700\" \/>\n\t<meta property=\"og:image:type\" content=\"image\/webp\" \/>\n<meta name=\"author\" content=\"Ana Luiza Bonatto\" \/>\n<meta name=\"twitter:card\" content=\"summary_large_image\" \/>\n<meta name=\"twitter:label1\" content=\"Escrito por\" \/>\n\t<meta name=\"twitter:data1\" content=\"Ana Luiza Bonatto\" \/>\n\t<meta name=\"twitter:label2\" content=\"Est. tempo de leitura\" \/>\n\t<meta name=\"twitter:data2\" content=\"5 minutos\" \/>\n<script type=\"application\/ld+json\" class=\"yoast-schema-graph\">{\"@context\":\"https:\\\/\\\/schema.org\",\"@graph\":[{\"@type\":\"Article\",\"@id\":\"https:\\\/\\\/jornalboasnoticias.com.br\\\/home\\\/fiocruz-aponta-sinais-de-queda-em-alta-recente-da-covid-19-no-pais\\\/#article\",\"isPartOf\":{\"@id\":\"https:\\\/\\\/jornalboasnoticias.com.br\\\/home\\\/fiocruz-aponta-sinais-de-queda-em-alta-recente-da-covid-19-no-pais\\\/\"},\"author\":{\"name\":\"Ana Luiza Bonatto\",\"@id\":\"https:\\\/\\\/jornalboasnoticias.com.br\\\/home\\\/#\\\/schema\\\/person\\\/d641193e0afc6405b390164dac847971\"},\"headline\":\"Fiocruz aponta sinais de queda em alta recente da covid-19 no pa\u00eds\",\"datePublished\":\"2024-10-25T18:44:23+00:00\",\"mainEntityOfPage\":{\"@id\":\"https:\\\/\\\/jornalboasnoticias.com.br\\\/home\\\/fiocruz-aponta-sinais-de-queda-em-alta-recente-da-covid-19-no-pais\\\/\"},\"wordCount\":792,\"commentCount\":0,\"publisher\":{\"@id\":\"https:\\\/\\\/jornalboasnoticias.com.br\\\/home\\\/#organization\"},\"image\":{\"@id\":\"https:\\\/\\\/jornalboasnoticias.com.br\\\/home\\\/fiocruz-aponta-sinais-de-queda-em-alta-recente-da-covid-19-no-pais\\\/#primaryimage\"},\"thumbnailUrl\":\"https:\\\/\\\/jornalboasnoticias.com.br\\\/home\\\/wp-content\\\/uploads\\\/2024\\\/10\\\/orientacao-da-secretaria-de-saude-e-que-todas-as-175-ubss-facam-a-testagem.-foto-tony-winston-4-2048x1343-1.webp\",\"articleSection\":[\"SA\u00daDE\"],\"inLanguage\":\"pt-BR\",\"potentialAction\":[{\"@type\":\"CommentAction\",\"name\":\"Comment\",\"target\":[\"https:\\\/\\\/jornalboasnoticias.com.br\\\/home\\\/fiocruz-aponta-sinais-de-queda-em-alta-recente-da-covid-19-no-pais\\\/#respond\"]}]},{\"@type\":\"WebPage\",\"@id\":\"https:\\\/\\\/jornalboasnoticias.com.br\\\/home\\\/fiocruz-aponta-sinais-de-queda-em-alta-recente-da-covid-19-no-pais\\\/\",\"url\":\"https:\\\/\\\/jornalboasnoticias.com.br\\\/home\\\/fiocruz-aponta-sinais-de-queda-em-alta-recente-da-covid-19-no-pais\\\/\",\"name\":\"Fiocruz aponta sinais de queda em alta recente da covid-19 no pa\u00eds - Jornal\",\"isPartOf\":{\"@id\":\"https:\\\/\\\/jornalboasnoticias.com.br\\\/home\\\/#website\"},\"primaryImageOfPage\":{\"@id\":\"https:\\\/\\\/jornalboasnoticias.com.br\\\/home\\\/fiocruz-aponta-sinais-de-queda-em-alta-recente-da-covid-19-no-pais\\\/#primaryimage\"},\"image\":{\"@id\":\"https:\\\/\\\/jornalboasnoticias.com.br\\\/home\\\/fiocruz-aponta-sinais-de-queda-em-alta-recente-da-covid-19-no-pais\\\/#primaryimage\"},\"thumbnailUrl\":\"https:\\\/\\\/jornalboasnoticias.com.br\\\/home\\\/wp-content\\\/uploads\\\/2024\\\/10\\\/orientacao-da-secretaria-de-saude-e-que-todas-as-175-ubss-facam-a-testagem.-foto-tony-winston-4-2048x1343-1.webp\",\"datePublished\":\"2024-10-25T18:44:23+00:00\",\"description\":\"Fiocruz aponta sinais de queda em alta recente da covid-19 no pa\u00eds\",\"breadcrumb\":{\"@id\":\"https:\\\/\\\/jornalboasnoticias.com.br\\\/home\\\/fiocruz-aponta-sinais-de-queda-em-alta-recente-da-covid-19-no-pais\\\/#breadcrumb\"},\"inLanguage\":\"pt-BR\",\"potentialAction\":[{\"@type\":\"ReadAction\",\"target\":[\"https:\\\/\\\/jornalboasnoticias.com.br\\\/home\\\/fiocruz-aponta-sinais-de-queda-em-alta-recente-da-covid-19-no-pais\\\/\"]}]},{\"@type\":\"ImageObject\",\"inLanguage\":\"pt-BR\",\"@id\":\"https:\\\/\\\/jornalboasnoticias.com.br\\\/home\\\/fiocruz-aponta-sinais-de-queda-em-alta-recente-da-covid-19-no-pais\\\/#primaryimage\",\"url\":\"https:\\\/\\\/jornalboasnoticias.com.br\\\/home\\\/wp-content\\\/uploads\\\/2024\\\/10\\\/orientacao-da-secretaria-de-saude-e-que-todas-as-175-ubss-facam-a-testagem.-foto-tony-winston-4-2048x1343-1.webp\",\"contentUrl\":\"https:\\\/\\\/jornalboasnoticias.com.br\\\/home\\\/wp-content\\\/uploads\\\/2024\\\/10\\\/orientacao-da-secretaria-de-saude-e-que-todas-as-175-ubss-facam-a-testagem.-foto-tony-winston-4-2048x1343-1.webp\",\"width\":1170,\"height\":700,\"caption\":\"\u00a9 Tony Winston\\\/Ag\u00eancia Bras\u00edlia\"},{\"@type\":\"BreadcrumbList\",\"@id\":\"https:\\\/\\\/jornalboasnoticias.com.br\\\/home\\\/fiocruz-aponta-sinais-de-queda-em-alta-recente-da-covid-19-no-pais\\\/#breadcrumb\",\"itemListElement\":[{\"@type\":\"ListItem\",\"position\":1,\"name\":\"In\u00edcio\",\"item\":\"https:\\\/\\\/jornalboasnoticias.com.br\\\/home\\\/\"},{\"@type\":\"ListItem\",\"position\":2,\"name\":\"Fiocruz aponta sinais de queda em alta recente da covid-19 no pa\u00eds\"}]},{\"@type\":\"WebSite\",\"@id\":\"https:\\\/\\\/jornalboasnoticias.com.br\\\/home\\\/#website\",\"url\":\"https:\\\/\\\/jornalboasnoticias.com.br\\\/home\\\/\",\"name\":\"Jornal Boas Not\u00edcias\",\"description\":\"Boas not\u00edcias\",\"publisher\":{\"@id\":\"https:\\\/\\\/jornalboasnoticias.com.br\\\/home\\\/#organization\"},\"potentialAction\":[{\"@type\":\"SearchAction\",\"target\":{\"@type\":\"EntryPoint\",\"urlTemplate\":\"https:\\\/\\\/jornalboasnoticias.com.br\\\/home\\\/?s={search_term_string}\"},\"query-input\":{\"@type\":\"PropertyValueSpecification\",\"valueRequired\":true,\"valueName\":\"search_term_string\"}}],\"inLanguage\":\"pt-BR\"},{\"@type\":\"Organization\",\"@id\":\"https:\\\/\\\/jornalboasnoticias.com.br\\\/home\\\/#organization\",\"name\":\"Coq Editora Ltda\",\"alternateName\":\"Jornal Boas Noticias\",\"url\":\"https:\\\/\\\/jornalboasnoticias.com.br\\\/home\\\/\",\"logo\":{\"@type\":\"ImageObject\",\"inLanguage\":\"pt-BR\",\"@id\":\"https:\\\/\\\/jornalboasnoticias.com.br\\\/home\\\/#\\\/schema\\\/logo\\\/image\\\/\",\"url\":\"https:\\\/\\\/jornalboasnoticias.com.br\\\/home\\\/wp-content\\\/uploads\\\/2024\\\/07\\\/cropped-logo.jpg\",\"contentUrl\":\"https:\\\/\\\/jornalboasnoticias.com.br\\\/home\\\/wp-content\\\/uploads\\\/2024\\\/07\\\/cropped-logo.jpg\",\"width\":290,\"height\":142,\"caption\":\"Coq Editora Ltda\"},\"image\":{\"@id\":\"https:\\\/\\\/jornalboasnoticias.com.br\\\/home\\\/#\\\/schema\\\/logo\\\/image\\\/\"},\"sameAs\":[\"https:\\\/\\\/www.facebook.com\\\/boasnoticiasjornal\"]},{\"@type\":\"Person\",\"@id\":\"https:\\\/\\\/jornalboasnoticias.com.br\\\/home\\\/#\\\/schema\\\/person\\\/d641193e0afc6405b390164dac847971\",\"name\":\"Ana Luiza Bonatto\",\"image\":{\"@type\":\"ImageObject\",\"inLanguage\":\"pt-BR\",\"@id\":\"https:\\\/\\\/secure.gravatar.com\\\/avatar\\\/8a055ebe6373371f67ac6fcf313c0ac0b0a91157fdcdb9514fa62927373348f0?s=96&d=mm&r=g\",\"url\":\"https:\\\/\\\/secure.gravatar.com\\\/avatar\\\/8a055ebe6373371f67ac6fcf313c0ac0b0a91157fdcdb9514fa62927373348f0?s=96&d=mm&r=g\",\"contentUrl\":\"https:\\\/\\\/secure.gravatar.com\\\/avatar\\\/8a055ebe6373371f67ac6fcf313c0ac0b0a91157fdcdb9514fa62927373348f0?s=96&d=mm&r=g\",\"caption\":\"Ana Luiza Bonatto\"},\"url\":\"https:\\\/\\\/jornalboasnoticias.com.br\\\/home\\\/author\\\/ana-luiza\\\/\"}]}<\/script>\n<!-- \/ Yoast SEO plugin. -->","yoast_head_json":{"title":"Fiocruz aponta sinais de queda em alta recente da covid-19 no pa\u00eds - Jornal","description":"Fiocruz aponta sinais de queda em alta recente da covid-19 no pa\u00eds","robots":{"index":"index","follow":"follow","max-snippet":"max-snippet:-1","max-image-preview":"max-image-preview:large","max-video-preview":"max-video-preview:-1"},"canonical":"https:\/\/jornalboasnoticias.com.br\/home\/fiocruz-aponta-sinais-de-queda-em-alta-recente-da-covid-19-no-pais\/","og_locale":"pt_BR","og_type":"article","og_title":"Fiocruz aponta sinais de queda em alta recente da covid-19 no pa\u00eds - Jornal","og_description":"Fiocruz aponta sinais de queda em alta recente da covid-19 no pa\u00eds","og_url":"https:\/\/jornalboasnoticias.com.br\/home\/fiocruz-aponta-sinais-de-queda-em-alta-recente-da-covid-19-no-pais\/","og_site_name":"Jornal","article_publisher":"https:\/\/www.facebook.com\/boasnoticiasjornal","article_published_time":"2024-10-25T18:44:23+00:00","og_image":[{"width":1170,"height":700,"url":"https:\/\/jornalboasnoticias.com.br\/home\/wp-content\/uploads\/2024\/10\/orientacao-da-secretaria-de-saude-e-que-todas-as-175-ubss-facam-a-testagem.-foto-tony-winston-4-2048x1343-1.webp","type":"image\/webp"}],"author":"Ana Luiza Bonatto","twitter_card":"summary_large_image","twitter_misc":{"Escrito por":"Ana Luiza Bonatto","Est. tempo de leitura":"5 minutos"},"schema":{"@context":"https:\/\/schema.org","@graph":[{"@type":"Article","@id":"https:\/\/jornalboasnoticias.com.br\/home\/fiocruz-aponta-sinais-de-queda-em-alta-recente-da-covid-19-no-pais\/#article","isPartOf":{"@id":"https:\/\/jornalboasnoticias.com.br\/home\/fiocruz-aponta-sinais-de-queda-em-alta-recente-da-covid-19-no-pais\/"},"author":{"name":"Ana Luiza Bonatto","@id":"https:\/\/jornalboasnoticias.com.br\/home\/#\/schema\/person\/d641193e0afc6405b390164dac847971"},"headline":"Fiocruz aponta sinais de queda em alta recente da covid-19 no pa\u00eds","datePublished":"2024-10-25T18:44:23+00:00","mainEntityOfPage":{"@id":"https:\/\/jornalboasnoticias.com.br\/home\/fiocruz-aponta-sinais-de-queda-em-alta-recente-da-covid-19-no-pais\/"},"wordCount":792,"commentCount":0,"publisher":{"@id":"https:\/\/jornalboasnoticias.com.br\/home\/#organization"},"image":{"@id":"https:\/\/jornalboasnoticias.com.br\/home\/fiocruz-aponta-sinais-de-queda-em-alta-recente-da-covid-19-no-pais\/#primaryimage"},"thumbnailUrl":"https:\/\/jornalboasnoticias.com.br\/home\/wp-content\/uploads\/2024\/10\/orientacao-da-secretaria-de-saude-e-que-todas-as-175-ubss-facam-a-testagem.-foto-tony-winston-4-2048x1343-1.webp","articleSection":["SA\u00daDE"],"inLanguage":"pt-BR","potentialAction":[{"@type":"CommentAction","name":"Comment","target":["https:\/\/jornalboasnoticias.com.br\/home\/fiocruz-aponta-sinais-de-queda-em-alta-recente-da-covid-19-no-pais\/#respond"]}]},{"@type":"WebPage","@id":"https:\/\/jornalboasnoticias.com.br\/home\/fiocruz-aponta-sinais-de-queda-em-alta-recente-da-covid-19-no-pais\/","url":"https:\/\/jornalboasnoticias.com.br\/home\/fiocruz-aponta-sinais-de-queda-em-alta-recente-da-covid-19-no-pais\/","name":"Fiocruz aponta sinais de queda em alta recente da covid-19 no pa\u00eds - Jornal","isPartOf":{"@id":"https:\/\/jornalboasnoticias.com.br\/home\/#website"},"primaryImageOfPage":{"@id":"https:\/\/jornalboasnoticias.com.br\/home\/fiocruz-aponta-sinais-de-queda-em-alta-recente-da-covid-19-no-pais\/#primaryimage"},"image":{"@id":"https:\/\/jornalboasnoticias.com.br\/home\/fiocruz-aponta-sinais-de-queda-em-alta-recente-da-covid-19-no-pais\/#primaryimage"},"thumbnailUrl":"https:\/\/jornalboasnoticias.com.br\/home\/wp-content\/uploads\/2024\/10\/orientacao-da-secretaria-de-saude-e-que-todas-as-175-ubss-facam-a-testagem.-foto-tony-winston-4-2048x1343-1.webp","datePublished":"2024-10-25T18:44:23+00:00","description":"Fiocruz aponta sinais de queda em alta recente da covid-19 no pa\u00eds","breadcrumb":{"@id":"https:\/\/jornalboasnoticias.com.br\/home\/fiocruz-aponta-sinais-de-queda-em-alta-recente-da-covid-19-no-pais\/#breadcrumb"},"inLanguage":"pt-BR","potentialAction":[{"@type":"ReadAction","target":["https:\/\/jornalboasnoticias.com.br\/home\/fiocruz-aponta-sinais-de-queda-em-alta-recente-da-covid-19-no-pais\/"]}]},{"@type":"ImageObject","inLanguage":"pt-BR","@id":"https:\/\/jornalboasnoticias.com.br\/home\/fiocruz-aponta-sinais-de-queda-em-alta-recente-da-covid-19-no-pais\/#primaryimage","url":"https:\/\/jornalboasnoticias.com.br\/home\/wp-content\/uploads\/2024\/10\/orientacao-da-secretaria-de-saude-e-que-todas-as-175-ubss-facam-a-testagem.-foto-tony-winston-4-2048x1343-1.webp","contentUrl":"https:\/\/jornalboasnoticias.com.br\/home\/wp-content\/uploads\/2024\/10\/orientacao-da-secretaria-de-saude-e-que-todas-as-175-ubss-facam-a-testagem.-foto-tony-winston-4-2048x1343-1.webp","width":1170,"height":700,"caption":"\u00a9 Tony Winston\/Ag\u00eancia Bras\u00edlia"},{"@type":"BreadcrumbList","@id":"https:\/\/jornalboasnoticias.com.br\/home\/fiocruz-aponta-sinais-de-queda-em-alta-recente-da-covid-19-no-pais\/#breadcrumb","itemListElement":[{"@type":"ListItem","position":1,"name":"In\u00edcio","item":"https:\/\/jornalboasnoticias.com.br\/home\/"},{"@type":"ListItem","position":2,"name":"Fiocruz aponta sinais de queda em alta recente da covid-19 no pa\u00eds"}]},{"@type":"WebSite","@id":"https:\/\/jornalboasnoticias.com.br\/home\/#website","url":"https:\/\/jornalboasnoticias.com.br\/home\/","name":"Jornal Boas Not\u00edcias","description":"Boas not\u00edcias","publisher":{"@id":"https:\/\/jornalboasnoticias.com.br\/home\/#organization"},"potentialAction":[{"@type":"SearchAction","target":{"@type":"EntryPoint","urlTemplate":"https:\/\/jornalboasnoticias.com.br\/home\/?s={search_term_string}"},"query-input":{"@type":"PropertyValueSpecification","valueRequired":true,"valueName":"search_term_string"}}],"inLanguage":"pt-BR"},{"@type":"Organization","@id":"https:\/\/jornalboasnoticias.com.br\/home\/#organization","name":"Coq Editora Ltda","alternateName":"Jornal Boas Noticias","url":"https:\/\/jornalboasnoticias.com.br\/home\/","logo":{"@type":"ImageObject","inLanguage":"pt-BR","@id":"https:\/\/jornalboasnoticias.com.br\/home\/#\/schema\/logo\/image\/","url":"https:\/\/jornalboasnoticias.com.br\/home\/wp-content\/uploads\/2024\/07\/cropped-logo.jpg","contentUrl":"https:\/\/jornalboasnoticias.com.br\/home\/wp-content\/uploads\/2024\/07\/cropped-logo.jpg","width":290,"height":142,"caption":"Coq Editora Ltda"},"image":{"@id":"https:\/\/jornalboasnoticias.com.br\/home\/#\/schema\/logo\/image\/"},"sameAs":["https:\/\/www.facebook.com\/boasnoticiasjornal"]},{"@type":"Person","@id":"https:\/\/jornalboasnoticias.com.br\/home\/#\/schema\/person\/d641193e0afc6405b390164dac847971","name":"Ana Luiza Bonatto","image":{"@type":"ImageObject","inLanguage":"pt-BR","@id":"https:\/\/secure.gravatar.com\/avatar\/8a055ebe6373371f67ac6fcf313c0ac0b0a91157fdcdb9514fa62927373348f0?s=96&d=mm&r=g","url":"https:\/\/secure.gravatar.com\/avatar\/8a055ebe6373371f67ac6fcf313c0ac0b0a91157fdcdb9514fa62927373348f0?s=96&d=mm&r=g","contentUrl":"https:\/\/secure.gravatar.com\/avatar\/8a055ebe6373371f67ac6fcf313c0ac0b0a91157fdcdb9514fa62927373348f0?s=96&d=mm&r=g","caption":"Ana Luiza Bonatto"},"url":"https:\/\/jornalboasnoticias.com.br\/home\/author\/ana-luiza\/"}]}},"_links":{"self":[{"href":"https:\/\/jornalboasnoticias.com.br\/home\/wp-json\/wp\/v2\/posts\/44579","targetHints":{"allow":["GET"]}}],"collection":[{"href":"https:\/\/jornalboasnoticias.com.br\/home\/wp-json\/wp\/v2\/posts"}],"about":[{"href":"https:\/\/jornalboasnoticias.com.br\/home\/wp-json\/wp\/v2\/types\/post"}],"author":[{"embeddable":true,"href":"https:\/\/jornalboasnoticias.com.br\/home\/wp-json\/wp\/v2\/users\/4"}],"replies":[{"embeddable":true,"href":"https:\/\/jornalboasnoticias.com.br\/home\/wp-json\/wp\/v2\/comments?post=44579"}],"version-history":[{"count":1,"href":"https:\/\/jornalboasnoticias.com.br\/home\/wp-json\/wp\/v2\/posts\/44579\/revisions"}],"predecessor-version":[{"id":44581,"href":"https:\/\/jornalboasnoticias.com.br\/home\/wp-json\/wp\/v2\/posts\/44579\/revisions\/44581"}],"wp:featuredmedia":[{"embeddable":true,"href":"https:\/\/jornalboasnoticias.com.br\/home\/wp-json\/wp\/v2\/media\/44580"}],"wp:attachment":[{"href":"https:\/\/jornalboasnoticias.com.br\/home\/wp-json\/wp\/v2\/media?parent=44579"}],"wp:term":[{"taxonomy":"category","embeddable":true,"href":"https:\/\/jornalboasnoticias.com.br\/home\/wp-json\/wp\/v2\/categories?post=44579"},{"taxonomy":"post_tag","embeddable":true,"href":"https:\/\/jornalboasnoticias.com.br\/home\/wp-json\/wp\/v2\/tags?post=44579"}],"curies":[{"name":"wp","href":"https:\/\/api.w.org\/{rel}","templated":true}]}}