{"id":44576,"date":"2024-10-25T18:43:10","date_gmt":"2024-10-25T18:43:10","guid":{"rendered":"https:\/\/jornalboasnoticias.com.br\/home\/?p=44576"},"modified":"2024-10-25T18:43:10","modified_gmt":"2024-10-25T18:43:10","slug":"lula-faz-exames-em-brasilia-e-apresenta-quadro-estavel","status":"publish","type":"post","link":"https:\/\/jornalboasnoticias.com.br\/home\/lula-faz-exames-em-brasilia-e-apresenta-quadro-estavel\/","title":{"rendered":"Lula faz exames em Bras\u00edlia e apresenta quadro est\u00e1vel"},"content":{"rendered":"<figure id=\"attachment_44577\" aria-describedby=\"caption-attachment-44577\" style=\"width: 1170px\" class=\"wp-caption alignnone\"><img loading=\"lazy\" decoding=\"async\" class=\"size-full wp-image-44577\" src=\"https:\/\/jornalboasnoticias.com.br\/home\/wp-content\/uploads\/2024\/10\/lula-acordo-mariana_mcamgo_abr_25102024-20.webp\" alt=\"\" width=\"1170\" height=\"700\" srcset=\"https:\/\/jornalboasnoticias.com.br\/home\/wp-content\/uploads\/2024\/10\/lula-acordo-mariana_mcamgo_abr_25102024-20.webp 1170w, https:\/\/jornalboasnoticias.com.br\/home\/wp-content\/uploads\/2024\/10\/lula-acordo-mariana_mcamgo_abr_25102024-20-300x179.webp 300w, https:\/\/jornalboasnoticias.com.br\/home\/wp-content\/uploads\/2024\/10\/lula-acordo-mariana_mcamgo_abr_25102024-20-1024x613.webp 1024w, https:\/\/jornalboasnoticias.com.br\/home\/wp-content\/uploads\/2024\/10\/lula-acordo-mariana_mcamgo_abr_25102024-20-768x459.webp 768w\" sizes=\"auto, (max-width: 1170px) 100vw, 1170px\" \/><figcaption id=\"caption-attachment-44577\" class=\"wp-caption-text\">\u00a9 Marcelo Camargo\/Ag\u00eancia Brasil<\/figcaption><\/figure>\n<div class=\"header-noticia full-width\">\n<blockquote>\n<div class=\"linha-fina-noticia\">Presidente est\u00e1 apto para rotina, mas cancela viagem \u00e0 Col\u00f4mbia<\/div>\n<\/blockquote>\n<\/div>\n<div>\n<p>O presidente Luiz In\u00e1cio Lula da Silva realizou exames, nesta sexta-feira (25), em Bras\u00edlia, e, de acordo com o boletim m\u00e9dico do Hospital S\u00edrio-Liban\u00eas, o quadro \u00e9 est\u00e1vel. Conforme o boletim, Lula est\u00e1 apto a exercer sua rotina de trabalho em Bras\u00edlia. Uma nova avalia\u00e7\u00e3o ocorrer\u00e1 em cinco dias.<img decoding=\"async\" src=\"https:\/\/agenciabrasil.ebc.com.br\/ebc.png?id=1616965&amp;o=node\" \/><img decoding=\"async\" src=\"https:\/\/agenciabrasil.ebc.com.br\/ebc.gif?id=1616965&amp;o=node\" \/><\/p>\n<p>No \u00faltimo s\u00e1bado (19), Lula sofreu uma queda no banheiro da resid\u00eancia oficial, no Pal\u00e1cio da Alvorada, bateu a cabe\u00e7a e precisou levar cinco pontos na regi\u00e3o da nuca.<\/p>\n<p>Com isso, Lula n\u00e3o ir\u00e1 a S\u00e3o Paulo para o segundo turno das elei\u00e7\u00f5es municipais, no domingo (27); o presidente vota em S\u00e3o Bernardo do Campo, no interior do estado, e estaria em atos de campanha de aliados. Ele tamb\u00e9m n\u00e3o viajar\u00e1 para Cali, na Col\u00f4mbia, onde participaria da\u00a0Confer\u00eancia das Na\u00e7\u00f5es Unidas sobre Biodiversidade, que ocorre at\u00e9 o pr\u00f3ximo dia 1\u00b0 de novembro.<\/p>\n<p>Exames de imagem realizados logo ap\u00f3s a queda mostraram uma pequena hemorragia no c\u00e9rebro do presidente, e a equipe m\u00e9dica recomendou, por precau\u00e7\u00e3o, evitar viagens de longa dist\u00e2ncia. Na ocasi\u00e3o, Lula\u00a0cancelou\u00a0a viagem que faria para participar da C\u00fapula de L\u00edderes do Brics, em Kazan, na R\u00fassia.<\/p>\n<p>\u201cO exame est\u00e1 est\u00e1vel em rela\u00e7\u00e3o aos anteriores. [Lula] est\u00e1 apto para exercer sua rotina de trabalho em Bras\u00edlia. Uma nova avalia\u00e7\u00e3o ocorrer\u00e1 em cinco dias\u201d, diz o boletim.<\/p>\n<p>O presidente permanece sob acompanhamento da sua equipe m\u00e9dica. Lula est\u00e1 aos cuidados do seu m\u00e9dico pessoal, Roberto Kalil Filho, e da m\u00e9dica da Presid\u00eancia, Ana Helena Germoglio.<\/p>\n<p>(Ag\u00eancia Brasil)<\/p>\n<\/div>\n","protected":false},"excerpt":{"rendered":"<p>Presidente est\u00e1 apto para rotina, mas cancela viagem \u00e0 Col\u00f4mbia O presidente Luiz In\u00e1cio Lula<\/p>\n","protected":false},"author":4,"featured_media":44577,"comment_status":"open","ping_status":"open","sticky":false,"template":"","format":"standard","meta":{"footnotes":""},"categories":[6,3],"tags":[],"class_list":["post-44576","post","type-post","status-publish","format-standard","has-post-thumbnail","hentry","category-brasil","category-destaques"],"yoast_head":"<!-- This site is optimized with the Yoast SEO plugin v27.5 - https:\/\/yoast.com\/product\/yoast-seo-wordpress\/ -->\n<title>Lula faz exames em Bras\u00edlia e apresenta quadro est\u00e1vel - Jornal<\/title>\n<meta name=\"description\" content=\"Lula faz exames em Bras\u00edlia e apresenta quadro est\u00e1vel\" \/>\n<meta name=\"robots\" content=\"index, follow, max-snippet:-1, max-image-preview:large, max-video-preview:-1\" \/>\n<link rel=\"canonical\" href=\"https:\/\/jornalboasnoticias.com.br\/home\/lula-faz-exames-em-brasilia-e-apresenta-quadro-estavel\/\" \/>\n<meta property=\"og:locale\" content=\"pt_BR\" \/>\n<meta property=\"og:type\" content=\"article\" \/>\n<meta property=\"og:title\" content=\"Lula faz exames em Bras\u00edlia e apresenta quadro est\u00e1vel - Jornal\" \/>\n<meta property=\"og:description\" content=\"Lula faz exames em Bras\u00edlia e apresenta quadro est\u00e1vel\" \/>\n<meta property=\"og:url\" content=\"https:\/\/jornalboasnoticias.com.br\/home\/lula-faz-exames-em-brasilia-e-apresenta-quadro-estavel\/\" \/>\n<meta property=\"og:site_name\" content=\"Jornal\" \/>\n<meta property=\"article:publisher\" content=\"https:\/\/www.facebook.com\/boasnoticiasjornal\" \/>\n<meta property=\"article:published_time\" content=\"2024-10-25T18:43:10+00:00\" \/>\n<meta property=\"og:image\" content=\"https:\/\/jornalboasnoticias.com.br\/home\/wp-content\/uploads\/2024\/10\/lula-acordo-mariana_mcamgo_abr_25102024-20.webp\" \/>\n\t<meta property=\"og:image:width\" content=\"1170\" \/>\n\t<meta property=\"og:image:height\" content=\"700\" \/>\n\t<meta property=\"og:image:type\" content=\"image\/webp\" \/>\n<meta name=\"author\" content=\"Ana Luiza Bonatto\" \/>\n<meta name=\"twitter:card\" content=\"summary_large_image\" \/>\n<meta name=\"twitter:label1\" content=\"Escrito por\" \/>\n\t<meta name=\"twitter:data1\" content=\"Ana Luiza Bonatto\" \/>\n\t<meta name=\"twitter:label2\" content=\"Est. tempo de leitura\" \/>\n\t<meta name=\"twitter:data2\" content=\"3 minutos\" \/>\n<script type=\"application\/ld+json\" class=\"yoast-schema-graph\">{\"@context\":\"https:\\\/\\\/schema.org\",\"@graph\":[{\"@type\":\"Article\",\"@id\":\"https:\\\/\\\/jornalboasnoticias.com.br\\\/home\\\/lula-faz-exames-em-brasilia-e-apresenta-quadro-estavel\\\/#article\",\"isPartOf\":{\"@id\":\"https:\\\/\\\/jornalboasnoticias.com.br\\\/home\\\/lula-faz-exames-em-brasilia-e-apresenta-quadro-estavel\\\/\"},\"author\":{\"name\":\"Ana Luiza Bonatto\",\"@id\":\"https:\\\/\\\/jornalboasnoticias.com.br\\\/home\\\/#\\\/schema\\\/person\\\/d641193e0afc6405b390164dac847971\"},\"headline\":\"Lula faz exames em Bras\u00edlia e apresenta quadro est\u00e1vel\",\"datePublished\":\"2024-10-25T18:43:10+00:00\",\"mainEntityOfPage\":{\"@id\":\"https:\\\/\\\/jornalboasnoticias.com.br\\\/home\\\/lula-faz-exames-em-brasilia-e-apresenta-quadro-estavel\\\/\"},\"wordCount\":318,\"commentCount\":0,\"publisher\":{\"@id\":\"https:\\\/\\\/jornalboasnoticias.com.br\\\/home\\\/#organization\"},\"image\":{\"@id\":\"https:\\\/\\\/jornalboasnoticias.com.br\\\/home\\\/lula-faz-exames-em-brasilia-e-apresenta-quadro-estavel\\\/#primaryimage\"},\"thumbnailUrl\":\"https:\\\/\\\/jornalboasnoticias.com.br\\\/home\\\/wp-content\\\/uploads\\\/2024\\\/10\\\/lula-acordo-mariana_mcamgo_abr_25102024-20.webp\",\"articleSection\":[\"BRASIL\",\"DESTAQUE\"],\"inLanguage\":\"pt-BR\",\"potentialAction\":[{\"@type\":\"CommentAction\",\"name\":\"Comment\",\"target\":[\"https:\\\/\\\/jornalboasnoticias.com.br\\\/home\\\/lula-faz-exames-em-brasilia-e-apresenta-quadro-estavel\\\/#respond\"]}]},{\"@type\":\"WebPage\",\"@id\":\"https:\\\/\\\/jornalboasnoticias.com.br\\\/home\\\/lula-faz-exames-em-brasilia-e-apresenta-quadro-estavel\\\/\",\"url\":\"https:\\\/\\\/jornalboasnoticias.com.br\\\/home\\\/lula-faz-exames-em-brasilia-e-apresenta-quadro-estavel\\\/\",\"name\":\"Lula faz exames em Bras\u00edlia e apresenta quadro est\u00e1vel - Jornal\",\"isPartOf\":{\"@id\":\"https:\\\/\\\/jornalboasnoticias.com.br\\\/home\\\/#website\"},\"primaryImageOfPage\":{\"@id\":\"https:\\\/\\\/jornalboasnoticias.com.br\\\/home\\\/lula-faz-exames-em-brasilia-e-apresenta-quadro-estavel\\\/#primaryimage\"},\"image\":{\"@id\":\"https:\\\/\\\/jornalboasnoticias.com.br\\\/home\\\/lula-faz-exames-em-brasilia-e-apresenta-quadro-estavel\\\/#primaryimage\"},\"thumbnailUrl\":\"https:\\\/\\\/jornalboasnoticias.com.br\\\/home\\\/wp-content\\\/uploads\\\/2024\\\/10\\\/lula-acordo-mariana_mcamgo_abr_25102024-20.webp\",\"datePublished\":\"2024-10-25T18:43:10+00:00\",\"description\":\"Lula faz exames em Bras\u00edlia e apresenta quadro est\u00e1vel\",\"breadcrumb\":{\"@id\":\"https:\\\/\\\/jornalboasnoticias.com.br\\\/home\\\/lula-faz-exames-em-brasilia-e-apresenta-quadro-estavel\\\/#breadcrumb\"},\"inLanguage\":\"pt-BR\",\"potentialAction\":[{\"@type\":\"ReadAction\",\"target\":[\"https:\\\/\\\/jornalboasnoticias.com.br\\\/home\\\/lula-faz-exames-em-brasilia-e-apresenta-quadro-estavel\\\/\"]}]},{\"@type\":\"ImageObject\",\"inLanguage\":\"pt-BR\",\"@id\":\"https:\\\/\\\/jornalboasnoticias.com.br\\\/home\\\/lula-faz-exames-em-brasilia-e-apresenta-quadro-estavel\\\/#primaryimage\",\"url\":\"https:\\\/\\\/jornalboasnoticias.com.br\\\/home\\\/wp-content\\\/uploads\\\/2024\\\/10\\\/lula-acordo-mariana_mcamgo_abr_25102024-20.webp\",\"contentUrl\":\"https:\\\/\\\/jornalboasnoticias.com.br\\\/home\\\/wp-content\\\/uploads\\\/2024\\\/10\\\/lula-acordo-mariana_mcamgo_abr_25102024-20.webp\",\"width\":1170,\"height\":700,\"caption\":\"\u00a9 Marcelo Camargo\\\/Ag\u00eancia Brasil\"},{\"@type\":\"BreadcrumbList\",\"@id\":\"https:\\\/\\\/jornalboasnoticias.com.br\\\/home\\\/lula-faz-exames-em-brasilia-e-apresenta-quadro-estavel\\\/#breadcrumb\",\"itemListElement\":[{\"@type\":\"ListItem\",\"position\":1,\"name\":\"In\u00edcio\",\"item\":\"https:\\\/\\\/jornalboasnoticias.com.br\\\/home\\\/\"},{\"@type\":\"ListItem\",\"position\":2,\"name\":\"Lula faz exames em Bras\u00edlia e apresenta quadro est\u00e1vel\"}]},{\"@type\":\"WebSite\",\"@id\":\"https:\\\/\\\/jornalboasnoticias.com.br\\\/home\\\/#website\",\"url\":\"https:\\\/\\\/jornalboasnoticias.com.br\\\/home\\\/\",\"name\":\"Jornal Boas Not\u00edcias\",\"description\":\"Boas not\u00edcias\",\"publisher\":{\"@id\":\"https:\\\/\\\/jornalboasnoticias.com.br\\\/home\\\/#organization\"},\"potentialAction\":[{\"@type\":\"SearchAction\",\"target\":{\"@type\":\"EntryPoint\",\"urlTemplate\":\"https:\\\/\\\/jornalboasnoticias.com.br\\\/home\\\/?s={search_term_string}\"},\"query-input\":{\"@type\":\"PropertyValueSpecification\",\"valueRequired\":true,\"valueName\":\"search_term_string\"}}],\"inLanguage\":\"pt-BR\"},{\"@type\":\"Organization\",\"@id\":\"https:\\\/\\\/jornalboasnoticias.com.br\\\/home\\\/#organization\",\"name\":\"Coq Editora Ltda\",\"alternateName\":\"Jornal Boas Noticias\",\"url\":\"https:\\\/\\\/jornalboasnoticias.com.br\\\/home\\\/\",\"logo\":{\"@type\":\"ImageObject\",\"inLanguage\":\"pt-BR\",\"@id\":\"https:\\\/\\\/jornalboasnoticias.com.br\\\/home\\\/#\\\/schema\\\/logo\\\/image\\\/\",\"url\":\"https:\\\/\\\/jornalboasnoticias.com.br\\\/home\\\/wp-content\\\/uploads\\\/2024\\\/07\\\/cropped-logo.jpg\",\"contentUrl\":\"https:\\\/\\\/jornalboasnoticias.com.br\\\/home\\\/wp-content\\\/uploads\\\/2024\\\/07\\\/cropped-logo.jpg\",\"width\":290,\"height\":142,\"caption\":\"Coq Editora Ltda\"},\"image\":{\"@id\":\"https:\\\/\\\/jornalboasnoticias.com.br\\\/home\\\/#\\\/schema\\\/logo\\\/image\\\/\"},\"sameAs\":[\"https:\\\/\\\/www.facebook.com\\\/boasnoticiasjornal\"]},{\"@type\":\"Person\",\"@id\":\"https:\\\/\\\/jornalboasnoticias.com.br\\\/home\\\/#\\\/schema\\\/person\\\/d641193e0afc6405b390164dac847971\",\"name\":\"Ana Luiza Bonatto\",\"image\":{\"@type\":\"ImageObject\",\"inLanguage\":\"pt-BR\",\"@id\":\"https:\\\/\\\/secure.gravatar.com\\\/avatar\\\/8a055ebe6373371f67ac6fcf313c0ac0b0a91157fdcdb9514fa62927373348f0?s=96&d=mm&r=g\",\"url\":\"https:\\\/\\\/secure.gravatar.com\\\/avatar\\\/8a055ebe6373371f67ac6fcf313c0ac0b0a91157fdcdb9514fa62927373348f0?s=96&d=mm&r=g\",\"contentUrl\":\"https:\\\/\\\/secure.gravatar.com\\\/avatar\\\/8a055ebe6373371f67ac6fcf313c0ac0b0a91157fdcdb9514fa62927373348f0?s=96&d=mm&r=g\",\"caption\":\"Ana Luiza Bonatto\"},\"url\":\"https:\\\/\\\/jornalboasnoticias.com.br\\\/home\\\/author\\\/ana-luiza\\\/\"}]}<\/script>\n<!-- \/ Yoast SEO plugin. -->","yoast_head_json":{"title":"Lula faz exames em Bras\u00edlia e apresenta quadro est\u00e1vel - Jornal","description":"Lula faz exames em Bras\u00edlia e apresenta quadro est\u00e1vel","robots":{"index":"index","follow":"follow","max-snippet":"max-snippet:-1","max-image-preview":"max-image-preview:large","max-video-preview":"max-video-preview:-1"},"canonical":"https:\/\/jornalboasnoticias.com.br\/home\/lula-faz-exames-em-brasilia-e-apresenta-quadro-estavel\/","og_locale":"pt_BR","og_type":"article","og_title":"Lula faz exames em Bras\u00edlia e apresenta quadro est\u00e1vel - Jornal","og_description":"Lula faz exames em Bras\u00edlia e apresenta quadro est\u00e1vel","og_url":"https:\/\/jornalboasnoticias.com.br\/home\/lula-faz-exames-em-brasilia-e-apresenta-quadro-estavel\/","og_site_name":"Jornal","article_publisher":"https:\/\/www.facebook.com\/boasnoticiasjornal","article_published_time":"2024-10-25T18:43:10+00:00","og_image":[{"width":1170,"height":700,"url":"https:\/\/jornalboasnoticias.com.br\/home\/wp-content\/uploads\/2024\/10\/lula-acordo-mariana_mcamgo_abr_25102024-20.webp","type":"image\/webp"}],"author":"Ana Luiza Bonatto","twitter_card":"summary_large_image","twitter_misc":{"Escrito por":"Ana Luiza Bonatto","Est. tempo de leitura":"3 minutos"},"schema":{"@context":"https:\/\/schema.org","@graph":[{"@type":"Article","@id":"https:\/\/jornalboasnoticias.com.br\/home\/lula-faz-exames-em-brasilia-e-apresenta-quadro-estavel\/#article","isPartOf":{"@id":"https:\/\/jornalboasnoticias.com.br\/home\/lula-faz-exames-em-brasilia-e-apresenta-quadro-estavel\/"},"author":{"name":"Ana Luiza Bonatto","@id":"https:\/\/jornalboasnoticias.com.br\/home\/#\/schema\/person\/d641193e0afc6405b390164dac847971"},"headline":"Lula faz exames em Bras\u00edlia e apresenta quadro est\u00e1vel","datePublished":"2024-10-25T18:43:10+00:00","mainEntityOfPage":{"@id":"https:\/\/jornalboasnoticias.com.br\/home\/lula-faz-exames-em-brasilia-e-apresenta-quadro-estavel\/"},"wordCount":318,"commentCount":0,"publisher":{"@id":"https:\/\/jornalboasnoticias.com.br\/home\/#organization"},"image":{"@id":"https:\/\/jornalboasnoticias.com.br\/home\/lula-faz-exames-em-brasilia-e-apresenta-quadro-estavel\/#primaryimage"},"thumbnailUrl":"https:\/\/jornalboasnoticias.com.br\/home\/wp-content\/uploads\/2024\/10\/lula-acordo-mariana_mcamgo_abr_25102024-20.webp","articleSection":["BRASIL","DESTAQUE"],"inLanguage":"pt-BR","potentialAction":[{"@type":"CommentAction","name":"Comment","target":["https:\/\/jornalboasnoticias.com.br\/home\/lula-faz-exames-em-brasilia-e-apresenta-quadro-estavel\/#respond"]}]},{"@type":"WebPage","@id":"https:\/\/jornalboasnoticias.com.br\/home\/lula-faz-exames-em-brasilia-e-apresenta-quadro-estavel\/","url":"https:\/\/jornalboasnoticias.com.br\/home\/lula-faz-exames-em-brasilia-e-apresenta-quadro-estavel\/","name":"Lula faz exames em Bras\u00edlia e apresenta quadro est\u00e1vel - Jornal","isPartOf":{"@id":"https:\/\/jornalboasnoticias.com.br\/home\/#website"},"primaryImageOfPage":{"@id":"https:\/\/jornalboasnoticias.com.br\/home\/lula-faz-exames-em-brasilia-e-apresenta-quadro-estavel\/#primaryimage"},"image":{"@id":"https:\/\/jornalboasnoticias.com.br\/home\/lula-faz-exames-em-brasilia-e-apresenta-quadro-estavel\/#primaryimage"},"thumbnailUrl":"https:\/\/jornalboasnoticias.com.br\/home\/wp-content\/uploads\/2024\/10\/lula-acordo-mariana_mcamgo_abr_25102024-20.webp","datePublished":"2024-10-25T18:43:10+00:00","description":"Lula faz exames em Bras\u00edlia e apresenta quadro est\u00e1vel","breadcrumb":{"@id":"https:\/\/jornalboasnoticias.com.br\/home\/lula-faz-exames-em-brasilia-e-apresenta-quadro-estavel\/#breadcrumb"},"inLanguage":"pt-BR","potentialAction":[{"@type":"ReadAction","target":["https:\/\/jornalboasnoticias.com.br\/home\/lula-faz-exames-em-brasilia-e-apresenta-quadro-estavel\/"]}]},{"@type":"ImageObject","inLanguage":"pt-BR","@id":"https:\/\/jornalboasnoticias.com.br\/home\/lula-faz-exames-em-brasilia-e-apresenta-quadro-estavel\/#primaryimage","url":"https:\/\/jornalboasnoticias.com.br\/home\/wp-content\/uploads\/2024\/10\/lula-acordo-mariana_mcamgo_abr_25102024-20.webp","contentUrl":"https:\/\/jornalboasnoticias.com.br\/home\/wp-content\/uploads\/2024\/10\/lula-acordo-mariana_mcamgo_abr_25102024-20.webp","width":1170,"height":700,"caption":"\u00a9 Marcelo Camargo\/Ag\u00eancia Brasil"},{"@type":"BreadcrumbList","@id":"https:\/\/jornalboasnoticias.com.br\/home\/lula-faz-exames-em-brasilia-e-apresenta-quadro-estavel\/#breadcrumb","itemListElement":[{"@type":"ListItem","position":1,"name":"In\u00edcio","item":"https:\/\/jornalboasnoticias.com.br\/home\/"},{"@type":"ListItem","position":2,"name":"Lula faz exames em Bras\u00edlia e apresenta quadro est\u00e1vel"}]},{"@type":"WebSite","@id":"https:\/\/jornalboasnoticias.com.br\/home\/#website","url":"https:\/\/jornalboasnoticias.com.br\/home\/","name":"Jornal Boas Not\u00edcias","description":"Boas not\u00edcias","publisher":{"@id":"https:\/\/jornalboasnoticias.com.br\/home\/#organization"},"potentialAction":[{"@type":"SearchAction","target":{"@type":"EntryPoint","urlTemplate":"https:\/\/jornalboasnoticias.com.br\/home\/?s={search_term_string}"},"query-input":{"@type":"PropertyValueSpecification","valueRequired":true,"valueName":"search_term_string"}}],"inLanguage":"pt-BR"},{"@type":"Organization","@id":"https:\/\/jornalboasnoticias.com.br\/home\/#organization","name":"Coq Editora Ltda","alternateName":"Jornal Boas Noticias","url":"https:\/\/jornalboasnoticias.com.br\/home\/","logo":{"@type":"ImageObject","inLanguage":"pt-BR","@id":"https:\/\/jornalboasnoticias.com.br\/home\/#\/schema\/logo\/image\/","url":"https:\/\/jornalboasnoticias.com.br\/home\/wp-content\/uploads\/2024\/07\/cropped-logo.jpg","contentUrl":"https:\/\/jornalboasnoticias.com.br\/home\/wp-content\/uploads\/2024\/07\/cropped-logo.jpg","width":290,"height":142,"caption":"Coq Editora Ltda"},"image":{"@id":"https:\/\/jornalboasnoticias.com.br\/home\/#\/schema\/logo\/image\/"},"sameAs":["https:\/\/www.facebook.com\/boasnoticiasjornal"]},{"@type":"Person","@id":"https:\/\/jornalboasnoticias.com.br\/home\/#\/schema\/person\/d641193e0afc6405b390164dac847971","name":"Ana Luiza Bonatto","image":{"@type":"ImageObject","inLanguage":"pt-BR","@id":"https:\/\/secure.gravatar.com\/avatar\/8a055ebe6373371f67ac6fcf313c0ac0b0a91157fdcdb9514fa62927373348f0?s=96&d=mm&r=g","url":"https:\/\/secure.gravatar.com\/avatar\/8a055ebe6373371f67ac6fcf313c0ac0b0a91157fdcdb9514fa62927373348f0?s=96&d=mm&r=g","contentUrl":"https:\/\/secure.gravatar.com\/avatar\/8a055ebe6373371f67ac6fcf313c0ac0b0a91157fdcdb9514fa62927373348f0?s=96&d=mm&r=g","caption":"Ana Luiza Bonatto"},"url":"https:\/\/jornalboasnoticias.com.br\/home\/author\/ana-luiza\/"}]}},"_links":{"self":[{"href":"https:\/\/jornalboasnoticias.com.br\/home\/wp-json\/wp\/v2\/posts\/44576","targetHints":{"allow":["GET"]}}],"collection":[{"href":"https:\/\/jornalboasnoticias.com.br\/home\/wp-json\/wp\/v2\/posts"}],"about":[{"href":"https:\/\/jornalboasnoticias.com.br\/home\/wp-json\/wp\/v2\/types\/post"}],"author":[{"embeddable":true,"href":"https:\/\/jornalboasnoticias.com.br\/home\/wp-json\/wp\/v2\/users\/4"}],"replies":[{"embeddable":true,"href":"https:\/\/jornalboasnoticias.com.br\/home\/wp-json\/wp\/v2\/comments?post=44576"}],"version-history":[{"count":1,"href":"https:\/\/jornalboasnoticias.com.br\/home\/wp-json\/wp\/v2\/posts\/44576\/revisions"}],"predecessor-version":[{"id":44578,"href":"https:\/\/jornalboasnoticias.com.br\/home\/wp-json\/wp\/v2\/posts\/44576\/revisions\/44578"}],"wp:featuredmedia":[{"embeddable":true,"href":"https:\/\/jornalboasnoticias.com.br\/home\/wp-json\/wp\/v2\/media\/44577"}],"wp:attachment":[{"href":"https:\/\/jornalboasnoticias.com.br\/home\/wp-json\/wp\/v2\/media?parent=44576"}],"wp:term":[{"taxonomy":"category","embeddable":true,"href":"https:\/\/jornalboasnoticias.com.br\/home\/wp-json\/wp\/v2\/categories?post=44576"},{"taxonomy":"post_tag","embeddable":true,"href":"https:\/\/jornalboasnoticias.com.br\/home\/wp-json\/wp\/v2\/tags?post=44576"}],"curies":[{"name":"wp","href":"https:\/\/api.w.org\/{rel}","templated":true}]}}