{"id":44565,"date":"2024-10-25T18:36:45","date_gmt":"2024-10-25T18:36:45","guid":{"rendered":"https:\/\/jornalboasnoticias.com.br\/home\/?p=44565"},"modified":"2024-10-25T18:36:45","modified_gmt":"2024-10-25T18:36:45","slug":"governador-anuncia-r-10-milhoes-por-ano-para-apoio-a-comunidades-terapeuticas","status":"publish","type":"post","link":"https:\/\/jornalboasnoticias.com.br\/home\/governador-anuncia-r-10-milhoes-por-ano-para-apoio-a-comunidades-terapeuticas\/","title":{"rendered":"Governador anuncia R$ 10 milh\u00f5es por ano para apoio a comunidades terap\u00eauticas"},"content":{"rendered":"<div class=\"not-escopo-destaque\">\n<div>\n<figure id=\"attachment_44566\" aria-describedby=\"caption-attachment-44566\" style=\"width: 2560px\" class=\"wp-caption alignnone\"><img loading=\"lazy\" decoding=\"async\" class=\"size-full wp-image-44566\" src=\"https:\/\/jornalboasnoticias.com.br\/home\/wp-content\/uploads\/2024\/10\/20241025_agb_recursos_comunidades_terapeuticas-6-scaled.jpg\" alt=\"\" width=\"2560\" height=\"1707\" srcset=\"https:\/\/jornalboasnoticias.com.br\/home\/wp-content\/uploads\/2024\/10\/20241025_agb_recursos_comunidades_terapeuticas-6-scaled.jpg 2560w, https:\/\/jornalboasnoticias.com.br\/home\/wp-content\/uploads\/2024\/10\/20241025_agb_recursos_comunidades_terapeuticas-6-300x200.jpg 300w, https:\/\/jornalboasnoticias.com.br\/home\/wp-content\/uploads\/2024\/10\/20241025_agb_recursos_comunidades_terapeuticas-6-1024x683.jpg 1024w, https:\/\/jornalboasnoticias.com.br\/home\/wp-content\/uploads\/2024\/10\/20241025_agb_recursos_comunidades_terapeuticas-6-768x512.jpg 768w, https:\/\/jornalboasnoticias.com.br\/home\/wp-content\/uploads\/2024\/10\/20241025_agb_recursos_comunidades_terapeuticas-6-1536x1024.jpg 1536w, https:\/\/jornalboasnoticias.com.br\/home\/wp-content\/uploads\/2024\/10\/20241025_agb_recursos_comunidades_terapeuticas-6-2048x1365.jpg 2048w, https:\/\/jornalboasnoticias.com.br\/home\/wp-content\/uploads\/2024\/10\/20241025_agb_recursos_comunidades_terapeuticas-6-900x600.jpg 900w\" sizes=\"auto, (max-width: 2560px) 100vw, 2560px\" \/><figcaption id=\"caption-attachment-44566\" class=\"wp-caption-text\">Foto: Geraldo Bubniak\/AEN<\/figcaption><\/figure>\n<\/div>\n<\/div>\n<blockquote>\n<div class=\"not-escopo-destaque\">\n<div class=\"field field--name-field-escopo-destaque field--type-string-long field--label-hidden field--item\">Recurso \u00e9 destinado ao custeio de vagas de acolhimento, expans\u00e3o de servi\u00e7os e fortalecimento de v\u00ednculos familiares, visando que a pessoa atendida possa retomar sua vida ap\u00f3s o tratamento.<\/div>\n<\/div>\n<\/blockquote>\n<div>\n<p>O governador Carlos Massa Ratinho Junior anunciou nesta sexta-feira (25) o repasse de R$ 10 milh\u00f5es anuais para comunidades terap\u00eauticas dentro do Programa de Aten\u00e7\u00e3o \u00e0s Pessoas em Situa\u00e7\u00e3o de Uso Prejudicial de \u00c1lcool e Outras Drogas. Vinculado \u00e0 Secretaria de Estado do Desenvolvimento Social e Fam\u00edlia (Sedef), o programa estabelece uma rede de servi\u00e7os intersetorial formada por \u00e1reas como Sa\u00fade, Assist\u00eancia Social e Seguran\u00e7a P\u00fablica.<\/p>\n<p>Ratinho Junior destacou a relev\u00e2ncia do trabalho prestado por essas institui\u00e7\u00f5es no Paran\u00e1. \u201cO Estado sozinho n\u00e3o consegue fazer tudo, ent\u00e3o esse programa lan\u00e7ado hoje vai atender centenas de comunidades terap\u00eauticas pelo Paran\u00e1, atrav\u00e9s desse trabalho que j\u00e1 \u00e9 realizado e que, agora, daremos mais condi\u00e7\u00f5es para que elas possam atender com melhor qualidade aquilo que j\u00e1 \u00e9 feito ou at\u00e9 mesmo ampliar a sua atua\u00e7\u00e3o\u201d, destacou.<\/p>\n<p>\u201cN\u00f3s temos feito, por meio das for\u00e7as de seguran\u00e7a, um trabalho de repress\u00e3o muito forte contra as drogas, tanto \u00e9 que o Paran\u00e1 \u00e9 o estado que mais apreendeu drogas do Pa\u00eds, segundo o Minist\u00e9rio da Justi\u00e7a\u201d, acrescentou. \u201cEstamos conseguindo fazer o enfrentamento ao crime organizado para dificultar que o acesso chegue at\u00e9 as nossas crian\u00e7as, nossos jovens e assim por diante.\u201d<\/p>\n<p>O repasse, com recursos da Sedef, ser\u00e1 destinado para custeio de vagas de acolhimento; expans\u00e3o de servi\u00e7os p\u00fablicos j\u00e1 existentes; forma\u00e7\u00e3o continuada para profissionais da Rede da Assist\u00eancia Social e Sa\u00fade; cofinanciamento de a\u00e7\u00f5es para o restabelecimento de direitos; e servi\u00e7os de fortalecimento de v\u00ednculos.<\/p>\n<p>O secret\u00e1rio de Estado do Desenvolvimento Social e Fam\u00edlia, Rog\u00e9rio Carboni, afirma que o apoio financeiro ser\u00e1 fundamental para que as institui\u00e7\u00f5es consigam oferecer um atendimento cada vez melhor.<\/p>\n<p>\u201cEsse \u00e9 um programa estabelecido por lei, uma inova\u00e7\u00e3o do Governo do Paran\u00e1, cuidando dessa pessoa durante o tratamento terap\u00eautico nas comunidades, ajudando na sua reinser\u00e7\u00e3o ao mercado de trabalho, aos seus v\u00ednculos familiares e sociais. Tudo isso para que, quando ele saia, possa voltar a trabalhar, ter a sua vida em sociedade e que n\u00e3o reincida nas drogas\u201d, explicou.<\/p>\n<p>Entre os requisitos para ingresso no programa est\u00e3o ter idade igual ou superior a 18 anos; apresentar problemas decorrentes do uso de subst\u00e2ncias psicoativas; estar em condi\u00e7\u00e3o de vulnerabilidade socioecon\u00f4mica e v\u00ednculos familiares e comunit\u00e1rios rompidos; expressar interesse volunt\u00e1rio no atendimento; receber encaminhamento pela Rede de Aten\u00e7\u00e3o \u00e0 Sa\u00fade e, mediante avalia\u00e7\u00e3o das condi\u00e7\u00f5es de sa\u00fade; e solicita\u00e7\u00e3o da Rede Municipal da Pol\u00edtica de Assist\u00eancia Social ou da Sa\u00fade.<\/p>\n<p>O repasse dos recursos ser\u00e1 anual. As comunidades terap\u00eauticas, institui\u00e7\u00f5es que prestam servi\u00e7os de aten\u00e7\u00e3o a pessoas que fazem uso abusivo ou s\u00e3o dependentes de subst\u00e2ncias psicoativas, ao manifestarem interesse, poder\u00e3o acessar os recursos via edital de chamamento p\u00fablico, que ser\u00e1 publicado nos pr\u00f3ximos dias.<\/p>\n<p>Para que possam receber os recursos, as institui\u00e7\u00f5es dever\u00e3o comprovar que det\u00e9m estrutura f\u00edsica adequada para esse tipo de atendimento; que possuem capacidade t\u00e9cnica no atendimento \u00e0s pessoas com depend\u00eancia qu\u00edmica; e apresentar um plano terap\u00eautico desenvolvido por equipe multiprofissional. Al\u00e9m disso, dever\u00e3o estar cadastradas junto ao Conselho Estadual de Pol\u00edticas P\u00fablicas Sobre Drogas (Consed), com a documenta\u00e7\u00e3o analisada pelo N\u00facleo Estadual de Pol\u00edticas Sobre Drogas (NEPSD), ambos vinculados \u00e0 Sesp.<\/p>\n<p><strong>OBJETIVOS<\/strong>\u00a0\u2014 O objetivo do repasse \u00e9 fornecer acolhimento tempor\u00e1rio para pessoas em uso prejudicial e depend\u00eancia de \u00e1lcool e outras drogas, por meio da interven\u00e7\u00e3o terap\u00eautica e reorganiza\u00e7\u00e3o psicossocial por entidades e organiza\u00e7\u00f5es da sociedade civil. Al\u00e9m disso, ser\u00e3o articulados servi\u00e7os da pol\u00edtica sobre drogas aos j\u00e1 existentes nos \u00e2mbitos do Sistema \u00danico de Sa\u00fade (SUS), do Sistema \u00danico de Assist\u00eancia Social (SUAS), do Sistema de Garantia de Direitos, entre outros.<\/p>\n<p>Na outra ponta, o programa prestar\u00e1 suporte e acompanhamento aos dependentes e seus familiares, com foco na recupera\u00e7\u00e3o e reorganiza\u00e7\u00e3o psicossocial, auxiliando os acolhidos na constru\u00e7\u00e3o da sobriedade e na retomada de projetos de vida e la\u00e7os sociais.<\/p>\n<p>O acompanhamento e monitoramento da rede de servi\u00e7os integrados ser\u00e1 realizado por meio de uma comiss\u00e3o composta pela Sedef, Secretaria de Estado da Sa\u00fade (Sesa) e Secretaria de Estado da Seguran\u00e7a P\u00fablica (Sesp).<\/p>\n<p><strong>IMPACTO<\/strong>\u00a0\u2014 A pastora Ingle Freitas, da Casa Manai, de Mandirituba, trabalha h\u00e1 36 anos acolhendo pessoas em situa\u00e7\u00e3o de depend\u00eancia de \u00e1lcool e drogas. Hoje a institui\u00e7\u00e3o, que atende 24 pessoas, se mant\u00e9m de doa\u00e7\u00f5es e eventos. \u201cTer essa visibilidade que o Governo do Estado teve conosco, de fazer com que isso chegasse nas nossas m\u00e3os, trar\u00e1 um grande avan\u00e7o. Poderemos aumentar as vagas, atender melhor as comunidades, ent\u00e3o para n\u00f3s \u00e9 um dia hist\u00f3rico\u201d, celebrou a pastora.<\/p>\n<p>Sentimento compartilhado pelo presidente da Associa\u00e7\u00e3o Familiar Beneficente A Tribo dos Doze, Paulo Machado, de Arauc\u00e1ria. Com os recursos ser\u00e1 poss\u00edvel ampliar tamb\u00e9m o n\u00famero de profissionais que atendem os acolhidos, como psic\u00f3logos e nutricionistas.<\/p>\n<p>\u201cN\u00f3s fazemos bazares, temos apoio de igrejas e at\u00e9 das fam\u00edlias com ajuda de custo, e esse repasse do Estado \u00e9 extremamente importante. Geralmente, quando o dependente qu\u00edmico busca uma institui\u00e7\u00e3o, ele destruiu a fam\u00edlia, os amigos, ent\u00e3o, com esse recurso voc\u00ea consegue ampliar as vagas, promover capacita\u00e7\u00f5es e ter uma equipe t\u00e9cnica especializada em mais \u00e1reas dentro da institui\u00e7\u00e3o\u201d, salientou.<\/p>\n<p>A presidente do Consed, Juliane Fonseca, ressaltou que o repasse garante a efetiva\u00e7\u00e3o do trabalho, olhando para uma popula\u00e7\u00e3o que precisa de atendimento, muitas vezes de forma emergencial. \u201cAo subsidiar essas comunidades terap\u00eauticas, o Governo do Estado est\u00e1 fazendo com que exista e se amplie essa capacidade de atendimento, para que se tenha, por parte da iniciativa privada, uma abordagem diferente, um tratamento novo, algo que o Estado por si s\u00f3 n\u00e3o consegue fazer sozinho, pelo menos n\u00e3o de in\u00edcio\u201d, explicou.<\/p>\n<p><strong>PRESEN\u00c7AS<\/strong>\u00a0\u2014 Participaram do an\u00fancio de repasse de recursos os secret\u00e1rios estaduais Jo\u00e3o Carlos Ortega (Casa Civil), Santin Roveda (Justi\u00e7a e Cidadania) e Marcio Nunes (Turismo); o chefe da Casa Militar, tenente-coronel Marcos Tordoro; o procurador-geral do Estado, Luciano Borges; o diretor-geral da Casa Civil, Maiquel Zimann; o diretor-presidente do Instituto de Tecnologia do Paran\u00e1 (Tecpar), Celso Kloss; o arcebispo metropolitano de Curitiba, Dom Jos\u00e9 Antonio Peruzzo; os deputados estaduais M\u00e1rcia Hu\u00e7ulak, Fl\u00e1via Francischini, Gilson de Souza, Alexandre Curi, Alexandre Amaro e Fabio Oliveira; o chefe do N\u00facleo Estadual de Pol\u00edtica Sobre Drogas, Renato Figueiroa; e demais autoridades.<\/p>\n<p><em><strong>AEN<\/strong><\/em><\/p>\n<\/div>\n","protected":false},"excerpt":{"rendered":"<p>Recurso \u00e9 destinado ao custeio de vagas de acolhimento, expans\u00e3o de servi\u00e7os e fortalecimento de<\/p>\n","protected":false},"author":4,"featured_media":44566,"comment_status":"open","ping_status":"open","sticky":false,"template":"","format":"standard","meta":{"footnotes":""},"categories":[3,4],"tags":[],"class_list":["post-44565","post","type-post","status-publish","format-standard","has-post-thumbnail","hentry","category-destaques","category-parana"],"yoast_head":"<!-- This site is optimized with the Yoast SEO plugin v27.5 - https:\/\/yoast.com\/product\/yoast-seo-wordpress\/ -->\n<title>Governador anuncia R$ 10 milh\u00f5es por ano para apoio a comunidades terap\u00eauticas - Jornal<\/title>\n<meta name=\"description\" content=\"Governador anuncia R$ 10 milh\u00f5es por ano para apoio a comunidades terap\u00eauticas\" \/>\n<meta name=\"robots\" content=\"index, follow, max-snippet:-1, max-image-preview:large, max-video-preview:-1\" \/>\n<link rel=\"canonical\" href=\"https:\/\/jornalboasnoticias.com.br\/home\/governador-anuncia-r-10-milhoes-por-ano-para-apoio-a-comunidades-terapeuticas\/\" \/>\n<meta property=\"og:locale\" content=\"pt_BR\" \/>\n<meta property=\"og:type\" content=\"article\" \/>\n<meta property=\"og:title\" content=\"Governador anuncia R$ 10 milh\u00f5es por ano para apoio a comunidades terap\u00eauticas - Jornal\" \/>\n<meta property=\"og:description\" content=\"Governador anuncia R$ 10 milh\u00f5es por ano para apoio a comunidades terap\u00eauticas\" \/>\n<meta property=\"og:url\" content=\"https:\/\/jornalboasnoticias.com.br\/home\/governador-anuncia-r-10-milhoes-por-ano-para-apoio-a-comunidades-terapeuticas\/\" \/>\n<meta property=\"og:site_name\" content=\"Jornal\" \/>\n<meta property=\"article:publisher\" content=\"https:\/\/www.facebook.com\/boasnoticiasjornal\" \/>\n<meta property=\"article:published_time\" content=\"2024-10-25T18:36:45+00:00\" \/>\n<meta property=\"og:image\" content=\"https:\/\/jornalboasnoticias.com.br\/home\/wp-content\/uploads\/2024\/10\/20241025_agb_recursos_comunidades_terapeuticas-6-scaled.jpg\" \/>\n\t<meta property=\"og:image:width\" content=\"2560\" \/>\n\t<meta property=\"og:image:height\" content=\"1707\" \/>\n\t<meta property=\"og:image:type\" content=\"image\/jpeg\" \/>\n<meta name=\"author\" content=\"Ana Luiza Bonatto\" \/>\n<meta name=\"twitter:card\" content=\"summary_large_image\" \/>\n<meta name=\"twitter:label1\" content=\"Escrito por\" \/>\n\t<meta name=\"twitter:data1\" content=\"Ana Luiza Bonatto\" \/>\n\t<meta name=\"twitter:label2\" content=\"Est. tempo de leitura\" \/>\n\t<meta name=\"twitter:data2\" content=\"7 minutos\" \/>\n<script type=\"application\/ld+json\" class=\"yoast-schema-graph\">{\"@context\":\"https:\\\/\\\/schema.org\",\"@graph\":[{\"@type\":\"Article\",\"@id\":\"https:\\\/\\\/jornalboasnoticias.com.br\\\/home\\\/governador-anuncia-r-10-milhoes-por-ano-para-apoio-a-comunidades-terapeuticas\\\/#article\",\"isPartOf\":{\"@id\":\"https:\\\/\\\/jornalboasnoticias.com.br\\\/home\\\/governador-anuncia-r-10-milhoes-por-ano-para-apoio-a-comunidades-terapeuticas\\\/\"},\"author\":{\"name\":\"Ana Luiza Bonatto\",\"@id\":\"https:\\\/\\\/jornalboasnoticias.com.br\\\/home\\\/#\\\/schema\\\/person\\\/d641193e0afc6405b390164dac847971\"},\"headline\":\"Governador anuncia R$ 10 milh\u00f5es por ano para apoio a comunidades terap\u00eauticas\",\"datePublished\":\"2024-10-25T18:36:45+00:00\",\"mainEntityOfPage\":{\"@id\":\"https:\\\/\\\/jornalboasnoticias.com.br\\\/home\\\/governador-anuncia-r-10-milhoes-por-ano-para-apoio-a-comunidades-terapeuticas\\\/\"},\"wordCount\":1196,\"commentCount\":0,\"publisher\":{\"@id\":\"https:\\\/\\\/jornalboasnoticias.com.br\\\/home\\\/#organization\"},\"image\":{\"@id\":\"https:\\\/\\\/jornalboasnoticias.com.br\\\/home\\\/governador-anuncia-r-10-milhoes-por-ano-para-apoio-a-comunidades-terapeuticas\\\/#primaryimage\"},\"thumbnailUrl\":\"https:\\\/\\\/jornalboasnoticias.com.br\\\/home\\\/wp-content\\\/uploads\\\/2024\\\/10\\\/20241025_agb_recursos_comunidades_terapeuticas-6-scaled.jpg\",\"articleSection\":[\"DESTAQUE\",\"PARAN\u00c1\"],\"inLanguage\":\"pt-BR\",\"potentialAction\":[{\"@type\":\"CommentAction\",\"name\":\"Comment\",\"target\":[\"https:\\\/\\\/jornalboasnoticias.com.br\\\/home\\\/governador-anuncia-r-10-milhoes-por-ano-para-apoio-a-comunidades-terapeuticas\\\/#respond\"]}]},{\"@type\":\"WebPage\",\"@id\":\"https:\\\/\\\/jornalboasnoticias.com.br\\\/home\\\/governador-anuncia-r-10-milhoes-por-ano-para-apoio-a-comunidades-terapeuticas\\\/\",\"url\":\"https:\\\/\\\/jornalboasnoticias.com.br\\\/home\\\/governador-anuncia-r-10-milhoes-por-ano-para-apoio-a-comunidades-terapeuticas\\\/\",\"name\":\"Governador anuncia R$ 10 milh\u00f5es por ano para apoio a comunidades terap\u00eauticas - Jornal\",\"isPartOf\":{\"@id\":\"https:\\\/\\\/jornalboasnoticias.com.br\\\/home\\\/#website\"},\"primaryImageOfPage\":{\"@id\":\"https:\\\/\\\/jornalboasnoticias.com.br\\\/home\\\/governador-anuncia-r-10-milhoes-por-ano-para-apoio-a-comunidades-terapeuticas\\\/#primaryimage\"},\"image\":{\"@id\":\"https:\\\/\\\/jornalboasnoticias.com.br\\\/home\\\/governador-anuncia-r-10-milhoes-por-ano-para-apoio-a-comunidades-terapeuticas\\\/#primaryimage\"},\"thumbnailUrl\":\"https:\\\/\\\/jornalboasnoticias.com.br\\\/home\\\/wp-content\\\/uploads\\\/2024\\\/10\\\/20241025_agb_recursos_comunidades_terapeuticas-6-scaled.jpg\",\"datePublished\":\"2024-10-25T18:36:45+00:00\",\"description\":\"Governador anuncia R$ 10 milh\u00f5es por ano para apoio a comunidades terap\u00eauticas\",\"breadcrumb\":{\"@id\":\"https:\\\/\\\/jornalboasnoticias.com.br\\\/home\\\/governador-anuncia-r-10-milhoes-por-ano-para-apoio-a-comunidades-terapeuticas\\\/#breadcrumb\"},\"inLanguage\":\"pt-BR\",\"potentialAction\":[{\"@type\":\"ReadAction\",\"target\":[\"https:\\\/\\\/jornalboasnoticias.com.br\\\/home\\\/governador-anuncia-r-10-milhoes-por-ano-para-apoio-a-comunidades-terapeuticas\\\/\"]}]},{\"@type\":\"ImageObject\",\"inLanguage\":\"pt-BR\",\"@id\":\"https:\\\/\\\/jornalboasnoticias.com.br\\\/home\\\/governador-anuncia-r-10-milhoes-por-ano-para-apoio-a-comunidades-terapeuticas\\\/#primaryimage\",\"url\":\"https:\\\/\\\/jornalboasnoticias.com.br\\\/home\\\/wp-content\\\/uploads\\\/2024\\\/10\\\/20241025_agb_recursos_comunidades_terapeuticas-6-scaled.jpg\",\"contentUrl\":\"https:\\\/\\\/jornalboasnoticias.com.br\\\/home\\\/wp-content\\\/uploads\\\/2024\\\/10\\\/20241025_agb_recursos_comunidades_terapeuticas-6-scaled.jpg\",\"width\":2560,\"height\":1707,\"caption\":\"Foto: Geraldo Bubniak\\\/AEN\"},{\"@type\":\"BreadcrumbList\",\"@id\":\"https:\\\/\\\/jornalboasnoticias.com.br\\\/home\\\/governador-anuncia-r-10-milhoes-por-ano-para-apoio-a-comunidades-terapeuticas\\\/#breadcrumb\",\"itemListElement\":[{\"@type\":\"ListItem\",\"position\":1,\"name\":\"In\u00edcio\",\"item\":\"https:\\\/\\\/jornalboasnoticias.com.br\\\/home\\\/\"},{\"@type\":\"ListItem\",\"position\":2,\"name\":\"Governador anuncia R$ 10 milh\u00f5es por ano para apoio a comunidades terap\u00eauticas\"}]},{\"@type\":\"WebSite\",\"@id\":\"https:\\\/\\\/jornalboasnoticias.com.br\\\/home\\\/#website\",\"url\":\"https:\\\/\\\/jornalboasnoticias.com.br\\\/home\\\/\",\"name\":\"Jornal Boas Not\u00edcias\",\"description\":\"Boas not\u00edcias\",\"publisher\":{\"@id\":\"https:\\\/\\\/jornalboasnoticias.com.br\\\/home\\\/#organization\"},\"potentialAction\":[{\"@type\":\"SearchAction\",\"target\":{\"@type\":\"EntryPoint\",\"urlTemplate\":\"https:\\\/\\\/jornalboasnoticias.com.br\\\/home\\\/?s={search_term_string}\"},\"query-input\":{\"@type\":\"PropertyValueSpecification\",\"valueRequired\":true,\"valueName\":\"search_term_string\"}}],\"inLanguage\":\"pt-BR\"},{\"@type\":\"Organization\",\"@id\":\"https:\\\/\\\/jornalboasnoticias.com.br\\\/home\\\/#organization\",\"name\":\"Coq Editora Ltda\",\"alternateName\":\"Jornal Boas Noticias\",\"url\":\"https:\\\/\\\/jornalboasnoticias.com.br\\\/home\\\/\",\"logo\":{\"@type\":\"ImageObject\",\"inLanguage\":\"pt-BR\",\"@id\":\"https:\\\/\\\/jornalboasnoticias.com.br\\\/home\\\/#\\\/schema\\\/logo\\\/image\\\/\",\"url\":\"https:\\\/\\\/jornalboasnoticias.com.br\\\/home\\\/wp-content\\\/uploads\\\/2024\\\/07\\\/cropped-logo.jpg\",\"contentUrl\":\"https:\\\/\\\/jornalboasnoticias.com.br\\\/home\\\/wp-content\\\/uploads\\\/2024\\\/07\\\/cropped-logo.jpg\",\"width\":290,\"height\":142,\"caption\":\"Coq Editora Ltda\"},\"image\":{\"@id\":\"https:\\\/\\\/jornalboasnoticias.com.br\\\/home\\\/#\\\/schema\\\/logo\\\/image\\\/\"},\"sameAs\":[\"https:\\\/\\\/www.facebook.com\\\/boasnoticiasjornal\"]},{\"@type\":\"Person\",\"@id\":\"https:\\\/\\\/jornalboasnoticias.com.br\\\/home\\\/#\\\/schema\\\/person\\\/d641193e0afc6405b390164dac847971\",\"name\":\"Ana Luiza Bonatto\",\"image\":{\"@type\":\"ImageObject\",\"inLanguage\":\"pt-BR\",\"@id\":\"https:\\\/\\\/secure.gravatar.com\\\/avatar\\\/8a055ebe6373371f67ac6fcf313c0ac0b0a91157fdcdb9514fa62927373348f0?s=96&d=mm&r=g\",\"url\":\"https:\\\/\\\/secure.gravatar.com\\\/avatar\\\/8a055ebe6373371f67ac6fcf313c0ac0b0a91157fdcdb9514fa62927373348f0?s=96&d=mm&r=g\",\"contentUrl\":\"https:\\\/\\\/secure.gravatar.com\\\/avatar\\\/8a055ebe6373371f67ac6fcf313c0ac0b0a91157fdcdb9514fa62927373348f0?s=96&d=mm&r=g\",\"caption\":\"Ana Luiza Bonatto\"},\"url\":\"https:\\\/\\\/jornalboasnoticias.com.br\\\/home\\\/author\\\/ana-luiza\\\/\"}]}<\/script>\n<!-- \/ Yoast SEO plugin. -->","yoast_head_json":{"title":"Governador anuncia R$ 10 milh\u00f5es por ano para apoio a comunidades terap\u00eauticas - Jornal","description":"Governador anuncia R$ 10 milh\u00f5es por ano para apoio a comunidades terap\u00eauticas","robots":{"index":"index","follow":"follow","max-snippet":"max-snippet:-1","max-image-preview":"max-image-preview:large","max-video-preview":"max-video-preview:-1"},"canonical":"https:\/\/jornalboasnoticias.com.br\/home\/governador-anuncia-r-10-milhoes-por-ano-para-apoio-a-comunidades-terapeuticas\/","og_locale":"pt_BR","og_type":"article","og_title":"Governador anuncia R$ 10 milh\u00f5es por ano para apoio a comunidades terap\u00eauticas - Jornal","og_description":"Governador anuncia R$ 10 milh\u00f5es por ano para apoio a comunidades terap\u00eauticas","og_url":"https:\/\/jornalboasnoticias.com.br\/home\/governador-anuncia-r-10-milhoes-por-ano-para-apoio-a-comunidades-terapeuticas\/","og_site_name":"Jornal","article_publisher":"https:\/\/www.facebook.com\/boasnoticiasjornal","article_published_time":"2024-10-25T18:36:45+00:00","og_image":[{"width":2560,"height":1707,"url":"https:\/\/jornalboasnoticias.com.br\/home\/wp-content\/uploads\/2024\/10\/20241025_agb_recursos_comunidades_terapeuticas-6-scaled.jpg","type":"image\/jpeg"}],"author":"Ana Luiza Bonatto","twitter_card":"summary_large_image","twitter_misc":{"Escrito por":"Ana Luiza Bonatto","Est. tempo de leitura":"7 minutos"},"schema":{"@context":"https:\/\/schema.org","@graph":[{"@type":"Article","@id":"https:\/\/jornalboasnoticias.com.br\/home\/governador-anuncia-r-10-milhoes-por-ano-para-apoio-a-comunidades-terapeuticas\/#article","isPartOf":{"@id":"https:\/\/jornalboasnoticias.com.br\/home\/governador-anuncia-r-10-milhoes-por-ano-para-apoio-a-comunidades-terapeuticas\/"},"author":{"name":"Ana Luiza Bonatto","@id":"https:\/\/jornalboasnoticias.com.br\/home\/#\/schema\/person\/d641193e0afc6405b390164dac847971"},"headline":"Governador anuncia R$ 10 milh\u00f5es por ano para apoio a comunidades terap\u00eauticas","datePublished":"2024-10-25T18:36:45+00:00","mainEntityOfPage":{"@id":"https:\/\/jornalboasnoticias.com.br\/home\/governador-anuncia-r-10-milhoes-por-ano-para-apoio-a-comunidades-terapeuticas\/"},"wordCount":1196,"commentCount":0,"publisher":{"@id":"https:\/\/jornalboasnoticias.com.br\/home\/#organization"},"image":{"@id":"https:\/\/jornalboasnoticias.com.br\/home\/governador-anuncia-r-10-milhoes-por-ano-para-apoio-a-comunidades-terapeuticas\/#primaryimage"},"thumbnailUrl":"https:\/\/jornalboasnoticias.com.br\/home\/wp-content\/uploads\/2024\/10\/20241025_agb_recursos_comunidades_terapeuticas-6-scaled.jpg","articleSection":["DESTAQUE","PARAN\u00c1"],"inLanguage":"pt-BR","potentialAction":[{"@type":"CommentAction","name":"Comment","target":["https:\/\/jornalboasnoticias.com.br\/home\/governador-anuncia-r-10-milhoes-por-ano-para-apoio-a-comunidades-terapeuticas\/#respond"]}]},{"@type":"WebPage","@id":"https:\/\/jornalboasnoticias.com.br\/home\/governador-anuncia-r-10-milhoes-por-ano-para-apoio-a-comunidades-terapeuticas\/","url":"https:\/\/jornalboasnoticias.com.br\/home\/governador-anuncia-r-10-milhoes-por-ano-para-apoio-a-comunidades-terapeuticas\/","name":"Governador anuncia R$ 10 milh\u00f5es por ano para apoio a comunidades terap\u00eauticas - Jornal","isPartOf":{"@id":"https:\/\/jornalboasnoticias.com.br\/home\/#website"},"primaryImageOfPage":{"@id":"https:\/\/jornalboasnoticias.com.br\/home\/governador-anuncia-r-10-milhoes-por-ano-para-apoio-a-comunidades-terapeuticas\/#primaryimage"},"image":{"@id":"https:\/\/jornalboasnoticias.com.br\/home\/governador-anuncia-r-10-milhoes-por-ano-para-apoio-a-comunidades-terapeuticas\/#primaryimage"},"thumbnailUrl":"https:\/\/jornalboasnoticias.com.br\/home\/wp-content\/uploads\/2024\/10\/20241025_agb_recursos_comunidades_terapeuticas-6-scaled.jpg","datePublished":"2024-10-25T18:36:45+00:00","description":"Governador anuncia R$ 10 milh\u00f5es por ano para apoio a comunidades terap\u00eauticas","breadcrumb":{"@id":"https:\/\/jornalboasnoticias.com.br\/home\/governador-anuncia-r-10-milhoes-por-ano-para-apoio-a-comunidades-terapeuticas\/#breadcrumb"},"inLanguage":"pt-BR","potentialAction":[{"@type":"ReadAction","target":["https:\/\/jornalboasnoticias.com.br\/home\/governador-anuncia-r-10-milhoes-por-ano-para-apoio-a-comunidades-terapeuticas\/"]}]},{"@type":"ImageObject","inLanguage":"pt-BR","@id":"https:\/\/jornalboasnoticias.com.br\/home\/governador-anuncia-r-10-milhoes-por-ano-para-apoio-a-comunidades-terapeuticas\/#primaryimage","url":"https:\/\/jornalboasnoticias.com.br\/home\/wp-content\/uploads\/2024\/10\/20241025_agb_recursos_comunidades_terapeuticas-6-scaled.jpg","contentUrl":"https:\/\/jornalboasnoticias.com.br\/home\/wp-content\/uploads\/2024\/10\/20241025_agb_recursos_comunidades_terapeuticas-6-scaled.jpg","width":2560,"height":1707,"caption":"Foto: Geraldo Bubniak\/AEN"},{"@type":"BreadcrumbList","@id":"https:\/\/jornalboasnoticias.com.br\/home\/governador-anuncia-r-10-milhoes-por-ano-para-apoio-a-comunidades-terapeuticas\/#breadcrumb","itemListElement":[{"@type":"ListItem","position":1,"name":"In\u00edcio","item":"https:\/\/jornalboasnoticias.com.br\/home\/"},{"@type":"ListItem","position":2,"name":"Governador anuncia R$ 10 milh\u00f5es por ano para apoio a comunidades terap\u00eauticas"}]},{"@type":"WebSite","@id":"https:\/\/jornalboasnoticias.com.br\/home\/#website","url":"https:\/\/jornalboasnoticias.com.br\/home\/","name":"Jornal Boas Not\u00edcias","description":"Boas not\u00edcias","publisher":{"@id":"https:\/\/jornalboasnoticias.com.br\/home\/#organization"},"potentialAction":[{"@type":"SearchAction","target":{"@type":"EntryPoint","urlTemplate":"https:\/\/jornalboasnoticias.com.br\/home\/?s={search_term_string}"},"query-input":{"@type":"PropertyValueSpecification","valueRequired":true,"valueName":"search_term_string"}}],"inLanguage":"pt-BR"},{"@type":"Organization","@id":"https:\/\/jornalboasnoticias.com.br\/home\/#organization","name":"Coq Editora Ltda","alternateName":"Jornal Boas Noticias","url":"https:\/\/jornalboasnoticias.com.br\/home\/","logo":{"@type":"ImageObject","inLanguage":"pt-BR","@id":"https:\/\/jornalboasnoticias.com.br\/home\/#\/schema\/logo\/image\/","url":"https:\/\/jornalboasnoticias.com.br\/home\/wp-content\/uploads\/2024\/07\/cropped-logo.jpg","contentUrl":"https:\/\/jornalboasnoticias.com.br\/home\/wp-content\/uploads\/2024\/07\/cropped-logo.jpg","width":290,"height":142,"caption":"Coq Editora Ltda"},"image":{"@id":"https:\/\/jornalboasnoticias.com.br\/home\/#\/schema\/logo\/image\/"},"sameAs":["https:\/\/www.facebook.com\/boasnoticiasjornal"]},{"@type":"Person","@id":"https:\/\/jornalboasnoticias.com.br\/home\/#\/schema\/person\/d641193e0afc6405b390164dac847971","name":"Ana Luiza Bonatto","image":{"@type":"ImageObject","inLanguage":"pt-BR","@id":"https:\/\/secure.gravatar.com\/avatar\/8a055ebe6373371f67ac6fcf313c0ac0b0a91157fdcdb9514fa62927373348f0?s=96&d=mm&r=g","url":"https:\/\/secure.gravatar.com\/avatar\/8a055ebe6373371f67ac6fcf313c0ac0b0a91157fdcdb9514fa62927373348f0?s=96&d=mm&r=g","contentUrl":"https:\/\/secure.gravatar.com\/avatar\/8a055ebe6373371f67ac6fcf313c0ac0b0a91157fdcdb9514fa62927373348f0?s=96&d=mm&r=g","caption":"Ana Luiza Bonatto"},"url":"https:\/\/jornalboasnoticias.com.br\/home\/author\/ana-luiza\/"}]}},"_links":{"self":[{"href":"https:\/\/jornalboasnoticias.com.br\/home\/wp-json\/wp\/v2\/posts\/44565","targetHints":{"allow":["GET"]}}],"collection":[{"href":"https:\/\/jornalboasnoticias.com.br\/home\/wp-json\/wp\/v2\/posts"}],"about":[{"href":"https:\/\/jornalboasnoticias.com.br\/home\/wp-json\/wp\/v2\/types\/post"}],"author":[{"embeddable":true,"href":"https:\/\/jornalboasnoticias.com.br\/home\/wp-json\/wp\/v2\/users\/4"}],"replies":[{"embeddable":true,"href":"https:\/\/jornalboasnoticias.com.br\/home\/wp-json\/wp\/v2\/comments?post=44565"}],"version-history":[{"count":1,"href":"https:\/\/jornalboasnoticias.com.br\/home\/wp-json\/wp\/v2\/posts\/44565\/revisions"}],"predecessor-version":[{"id":44567,"href":"https:\/\/jornalboasnoticias.com.br\/home\/wp-json\/wp\/v2\/posts\/44565\/revisions\/44567"}],"wp:featuredmedia":[{"embeddable":true,"href":"https:\/\/jornalboasnoticias.com.br\/home\/wp-json\/wp\/v2\/media\/44566"}],"wp:attachment":[{"href":"https:\/\/jornalboasnoticias.com.br\/home\/wp-json\/wp\/v2\/media?parent=44565"}],"wp:term":[{"taxonomy":"category","embeddable":true,"href":"https:\/\/jornalboasnoticias.com.br\/home\/wp-json\/wp\/v2\/categories?post=44565"},{"taxonomy":"post_tag","embeddable":true,"href":"https:\/\/jornalboasnoticias.com.br\/home\/wp-json\/wp\/v2\/tags?post=44565"}],"curies":[{"name":"wp","href":"https:\/\/api.w.org\/{rel}","templated":true}]}}