{"id":44562,"date":"2024-10-25T18:34:30","date_gmt":"2024-10-25T18:34:30","guid":{"rendered":"https:\/\/jornalboasnoticias.com.br\/home\/?p=44562"},"modified":"2024-10-25T18:34:30","modified_gmt":"2024-10-25T18:34:30","slug":"batalhao-de-policia-rodoviaria-comemora-60-anos-em-evento-com-policiais-de-15-estados","status":"publish","type":"post","link":"https:\/\/jornalboasnoticias.com.br\/home\/batalhao-de-policia-rodoviaria-comemora-60-anos-em-evento-com-policiais-de-15-estados\/","title":{"rendered":"Batalh\u00e3o de Pol\u00edcia Rodovi\u00e1ria comemora 60 anos em evento com policiais de 15 estados"},"content":{"rendered":"<div class=\"not-escopo-destaque\">\n<div>\n<figure id=\"attachment_44563\" aria-describedby=\"caption-attachment-44563\" style=\"width: 2560px\" class=\"wp-caption alignnone\"><img loading=\"lazy\" decoding=\"async\" class=\"size-full wp-image-44563\" src=\"https:\/\/jornalboasnoticias.com.br\/home\/wp-content\/uploads\/2024\/10\/img_4695-scaled.jpg\" alt=\"\" width=\"2560\" height=\"1707\" srcset=\"https:\/\/jornalboasnoticias.com.br\/home\/wp-content\/uploads\/2024\/10\/img_4695-scaled.jpg 2560w, https:\/\/jornalboasnoticias.com.br\/home\/wp-content\/uploads\/2024\/10\/img_4695-300x200.jpg 300w, https:\/\/jornalboasnoticias.com.br\/home\/wp-content\/uploads\/2024\/10\/img_4695-1024x683.jpg 1024w, https:\/\/jornalboasnoticias.com.br\/home\/wp-content\/uploads\/2024\/10\/img_4695-768x512.jpg 768w, https:\/\/jornalboasnoticias.com.br\/home\/wp-content\/uploads\/2024\/10\/img_4695-1536x1024.jpg 1536w, https:\/\/jornalboasnoticias.com.br\/home\/wp-content\/uploads\/2024\/10\/img_4695-2048x1365.jpg 2048w, https:\/\/jornalboasnoticias.com.br\/home\/wp-content\/uploads\/2024\/10\/img_4695-900x600.jpg 900w\" sizes=\"auto, (max-width: 2560px) 100vw, 2560px\" \/><figcaption id=\"caption-attachment-44563\" class=\"wp-caption-text\">Foto: Soldado Mauro Berg\/PMPR<\/figcaption><\/figure>\n<\/div>\n<\/div>\n<blockquote>\n<div class=\"not-escopo-destaque\">\n<div class=\"field field--name-field-escopo-destaque field--type-string-long field--label-hidden field--item\">Uso de c\u00e3es farejadores, aplica\u00e7\u00e3o de drones no policiamento, gest\u00e3o de desempenho operacional e seguran\u00e7a no transporte de produtos perigosos foram alguns dos temas abordados no evento em Foz do Igua\u00e7u. Foram entregues medalhas de M\u00e9rito de Tr\u00e2nsito Rodovi\u00e1rio a policiais e civis ligados ao batalh\u00e3o.<\/div>\n<\/div>\n<\/blockquote>\n<div>\n<p>Os 60 anos do Batalh\u00e3o de Pol\u00edcia Rodovi\u00e1ria do Paran\u00e1, da Pol\u00edcia Militar do Paran\u00e1 (PMPR), foram comemorados nesta semana com um semin\u00e1rio que abordou, entre outros temas, uso de c\u00e3es farejadores, aplica\u00e7\u00e3o de drones no policiamento, a gest\u00e3o de desempenho operacional e a seguran\u00e7a no transporte de produtos perigosos.<\/p>\n<p>O Semin\u00e1rio de Policiamento de Tr\u00e2nsito Rodovi\u00e1rio foi realizado em Foz do Igua\u00e7u, de ter\u00e7a a quinta-feira (22 a 24), reuniu autoridades da \u00e1rea e policiais de 15 estados, agentes da Pol\u00edcia Rodovi\u00e1ria Federal, oficiais e pra\u00e7as da PMPR. Foram ministradas palestras por especialistas no tema.<\/p>\n<p>&#8220;O Batalh\u00e3o de Pol\u00edcia Rodovi\u00e1ria \u00e9 uma das unidades mais estrat\u00e9gicas da nossa corpora\u00e7\u00e3o\u201d, disse o comandante-geral da Pol\u00edcia Militar do Paran\u00e1, coronel Jefferson Silva. Ele enfatizou que, com suas a\u00e7\u00f5es de preven\u00e7\u00e3o e fiscaliza\u00e7\u00e3o, BPRv n\u00e3o apenas garante a seguran\u00e7a dos motoristas e passageiros, mas tamb\u00e9m combate crimes que amea\u00e7am a integridade das rodovias.<\/p>\n<p>\u201cCelebrar 60 anos de hist\u00f3ria do Batalh\u00e3o de Pol\u00edcia Rodovi\u00e1ria \u00e9 reconhecer o valor do trabalho incans\u00e1vel de nossos policiais, que atuam diariamente para manter as estradas do Paran\u00e1 seguras. Estamos comprometidos em investir em forma\u00e7\u00e3o, tecnologia e recursos para que o BPRv continue sendo um pilar de seguran\u00e7a no Estado&#8221;, afirmou o comandante-geral.<\/p>\n<p>Al\u00e9m da programa\u00e7\u00e3o t\u00e9cnica, o semin\u00e1rio teve momento de comemora\u00e7\u00e3o, com entrega de medalhas de M\u00e9rito de Tr\u00e2nsito Rodovi\u00e1rio, em reconhecimento aos servi\u00e7os prestados por policiais e civis ligados ao batalh\u00e3o e medalha do Comando de Policiamento Especializado (CPE). Um policial da BPRv foi agraciado com a Medalha de Sangue, que reconhece oficial e pra\u00e7as que tenham sido feridos durante o exerc\u00edcio da atividade policial.<\/p>\n<p>Participaram o Chefe do Estado-Maior, Coronel Paulo Roberto Lima; o comandante do Batalh\u00e3o de Pol\u00edcia Rodovi\u00e1ria (BPRv), tenente-coronel Marcelo Roke F\u00e1vero; o coronel Dalton Gean Perovano, da Diretoria de Ensino e Pesquisa (DEP) da PMPR; o diretor do Detran do Paran\u00e1, Adriano Marcos Furtado.<\/p>\n<p><strong>SOBRE O BATALH\u00c3O<\/strong>\u00a0&#8211; O BPRv \u00e9 uma unidade especializada da Pol\u00edcia Militar do Paran\u00e1, respons\u00e1vel por atuar nas rodovias estaduais com foco na preven\u00e7\u00e3o, fiscaliza\u00e7\u00e3o e atendimento de sinistros de tr\u00e2nsito. Com seis Companhias estrategicamente localizadas em centros urbanos, o BPRv \u00e9 a unidade mais capilarizada da PMPR, cobrindo mais de 12 mil quil\u00f4metros de rodovias com uma equipe dedicada de policiais militares e apoio de unidades como a Rotam e o Canil.<\/p>\n<p><em><strong>AEN<\/strong><\/em><\/p>\n<\/div>\n","protected":false},"excerpt":{"rendered":"<p>Uso de c\u00e3es farejadores, aplica\u00e7\u00e3o de drones no policiamento, gest\u00e3o de desempenho operacional e seguran\u00e7a<\/p>\n","protected":false},"author":4,"featured_media":44563,"comment_status":"open","ping_status":"open","sticky":false,"template":"","format":"standard","meta":{"footnotes":""},"categories":[3,4],"tags":[],"class_list":["post-44562","post","type-post","status-publish","format-standard","has-post-thumbnail","hentry","category-destaques","category-parana"],"yoast_head":"<!-- This site is optimized with the Yoast SEO plugin v27.5 - https:\/\/yoast.com\/product\/yoast-seo-wordpress\/ -->\n<title>Batalh\u00e3o de Pol\u00edcia Rodovi\u00e1ria comemora 60 anos em evento com policiais de 15 estados - Jornal<\/title>\n<meta name=\"description\" content=\"Batalh\u00e3o de Pol\u00edcia Rodovi\u00e1ria comemora 60 anos em evento com policiais de 15 estados\" \/>\n<meta name=\"robots\" content=\"index, follow, max-snippet:-1, max-image-preview:large, max-video-preview:-1\" \/>\n<link rel=\"canonical\" href=\"https:\/\/jornalboasnoticias.com.br\/home\/batalhao-de-policia-rodoviaria-comemora-60-anos-em-evento-com-policiais-de-15-estados\/\" \/>\n<meta property=\"og:locale\" content=\"pt_BR\" \/>\n<meta property=\"og:type\" content=\"article\" \/>\n<meta property=\"og:title\" content=\"Batalh\u00e3o de Pol\u00edcia Rodovi\u00e1ria comemora 60 anos em evento com policiais de 15 estados - Jornal\" \/>\n<meta property=\"og:description\" content=\"Batalh\u00e3o de Pol\u00edcia Rodovi\u00e1ria comemora 60 anos em evento com policiais de 15 estados\" \/>\n<meta property=\"og:url\" content=\"https:\/\/jornalboasnoticias.com.br\/home\/batalhao-de-policia-rodoviaria-comemora-60-anos-em-evento-com-policiais-de-15-estados\/\" \/>\n<meta property=\"og:site_name\" content=\"Jornal\" \/>\n<meta property=\"article:publisher\" content=\"https:\/\/www.facebook.com\/boasnoticiasjornal\" \/>\n<meta property=\"article:published_time\" content=\"2024-10-25T18:34:30+00:00\" \/>\n<meta property=\"og:image\" content=\"https:\/\/jornalboasnoticias.com.br\/home\/wp-content\/uploads\/2024\/10\/img_4695-scaled.jpg\" \/>\n\t<meta property=\"og:image:width\" content=\"2560\" \/>\n\t<meta property=\"og:image:height\" content=\"1707\" \/>\n\t<meta property=\"og:image:type\" content=\"image\/jpeg\" \/>\n<meta name=\"author\" content=\"Ana Luiza Bonatto\" \/>\n<meta name=\"twitter:card\" content=\"summary_large_image\" \/>\n<meta name=\"twitter:label1\" content=\"Escrito por\" \/>\n\t<meta name=\"twitter:data1\" content=\"Ana Luiza Bonatto\" \/>\n\t<meta name=\"twitter:label2\" content=\"Est. tempo de leitura\" \/>\n\t<meta name=\"twitter:data2\" content=\"3 minutos\" \/>\n<script type=\"application\/ld+json\" class=\"yoast-schema-graph\">{\"@context\":\"https:\\\/\\\/schema.org\",\"@graph\":[{\"@type\":\"Article\",\"@id\":\"https:\\\/\\\/jornalboasnoticias.com.br\\\/home\\\/batalhao-de-policia-rodoviaria-comemora-60-anos-em-evento-com-policiais-de-15-estados\\\/#article\",\"isPartOf\":{\"@id\":\"https:\\\/\\\/jornalboasnoticias.com.br\\\/home\\\/batalhao-de-policia-rodoviaria-comemora-60-anos-em-evento-com-policiais-de-15-estados\\\/\"},\"author\":{\"name\":\"Ana Luiza Bonatto\",\"@id\":\"https:\\\/\\\/jornalboasnoticias.com.br\\\/home\\\/#\\\/schema\\\/person\\\/d641193e0afc6405b390164dac847971\"},\"headline\":\"Batalh\u00e3o de Pol\u00edcia Rodovi\u00e1ria comemora 60 anos em evento com policiais de 15 estados\",\"datePublished\":\"2024-10-25T18:34:30+00:00\",\"mainEntityOfPage\":{\"@id\":\"https:\\\/\\\/jornalboasnoticias.com.br\\\/home\\\/batalhao-de-policia-rodoviaria-comemora-60-anos-em-evento-com-policiais-de-15-estados\\\/\"},\"wordCount\":521,\"commentCount\":0,\"publisher\":{\"@id\":\"https:\\\/\\\/jornalboasnoticias.com.br\\\/home\\\/#organization\"},\"image\":{\"@id\":\"https:\\\/\\\/jornalboasnoticias.com.br\\\/home\\\/batalhao-de-policia-rodoviaria-comemora-60-anos-em-evento-com-policiais-de-15-estados\\\/#primaryimage\"},\"thumbnailUrl\":\"https:\\\/\\\/jornalboasnoticias.com.br\\\/home\\\/wp-content\\\/uploads\\\/2024\\\/10\\\/img_4695-scaled.jpg\",\"articleSection\":[\"DESTAQUE\",\"PARAN\u00c1\"],\"inLanguage\":\"pt-BR\",\"potentialAction\":[{\"@type\":\"CommentAction\",\"name\":\"Comment\",\"target\":[\"https:\\\/\\\/jornalboasnoticias.com.br\\\/home\\\/batalhao-de-policia-rodoviaria-comemora-60-anos-em-evento-com-policiais-de-15-estados\\\/#respond\"]}]},{\"@type\":\"WebPage\",\"@id\":\"https:\\\/\\\/jornalboasnoticias.com.br\\\/home\\\/batalhao-de-policia-rodoviaria-comemora-60-anos-em-evento-com-policiais-de-15-estados\\\/\",\"url\":\"https:\\\/\\\/jornalboasnoticias.com.br\\\/home\\\/batalhao-de-policia-rodoviaria-comemora-60-anos-em-evento-com-policiais-de-15-estados\\\/\",\"name\":\"Batalh\u00e3o de Pol\u00edcia Rodovi\u00e1ria comemora 60 anos em evento com policiais de 15 estados - Jornal\",\"isPartOf\":{\"@id\":\"https:\\\/\\\/jornalboasnoticias.com.br\\\/home\\\/#website\"},\"primaryImageOfPage\":{\"@id\":\"https:\\\/\\\/jornalboasnoticias.com.br\\\/home\\\/batalhao-de-policia-rodoviaria-comemora-60-anos-em-evento-com-policiais-de-15-estados\\\/#primaryimage\"},\"image\":{\"@id\":\"https:\\\/\\\/jornalboasnoticias.com.br\\\/home\\\/batalhao-de-policia-rodoviaria-comemora-60-anos-em-evento-com-policiais-de-15-estados\\\/#primaryimage\"},\"thumbnailUrl\":\"https:\\\/\\\/jornalboasnoticias.com.br\\\/home\\\/wp-content\\\/uploads\\\/2024\\\/10\\\/img_4695-scaled.jpg\",\"datePublished\":\"2024-10-25T18:34:30+00:00\",\"description\":\"Batalh\u00e3o de Pol\u00edcia Rodovi\u00e1ria comemora 60 anos em evento com policiais de 15 estados\",\"breadcrumb\":{\"@id\":\"https:\\\/\\\/jornalboasnoticias.com.br\\\/home\\\/batalhao-de-policia-rodoviaria-comemora-60-anos-em-evento-com-policiais-de-15-estados\\\/#breadcrumb\"},\"inLanguage\":\"pt-BR\",\"potentialAction\":[{\"@type\":\"ReadAction\",\"target\":[\"https:\\\/\\\/jornalboasnoticias.com.br\\\/home\\\/batalhao-de-policia-rodoviaria-comemora-60-anos-em-evento-com-policiais-de-15-estados\\\/\"]}]},{\"@type\":\"ImageObject\",\"inLanguage\":\"pt-BR\",\"@id\":\"https:\\\/\\\/jornalboasnoticias.com.br\\\/home\\\/batalhao-de-policia-rodoviaria-comemora-60-anos-em-evento-com-policiais-de-15-estados\\\/#primaryimage\",\"url\":\"https:\\\/\\\/jornalboasnoticias.com.br\\\/home\\\/wp-content\\\/uploads\\\/2024\\\/10\\\/img_4695-scaled.jpg\",\"contentUrl\":\"https:\\\/\\\/jornalboasnoticias.com.br\\\/home\\\/wp-content\\\/uploads\\\/2024\\\/10\\\/img_4695-scaled.jpg\",\"width\":2560,\"height\":1707,\"caption\":\"Foto: Soldado Mauro Berg\\\/PMPR\"},{\"@type\":\"BreadcrumbList\",\"@id\":\"https:\\\/\\\/jornalboasnoticias.com.br\\\/home\\\/batalhao-de-policia-rodoviaria-comemora-60-anos-em-evento-com-policiais-de-15-estados\\\/#breadcrumb\",\"itemListElement\":[{\"@type\":\"ListItem\",\"position\":1,\"name\":\"In\u00edcio\",\"item\":\"https:\\\/\\\/jornalboasnoticias.com.br\\\/home\\\/\"},{\"@type\":\"ListItem\",\"position\":2,\"name\":\"Batalh\u00e3o de Pol\u00edcia Rodovi\u00e1ria comemora 60 anos em evento com policiais de 15 estados\"}]},{\"@type\":\"WebSite\",\"@id\":\"https:\\\/\\\/jornalboasnoticias.com.br\\\/home\\\/#website\",\"url\":\"https:\\\/\\\/jornalboasnoticias.com.br\\\/home\\\/\",\"name\":\"Jornal Boas Not\u00edcias\",\"description\":\"Boas not\u00edcias\",\"publisher\":{\"@id\":\"https:\\\/\\\/jornalboasnoticias.com.br\\\/home\\\/#organization\"},\"potentialAction\":[{\"@type\":\"SearchAction\",\"target\":{\"@type\":\"EntryPoint\",\"urlTemplate\":\"https:\\\/\\\/jornalboasnoticias.com.br\\\/home\\\/?s={search_term_string}\"},\"query-input\":{\"@type\":\"PropertyValueSpecification\",\"valueRequired\":true,\"valueName\":\"search_term_string\"}}],\"inLanguage\":\"pt-BR\"},{\"@type\":\"Organization\",\"@id\":\"https:\\\/\\\/jornalboasnoticias.com.br\\\/home\\\/#organization\",\"name\":\"Coq Editora Ltda\",\"alternateName\":\"Jornal Boas Noticias\",\"url\":\"https:\\\/\\\/jornalboasnoticias.com.br\\\/home\\\/\",\"logo\":{\"@type\":\"ImageObject\",\"inLanguage\":\"pt-BR\",\"@id\":\"https:\\\/\\\/jornalboasnoticias.com.br\\\/home\\\/#\\\/schema\\\/logo\\\/image\\\/\",\"url\":\"https:\\\/\\\/jornalboasnoticias.com.br\\\/home\\\/wp-content\\\/uploads\\\/2024\\\/07\\\/cropped-logo.jpg\",\"contentUrl\":\"https:\\\/\\\/jornalboasnoticias.com.br\\\/home\\\/wp-content\\\/uploads\\\/2024\\\/07\\\/cropped-logo.jpg\",\"width\":290,\"height\":142,\"caption\":\"Coq Editora Ltda\"},\"image\":{\"@id\":\"https:\\\/\\\/jornalboasnoticias.com.br\\\/home\\\/#\\\/schema\\\/logo\\\/image\\\/\"},\"sameAs\":[\"https:\\\/\\\/www.facebook.com\\\/boasnoticiasjornal\"]},{\"@type\":\"Person\",\"@id\":\"https:\\\/\\\/jornalboasnoticias.com.br\\\/home\\\/#\\\/schema\\\/person\\\/d641193e0afc6405b390164dac847971\",\"name\":\"Ana Luiza Bonatto\",\"image\":{\"@type\":\"ImageObject\",\"inLanguage\":\"pt-BR\",\"@id\":\"https:\\\/\\\/secure.gravatar.com\\\/avatar\\\/8a055ebe6373371f67ac6fcf313c0ac0b0a91157fdcdb9514fa62927373348f0?s=96&d=mm&r=g\",\"url\":\"https:\\\/\\\/secure.gravatar.com\\\/avatar\\\/8a055ebe6373371f67ac6fcf313c0ac0b0a91157fdcdb9514fa62927373348f0?s=96&d=mm&r=g\",\"contentUrl\":\"https:\\\/\\\/secure.gravatar.com\\\/avatar\\\/8a055ebe6373371f67ac6fcf313c0ac0b0a91157fdcdb9514fa62927373348f0?s=96&d=mm&r=g\",\"caption\":\"Ana Luiza Bonatto\"},\"url\":\"https:\\\/\\\/jornalboasnoticias.com.br\\\/home\\\/author\\\/ana-luiza\\\/\"}]}<\/script>\n<!-- \/ Yoast SEO plugin. -->","yoast_head_json":{"title":"Batalh\u00e3o de Pol\u00edcia Rodovi\u00e1ria comemora 60 anos em evento com policiais de 15 estados - Jornal","description":"Batalh\u00e3o de Pol\u00edcia Rodovi\u00e1ria comemora 60 anos em evento com policiais de 15 estados","robots":{"index":"index","follow":"follow","max-snippet":"max-snippet:-1","max-image-preview":"max-image-preview:large","max-video-preview":"max-video-preview:-1"},"canonical":"https:\/\/jornalboasnoticias.com.br\/home\/batalhao-de-policia-rodoviaria-comemora-60-anos-em-evento-com-policiais-de-15-estados\/","og_locale":"pt_BR","og_type":"article","og_title":"Batalh\u00e3o de Pol\u00edcia Rodovi\u00e1ria comemora 60 anos em evento com policiais de 15 estados - Jornal","og_description":"Batalh\u00e3o de Pol\u00edcia Rodovi\u00e1ria comemora 60 anos em evento com policiais de 15 estados","og_url":"https:\/\/jornalboasnoticias.com.br\/home\/batalhao-de-policia-rodoviaria-comemora-60-anos-em-evento-com-policiais-de-15-estados\/","og_site_name":"Jornal","article_publisher":"https:\/\/www.facebook.com\/boasnoticiasjornal","article_published_time":"2024-10-25T18:34:30+00:00","og_image":[{"width":2560,"height":1707,"url":"https:\/\/jornalboasnoticias.com.br\/home\/wp-content\/uploads\/2024\/10\/img_4695-scaled.jpg","type":"image\/jpeg"}],"author":"Ana Luiza Bonatto","twitter_card":"summary_large_image","twitter_misc":{"Escrito por":"Ana Luiza Bonatto","Est. tempo de leitura":"3 minutos"},"schema":{"@context":"https:\/\/schema.org","@graph":[{"@type":"Article","@id":"https:\/\/jornalboasnoticias.com.br\/home\/batalhao-de-policia-rodoviaria-comemora-60-anos-em-evento-com-policiais-de-15-estados\/#article","isPartOf":{"@id":"https:\/\/jornalboasnoticias.com.br\/home\/batalhao-de-policia-rodoviaria-comemora-60-anos-em-evento-com-policiais-de-15-estados\/"},"author":{"name":"Ana Luiza Bonatto","@id":"https:\/\/jornalboasnoticias.com.br\/home\/#\/schema\/person\/d641193e0afc6405b390164dac847971"},"headline":"Batalh\u00e3o de Pol\u00edcia Rodovi\u00e1ria comemora 60 anos em evento com policiais de 15 estados","datePublished":"2024-10-25T18:34:30+00:00","mainEntityOfPage":{"@id":"https:\/\/jornalboasnoticias.com.br\/home\/batalhao-de-policia-rodoviaria-comemora-60-anos-em-evento-com-policiais-de-15-estados\/"},"wordCount":521,"commentCount":0,"publisher":{"@id":"https:\/\/jornalboasnoticias.com.br\/home\/#organization"},"image":{"@id":"https:\/\/jornalboasnoticias.com.br\/home\/batalhao-de-policia-rodoviaria-comemora-60-anos-em-evento-com-policiais-de-15-estados\/#primaryimage"},"thumbnailUrl":"https:\/\/jornalboasnoticias.com.br\/home\/wp-content\/uploads\/2024\/10\/img_4695-scaled.jpg","articleSection":["DESTAQUE","PARAN\u00c1"],"inLanguage":"pt-BR","potentialAction":[{"@type":"CommentAction","name":"Comment","target":["https:\/\/jornalboasnoticias.com.br\/home\/batalhao-de-policia-rodoviaria-comemora-60-anos-em-evento-com-policiais-de-15-estados\/#respond"]}]},{"@type":"WebPage","@id":"https:\/\/jornalboasnoticias.com.br\/home\/batalhao-de-policia-rodoviaria-comemora-60-anos-em-evento-com-policiais-de-15-estados\/","url":"https:\/\/jornalboasnoticias.com.br\/home\/batalhao-de-policia-rodoviaria-comemora-60-anos-em-evento-com-policiais-de-15-estados\/","name":"Batalh\u00e3o de Pol\u00edcia Rodovi\u00e1ria comemora 60 anos em evento com policiais de 15 estados - Jornal","isPartOf":{"@id":"https:\/\/jornalboasnoticias.com.br\/home\/#website"},"primaryImageOfPage":{"@id":"https:\/\/jornalboasnoticias.com.br\/home\/batalhao-de-policia-rodoviaria-comemora-60-anos-em-evento-com-policiais-de-15-estados\/#primaryimage"},"image":{"@id":"https:\/\/jornalboasnoticias.com.br\/home\/batalhao-de-policia-rodoviaria-comemora-60-anos-em-evento-com-policiais-de-15-estados\/#primaryimage"},"thumbnailUrl":"https:\/\/jornalboasnoticias.com.br\/home\/wp-content\/uploads\/2024\/10\/img_4695-scaled.jpg","datePublished":"2024-10-25T18:34:30+00:00","description":"Batalh\u00e3o de Pol\u00edcia Rodovi\u00e1ria comemora 60 anos em evento com policiais de 15 estados","breadcrumb":{"@id":"https:\/\/jornalboasnoticias.com.br\/home\/batalhao-de-policia-rodoviaria-comemora-60-anos-em-evento-com-policiais-de-15-estados\/#breadcrumb"},"inLanguage":"pt-BR","potentialAction":[{"@type":"ReadAction","target":["https:\/\/jornalboasnoticias.com.br\/home\/batalhao-de-policia-rodoviaria-comemora-60-anos-em-evento-com-policiais-de-15-estados\/"]}]},{"@type":"ImageObject","inLanguage":"pt-BR","@id":"https:\/\/jornalboasnoticias.com.br\/home\/batalhao-de-policia-rodoviaria-comemora-60-anos-em-evento-com-policiais-de-15-estados\/#primaryimage","url":"https:\/\/jornalboasnoticias.com.br\/home\/wp-content\/uploads\/2024\/10\/img_4695-scaled.jpg","contentUrl":"https:\/\/jornalboasnoticias.com.br\/home\/wp-content\/uploads\/2024\/10\/img_4695-scaled.jpg","width":2560,"height":1707,"caption":"Foto: Soldado Mauro Berg\/PMPR"},{"@type":"BreadcrumbList","@id":"https:\/\/jornalboasnoticias.com.br\/home\/batalhao-de-policia-rodoviaria-comemora-60-anos-em-evento-com-policiais-de-15-estados\/#breadcrumb","itemListElement":[{"@type":"ListItem","position":1,"name":"In\u00edcio","item":"https:\/\/jornalboasnoticias.com.br\/home\/"},{"@type":"ListItem","position":2,"name":"Batalh\u00e3o de Pol\u00edcia Rodovi\u00e1ria comemora 60 anos em evento com policiais de 15 estados"}]},{"@type":"WebSite","@id":"https:\/\/jornalboasnoticias.com.br\/home\/#website","url":"https:\/\/jornalboasnoticias.com.br\/home\/","name":"Jornal Boas Not\u00edcias","description":"Boas not\u00edcias","publisher":{"@id":"https:\/\/jornalboasnoticias.com.br\/home\/#organization"},"potentialAction":[{"@type":"SearchAction","target":{"@type":"EntryPoint","urlTemplate":"https:\/\/jornalboasnoticias.com.br\/home\/?s={search_term_string}"},"query-input":{"@type":"PropertyValueSpecification","valueRequired":true,"valueName":"search_term_string"}}],"inLanguage":"pt-BR"},{"@type":"Organization","@id":"https:\/\/jornalboasnoticias.com.br\/home\/#organization","name":"Coq Editora Ltda","alternateName":"Jornal Boas Noticias","url":"https:\/\/jornalboasnoticias.com.br\/home\/","logo":{"@type":"ImageObject","inLanguage":"pt-BR","@id":"https:\/\/jornalboasnoticias.com.br\/home\/#\/schema\/logo\/image\/","url":"https:\/\/jornalboasnoticias.com.br\/home\/wp-content\/uploads\/2024\/07\/cropped-logo.jpg","contentUrl":"https:\/\/jornalboasnoticias.com.br\/home\/wp-content\/uploads\/2024\/07\/cropped-logo.jpg","width":290,"height":142,"caption":"Coq Editora Ltda"},"image":{"@id":"https:\/\/jornalboasnoticias.com.br\/home\/#\/schema\/logo\/image\/"},"sameAs":["https:\/\/www.facebook.com\/boasnoticiasjornal"]},{"@type":"Person","@id":"https:\/\/jornalboasnoticias.com.br\/home\/#\/schema\/person\/d641193e0afc6405b390164dac847971","name":"Ana Luiza Bonatto","image":{"@type":"ImageObject","inLanguage":"pt-BR","@id":"https:\/\/secure.gravatar.com\/avatar\/8a055ebe6373371f67ac6fcf313c0ac0b0a91157fdcdb9514fa62927373348f0?s=96&d=mm&r=g","url":"https:\/\/secure.gravatar.com\/avatar\/8a055ebe6373371f67ac6fcf313c0ac0b0a91157fdcdb9514fa62927373348f0?s=96&d=mm&r=g","contentUrl":"https:\/\/secure.gravatar.com\/avatar\/8a055ebe6373371f67ac6fcf313c0ac0b0a91157fdcdb9514fa62927373348f0?s=96&d=mm&r=g","caption":"Ana Luiza Bonatto"},"url":"https:\/\/jornalboasnoticias.com.br\/home\/author\/ana-luiza\/"}]}},"_links":{"self":[{"href":"https:\/\/jornalboasnoticias.com.br\/home\/wp-json\/wp\/v2\/posts\/44562","targetHints":{"allow":["GET"]}}],"collection":[{"href":"https:\/\/jornalboasnoticias.com.br\/home\/wp-json\/wp\/v2\/posts"}],"about":[{"href":"https:\/\/jornalboasnoticias.com.br\/home\/wp-json\/wp\/v2\/types\/post"}],"author":[{"embeddable":true,"href":"https:\/\/jornalboasnoticias.com.br\/home\/wp-json\/wp\/v2\/users\/4"}],"replies":[{"embeddable":true,"href":"https:\/\/jornalboasnoticias.com.br\/home\/wp-json\/wp\/v2\/comments?post=44562"}],"version-history":[{"count":1,"href":"https:\/\/jornalboasnoticias.com.br\/home\/wp-json\/wp\/v2\/posts\/44562\/revisions"}],"predecessor-version":[{"id":44564,"href":"https:\/\/jornalboasnoticias.com.br\/home\/wp-json\/wp\/v2\/posts\/44562\/revisions\/44564"}],"wp:featuredmedia":[{"embeddable":true,"href":"https:\/\/jornalboasnoticias.com.br\/home\/wp-json\/wp\/v2\/media\/44563"}],"wp:attachment":[{"href":"https:\/\/jornalboasnoticias.com.br\/home\/wp-json\/wp\/v2\/media?parent=44562"}],"wp:term":[{"taxonomy":"category","embeddable":true,"href":"https:\/\/jornalboasnoticias.com.br\/home\/wp-json\/wp\/v2\/categories?post=44562"},{"taxonomy":"post_tag","embeddable":true,"href":"https:\/\/jornalboasnoticias.com.br\/home\/wp-json\/wp\/v2\/tags?post=44562"}],"curies":[{"name":"wp","href":"https:\/\/api.w.org\/{rel}","templated":true}]}}