{"id":44559,"date":"2024-10-25T18:29:10","date_gmt":"2024-10-25T18:29:10","guid":{"rendered":"https:\/\/jornalboasnoticias.com.br\/home\/?p=44559"},"modified":"2024-10-25T18:29:10","modified_gmt":"2024-10-25T18:29:10","slug":"sanepar-prepara-moradores-para-atuar-em-hortas-comunitarias-de-arapongas","status":"publish","type":"post","link":"https:\/\/jornalboasnoticias.com.br\/home\/sanepar-prepara-moradores-para-atuar-em-hortas-comunitarias-de-arapongas\/","title":{"rendered":"Sanepar prepara moradores para atuar em hortas comunit\u00e1rias de Arapongas"},"content":{"rendered":"<div class=\"not-escopo-destaque\">\n<div>\n<figure id=\"attachment_44560\" aria-describedby=\"caption-attachment-44560\" style=\"width: 1572px\" class=\"wp-caption alignnone\"><img loading=\"lazy\" decoding=\"async\" class=\"size-full wp-image-44560\" src=\"https:\/\/jornalboasnoticias.com.br\/home\/wp-content\/uploads\/2024\/10\/202410_-_arapongas_-_horta_comunitaria_-_todos.jpg\" alt=\"\" width=\"1572\" height=\"1048\" srcset=\"https:\/\/jornalboasnoticias.com.br\/home\/wp-content\/uploads\/2024\/10\/202410_-_arapongas_-_horta_comunitaria_-_todos.jpg 1572w, https:\/\/jornalboasnoticias.com.br\/home\/wp-content\/uploads\/2024\/10\/202410_-_arapongas_-_horta_comunitaria_-_todos-300x200.jpg 300w, https:\/\/jornalboasnoticias.com.br\/home\/wp-content\/uploads\/2024\/10\/202410_-_arapongas_-_horta_comunitaria_-_todos-1024x683.jpg 1024w, https:\/\/jornalboasnoticias.com.br\/home\/wp-content\/uploads\/2024\/10\/202410_-_arapongas_-_horta_comunitaria_-_todos-768x512.jpg 768w, https:\/\/jornalboasnoticias.com.br\/home\/wp-content\/uploads\/2024\/10\/202410_-_arapongas_-_horta_comunitaria_-_todos-1536x1024.jpg 1536w, https:\/\/jornalboasnoticias.com.br\/home\/wp-content\/uploads\/2024\/10\/202410_-_arapongas_-_horta_comunitaria_-_todos-900x600.jpg 900w\" sizes=\"auto, (max-width: 1572px) 100vw, 1572px\" \/><figcaption id=\"caption-attachment-44560\" class=\"wp-caption-text\">Foto: Giovanna Fonseca\/Sanepar<\/figcaption><\/figure>\n<\/div>\n<\/div>\n<blockquote>\n<div class=\"not-escopo-destaque\">\n<div class=\"field field--name-field-escopo-destaque field--type-string-long field--label-hidden field--item\">Oficinas s\u00e3o parte do trabalho socioambiental da Companhia nas obras de esgotamento que beneficiam 28 bairros da cidade.<\/div>\n<\/div>\n<\/blockquote>\n<div>\n<p>A Sanepar promoveu, na \u00faltima semana, duas oficinas sobre horta comunit\u00e1ria em Arapongas. A horta, cuja montagem e material utilizado foram doados para o munic\u00edpio, foi executada no Centro Social Urbano (CSU), na Avenida\u00a0Gaturamo.<\/p>\n<p>Na introdu\u00e7\u00e3o das oficinas, a gestora ambiental da Sanepar, Andr\u00e9a Fontes, falou sobre as obras de saneamento na cidade, sobre a necessidade de consumo consciente de \u00e1gua e da possibilidade de coleta de \u00e1gua de chuva, para regar a horta, por exemplo.<\/p>\n<p>As hortas, que est\u00e3o sendo implantadas em diferentes munic\u00edpios do Paran\u00e1, s\u00e3o instrumento de garantia da seguran\u00e7a alimentar para as comunidades. Al\u00e9m disso, propiciam igualmente oportunidades de trabalho e gera\u00e7\u00e3o de renda. O conhecimento repassado visa o cultivo de alimentos livres de agrot\u00f3xicos e com acesso a um custo bem abaixo do mercado. \u201cAssim, n\u00f3s falamos da sa\u00fade em sua forma integral. Que come\u00e7a com o abastecimento de uma \u00e1gua pot\u00e1vel, a coleta e o tratamento dos res\u00edduos e esgotamento sanit\u00e1rio, mas, tamb\u00e9m, com uma alimenta\u00e7\u00e3o de qualidade\u201d, diz.<\/p>\n<p>Segundo a secret\u00e1ria municipal de Assist\u00eancia Social, Terezinha Canassa, a parceria com a Sanepar traz benef\u00edcios para a comunidade. \u201cEspero que a gente consiga pessoas que nos ajudem tornar ainda maior esta horta\u201d, comenta. \u201cHorta comunit\u00e1ria \u00e9 importante porque passamos a ter os alimentos sadios e a pr\u00f3pria pessoa que cuidou do seu canteiro ser\u00e1 beneficiada\u201d, destaca.<\/p>\n<p><strong>COMUNIDADE<\/strong>\u00a0\u2013 O assistente social do CSU, Fabio de Oliveira, ficou surpreso com o projeto da horta da Sanepar e v\u00ea importantes benef\u00edcios para a comunidade. \u201c\u00c9 uma coisa que envolve tanto cuidar do meio ambiente quanto da boa alimenta\u00e7\u00e3o\u201d, disse. Sobre os participantes das oficinas, ele afirma que alguns j\u00e1 t\u00eam costume de ter horta em casa e outros n\u00e3o sabiam como fazer os preparos para o cultivo.<\/p>\n<p>Cleusa da Silva, moradora do conjunto Panorama, conta que j\u00e1 fez muitas hortas grandes e que trabalhou no plantio de pepino, piment\u00e3o e berinjela. Ela participou da oficina da Sanepar e diz que quer ajudar na horta do CSU. \u201cPara dar certo tem que ir vendo o que a terra t\u00e1 pedindo e o que a planta t\u00e1 pedindo, para a gente poder ir incrementando, colocando as vitaminas as coisas que precisam\u201d.<\/p>\n<p><strong>CONTEXTO<\/strong>\u00a0\u2013 As oficinas de horta comunit\u00e1ria fazem parte do trabalho socioambiental da Sanepar ligado \u00e0s obras de saneamento da Companhia na cidade.\u00a0Est\u00e3o sendo implantados cerca de 75 mil metros de rede coletora de esgoto, 10 mil metros de linha de recalque e interceptores, al\u00e9m da constru\u00e7\u00e3o de duas unidades de bombeamento. A Esta\u00e7\u00e3o de Tratamento de Esgoto Araruva e a Esta\u00e7\u00e3o Mantiqueira est\u00e3o em fase final. Ao todo, a Sanepar investiu em Arapongas R$ 28.473,00 milh\u00f5es para viabilizar estes empreendimentos. Com esta estrutura, a coleta e o tratamento de esgoto chegam para 28 bairros da cidade.<\/p>\n<p><em><strong>AEN<\/strong><\/em><\/p>\n<\/div>\n","protected":false},"excerpt":{"rendered":"<p>Oficinas s\u00e3o parte do trabalho socioambiental da Companhia nas obras de esgotamento que beneficiam 28<\/p>\n","protected":false},"author":4,"featured_media":44560,"comment_status":"open","ping_status":"open","sticky":false,"template":"","format":"standard","meta":{"footnotes":""},"categories":[4],"tags":[],"class_list":["post-44559","post","type-post","status-publish","format-standard","has-post-thumbnail","hentry","category-parana"],"yoast_head":"<!-- This site is optimized with the Yoast SEO plugin v27.5 - https:\/\/yoast.com\/product\/yoast-seo-wordpress\/ -->\n<title>Sanepar prepara moradores para atuar em hortas comunit\u00e1rias de Arapongas - Jornal<\/title>\n<meta name=\"description\" content=\"Sanepar prepara moradores para atuar em hortas comunit\u00e1rias de Arapongas\" \/>\n<meta name=\"robots\" content=\"index, follow, max-snippet:-1, max-image-preview:large, max-video-preview:-1\" \/>\n<link rel=\"canonical\" href=\"https:\/\/jornalboasnoticias.com.br\/home\/sanepar-prepara-moradores-para-atuar-em-hortas-comunitarias-de-arapongas\/\" \/>\n<meta property=\"og:locale\" content=\"pt_BR\" \/>\n<meta property=\"og:type\" content=\"article\" \/>\n<meta property=\"og:title\" content=\"Sanepar prepara moradores para atuar em hortas comunit\u00e1rias de Arapongas - Jornal\" \/>\n<meta property=\"og:description\" content=\"Sanepar prepara moradores para atuar em hortas comunit\u00e1rias de Arapongas\" \/>\n<meta property=\"og:url\" content=\"https:\/\/jornalboasnoticias.com.br\/home\/sanepar-prepara-moradores-para-atuar-em-hortas-comunitarias-de-arapongas\/\" \/>\n<meta property=\"og:site_name\" content=\"Jornal\" \/>\n<meta property=\"article:publisher\" content=\"https:\/\/www.facebook.com\/boasnoticiasjornal\" \/>\n<meta property=\"article:published_time\" content=\"2024-10-25T18:29:10+00:00\" \/>\n<meta property=\"og:image\" content=\"https:\/\/jornalboasnoticias.com.br\/home\/wp-content\/uploads\/2024\/10\/202410_-_arapongas_-_horta_comunitaria_-_todos.jpg\" \/>\n\t<meta property=\"og:image:width\" content=\"1572\" \/>\n\t<meta property=\"og:image:height\" content=\"1048\" \/>\n\t<meta property=\"og:image:type\" content=\"image\/jpeg\" \/>\n<meta name=\"author\" content=\"Ana Luiza Bonatto\" \/>\n<meta name=\"twitter:card\" content=\"summary_large_image\" \/>\n<meta name=\"twitter:label1\" content=\"Escrito por\" \/>\n\t<meta name=\"twitter:data1\" content=\"Ana Luiza Bonatto\" \/>\n\t<meta name=\"twitter:label2\" content=\"Est. tempo de leitura\" \/>\n\t<meta name=\"twitter:data2\" content=\"3 minutos\" \/>\n<script type=\"application\/ld+json\" class=\"yoast-schema-graph\">{\"@context\":\"https:\\\/\\\/schema.org\",\"@graph\":[{\"@type\":\"Article\",\"@id\":\"https:\\\/\\\/jornalboasnoticias.com.br\\\/home\\\/sanepar-prepara-moradores-para-atuar-em-hortas-comunitarias-de-arapongas\\\/#article\",\"isPartOf\":{\"@id\":\"https:\\\/\\\/jornalboasnoticias.com.br\\\/home\\\/sanepar-prepara-moradores-para-atuar-em-hortas-comunitarias-de-arapongas\\\/\"},\"author\":{\"name\":\"Ana Luiza Bonatto\",\"@id\":\"https:\\\/\\\/jornalboasnoticias.com.br\\\/home\\\/#\\\/schema\\\/person\\\/d641193e0afc6405b390164dac847971\"},\"headline\":\"Sanepar prepara moradores para atuar em hortas comunit\u00e1rias de Arapongas\",\"datePublished\":\"2024-10-25T18:29:10+00:00\",\"mainEntityOfPage\":{\"@id\":\"https:\\\/\\\/jornalboasnoticias.com.br\\\/home\\\/sanepar-prepara-moradores-para-atuar-em-hortas-comunitarias-de-arapongas\\\/\"},\"wordCount\":532,\"commentCount\":0,\"publisher\":{\"@id\":\"https:\\\/\\\/jornalboasnoticias.com.br\\\/home\\\/#organization\"},\"image\":{\"@id\":\"https:\\\/\\\/jornalboasnoticias.com.br\\\/home\\\/sanepar-prepara-moradores-para-atuar-em-hortas-comunitarias-de-arapongas\\\/#primaryimage\"},\"thumbnailUrl\":\"https:\\\/\\\/jornalboasnoticias.com.br\\\/home\\\/wp-content\\\/uploads\\\/2024\\\/10\\\/202410_-_arapongas_-_horta_comunitaria_-_todos.jpg\",\"articleSection\":[\"PARAN\u00c1\"],\"inLanguage\":\"pt-BR\",\"potentialAction\":[{\"@type\":\"CommentAction\",\"name\":\"Comment\",\"target\":[\"https:\\\/\\\/jornalboasnoticias.com.br\\\/home\\\/sanepar-prepara-moradores-para-atuar-em-hortas-comunitarias-de-arapongas\\\/#respond\"]}]},{\"@type\":\"WebPage\",\"@id\":\"https:\\\/\\\/jornalboasnoticias.com.br\\\/home\\\/sanepar-prepara-moradores-para-atuar-em-hortas-comunitarias-de-arapongas\\\/\",\"url\":\"https:\\\/\\\/jornalboasnoticias.com.br\\\/home\\\/sanepar-prepara-moradores-para-atuar-em-hortas-comunitarias-de-arapongas\\\/\",\"name\":\"Sanepar prepara moradores para atuar em hortas comunit\u00e1rias de Arapongas - Jornal\",\"isPartOf\":{\"@id\":\"https:\\\/\\\/jornalboasnoticias.com.br\\\/home\\\/#website\"},\"primaryImageOfPage\":{\"@id\":\"https:\\\/\\\/jornalboasnoticias.com.br\\\/home\\\/sanepar-prepara-moradores-para-atuar-em-hortas-comunitarias-de-arapongas\\\/#primaryimage\"},\"image\":{\"@id\":\"https:\\\/\\\/jornalboasnoticias.com.br\\\/home\\\/sanepar-prepara-moradores-para-atuar-em-hortas-comunitarias-de-arapongas\\\/#primaryimage\"},\"thumbnailUrl\":\"https:\\\/\\\/jornalboasnoticias.com.br\\\/home\\\/wp-content\\\/uploads\\\/2024\\\/10\\\/202410_-_arapongas_-_horta_comunitaria_-_todos.jpg\",\"datePublished\":\"2024-10-25T18:29:10+00:00\",\"description\":\"Sanepar prepara moradores para atuar em hortas comunit\u00e1rias de Arapongas\",\"breadcrumb\":{\"@id\":\"https:\\\/\\\/jornalboasnoticias.com.br\\\/home\\\/sanepar-prepara-moradores-para-atuar-em-hortas-comunitarias-de-arapongas\\\/#breadcrumb\"},\"inLanguage\":\"pt-BR\",\"potentialAction\":[{\"@type\":\"ReadAction\",\"target\":[\"https:\\\/\\\/jornalboasnoticias.com.br\\\/home\\\/sanepar-prepara-moradores-para-atuar-em-hortas-comunitarias-de-arapongas\\\/\"]}]},{\"@type\":\"ImageObject\",\"inLanguage\":\"pt-BR\",\"@id\":\"https:\\\/\\\/jornalboasnoticias.com.br\\\/home\\\/sanepar-prepara-moradores-para-atuar-em-hortas-comunitarias-de-arapongas\\\/#primaryimage\",\"url\":\"https:\\\/\\\/jornalboasnoticias.com.br\\\/home\\\/wp-content\\\/uploads\\\/2024\\\/10\\\/202410_-_arapongas_-_horta_comunitaria_-_todos.jpg\",\"contentUrl\":\"https:\\\/\\\/jornalboasnoticias.com.br\\\/home\\\/wp-content\\\/uploads\\\/2024\\\/10\\\/202410_-_arapongas_-_horta_comunitaria_-_todos.jpg\",\"width\":1572,\"height\":1048,\"caption\":\"Foto: Giovanna Fonseca\\\/Sanepar\"},{\"@type\":\"BreadcrumbList\",\"@id\":\"https:\\\/\\\/jornalboasnoticias.com.br\\\/home\\\/sanepar-prepara-moradores-para-atuar-em-hortas-comunitarias-de-arapongas\\\/#breadcrumb\",\"itemListElement\":[{\"@type\":\"ListItem\",\"position\":1,\"name\":\"In\u00edcio\",\"item\":\"https:\\\/\\\/jornalboasnoticias.com.br\\\/home\\\/\"},{\"@type\":\"ListItem\",\"position\":2,\"name\":\"Sanepar prepara moradores para atuar em hortas comunit\u00e1rias de Arapongas\"}]},{\"@type\":\"WebSite\",\"@id\":\"https:\\\/\\\/jornalboasnoticias.com.br\\\/home\\\/#website\",\"url\":\"https:\\\/\\\/jornalboasnoticias.com.br\\\/home\\\/\",\"name\":\"Jornal Boas Not\u00edcias\",\"description\":\"Boas not\u00edcias\",\"publisher\":{\"@id\":\"https:\\\/\\\/jornalboasnoticias.com.br\\\/home\\\/#organization\"},\"potentialAction\":[{\"@type\":\"SearchAction\",\"target\":{\"@type\":\"EntryPoint\",\"urlTemplate\":\"https:\\\/\\\/jornalboasnoticias.com.br\\\/home\\\/?s={search_term_string}\"},\"query-input\":{\"@type\":\"PropertyValueSpecification\",\"valueRequired\":true,\"valueName\":\"search_term_string\"}}],\"inLanguage\":\"pt-BR\"},{\"@type\":\"Organization\",\"@id\":\"https:\\\/\\\/jornalboasnoticias.com.br\\\/home\\\/#organization\",\"name\":\"Coq Editora Ltda\",\"alternateName\":\"Jornal Boas Noticias\",\"url\":\"https:\\\/\\\/jornalboasnoticias.com.br\\\/home\\\/\",\"logo\":{\"@type\":\"ImageObject\",\"inLanguage\":\"pt-BR\",\"@id\":\"https:\\\/\\\/jornalboasnoticias.com.br\\\/home\\\/#\\\/schema\\\/logo\\\/image\\\/\",\"url\":\"https:\\\/\\\/jornalboasnoticias.com.br\\\/home\\\/wp-content\\\/uploads\\\/2024\\\/07\\\/cropped-logo.jpg\",\"contentUrl\":\"https:\\\/\\\/jornalboasnoticias.com.br\\\/home\\\/wp-content\\\/uploads\\\/2024\\\/07\\\/cropped-logo.jpg\",\"width\":290,\"height\":142,\"caption\":\"Coq Editora Ltda\"},\"image\":{\"@id\":\"https:\\\/\\\/jornalboasnoticias.com.br\\\/home\\\/#\\\/schema\\\/logo\\\/image\\\/\"},\"sameAs\":[\"https:\\\/\\\/www.facebook.com\\\/boasnoticiasjornal\"]},{\"@type\":\"Person\",\"@id\":\"https:\\\/\\\/jornalboasnoticias.com.br\\\/home\\\/#\\\/schema\\\/person\\\/d641193e0afc6405b390164dac847971\",\"name\":\"Ana Luiza Bonatto\",\"image\":{\"@type\":\"ImageObject\",\"inLanguage\":\"pt-BR\",\"@id\":\"https:\\\/\\\/secure.gravatar.com\\\/avatar\\\/8a055ebe6373371f67ac6fcf313c0ac0b0a91157fdcdb9514fa62927373348f0?s=96&d=mm&r=g\",\"url\":\"https:\\\/\\\/secure.gravatar.com\\\/avatar\\\/8a055ebe6373371f67ac6fcf313c0ac0b0a91157fdcdb9514fa62927373348f0?s=96&d=mm&r=g\",\"contentUrl\":\"https:\\\/\\\/secure.gravatar.com\\\/avatar\\\/8a055ebe6373371f67ac6fcf313c0ac0b0a91157fdcdb9514fa62927373348f0?s=96&d=mm&r=g\",\"caption\":\"Ana Luiza Bonatto\"},\"url\":\"https:\\\/\\\/jornalboasnoticias.com.br\\\/home\\\/author\\\/ana-luiza\\\/\"}]}<\/script>\n<!-- \/ Yoast SEO plugin. -->","yoast_head_json":{"title":"Sanepar prepara moradores para atuar em hortas comunit\u00e1rias de Arapongas - Jornal","description":"Sanepar prepara moradores para atuar em hortas comunit\u00e1rias de Arapongas","robots":{"index":"index","follow":"follow","max-snippet":"max-snippet:-1","max-image-preview":"max-image-preview:large","max-video-preview":"max-video-preview:-1"},"canonical":"https:\/\/jornalboasnoticias.com.br\/home\/sanepar-prepara-moradores-para-atuar-em-hortas-comunitarias-de-arapongas\/","og_locale":"pt_BR","og_type":"article","og_title":"Sanepar prepara moradores para atuar em hortas comunit\u00e1rias de Arapongas - Jornal","og_description":"Sanepar prepara moradores para atuar em hortas comunit\u00e1rias de Arapongas","og_url":"https:\/\/jornalboasnoticias.com.br\/home\/sanepar-prepara-moradores-para-atuar-em-hortas-comunitarias-de-arapongas\/","og_site_name":"Jornal","article_publisher":"https:\/\/www.facebook.com\/boasnoticiasjornal","article_published_time":"2024-10-25T18:29:10+00:00","og_image":[{"width":1572,"height":1048,"url":"https:\/\/jornalboasnoticias.com.br\/home\/wp-content\/uploads\/2024\/10\/202410_-_arapongas_-_horta_comunitaria_-_todos.jpg","type":"image\/jpeg"}],"author":"Ana Luiza Bonatto","twitter_card":"summary_large_image","twitter_misc":{"Escrito por":"Ana Luiza Bonatto","Est. tempo de leitura":"3 minutos"},"schema":{"@context":"https:\/\/schema.org","@graph":[{"@type":"Article","@id":"https:\/\/jornalboasnoticias.com.br\/home\/sanepar-prepara-moradores-para-atuar-em-hortas-comunitarias-de-arapongas\/#article","isPartOf":{"@id":"https:\/\/jornalboasnoticias.com.br\/home\/sanepar-prepara-moradores-para-atuar-em-hortas-comunitarias-de-arapongas\/"},"author":{"name":"Ana Luiza Bonatto","@id":"https:\/\/jornalboasnoticias.com.br\/home\/#\/schema\/person\/d641193e0afc6405b390164dac847971"},"headline":"Sanepar prepara moradores para atuar em hortas comunit\u00e1rias de Arapongas","datePublished":"2024-10-25T18:29:10+00:00","mainEntityOfPage":{"@id":"https:\/\/jornalboasnoticias.com.br\/home\/sanepar-prepara-moradores-para-atuar-em-hortas-comunitarias-de-arapongas\/"},"wordCount":532,"commentCount":0,"publisher":{"@id":"https:\/\/jornalboasnoticias.com.br\/home\/#organization"},"image":{"@id":"https:\/\/jornalboasnoticias.com.br\/home\/sanepar-prepara-moradores-para-atuar-em-hortas-comunitarias-de-arapongas\/#primaryimage"},"thumbnailUrl":"https:\/\/jornalboasnoticias.com.br\/home\/wp-content\/uploads\/2024\/10\/202410_-_arapongas_-_horta_comunitaria_-_todos.jpg","articleSection":["PARAN\u00c1"],"inLanguage":"pt-BR","potentialAction":[{"@type":"CommentAction","name":"Comment","target":["https:\/\/jornalboasnoticias.com.br\/home\/sanepar-prepara-moradores-para-atuar-em-hortas-comunitarias-de-arapongas\/#respond"]}]},{"@type":"WebPage","@id":"https:\/\/jornalboasnoticias.com.br\/home\/sanepar-prepara-moradores-para-atuar-em-hortas-comunitarias-de-arapongas\/","url":"https:\/\/jornalboasnoticias.com.br\/home\/sanepar-prepara-moradores-para-atuar-em-hortas-comunitarias-de-arapongas\/","name":"Sanepar prepara moradores para atuar em hortas comunit\u00e1rias de Arapongas - Jornal","isPartOf":{"@id":"https:\/\/jornalboasnoticias.com.br\/home\/#website"},"primaryImageOfPage":{"@id":"https:\/\/jornalboasnoticias.com.br\/home\/sanepar-prepara-moradores-para-atuar-em-hortas-comunitarias-de-arapongas\/#primaryimage"},"image":{"@id":"https:\/\/jornalboasnoticias.com.br\/home\/sanepar-prepara-moradores-para-atuar-em-hortas-comunitarias-de-arapongas\/#primaryimage"},"thumbnailUrl":"https:\/\/jornalboasnoticias.com.br\/home\/wp-content\/uploads\/2024\/10\/202410_-_arapongas_-_horta_comunitaria_-_todos.jpg","datePublished":"2024-10-25T18:29:10+00:00","description":"Sanepar prepara moradores para atuar em hortas comunit\u00e1rias de Arapongas","breadcrumb":{"@id":"https:\/\/jornalboasnoticias.com.br\/home\/sanepar-prepara-moradores-para-atuar-em-hortas-comunitarias-de-arapongas\/#breadcrumb"},"inLanguage":"pt-BR","potentialAction":[{"@type":"ReadAction","target":["https:\/\/jornalboasnoticias.com.br\/home\/sanepar-prepara-moradores-para-atuar-em-hortas-comunitarias-de-arapongas\/"]}]},{"@type":"ImageObject","inLanguage":"pt-BR","@id":"https:\/\/jornalboasnoticias.com.br\/home\/sanepar-prepara-moradores-para-atuar-em-hortas-comunitarias-de-arapongas\/#primaryimage","url":"https:\/\/jornalboasnoticias.com.br\/home\/wp-content\/uploads\/2024\/10\/202410_-_arapongas_-_horta_comunitaria_-_todos.jpg","contentUrl":"https:\/\/jornalboasnoticias.com.br\/home\/wp-content\/uploads\/2024\/10\/202410_-_arapongas_-_horta_comunitaria_-_todos.jpg","width":1572,"height":1048,"caption":"Foto: Giovanna Fonseca\/Sanepar"},{"@type":"BreadcrumbList","@id":"https:\/\/jornalboasnoticias.com.br\/home\/sanepar-prepara-moradores-para-atuar-em-hortas-comunitarias-de-arapongas\/#breadcrumb","itemListElement":[{"@type":"ListItem","position":1,"name":"In\u00edcio","item":"https:\/\/jornalboasnoticias.com.br\/home\/"},{"@type":"ListItem","position":2,"name":"Sanepar prepara moradores para atuar em hortas comunit\u00e1rias de Arapongas"}]},{"@type":"WebSite","@id":"https:\/\/jornalboasnoticias.com.br\/home\/#website","url":"https:\/\/jornalboasnoticias.com.br\/home\/","name":"Jornal Boas Not\u00edcias","description":"Boas not\u00edcias","publisher":{"@id":"https:\/\/jornalboasnoticias.com.br\/home\/#organization"},"potentialAction":[{"@type":"SearchAction","target":{"@type":"EntryPoint","urlTemplate":"https:\/\/jornalboasnoticias.com.br\/home\/?s={search_term_string}"},"query-input":{"@type":"PropertyValueSpecification","valueRequired":true,"valueName":"search_term_string"}}],"inLanguage":"pt-BR"},{"@type":"Organization","@id":"https:\/\/jornalboasnoticias.com.br\/home\/#organization","name":"Coq Editora Ltda","alternateName":"Jornal Boas Noticias","url":"https:\/\/jornalboasnoticias.com.br\/home\/","logo":{"@type":"ImageObject","inLanguage":"pt-BR","@id":"https:\/\/jornalboasnoticias.com.br\/home\/#\/schema\/logo\/image\/","url":"https:\/\/jornalboasnoticias.com.br\/home\/wp-content\/uploads\/2024\/07\/cropped-logo.jpg","contentUrl":"https:\/\/jornalboasnoticias.com.br\/home\/wp-content\/uploads\/2024\/07\/cropped-logo.jpg","width":290,"height":142,"caption":"Coq Editora Ltda"},"image":{"@id":"https:\/\/jornalboasnoticias.com.br\/home\/#\/schema\/logo\/image\/"},"sameAs":["https:\/\/www.facebook.com\/boasnoticiasjornal"]},{"@type":"Person","@id":"https:\/\/jornalboasnoticias.com.br\/home\/#\/schema\/person\/d641193e0afc6405b390164dac847971","name":"Ana Luiza Bonatto","image":{"@type":"ImageObject","inLanguage":"pt-BR","@id":"https:\/\/secure.gravatar.com\/avatar\/8a055ebe6373371f67ac6fcf313c0ac0b0a91157fdcdb9514fa62927373348f0?s=96&d=mm&r=g","url":"https:\/\/secure.gravatar.com\/avatar\/8a055ebe6373371f67ac6fcf313c0ac0b0a91157fdcdb9514fa62927373348f0?s=96&d=mm&r=g","contentUrl":"https:\/\/secure.gravatar.com\/avatar\/8a055ebe6373371f67ac6fcf313c0ac0b0a91157fdcdb9514fa62927373348f0?s=96&d=mm&r=g","caption":"Ana Luiza Bonatto"},"url":"https:\/\/jornalboasnoticias.com.br\/home\/author\/ana-luiza\/"}]}},"_links":{"self":[{"href":"https:\/\/jornalboasnoticias.com.br\/home\/wp-json\/wp\/v2\/posts\/44559","targetHints":{"allow":["GET"]}}],"collection":[{"href":"https:\/\/jornalboasnoticias.com.br\/home\/wp-json\/wp\/v2\/posts"}],"about":[{"href":"https:\/\/jornalboasnoticias.com.br\/home\/wp-json\/wp\/v2\/types\/post"}],"author":[{"embeddable":true,"href":"https:\/\/jornalboasnoticias.com.br\/home\/wp-json\/wp\/v2\/users\/4"}],"replies":[{"embeddable":true,"href":"https:\/\/jornalboasnoticias.com.br\/home\/wp-json\/wp\/v2\/comments?post=44559"}],"version-history":[{"count":1,"href":"https:\/\/jornalboasnoticias.com.br\/home\/wp-json\/wp\/v2\/posts\/44559\/revisions"}],"predecessor-version":[{"id":44561,"href":"https:\/\/jornalboasnoticias.com.br\/home\/wp-json\/wp\/v2\/posts\/44559\/revisions\/44561"}],"wp:featuredmedia":[{"embeddable":true,"href":"https:\/\/jornalboasnoticias.com.br\/home\/wp-json\/wp\/v2\/media\/44560"}],"wp:attachment":[{"href":"https:\/\/jornalboasnoticias.com.br\/home\/wp-json\/wp\/v2\/media?parent=44559"}],"wp:term":[{"taxonomy":"category","embeddable":true,"href":"https:\/\/jornalboasnoticias.com.br\/home\/wp-json\/wp\/v2\/categories?post=44559"},{"taxonomy":"post_tag","embeddable":true,"href":"https:\/\/jornalboasnoticias.com.br\/home\/wp-json\/wp\/v2\/tags?post=44559"}],"curies":[{"name":"wp","href":"https:\/\/api.w.org\/{rel}","templated":true}]}}