{"id":44555,"date":"2024-10-25T18:27:10","date_gmt":"2024-10-25T18:27:10","guid":{"rendered":"https:\/\/jornalboasnoticias.com.br\/home\/?p=44555"},"modified":"2024-10-25T18:27:10","modified_gmt":"2024-10-25T18:27:10","slug":"governo-do-parana-busca-experiencias-de-fornecimento-de-agua-potavel-em-areas-rurais","status":"publish","type":"post","link":"https:\/\/jornalboasnoticias.com.br\/home\/governo-do-parana-busca-experiencias-de-fornecimento-de-agua-potavel-em-areas-rurais\/","title":{"rendered":"Governo do Paran\u00e1 busca experi\u00eancias de fornecimento de \u00e1gua pot\u00e1vel em \u00e1reas rurais"},"content":{"rendered":"<div class=\"not-escopo-destaque\">\n<div>\n<figure id=\"attachment_44556\" aria-describedby=\"caption-attachment-44556\" style=\"width: 2560px\" class=\"wp-caption alignnone\"><img loading=\"lazy\" decoding=\"async\" class=\"size-full wp-image-44556\" src=\"https:\/\/jornalboasnoticias.com.br\/home\/wp-content\/uploads\/2024\/10\/pien_1.jpg-scaled.jpg\" alt=\"\" width=\"2560\" height=\"1707\" srcset=\"https:\/\/jornalboasnoticias.com.br\/home\/wp-content\/uploads\/2024\/10\/pien_1.jpg-scaled.jpg 2560w, https:\/\/jornalboasnoticias.com.br\/home\/wp-content\/uploads\/2024\/10\/pien_1.jpg-300x200.jpg 300w, https:\/\/jornalboasnoticias.com.br\/home\/wp-content\/uploads\/2024\/10\/pien_1.jpg-1024x683.jpg 1024w, https:\/\/jornalboasnoticias.com.br\/home\/wp-content\/uploads\/2024\/10\/pien_1.jpg-768x512.jpg 768w, https:\/\/jornalboasnoticias.com.br\/home\/wp-content\/uploads\/2024\/10\/pien_1.jpg-1536x1024.jpg 1536w, https:\/\/jornalboasnoticias.com.br\/home\/wp-content\/uploads\/2024\/10\/pien_1.jpg-2048x1365.jpg 2048w, https:\/\/jornalboasnoticias.com.br\/home\/wp-content\/uploads\/2024\/10\/pien_1.jpg-900x600.jpg 900w\" sizes=\"auto, (max-width: 2560px) 100vw, 2560px\" \/><figcaption id=\"caption-attachment-44556\" class=\"wp-caption-text\">Foto: Valdelino Pontes\/SECID<\/figcaption><\/figure>\n<\/div>\n<\/div>\n<blockquote>\n<div class=\"not-escopo-destaque\">\n<div class=\"field field--name-field-escopo-destaque field--type-string-long field--label-hidden field--item\">Governo do Paran\u00e1 avan\u00e7a no estudo e no desenvolvimento de propostas para alcan\u00e7ar a universaliza\u00e7\u00e3o no fornecimento de \u00e1gua pot\u00e1vel para o consumo humano em \u00e1reas rurais do Estado.<\/div>\n<\/div>\n<\/blockquote>\n<div>\n<p>O Governo do Paran\u00e1 avan\u00e7a no estudo e no desenvolvimento de propostas para alcan\u00e7ar a universaliza\u00e7\u00e3o no fornecimento de \u00e1gua pot\u00e1vel para o consumo humano em \u00e1reas rurais do Estado. A Secretaria Geral das Microrregi\u00f5es de \u00c1gua e Esgotamento Sanit\u00e1rio, MAES, vinculada \u00e0 Secretaria de Estado das Cidades (Secid), realiza trabalho para identificar estruturas e metodologias de gest\u00e3o de sistemas de distribui\u00e7\u00e3o em todo pa\u00eds.<\/p>\n<p>A MAES \u00e9 respons\u00e1vel no Estado pela gest\u00e3o do processo que levar\u00e1 ao cumprimento das metas definidas no Marco Legal do Saneamento (Lei 14.026\/2020). O objetivo \u00e9 garantir, at\u00e9 2033, que 99% da popula\u00e7\u00e3o brasileira tenha acesso a \u00e1gua pot\u00e1vel e 90% aos servi\u00e7os de coleta e tratamento de esgotos.<\/p>\n<p>O munic\u00edpio de Pi\u00ean, na Regi\u00e3o Metropolitana de Curitiba, \u00e9 um dos que j\u00e1 realiza o servi\u00e7o, com estruturas instaladas comunidades com aproximadamente 1.600 fam\u00edlias. A viabiliza\u00e7\u00e3o do projeto se d\u00e1 via conv\u00eanio entre a Prefeitura e a Companhia de Saneamento do Paran\u00e1 (Sanepar), para a implanta\u00e7\u00e3o da infraestrutura necess\u00e1ria, o que inclui os estudos t\u00e9cnicos preliminares, projetos, po\u00e7os artesianos, casas de tratamento e as redes de distribui\u00e7\u00e3o. Uma vez implantadas, essas estruturas s\u00e3o passadas para associa\u00e7\u00f5es de \u00e1gua, compostas exclusivamente por moradores de cada comunidade atendida, que ficam com a responsabilidade pela opera\u00e7\u00e3o, cobran\u00e7a, manuten\u00e7\u00e3o e amplia\u00e7\u00f5es necess\u00e1rias; al\u00e9m da gest\u00e3o administrativa e financeira do sistema.<\/p>\n<p>A ideia, de acordo com a secret\u00e1ria executiva da MAES, M\u00e1rcia de Amorim, \u00e9 levantar as informa\u00e7\u00f5es para definir um modelo que possa ser replicado em todo o Estado. \u201cEstivemos em Pi\u00ean para conhecer os detalhes da opera\u00e7\u00e3o e, com informa\u00e7\u00f5es de outras iniciativas, chegar a uma modelagem vi\u00e1vel e sustent\u00e1vel tanto na implanta\u00e7\u00e3o quanto na opera\u00e7\u00e3o e manuten\u00e7\u00e3o dos sistemas\u201d, disse.<\/p>\n<p>Outras visitas, como as realizadas a Marechal C\u00e2ndido Rondon, no Oeste do Paran\u00e1, e aos munic\u00edpios cearenses de Russas, Jaguaruana e Aracati, todos com solu\u00e7\u00f5es pr\u00f3prias, ampliam a discuss\u00e3o sobre o tema.<\/p>\n<p>Para conhecer a experi\u00eancia cearense, foram tamb\u00e9m t\u00e9cnicos da Secretaria da Agricultura e Abastecimento (Seab) e do Instituto \u00c1gua e Terra (IAT). Os paranaenses apresentaram a formata\u00e7\u00e3o do sistema de microrregi\u00f5es para o fornecimento de \u00e1gua e a capta\u00e7\u00e3o e tratamento de esgotos. Em contrapartida, conheceram os procedimentos que viabilizaram a instala\u00e7\u00e3o dos Sistemas Integrados de Saneamento Rural (Sisar) e fizeram visitas de campo.<\/p>\n<p>O analista de Desenvolvimento Municipal do Servi\u00e7o Social Aut\u00f4nomo Paranacidade, Geraldo Luiz Farias, que integra o grupo que trata do tema no Paran\u00e1, destaca que o melhor resultado ser\u00e1 alcan\u00e7ado com a integra\u00e7\u00e3o de diversas institui\u00e7\u00f5es p\u00fablicas e a participa\u00e7\u00e3o da sociedade. \u201cH\u00e1 um grande n\u00famero de interessados em encontrar uma solu\u00e7\u00e3o que garanta o acesso \u00e0 \u00e1gua a todas as fam\u00edlias, independentemente de onde estejam. H\u00e1 muitos interessados, na esfera p\u00fablica, em resolver esse problema: al\u00e9m da Secretaria das Cidades, via Secretaria das Microrregi\u00f5es, h\u00e1 as secretarias de Estado de Desenvolvimento Sustent\u00e1vel, da Sa\u00fade e da Agricultura; o Paranacidade, o IAT; o Instituto de Desenvolvimento Rural do Paran\u00e1, a Funda\u00e7\u00e3o Nacional de Sa\u00fade, FUNASA, ligada ao Minist\u00e9rio da Sa\u00fade, e a Sanepar. Com a participa\u00e7\u00e3o de todos esses atores, chegaremos, com certeza, ao formato ideal de acordo com as necessidades da popula\u00e7\u00e3o e \u00e0 realidade paranaense\u201d, afirmou.<\/p>\n<p><strong>OESTE PARANAENSE \u2013\u00a0<\/strong>Em Marechal C\u00e2ndido Rondon, o processo teve in\u00edcio na d\u00e9cada de 1990 e, atualmente, atende cerca de 1.900 fam\u00edlias ou 4.915 pessoas, em 1.931 liga\u00e7\u00f5es dispostas ao longo de 726 quil\u00f4metros de redes de distribui\u00e7\u00e3o. A implanta\u00e7\u00e3o contou com recursos p\u00fablicos aliados \u00e0s contribui\u00e7\u00f5es feitas pelos propriet\u00e1rios rurais interessados em receber o abastecimento \u2013 na \u00e9poca, o equivalente ao valor de 50 sacas de milho por liga\u00e7\u00e3o -; e com a forma\u00e7\u00e3o das associa\u00e7\u00f5es que s\u00e3o as respons\u00e1veis pela opera\u00e7\u00e3o e gest\u00e3o administrativo-financeira em suas \u00e1reas de abrang\u00eancia. Ao mesmo tempo, a execu\u00e7\u00e3o de servi\u00e7os t\u00e9cnicos e consultorias s\u00e3o executados pela autarquia municipal Servi\u00e7o Aut\u00f4nomo de \u00c1gua e Esgoto, SAAE.<\/p>\n<p><strong>PI\u00caN \u2013<\/strong>\u00a0A gest\u00e3o feita pelas Associa\u00e7\u00f5es de \u00c1gua, com controle totalmente privado exercido pelos pr\u00f3prios benefici\u00e1rios, \u00e9 um dos fatores de sucesso em Pi\u00ean. M\u00e1rcio Alves Domingos, chefe dos Servi\u00e7os de \u00c1gua em \u00c1reas Rurais do munic\u00edpio e diretor de uma das associa\u00e7\u00f5es, destaca a import\u00e2ncia da proximidade dos associados com todo o processo. \u201cQuando a comunidade participa, o processo anda melhor como um todo\u201d, considera.<\/p>\n<p>J\u00e1 Dorivaldo Taborda, que \u00e9 o tesoureiro da associa\u00e7\u00e3o da regi\u00e3o do Quic\u00e9, comemora os resultados obtidos nos \u00faltimos anos. \u201cEvolu\u00edmos bastante. Estamos informatizados, com a emiss\u00e3o e a entrega dos boletos de pagamento na frente das casas, diretamente para o usu\u00e1rio; al\u00e9m do controle financeiro pelo aplicativo do banco. Agora, com a vaz\u00e3o que temos aqui, podemos atender tamb\u00e9m os moradores da localidade de Po\u00e7o Frio, com mais de 120 fam\u00edlias\u201d, conta.<\/p>\n<p>Do outro lado do processo est\u00e1 a produtora rural Juliana de F\u00e1tima Martins, casada e m\u00e3e de tr\u00eas filhos. Para ela, ter \u00e1gua tratada na torneira de casa \u00e9 fator de tranquilidade para toda a fam\u00edlia. \u201c\u00c1gua \u00e9 sa\u00fade para todos. \u00c1gua saud\u00e1vel \u00e9 tudo. Sem ela a gente n\u00e3o consegue viver\u201d, diz.<\/p>\n<\/div>\n","protected":false},"excerpt":{"rendered":"<p>Governo do Paran\u00e1 avan\u00e7a no estudo e no desenvolvimento de propostas para alcan\u00e7ar a universaliza\u00e7\u00e3o<\/p>\n","protected":false},"author":4,"featured_media":44556,"comment_status":"open","ping_status":"open","sticky":false,"template":"","format":"standard","meta":{"footnotes":""},"categories":[3,4],"tags":[],"class_list":["post-44555","post","type-post","status-publish","format-standard","has-post-thumbnail","hentry","category-destaques","category-parana"],"yoast_head":"<!-- This site is optimized with the Yoast SEO plugin v27.5 - https:\/\/yoast.com\/product\/yoast-seo-wordpress\/ -->\n<title>Governo do Paran\u00e1 busca experi\u00eancias de fornecimento de \u00e1gua pot\u00e1vel em \u00e1reas rurais - Jornal<\/title>\n<meta name=\"description\" content=\"Governo do Paran\u00e1 busca experi\u00eancias de fornecimento de \u00e1gua pot\u00e1vel em \u00e1reas rurais\" \/>\n<meta name=\"robots\" content=\"index, follow, max-snippet:-1, max-image-preview:large, max-video-preview:-1\" \/>\n<link rel=\"canonical\" href=\"https:\/\/jornalboasnoticias.com.br\/home\/governo-do-parana-busca-experiencias-de-fornecimento-de-agua-potavel-em-areas-rurais\/\" \/>\n<meta property=\"og:locale\" content=\"pt_BR\" \/>\n<meta property=\"og:type\" content=\"article\" \/>\n<meta property=\"og:title\" content=\"Governo do Paran\u00e1 busca experi\u00eancias de fornecimento de \u00e1gua pot\u00e1vel em \u00e1reas rurais - Jornal\" \/>\n<meta property=\"og:description\" content=\"Governo do Paran\u00e1 busca experi\u00eancias de fornecimento de \u00e1gua pot\u00e1vel em \u00e1reas rurais\" \/>\n<meta property=\"og:url\" content=\"https:\/\/jornalboasnoticias.com.br\/home\/governo-do-parana-busca-experiencias-de-fornecimento-de-agua-potavel-em-areas-rurais\/\" \/>\n<meta property=\"og:site_name\" content=\"Jornal\" \/>\n<meta property=\"article:publisher\" content=\"https:\/\/www.facebook.com\/boasnoticiasjornal\" \/>\n<meta property=\"article:published_time\" content=\"2024-10-25T18:27:10+00:00\" \/>\n<meta property=\"og:image\" content=\"https:\/\/jornalboasnoticias.com.br\/home\/wp-content\/uploads\/2024\/10\/pien_1.jpg-scaled.jpg\" \/>\n\t<meta property=\"og:image:width\" content=\"2560\" \/>\n\t<meta property=\"og:image:height\" content=\"1707\" \/>\n\t<meta property=\"og:image:type\" content=\"image\/jpeg\" \/>\n<meta name=\"author\" content=\"Ana Luiza Bonatto\" \/>\n<meta name=\"twitter:card\" content=\"summary_large_image\" \/>\n<meta name=\"twitter:label1\" content=\"Escrito por\" \/>\n\t<meta name=\"twitter:data1\" content=\"Ana Luiza Bonatto\" \/>\n\t<meta name=\"twitter:label2\" content=\"Est. tempo de leitura\" \/>\n\t<meta name=\"twitter:data2\" content=\"5 minutos\" \/>\n<script type=\"application\/ld+json\" class=\"yoast-schema-graph\">{\"@context\":\"https:\\\/\\\/schema.org\",\"@graph\":[{\"@type\":\"Article\",\"@id\":\"https:\\\/\\\/jornalboasnoticias.com.br\\\/home\\\/governo-do-parana-busca-experiencias-de-fornecimento-de-agua-potavel-em-areas-rurais\\\/#article\",\"isPartOf\":{\"@id\":\"https:\\\/\\\/jornalboasnoticias.com.br\\\/home\\\/governo-do-parana-busca-experiencias-de-fornecimento-de-agua-potavel-em-areas-rurais\\\/\"},\"author\":{\"name\":\"Ana Luiza Bonatto\",\"@id\":\"https:\\\/\\\/jornalboasnoticias.com.br\\\/home\\\/#\\\/schema\\\/person\\\/d641193e0afc6405b390164dac847971\"},\"headline\":\"Governo do Paran\u00e1 busca experi\u00eancias de fornecimento de \u00e1gua pot\u00e1vel em \u00e1reas rurais\",\"datePublished\":\"2024-10-25T18:27:10+00:00\",\"mainEntityOfPage\":{\"@id\":\"https:\\\/\\\/jornalboasnoticias.com.br\\\/home\\\/governo-do-parana-busca-experiencias-de-fornecimento-de-agua-potavel-em-areas-rurais\\\/\"},\"wordCount\":998,\"commentCount\":0,\"publisher\":{\"@id\":\"https:\\\/\\\/jornalboasnoticias.com.br\\\/home\\\/#organization\"},\"image\":{\"@id\":\"https:\\\/\\\/jornalboasnoticias.com.br\\\/home\\\/governo-do-parana-busca-experiencias-de-fornecimento-de-agua-potavel-em-areas-rurais\\\/#primaryimage\"},\"thumbnailUrl\":\"https:\\\/\\\/jornalboasnoticias.com.br\\\/home\\\/wp-content\\\/uploads\\\/2024\\\/10\\\/pien_1.jpg-scaled.jpg\",\"articleSection\":[\"DESTAQUE\",\"PARAN\u00c1\"],\"inLanguage\":\"pt-BR\",\"potentialAction\":[{\"@type\":\"CommentAction\",\"name\":\"Comment\",\"target\":[\"https:\\\/\\\/jornalboasnoticias.com.br\\\/home\\\/governo-do-parana-busca-experiencias-de-fornecimento-de-agua-potavel-em-areas-rurais\\\/#respond\"]}]},{\"@type\":\"WebPage\",\"@id\":\"https:\\\/\\\/jornalboasnoticias.com.br\\\/home\\\/governo-do-parana-busca-experiencias-de-fornecimento-de-agua-potavel-em-areas-rurais\\\/\",\"url\":\"https:\\\/\\\/jornalboasnoticias.com.br\\\/home\\\/governo-do-parana-busca-experiencias-de-fornecimento-de-agua-potavel-em-areas-rurais\\\/\",\"name\":\"Governo do Paran\u00e1 busca experi\u00eancias de fornecimento de \u00e1gua pot\u00e1vel em \u00e1reas rurais - Jornal\",\"isPartOf\":{\"@id\":\"https:\\\/\\\/jornalboasnoticias.com.br\\\/home\\\/#website\"},\"primaryImageOfPage\":{\"@id\":\"https:\\\/\\\/jornalboasnoticias.com.br\\\/home\\\/governo-do-parana-busca-experiencias-de-fornecimento-de-agua-potavel-em-areas-rurais\\\/#primaryimage\"},\"image\":{\"@id\":\"https:\\\/\\\/jornalboasnoticias.com.br\\\/home\\\/governo-do-parana-busca-experiencias-de-fornecimento-de-agua-potavel-em-areas-rurais\\\/#primaryimage\"},\"thumbnailUrl\":\"https:\\\/\\\/jornalboasnoticias.com.br\\\/home\\\/wp-content\\\/uploads\\\/2024\\\/10\\\/pien_1.jpg-scaled.jpg\",\"datePublished\":\"2024-10-25T18:27:10+00:00\",\"description\":\"Governo do Paran\u00e1 busca experi\u00eancias de fornecimento de \u00e1gua pot\u00e1vel em \u00e1reas rurais\",\"breadcrumb\":{\"@id\":\"https:\\\/\\\/jornalboasnoticias.com.br\\\/home\\\/governo-do-parana-busca-experiencias-de-fornecimento-de-agua-potavel-em-areas-rurais\\\/#breadcrumb\"},\"inLanguage\":\"pt-BR\",\"potentialAction\":[{\"@type\":\"ReadAction\",\"target\":[\"https:\\\/\\\/jornalboasnoticias.com.br\\\/home\\\/governo-do-parana-busca-experiencias-de-fornecimento-de-agua-potavel-em-areas-rurais\\\/\"]}]},{\"@type\":\"ImageObject\",\"inLanguage\":\"pt-BR\",\"@id\":\"https:\\\/\\\/jornalboasnoticias.com.br\\\/home\\\/governo-do-parana-busca-experiencias-de-fornecimento-de-agua-potavel-em-areas-rurais\\\/#primaryimage\",\"url\":\"https:\\\/\\\/jornalboasnoticias.com.br\\\/home\\\/wp-content\\\/uploads\\\/2024\\\/10\\\/pien_1.jpg-scaled.jpg\",\"contentUrl\":\"https:\\\/\\\/jornalboasnoticias.com.br\\\/home\\\/wp-content\\\/uploads\\\/2024\\\/10\\\/pien_1.jpg-scaled.jpg\",\"width\":2560,\"height\":1707,\"caption\":\"Foto: Valdelino Pontes\\\/SECID\"},{\"@type\":\"BreadcrumbList\",\"@id\":\"https:\\\/\\\/jornalboasnoticias.com.br\\\/home\\\/governo-do-parana-busca-experiencias-de-fornecimento-de-agua-potavel-em-areas-rurais\\\/#breadcrumb\",\"itemListElement\":[{\"@type\":\"ListItem\",\"position\":1,\"name\":\"In\u00edcio\",\"item\":\"https:\\\/\\\/jornalboasnoticias.com.br\\\/home\\\/\"},{\"@type\":\"ListItem\",\"position\":2,\"name\":\"Governo do Paran\u00e1 busca experi\u00eancias de fornecimento de \u00e1gua pot\u00e1vel em \u00e1reas rurais\"}]},{\"@type\":\"WebSite\",\"@id\":\"https:\\\/\\\/jornalboasnoticias.com.br\\\/home\\\/#website\",\"url\":\"https:\\\/\\\/jornalboasnoticias.com.br\\\/home\\\/\",\"name\":\"Jornal Boas Not\u00edcias\",\"description\":\"Boas not\u00edcias\",\"publisher\":{\"@id\":\"https:\\\/\\\/jornalboasnoticias.com.br\\\/home\\\/#organization\"},\"potentialAction\":[{\"@type\":\"SearchAction\",\"target\":{\"@type\":\"EntryPoint\",\"urlTemplate\":\"https:\\\/\\\/jornalboasnoticias.com.br\\\/home\\\/?s={search_term_string}\"},\"query-input\":{\"@type\":\"PropertyValueSpecification\",\"valueRequired\":true,\"valueName\":\"search_term_string\"}}],\"inLanguage\":\"pt-BR\"},{\"@type\":\"Organization\",\"@id\":\"https:\\\/\\\/jornalboasnoticias.com.br\\\/home\\\/#organization\",\"name\":\"Coq Editora Ltda\",\"alternateName\":\"Jornal Boas Noticias\",\"url\":\"https:\\\/\\\/jornalboasnoticias.com.br\\\/home\\\/\",\"logo\":{\"@type\":\"ImageObject\",\"inLanguage\":\"pt-BR\",\"@id\":\"https:\\\/\\\/jornalboasnoticias.com.br\\\/home\\\/#\\\/schema\\\/logo\\\/image\\\/\",\"url\":\"https:\\\/\\\/jornalboasnoticias.com.br\\\/home\\\/wp-content\\\/uploads\\\/2024\\\/07\\\/cropped-logo.jpg\",\"contentUrl\":\"https:\\\/\\\/jornalboasnoticias.com.br\\\/home\\\/wp-content\\\/uploads\\\/2024\\\/07\\\/cropped-logo.jpg\",\"width\":290,\"height\":142,\"caption\":\"Coq Editora Ltda\"},\"image\":{\"@id\":\"https:\\\/\\\/jornalboasnoticias.com.br\\\/home\\\/#\\\/schema\\\/logo\\\/image\\\/\"},\"sameAs\":[\"https:\\\/\\\/www.facebook.com\\\/boasnoticiasjornal\"]},{\"@type\":\"Person\",\"@id\":\"https:\\\/\\\/jornalboasnoticias.com.br\\\/home\\\/#\\\/schema\\\/person\\\/d641193e0afc6405b390164dac847971\",\"name\":\"Ana Luiza Bonatto\",\"image\":{\"@type\":\"ImageObject\",\"inLanguage\":\"pt-BR\",\"@id\":\"https:\\\/\\\/secure.gravatar.com\\\/avatar\\\/8a055ebe6373371f67ac6fcf313c0ac0b0a91157fdcdb9514fa62927373348f0?s=96&d=mm&r=g\",\"url\":\"https:\\\/\\\/secure.gravatar.com\\\/avatar\\\/8a055ebe6373371f67ac6fcf313c0ac0b0a91157fdcdb9514fa62927373348f0?s=96&d=mm&r=g\",\"contentUrl\":\"https:\\\/\\\/secure.gravatar.com\\\/avatar\\\/8a055ebe6373371f67ac6fcf313c0ac0b0a91157fdcdb9514fa62927373348f0?s=96&d=mm&r=g\",\"caption\":\"Ana Luiza Bonatto\"},\"url\":\"https:\\\/\\\/jornalboasnoticias.com.br\\\/home\\\/author\\\/ana-luiza\\\/\"}]}<\/script>\n<!-- \/ Yoast SEO plugin. -->","yoast_head_json":{"title":"Governo do Paran\u00e1 busca experi\u00eancias de fornecimento de \u00e1gua pot\u00e1vel em \u00e1reas rurais - Jornal","description":"Governo do Paran\u00e1 busca experi\u00eancias de fornecimento de \u00e1gua pot\u00e1vel em \u00e1reas rurais","robots":{"index":"index","follow":"follow","max-snippet":"max-snippet:-1","max-image-preview":"max-image-preview:large","max-video-preview":"max-video-preview:-1"},"canonical":"https:\/\/jornalboasnoticias.com.br\/home\/governo-do-parana-busca-experiencias-de-fornecimento-de-agua-potavel-em-areas-rurais\/","og_locale":"pt_BR","og_type":"article","og_title":"Governo do Paran\u00e1 busca experi\u00eancias de fornecimento de \u00e1gua pot\u00e1vel em \u00e1reas rurais - Jornal","og_description":"Governo do Paran\u00e1 busca experi\u00eancias de fornecimento de \u00e1gua pot\u00e1vel em \u00e1reas rurais","og_url":"https:\/\/jornalboasnoticias.com.br\/home\/governo-do-parana-busca-experiencias-de-fornecimento-de-agua-potavel-em-areas-rurais\/","og_site_name":"Jornal","article_publisher":"https:\/\/www.facebook.com\/boasnoticiasjornal","article_published_time":"2024-10-25T18:27:10+00:00","og_image":[{"width":2560,"height":1707,"url":"https:\/\/jornalboasnoticias.com.br\/home\/wp-content\/uploads\/2024\/10\/pien_1.jpg-scaled.jpg","type":"image\/jpeg"}],"author":"Ana Luiza Bonatto","twitter_card":"summary_large_image","twitter_misc":{"Escrito por":"Ana Luiza Bonatto","Est. tempo de leitura":"5 minutos"},"schema":{"@context":"https:\/\/schema.org","@graph":[{"@type":"Article","@id":"https:\/\/jornalboasnoticias.com.br\/home\/governo-do-parana-busca-experiencias-de-fornecimento-de-agua-potavel-em-areas-rurais\/#article","isPartOf":{"@id":"https:\/\/jornalboasnoticias.com.br\/home\/governo-do-parana-busca-experiencias-de-fornecimento-de-agua-potavel-em-areas-rurais\/"},"author":{"name":"Ana Luiza Bonatto","@id":"https:\/\/jornalboasnoticias.com.br\/home\/#\/schema\/person\/d641193e0afc6405b390164dac847971"},"headline":"Governo do Paran\u00e1 busca experi\u00eancias de fornecimento de \u00e1gua pot\u00e1vel em \u00e1reas rurais","datePublished":"2024-10-25T18:27:10+00:00","mainEntityOfPage":{"@id":"https:\/\/jornalboasnoticias.com.br\/home\/governo-do-parana-busca-experiencias-de-fornecimento-de-agua-potavel-em-areas-rurais\/"},"wordCount":998,"commentCount":0,"publisher":{"@id":"https:\/\/jornalboasnoticias.com.br\/home\/#organization"},"image":{"@id":"https:\/\/jornalboasnoticias.com.br\/home\/governo-do-parana-busca-experiencias-de-fornecimento-de-agua-potavel-em-areas-rurais\/#primaryimage"},"thumbnailUrl":"https:\/\/jornalboasnoticias.com.br\/home\/wp-content\/uploads\/2024\/10\/pien_1.jpg-scaled.jpg","articleSection":["DESTAQUE","PARAN\u00c1"],"inLanguage":"pt-BR","potentialAction":[{"@type":"CommentAction","name":"Comment","target":["https:\/\/jornalboasnoticias.com.br\/home\/governo-do-parana-busca-experiencias-de-fornecimento-de-agua-potavel-em-areas-rurais\/#respond"]}]},{"@type":"WebPage","@id":"https:\/\/jornalboasnoticias.com.br\/home\/governo-do-parana-busca-experiencias-de-fornecimento-de-agua-potavel-em-areas-rurais\/","url":"https:\/\/jornalboasnoticias.com.br\/home\/governo-do-parana-busca-experiencias-de-fornecimento-de-agua-potavel-em-areas-rurais\/","name":"Governo do Paran\u00e1 busca experi\u00eancias de fornecimento de \u00e1gua pot\u00e1vel em \u00e1reas rurais - Jornal","isPartOf":{"@id":"https:\/\/jornalboasnoticias.com.br\/home\/#website"},"primaryImageOfPage":{"@id":"https:\/\/jornalboasnoticias.com.br\/home\/governo-do-parana-busca-experiencias-de-fornecimento-de-agua-potavel-em-areas-rurais\/#primaryimage"},"image":{"@id":"https:\/\/jornalboasnoticias.com.br\/home\/governo-do-parana-busca-experiencias-de-fornecimento-de-agua-potavel-em-areas-rurais\/#primaryimage"},"thumbnailUrl":"https:\/\/jornalboasnoticias.com.br\/home\/wp-content\/uploads\/2024\/10\/pien_1.jpg-scaled.jpg","datePublished":"2024-10-25T18:27:10+00:00","description":"Governo do Paran\u00e1 busca experi\u00eancias de fornecimento de \u00e1gua pot\u00e1vel em \u00e1reas rurais","breadcrumb":{"@id":"https:\/\/jornalboasnoticias.com.br\/home\/governo-do-parana-busca-experiencias-de-fornecimento-de-agua-potavel-em-areas-rurais\/#breadcrumb"},"inLanguage":"pt-BR","potentialAction":[{"@type":"ReadAction","target":["https:\/\/jornalboasnoticias.com.br\/home\/governo-do-parana-busca-experiencias-de-fornecimento-de-agua-potavel-em-areas-rurais\/"]}]},{"@type":"ImageObject","inLanguage":"pt-BR","@id":"https:\/\/jornalboasnoticias.com.br\/home\/governo-do-parana-busca-experiencias-de-fornecimento-de-agua-potavel-em-areas-rurais\/#primaryimage","url":"https:\/\/jornalboasnoticias.com.br\/home\/wp-content\/uploads\/2024\/10\/pien_1.jpg-scaled.jpg","contentUrl":"https:\/\/jornalboasnoticias.com.br\/home\/wp-content\/uploads\/2024\/10\/pien_1.jpg-scaled.jpg","width":2560,"height":1707,"caption":"Foto: Valdelino Pontes\/SECID"},{"@type":"BreadcrumbList","@id":"https:\/\/jornalboasnoticias.com.br\/home\/governo-do-parana-busca-experiencias-de-fornecimento-de-agua-potavel-em-areas-rurais\/#breadcrumb","itemListElement":[{"@type":"ListItem","position":1,"name":"In\u00edcio","item":"https:\/\/jornalboasnoticias.com.br\/home\/"},{"@type":"ListItem","position":2,"name":"Governo do Paran\u00e1 busca experi\u00eancias de fornecimento de \u00e1gua pot\u00e1vel em \u00e1reas rurais"}]},{"@type":"WebSite","@id":"https:\/\/jornalboasnoticias.com.br\/home\/#website","url":"https:\/\/jornalboasnoticias.com.br\/home\/","name":"Jornal Boas Not\u00edcias","description":"Boas not\u00edcias","publisher":{"@id":"https:\/\/jornalboasnoticias.com.br\/home\/#organization"},"potentialAction":[{"@type":"SearchAction","target":{"@type":"EntryPoint","urlTemplate":"https:\/\/jornalboasnoticias.com.br\/home\/?s={search_term_string}"},"query-input":{"@type":"PropertyValueSpecification","valueRequired":true,"valueName":"search_term_string"}}],"inLanguage":"pt-BR"},{"@type":"Organization","@id":"https:\/\/jornalboasnoticias.com.br\/home\/#organization","name":"Coq Editora Ltda","alternateName":"Jornal Boas Noticias","url":"https:\/\/jornalboasnoticias.com.br\/home\/","logo":{"@type":"ImageObject","inLanguage":"pt-BR","@id":"https:\/\/jornalboasnoticias.com.br\/home\/#\/schema\/logo\/image\/","url":"https:\/\/jornalboasnoticias.com.br\/home\/wp-content\/uploads\/2024\/07\/cropped-logo.jpg","contentUrl":"https:\/\/jornalboasnoticias.com.br\/home\/wp-content\/uploads\/2024\/07\/cropped-logo.jpg","width":290,"height":142,"caption":"Coq Editora Ltda"},"image":{"@id":"https:\/\/jornalboasnoticias.com.br\/home\/#\/schema\/logo\/image\/"},"sameAs":["https:\/\/www.facebook.com\/boasnoticiasjornal"]},{"@type":"Person","@id":"https:\/\/jornalboasnoticias.com.br\/home\/#\/schema\/person\/d641193e0afc6405b390164dac847971","name":"Ana Luiza Bonatto","image":{"@type":"ImageObject","inLanguage":"pt-BR","@id":"https:\/\/secure.gravatar.com\/avatar\/8a055ebe6373371f67ac6fcf313c0ac0b0a91157fdcdb9514fa62927373348f0?s=96&d=mm&r=g","url":"https:\/\/secure.gravatar.com\/avatar\/8a055ebe6373371f67ac6fcf313c0ac0b0a91157fdcdb9514fa62927373348f0?s=96&d=mm&r=g","contentUrl":"https:\/\/secure.gravatar.com\/avatar\/8a055ebe6373371f67ac6fcf313c0ac0b0a91157fdcdb9514fa62927373348f0?s=96&d=mm&r=g","caption":"Ana Luiza Bonatto"},"url":"https:\/\/jornalboasnoticias.com.br\/home\/author\/ana-luiza\/"}]}},"_links":{"self":[{"href":"https:\/\/jornalboasnoticias.com.br\/home\/wp-json\/wp\/v2\/posts\/44555","targetHints":{"allow":["GET"]}}],"collection":[{"href":"https:\/\/jornalboasnoticias.com.br\/home\/wp-json\/wp\/v2\/posts"}],"about":[{"href":"https:\/\/jornalboasnoticias.com.br\/home\/wp-json\/wp\/v2\/types\/post"}],"author":[{"embeddable":true,"href":"https:\/\/jornalboasnoticias.com.br\/home\/wp-json\/wp\/v2\/users\/4"}],"replies":[{"embeddable":true,"href":"https:\/\/jornalboasnoticias.com.br\/home\/wp-json\/wp\/v2\/comments?post=44555"}],"version-history":[{"count":2,"href":"https:\/\/jornalboasnoticias.com.br\/home\/wp-json\/wp\/v2\/posts\/44555\/revisions"}],"predecessor-version":[{"id":44558,"href":"https:\/\/jornalboasnoticias.com.br\/home\/wp-json\/wp\/v2\/posts\/44555\/revisions\/44558"}],"wp:featuredmedia":[{"embeddable":true,"href":"https:\/\/jornalboasnoticias.com.br\/home\/wp-json\/wp\/v2\/media\/44556"}],"wp:attachment":[{"href":"https:\/\/jornalboasnoticias.com.br\/home\/wp-json\/wp\/v2\/media?parent=44555"}],"wp:term":[{"taxonomy":"category","embeddable":true,"href":"https:\/\/jornalboasnoticias.com.br\/home\/wp-json\/wp\/v2\/categories?post=44555"},{"taxonomy":"post_tag","embeddable":true,"href":"https:\/\/jornalboasnoticias.com.br\/home\/wp-json\/wp\/v2\/tags?post=44555"}],"curies":[{"name":"wp","href":"https:\/\/api.w.org\/{rel}","templated":true}]}}