{"id":44552,"date":"2024-10-25T18:24:31","date_gmt":"2024-10-25T18:24:31","guid":{"rendered":"https:\/\/jornalboasnoticias.com.br\/home\/?p=44552"},"modified":"2024-10-25T18:24:31","modified_gmt":"2024-10-25T18:24:31","slug":"governador-entrega-primeiro-trecho-da-duplicacao-da-rodovia-dos-minerios","status":"publish","type":"post","link":"https:\/\/jornalboasnoticias.com.br\/home\/governador-entrega-primeiro-trecho-da-duplicacao-da-rodovia-dos-minerios\/","title":{"rendered":"Governador entrega primeiro trecho da duplica\u00e7\u00e3o da Rodovia dos Min\u00e9rios"},"content":{"rendered":"<div class=\"not-escopo-destaque\">\n<div>\n<figure id=\"attachment_44553\" aria-describedby=\"caption-attachment-44553\" style=\"width: 2560px\" class=\"wp-caption alignnone\"><img loading=\"lazy\" decoding=\"async\" class=\"size-full wp-image-44553\" src=\"https:\/\/jornalboasnoticias.com.br\/home\/wp-content\/uploads\/2024\/10\/contorno_norte-15-scaled.jpg\" alt=\"\" width=\"2560\" height=\"1707\" srcset=\"https:\/\/jornalboasnoticias.com.br\/home\/wp-content\/uploads\/2024\/10\/contorno_norte-15-scaled.jpg 2560w, https:\/\/jornalboasnoticias.com.br\/home\/wp-content\/uploads\/2024\/10\/contorno_norte-15-300x200.jpg 300w, https:\/\/jornalboasnoticias.com.br\/home\/wp-content\/uploads\/2024\/10\/contorno_norte-15-1024x683.jpg 1024w, https:\/\/jornalboasnoticias.com.br\/home\/wp-content\/uploads\/2024\/10\/contorno_norte-15-768x512.jpg 768w, https:\/\/jornalboasnoticias.com.br\/home\/wp-content\/uploads\/2024\/10\/contorno_norte-15-1536x1024.jpg 1536w, https:\/\/jornalboasnoticias.com.br\/home\/wp-content\/uploads\/2024\/10\/contorno_norte-15-2048x1365.jpg 2048w, https:\/\/jornalboasnoticias.com.br\/home\/wp-content\/uploads\/2024\/10\/contorno_norte-15-900x600.jpg 900w\" sizes=\"auto, (max-width: 2560px) 100vw, 2560px\" \/><figcaption id=\"caption-attachment-44553\" class=\"wp-caption-text\">Foto: Gabriel Rosa\/AEN<\/figcaption><\/figure>\n<\/div>\n<\/div>\n<blockquote>\n<div class=\"not-escopo-destaque\">\n<div class=\"field field--name-field-escopo-destaque field--type-string-long field--label-hidden field--item\">O trecho duplicado, no valor de R$ 165 milh\u00f5es, abrange 4,74 quil\u00f4metros da PR-092 entre Curitiba e o per\u00edmetro urbano de Almirante Tamandar\u00e9, passando pelo Contorno Norte (PR-418). Cerca de 25 mil carros e caminh\u00f5es pesados passam diariamente pelo local. Obra era aguardada h\u00e1 mais de 30 anos pela popula\u00e7\u00e3o da regi\u00e3o.<\/div>\n<\/div>\n<\/blockquote>\n<div>\n<p>O governador Carlos Massa Ratinho Junior entregou nesta sexta-feira (25) o primeiro trecho da duplica\u00e7\u00e3o da Rodovia dos Min\u00e9rios, entre Curitiba e Almirante Tamandar\u00e9. A obra, que teve investimentos de R$ 165 milh\u00f5es do Governo do Estado, vai dar mais agilidade e seguran\u00e7a aos motoristas que trafegam na regi\u00e3o.<\/p>\n<p>O trecho duplicado abrange 4,74 quil\u00f4metros da PR-092 entre Curitiba e o per\u00edmetro urbano de Almirante Tamandar\u00e9, passando pelo Contorno Norte (PR-418). Cerca de 25 mil carros e caminh\u00f5es pesados passam diariamente pelo local, que \u00e9 a principal via de acesso aos munic\u00edpios do norte da Regi\u00e3o Metropolitana e do Vale do Ribeira.<\/p>\n<p>\u201cH\u00e1 30 anos a popula\u00e7\u00e3o de Almirante Tamandar\u00e9 e dos demais munic\u00edpios da regi\u00e3o demandavam a duplica\u00e7\u00e3o desta rodovia. Por muitos anos ela foi considerada uma estrada perigosa, por ter um fluxo muito intenso em pista simples. Por isso, desde o in\u00edcio da nossa gest\u00e3o, tivemos como prioridade fazer esta obra. Hoje entregamos uma rodovia totalmente diferente, moderna e segura\u201d, afirmou o governador.<\/p>\n<p><strong>DURABILIDADE \u2013<\/strong>\u00a0Por causa da caracter\u00edstica do tr\u00e1fego local, por onde passam muitos caminh\u00f5es carregados de calc\u00e1rio, cimento e min\u00e9rios, as vias centrais da estrada foram feitas de pavimento de concreto, que s\u00e3o mais\u00a0<a href=\"https:\/\/www.aen.pr.gov.br\/Noticia\/Durabilidade-e-economia-Parana-esta-renovando-340-km-de-rodovias-com-pistas-de-concreto\" target=\"_blank\" rel=\"noopener\">resistentes do que o pavimento asf\u00e1ltico<\/a>. Elas tamb\u00e9m exigem menos custos de manuten\u00e7\u00e3o ao longo do tempo.<\/p>\n<p>\u201cEsta t\u00e9cnica do concreto \u00e9 o que h\u00e1 de mais moderno no mundo para constru\u00e7\u00e3o de estradas. Elas t\u00eam uma vida \u00fatil maior e tamb\u00e9m demora muito mais tempo para que seja necess\u00e1rio fazer obras de manuten\u00e7\u00e3o\u201d, disse Ratinho J\u00fanior.<\/p>\n<p>A obra ainda inclui pistas de acostamento, dez pontes em cinco pontos e quatro viadutos em outros dois trechos. Al\u00e9m disso, foram constru\u00eddas ciclovias, passeios para pedestres, ilumina\u00e7\u00e3o p\u00fablica, paisagismo e uma passarela.<\/p>\n<p><strong>SEGURAN\u00c7A \u2013<\/strong>\u00a0A interven\u00e7\u00e3o realizada no trecho foi uma obra de alta complexidade por envolver uma s\u00e9rie de pontes, viadutos e ainda conviver com o tr\u00e1fego urbano. Al\u00e9m disso, antes das reformas, a rodovia convivia com muitos acidentes. Por isso, as interven\u00e7\u00f5es priorizaram uma pista segura para os motoristas e moradores da regi\u00e3o.<\/p>\n<p>\u201cEsta foi uma das obras mais complexas feitas em per\u00edmetro urbano do Brasil. Foram interven\u00e7\u00f5es muito robustas feitas em meio ao tr\u00e1fego di\u00e1rio de carros e caminh\u00f5es. Apesar dos desafios, hoje entregamos uma estrada de primeiro mundo aos moradores da regi\u00e3o\u201d, disse o secret\u00e1rio de Infraestrutura e Log\u00edstica, Sandro Alex.<\/p>\n<p>A reforma teve in\u00edcio no final de 2019, tendo sido marcada por uma s\u00e9rie de desafios, como o grande volume de desapropria\u00e7\u00f5es e solu\u00e7\u00f5es desatualizadas. Os problemas todos foram resolvidos ap\u00f3s uma revis\u00e3o geral do contrato.<\/p>\n<p>Diversos pontos do projeto foram substitu\u00eddos por outros mais adequados \u00e0 realidade do trecho, mantendo ou melhorando a funcionalidade da obra. Desde abril deste ano a obra foi retomada com ritmo acelerado, visando cumprir o novo prazo contratual e finalmente entregar a duplica\u00e7\u00e3o aos moradores e condutores da regi\u00e3o.<\/p>\n<p><strong>SEGUNDO TRECHO \u2013<\/strong>\u00a0Um segundo trecho da Rodovia dos Min\u00e9rios j\u00e1 est\u00e1 em execu\u00e7\u00e3o desde julho de 2024. Ele engloba a duplica\u00e7\u00e3o de 1.280 metros do per\u00edmetro urbano de Almirante Tamandar\u00e9 e a constru\u00e7\u00e3o de um viaduto no entroncamento com a Rodovia do Calc\u00e1rio (PR-509).<\/p>\n<p>O investimento total neste trecho ser\u00e1 de R$ 50,7 milh\u00f5es e, at\u00e9 o momento, 15,9% do contrato j\u00e1 foi executado. A previs\u00e3o de \u00e9 que esta parte da obra seja entregue em setembro de 2025.<\/p>\n<p>Os projetos integram um plano de capacita\u00e7\u00e3o de toda a rodovia, passando por Itaperu\u00e7u e Rio Branco do Sul, em que ser\u00e3o investidos cerca de R$ 800 milh\u00f5es em obras vi\u00e1rias na regi\u00e3o.<\/p>\n<p>\u201cO segundo trecho j\u00e1 est\u00e1 em andamento e, na sequ\u00eancia, devemos colocar na pra\u00e7a outros trechos desta rodovia. S\u00e3o obras que t\u00eam que ser feitas em etapas, para minimizar o impacto para quem roda diariamente pela estrada. Mas, ao final das reformas, teremos um acesso totalmente renovado por todos estes munic\u00edpios\u201d, afirmou Sandro Alex.<\/p>\n<p><strong>DESENVOLVIMENTO \u2013<\/strong>\u00a0A duplica\u00e7\u00e3o da Rodovia dos Min\u00e9rios tem funcionado como uma indutora de desenvolvimento para os munic\u00edpios por onde ela passa. Com os investimentos na log\u00edstica local, a Companhia Sider\u00fargica Nacional (CSN) anunciou, em agosto, que vai investir cerca de R$ 3 bilh\u00f5es em uma\u00a0<a href=\"https:\/\/www.aen.pr.gov.br\/Noticia\/CSN-vai-investir-R-3-bilhoes-na-producao-de-cimento-e-calcario-em-Itaperucu\" target=\"_blank\" rel=\"noopener\">f\u00e1brica de cimento e em outra de calc\u00e1rio na regi\u00e3o.<\/a><\/p>\n<p>Para o prefeito de Almirante Tamandar\u00e9, Gerson Colodel, as obras devem ajudar a atrair ainda mais empreendimentos para o munic\u00edpio e regi\u00e3o. \u201cN\u00f3s temos 60% do calc\u00e1rio do Paran\u00e1 aqui, somos o quarto maior produtor de morangos do Estado, entre outros potenciais. A estrada ser\u00e1 um indutor econ\u00f4mico, com atra\u00e7\u00e3o de ainda mais empresas e empregos\u201d, disse.<\/p>\n<p><strong>PRESEN\u00c7AS &#8211;\u00a0<\/strong>Estiveram presentes na entrega da obra o secret\u00e1rio estadual de Turismo, M\u00e1rcio Nunes; o diretor-presidente da Ag\u00eancia de Assuntos Metropolitanos do Paran\u00e1 (Amep), Gilson Santos; o diretor-presidente do Instituto Paranaense de Desenvolvimento Econ\u00f4mico e Social (Ipardes), Jorge Callado; os deputados estaduais Alexandre Curi, Fl\u00e1via Francischinni e Luiz Cl\u00e1udio Romanelli; a prefeita de Rio Branco do Sul, Karime Fayad; e demais autoridades.<\/p>\n<\/div>\n","protected":false},"excerpt":{"rendered":"<p>O trecho duplicado, no valor de R$ 165 milh\u00f5es, abrange 4,74 quil\u00f4metros da PR-092 entre<\/p>\n","protected":false},"author":4,"featured_media":44553,"comment_status":"open","ping_status":"open","sticky":false,"template":"","format":"standard","meta":{"footnotes":""},"categories":[3,4],"tags":[],"class_list":["post-44552","post","type-post","status-publish","format-standard","has-post-thumbnail","hentry","category-destaques","category-parana"],"yoast_head":"<!-- This site is optimized with the Yoast SEO plugin v27.5 - https:\/\/yoast.com\/product\/yoast-seo-wordpress\/ -->\n<title>Governador entrega primeiro trecho da duplica\u00e7\u00e3o da Rodovia dos Min\u00e9rios - Jornal<\/title>\n<meta name=\"description\" content=\"Governador entrega primeiro trecho da duplica\u00e7\u00e3o da Rodovia dos Min\u00e9rios\" \/>\n<meta name=\"robots\" content=\"index, follow, max-snippet:-1, max-image-preview:large, max-video-preview:-1\" \/>\n<link rel=\"canonical\" href=\"https:\/\/jornalboasnoticias.com.br\/home\/governador-entrega-primeiro-trecho-da-duplicacao-da-rodovia-dos-minerios\/\" \/>\n<meta property=\"og:locale\" content=\"pt_BR\" \/>\n<meta property=\"og:type\" content=\"article\" \/>\n<meta property=\"og:title\" content=\"Governador entrega primeiro trecho da duplica\u00e7\u00e3o da Rodovia dos Min\u00e9rios - Jornal\" \/>\n<meta property=\"og:description\" content=\"Governador entrega primeiro trecho da duplica\u00e7\u00e3o da Rodovia dos Min\u00e9rios\" \/>\n<meta property=\"og:url\" content=\"https:\/\/jornalboasnoticias.com.br\/home\/governador-entrega-primeiro-trecho-da-duplicacao-da-rodovia-dos-minerios\/\" \/>\n<meta property=\"og:site_name\" content=\"Jornal\" \/>\n<meta property=\"article:publisher\" content=\"https:\/\/www.facebook.com\/boasnoticiasjornal\" \/>\n<meta property=\"article:published_time\" content=\"2024-10-25T18:24:31+00:00\" \/>\n<meta property=\"og:image\" content=\"https:\/\/jornalboasnoticias.com.br\/home\/wp-content\/uploads\/2024\/10\/contorno_norte-15-scaled.jpg\" \/>\n\t<meta property=\"og:image:width\" content=\"2560\" \/>\n\t<meta property=\"og:image:height\" content=\"1707\" \/>\n\t<meta property=\"og:image:type\" content=\"image\/jpeg\" \/>\n<meta name=\"author\" content=\"Ana Luiza Bonatto\" \/>\n<meta name=\"twitter:card\" content=\"summary_large_image\" \/>\n<meta name=\"twitter:label1\" content=\"Escrito por\" \/>\n\t<meta name=\"twitter:data1\" content=\"Ana Luiza Bonatto\" \/>\n\t<meta name=\"twitter:label2\" content=\"Est. tempo de leitura\" \/>\n\t<meta name=\"twitter:data2\" content=\"5 minutos\" \/>\n<script type=\"application\/ld+json\" class=\"yoast-schema-graph\">{\"@context\":\"https:\\\/\\\/schema.org\",\"@graph\":[{\"@type\":\"Article\",\"@id\":\"https:\\\/\\\/jornalboasnoticias.com.br\\\/home\\\/governador-entrega-primeiro-trecho-da-duplicacao-da-rodovia-dos-minerios\\\/#article\",\"isPartOf\":{\"@id\":\"https:\\\/\\\/jornalboasnoticias.com.br\\\/home\\\/governador-entrega-primeiro-trecho-da-duplicacao-da-rodovia-dos-minerios\\\/\"},\"author\":{\"name\":\"Ana Luiza Bonatto\",\"@id\":\"https:\\\/\\\/jornalboasnoticias.com.br\\\/home\\\/#\\\/schema\\\/person\\\/d641193e0afc6405b390164dac847971\"},\"headline\":\"Governador entrega primeiro trecho da duplica\u00e7\u00e3o da Rodovia dos Min\u00e9rios\",\"datePublished\":\"2024-10-25T18:24:31+00:00\",\"mainEntityOfPage\":{\"@id\":\"https:\\\/\\\/jornalboasnoticias.com.br\\\/home\\\/governador-entrega-primeiro-trecho-da-duplicacao-da-rodovia-dos-minerios\\\/\"},\"wordCount\":976,\"commentCount\":0,\"publisher\":{\"@id\":\"https:\\\/\\\/jornalboasnoticias.com.br\\\/home\\\/#organization\"},\"image\":{\"@id\":\"https:\\\/\\\/jornalboasnoticias.com.br\\\/home\\\/governador-entrega-primeiro-trecho-da-duplicacao-da-rodovia-dos-minerios\\\/#primaryimage\"},\"thumbnailUrl\":\"https:\\\/\\\/jornalboasnoticias.com.br\\\/home\\\/wp-content\\\/uploads\\\/2024\\\/10\\\/contorno_norte-15-scaled.jpg\",\"articleSection\":[\"DESTAQUE\",\"PARAN\u00c1\"],\"inLanguage\":\"pt-BR\",\"potentialAction\":[{\"@type\":\"CommentAction\",\"name\":\"Comment\",\"target\":[\"https:\\\/\\\/jornalboasnoticias.com.br\\\/home\\\/governador-entrega-primeiro-trecho-da-duplicacao-da-rodovia-dos-minerios\\\/#respond\"]}]},{\"@type\":\"WebPage\",\"@id\":\"https:\\\/\\\/jornalboasnoticias.com.br\\\/home\\\/governador-entrega-primeiro-trecho-da-duplicacao-da-rodovia-dos-minerios\\\/\",\"url\":\"https:\\\/\\\/jornalboasnoticias.com.br\\\/home\\\/governador-entrega-primeiro-trecho-da-duplicacao-da-rodovia-dos-minerios\\\/\",\"name\":\"Governador entrega primeiro trecho da duplica\u00e7\u00e3o da Rodovia dos Min\u00e9rios - Jornal\",\"isPartOf\":{\"@id\":\"https:\\\/\\\/jornalboasnoticias.com.br\\\/home\\\/#website\"},\"primaryImageOfPage\":{\"@id\":\"https:\\\/\\\/jornalboasnoticias.com.br\\\/home\\\/governador-entrega-primeiro-trecho-da-duplicacao-da-rodovia-dos-minerios\\\/#primaryimage\"},\"image\":{\"@id\":\"https:\\\/\\\/jornalboasnoticias.com.br\\\/home\\\/governador-entrega-primeiro-trecho-da-duplicacao-da-rodovia-dos-minerios\\\/#primaryimage\"},\"thumbnailUrl\":\"https:\\\/\\\/jornalboasnoticias.com.br\\\/home\\\/wp-content\\\/uploads\\\/2024\\\/10\\\/contorno_norte-15-scaled.jpg\",\"datePublished\":\"2024-10-25T18:24:31+00:00\",\"description\":\"Governador entrega primeiro trecho da duplica\u00e7\u00e3o da Rodovia dos Min\u00e9rios\",\"breadcrumb\":{\"@id\":\"https:\\\/\\\/jornalboasnoticias.com.br\\\/home\\\/governador-entrega-primeiro-trecho-da-duplicacao-da-rodovia-dos-minerios\\\/#breadcrumb\"},\"inLanguage\":\"pt-BR\",\"potentialAction\":[{\"@type\":\"ReadAction\",\"target\":[\"https:\\\/\\\/jornalboasnoticias.com.br\\\/home\\\/governador-entrega-primeiro-trecho-da-duplicacao-da-rodovia-dos-minerios\\\/\"]}]},{\"@type\":\"ImageObject\",\"inLanguage\":\"pt-BR\",\"@id\":\"https:\\\/\\\/jornalboasnoticias.com.br\\\/home\\\/governador-entrega-primeiro-trecho-da-duplicacao-da-rodovia-dos-minerios\\\/#primaryimage\",\"url\":\"https:\\\/\\\/jornalboasnoticias.com.br\\\/home\\\/wp-content\\\/uploads\\\/2024\\\/10\\\/contorno_norte-15-scaled.jpg\",\"contentUrl\":\"https:\\\/\\\/jornalboasnoticias.com.br\\\/home\\\/wp-content\\\/uploads\\\/2024\\\/10\\\/contorno_norte-15-scaled.jpg\",\"width\":2560,\"height\":1707,\"caption\":\"Foto: Gabriel Rosa\\\/AEN\"},{\"@type\":\"BreadcrumbList\",\"@id\":\"https:\\\/\\\/jornalboasnoticias.com.br\\\/home\\\/governador-entrega-primeiro-trecho-da-duplicacao-da-rodovia-dos-minerios\\\/#breadcrumb\",\"itemListElement\":[{\"@type\":\"ListItem\",\"position\":1,\"name\":\"In\u00edcio\",\"item\":\"https:\\\/\\\/jornalboasnoticias.com.br\\\/home\\\/\"},{\"@type\":\"ListItem\",\"position\":2,\"name\":\"Governador entrega primeiro trecho da duplica\u00e7\u00e3o da Rodovia dos Min\u00e9rios\"}]},{\"@type\":\"WebSite\",\"@id\":\"https:\\\/\\\/jornalboasnoticias.com.br\\\/home\\\/#website\",\"url\":\"https:\\\/\\\/jornalboasnoticias.com.br\\\/home\\\/\",\"name\":\"Jornal Boas Not\u00edcias\",\"description\":\"Boas not\u00edcias\",\"publisher\":{\"@id\":\"https:\\\/\\\/jornalboasnoticias.com.br\\\/home\\\/#organization\"},\"potentialAction\":[{\"@type\":\"SearchAction\",\"target\":{\"@type\":\"EntryPoint\",\"urlTemplate\":\"https:\\\/\\\/jornalboasnoticias.com.br\\\/home\\\/?s={search_term_string}\"},\"query-input\":{\"@type\":\"PropertyValueSpecification\",\"valueRequired\":true,\"valueName\":\"search_term_string\"}}],\"inLanguage\":\"pt-BR\"},{\"@type\":\"Organization\",\"@id\":\"https:\\\/\\\/jornalboasnoticias.com.br\\\/home\\\/#organization\",\"name\":\"Coq Editora Ltda\",\"alternateName\":\"Jornal Boas Noticias\",\"url\":\"https:\\\/\\\/jornalboasnoticias.com.br\\\/home\\\/\",\"logo\":{\"@type\":\"ImageObject\",\"inLanguage\":\"pt-BR\",\"@id\":\"https:\\\/\\\/jornalboasnoticias.com.br\\\/home\\\/#\\\/schema\\\/logo\\\/image\\\/\",\"url\":\"https:\\\/\\\/jornalboasnoticias.com.br\\\/home\\\/wp-content\\\/uploads\\\/2024\\\/07\\\/cropped-logo.jpg\",\"contentUrl\":\"https:\\\/\\\/jornalboasnoticias.com.br\\\/home\\\/wp-content\\\/uploads\\\/2024\\\/07\\\/cropped-logo.jpg\",\"width\":290,\"height\":142,\"caption\":\"Coq Editora Ltda\"},\"image\":{\"@id\":\"https:\\\/\\\/jornalboasnoticias.com.br\\\/home\\\/#\\\/schema\\\/logo\\\/image\\\/\"},\"sameAs\":[\"https:\\\/\\\/www.facebook.com\\\/boasnoticiasjornal\"]},{\"@type\":\"Person\",\"@id\":\"https:\\\/\\\/jornalboasnoticias.com.br\\\/home\\\/#\\\/schema\\\/person\\\/d641193e0afc6405b390164dac847971\",\"name\":\"Ana Luiza Bonatto\",\"image\":{\"@type\":\"ImageObject\",\"inLanguage\":\"pt-BR\",\"@id\":\"https:\\\/\\\/secure.gravatar.com\\\/avatar\\\/8a055ebe6373371f67ac6fcf313c0ac0b0a91157fdcdb9514fa62927373348f0?s=96&d=mm&r=g\",\"url\":\"https:\\\/\\\/secure.gravatar.com\\\/avatar\\\/8a055ebe6373371f67ac6fcf313c0ac0b0a91157fdcdb9514fa62927373348f0?s=96&d=mm&r=g\",\"contentUrl\":\"https:\\\/\\\/secure.gravatar.com\\\/avatar\\\/8a055ebe6373371f67ac6fcf313c0ac0b0a91157fdcdb9514fa62927373348f0?s=96&d=mm&r=g\",\"caption\":\"Ana Luiza Bonatto\"},\"url\":\"https:\\\/\\\/jornalboasnoticias.com.br\\\/home\\\/author\\\/ana-luiza\\\/\"}]}<\/script>\n<!-- \/ Yoast SEO plugin. -->","yoast_head_json":{"title":"Governador entrega primeiro trecho da duplica\u00e7\u00e3o da Rodovia dos Min\u00e9rios - Jornal","description":"Governador entrega primeiro trecho da duplica\u00e7\u00e3o da Rodovia dos Min\u00e9rios","robots":{"index":"index","follow":"follow","max-snippet":"max-snippet:-1","max-image-preview":"max-image-preview:large","max-video-preview":"max-video-preview:-1"},"canonical":"https:\/\/jornalboasnoticias.com.br\/home\/governador-entrega-primeiro-trecho-da-duplicacao-da-rodovia-dos-minerios\/","og_locale":"pt_BR","og_type":"article","og_title":"Governador entrega primeiro trecho da duplica\u00e7\u00e3o da Rodovia dos Min\u00e9rios - Jornal","og_description":"Governador entrega primeiro trecho da duplica\u00e7\u00e3o da Rodovia dos Min\u00e9rios","og_url":"https:\/\/jornalboasnoticias.com.br\/home\/governador-entrega-primeiro-trecho-da-duplicacao-da-rodovia-dos-minerios\/","og_site_name":"Jornal","article_publisher":"https:\/\/www.facebook.com\/boasnoticiasjornal","article_published_time":"2024-10-25T18:24:31+00:00","og_image":[{"width":2560,"height":1707,"url":"https:\/\/jornalboasnoticias.com.br\/home\/wp-content\/uploads\/2024\/10\/contorno_norte-15-scaled.jpg","type":"image\/jpeg"}],"author":"Ana Luiza Bonatto","twitter_card":"summary_large_image","twitter_misc":{"Escrito por":"Ana Luiza Bonatto","Est. tempo de leitura":"5 minutos"},"schema":{"@context":"https:\/\/schema.org","@graph":[{"@type":"Article","@id":"https:\/\/jornalboasnoticias.com.br\/home\/governador-entrega-primeiro-trecho-da-duplicacao-da-rodovia-dos-minerios\/#article","isPartOf":{"@id":"https:\/\/jornalboasnoticias.com.br\/home\/governador-entrega-primeiro-trecho-da-duplicacao-da-rodovia-dos-minerios\/"},"author":{"name":"Ana Luiza Bonatto","@id":"https:\/\/jornalboasnoticias.com.br\/home\/#\/schema\/person\/d641193e0afc6405b390164dac847971"},"headline":"Governador entrega primeiro trecho da duplica\u00e7\u00e3o da Rodovia dos Min\u00e9rios","datePublished":"2024-10-25T18:24:31+00:00","mainEntityOfPage":{"@id":"https:\/\/jornalboasnoticias.com.br\/home\/governador-entrega-primeiro-trecho-da-duplicacao-da-rodovia-dos-minerios\/"},"wordCount":976,"commentCount":0,"publisher":{"@id":"https:\/\/jornalboasnoticias.com.br\/home\/#organization"},"image":{"@id":"https:\/\/jornalboasnoticias.com.br\/home\/governador-entrega-primeiro-trecho-da-duplicacao-da-rodovia-dos-minerios\/#primaryimage"},"thumbnailUrl":"https:\/\/jornalboasnoticias.com.br\/home\/wp-content\/uploads\/2024\/10\/contorno_norte-15-scaled.jpg","articleSection":["DESTAQUE","PARAN\u00c1"],"inLanguage":"pt-BR","potentialAction":[{"@type":"CommentAction","name":"Comment","target":["https:\/\/jornalboasnoticias.com.br\/home\/governador-entrega-primeiro-trecho-da-duplicacao-da-rodovia-dos-minerios\/#respond"]}]},{"@type":"WebPage","@id":"https:\/\/jornalboasnoticias.com.br\/home\/governador-entrega-primeiro-trecho-da-duplicacao-da-rodovia-dos-minerios\/","url":"https:\/\/jornalboasnoticias.com.br\/home\/governador-entrega-primeiro-trecho-da-duplicacao-da-rodovia-dos-minerios\/","name":"Governador entrega primeiro trecho da duplica\u00e7\u00e3o da Rodovia dos Min\u00e9rios - Jornal","isPartOf":{"@id":"https:\/\/jornalboasnoticias.com.br\/home\/#website"},"primaryImageOfPage":{"@id":"https:\/\/jornalboasnoticias.com.br\/home\/governador-entrega-primeiro-trecho-da-duplicacao-da-rodovia-dos-minerios\/#primaryimage"},"image":{"@id":"https:\/\/jornalboasnoticias.com.br\/home\/governador-entrega-primeiro-trecho-da-duplicacao-da-rodovia-dos-minerios\/#primaryimage"},"thumbnailUrl":"https:\/\/jornalboasnoticias.com.br\/home\/wp-content\/uploads\/2024\/10\/contorno_norte-15-scaled.jpg","datePublished":"2024-10-25T18:24:31+00:00","description":"Governador entrega primeiro trecho da duplica\u00e7\u00e3o da Rodovia dos Min\u00e9rios","breadcrumb":{"@id":"https:\/\/jornalboasnoticias.com.br\/home\/governador-entrega-primeiro-trecho-da-duplicacao-da-rodovia-dos-minerios\/#breadcrumb"},"inLanguage":"pt-BR","potentialAction":[{"@type":"ReadAction","target":["https:\/\/jornalboasnoticias.com.br\/home\/governador-entrega-primeiro-trecho-da-duplicacao-da-rodovia-dos-minerios\/"]}]},{"@type":"ImageObject","inLanguage":"pt-BR","@id":"https:\/\/jornalboasnoticias.com.br\/home\/governador-entrega-primeiro-trecho-da-duplicacao-da-rodovia-dos-minerios\/#primaryimage","url":"https:\/\/jornalboasnoticias.com.br\/home\/wp-content\/uploads\/2024\/10\/contorno_norte-15-scaled.jpg","contentUrl":"https:\/\/jornalboasnoticias.com.br\/home\/wp-content\/uploads\/2024\/10\/contorno_norte-15-scaled.jpg","width":2560,"height":1707,"caption":"Foto: Gabriel Rosa\/AEN"},{"@type":"BreadcrumbList","@id":"https:\/\/jornalboasnoticias.com.br\/home\/governador-entrega-primeiro-trecho-da-duplicacao-da-rodovia-dos-minerios\/#breadcrumb","itemListElement":[{"@type":"ListItem","position":1,"name":"In\u00edcio","item":"https:\/\/jornalboasnoticias.com.br\/home\/"},{"@type":"ListItem","position":2,"name":"Governador entrega primeiro trecho da duplica\u00e7\u00e3o da Rodovia dos Min\u00e9rios"}]},{"@type":"WebSite","@id":"https:\/\/jornalboasnoticias.com.br\/home\/#website","url":"https:\/\/jornalboasnoticias.com.br\/home\/","name":"Jornal Boas Not\u00edcias","description":"Boas not\u00edcias","publisher":{"@id":"https:\/\/jornalboasnoticias.com.br\/home\/#organization"},"potentialAction":[{"@type":"SearchAction","target":{"@type":"EntryPoint","urlTemplate":"https:\/\/jornalboasnoticias.com.br\/home\/?s={search_term_string}"},"query-input":{"@type":"PropertyValueSpecification","valueRequired":true,"valueName":"search_term_string"}}],"inLanguage":"pt-BR"},{"@type":"Organization","@id":"https:\/\/jornalboasnoticias.com.br\/home\/#organization","name":"Coq Editora Ltda","alternateName":"Jornal Boas Noticias","url":"https:\/\/jornalboasnoticias.com.br\/home\/","logo":{"@type":"ImageObject","inLanguage":"pt-BR","@id":"https:\/\/jornalboasnoticias.com.br\/home\/#\/schema\/logo\/image\/","url":"https:\/\/jornalboasnoticias.com.br\/home\/wp-content\/uploads\/2024\/07\/cropped-logo.jpg","contentUrl":"https:\/\/jornalboasnoticias.com.br\/home\/wp-content\/uploads\/2024\/07\/cropped-logo.jpg","width":290,"height":142,"caption":"Coq Editora Ltda"},"image":{"@id":"https:\/\/jornalboasnoticias.com.br\/home\/#\/schema\/logo\/image\/"},"sameAs":["https:\/\/www.facebook.com\/boasnoticiasjornal"]},{"@type":"Person","@id":"https:\/\/jornalboasnoticias.com.br\/home\/#\/schema\/person\/d641193e0afc6405b390164dac847971","name":"Ana Luiza Bonatto","image":{"@type":"ImageObject","inLanguage":"pt-BR","@id":"https:\/\/secure.gravatar.com\/avatar\/8a055ebe6373371f67ac6fcf313c0ac0b0a91157fdcdb9514fa62927373348f0?s=96&d=mm&r=g","url":"https:\/\/secure.gravatar.com\/avatar\/8a055ebe6373371f67ac6fcf313c0ac0b0a91157fdcdb9514fa62927373348f0?s=96&d=mm&r=g","contentUrl":"https:\/\/secure.gravatar.com\/avatar\/8a055ebe6373371f67ac6fcf313c0ac0b0a91157fdcdb9514fa62927373348f0?s=96&d=mm&r=g","caption":"Ana Luiza Bonatto"},"url":"https:\/\/jornalboasnoticias.com.br\/home\/author\/ana-luiza\/"}]}},"_links":{"self":[{"href":"https:\/\/jornalboasnoticias.com.br\/home\/wp-json\/wp\/v2\/posts\/44552","targetHints":{"allow":["GET"]}}],"collection":[{"href":"https:\/\/jornalboasnoticias.com.br\/home\/wp-json\/wp\/v2\/posts"}],"about":[{"href":"https:\/\/jornalboasnoticias.com.br\/home\/wp-json\/wp\/v2\/types\/post"}],"author":[{"embeddable":true,"href":"https:\/\/jornalboasnoticias.com.br\/home\/wp-json\/wp\/v2\/users\/4"}],"replies":[{"embeddable":true,"href":"https:\/\/jornalboasnoticias.com.br\/home\/wp-json\/wp\/v2\/comments?post=44552"}],"version-history":[{"count":1,"href":"https:\/\/jornalboasnoticias.com.br\/home\/wp-json\/wp\/v2\/posts\/44552\/revisions"}],"predecessor-version":[{"id":44554,"href":"https:\/\/jornalboasnoticias.com.br\/home\/wp-json\/wp\/v2\/posts\/44552\/revisions\/44554"}],"wp:featuredmedia":[{"embeddable":true,"href":"https:\/\/jornalboasnoticias.com.br\/home\/wp-json\/wp\/v2\/media\/44553"}],"wp:attachment":[{"href":"https:\/\/jornalboasnoticias.com.br\/home\/wp-json\/wp\/v2\/media?parent=44552"}],"wp:term":[{"taxonomy":"category","embeddable":true,"href":"https:\/\/jornalboasnoticias.com.br\/home\/wp-json\/wp\/v2\/categories?post=44552"},{"taxonomy":"post_tag","embeddable":true,"href":"https:\/\/jornalboasnoticias.com.br\/home\/wp-json\/wp\/v2\/tags?post=44552"}],"curies":[{"name":"wp","href":"https:\/\/api.w.org\/{rel}","templated":true}]}}