{"id":44549,"date":"2024-10-25T18:23:24","date_gmt":"2024-10-25T18:23:24","guid":{"rendered":"https:\/\/jornalboasnoticias.com.br\/home\/?p=44549"},"modified":"2024-10-25T18:23:24","modified_gmt":"2024-10-25T18:23:24","slug":"aeroporto-afonso-pena-recebe-na-segunda-feira-o-primeiro-voo-direto-de-lima-no-peru","status":"publish","type":"post","link":"https:\/\/jornalboasnoticias.com.br\/home\/aeroporto-afonso-pena-recebe-na-segunda-feira-o-primeiro-voo-direto-de-lima-no-peru\/","title":{"rendered":"Aeroporto Afonso Pena recebe na segunda-feira o primeiro voo direto de Lima, no Peru"},"content":{"rendered":"<div class=\"not-escopo-destaque\">\n<div>\n<figure id=\"attachment_44550\" aria-describedby=\"caption-attachment-44550\" style=\"width: 2560px\" class=\"wp-caption alignnone\"><img loading=\"lazy\" decoding=\"async\" class=\"size-full wp-image-44550\" src=\"https:\/\/jornalboasnoticias.com.br\/home\/wp-content\/uploads\/2024\/10\/20240614_agb_aeroporto-32-scaled.jpg\" alt=\"\" width=\"2560\" height=\"1708\" srcset=\"https:\/\/jornalboasnoticias.com.br\/home\/wp-content\/uploads\/2024\/10\/20240614_agb_aeroporto-32-scaled.jpg 2560w, https:\/\/jornalboasnoticias.com.br\/home\/wp-content\/uploads\/2024\/10\/20240614_agb_aeroporto-32-300x200.jpg 300w, https:\/\/jornalboasnoticias.com.br\/home\/wp-content\/uploads\/2024\/10\/20240614_agb_aeroporto-32-1024x683.jpg 1024w, https:\/\/jornalboasnoticias.com.br\/home\/wp-content\/uploads\/2024\/10\/20240614_agb_aeroporto-32-768x512.jpg 768w, https:\/\/jornalboasnoticias.com.br\/home\/wp-content\/uploads\/2024\/10\/20240614_agb_aeroporto-32-1536x1025.jpg 1536w, https:\/\/jornalboasnoticias.com.br\/home\/wp-content\/uploads\/2024\/10\/20240614_agb_aeroporto-32-2048x1366.jpg 2048w, https:\/\/jornalboasnoticias.com.br\/home\/wp-content\/uploads\/2024\/10\/20240614_agb_aeroporto-32-900x600.jpg 900w\" sizes=\"auto, (max-width: 2560px) 100vw, 2560px\" \/><figcaption id=\"caption-attachment-44550\" class=\"wp-caption-text\">Foto: Geraldo Bubniak\/AEN<\/figcaption><\/figure>\n<\/div>\n<\/div>\n<blockquote>\n<div class=\"not-escopo-destaque\">\n<div class=\"field field--name-field-escopo-destaque field--type-string-long field--label-hidden field--item\">O primeiro voo direto de Lima pousa \u00e0s 6h55 no Aeroporto Internacional Afonso Pena, em S\u00e3o Jos\u00e9 dos Pinhais, na Regi\u00e3o Metropolitana de Curitiba. A partir do lan\u00e7amento, a rota contar\u00e1 com uma escala de tr\u00eas voos semanais.<\/div>\n<\/div>\n<\/blockquote>\n<div>\n<p>O Paran\u00e1 recebe a partir da pr\u00f3xima segunda-feira (28) mais uma rota \u00e1rea \u2013 o primeiro voo de Lima, capital do Peru, chegar\u00e1 \u00e0s 6h55 ao Aeroporto Internacional Afonso Pena, em S\u00e3o Jos\u00e9 do Pinhais (RMC). Operada pela Latam, a nova rota Curitiba-Lima contar\u00e1 escala ser\u00e1 de tr\u00eas voos semanais.<\/p>\n<p>Para o secret\u00e1rio estadual do Turismo, M\u00e1rcio Nunes, as novas rotas a\u00e9reas colaboram para o crescimento da economia paranaense. \u201cEstamos realizando um trabalho permanente de fomento aos neg\u00f3cios e ao fluxo de passageiros internacionais. S\u00e3o turistas que chegam ao Paran\u00e1 para conhecer nossos atrativos, participar de eventos, congressos at\u00e9 mesmo a trabalho. De toda forma, eles fomentam a economia do Estado, porque se hospedam em hot\u00e9is, compram produtos, se alimentam em restaurantes e movimentando a cadeia produtiva do setor\u201d, afirma.<\/p>\n<p>O diretor-presidente do Viaje Paran\u00e1 \u2013 \u00f3rg\u00e3o de promo\u00e7\u00e3o comercial do setor \u2013, Irapuan Cortes, lembra que os voos v\u00e3o incrementar o fluxo tur\u00edstico estadual. \u201cSer\u00e3o tr\u00eas voos diretos por semana que, aliados \u00e0s rotas diretas j\u00e1 existentes, aumentar\u00e3o o fluxo tur\u00edstico de forma consider\u00e1vel. A participa\u00e7\u00e3o do Estado em feiras tur\u00edsticas da Am\u00e9rica do Sul tamb\u00e9m deve ter um impacto na chegada de novos turistas estrangeiros, que agora t\u00eam mais op\u00e7\u00f5es para conhecerem o Paran\u00e1\u201d, diz.<\/p>\n<p><strong>OPERA\u00c7\u00d5ES<\/strong>\u00a0\u2013\u00a0O voo Curitiba-Lima tem uma dura\u00e7\u00e3o m\u00e9dia de 5 horas e vai operar \u00e0s segundas, quintas e s\u00e1bados, por meio de aeronaves da fam\u00edlia Airbus A320, com capacidade de transportar at\u00e9 174 passageiros. Na compara\u00e7\u00e3o com outras viagens partindo de Curitiba com destino a Lima (que necessitam de conex\u00e3o no aeroporto de Bras\u00edlia), a nova rota direta vai diminuir em at\u00e9 tr\u00eas horas o tempo m\u00e9dio de deslocamento para a capital peruana.<\/p>\n<p>A LATAM prev\u00ea transportar at\u00e9 43 mil passageiros por ano na sua nova opera\u00e7\u00e3o entre Brasil e Peru, que j\u00e1 conta com as opera\u00e7\u00f5es regulares S\u00e3o Paulo-Lima, Rio de Janeiro-Lima e Bras\u00edlia-Lima. \u201cCom este novo voo, Curitiba ser\u00e1 uma nova alternativa para a conectividade regional por ser capaz de ligar o passageiro da Regi\u00e3o Sul do Brasil n\u00e3o apenas com o Peru, mas tamb\u00e9m com a Am\u00e9rica do Norte e o Caribe\u201d, explica Aline Mafra, diretora de Vendas e Marketing da LATAM Brasil.<\/p>\n<p><strong>OUTROS VOOS<\/strong>\u00a0\u2013\u00a0A melhoria da conex\u00e3o a\u00e9rea estadual \u00e9 uma das iniciativas do Estado para a capta\u00e7\u00e3o de mais turistas estrangeiros. Neste ano, o Paran\u00e1 conquistou quatro novas rotas diretas. O Aeroporto Internacional Afonso Pena passou a receber voos sem conex\u00e3o de Santiago (Chile) pela JetSmart (um voo sazonal que opera entre julho e setembro); e da Argentina (Buenos Aires), tamb\u00e9m pela JetSmart. Em dezembro come\u00e7am as opera\u00e7\u00f5es de voos para Assun\u00e7\u00e3o (Paraguai), pela Companhia A\u00e9rea Azul.\u00a0Com isso, o principal aeroporto do Estado\u00a0<strong><a href=\"https:\/\/www.aen.pr.gov.br\/Noticia\/Aeroporto-Afonso-Pena-dobra-numero-de-voos-internacionais\" target=\"_blank\" rel=\"noopener\">dobrou o n\u00famero de voos<\/a><\/strong>\u00a0internacionais em 2024.<\/p>\n<p>O Paran\u00e1 tamb\u00e9m conta com voos diretos para Montevid\u00e9u (Uruguai) pela Azul; Buenos Aires (Argentina) pela Aerolineas Argentinas e a Gol; e Santiago (Chile) pela Latam, todos no Aeroporto Internacional Afonso Pena. Enquanto no Aeroporto Internacional de Foz do Igua\u00e7u \u00e9 poss\u00edvel se conectar sem escalas com Santiago (Chile) pela Companhia JetSmart.<\/p>\n<p><em><strong>AEN<\/strong><\/em><\/p>\n<\/div>\n","protected":false},"excerpt":{"rendered":"<p>O primeiro voo direto de Lima pousa \u00e0s 6h55 no Aeroporto Internacional Afonso Pena, em<\/p>\n","protected":false},"author":4,"featured_media":44550,"comment_status":"open","ping_status":"open","sticky":false,"template":"","format":"standard","meta":{"footnotes":""},"categories":[3,4],"tags":[],"class_list":["post-44549","post","type-post","status-publish","format-standard","has-post-thumbnail","hentry","category-destaques","category-parana"],"yoast_head":"<!-- This site is optimized with the Yoast SEO plugin v27.5 - https:\/\/yoast.com\/product\/yoast-seo-wordpress\/ -->\n<title>Aeroporto Afonso Pena recebe na segunda-feira o primeiro voo direto de Lima, no Peru - Jornal<\/title>\n<meta name=\"description\" content=\"Aeroporto Afonso Pena recebe na segunda-feira o primeiro voo direto de Lima, no Peru\" \/>\n<meta name=\"robots\" content=\"index, follow, max-snippet:-1, max-image-preview:large, max-video-preview:-1\" \/>\n<link rel=\"canonical\" href=\"https:\/\/jornalboasnoticias.com.br\/home\/aeroporto-afonso-pena-recebe-na-segunda-feira-o-primeiro-voo-direto-de-lima-no-peru\/\" \/>\n<meta property=\"og:locale\" content=\"pt_BR\" \/>\n<meta property=\"og:type\" content=\"article\" \/>\n<meta property=\"og:title\" content=\"Aeroporto Afonso Pena recebe na segunda-feira o primeiro voo direto de Lima, no Peru - Jornal\" \/>\n<meta property=\"og:description\" content=\"Aeroporto Afonso Pena recebe na segunda-feira o primeiro voo direto de Lima, no Peru\" \/>\n<meta property=\"og:url\" content=\"https:\/\/jornalboasnoticias.com.br\/home\/aeroporto-afonso-pena-recebe-na-segunda-feira-o-primeiro-voo-direto-de-lima-no-peru\/\" \/>\n<meta property=\"og:site_name\" content=\"Jornal\" \/>\n<meta property=\"article:publisher\" content=\"https:\/\/www.facebook.com\/boasnoticiasjornal\" \/>\n<meta property=\"article:published_time\" content=\"2024-10-25T18:23:24+00:00\" \/>\n<meta property=\"og:image\" content=\"https:\/\/jornalboasnoticias.com.br\/home\/wp-content\/uploads\/2024\/10\/20240614_agb_aeroporto-32-scaled.jpg\" \/>\n\t<meta property=\"og:image:width\" content=\"2560\" \/>\n\t<meta property=\"og:image:height\" content=\"1708\" \/>\n\t<meta property=\"og:image:type\" content=\"image\/jpeg\" \/>\n<meta name=\"author\" content=\"Ana Luiza Bonatto\" \/>\n<meta name=\"twitter:card\" content=\"summary_large_image\" \/>\n<meta name=\"twitter:label1\" content=\"Escrito por\" \/>\n\t<meta name=\"twitter:data1\" content=\"Ana Luiza Bonatto\" \/>\n\t<meta name=\"twitter:label2\" content=\"Est. tempo de leitura\" \/>\n\t<meta name=\"twitter:data2\" content=\"4 minutos\" \/>\n<script type=\"application\/ld+json\" class=\"yoast-schema-graph\">{\"@context\":\"https:\\\/\\\/schema.org\",\"@graph\":[{\"@type\":\"Article\",\"@id\":\"https:\\\/\\\/jornalboasnoticias.com.br\\\/home\\\/aeroporto-afonso-pena-recebe-na-segunda-feira-o-primeiro-voo-direto-de-lima-no-peru\\\/#article\",\"isPartOf\":{\"@id\":\"https:\\\/\\\/jornalboasnoticias.com.br\\\/home\\\/aeroporto-afonso-pena-recebe-na-segunda-feira-o-primeiro-voo-direto-de-lima-no-peru\\\/\"},\"author\":{\"name\":\"Ana Luiza Bonatto\",\"@id\":\"https:\\\/\\\/jornalboasnoticias.com.br\\\/home\\\/#\\\/schema\\\/person\\\/d641193e0afc6405b390164dac847971\"},\"headline\":\"Aeroporto Afonso Pena recebe na segunda-feira o primeiro voo direto de Lima, no Peru\",\"datePublished\":\"2024-10-25T18:23:24+00:00\",\"mainEntityOfPage\":{\"@id\":\"https:\\\/\\\/jornalboasnoticias.com.br\\\/home\\\/aeroporto-afonso-pena-recebe-na-segunda-feira-o-primeiro-voo-direto-de-lima-no-peru\\\/\"},\"wordCount\":621,\"commentCount\":0,\"publisher\":{\"@id\":\"https:\\\/\\\/jornalboasnoticias.com.br\\\/home\\\/#organization\"},\"image\":{\"@id\":\"https:\\\/\\\/jornalboasnoticias.com.br\\\/home\\\/aeroporto-afonso-pena-recebe-na-segunda-feira-o-primeiro-voo-direto-de-lima-no-peru\\\/#primaryimage\"},\"thumbnailUrl\":\"https:\\\/\\\/jornalboasnoticias.com.br\\\/home\\\/wp-content\\\/uploads\\\/2024\\\/10\\\/20240614_agb_aeroporto-32-scaled.jpg\",\"articleSection\":[\"DESTAQUE\",\"PARAN\u00c1\"],\"inLanguage\":\"pt-BR\",\"potentialAction\":[{\"@type\":\"CommentAction\",\"name\":\"Comment\",\"target\":[\"https:\\\/\\\/jornalboasnoticias.com.br\\\/home\\\/aeroporto-afonso-pena-recebe-na-segunda-feira-o-primeiro-voo-direto-de-lima-no-peru\\\/#respond\"]}]},{\"@type\":\"WebPage\",\"@id\":\"https:\\\/\\\/jornalboasnoticias.com.br\\\/home\\\/aeroporto-afonso-pena-recebe-na-segunda-feira-o-primeiro-voo-direto-de-lima-no-peru\\\/\",\"url\":\"https:\\\/\\\/jornalboasnoticias.com.br\\\/home\\\/aeroporto-afonso-pena-recebe-na-segunda-feira-o-primeiro-voo-direto-de-lima-no-peru\\\/\",\"name\":\"Aeroporto Afonso Pena recebe na segunda-feira o primeiro voo direto de Lima, no Peru - Jornal\",\"isPartOf\":{\"@id\":\"https:\\\/\\\/jornalboasnoticias.com.br\\\/home\\\/#website\"},\"primaryImageOfPage\":{\"@id\":\"https:\\\/\\\/jornalboasnoticias.com.br\\\/home\\\/aeroporto-afonso-pena-recebe-na-segunda-feira-o-primeiro-voo-direto-de-lima-no-peru\\\/#primaryimage\"},\"image\":{\"@id\":\"https:\\\/\\\/jornalboasnoticias.com.br\\\/home\\\/aeroporto-afonso-pena-recebe-na-segunda-feira-o-primeiro-voo-direto-de-lima-no-peru\\\/#primaryimage\"},\"thumbnailUrl\":\"https:\\\/\\\/jornalboasnoticias.com.br\\\/home\\\/wp-content\\\/uploads\\\/2024\\\/10\\\/20240614_agb_aeroporto-32-scaled.jpg\",\"datePublished\":\"2024-10-25T18:23:24+00:00\",\"description\":\"Aeroporto Afonso Pena recebe na segunda-feira o primeiro voo direto de Lima, no Peru\",\"breadcrumb\":{\"@id\":\"https:\\\/\\\/jornalboasnoticias.com.br\\\/home\\\/aeroporto-afonso-pena-recebe-na-segunda-feira-o-primeiro-voo-direto-de-lima-no-peru\\\/#breadcrumb\"},\"inLanguage\":\"pt-BR\",\"potentialAction\":[{\"@type\":\"ReadAction\",\"target\":[\"https:\\\/\\\/jornalboasnoticias.com.br\\\/home\\\/aeroporto-afonso-pena-recebe-na-segunda-feira-o-primeiro-voo-direto-de-lima-no-peru\\\/\"]}]},{\"@type\":\"ImageObject\",\"inLanguage\":\"pt-BR\",\"@id\":\"https:\\\/\\\/jornalboasnoticias.com.br\\\/home\\\/aeroporto-afonso-pena-recebe-na-segunda-feira-o-primeiro-voo-direto-de-lima-no-peru\\\/#primaryimage\",\"url\":\"https:\\\/\\\/jornalboasnoticias.com.br\\\/home\\\/wp-content\\\/uploads\\\/2024\\\/10\\\/20240614_agb_aeroporto-32-scaled.jpg\",\"contentUrl\":\"https:\\\/\\\/jornalboasnoticias.com.br\\\/home\\\/wp-content\\\/uploads\\\/2024\\\/10\\\/20240614_agb_aeroporto-32-scaled.jpg\",\"width\":2560,\"height\":1708,\"caption\":\"Foto: Geraldo Bubniak\\\/AEN\"},{\"@type\":\"BreadcrumbList\",\"@id\":\"https:\\\/\\\/jornalboasnoticias.com.br\\\/home\\\/aeroporto-afonso-pena-recebe-na-segunda-feira-o-primeiro-voo-direto-de-lima-no-peru\\\/#breadcrumb\",\"itemListElement\":[{\"@type\":\"ListItem\",\"position\":1,\"name\":\"In\u00edcio\",\"item\":\"https:\\\/\\\/jornalboasnoticias.com.br\\\/home\\\/\"},{\"@type\":\"ListItem\",\"position\":2,\"name\":\"Aeroporto Afonso Pena recebe na segunda-feira o primeiro voo direto de Lima, no Peru\"}]},{\"@type\":\"WebSite\",\"@id\":\"https:\\\/\\\/jornalboasnoticias.com.br\\\/home\\\/#website\",\"url\":\"https:\\\/\\\/jornalboasnoticias.com.br\\\/home\\\/\",\"name\":\"Jornal Boas Not\u00edcias\",\"description\":\"Boas not\u00edcias\",\"publisher\":{\"@id\":\"https:\\\/\\\/jornalboasnoticias.com.br\\\/home\\\/#organization\"},\"potentialAction\":[{\"@type\":\"SearchAction\",\"target\":{\"@type\":\"EntryPoint\",\"urlTemplate\":\"https:\\\/\\\/jornalboasnoticias.com.br\\\/home\\\/?s={search_term_string}\"},\"query-input\":{\"@type\":\"PropertyValueSpecification\",\"valueRequired\":true,\"valueName\":\"search_term_string\"}}],\"inLanguage\":\"pt-BR\"},{\"@type\":\"Organization\",\"@id\":\"https:\\\/\\\/jornalboasnoticias.com.br\\\/home\\\/#organization\",\"name\":\"Coq Editora Ltda\",\"alternateName\":\"Jornal Boas Noticias\",\"url\":\"https:\\\/\\\/jornalboasnoticias.com.br\\\/home\\\/\",\"logo\":{\"@type\":\"ImageObject\",\"inLanguage\":\"pt-BR\",\"@id\":\"https:\\\/\\\/jornalboasnoticias.com.br\\\/home\\\/#\\\/schema\\\/logo\\\/image\\\/\",\"url\":\"https:\\\/\\\/jornalboasnoticias.com.br\\\/home\\\/wp-content\\\/uploads\\\/2024\\\/07\\\/cropped-logo.jpg\",\"contentUrl\":\"https:\\\/\\\/jornalboasnoticias.com.br\\\/home\\\/wp-content\\\/uploads\\\/2024\\\/07\\\/cropped-logo.jpg\",\"width\":290,\"height\":142,\"caption\":\"Coq Editora Ltda\"},\"image\":{\"@id\":\"https:\\\/\\\/jornalboasnoticias.com.br\\\/home\\\/#\\\/schema\\\/logo\\\/image\\\/\"},\"sameAs\":[\"https:\\\/\\\/www.facebook.com\\\/boasnoticiasjornal\"]},{\"@type\":\"Person\",\"@id\":\"https:\\\/\\\/jornalboasnoticias.com.br\\\/home\\\/#\\\/schema\\\/person\\\/d641193e0afc6405b390164dac847971\",\"name\":\"Ana Luiza Bonatto\",\"image\":{\"@type\":\"ImageObject\",\"inLanguage\":\"pt-BR\",\"@id\":\"https:\\\/\\\/secure.gravatar.com\\\/avatar\\\/8a055ebe6373371f67ac6fcf313c0ac0b0a91157fdcdb9514fa62927373348f0?s=96&d=mm&r=g\",\"url\":\"https:\\\/\\\/secure.gravatar.com\\\/avatar\\\/8a055ebe6373371f67ac6fcf313c0ac0b0a91157fdcdb9514fa62927373348f0?s=96&d=mm&r=g\",\"contentUrl\":\"https:\\\/\\\/secure.gravatar.com\\\/avatar\\\/8a055ebe6373371f67ac6fcf313c0ac0b0a91157fdcdb9514fa62927373348f0?s=96&d=mm&r=g\",\"caption\":\"Ana Luiza Bonatto\"},\"url\":\"https:\\\/\\\/jornalboasnoticias.com.br\\\/home\\\/author\\\/ana-luiza\\\/\"}]}<\/script>\n<!-- \/ Yoast SEO plugin. -->","yoast_head_json":{"title":"Aeroporto Afonso Pena recebe na segunda-feira o primeiro voo direto de Lima, no Peru - Jornal","description":"Aeroporto Afonso Pena recebe na segunda-feira o primeiro voo direto de Lima, no Peru","robots":{"index":"index","follow":"follow","max-snippet":"max-snippet:-1","max-image-preview":"max-image-preview:large","max-video-preview":"max-video-preview:-1"},"canonical":"https:\/\/jornalboasnoticias.com.br\/home\/aeroporto-afonso-pena-recebe-na-segunda-feira-o-primeiro-voo-direto-de-lima-no-peru\/","og_locale":"pt_BR","og_type":"article","og_title":"Aeroporto Afonso Pena recebe na segunda-feira o primeiro voo direto de Lima, no Peru - Jornal","og_description":"Aeroporto Afonso Pena recebe na segunda-feira o primeiro voo direto de Lima, no Peru","og_url":"https:\/\/jornalboasnoticias.com.br\/home\/aeroporto-afonso-pena-recebe-na-segunda-feira-o-primeiro-voo-direto-de-lima-no-peru\/","og_site_name":"Jornal","article_publisher":"https:\/\/www.facebook.com\/boasnoticiasjornal","article_published_time":"2024-10-25T18:23:24+00:00","og_image":[{"width":2560,"height":1708,"url":"https:\/\/jornalboasnoticias.com.br\/home\/wp-content\/uploads\/2024\/10\/20240614_agb_aeroporto-32-scaled.jpg","type":"image\/jpeg"}],"author":"Ana Luiza Bonatto","twitter_card":"summary_large_image","twitter_misc":{"Escrito por":"Ana Luiza Bonatto","Est. tempo de leitura":"4 minutos"},"schema":{"@context":"https:\/\/schema.org","@graph":[{"@type":"Article","@id":"https:\/\/jornalboasnoticias.com.br\/home\/aeroporto-afonso-pena-recebe-na-segunda-feira-o-primeiro-voo-direto-de-lima-no-peru\/#article","isPartOf":{"@id":"https:\/\/jornalboasnoticias.com.br\/home\/aeroporto-afonso-pena-recebe-na-segunda-feira-o-primeiro-voo-direto-de-lima-no-peru\/"},"author":{"name":"Ana Luiza Bonatto","@id":"https:\/\/jornalboasnoticias.com.br\/home\/#\/schema\/person\/d641193e0afc6405b390164dac847971"},"headline":"Aeroporto Afonso Pena recebe na segunda-feira o primeiro voo direto de Lima, no Peru","datePublished":"2024-10-25T18:23:24+00:00","mainEntityOfPage":{"@id":"https:\/\/jornalboasnoticias.com.br\/home\/aeroporto-afonso-pena-recebe-na-segunda-feira-o-primeiro-voo-direto-de-lima-no-peru\/"},"wordCount":621,"commentCount":0,"publisher":{"@id":"https:\/\/jornalboasnoticias.com.br\/home\/#organization"},"image":{"@id":"https:\/\/jornalboasnoticias.com.br\/home\/aeroporto-afonso-pena-recebe-na-segunda-feira-o-primeiro-voo-direto-de-lima-no-peru\/#primaryimage"},"thumbnailUrl":"https:\/\/jornalboasnoticias.com.br\/home\/wp-content\/uploads\/2024\/10\/20240614_agb_aeroporto-32-scaled.jpg","articleSection":["DESTAQUE","PARAN\u00c1"],"inLanguage":"pt-BR","potentialAction":[{"@type":"CommentAction","name":"Comment","target":["https:\/\/jornalboasnoticias.com.br\/home\/aeroporto-afonso-pena-recebe-na-segunda-feira-o-primeiro-voo-direto-de-lima-no-peru\/#respond"]}]},{"@type":"WebPage","@id":"https:\/\/jornalboasnoticias.com.br\/home\/aeroporto-afonso-pena-recebe-na-segunda-feira-o-primeiro-voo-direto-de-lima-no-peru\/","url":"https:\/\/jornalboasnoticias.com.br\/home\/aeroporto-afonso-pena-recebe-na-segunda-feira-o-primeiro-voo-direto-de-lima-no-peru\/","name":"Aeroporto Afonso Pena recebe na segunda-feira o primeiro voo direto de Lima, no Peru - Jornal","isPartOf":{"@id":"https:\/\/jornalboasnoticias.com.br\/home\/#website"},"primaryImageOfPage":{"@id":"https:\/\/jornalboasnoticias.com.br\/home\/aeroporto-afonso-pena-recebe-na-segunda-feira-o-primeiro-voo-direto-de-lima-no-peru\/#primaryimage"},"image":{"@id":"https:\/\/jornalboasnoticias.com.br\/home\/aeroporto-afonso-pena-recebe-na-segunda-feira-o-primeiro-voo-direto-de-lima-no-peru\/#primaryimage"},"thumbnailUrl":"https:\/\/jornalboasnoticias.com.br\/home\/wp-content\/uploads\/2024\/10\/20240614_agb_aeroporto-32-scaled.jpg","datePublished":"2024-10-25T18:23:24+00:00","description":"Aeroporto Afonso Pena recebe na segunda-feira o primeiro voo direto de Lima, no Peru","breadcrumb":{"@id":"https:\/\/jornalboasnoticias.com.br\/home\/aeroporto-afonso-pena-recebe-na-segunda-feira-o-primeiro-voo-direto-de-lima-no-peru\/#breadcrumb"},"inLanguage":"pt-BR","potentialAction":[{"@type":"ReadAction","target":["https:\/\/jornalboasnoticias.com.br\/home\/aeroporto-afonso-pena-recebe-na-segunda-feira-o-primeiro-voo-direto-de-lima-no-peru\/"]}]},{"@type":"ImageObject","inLanguage":"pt-BR","@id":"https:\/\/jornalboasnoticias.com.br\/home\/aeroporto-afonso-pena-recebe-na-segunda-feira-o-primeiro-voo-direto-de-lima-no-peru\/#primaryimage","url":"https:\/\/jornalboasnoticias.com.br\/home\/wp-content\/uploads\/2024\/10\/20240614_agb_aeroporto-32-scaled.jpg","contentUrl":"https:\/\/jornalboasnoticias.com.br\/home\/wp-content\/uploads\/2024\/10\/20240614_agb_aeroporto-32-scaled.jpg","width":2560,"height":1708,"caption":"Foto: Geraldo Bubniak\/AEN"},{"@type":"BreadcrumbList","@id":"https:\/\/jornalboasnoticias.com.br\/home\/aeroporto-afonso-pena-recebe-na-segunda-feira-o-primeiro-voo-direto-de-lima-no-peru\/#breadcrumb","itemListElement":[{"@type":"ListItem","position":1,"name":"In\u00edcio","item":"https:\/\/jornalboasnoticias.com.br\/home\/"},{"@type":"ListItem","position":2,"name":"Aeroporto Afonso Pena recebe na segunda-feira o primeiro voo direto de Lima, no Peru"}]},{"@type":"WebSite","@id":"https:\/\/jornalboasnoticias.com.br\/home\/#website","url":"https:\/\/jornalboasnoticias.com.br\/home\/","name":"Jornal Boas Not\u00edcias","description":"Boas not\u00edcias","publisher":{"@id":"https:\/\/jornalboasnoticias.com.br\/home\/#organization"},"potentialAction":[{"@type":"SearchAction","target":{"@type":"EntryPoint","urlTemplate":"https:\/\/jornalboasnoticias.com.br\/home\/?s={search_term_string}"},"query-input":{"@type":"PropertyValueSpecification","valueRequired":true,"valueName":"search_term_string"}}],"inLanguage":"pt-BR"},{"@type":"Organization","@id":"https:\/\/jornalboasnoticias.com.br\/home\/#organization","name":"Coq Editora Ltda","alternateName":"Jornal Boas Noticias","url":"https:\/\/jornalboasnoticias.com.br\/home\/","logo":{"@type":"ImageObject","inLanguage":"pt-BR","@id":"https:\/\/jornalboasnoticias.com.br\/home\/#\/schema\/logo\/image\/","url":"https:\/\/jornalboasnoticias.com.br\/home\/wp-content\/uploads\/2024\/07\/cropped-logo.jpg","contentUrl":"https:\/\/jornalboasnoticias.com.br\/home\/wp-content\/uploads\/2024\/07\/cropped-logo.jpg","width":290,"height":142,"caption":"Coq Editora Ltda"},"image":{"@id":"https:\/\/jornalboasnoticias.com.br\/home\/#\/schema\/logo\/image\/"},"sameAs":["https:\/\/www.facebook.com\/boasnoticiasjornal"]},{"@type":"Person","@id":"https:\/\/jornalboasnoticias.com.br\/home\/#\/schema\/person\/d641193e0afc6405b390164dac847971","name":"Ana Luiza Bonatto","image":{"@type":"ImageObject","inLanguage":"pt-BR","@id":"https:\/\/secure.gravatar.com\/avatar\/8a055ebe6373371f67ac6fcf313c0ac0b0a91157fdcdb9514fa62927373348f0?s=96&d=mm&r=g","url":"https:\/\/secure.gravatar.com\/avatar\/8a055ebe6373371f67ac6fcf313c0ac0b0a91157fdcdb9514fa62927373348f0?s=96&d=mm&r=g","contentUrl":"https:\/\/secure.gravatar.com\/avatar\/8a055ebe6373371f67ac6fcf313c0ac0b0a91157fdcdb9514fa62927373348f0?s=96&d=mm&r=g","caption":"Ana Luiza Bonatto"},"url":"https:\/\/jornalboasnoticias.com.br\/home\/author\/ana-luiza\/"}]}},"_links":{"self":[{"href":"https:\/\/jornalboasnoticias.com.br\/home\/wp-json\/wp\/v2\/posts\/44549","targetHints":{"allow":["GET"]}}],"collection":[{"href":"https:\/\/jornalboasnoticias.com.br\/home\/wp-json\/wp\/v2\/posts"}],"about":[{"href":"https:\/\/jornalboasnoticias.com.br\/home\/wp-json\/wp\/v2\/types\/post"}],"author":[{"embeddable":true,"href":"https:\/\/jornalboasnoticias.com.br\/home\/wp-json\/wp\/v2\/users\/4"}],"replies":[{"embeddable":true,"href":"https:\/\/jornalboasnoticias.com.br\/home\/wp-json\/wp\/v2\/comments?post=44549"}],"version-history":[{"count":1,"href":"https:\/\/jornalboasnoticias.com.br\/home\/wp-json\/wp\/v2\/posts\/44549\/revisions"}],"predecessor-version":[{"id":44551,"href":"https:\/\/jornalboasnoticias.com.br\/home\/wp-json\/wp\/v2\/posts\/44549\/revisions\/44551"}],"wp:featuredmedia":[{"embeddable":true,"href":"https:\/\/jornalboasnoticias.com.br\/home\/wp-json\/wp\/v2\/media\/44550"}],"wp:attachment":[{"href":"https:\/\/jornalboasnoticias.com.br\/home\/wp-json\/wp\/v2\/media?parent=44549"}],"wp:term":[{"taxonomy":"category","embeddable":true,"href":"https:\/\/jornalboasnoticias.com.br\/home\/wp-json\/wp\/v2\/categories?post=44549"},{"taxonomy":"post_tag","embeddable":true,"href":"https:\/\/jornalboasnoticias.com.br\/home\/wp-json\/wp\/v2\/tags?post=44549"}],"curies":[{"name":"wp","href":"https:\/\/api.w.org\/{rel}","templated":true}]}}