{"id":44537,"date":"2024-10-25T12:05:47","date_gmt":"2024-10-25T12:05:47","guid":{"rendered":"https:\/\/jornalboasnoticias.com.br\/home\/?p=44537"},"modified":"2024-10-25T12:05:47","modified_gmt":"2024-10-25T12:05:47","slug":"estado-alcanca-r-175-milhoes-de-investimentos-nas-unidades-de-conservacao-em-2024","status":"publish","type":"post","link":"https:\/\/jornalboasnoticias.com.br\/home\/estado-alcanca-r-175-milhoes-de-investimentos-nas-unidades-de-conservacao-em-2024\/","title":{"rendered":"Estado alcan\u00e7a R$ 17,5 milh\u00f5es de investimentos nas Unidades de Conserva\u00e7\u00e3o em 2024"},"content":{"rendered":"<div class=\"not-escopo-destaque\">\n<div>\n<figure id=\"attachment_44538\" aria-describedby=\"caption-attachment-44538\" style=\"width: 2560px\" class=\"wp-caption alignnone\"><img loading=\"lazy\" decoding=\"async\" class=\"size-full wp-image-44538\" src=\"https:\/\/jornalboasnoticias.com.br\/home\/wp-content\/uploads\/2024\/10\/ilha_do_mel-34-scaled.jpg\" alt=\"\" width=\"2560\" height=\"1707\" srcset=\"https:\/\/jornalboasnoticias.com.br\/home\/wp-content\/uploads\/2024\/10\/ilha_do_mel-34-scaled.jpg 2560w, https:\/\/jornalboasnoticias.com.br\/home\/wp-content\/uploads\/2024\/10\/ilha_do_mel-34-300x200.jpg 300w, https:\/\/jornalboasnoticias.com.br\/home\/wp-content\/uploads\/2024\/10\/ilha_do_mel-34-1024x683.jpg 1024w, https:\/\/jornalboasnoticias.com.br\/home\/wp-content\/uploads\/2024\/10\/ilha_do_mel-34-768x512.jpg 768w, https:\/\/jornalboasnoticias.com.br\/home\/wp-content\/uploads\/2024\/10\/ilha_do_mel-34-1536x1024.jpg 1536w, https:\/\/jornalboasnoticias.com.br\/home\/wp-content\/uploads\/2024\/10\/ilha_do_mel-34-2048x1365.jpg 2048w, https:\/\/jornalboasnoticias.com.br\/home\/wp-content\/uploads\/2024\/10\/ilha_do_mel-34-900x600.jpg 900w\" sizes=\"auto, (max-width: 2560px) 100vw, 2560px\" \/><figcaption id=\"caption-attachment-44538\" class=\"wp-caption-text\">Foto: Gabriel Rosa\/AEN<\/figcaption><\/figure>\n<\/div>\n<\/div>\n<blockquote>\n<div class=\"not-escopo-destaque\">\n<div class=\"field field--name-field-escopo-destaque field--type-string-long field--label-hidden field--item\">Entre as principais interven\u00e7\u00f5es feitas pelo Instituto \u00c1gua e Terra (IAT) est\u00e3o obras de requalifica\u00e7\u00e3o da Ilha do Mel, com a revitaliza\u00e7\u00e3o da pra\u00e7a ao ar livre e da pra\u00e7a de alimenta\u00e7\u00e3o; a constru\u00e7\u00e3o de deck e passarela no Vale do Cod\u00f3, e pintura do receptivo da Floresta Estadual Metropolitana.<\/div>\n<\/div>\n<\/blockquote>\n<div>\n<p>O Governo do Estado, por meio do Instituto \u00c1gua e Terra (IAT), investiu R$ 17,5 milh\u00f5es at\u00e9 a primeira quinzena de outubro na melhoria da infraestrutura das Unidades de Conserva\u00e7\u00e3o do Paran\u00e1 em 2024. Entre as principais interven\u00e7\u00f5es em andamento est\u00e3o obras na<strong><a href=\"https:\/\/www.aen.pr.gov.br\/Noticia\/Estado-da-inicio-reestruturacao-de-pracas-e-centro-receptivo-de-turistas-na-Ilha-do-Mel\" target=\"_blank\" rel=\"noopener\">\u00a0Ilha do Mel<\/a><\/strong>,\u00a0em Paranagu\u00e1, no Litoral, como a revitaliza\u00e7\u00e3o da pra\u00e7a de alimenta\u00e7\u00e3o e da pra\u00e7a ao ar livre na Vila de Encantadas, a reestrutura\u00e7\u00e3o do receptivo para turistas em Nova Bras\u00edlia e a reforma do escrit\u00f3rio local do \u00f3rg\u00e3o ambiental.<\/p>\n<p>Al\u00e9m disso, foram finalizadas a pintura do receptivo na Floresta Estadual Metropolitana, em Piraquara, na Regi\u00e3o Metropolitana de Curitiba, e a constru\u00e7\u00e3o de deck e passarela com acessibilidade para portadores de algum tipo de dificuldade de locomo\u00e7\u00e3o no Parque Estadual Vale do Cod\u00f3, em Jaguaria\u00edva, nos Campos Gerais.<\/p>\n<p>As benfeitorias incluem, ainda, obras de menor impacto, como a reforma de banheiros, fachadas, alojamentos, garagem para ve\u00edculos e m\u00e1quinas e instala\u00e7\u00f5es el\u00e9tricas, al\u00e9m da aquisi\u00e7\u00e3o dos materiais necess\u00e1rios para a manuten\u00e7\u00e3o di\u00e1ria dos espa\u00e7os ambientais, como placas de sinaliza\u00e7\u00e3o, equipamentos e insumos.<\/p>\n<p>Uma outra fatia dos recursos foi aplicada na contrata\u00e7\u00e3o de projetos para obras que ter\u00e3o in\u00edcio em 2025. \u201cS\u00e3o iniciativas importantes de estrutura\u00e7\u00e3o das UCs para refor\u00e7ar o protagonismo do desenvolvimento sustent\u00e1vel no Paran\u00e1\u201d, destacou o diretor de Patrim\u00f4nio Natural do IAT, Rafael Andreguetto.<\/p>\n<p>\u201cO IAT vem realizando nos \u00faltimos anos investimentos importantes nos parques estaduais, seja na infraestrutura dos espa\u00e7os, na gest\u00e3o conjunta com as prefeituras municipais ou na divulga\u00e7\u00e3o do patrim\u00f4nio natural do Paran\u00e1. Queremos ampliar e melhorar o servi\u00e7o que \u00e9 prestado aos usu\u00e1rios\u201d, acrescentou o gerente de \u00c1reas Protegidas do Instituto, Jean Alex dos Santos.<\/p>\n<p><strong>COMPENSA\u00c7\u00c3O AMBIENTAL<\/strong>\u00a0\u2013 40% dos recursos usados para investimento nas UCs no per\u00edodo, cerca de R$ 7 milh\u00f5es, t\u00eam como fonte pagadora a compensa\u00e7\u00e3o ambiental, medida compensat\u00f3ria institu\u00edda pela pela Lei Federal n\u00ba 9.985\/2000 e aplicada para mitigar o impacto causado ao meio ambiente por determinadas atividades econ\u00f4micas, como minera\u00e7\u00e3o, explora\u00e7\u00e3o florestal e produ\u00e7\u00e3o de energia, entre outras.<\/p>\n<p>A Divis\u00e3o de Compensa\u00e7\u00e3o Ambiental e Uso P\u00fablico (DCA), vinculada \u00e0 Diretoria de Patrim\u00f4nio Natural do IAT, \u00e9 quem faz o c\u00e1lculo e a aplica\u00e7\u00e3o dos recursos. \u201cEssa medida tem como prop\u00f3sito recompensar a sociedade e garantir que as gera\u00e7\u00f5es futuras tenham acesso a um ambiente equilibrado e saud\u00e1vel, beneficiando diretamente a qualidade de vida da popula\u00e7\u00e3o e assegurando a continuidade dos servi\u00e7os ecossist\u00eamicos fundamentais para o bem-estar social\u201d, explica o coordenador da DCA, Guilherme Guimar\u00e3es.<\/p>\n<p>\u201cA responsabilidade do empreendedor, ent\u00e3o, vai al\u00e9m da mitiga\u00e7\u00e3o local. Ao pagar ele contribui diretamente para a preserva\u00e7\u00e3o de outras \u00e1reas, compensando, de certa forma, o dano causado\u201d, acrescenta ele.<\/p>\n<p><strong>\u00c1REA VERDE\u00a0<\/strong>\u2013 O Paran\u00e1 possui hoje 73 Unidades de Conserva\u00e7\u00e3o catalogadas pelo IAT, das quais 25 est\u00e3o atualmente abertas para visita\u00e7\u00e3o geral \u2013 a 74\u00aa,\u00a0<strong><a href=\"https:\/\/www.aen.pr.gov.br\/Noticia\/Refugio-da-Vida-Silvestre-dos-Guaras-Parana-vai-ganhar-74a-Unidade-de-Conservacao\" target=\"_blank\" rel=\"noopener\">Ref\u00fagio da Vida Silvestre dos Guar\u00e1s<\/a><\/strong>, em Guaratuba, est\u00e1 em fase final de cria\u00e7\u00e3o. Esse n\u00famero de unidades compreende mais de 26.250,42 km\u00b2 de \u00e1reas protegidas por legisla\u00e7\u00e3o, formadas por ecossistemas livres que n\u00e3o podem sofrer interfer\u00eancia humana ou aquelas com o uso sustent\u00e1vel de parte dos seus recursos naturais, como os parques abertos \u00e0 visita\u00e7\u00e3o p\u00fablica.<\/p>\n<p>Essas \u00e1reas de prote\u00e7\u00e3o s\u00e3o divididas em UCs estaduais de Uso Sustent\u00e1vel (10.470,74 km\u00b2), UCs estaduais de Prote\u00e7\u00e3o Integral (756,44 km\u00b2); \u00c1reas Especiais de Uso Regulamentado &#8211; Aresur (152,25 km\u00b2) e \u00c1reas Especiais e Interesse Tur\u00edstico &#8211; AEIT (com 670,35 km\u00b2), todas com administra\u00e7\u00e3o do Governo do Estado.<\/p>\n<p>O cen\u00e1rio se completa com as Reservas Particulares do Patrim\u00f4nio Natural, as chamadas RPPNs, que somam atualmente 553,83 km\u00b2; terras ind\u00edgenas, com 846,87 km\u00b2; e Unidades Federais, de 8.840,39 km\u00b2, sendo o Parque Nacional do Igua\u00e7u, em Foz do Igua\u00e7u, a \u00e1rea mais simb\u00f3lica; e Unidades Municipais (3.959,55 km\u00b2), como o Parque Barigui, em Curitiba.<\/p>\n<p>Mais informa\u00e7\u00f5es sobre os parques estaduais est\u00e3o dispon\u00edveis no\u00a0<strong><a class=\"0\" href=\"https:\/\/www.iat.pr.gov.br\/\" target=\"_blank\" rel=\"nofollow noopener\">site do IAT<\/a><\/strong>.<\/p>\n<p>(Ag\u00eancia Brasil)<\/p>\n<\/div>\n","protected":false},"excerpt":{"rendered":"<p>Entre as principais interven\u00e7\u00f5es feitas pelo Instituto \u00c1gua e Terra (IAT) est\u00e3o obras de requalifica\u00e7\u00e3o<\/p>\n","protected":false},"author":4,"featured_media":44538,"comment_status":"open","ping_status":"open","sticky":false,"template":"","format":"standard","meta":{"footnotes":""},"categories":[3,4],"tags":[],"class_list":["post-44537","post","type-post","status-publish","format-standard","has-post-thumbnail","hentry","category-destaques","category-parana"],"yoast_head":"<!-- This site is optimized with the Yoast SEO plugin v27.5 - https:\/\/yoast.com\/product\/yoast-seo-wordpress\/ -->\n<title>Estado alcan\u00e7a R$ 17,5 milh\u00f5es de investimentos nas Unidades de Conserva\u00e7\u00e3o em 2024 - Jornal<\/title>\n<meta name=\"description\" content=\"Estado alcan\u00e7a R$ 17,5 milh\u00f5es de investimentos nas Unidades de Conserva\u00e7\u00e3o em 2024\" \/>\n<meta name=\"robots\" content=\"index, follow, max-snippet:-1, max-image-preview:large, max-video-preview:-1\" \/>\n<link rel=\"canonical\" href=\"https:\/\/jornalboasnoticias.com.br\/home\/estado-alcanca-r-175-milhoes-de-investimentos-nas-unidades-de-conservacao-em-2024\/\" \/>\n<meta property=\"og:locale\" content=\"pt_BR\" \/>\n<meta property=\"og:type\" content=\"article\" \/>\n<meta property=\"og:title\" content=\"Estado alcan\u00e7a R$ 17,5 milh\u00f5es de investimentos nas Unidades de Conserva\u00e7\u00e3o em 2024 - Jornal\" \/>\n<meta property=\"og:description\" content=\"Estado alcan\u00e7a R$ 17,5 milh\u00f5es de investimentos nas Unidades de Conserva\u00e7\u00e3o em 2024\" \/>\n<meta property=\"og:url\" content=\"https:\/\/jornalboasnoticias.com.br\/home\/estado-alcanca-r-175-milhoes-de-investimentos-nas-unidades-de-conservacao-em-2024\/\" \/>\n<meta property=\"og:site_name\" content=\"Jornal\" \/>\n<meta property=\"article:publisher\" content=\"https:\/\/www.facebook.com\/boasnoticiasjornal\" \/>\n<meta property=\"article:published_time\" content=\"2024-10-25T12:05:47+00:00\" \/>\n<meta property=\"og:image\" content=\"https:\/\/jornalboasnoticias.com.br\/home\/wp-content\/uploads\/2024\/10\/ilha_do_mel-34-scaled.jpg\" \/>\n\t<meta property=\"og:image:width\" content=\"2560\" \/>\n\t<meta property=\"og:image:height\" content=\"1707\" \/>\n\t<meta property=\"og:image:type\" content=\"image\/jpeg\" \/>\n<meta name=\"author\" content=\"Ana Luiza Bonatto\" \/>\n<meta name=\"twitter:card\" content=\"summary_large_image\" \/>\n<meta name=\"twitter:label1\" content=\"Escrito por\" \/>\n\t<meta name=\"twitter:data1\" content=\"Ana Luiza Bonatto\" \/>\n\t<meta name=\"twitter:label2\" content=\"Est. tempo de leitura\" \/>\n\t<meta name=\"twitter:data2\" content=\"4 minutos\" \/>\n<script type=\"application\/ld+json\" class=\"yoast-schema-graph\">{\"@context\":\"https:\\\/\\\/schema.org\",\"@graph\":[{\"@type\":\"Article\",\"@id\":\"https:\\\/\\\/jornalboasnoticias.com.br\\\/home\\\/estado-alcanca-r-175-milhoes-de-investimentos-nas-unidades-de-conservacao-em-2024\\\/#article\",\"isPartOf\":{\"@id\":\"https:\\\/\\\/jornalboasnoticias.com.br\\\/home\\\/estado-alcanca-r-175-milhoes-de-investimentos-nas-unidades-de-conservacao-em-2024\\\/\"},\"author\":{\"name\":\"Ana Luiza Bonatto\",\"@id\":\"https:\\\/\\\/jornalboasnoticias.com.br\\\/home\\\/#\\\/schema\\\/person\\\/d641193e0afc6405b390164dac847971\"},\"headline\":\"Estado alcan\u00e7a R$ 17,5 milh\u00f5es de investimentos nas Unidades de Conserva\u00e7\u00e3o em 2024\",\"datePublished\":\"2024-10-25T12:05:47+00:00\",\"mainEntityOfPage\":{\"@id\":\"https:\\\/\\\/jornalboasnoticias.com.br\\\/home\\\/estado-alcanca-r-175-milhoes-de-investimentos-nas-unidades-de-conservacao-em-2024\\\/\"},\"wordCount\":796,\"commentCount\":0,\"publisher\":{\"@id\":\"https:\\\/\\\/jornalboasnoticias.com.br\\\/home\\\/#organization\"},\"image\":{\"@id\":\"https:\\\/\\\/jornalboasnoticias.com.br\\\/home\\\/estado-alcanca-r-175-milhoes-de-investimentos-nas-unidades-de-conservacao-em-2024\\\/#primaryimage\"},\"thumbnailUrl\":\"https:\\\/\\\/jornalboasnoticias.com.br\\\/home\\\/wp-content\\\/uploads\\\/2024\\\/10\\\/ilha_do_mel-34-scaled.jpg\",\"articleSection\":[\"DESTAQUE\",\"PARAN\u00c1\"],\"inLanguage\":\"pt-BR\",\"potentialAction\":[{\"@type\":\"CommentAction\",\"name\":\"Comment\",\"target\":[\"https:\\\/\\\/jornalboasnoticias.com.br\\\/home\\\/estado-alcanca-r-175-milhoes-de-investimentos-nas-unidades-de-conservacao-em-2024\\\/#respond\"]}]},{\"@type\":\"WebPage\",\"@id\":\"https:\\\/\\\/jornalboasnoticias.com.br\\\/home\\\/estado-alcanca-r-175-milhoes-de-investimentos-nas-unidades-de-conservacao-em-2024\\\/\",\"url\":\"https:\\\/\\\/jornalboasnoticias.com.br\\\/home\\\/estado-alcanca-r-175-milhoes-de-investimentos-nas-unidades-de-conservacao-em-2024\\\/\",\"name\":\"Estado alcan\u00e7a R$ 17,5 milh\u00f5es de investimentos nas Unidades de Conserva\u00e7\u00e3o em 2024 - Jornal\",\"isPartOf\":{\"@id\":\"https:\\\/\\\/jornalboasnoticias.com.br\\\/home\\\/#website\"},\"primaryImageOfPage\":{\"@id\":\"https:\\\/\\\/jornalboasnoticias.com.br\\\/home\\\/estado-alcanca-r-175-milhoes-de-investimentos-nas-unidades-de-conservacao-em-2024\\\/#primaryimage\"},\"image\":{\"@id\":\"https:\\\/\\\/jornalboasnoticias.com.br\\\/home\\\/estado-alcanca-r-175-milhoes-de-investimentos-nas-unidades-de-conservacao-em-2024\\\/#primaryimage\"},\"thumbnailUrl\":\"https:\\\/\\\/jornalboasnoticias.com.br\\\/home\\\/wp-content\\\/uploads\\\/2024\\\/10\\\/ilha_do_mel-34-scaled.jpg\",\"datePublished\":\"2024-10-25T12:05:47+00:00\",\"description\":\"Estado alcan\u00e7a R$ 17,5 milh\u00f5es de investimentos nas Unidades de Conserva\u00e7\u00e3o em 2024\",\"breadcrumb\":{\"@id\":\"https:\\\/\\\/jornalboasnoticias.com.br\\\/home\\\/estado-alcanca-r-175-milhoes-de-investimentos-nas-unidades-de-conservacao-em-2024\\\/#breadcrumb\"},\"inLanguage\":\"pt-BR\",\"potentialAction\":[{\"@type\":\"ReadAction\",\"target\":[\"https:\\\/\\\/jornalboasnoticias.com.br\\\/home\\\/estado-alcanca-r-175-milhoes-de-investimentos-nas-unidades-de-conservacao-em-2024\\\/\"]}]},{\"@type\":\"ImageObject\",\"inLanguage\":\"pt-BR\",\"@id\":\"https:\\\/\\\/jornalboasnoticias.com.br\\\/home\\\/estado-alcanca-r-175-milhoes-de-investimentos-nas-unidades-de-conservacao-em-2024\\\/#primaryimage\",\"url\":\"https:\\\/\\\/jornalboasnoticias.com.br\\\/home\\\/wp-content\\\/uploads\\\/2024\\\/10\\\/ilha_do_mel-34-scaled.jpg\",\"contentUrl\":\"https:\\\/\\\/jornalboasnoticias.com.br\\\/home\\\/wp-content\\\/uploads\\\/2024\\\/10\\\/ilha_do_mel-34-scaled.jpg\",\"width\":2560,\"height\":1707,\"caption\":\"Foto: Gabriel Rosa\\\/AEN\"},{\"@type\":\"BreadcrumbList\",\"@id\":\"https:\\\/\\\/jornalboasnoticias.com.br\\\/home\\\/estado-alcanca-r-175-milhoes-de-investimentos-nas-unidades-de-conservacao-em-2024\\\/#breadcrumb\",\"itemListElement\":[{\"@type\":\"ListItem\",\"position\":1,\"name\":\"In\u00edcio\",\"item\":\"https:\\\/\\\/jornalboasnoticias.com.br\\\/home\\\/\"},{\"@type\":\"ListItem\",\"position\":2,\"name\":\"Estado alcan\u00e7a R$ 17,5 milh\u00f5es de investimentos nas Unidades de Conserva\u00e7\u00e3o em 2024\"}]},{\"@type\":\"WebSite\",\"@id\":\"https:\\\/\\\/jornalboasnoticias.com.br\\\/home\\\/#website\",\"url\":\"https:\\\/\\\/jornalboasnoticias.com.br\\\/home\\\/\",\"name\":\"Jornal Boas Not\u00edcias\",\"description\":\"Boas not\u00edcias\",\"publisher\":{\"@id\":\"https:\\\/\\\/jornalboasnoticias.com.br\\\/home\\\/#organization\"},\"potentialAction\":[{\"@type\":\"SearchAction\",\"target\":{\"@type\":\"EntryPoint\",\"urlTemplate\":\"https:\\\/\\\/jornalboasnoticias.com.br\\\/home\\\/?s={search_term_string}\"},\"query-input\":{\"@type\":\"PropertyValueSpecification\",\"valueRequired\":true,\"valueName\":\"search_term_string\"}}],\"inLanguage\":\"pt-BR\"},{\"@type\":\"Organization\",\"@id\":\"https:\\\/\\\/jornalboasnoticias.com.br\\\/home\\\/#organization\",\"name\":\"Coq Editora Ltda\",\"alternateName\":\"Jornal Boas Noticias\",\"url\":\"https:\\\/\\\/jornalboasnoticias.com.br\\\/home\\\/\",\"logo\":{\"@type\":\"ImageObject\",\"inLanguage\":\"pt-BR\",\"@id\":\"https:\\\/\\\/jornalboasnoticias.com.br\\\/home\\\/#\\\/schema\\\/logo\\\/image\\\/\",\"url\":\"https:\\\/\\\/jornalboasnoticias.com.br\\\/home\\\/wp-content\\\/uploads\\\/2024\\\/07\\\/cropped-logo.jpg\",\"contentUrl\":\"https:\\\/\\\/jornalboasnoticias.com.br\\\/home\\\/wp-content\\\/uploads\\\/2024\\\/07\\\/cropped-logo.jpg\",\"width\":290,\"height\":142,\"caption\":\"Coq Editora Ltda\"},\"image\":{\"@id\":\"https:\\\/\\\/jornalboasnoticias.com.br\\\/home\\\/#\\\/schema\\\/logo\\\/image\\\/\"},\"sameAs\":[\"https:\\\/\\\/www.facebook.com\\\/boasnoticiasjornal\"]},{\"@type\":\"Person\",\"@id\":\"https:\\\/\\\/jornalboasnoticias.com.br\\\/home\\\/#\\\/schema\\\/person\\\/d641193e0afc6405b390164dac847971\",\"name\":\"Ana Luiza Bonatto\",\"image\":{\"@type\":\"ImageObject\",\"inLanguage\":\"pt-BR\",\"@id\":\"https:\\\/\\\/secure.gravatar.com\\\/avatar\\\/8a055ebe6373371f67ac6fcf313c0ac0b0a91157fdcdb9514fa62927373348f0?s=96&d=mm&r=g\",\"url\":\"https:\\\/\\\/secure.gravatar.com\\\/avatar\\\/8a055ebe6373371f67ac6fcf313c0ac0b0a91157fdcdb9514fa62927373348f0?s=96&d=mm&r=g\",\"contentUrl\":\"https:\\\/\\\/secure.gravatar.com\\\/avatar\\\/8a055ebe6373371f67ac6fcf313c0ac0b0a91157fdcdb9514fa62927373348f0?s=96&d=mm&r=g\",\"caption\":\"Ana Luiza Bonatto\"},\"url\":\"https:\\\/\\\/jornalboasnoticias.com.br\\\/home\\\/author\\\/ana-luiza\\\/\"}]}<\/script>\n<!-- \/ Yoast SEO plugin. -->","yoast_head_json":{"title":"Estado alcan\u00e7a R$ 17,5 milh\u00f5es de investimentos nas Unidades de Conserva\u00e7\u00e3o em 2024 - Jornal","description":"Estado alcan\u00e7a R$ 17,5 milh\u00f5es de investimentos nas Unidades de Conserva\u00e7\u00e3o em 2024","robots":{"index":"index","follow":"follow","max-snippet":"max-snippet:-1","max-image-preview":"max-image-preview:large","max-video-preview":"max-video-preview:-1"},"canonical":"https:\/\/jornalboasnoticias.com.br\/home\/estado-alcanca-r-175-milhoes-de-investimentos-nas-unidades-de-conservacao-em-2024\/","og_locale":"pt_BR","og_type":"article","og_title":"Estado alcan\u00e7a R$ 17,5 milh\u00f5es de investimentos nas Unidades de Conserva\u00e7\u00e3o em 2024 - Jornal","og_description":"Estado alcan\u00e7a R$ 17,5 milh\u00f5es de investimentos nas Unidades de Conserva\u00e7\u00e3o em 2024","og_url":"https:\/\/jornalboasnoticias.com.br\/home\/estado-alcanca-r-175-milhoes-de-investimentos-nas-unidades-de-conservacao-em-2024\/","og_site_name":"Jornal","article_publisher":"https:\/\/www.facebook.com\/boasnoticiasjornal","article_published_time":"2024-10-25T12:05:47+00:00","og_image":[{"width":2560,"height":1707,"url":"https:\/\/jornalboasnoticias.com.br\/home\/wp-content\/uploads\/2024\/10\/ilha_do_mel-34-scaled.jpg","type":"image\/jpeg"}],"author":"Ana Luiza Bonatto","twitter_card":"summary_large_image","twitter_misc":{"Escrito por":"Ana Luiza Bonatto","Est. tempo de leitura":"4 minutos"},"schema":{"@context":"https:\/\/schema.org","@graph":[{"@type":"Article","@id":"https:\/\/jornalboasnoticias.com.br\/home\/estado-alcanca-r-175-milhoes-de-investimentos-nas-unidades-de-conservacao-em-2024\/#article","isPartOf":{"@id":"https:\/\/jornalboasnoticias.com.br\/home\/estado-alcanca-r-175-milhoes-de-investimentos-nas-unidades-de-conservacao-em-2024\/"},"author":{"name":"Ana Luiza Bonatto","@id":"https:\/\/jornalboasnoticias.com.br\/home\/#\/schema\/person\/d641193e0afc6405b390164dac847971"},"headline":"Estado alcan\u00e7a R$ 17,5 milh\u00f5es de investimentos nas Unidades de Conserva\u00e7\u00e3o em 2024","datePublished":"2024-10-25T12:05:47+00:00","mainEntityOfPage":{"@id":"https:\/\/jornalboasnoticias.com.br\/home\/estado-alcanca-r-175-milhoes-de-investimentos-nas-unidades-de-conservacao-em-2024\/"},"wordCount":796,"commentCount":0,"publisher":{"@id":"https:\/\/jornalboasnoticias.com.br\/home\/#organization"},"image":{"@id":"https:\/\/jornalboasnoticias.com.br\/home\/estado-alcanca-r-175-milhoes-de-investimentos-nas-unidades-de-conservacao-em-2024\/#primaryimage"},"thumbnailUrl":"https:\/\/jornalboasnoticias.com.br\/home\/wp-content\/uploads\/2024\/10\/ilha_do_mel-34-scaled.jpg","articleSection":["DESTAQUE","PARAN\u00c1"],"inLanguage":"pt-BR","potentialAction":[{"@type":"CommentAction","name":"Comment","target":["https:\/\/jornalboasnoticias.com.br\/home\/estado-alcanca-r-175-milhoes-de-investimentos-nas-unidades-de-conservacao-em-2024\/#respond"]}]},{"@type":"WebPage","@id":"https:\/\/jornalboasnoticias.com.br\/home\/estado-alcanca-r-175-milhoes-de-investimentos-nas-unidades-de-conservacao-em-2024\/","url":"https:\/\/jornalboasnoticias.com.br\/home\/estado-alcanca-r-175-milhoes-de-investimentos-nas-unidades-de-conservacao-em-2024\/","name":"Estado alcan\u00e7a R$ 17,5 milh\u00f5es de investimentos nas Unidades de Conserva\u00e7\u00e3o em 2024 - Jornal","isPartOf":{"@id":"https:\/\/jornalboasnoticias.com.br\/home\/#website"},"primaryImageOfPage":{"@id":"https:\/\/jornalboasnoticias.com.br\/home\/estado-alcanca-r-175-milhoes-de-investimentos-nas-unidades-de-conservacao-em-2024\/#primaryimage"},"image":{"@id":"https:\/\/jornalboasnoticias.com.br\/home\/estado-alcanca-r-175-milhoes-de-investimentos-nas-unidades-de-conservacao-em-2024\/#primaryimage"},"thumbnailUrl":"https:\/\/jornalboasnoticias.com.br\/home\/wp-content\/uploads\/2024\/10\/ilha_do_mel-34-scaled.jpg","datePublished":"2024-10-25T12:05:47+00:00","description":"Estado alcan\u00e7a R$ 17,5 milh\u00f5es de investimentos nas Unidades de Conserva\u00e7\u00e3o em 2024","breadcrumb":{"@id":"https:\/\/jornalboasnoticias.com.br\/home\/estado-alcanca-r-175-milhoes-de-investimentos-nas-unidades-de-conservacao-em-2024\/#breadcrumb"},"inLanguage":"pt-BR","potentialAction":[{"@type":"ReadAction","target":["https:\/\/jornalboasnoticias.com.br\/home\/estado-alcanca-r-175-milhoes-de-investimentos-nas-unidades-de-conservacao-em-2024\/"]}]},{"@type":"ImageObject","inLanguage":"pt-BR","@id":"https:\/\/jornalboasnoticias.com.br\/home\/estado-alcanca-r-175-milhoes-de-investimentos-nas-unidades-de-conservacao-em-2024\/#primaryimage","url":"https:\/\/jornalboasnoticias.com.br\/home\/wp-content\/uploads\/2024\/10\/ilha_do_mel-34-scaled.jpg","contentUrl":"https:\/\/jornalboasnoticias.com.br\/home\/wp-content\/uploads\/2024\/10\/ilha_do_mel-34-scaled.jpg","width":2560,"height":1707,"caption":"Foto: Gabriel Rosa\/AEN"},{"@type":"BreadcrumbList","@id":"https:\/\/jornalboasnoticias.com.br\/home\/estado-alcanca-r-175-milhoes-de-investimentos-nas-unidades-de-conservacao-em-2024\/#breadcrumb","itemListElement":[{"@type":"ListItem","position":1,"name":"In\u00edcio","item":"https:\/\/jornalboasnoticias.com.br\/home\/"},{"@type":"ListItem","position":2,"name":"Estado alcan\u00e7a R$ 17,5 milh\u00f5es de investimentos nas Unidades de Conserva\u00e7\u00e3o em 2024"}]},{"@type":"WebSite","@id":"https:\/\/jornalboasnoticias.com.br\/home\/#website","url":"https:\/\/jornalboasnoticias.com.br\/home\/","name":"Jornal Boas Not\u00edcias","description":"Boas not\u00edcias","publisher":{"@id":"https:\/\/jornalboasnoticias.com.br\/home\/#organization"},"potentialAction":[{"@type":"SearchAction","target":{"@type":"EntryPoint","urlTemplate":"https:\/\/jornalboasnoticias.com.br\/home\/?s={search_term_string}"},"query-input":{"@type":"PropertyValueSpecification","valueRequired":true,"valueName":"search_term_string"}}],"inLanguage":"pt-BR"},{"@type":"Organization","@id":"https:\/\/jornalboasnoticias.com.br\/home\/#organization","name":"Coq Editora Ltda","alternateName":"Jornal Boas Noticias","url":"https:\/\/jornalboasnoticias.com.br\/home\/","logo":{"@type":"ImageObject","inLanguage":"pt-BR","@id":"https:\/\/jornalboasnoticias.com.br\/home\/#\/schema\/logo\/image\/","url":"https:\/\/jornalboasnoticias.com.br\/home\/wp-content\/uploads\/2024\/07\/cropped-logo.jpg","contentUrl":"https:\/\/jornalboasnoticias.com.br\/home\/wp-content\/uploads\/2024\/07\/cropped-logo.jpg","width":290,"height":142,"caption":"Coq Editora Ltda"},"image":{"@id":"https:\/\/jornalboasnoticias.com.br\/home\/#\/schema\/logo\/image\/"},"sameAs":["https:\/\/www.facebook.com\/boasnoticiasjornal"]},{"@type":"Person","@id":"https:\/\/jornalboasnoticias.com.br\/home\/#\/schema\/person\/d641193e0afc6405b390164dac847971","name":"Ana Luiza Bonatto","image":{"@type":"ImageObject","inLanguage":"pt-BR","@id":"https:\/\/secure.gravatar.com\/avatar\/8a055ebe6373371f67ac6fcf313c0ac0b0a91157fdcdb9514fa62927373348f0?s=96&d=mm&r=g","url":"https:\/\/secure.gravatar.com\/avatar\/8a055ebe6373371f67ac6fcf313c0ac0b0a91157fdcdb9514fa62927373348f0?s=96&d=mm&r=g","contentUrl":"https:\/\/secure.gravatar.com\/avatar\/8a055ebe6373371f67ac6fcf313c0ac0b0a91157fdcdb9514fa62927373348f0?s=96&d=mm&r=g","caption":"Ana Luiza Bonatto"},"url":"https:\/\/jornalboasnoticias.com.br\/home\/author\/ana-luiza\/"}]}},"_links":{"self":[{"href":"https:\/\/jornalboasnoticias.com.br\/home\/wp-json\/wp\/v2\/posts\/44537","targetHints":{"allow":["GET"]}}],"collection":[{"href":"https:\/\/jornalboasnoticias.com.br\/home\/wp-json\/wp\/v2\/posts"}],"about":[{"href":"https:\/\/jornalboasnoticias.com.br\/home\/wp-json\/wp\/v2\/types\/post"}],"author":[{"embeddable":true,"href":"https:\/\/jornalboasnoticias.com.br\/home\/wp-json\/wp\/v2\/users\/4"}],"replies":[{"embeddable":true,"href":"https:\/\/jornalboasnoticias.com.br\/home\/wp-json\/wp\/v2\/comments?post=44537"}],"version-history":[{"count":1,"href":"https:\/\/jornalboasnoticias.com.br\/home\/wp-json\/wp\/v2\/posts\/44537\/revisions"}],"predecessor-version":[{"id":44539,"href":"https:\/\/jornalboasnoticias.com.br\/home\/wp-json\/wp\/v2\/posts\/44537\/revisions\/44539"}],"wp:featuredmedia":[{"embeddable":true,"href":"https:\/\/jornalboasnoticias.com.br\/home\/wp-json\/wp\/v2\/media\/44538"}],"wp:attachment":[{"href":"https:\/\/jornalboasnoticias.com.br\/home\/wp-json\/wp\/v2\/media?parent=44537"}],"wp:term":[{"taxonomy":"category","embeddable":true,"href":"https:\/\/jornalboasnoticias.com.br\/home\/wp-json\/wp\/v2\/categories?post=44537"},{"taxonomy":"post_tag","embeddable":true,"href":"https:\/\/jornalboasnoticias.com.br\/home\/wp-json\/wp\/v2\/tags?post=44537"}],"curies":[{"name":"wp","href":"https:\/\/api.w.org\/{rel}","templated":true}]}}