{"id":44534,"date":"2024-10-25T12:03:35","date_gmt":"2024-10-25T12:03:35","guid":{"rendered":"https:\/\/jornalboasnoticias.com.br\/home\/?p=44534"},"modified":"2024-10-25T12:03:35","modified_gmt":"2024-10-25T12:03:35","slug":"b20-discute-regulacao-da-ia-e-empresas-de-tecnologia-pedem-dialogo","status":"publish","type":"post","link":"https:\/\/jornalboasnoticias.com.br\/home\/b20-discute-regulacao-da-ia-e-empresas-de-tecnologia-pedem-dialogo\/","title":{"rendered":"B20 discute regula\u00e7\u00e3o da IA e empresas de tecnologia pedem di\u00e1logo"},"content":{"rendered":"<div class=\"header-noticia full-width\">\n<div>\n<figure id=\"attachment_44535\" aria-describedby=\"caption-attachment-44535\" style=\"width: 1170px\" class=\"wp-caption alignnone\"><img loading=\"lazy\" decoding=\"async\" class=\"size-full wp-image-44535\" src=\"https:\/\/jornalboasnoticias.com.br\/home\/wp-content\/uploads\/2024\/10\/b20_08.webp\" alt=\"\" width=\"1170\" height=\"700\" srcset=\"https:\/\/jornalboasnoticias.com.br\/home\/wp-content\/uploads\/2024\/10\/b20_08.webp 1170w, https:\/\/jornalboasnoticias.com.br\/home\/wp-content\/uploads\/2024\/10\/b20_08-300x179.webp 300w, https:\/\/jornalboasnoticias.com.br\/home\/wp-content\/uploads\/2024\/10\/b20_08-1024x613.webp 1024w, https:\/\/jornalboasnoticias.com.br\/home\/wp-content\/uploads\/2024\/10\/b20_08-768x459.webp 768w\" sizes=\"auto, (max-width: 1170px) 100vw, 1170px\" \/><figcaption id=\"caption-attachment-44535\" class=\"wp-caption-text\">\u00a9 Paulo Pinto\/Ag\u00eancia Brasil<\/figcaption><\/figure>\n<\/div>\n<\/div>\n<blockquote>\n<div class=\"header-noticia full-width\">\n<div class=\"linha-fina-noticia\">Recomenda\u00e7\u00f5es ser\u00e3o levadas ao encontro do G20, em novembro<\/div>\n<\/div>\n<\/blockquote>\n<div>\n<p>\u00a0O B20 Summit \u2013 um dos eventos preparat\u00f3rios para a 19\u00aa reuni\u00e3o de c\u00fapula do G20 no Brasil \u2013 discutiu nesta quinta-feira (24), na capital paulista, a regula\u00e7\u00e3o da intelig\u00eancia artificial (IA). L\u00edderes de grandes empresas de tecnologia apresentaram suas vis\u00f5es sobre o tema, pediram di\u00e1logo com os governos e reivindicaram que a regula\u00e7\u00e3o n\u00e3o atrapalhe o desenvolvimento da IA.<img decoding=\"async\" src=\"https:\/\/agenciabrasil.ebc.com.br\/ebc.png?id=1616878&amp;o=node\" \/><img decoding=\"async\" src=\"https:\/\/agenciabrasil.ebc.com.br\/ebc.gif?id=1616878&amp;o=node\" \/><\/p>\n<blockquote><p>\u201cH\u00e1 muita ret\u00f3rica em torno dos perigos e preocupa\u00e7\u00f5es em torno da IA. As pessoas t\u00eam direito de se preocuparem, mas eu acho que precisamos novamente sermos ousados e respons\u00e1veis. A responsabilidade acontece quando voc\u00ea se engaja com os regulamentadores ou legisladores. E temos tido discuss\u00f5es com o Congresso Nacional, com o Parlamento, com o Tribunal Superior Eleitoral. \u00c9 importante discutirmos a IA para garantir que ela seja uma ferramenta positiva para a sociedade brasileira\u201d, destacou o presidente do Google Brasil, F\u00e1bio Coelho.<\/p><\/blockquote>\n<p>Para Coelho, a regulamenta\u00e7\u00e3o deve ser\u00a0&#8220;boa o suficiente para dar continuidade a evolu\u00e7\u00e3o que tivemos desde 10 anos atr\u00e1s, desde que tivemos o Marco Civil [da Internet no Brasil]\u201d.<\/p>\n<p>Sancionado em 2014, o\u00a0<a href=\"https:\/\/agenciabrasil.ebc.com.br\/geral\/noticia\/2024-04\/marco-civil-da-internet-completa-10-anos\" target=\"_blank\" rel=\"noopener\">Marco Civil da Internet<\/a>\u00a0completou dez anos no \u00faltimo m\u00eas de abril. O conjunto de leis definiu os princ\u00edpios para a regula\u00e7\u00e3o da internet no pa\u00eds, entre eles, os relativos \u00e0 prote\u00e7\u00e3o da privacidade e dos dados pessoais de usu\u00e1rios, assegurando a eles direitos e garantias.<\/p>\n<p>O presidente do Google Brasil ressaltou ainda que a regula\u00e7\u00e3o da IA ter\u00e1 impactos geopol\u00edticos no mundo e ser\u00e1 determinante para o fluxo de produ\u00e7\u00e3o de tecnologia. \u201cO pa\u00eds ter\u00e1 mais capacidade de gerar valor se for um produtor de tecnologia ou um importador de tecnologia. No caso do Brasil, temos um pa\u00eds em que temos a capacidade de ter um salto enorme. Algumas pessoas n\u00e3o querem reconhecer isso, mas a sociedade brasileira \u00e9 altamente digital\u201d, disse.<\/p>\n<p>Fariba Wells, vice-presidente de Assuntos e Pol\u00edticas Governamentais Globais da Kyndryl, a maior fornecedora mundial de servi\u00e7os de infraestrutura de tecnologia da informa\u00e7\u00e3o, pediu equil\u00edbrio na regula\u00e7\u00e3o da IA e disse que o processo na Uni\u00e3o Europeia deve ser analisado com cuidado.<\/p>\n<p>Em maio, a Uni\u00e3o Europeia aprovou regras sobre a Intelig\u00eancia Artificial que dever\u00e3o entrar em vigor ainda em 2024. A legisla\u00e7\u00e3o europeia imp\u00f5e obriga\u00e7\u00f5es de transpar\u00eancia aos sistemas de IA, com multas que variam de 7,5 milh\u00f5es de euros a 7% do faturamento global das empresas acusadas de viola\u00e7\u00f5es.<\/p>\n<blockquote><p>\u201cTodo mundo que tem uma entidade regulamentada, a primeira coisa que voc\u00ea ouve \u00e9 que h\u00e1 regras demais, h\u00e1 entidades demais a serem informadas. Precisamos de harmoniza\u00e7\u00e3o. Os governos tendem a regulamentar muito. \u00c9 isso que vemos com o IA. Precisamos prestar aten\u00e7\u00e3o naquilo que os europeus est\u00e3o fazendo\u201d, disse.<\/p><\/blockquote>\n<p>O Business 20 (B20) \u00e9 o f\u00f3rum oficial de di\u00e1logo do G20 com a comunidade empresarial. O grupo \u00e9 composto por cerca de mil representantes empresariais dos pa\u00edses do G20, de pa\u00edses convidados e organiza\u00e7\u00f5es internacionais. O B20 transmitir\u00e1 oficialmente as suas recomenda\u00e7\u00f5es \u00e0 presid\u00eancia do G20 no encontro que ocorrer\u00e1 no Brasil, em novembro.<\/p>\n<p>(Ag\u00eancia Brasil)<\/p>\n<\/div>\n","protected":false},"excerpt":{"rendered":"<p>Recomenda\u00e7\u00f5es ser\u00e3o levadas ao encontro do G20, em novembro \u00a0O B20 Summit \u2013 um dos<\/p>\n","protected":false},"author":4,"featured_media":44535,"comment_status":"open","ping_status":"open","sticky":false,"template":"","format":"standard","meta":{"footnotes":""},"categories":[3,5],"tags":[],"class_list":["post-44534","post","type-post","status-publish","format-standard","has-post-thumbnail","hentry","category-destaques","category-economia"],"yoast_head":"<!-- This site is optimized with the Yoast SEO plugin v27.5 - https:\/\/yoast.com\/product\/yoast-seo-wordpress\/ -->\n<title>B20 discute regula\u00e7\u00e3o da IA e empresas de tecnologia pedem di\u00e1logo - Jornal<\/title>\n<meta name=\"description\" content=\"B20 discute regula\u00e7\u00e3o da IA e empresas de tecnologia pedem di\u00e1logo\" \/>\n<meta name=\"robots\" content=\"index, follow, max-snippet:-1, max-image-preview:large, max-video-preview:-1\" \/>\n<link rel=\"canonical\" href=\"https:\/\/jornalboasnoticias.com.br\/home\/b20-discute-regulacao-da-ia-e-empresas-de-tecnologia-pedem-dialogo\/\" \/>\n<meta property=\"og:locale\" content=\"pt_BR\" \/>\n<meta property=\"og:type\" content=\"article\" \/>\n<meta property=\"og:title\" content=\"B20 discute regula\u00e7\u00e3o da IA e empresas de tecnologia pedem di\u00e1logo - Jornal\" \/>\n<meta property=\"og:description\" content=\"B20 discute regula\u00e7\u00e3o da IA e empresas de tecnologia pedem di\u00e1logo\" \/>\n<meta property=\"og:url\" content=\"https:\/\/jornalboasnoticias.com.br\/home\/b20-discute-regulacao-da-ia-e-empresas-de-tecnologia-pedem-dialogo\/\" \/>\n<meta property=\"og:site_name\" content=\"Jornal\" \/>\n<meta property=\"article:publisher\" content=\"https:\/\/www.facebook.com\/boasnoticiasjornal\" \/>\n<meta property=\"article:published_time\" content=\"2024-10-25T12:03:35+00:00\" \/>\n<meta property=\"og:image\" content=\"https:\/\/jornalboasnoticias.com.br\/home\/wp-content\/uploads\/2024\/10\/b20_08.webp\" \/>\n\t<meta property=\"og:image:width\" content=\"1170\" \/>\n\t<meta property=\"og:image:height\" content=\"700\" \/>\n\t<meta property=\"og:image:type\" content=\"image\/webp\" \/>\n<meta name=\"author\" content=\"Ana Luiza Bonatto\" \/>\n<meta name=\"twitter:card\" content=\"summary_large_image\" \/>\n<meta name=\"twitter:label1\" content=\"Escrito por\" \/>\n\t<meta name=\"twitter:data1\" content=\"Ana Luiza Bonatto\" \/>\n\t<meta name=\"twitter:label2\" content=\"Est. tempo de leitura\" \/>\n\t<meta name=\"twitter:data2\" content=\"3 minutos\" \/>\n<script type=\"application\/ld+json\" class=\"yoast-schema-graph\">{\"@context\":\"https:\\\/\\\/schema.org\",\"@graph\":[{\"@type\":\"Article\",\"@id\":\"https:\\\/\\\/jornalboasnoticias.com.br\\\/home\\\/b20-discute-regulacao-da-ia-e-empresas-de-tecnologia-pedem-dialogo\\\/#article\",\"isPartOf\":{\"@id\":\"https:\\\/\\\/jornalboasnoticias.com.br\\\/home\\\/b20-discute-regulacao-da-ia-e-empresas-de-tecnologia-pedem-dialogo\\\/\"},\"author\":{\"name\":\"Ana Luiza Bonatto\",\"@id\":\"https:\\\/\\\/jornalboasnoticias.com.br\\\/home\\\/#\\\/schema\\\/person\\\/d641193e0afc6405b390164dac847971\"},\"headline\":\"B20 discute regula\u00e7\u00e3o da IA e empresas de tecnologia pedem di\u00e1logo\",\"datePublished\":\"2024-10-25T12:03:35+00:00\",\"mainEntityOfPage\":{\"@id\":\"https:\\\/\\\/jornalboasnoticias.com.br\\\/home\\\/b20-discute-regulacao-da-ia-e-empresas-de-tecnologia-pedem-dialogo\\\/\"},\"wordCount\":573,\"commentCount\":0,\"publisher\":{\"@id\":\"https:\\\/\\\/jornalboasnoticias.com.br\\\/home\\\/#organization\"},\"image\":{\"@id\":\"https:\\\/\\\/jornalboasnoticias.com.br\\\/home\\\/b20-discute-regulacao-da-ia-e-empresas-de-tecnologia-pedem-dialogo\\\/#primaryimage\"},\"thumbnailUrl\":\"https:\\\/\\\/jornalboasnoticias.com.br\\\/home\\\/wp-content\\\/uploads\\\/2024\\\/10\\\/b20_08.webp\",\"articleSection\":[\"DESTAQUE\",\"ECONOMIA\"],\"inLanguage\":\"pt-BR\",\"potentialAction\":[{\"@type\":\"CommentAction\",\"name\":\"Comment\",\"target\":[\"https:\\\/\\\/jornalboasnoticias.com.br\\\/home\\\/b20-discute-regulacao-da-ia-e-empresas-de-tecnologia-pedem-dialogo\\\/#respond\"]}]},{\"@type\":\"WebPage\",\"@id\":\"https:\\\/\\\/jornalboasnoticias.com.br\\\/home\\\/b20-discute-regulacao-da-ia-e-empresas-de-tecnologia-pedem-dialogo\\\/\",\"url\":\"https:\\\/\\\/jornalboasnoticias.com.br\\\/home\\\/b20-discute-regulacao-da-ia-e-empresas-de-tecnologia-pedem-dialogo\\\/\",\"name\":\"B20 discute regula\u00e7\u00e3o da IA e empresas de tecnologia pedem di\u00e1logo - Jornal\",\"isPartOf\":{\"@id\":\"https:\\\/\\\/jornalboasnoticias.com.br\\\/home\\\/#website\"},\"primaryImageOfPage\":{\"@id\":\"https:\\\/\\\/jornalboasnoticias.com.br\\\/home\\\/b20-discute-regulacao-da-ia-e-empresas-de-tecnologia-pedem-dialogo\\\/#primaryimage\"},\"image\":{\"@id\":\"https:\\\/\\\/jornalboasnoticias.com.br\\\/home\\\/b20-discute-regulacao-da-ia-e-empresas-de-tecnologia-pedem-dialogo\\\/#primaryimage\"},\"thumbnailUrl\":\"https:\\\/\\\/jornalboasnoticias.com.br\\\/home\\\/wp-content\\\/uploads\\\/2024\\\/10\\\/b20_08.webp\",\"datePublished\":\"2024-10-25T12:03:35+00:00\",\"description\":\"B20 discute regula\u00e7\u00e3o da IA e empresas de tecnologia pedem di\u00e1logo\",\"breadcrumb\":{\"@id\":\"https:\\\/\\\/jornalboasnoticias.com.br\\\/home\\\/b20-discute-regulacao-da-ia-e-empresas-de-tecnologia-pedem-dialogo\\\/#breadcrumb\"},\"inLanguage\":\"pt-BR\",\"potentialAction\":[{\"@type\":\"ReadAction\",\"target\":[\"https:\\\/\\\/jornalboasnoticias.com.br\\\/home\\\/b20-discute-regulacao-da-ia-e-empresas-de-tecnologia-pedem-dialogo\\\/\"]}]},{\"@type\":\"ImageObject\",\"inLanguage\":\"pt-BR\",\"@id\":\"https:\\\/\\\/jornalboasnoticias.com.br\\\/home\\\/b20-discute-regulacao-da-ia-e-empresas-de-tecnologia-pedem-dialogo\\\/#primaryimage\",\"url\":\"https:\\\/\\\/jornalboasnoticias.com.br\\\/home\\\/wp-content\\\/uploads\\\/2024\\\/10\\\/b20_08.webp\",\"contentUrl\":\"https:\\\/\\\/jornalboasnoticias.com.br\\\/home\\\/wp-content\\\/uploads\\\/2024\\\/10\\\/b20_08.webp\",\"width\":1170,\"height\":700,\"caption\":\"\u00a9 Paulo Pinto\\\/Ag\u00eancia Brasil\"},{\"@type\":\"BreadcrumbList\",\"@id\":\"https:\\\/\\\/jornalboasnoticias.com.br\\\/home\\\/b20-discute-regulacao-da-ia-e-empresas-de-tecnologia-pedem-dialogo\\\/#breadcrumb\",\"itemListElement\":[{\"@type\":\"ListItem\",\"position\":1,\"name\":\"In\u00edcio\",\"item\":\"https:\\\/\\\/jornalboasnoticias.com.br\\\/home\\\/\"},{\"@type\":\"ListItem\",\"position\":2,\"name\":\"B20 discute regula\u00e7\u00e3o da IA e empresas de tecnologia pedem di\u00e1logo\"}]},{\"@type\":\"WebSite\",\"@id\":\"https:\\\/\\\/jornalboasnoticias.com.br\\\/home\\\/#website\",\"url\":\"https:\\\/\\\/jornalboasnoticias.com.br\\\/home\\\/\",\"name\":\"Jornal Boas Not\u00edcias\",\"description\":\"Boas not\u00edcias\",\"publisher\":{\"@id\":\"https:\\\/\\\/jornalboasnoticias.com.br\\\/home\\\/#organization\"},\"potentialAction\":[{\"@type\":\"SearchAction\",\"target\":{\"@type\":\"EntryPoint\",\"urlTemplate\":\"https:\\\/\\\/jornalboasnoticias.com.br\\\/home\\\/?s={search_term_string}\"},\"query-input\":{\"@type\":\"PropertyValueSpecification\",\"valueRequired\":true,\"valueName\":\"search_term_string\"}}],\"inLanguage\":\"pt-BR\"},{\"@type\":\"Organization\",\"@id\":\"https:\\\/\\\/jornalboasnoticias.com.br\\\/home\\\/#organization\",\"name\":\"Coq Editora Ltda\",\"alternateName\":\"Jornal Boas Noticias\",\"url\":\"https:\\\/\\\/jornalboasnoticias.com.br\\\/home\\\/\",\"logo\":{\"@type\":\"ImageObject\",\"inLanguage\":\"pt-BR\",\"@id\":\"https:\\\/\\\/jornalboasnoticias.com.br\\\/home\\\/#\\\/schema\\\/logo\\\/image\\\/\",\"url\":\"https:\\\/\\\/jornalboasnoticias.com.br\\\/home\\\/wp-content\\\/uploads\\\/2024\\\/07\\\/cropped-logo.jpg\",\"contentUrl\":\"https:\\\/\\\/jornalboasnoticias.com.br\\\/home\\\/wp-content\\\/uploads\\\/2024\\\/07\\\/cropped-logo.jpg\",\"width\":290,\"height\":142,\"caption\":\"Coq Editora Ltda\"},\"image\":{\"@id\":\"https:\\\/\\\/jornalboasnoticias.com.br\\\/home\\\/#\\\/schema\\\/logo\\\/image\\\/\"},\"sameAs\":[\"https:\\\/\\\/www.facebook.com\\\/boasnoticiasjornal\"]},{\"@type\":\"Person\",\"@id\":\"https:\\\/\\\/jornalboasnoticias.com.br\\\/home\\\/#\\\/schema\\\/person\\\/d641193e0afc6405b390164dac847971\",\"name\":\"Ana Luiza Bonatto\",\"image\":{\"@type\":\"ImageObject\",\"inLanguage\":\"pt-BR\",\"@id\":\"https:\\\/\\\/secure.gravatar.com\\\/avatar\\\/8a055ebe6373371f67ac6fcf313c0ac0b0a91157fdcdb9514fa62927373348f0?s=96&d=mm&r=g\",\"url\":\"https:\\\/\\\/secure.gravatar.com\\\/avatar\\\/8a055ebe6373371f67ac6fcf313c0ac0b0a91157fdcdb9514fa62927373348f0?s=96&d=mm&r=g\",\"contentUrl\":\"https:\\\/\\\/secure.gravatar.com\\\/avatar\\\/8a055ebe6373371f67ac6fcf313c0ac0b0a91157fdcdb9514fa62927373348f0?s=96&d=mm&r=g\",\"caption\":\"Ana Luiza Bonatto\"},\"url\":\"https:\\\/\\\/jornalboasnoticias.com.br\\\/home\\\/author\\\/ana-luiza\\\/\"}]}<\/script>\n<!-- \/ Yoast SEO plugin. -->","yoast_head_json":{"title":"B20 discute regula\u00e7\u00e3o da IA e empresas de tecnologia pedem di\u00e1logo - Jornal","description":"B20 discute regula\u00e7\u00e3o da IA e empresas de tecnologia pedem di\u00e1logo","robots":{"index":"index","follow":"follow","max-snippet":"max-snippet:-1","max-image-preview":"max-image-preview:large","max-video-preview":"max-video-preview:-1"},"canonical":"https:\/\/jornalboasnoticias.com.br\/home\/b20-discute-regulacao-da-ia-e-empresas-de-tecnologia-pedem-dialogo\/","og_locale":"pt_BR","og_type":"article","og_title":"B20 discute regula\u00e7\u00e3o da IA e empresas de tecnologia pedem di\u00e1logo - Jornal","og_description":"B20 discute regula\u00e7\u00e3o da IA e empresas de tecnologia pedem di\u00e1logo","og_url":"https:\/\/jornalboasnoticias.com.br\/home\/b20-discute-regulacao-da-ia-e-empresas-de-tecnologia-pedem-dialogo\/","og_site_name":"Jornal","article_publisher":"https:\/\/www.facebook.com\/boasnoticiasjornal","article_published_time":"2024-10-25T12:03:35+00:00","og_image":[{"width":1170,"height":700,"url":"https:\/\/jornalboasnoticias.com.br\/home\/wp-content\/uploads\/2024\/10\/b20_08.webp","type":"image\/webp"}],"author":"Ana Luiza Bonatto","twitter_card":"summary_large_image","twitter_misc":{"Escrito por":"Ana Luiza Bonatto","Est. tempo de leitura":"3 minutos"},"schema":{"@context":"https:\/\/schema.org","@graph":[{"@type":"Article","@id":"https:\/\/jornalboasnoticias.com.br\/home\/b20-discute-regulacao-da-ia-e-empresas-de-tecnologia-pedem-dialogo\/#article","isPartOf":{"@id":"https:\/\/jornalboasnoticias.com.br\/home\/b20-discute-regulacao-da-ia-e-empresas-de-tecnologia-pedem-dialogo\/"},"author":{"name":"Ana Luiza Bonatto","@id":"https:\/\/jornalboasnoticias.com.br\/home\/#\/schema\/person\/d641193e0afc6405b390164dac847971"},"headline":"B20 discute regula\u00e7\u00e3o da IA e empresas de tecnologia pedem di\u00e1logo","datePublished":"2024-10-25T12:03:35+00:00","mainEntityOfPage":{"@id":"https:\/\/jornalboasnoticias.com.br\/home\/b20-discute-regulacao-da-ia-e-empresas-de-tecnologia-pedem-dialogo\/"},"wordCount":573,"commentCount":0,"publisher":{"@id":"https:\/\/jornalboasnoticias.com.br\/home\/#organization"},"image":{"@id":"https:\/\/jornalboasnoticias.com.br\/home\/b20-discute-regulacao-da-ia-e-empresas-de-tecnologia-pedem-dialogo\/#primaryimage"},"thumbnailUrl":"https:\/\/jornalboasnoticias.com.br\/home\/wp-content\/uploads\/2024\/10\/b20_08.webp","articleSection":["DESTAQUE","ECONOMIA"],"inLanguage":"pt-BR","potentialAction":[{"@type":"CommentAction","name":"Comment","target":["https:\/\/jornalboasnoticias.com.br\/home\/b20-discute-regulacao-da-ia-e-empresas-de-tecnologia-pedem-dialogo\/#respond"]}]},{"@type":"WebPage","@id":"https:\/\/jornalboasnoticias.com.br\/home\/b20-discute-regulacao-da-ia-e-empresas-de-tecnologia-pedem-dialogo\/","url":"https:\/\/jornalboasnoticias.com.br\/home\/b20-discute-regulacao-da-ia-e-empresas-de-tecnologia-pedem-dialogo\/","name":"B20 discute regula\u00e7\u00e3o da IA e empresas de tecnologia pedem di\u00e1logo - Jornal","isPartOf":{"@id":"https:\/\/jornalboasnoticias.com.br\/home\/#website"},"primaryImageOfPage":{"@id":"https:\/\/jornalboasnoticias.com.br\/home\/b20-discute-regulacao-da-ia-e-empresas-de-tecnologia-pedem-dialogo\/#primaryimage"},"image":{"@id":"https:\/\/jornalboasnoticias.com.br\/home\/b20-discute-regulacao-da-ia-e-empresas-de-tecnologia-pedem-dialogo\/#primaryimage"},"thumbnailUrl":"https:\/\/jornalboasnoticias.com.br\/home\/wp-content\/uploads\/2024\/10\/b20_08.webp","datePublished":"2024-10-25T12:03:35+00:00","description":"B20 discute regula\u00e7\u00e3o da IA e empresas de tecnologia pedem di\u00e1logo","breadcrumb":{"@id":"https:\/\/jornalboasnoticias.com.br\/home\/b20-discute-regulacao-da-ia-e-empresas-de-tecnologia-pedem-dialogo\/#breadcrumb"},"inLanguage":"pt-BR","potentialAction":[{"@type":"ReadAction","target":["https:\/\/jornalboasnoticias.com.br\/home\/b20-discute-regulacao-da-ia-e-empresas-de-tecnologia-pedem-dialogo\/"]}]},{"@type":"ImageObject","inLanguage":"pt-BR","@id":"https:\/\/jornalboasnoticias.com.br\/home\/b20-discute-regulacao-da-ia-e-empresas-de-tecnologia-pedem-dialogo\/#primaryimage","url":"https:\/\/jornalboasnoticias.com.br\/home\/wp-content\/uploads\/2024\/10\/b20_08.webp","contentUrl":"https:\/\/jornalboasnoticias.com.br\/home\/wp-content\/uploads\/2024\/10\/b20_08.webp","width":1170,"height":700,"caption":"\u00a9 Paulo Pinto\/Ag\u00eancia Brasil"},{"@type":"BreadcrumbList","@id":"https:\/\/jornalboasnoticias.com.br\/home\/b20-discute-regulacao-da-ia-e-empresas-de-tecnologia-pedem-dialogo\/#breadcrumb","itemListElement":[{"@type":"ListItem","position":1,"name":"In\u00edcio","item":"https:\/\/jornalboasnoticias.com.br\/home\/"},{"@type":"ListItem","position":2,"name":"B20 discute regula\u00e7\u00e3o da IA e empresas de tecnologia pedem di\u00e1logo"}]},{"@type":"WebSite","@id":"https:\/\/jornalboasnoticias.com.br\/home\/#website","url":"https:\/\/jornalboasnoticias.com.br\/home\/","name":"Jornal Boas Not\u00edcias","description":"Boas not\u00edcias","publisher":{"@id":"https:\/\/jornalboasnoticias.com.br\/home\/#organization"},"potentialAction":[{"@type":"SearchAction","target":{"@type":"EntryPoint","urlTemplate":"https:\/\/jornalboasnoticias.com.br\/home\/?s={search_term_string}"},"query-input":{"@type":"PropertyValueSpecification","valueRequired":true,"valueName":"search_term_string"}}],"inLanguage":"pt-BR"},{"@type":"Organization","@id":"https:\/\/jornalboasnoticias.com.br\/home\/#organization","name":"Coq Editora Ltda","alternateName":"Jornal Boas Noticias","url":"https:\/\/jornalboasnoticias.com.br\/home\/","logo":{"@type":"ImageObject","inLanguage":"pt-BR","@id":"https:\/\/jornalboasnoticias.com.br\/home\/#\/schema\/logo\/image\/","url":"https:\/\/jornalboasnoticias.com.br\/home\/wp-content\/uploads\/2024\/07\/cropped-logo.jpg","contentUrl":"https:\/\/jornalboasnoticias.com.br\/home\/wp-content\/uploads\/2024\/07\/cropped-logo.jpg","width":290,"height":142,"caption":"Coq Editora Ltda"},"image":{"@id":"https:\/\/jornalboasnoticias.com.br\/home\/#\/schema\/logo\/image\/"},"sameAs":["https:\/\/www.facebook.com\/boasnoticiasjornal"]},{"@type":"Person","@id":"https:\/\/jornalboasnoticias.com.br\/home\/#\/schema\/person\/d641193e0afc6405b390164dac847971","name":"Ana Luiza Bonatto","image":{"@type":"ImageObject","inLanguage":"pt-BR","@id":"https:\/\/secure.gravatar.com\/avatar\/8a055ebe6373371f67ac6fcf313c0ac0b0a91157fdcdb9514fa62927373348f0?s=96&d=mm&r=g","url":"https:\/\/secure.gravatar.com\/avatar\/8a055ebe6373371f67ac6fcf313c0ac0b0a91157fdcdb9514fa62927373348f0?s=96&d=mm&r=g","contentUrl":"https:\/\/secure.gravatar.com\/avatar\/8a055ebe6373371f67ac6fcf313c0ac0b0a91157fdcdb9514fa62927373348f0?s=96&d=mm&r=g","caption":"Ana Luiza Bonatto"},"url":"https:\/\/jornalboasnoticias.com.br\/home\/author\/ana-luiza\/"}]}},"_links":{"self":[{"href":"https:\/\/jornalboasnoticias.com.br\/home\/wp-json\/wp\/v2\/posts\/44534","targetHints":{"allow":["GET"]}}],"collection":[{"href":"https:\/\/jornalboasnoticias.com.br\/home\/wp-json\/wp\/v2\/posts"}],"about":[{"href":"https:\/\/jornalboasnoticias.com.br\/home\/wp-json\/wp\/v2\/types\/post"}],"author":[{"embeddable":true,"href":"https:\/\/jornalboasnoticias.com.br\/home\/wp-json\/wp\/v2\/users\/4"}],"replies":[{"embeddable":true,"href":"https:\/\/jornalboasnoticias.com.br\/home\/wp-json\/wp\/v2\/comments?post=44534"}],"version-history":[{"count":1,"href":"https:\/\/jornalboasnoticias.com.br\/home\/wp-json\/wp\/v2\/posts\/44534\/revisions"}],"predecessor-version":[{"id":44536,"href":"https:\/\/jornalboasnoticias.com.br\/home\/wp-json\/wp\/v2\/posts\/44534\/revisions\/44536"}],"wp:featuredmedia":[{"embeddable":true,"href":"https:\/\/jornalboasnoticias.com.br\/home\/wp-json\/wp\/v2\/media\/44535"}],"wp:attachment":[{"href":"https:\/\/jornalboasnoticias.com.br\/home\/wp-json\/wp\/v2\/media?parent=44534"}],"wp:term":[{"taxonomy":"category","embeddable":true,"href":"https:\/\/jornalboasnoticias.com.br\/home\/wp-json\/wp\/v2\/categories?post=44534"},{"taxonomy":"post_tag","embeddable":true,"href":"https:\/\/jornalboasnoticias.com.br\/home\/wp-json\/wp\/v2\/tags?post=44534"}],"curies":[{"name":"wp","href":"https:\/\/api.w.org\/{rel}","templated":true}]}}