{"id":44531,"date":"2024-10-25T11:53:49","date_gmt":"2024-10-25T11:53:49","guid":{"rendered":"https:\/\/jornalboasnoticias.com.br\/home\/?p=44531"},"modified":"2024-10-25T11:53:49","modified_gmt":"2024-10-25T11:53:49","slug":"temporal-em-sp-derruba-arvores-e-deixa-moradores-sem-luz","status":"publish","type":"post","link":"https:\/\/jornalboasnoticias.com.br\/home\/temporal-em-sp-derruba-arvores-e-deixa-moradores-sem-luz\/","title":{"rendered":"Temporal em SP derruba \u00e1rvores e deixa moradores sem luz"},"content":{"rendered":"<div class=\"header-noticia full-width\">\n<div><img loading=\"lazy\" decoding=\"async\" class=\"alignnone size-full wp-image-44532\" src=\"https:\/\/jornalboasnoticias.com.br\/home\/wp-content\/uploads\/2024\/10\/chuva_f_sp_05.webp\" alt=\"\" width=\"1170\" height=\"700\" srcset=\"https:\/\/jornalboasnoticias.com.br\/home\/wp-content\/uploads\/2024\/10\/chuva_f_sp_05.webp 1170w, https:\/\/jornalboasnoticias.com.br\/home\/wp-content\/uploads\/2024\/10\/chuva_f_sp_05-300x179.webp 300w, https:\/\/jornalboasnoticias.com.br\/home\/wp-content\/uploads\/2024\/10\/chuva_f_sp_05-1024x613.webp 1024w, https:\/\/jornalboasnoticias.com.br\/home\/wp-content\/uploads\/2024\/10\/chuva_f_sp_05-768x459.webp 768w\" sizes=\"auto, (max-width: 1170px) 100vw, 1170px\" \/><\/div>\n<\/div>\n<blockquote>\n<div class=\"header-noticia full-width\">\n<div class=\"linha-fina-noticia\">Capital paulista teve pontos de alagamento<\/div>\n<\/div>\n<\/blockquote>\n<div>\n<p>Uma tempestade atingiu o estado de S\u00e3o Paulo nesta quinta-feira (24).\u00a0O Centro de Gerenciamento de Emerg\u00eancias da cidade de S\u00e3o Paulo informou que foram identificados oito pontos de alagamento, todos transit\u00e1veis. Todas as\u00a0regi\u00f5es da cidade estavam\u00a0em estado de aten\u00e7\u00e3o para alagamentos desde as 20h30.<img decoding=\"async\" src=\"https:\/\/agenciabrasil.ebc.com.br\/ebc.png?id=1616877&amp;o=node\" \/><img decoding=\"async\" src=\"https:\/\/agenciabrasil.ebc.com.br\/ebc.gif?id=1616877&amp;o=node\" \/><\/p>\n<p>Em Ourinhos, no interior paulista, os ventos chegaram aos 126 km\/h. Os\u00a0munic\u00edpios de Jaborandi, Avar\u00e9 e Taquaritinga tiveram registros de destelhamento. Na cidade de Gabriel Monteiro, um posto de gasolina perdeu a cobertura.<\/p>\n<p>Em nota, a Defesa Civil de S\u00e3o Paulo explicou que a ventania ocorre\u00a0&#8220;por causa do calor e da grande disponibilidade de umidade existente nessas \u00e1reas e tamb\u00e9m d\u00e1 acentuada queda de temperatura que est\u00e1 acontecendo entre o Brasil, Paraguai, Argentina e o Uruguai, como parte do processo da forma\u00e7\u00e3o de um ciclone extratropical que est\u00e1 ocorrendo. Este ciclone est\u00e1 em forma\u00e7\u00e3o entre o Rio Grande do Sul e o Uruguai&#8221;.<\/p>\n<p>Em Pirapora do Bom Jesus, na regi\u00e3o metropolitana, a Enel, concession\u00e1ria de energia, informou que 23% dos clientes estavam sem luz. No total, \u00e0s 21h, 53 mil im\u00f3veis\u00a0estavam sem abastecimento.<\/p>\n<h2>Regi\u00e3o Sul<\/h2>\n<p>O temporal com fortes ventos foi sentido tamb\u00e9m nos estados do Paran\u00e1, de Santa Catarina e do\u00a0Rio Grande do Sul, que tamb\u00e9m emitiram alertas para hoje e amanh\u00e3 e possibilidade de forma\u00e7\u00e3o de granizo.\u00a0Foram registrados ventos acima de 60 km\/h em toda a regi\u00e3o, com algumas cidades registrando rajadas de mais de 100km\/h. O maior valor informado\u00a0foi de 133 km\/h em Igrejinhas, no Rio Grande do Sul. Erechim e Santa Maria tiveram registros acima dos 100 km\/h.<\/p>\n<p>Houve registro de quedas de \u00e1rvores e pontos de alagamento em diversos munic\u00edpios.<\/p>\n<p>Em Santa Catarina, a Defesa Civil informou que, Ponte Alta, no Planalto Serrano, foi um dos munic\u00edpios mais impactados, com at\u00e9 200 casas\u00a0destelhadas. Em S\u00e3o Miguel do Oeste, na regi\u00e3o oeste, ao menos 30 im\u00f3veis sofreram destelhamento e quedas de \u00e1rvores foram relatadas. Na cidade de Urussanga, no sul do estado, o telhado de uma escola municipal foi arrancado pelos ventos fortes e acabou atingindo uma resid\u00eancia vizinha, sem v\u00edtimas. Em Descanso, tamb\u00e9m no oeste catarinense, quatro resid\u00eancias, uma ind\u00fastria e uma igreja foram danificadas pelos ventos. Houve interrup\u00e7\u00e3o no fornecimento de energia em v\u00e1rias cidades.<\/p>\n<p>(Ag\u00eancia Brasil)<\/p>\n<\/div>\n","protected":false},"excerpt":{"rendered":"<p>Capital paulista teve pontos de alagamento Uma tempestade atingiu o estado de S\u00e3o Paulo nesta<\/p>\n","protected":false},"author":4,"featured_media":44532,"comment_status":"open","ping_status":"open","sticky":false,"template":"","format":"standard","meta":{"footnotes":""},"categories":[6,3],"tags":[],"class_list":["post-44531","post","type-post","status-publish","format-standard","has-post-thumbnail","hentry","category-brasil","category-destaques"],"yoast_head":"<!-- This site is optimized with the Yoast SEO plugin v27.5 - https:\/\/yoast.com\/product\/yoast-seo-wordpress\/ -->\n<title>Temporal em SP derruba \u00e1rvores e deixa moradores sem luz - Jornal<\/title>\n<meta name=\"description\" content=\"Temporal em SP derruba \u00e1rvores e deixa moradores sem luz\" \/>\n<meta name=\"robots\" content=\"index, follow, max-snippet:-1, max-image-preview:large, max-video-preview:-1\" \/>\n<link rel=\"canonical\" href=\"https:\/\/jornalboasnoticias.com.br\/home\/temporal-em-sp-derruba-arvores-e-deixa-moradores-sem-luz\/\" \/>\n<meta property=\"og:locale\" content=\"pt_BR\" \/>\n<meta property=\"og:type\" content=\"article\" \/>\n<meta property=\"og:title\" content=\"Temporal em SP derruba \u00e1rvores e deixa moradores sem luz - Jornal\" \/>\n<meta property=\"og:description\" content=\"Temporal em SP derruba \u00e1rvores e deixa moradores sem luz\" \/>\n<meta property=\"og:url\" content=\"https:\/\/jornalboasnoticias.com.br\/home\/temporal-em-sp-derruba-arvores-e-deixa-moradores-sem-luz\/\" \/>\n<meta property=\"og:site_name\" content=\"Jornal\" \/>\n<meta property=\"article:publisher\" content=\"https:\/\/www.facebook.com\/boasnoticiasjornal\" \/>\n<meta property=\"article:published_time\" content=\"2024-10-25T11:53:49+00:00\" \/>\n<meta property=\"og:image\" content=\"https:\/\/jornalboasnoticias.com.br\/home\/wp-content\/uploads\/2024\/10\/chuva_f_sp_05.webp\" \/>\n\t<meta property=\"og:image:width\" content=\"1170\" \/>\n\t<meta property=\"og:image:height\" content=\"700\" \/>\n\t<meta property=\"og:image:type\" content=\"image\/webp\" \/>\n<meta name=\"author\" content=\"Ana Luiza Bonatto\" \/>\n<meta name=\"twitter:card\" content=\"summary_large_image\" \/>\n<meta name=\"twitter:label1\" content=\"Escrito por\" \/>\n\t<meta name=\"twitter:data1\" content=\"Ana Luiza Bonatto\" \/>\n\t<meta name=\"twitter:label2\" content=\"Est. tempo de leitura\" \/>\n\t<meta name=\"twitter:data2\" content=\"3 minutos\" \/>\n<script type=\"application\/ld+json\" class=\"yoast-schema-graph\">{\"@context\":\"https:\\\/\\\/schema.org\",\"@graph\":[{\"@type\":\"Article\",\"@id\":\"https:\\\/\\\/jornalboasnoticias.com.br\\\/home\\\/temporal-em-sp-derruba-arvores-e-deixa-moradores-sem-luz\\\/#article\",\"isPartOf\":{\"@id\":\"https:\\\/\\\/jornalboasnoticias.com.br\\\/home\\\/temporal-em-sp-derruba-arvores-e-deixa-moradores-sem-luz\\\/\"},\"author\":{\"name\":\"Ana Luiza Bonatto\",\"@id\":\"https:\\\/\\\/jornalboasnoticias.com.br\\\/home\\\/#\\\/schema\\\/person\\\/d641193e0afc6405b390164dac847971\"},\"headline\":\"Temporal em SP derruba \u00e1rvores e deixa moradores sem luz\",\"datePublished\":\"2024-10-25T11:53:49+00:00\",\"mainEntityOfPage\":{\"@id\":\"https:\\\/\\\/jornalboasnoticias.com.br\\\/home\\\/temporal-em-sp-derruba-arvores-e-deixa-moradores-sem-luz\\\/\"},\"wordCount\":421,\"commentCount\":0,\"publisher\":{\"@id\":\"https:\\\/\\\/jornalboasnoticias.com.br\\\/home\\\/#organization\"},\"image\":{\"@id\":\"https:\\\/\\\/jornalboasnoticias.com.br\\\/home\\\/temporal-em-sp-derruba-arvores-e-deixa-moradores-sem-luz\\\/#primaryimage\"},\"thumbnailUrl\":\"https:\\\/\\\/jornalboasnoticias.com.br\\\/home\\\/wp-content\\\/uploads\\\/2024\\\/10\\\/chuva_f_sp_05.webp\",\"articleSection\":[\"BRASIL\",\"DESTAQUE\"],\"inLanguage\":\"pt-BR\",\"potentialAction\":[{\"@type\":\"CommentAction\",\"name\":\"Comment\",\"target\":[\"https:\\\/\\\/jornalboasnoticias.com.br\\\/home\\\/temporal-em-sp-derruba-arvores-e-deixa-moradores-sem-luz\\\/#respond\"]}]},{\"@type\":\"WebPage\",\"@id\":\"https:\\\/\\\/jornalboasnoticias.com.br\\\/home\\\/temporal-em-sp-derruba-arvores-e-deixa-moradores-sem-luz\\\/\",\"url\":\"https:\\\/\\\/jornalboasnoticias.com.br\\\/home\\\/temporal-em-sp-derruba-arvores-e-deixa-moradores-sem-luz\\\/\",\"name\":\"Temporal em SP derruba \u00e1rvores e deixa moradores sem luz - Jornal\",\"isPartOf\":{\"@id\":\"https:\\\/\\\/jornalboasnoticias.com.br\\\/home\\\/#website\"},\"primaryImageOfPage\":{\"@id\":\"https:\\\/\\\/jornalboasnoticias.com.br\\\/home\\\/temporal-em-sp-derruba-arvores-e-deixa-moradores-sem-luz\\\/#primaryimage\"},\"image\":{\"@id\":\"https:\\\/\\\/jornalboasnoticias.com.br\\\/home\\\/temporal-em-sp-derruba-arvores-e-deixa-moradores-sem-luz\\\/#primaryimage\"},\"thumbnailUrl\":\"https:\\\/\\\/jornalboasnoticias.com.br\\\/home\\\/wp-content\\\/uploads\\\/2024\\\/10\\\/chuva_f_sp_05.webp\",\"datePublished\":\"2024-10-25T11:53:49+00:00\",\"description\":\"Temporal em SP derruba \u00e1rvores e deixa moradores sem luz\",\"breadcrumb\":{\"@id\":\"https:\\\/\\\/jornalboasnoticias.com.br\\\/home\\\/temporal-em-sp-derruba-arvores-e-deixa-moradores-sem-luz\\\/#breadcrumb\"},\"inLanguage\":\"pt-BR\",\"potentialAction\":[{\"@type\":\"ReadAction\",\"target\":[\"https:\\\/\\\/jornalboasnoticias.com.br\\\/home\\\/temporal-em-sp-derruba-arvores-e-deixa-moradores-sem-luz\\\/\"]}]},{\"@type\":\"ImageObject\",\"inLanguage\":\"pt-BR\",\"@id\":\"https:\\\/\\\/jornalboasnoticias.com.br\\\/home\\\/temporal-em-sp-derruba-arvores-e-deixa-moradores-sem-luz\\\/#primaryimage\",\"url\":\"https:\\\/\\\/jornalboasnoticias.com.br\\\/home\\\/wp-content\\\/uploads\\\/2024\\\/10\\\/chuva_f_sp_05.webp\",\"contentUrl\":\"https:\\\/\\\/jornalboasnoticias.com.br\\\/home\\\/wp-content\\\/uploads\\\/2024\\\/10\\\/chuva_f_sp_05.webp\",\"width\":1170,\"height\":700},{\"@type\":\"BreadcrumbList\",\"@id\":\"https:\\\/\\\/jornalboasnoticias.com.br\\\/home\\\/temporal-em-sp-derruba-arvores-e-deixa-moradores-sem-luz\\\/#breadcrumb\",\"itemListElement\":[{\"@type\":\"ListItem\",\"position\":1,\"name\":\"In\u00edcio\",\"item\":\"https:\\\/\\\/jornalboasnoticias.com.br\\\/home\\\/\"},{\"@type\":\"ListItem\",\"position\":2,\"name\":\"Temporal em SP derruba \u00e1rvores e deixa moradores sem luz\"}]},{\"@type\":\"WebSite\",\"@id\":\"https:\\\/\\\/jornalboasnoticias.com.br\\\/home\\\/#website\",\"url\":\"https:\\\/\\\/jornalboasnoticias.com.br\\\/home\\\/\",\"name\":\"Jornal Boas Not\u00edcias\",\"description\":\"Boas not\u00edcias\",\"publisher\":{\"@id\":\"https:\\\/\\\/jornalboasnoticias.com.br\\\/home\\\/#organization\"},\"potentialAction\":[{\"@type\":\"SearchAction\",\"target\":{\"@type\":\"EntryPoint\",\"urlTemplate\":\"https:\\\/\\\/jornalboasnoticias.com.br\\\/home\\\/?s={search_term_string}\"},\"query-input\":{\"@type\":\"PropertyValueSpecification\",\"valueRequired\":true,\"valueName\":\"search_term_string\"}}],\"inLanguage\":\"pt-BR\"},{\"@type\":\"Organization\",\"@id\":\"https:\\\/\\\/jornalboasnoticias.com.br\\\/home\\\/#organization\",\"name\":\"Coq Editora Ltda\",\"alternateName\":\"Jornal Boas Noticias\",\"url\":\"https:\\\/\\\/jornalboasnoticias.com.br\\\/home\\\/\",\"logo\":{\"@type\":\"ImageObject\",\"inLanguage\":\"pt-BR\",\"@id\":\"https:\\\/\\\/jornalboasnoticias.com.br\\\/home\\\/#\\\/schema\\\/logo\\\/image\\\/\",\"url\":\"https:\\\/\\\/jornalboasnoticias.com.br\\\/home\\\/wp-content\\\/uploads\\\/2024\\\/07\\\/cropped-logo.jpg\",\"contentUrl\":\"https:\\\/\\\/jornalboasnoticias.com.br\\\/home\\\/wp-content\\\/uploads\\\/2024\\\/07\\\/cropped-logo.jpg\",\"width\":290,\"height\":142,\"caption\":\"Coq Editora Ltda\"},\"image\":{\"@id\":\"https:\\\/\\\/jornalboasnoticias.com.br\\\/home\\\/#\\\/schema\\\/logo\\\/image\\\/\"},\"sameAs\":[\"https:\\\/\\\/www.facebook.com\\\/boasnoticiasjornal\"]},{\"@type\":\"Person\",\"@id\":\"https:\\\/\\\/jornalboasnoticias.com.br\\\/home\\\/#\\\/schema\\\/person\\\/d641193e0afc6405b390164dac847971\",\"name\":\"Ana Luiza Bonatto\",\"image\":{\"@type\":\"ImageObject\",\"inLanguage\":\"pt-BR\",\"@id\":\"https:\\\/\\\/secure.gravatar.com\\\/avatar\\\/8a055ebe6373371f67ac6fcf313c0ac0b0a91157fdcdb9514fa62927373348f0?s=96&d=mm&r=g\",\"url\":\"https:\\\/\\\/secure.gravatar.com\\\/avatar\\\/8a055ebe6373371f67ac6fcf313c0ac0b0a91157fdcdb9514fa62927373348f0?s=96&d=mm&r=g\",\"contentUrl\":\"https:\\\/\\\/secure.gravatar.com\\\/avatar\\\/8a055ebe6373371f67ac6fcf313c0ac0b0a91157fdcdb9514fa62927373348f0?s=96&d=mm&r=g\",\"caption\":\"Ana Luiza Bonatto\"},\"url\":\"https:\\\/\\\/jornalboasnoticias.com.br\\\/home\\\/author\\\/ana-luiza\\\/\"}]}<\/script>\n<!-- \/ Yoast SEO plugin. -->","yoast_head_json":{"title":"Temporal em SP derruba \u00e1rvores e deixa moradores sem luz - Jornal","description":"Temporal em SP derruba \u00e1rvores e deixa moradores sem luz","robots":{"index":"index","follow":"follow","max-snippet":"max-snippet:-1","max-image-preview":"max-image-preview:large","max-video-preview":"max-video-preview:-1"},"canonical":"https:\/\/jornalboasnoticias.com.br\/home\/temporal-em-sp-derruba-arvores-e-deixa-moradores-sem-luz\/","og_locale":"pt_BR","og_type":"article","og_title":"Temporal em SP derruba \u00e1rvores e deixa moradores sem luz - Jornal","og_description":"Temporal em SP derruba \u00e1rvores e deixa moradores sem luz","og_url":"https:\/\/jornalboasnoticias.com.br\/home\/temporal-em-sp-derruba-arvores-e-deixa-moradores-sem-luz\/","og_site_name":"Jornal","article_publisher":"https:\/\/www.facebook.com\/boasnoticiasjornal","article_published_time":"2024-10-25T11:53:49+00:00","og_image":[{"width":1170,"height":700,"url":"https:\/\/jornalboasnoticias.com.br\/home\/wp-content\/uploads\/2024\/10\/chuva_f_sp_05.webp","type":"image\/webp"}],"author":"Ana Luiza Bonatto","twitter_card":"summary_large_image","twitter_misc":{"Escrito por":"Ana Luiza Bonatto","Est. tempo de leitura":"3 minutos"},"schema":{"@context":"https:\/\/schema.org","@graph":[{"@type":"Article","@id":"https:\/\/jornalboasnoticias.com.br\/home\/temporal-em-sp-derruba-arvores-e-deixa-moradores-sem-luz\/#article","isPartOf":{"@id":"https:\/\/jornalboasnoticias.com.br\/home\/temporal-em-sp-derruba-arvores-e-deixa-moradores-sem-luz\/"},"author":{"name":"Ana Luiza Bonatto","@id":"https:\/\/jornalboasnoticias.com.br\/home\/#\/schema\/person\/d641193e0afc6405b390164dac847971"},"headline":"Temporal em SP derruba \u00e1rvores e deixa moradores sem luz","datePublished":"2024-10-25T11:53:49+00:00","mainEntityOfPage":{"@id":"https:\/\/jornalboasnoticias.com.br\/home\/temporal-em-sp-derruba-arvores-e-deixa-moradores-sem-luz\/"},"wordCount":421,"commentCount":0,"publisher":{"@id":"https:\/\/jornalboasnoticias.com.br\/home\/#organization"},"image":{"@id":"https:\/\/jornalboasnoticias.com.br\/home\/temporal-em-sp-derruba-arvores-e-deixa-moradores-sem-luz\/#primaryimage"},"thumbnailUrl":"https:\/\/jornalboasnoticias.com.br\/home\/wp-content\/uploads\/2024\/10\/chuva_f_sp_05.webp","articleSection":["BRASIL","DESTAQUE"],"inLanguage":"pt-BR","potentialAction":[{"@type":"CommentAction","name":"Comment","target":["https:\/\/jornalboasnoticias.com.br\/home\/temporal-em-sp-derruba-arvores-e-deixa-moradores-sem-luz\/#respond"]}]},{"@type":"WebPage","@id":"https:\/\/jornalboasnoticias.com.br\/home\/temporal-em-sp-derruba-arvores-e-deixa-moradores-sem-luz\/","url":"https:\/\/jornalboasnoticias.com.br\/home\/temporal-em-sp-derruba-arvores-e-deixa-moradores-sem-luz\/","name":"Temporal em SP derruba \u00e1rvores e deixa moradores sem luz - Jornal","isPartOf":{"@id":"https:\/\/jornalboasnoticias.com.br\/home\/#website"},"primaryImageOfPage":{"@id":"https:\/\/jornalboasnoticias.com.br\/home\/temporal-em-sp-derruba-arvores-e-deixa-moradores-sem-luz\/#primaryimage"},"image":{"@id":"https:\/\/jornalboasnoticias.com.br\/home\/temporal-em-sp-derruba-arvores-e-deixa-moradores-sem-luz\/#primaryimage"},"thumbnailUrl":"https:\/\/jornalboasnoticias.com.br\/home\/wp-content\/uploads\/2024\/10\/chuva_f_sp_05.webp","datePublished":"2024-10-25T11:53:49+00:00","description":"Temporal em SP derruba \u00e1rvores e deixa moradores sem luz","breadcrumb":{"@id":"https:\/\/jornalboasnoticias.com.br\/home\/temporal-em-sp-derruba-arvores-e-deixa-moradores-sem-luz\/#breadcrumb"},"inLanguage":"pt-BR","potentialAction":[{"@type":"ReadAction","target":["https:\/\/jornalboasnoticias.com.br\/home\/temporal-em-sp-derruba-arvores-e-deixa-moradores-sem-luz\/"]}]},{"@type":"ImageObject","inLanguage":"pt-BR","@id":"https:\/\/jornalboasnoticias.com.br\/home\/temporal-em-sp-derruba-arvores-e-deixa-moradores-sem-luz\/#primaryimage","url":"https:\/\/jornalboasnoticias.com.br\/home\/wp-content\/uploads\/2024\/10\/chuva_f_sp_05.webp","contentUrl":"https:\/\/jornalboasnoticias.com.br\/home\/wp-content\/uploads\/2024\/10\/chuva_f_sp_05.webp","width":1170,"height":700},{"@type":"BreadcrumbList","@id":"https:\/\/jornalboasnoticias.com.br\/home\/temporal-em-sp-derruba-arvores-e-deixa-moradores-sem-luz\/#breadcrumb","itemListElement":[{"@type":"ListItem","position":1,"name":"In\u00edcio","item":"https:\/\/jornalboasnoticias.com.br\/home\/"},{"@type":"ListItem","position":2,"name":"Temporal em SP derruba \u00e1rvores e deixa moradores sem luz"}]},{"@type":"WebSite","@id":"https:\/\/jornalboasnoticias.com.br\/home\/#website","url":"https:\/\/jornalboasnoticias.com.br\/home\/","name":"Jornal Boas Not\u00edcias","description":"Boas not\u00edcias","publisher":{"@id":"https:\/\/jornalboasnoticias.com.br\/home\/#organization"},"potentialAction":[{"@type":"SearchAction","target":{"@type":"EntryPoint","urlTemplate":"https:\/\/jornalboasnoticias.com.br\/home\/?s={search_term_string}"},"query-input":{"@type":"PropertyValueSpecification","valueRequired":true,"valueName":"search_term_string"}}],"inLanguage":"pt-BR"},{"@type":"Organization","@id":"https:\/\/jornalboasnoticias.com.br\/home\/#organization","name":"Coq Editora Ltda","alternateName":"Jornal Boas Noticias","url":"https:\/\/jornalboasnoticias.com.br\/home\/","logo":{"@type":"ImageObject","inLanguage":"pt-BR","@id":"https:\/\/jornalboasnoticias.com.br\/home\/#\/schema\/logo\/image\/","url":"https:\/\/jornalboasnoticias.com.br\/home\/wp-content\/uploads\/2024\/07\/cropped-logo.jpg","contentUrl":"https:\/\/jornalboasnoticias.com.br\/home\/wp-content\/uploads\/2024\/07\/cropped-logo.jpg","width":290,"height":142,"caption":"Coq Editora Ltda"},"image":{"@id":"https:\/\/jornalboasnoticias.com.br\/home\/#\/schema\/logo\/image\/"},"sameAs":["https:\/\/www.facebook.com\/boasnoticiasjornal"]},{"@type":"Person","@id":"https:\/\/jornalboasnoticias.com.br\/home\/#\/schema\/person\/d641193e0afc6405b390164dac847971","name":"Ana Luiza Bonatto","image":{"@type":"ImageObject","inLanguage":"pt-BR","@id":"https:\/\/secure.gravatar.com\/avatar\/8a055ebe6373371f67ac6fcf313c0ac0b0a91157fdcdb9514fa62927373348f0?s=96&d=mm&r=g","url":"https:\/\/secure.gravatar.com\/avatar\/8a055ebe6373371f67ac6fcf313c0ac0b0a91157fdcdb9514fa62927373348f0?s=96&d=mm&r=g","contentUrl":"https:\/\/secure.gravatar.com\/avatar\/8a055ebe6373371f67ac6fcf313c0ac0b0a91157fdcdb9514fa62927373348f0?s=96&d=mm&r=g","caption":"Ana Luiza Bonatto"},"url":"https:\/\/jornalboasnoticias.com.br\/home\/author\/ana-luiza\/"}]}},"_links":{"self":[{"href":"https:\/\/jornalboasnoticias.com.br\/home\/wp-json\/wp\/v2\/posts\/44531","targetHints":{"allow":["GET"]}}],"collection":[{"href":"https:\/\/jornalboasnoticias.com.br\/home\/wp-json\/wp\/v2\/posts"}],"about":[{"href":"https:\/\/jornalboasnoticias.com.br\/home\/wp-json\/wp\/v2\/types\/post"}],"author":[{"embeddable":true,"href":"https:\/\/jornalboasnoticias.com.br\/home\/wp-json\/wp\/v2\/users\/4"}],"replies":[{"embeddable":true,"href":"https:\/\/jornalboasnoticias.com.br\/home\/wp-json\/wp\/v2\/comments?post=44531"}],"version-history":[{"count":1,"href":"https:\/\/jornalboasnoticias.com.br\/home\/wp-json\/wp\/v2\/posts\/44531\/revisions"}],"predecessor-version":[{"id":44533,"href":"https:\/\/jornalboasnoticias.com.br\/home\/wp-json\/wp\/v2\/posts\/44531\/revisions\/44533"}],"wp:featuredmedia":[{"embeddable":true,"href":"https:\/\/jornalboasnoticias.com.br\/home\/wp-json\/wp\/v2\/media\/44532"}],"wp:attachment":[{"href":"https:\/\/jornalboasnoticias.com.br\/home\/wp-json\/wp\/v2\/media?parent=44531"}],"wp:term":[{"taxonomy":"category","embeddable":true,"href":"https:\/\/jornalboasnoticias.com.br\/home\/wp-json\/wp\/v2\/categories?post=44531"},{"taxonomy":"post_tag","embeddable":true,"href":"https:\/\/jornalboasnoticias.com.br\/home\/wp-json\/wp\/v2\/tags?post=44531"}],"curies":[{"name":"wp","href":"https:\/\/api.w.org\/{rel}","templated":true}]}}