{"id":44519,"date":"2024-10-25T01:59:39","date_gmt":"2024-10-25T01:59:39","guid":{"rendered":"https:\/\/jornalboasnoticias.com.br\/home\/?p=44519"},"modified":"2024-10-25T01:59:39","modified_gmt":"2024-10-25T01:59:39","slug":"ex-muculmana-diz-que-jesus-a-curou-de-odio-aos-judeus","status":"publish","type":"post","link":"https:\/\/jornalboasnoticias.com.br\/home\/ex-muculmana-diz-que-jesus-a-curou-de-odio-aos-judeus\/","title":{"rendered":"Ex-mu\u00e7ulmana diz que Jesus a curou de \u00f3dio aos judeus"},"content":{"rendered":"<figure id=\"attachment_44520\" aria-describedby=\"caption-attachment-44520\" style=\"width: 1344px\" class=\"wp-caption alignnone\"><img loading=\"lazy\" decoding=\"async\" class=\"size-full wp-image-44520\" src=\"https:\/\/jornalboasnoticias.com.br\/home\/wp-content\/uploads\/2024\/10\/ex-muculmana.webp\" alt=\"\" width=\"1344\" height=\"845\" srcset=\"https:\/\/jornalboasnoticias.com.br\/home\/wp-content\/uploads\/2024\/10\/ex-muculmana.webp 1344w, https:\/\/jornalboasnoticias.com.br\/home\/wp-content\/uploads\/2024\/10\/ex-muculmana-300x189.webp 300w, https:\/\/jornalboasnoticias.com.br\/home\/wp-content\/uploads\/2024\/10\/ex-muculmana-1024x644.webp 1024w, https:\/\/jornalboasnoticias.com.br\/home\/wp-content\/uploads\/2024\/10\/ex-muculmana-768x483.webp 768w\" sizes=\"auto, (max-width: 1344px) 100vw, 1344px\" \/><figcaption id=\"caption-attachment-44520\" class=\"wp-caption-text\">Ex-mu\u00e7ulmana (Foto: Reprodu\u00e7\u00e3o\/YouTube)<\/figcaption><\/figure>\n<blockquote><p>Em um v\u00eddeo compartilhado pelo minist\u00e9rio One For Israel testemunhou mudan\u00e7a.<\/p><\/blockquote>\n<p>Uma mulher mu\u00e7ulmana do Kuwait, que cresceu sob o medo e a opress\u00e3o do isl\u00e3, testemunhou como encontrou liberdade e amor em Jesus. Em um v\u00eddeo compartilhado pelo minist\u00e9rio One For Israel, a mulher, cuja identidade foi preservada, relatou sua jornada de vida, marcada por ensinamentos r\u00edgidos e experi\u00eancias traum\u00e1ticas.<\/p>\n<p>Ela nasceu em uma fam\u00edlia de l\u00edderes mu\u00e7ulmanos e foi exposta \u00e0 lei isl\u00e2mica desde cedo. Lembrando-se de uma execu\u00e7\u00e3o que presenciou na inf\u00e2ncia, a mulher narrou como uma mulher mu\u00e7ulmana foi decapitada em p\u00fablico, enquanto multid\u00f5es exaltavam a a\u00e7\u00e3o. O medo foi instilado nela quando seu pai afirmou que ela poderia ter o mesmo destino caso n\u00e3o seguisse os ensinamentos.<\/p>\n<p>Al\u00e9m disso, ela foi educada para odiar os judeus, acreditando que eles n\u00e3o deveriam existir. Apesar de se esfor\u00e7ar para ser aceita por Al\u00e1, orando e recitando o Alcor\u00e3o, nunca encontrou a aceita\u00e7\u00e3o que buscava, nem o amor de sua fam\u00edlia, sofrendo em um ambiente solit\u00e1rio e abusivo.<\/p>\n<p>A situa\u00e7\u00e3o se agravou quando o terrorista Saddam Hussein invadiu o Kuwait. Sua fam\u00edlia, no entanto, obteve asilo nos Estados Unidos, onde ela experimentou uma nova realidade. No auge da dor ap\u00f3s a perda de sua av\u00f3, uma crist\u00e3 chamada Paula ofereceu apoio emocional, convidando-a para uma igreja local.<\/p>\n<p>Na igreja, a mulher se deparou com uma experi\u00eancia in\u00e9dita de amor e aceita\u00e7\u00e3o, onde homens e mulheres interagiam sem julgamento. L\u00e1, ela ouviu pela primeira vez sobre o Evangelho e foi profundamente tocada pelas palavras de\u00a0<a class=\"biblia-refs-link\" title=\"Isa\u00edas 61\" href=\"https:\/\/biblia.gospelmais.com.br\/isaias_61\/\" rel=\"follow\" data-book=\"Isa\" data-chapter=\"61\">Isa\u00edas 61<\/a>, que proclamam cura e liberta\u00e7\u00e3o.<\/p>\n<p>Desesperada para se libertar da escravid\u00e3o do isl\u00e3 e buscar um Deus vivo, ela entregou sua vida a Jesus, mesmo sabendo do risco de ser condenada \u00e0 morte por abandonar sua f\u00e9 anterior. Ao fazer isso, ela se libertou do \u00f3dio que sentia pelos judeus, confessando seu arrependimento e abra\u00e7ando o amor que o Messias pregou.<\/p>\n<p>Hoje, como crist\u00e3, ela afirma amar o povo judeu e declara: \u201cO Messias mudou meu cora\u00e7\u00e3o, dando sua vida por mim para que eu pudesse ter a vida eterna. Ele me resgatou, me salvou, e trouxe alegria para a minha vida novamente. Sou uma mulher aben\u00e7oada.\u201d<\/p>\n<p><em><strong>Gospel Prime<\/strong><\/em><\/p>\n","protected":false},"excerpt":{"rendered":"<p>Em um v\u00eddeo compartilhado pelo minist\u00e9rio One For Israel testemunhou mudan\u00e7a. Uma mulher mu\u00e7ulmana do<\/p>\n","protected":false},"author":4,"featured_media":44520,"comment_status":"open","ping_status":"open","sticky":false,"template":"","format":"standard","meta":{"footnotes":""},"categories":[3,12],"tags":[],"class_list":["post-44519","post","type-post","status-publish","format-standard","has-post-thumbnail","hentry","category-destaques","category-variedades"],"yoast_head":"<!-- This site is optimized with the Yoast SEO plugin v27.5 - https:\/\/yoast.com\/product\/yoast-seo-wordpress\/ -->\n<title>Ex-mu\u00e7ulmana diz que Jesus a curou de \u00f3dio aos judeus - Jornal<\/title>\n<meta name=\"description\" content=\"Ex-mu\u00e7ulmana diz que Jesus a curou de \u00f3dio aos judeus\" \/>\n<meta name=\"robots\" content=\"index, follow, max-snippet:-1, max-image-preview:large, max-video-preview:-1\" \/>\n<link rel=\"canonical\" href=\"https:\/\/jornalboasnoticias.com.br\/home\/ex-muculmana-diz-que-jesus-a-curou-de-odio-aos-judeus\/\" \/>\n<meta property=\"og:locale\" content=\"pt_BR\" \/>\n<meta property=\"og:type\" content=\"article\" \/>\n<meta property=\"og:title\" content=\"Ex-mu\u00e7ulmana diz que Jesus a curou de \u00f3dio aos judeus - Jornal\" \/>\n<meta property=\"og:description\" content=\"Ex-mu\u00e7ulmana diz que Jesus a curou de \u00f3dio aos judeus\" \/>\n<meta property=\"og:url\" content=\"https:\/\/jornalboasnoticias.com.br\/home\/ex-muculmana-diz-que-jesus-a-curou-de-odio-aos-judeus\/\" \/>\n<meta property=\"og:site_name\" content=\"Jornal\" \/>\n<meta property=\"article:publisher\" content=\"https:\/\/www.facebook.com\/boasnoticiasjornal\" \/>\n<meta property=\"article:published_time\" content=\"2024-10-25T01:59:39+00:00\" \/>\n<meta property=\"og:image\" content=\"https:\/\/jornalboasnoticias.com.br\/home\/wp-content\/uploads\/2024\/10\/ex-muculmana.webp\" \/>\n\t<meta property=\"og:image:width\" content=\"1344\" \/>\n\t<meta property=\"og:image:height\" content=\"845\" \/>\n\t<meta property=\"og:image:type\" content=\"image\/webp\" \/>\n<meta name=\"author\" content=\"Ana Luiza Bonatto\" \/>\n<meta name=\"twitter:card\" content=\"summary_large_image\" \/>\n<meta name=\"twitter:label1\" content=\"Escrito por\" \/>\n\t<meta name=\"twitter:data1\" content=\"Ana Luiza Bonatto\" \/>\n\t<meta name=\"twitter:label2\" content=\"Est. tempo de leitura\" \/>\n\t<meta name=\"twitter:data2\" content=\"3 minutos\" \/>\n<script type=\"application\/ld+json\" class=\"yoast-schema-graph\">{\"@context\":\"https:\\\/\\\/schema.org\",\"@graph\":[{\"@type\":\"Article\",\"@id\":\"https:\\\/\\\/jornalboasnoticias.com.br\\\/home\\\/ex-muculmana-diz-que-jesus-a-curou-de-odio-aos-judeus\\\/#article\",\"isPartOf\":{\"@id\":\"https:\\\/\\\/jornalboasnoticias.com.br\\\/home\\\/ex-muculmana-diz-que-jesus-a-curou-de-odio-aos-judeus\\\/\"},\"author\":{\"name\":\"Ana Luiza Bonatto\",\"@id\":\"https:\\\/\\\/jornalboasnoticias.com.br\\\/home\\\/#\\\/schema\\\/person\\\/d641193e0afc6405b390164dac847971\"},\"headline\":\"Ex-mu\u00e7ulmana diz que Jesus a curou de \u00f3dio aos judeus\",\"datePublished\":\"2024-10-25T01:59:39+00:00\",\"mainEntityOfPage\":{\"@id\":\"https:\\\/\\\/jornalboasnoticias.com.br\\\/home\\\/ex-muculmana-diz-que-jesus-a-curou-de-odio-aos-judeus\\\/\"},\"wordCount\":428,\"commentCount\":0,\"publisher\":{\"@id\":\"https:\\\/\\\/jornalboasnoticias.com.br\\\/home\\\/#organization\"},\"image\":{\"@id\":\"https:\\\/\\\/jornalboasnoticias.com.br\\\/home\\\/ex-muculmana-diz-que-jesus-a-curou-de-odio-aos-judeus\\\/#primaryimage\"},\"thumbnailUrl\":\"https:\\\/\\\/jornalboasnoticias.com.br\\\/home\\\/wp-content\\\/uploads\\\/2024\\\/10\\\/ex-muculmana.webp\",\"articleSection\":[\"DESTAQUE\",\"VARIEDADES\"],\"inLanguage\":\"pt-BR\",\"potentialAction\":[{\"@type\":\"CommentAction\",\"name\":\"Comment\",\"target\":[\"https:\\\/\\\/jornalboasnoticias.com.br\\\/home\\\/ex-muculmana-diz-que-jesus-a-curou-de-odio-aos-judeus\\\/#respond\"]}]},{\"@type\":\"WebPage\",\"@id\":\"https:\\\/\\\/jornalboasnoticias.com.br\\\/home\\\/ex-muculmana-diz-que-jesus-a-curou-de-odio-aos-judeus\\\/\",\"url\":\"https:\\\/\\\/jornalboasnoticias.com.br\\\/home\\\/ex-muculmana-diz-que-jesus-a-curou-de-odio-aos-judeus\\\/\",\"name\":\"Ex-mu\u00e7ulmana diz que Jesus a curou de \u00f3dio aos judeus - Jornal\",\"isPartOf\":{\"@id\":\"https:\\\/\\\/jornalboasnoticias.com.br\\\/home\\\/#website\"},\"primaryImageOfPage\":{\"@id\":\"https:\\\/\\\/jornalboasnoticias.com.br\\\/home\\\/ex-muculmana-diz-que-jesus-a-curou-de-odio-aos-judeus\\\/#primaryimage\"},\"image\":{\"@id\":\"https:\\\/\\\/jornalboasnoticias.com.br\\\/home\\\/ex-muculmana-diz-que-jesus-a-curou-de-odio-aos-judeus\\\/#primaryimage\"},\"thumbnailUrl\":\"https:\\\/\\\/jornalboasnoticias.com.br\\\/home\\\/wp-content\\\/uploads\\\/2024\\\/10\\\/ex-muculmana.webp\",\"datePublished\":\"2024-10-25T01:59:39+00:00\",\"description\":\"Ex-mu\u00e7ulmana diz que Jesus a curou de \u00f3dio aos judeus\",\"breadcrumb\":{\"@id\":\"https:\\\/\\\/jornalboasnoticias.com.br\\\/home\\\/ex-muculmana-diz-que-jesus-a-curou-de-odio-aos-judeus\\\/#breadcrumb\"},\"inLanguage\":\"pt-BR\",\"potentialAction\":[{\"@type\":\"ReadAction\",\"target\":[\"https:\\\/\\\/jornalboasnoticias.com.br\\\/home\\\/ex-muculmana-diz-que-jesus-a-curou-de-odio-aos-judeus\\\/\"]}]},{\"@type\":\"ImageObject\",\"inLanguage\":\"pt-BR\",\"@id\":\"https:\\\/\\\/jornalboasnoticias.com.br\\\/home\\\/ex-muculmana-diz-que-jesus-a-curou-de-odio-aos-judeus\\\/#primaryimage\",\"url\":\"https:\\\/\\\/jornalboasnoticias.com.br\\\/home\\\/wp-content\\\/uploads\\\/2024\\\/10\\\/ex-muculmana.webp\",\"contentUrl\":\"https:\\\/\\\/jornalboasnoticias.com.br\\\/home\\\/wp-content\\\/uploads\\\/2024\\\/10\\\/ex-muculmana.webp\",\"width\":1344,\"height\":845,\"caption\":\"Ex-mu\u00e7ulmana (Foto: Reprodu\u00e7\u00e3o\\\/YouTube)\"},{\"@type\":\"BreadcrumbList\",\"@id\":\"https:\\\/\\\/jornalboasnoticias.com.br\\\/home\\\/ex-muculmana-diz-que-jesus-a-curou-de-odio-aos-judeus\\\/#breadcrumb\",\"itemListElement\":[{\"@type\":\"ListItem\",\"position\":1,\"name\":\"In\u00edcio\",\"item\":\"https:\\\/\\\/jornalboasnoticias.com.br\\\/home\\\/\"},{\"@type\":\"ListItem\",\"position\":2,\"name\":\"Ex-mu\u00e7ulmana diz que Jesus a curou de \u00f3dio aos judeus\"}]},{\"@type\":\"WebSite\",\"@id\":\"https:\\\/\\\/jornalboasnoticias.com.br\\\/home\\\/#website\",\"url\":\"https:\\\/\\\/jornalboasnoticias.com.br\\\/home\\\/\",\"name\":\"Jornal Boas Not\u00edcias\",\"description\":\"Boas not\u00edcias\",\"publisher\":{\"@id\":\"https:\\\/\\\/jornalboasnoticias.com.br\\\/home\\\/#organization\"},\"potentialAction\":[{\"@type\":\"SearchAction\",\"target\":{\"@type\":\"EntryPoint\",\"urlTemplate\":\"https:\\\/\\\/jornalboasnoticias.com.br\\\/home\\\/?s={search_term_string}\"},\"query-input\":{\"@type\":\"PropertyValueSpecification\",\"valueRequired\":true,\"valueName\":\"search_term_string\"}}],\"inLanguage\":\"pt-BR\"},{\"@type\":\"Organization\",\"@id\":\"https:\\\/\\\/jornalboasnoticias.com.br\\\/home\\\/#organization\",\"name\":\"Coq Editora Ltda\",\"alternateName\":\"Jornal Boas Noticias\",\"url\":\"https:\\\/\\\/jornalboasnoticias.com.br\\\/home\\\/\",\"logo\":{\"@type\":\"ImageObject\",\"inLanguage\":\"pt-BR\",\"@id\":\"https:\\\/\\\/jornalboasnoticias.com.br\\\/home\\\/#\\\/schema\\\/logo\\\/image\\\/\",\"url\":\"https:\\\/\\\/jornalboasnoticias.com.br\\\/home\\\/wp-content\\\/uploads\\\/2024\\\/07\\\/cropped-logo.jpg\",\"contentUrl\":\"https:\\\/\\\/jornalboasnoticias.com.br\\\/home\\\/wp-content\\\/uploads\\\/2024\\\/07\\\/cropped-logo.jpg\",\"width\":290,\"height\":142,\"caption\":\"Coq Editora Ltda\"},\"image\":{\"@id\":\"https:\\\/\\\/jornalboasnoticias.com.br\\\/home\\\/#\\\/schema\\\/logo\\\/image\\\/\"},\"sameAs\":[\"https:\\\/\\\/www.facebook.com\\\/boasnoticiasjornal\"]},{\"@type\":\"Person\",\"@id\":\"https:\\\/\\\/jornalboasnoticias.com.br\\\/home\\\/#\\\/schema\\\/person\\\/d641193e0afc6405b390164dac847971\",\"name\":\"Ana Luiza Bonatto\",\"image\":{\"@type\":\"ImageObject\",\"inLanguage\":\"pt-BR\",\"@id\":\"https:\\\/\\\/secure.gravatar.com\\\/avatar\\\/8a055ebe6373371f67ac6fcf313c0ac0b0a91157fdcdb9514fa62927373348f0?s=96&d=mm&r=g\",\"url\":\"https:\\\/\\\/secure.gravatar.com\\\/avatar\\\/8a055ebe6373371f67ac6fcf313c0ac0b0a91157fdcdb9514fa62927373348f0?s=96&d=mm&r=g\",\"contentUrl\":\"https:\\\/\\\/secure.gravatar.com\\\/avatar\\\/8a055ebe6373371f67ac6fcf313c0ac0b0a91157fdcdb9514fa62927373348f0?s=96&d=mm&r=g\",\"caption\":\"Ana Luiza Bonatto\"},\"url\":\"https:\\\/\\\/jornalboasnoticias.com.br\\\/home\\\/author\\\/ana-luiza\\\/\"}]}<\/script>\n<!-- \/ Yoast SEO plugin. -->","yoast_head_json":{"title":"Ex-mu\u00e7ulmana diz que Jesus a curou de \u00f3dio aos judeus - Jornal","description":"Ex-mu\u00e7ulmana diz que Jesus a curou de \u00f3dio aos judeus","robots":{"index":"index","follow":"follow","max-snippet":"max-snippet:-1","max-image-preview":"max-image-preview:large","max-video-preview":"max-video-preview:-1"},"canonical":"https:\/\/jornalboasnoticias.com.br\/home\/ex-muculmana-diz-que-jesus-a-curou-de-odio-aos-judeus\/","og_locale":"pt_BR","og_type":"article","og_title":"Ex-mu\u00e7ulmana diz que Jesus a curou de \u00f3dio aos judeus - Jornal","og_description":"Ex-mu\u00e7ulmana diz que Jesus a curou de \u00f3dio aos judeus","og_url":"https:\/\/jornalboasnoticias.com.br\/home\/ex-muculmana-diz-que-jesus-a-curou-de-odio-aos-judeus\/","og_site_name":"Jornal","article_publisher":"https:\/\/www.facebook.com\/boasnoticiasjornal","article_published_time":"2024-10-25T01:59:39+00:00","og_image":[{"width":1344,"height":845,"url":"https:\/\/jornalboasnoticias.com.br\/home\/wp-content\/uploads\/2024\/10\/ex-muculmana.webp","type":"image\/webp"}],"author":"Ana Luiza Bonatto","twitter_card":"summary_large_image","twitter_misc":{"Escrito por":"Ana Luiza Bonatto","Est. tempo de leitura":"3 minutos"},"schema":{"@context":"https:\/\/schema.org","@graph":[{"@type":"Article","@id":"https:\/\/jornalboasnoticias.com.br\/home\/ex-muculmana-diz-que-jesus-a-curou-de-odio-aos-judeus\/#article","isPartOf":{"@id":"https:\/\/jornalboasnoticias.com.br\/home\/ex-muculmana-diz-que-jesus-a-curou-de-odio-aos-judeus\/"},"author":{"name":"Ana Luiza Bonatto","@id":"https:\/\/jornalboasnoticias.com.br\/home\/#\/schema\/person\/d641193e0afc6405b390164dac847971"},"headline":"Ex-mu\u00e7ulmana diz que Jesus a curou de \u00f3dio aos judeus","datePublished":"2024-10-25T01:59:39+00:00","mainEntityOfPage":{"@id":"https:\/\/jornalboasnoticias.com.br\/home\/ex-muculmana-diz-que-jesus-a-curou-de-odio-aos-judeus\/"},"wordCount":428,"commentCount":0,"publisher":{"@id":"https:\/\/jornalboasnoticias.com.br\/home\/#organization"},"image":{"@id":"https:\/\/jornalboasnoticias.com.br\/home\/ex-muculmana-diz-que-jesus-a-curou-de-odio-aos-judeus\/#primaryimage"},"thumbnailUrl":"https:\/\/jornalboasnoticias.com.br\/home\/wp-content\/uploads\/2024\/10\/ex-muculmana.webp","articleSection":["DESTAQUE","VARIEDADES"],"inLanguage":"pt-BR","potentialAction":[{"@type":"CommentAction","name":"Comment","target":["https:\/\/jornalboasnoticias.com.br\/home\/ex-muculmana-diz-que-jesus-a-curou-de-odio-aos-judeus\/#respond"]}]},{"@type":"WebPage","@id":"https:\/\/jornalboasnoticias.com.br\/home\/ex-muculmana-diz-que-jesus-a-curou-de-odio-aos-judeus\/","url":"https:\/\/jornalboasnoticias.com.br\/home\/ex-muculmana-diz-que-jesus-a-curou-de-odio-aos-judeus\/","name":"Ex-mu\u00e7ulmana diz que Jesus a curou de \u00f3dio aos judeus - Jornal","isPartOf":{"@id":"https:\/\/jornalboasnoticias.com.br\/home\/#website"},"primaryImageOfPage":{"@id":"https:\/\/jornalboasnoticias.com.br\/home\/ex-muculmana-diz-que-jesus-a-curou-de-odio-aos-judeus\/#primaryimage"},"image":{"@id":"https:\/\/jornalboasnoticias.com.br\/home\/ex-muculmana-diz-que-jesus-a-curou-de-odio-aos-judeus\/#primaryimage"},"thumbnailUrl":"https:\/\/jornalboasnoticias.com.br\/home\/wp-content\/uploads\/2024\/10\/ex-muculmana.webp","datePublished":"2024-10-25T01:59:39+00:00","description":"Ex-mu\u00e7ulmana diz que Jesus a curou de \u00f3dio aos judeus","breadcrumb":{"@id":"https:\/\/jornalboasnoticias.com.br\/home\/ex-muculmana-diz-que-jesus-a-curou-de-odio-aos-judeus\/#breadcrumb"},"inLanguage":"pt-BR","potentialAction":[{"@type":"ReadAction","target":["https:\/\/jornalboasnoticias.com.br\/home\/ex-muculmana-diz-que-jesus-a-curou-de-odio-aos-judeus\/"]}]},{"@type":"ImageObject","inLanguage":"pt-BR","@id":"https:\/\/jornalboasnoticias.com.br\/home\/ex-muculmana-diz-que-jesus-a-curou-de-odio-aos-judeus\/#primaryimage","url":"https:\/\/jornalboasnoticias.com.br\/home\/wp-content\/uploads\/2024\/10\/ex-muculmana.webp","contentUrl":"https:\/\/jornalboasnoticias.com.br\/home\/wp-content\/uploads\/2024\/10\/ex-muculmana.webp","width":1344,"height":845,"caption":"Ex-mu\u00e7ulmana (Foto: Reprodu\u00e7\u00e3o\/YouTube)"},{"@type":"BreadcrumbList","@id":"https:\/\/jornalboasnoticias.com.br\/home\/ex-muculmana-diz-que-jesus-a-curou-de-odio-aos-judeus\/#breadcrumb","itemListElement":[{"@type":"ListItem","position":1,"name":"In\u00edcio","item":"https:\/\/jornalboasnoticias.com.br\/home\/"},{"@type":"ListItem","position":2,"name":"Ex-mu\u00e7ulmana diz que Jesus a curou de \u00f3dio aos judeus"}]},{"@type":"WebSite","@id":"https:\/\/jornalboasnoticias.com.br\/home\/#website","url":"https:\/\/jornalboasnoticias.com.br\/home\/","name":"Jornal Boas Not\u00edcias","description":"Boas not\u00edcias","publisher":{"@id":"https:\/\/jornalboasnoticias.com.br\/home\/#organization"},"potentialAction":[{"@type":"SearchAction","target":{"@type":"EntryPoint","urlTemplate":"https:\/\/jornalboasnoticias.com.br\/home\/?s={search_term_string}"},"query-input":{"@type":"PropertyValueSpecification","valueRequired":true,"valueName":"search_term_string"}}],"inLanguage":"pt-BR"},{"@type":"Organization","@id":"https:\/\/jornalboasnoticias.com.br\/home\/#organization","name":"Coq Editora Ltda","alternateName":"Jornal Boas Noticias","url":"https:\/\/jornalboasnoticias.com.br\/home\/","logo":{"@type":"ImageObject","inLanguage":"pt-BR","@id":"https:\/\/jornalboasnoticias.com.br\/home\/#\/schema\/logo\/image\/","url":"https:\/\/jornalboasnoticias.com.br\/home\/wp-content\/uploads\/2024\/07\/cropped-logo.jpg","contentUrl":"https:\/\/jornalboasnoticias.com.br\/home\/wp-content\/uploads\/2024\/07\/cropped-logo.jpg","width":290,"height":142,"caption":"Coq Editora Ltda"},"image":{"@id":"https:\/\/jornalboasnoticias.com.br\/home\/#\/schema\/logo\/image\/"},"sameAs":["https:\/\/www.facebook.com\/boasnoticiasjornal"]},{"@type":"Person","@id":"https:\/\/jornalboasnoticias.com.br\/home\/#\/schema\/person\/d641193e0afc6405b390164dac847971","name":"Ana Luiza Bonatto","image":{"@type":"ImageObject","inLanguage":"pt-BR","@id":"https:\/\/secure.gravatar.com\/avatar\/8a055ebe6373371f67ac6fcf313c0ac0b0a91157fdcdb9514fa62927373348f0?s=96&d=mm&r=g","url":"https:\/\/secure.gravatar.com\/avatar\/8a055ebe6373371f67ac6fcf313c0ac0b0a91157fdcdb9514fa62927373348f0?s=96&d=mm&r=g","contentUrl":"https:\/\/secure.gravatar.com\/avatar\/8a055ebe6373371f67ac6fcf313c0ac0b0a91157fdcdb9514fa62927373348f0?s=96&d=mm&r=g","caption":"Ana Luiza Bonatto"},"url":"https:\/\/jornalboasnoticias.com.br\/home\/author\/ana-luiza\/"}]}},"_links":{"self":[{"href":"https:\/\/jornalboasnoticias.com.br\/home\/wp-json\/wp\/v2\/posts\/44519","targetHints":{"allow":["GET"]}}],"collection":[{"href":"https:\/\/jornalboasnoticias.com.br\/home\/wp-json\/wp\/v2\/posts"}],"about":[{"href":"https:\/\/jornalboasnoticias.com.br\/home\/wp-json\/wp\/v2\/types\/post"}],"author":[{"embeddable":true,"href":"https:\/\/jornalboasnoticias.com.br\/home\/wp-json\/wp\/v2\/users\/4"}],"replies":[{"embeddable":true,"href":"https:\/\/jornalboasnoticias.com.br\/home\/wp-json\/wp\/v2\/comments?post=44519"}],"version-history":[{"count":1,"href":"https:\/\/jornalboasnoticias.com.br\/home\/wp-json\/wp\/v2\/posts\/44519\/revisions"}],"predecessor-version":[{"id":44521,"href":"https:\/\/jornalboasnoticias.com.br\/home\/wp-json\/wp\/v2\/posts\/44519\/revisions\/44521"}],"wp:featuredmedia":[{"embeddable":true,"href":"https:\/\/jornalboasnoticias.com.br\/home\/wp-json\/wp\/v2\/media\/44520"}],"wp:attachment":[{"href":"https:\/\/jornalboasnoticias.com.br\/home\/wp-json\/wp\/v2\/media?parent=44519"}],"wp:term":[{"taxonomy":"category","embeddable":true,"href":"https:\/\/jornalboasnoticias.com.br\/home\/wp-json\/wp\/v2\/categories?post=44519"},{"taxonomy":"post_tag","embeddable":true,"href":"https:\/\/jornalboasnoticias.com.br\/home\/wp-json\/wp\/v2\/tags?post=44519"}],"curies":[{"name":"wp","href":"https:\/\/api.w.org\/{rel}","templated":true}]}}