{"id":44516,"date":"2024-10-25T01:57:36","date_gmt":"2024-10-25T01:57:36","guid":{"rendered":"https:\/\/jornalboasnoticias.com.br\/home\/?p=44516"},"modified":"2024-10-25T01:57:36","modified_gmt":"2024-10-25T01:57:36","slug":"lideres-apontam-a-necessidade-de-oracao-nas-eleicoes-os-candidatos-temem-a-deus","status":"publish","type":"post","link":"https:\/\/jornalboasnoticias.com.br\/home\/lideres-apontam-a-necessidade-de-oracao-nas-eleicoes-os-candidatos-temem-a-deus\/","title":{"rendered":"L\u00edderes apontam a necessidade de ora\u00e7\u00e3o nas elei\u00e7\u00f5es: \u2018Os candidatos temem a Deus?\u2019"},"content":{"rendered":"<p>Apesar do resultado das elei\u00e7\u00f5es causar impactos em todos os setores da sociedade, incluindo o religioso, muitos crist\u00e3os ainda negligenciam a import\u00e2ncia da ora\u00e7\u00e3o sobre os candidatos nas elei\u00e7\u00f5es, algo que foi abortado por l\u00edderes americanos que trouxeram \u00e0 tona a import\u00e2ncia da intercess\u00e3o sobre os rumos da\u00a0pol\u00edtica nacional.<\/p>\n<p>De acordo com uma pesquisa da Religion News Service (RNS), 58% dos americanos consideram que a religi\u00e3o dos candidatos \u00e9 importante nas elei\u00e7\u00f5es, por exemplo, para determinar qual ser\u00e1 o futuro presidente dos Estados Unidos.<\/p>\n<p>Corne Bekker, reitor da Escola de Teologia da Universidade Regent, lembrou que uma quest\u00e3o central deve ser levada em considera\u00e7\u00e3o. \u201cA parte mais importante pela qual precisamos orar, agora, para a elei\u00e7\u00e3o, \u00e9 para saber se \u00e0queles que est\u00e3o disputando a elei\u00e7\u00e3o temem a Deus\u201d, disse ele.<\/p>\n<p>\u201cPrecisamos orar para que a vontade de Deus seja feita. Jesus disse que o melhor na ora\u00e7\u00e3o que ele nos ensinou, que o seu reino venha, que a sua vontade seja feita em nossa terra como \u00e9 no c\u00e9u\u201d, ressaltou Bekker.<\/p>\n<h2>Deus acima de tudo<\/h2>\n<p>Walter Kim, da Associa\u00e7\u00e3o Nacional de Evang\u00e9licos, concorda com Bekker sobre a necessidade da ora\u00e7\u00e3o sobre o per\u00edodo eleitoral. Ele lembrou, por\u00e9m, que essa importante iniciativa crist\u00e3 deve ser um reflexo do compromisso com Deus acima de tudo, e n\u00e3o com a pol\u00edtica.<\/p>\n<p>Isso porque, para Walter, a pol\u00edtica \u00e9 vol\u00e1til, pois est\u00e1 sujeita \u00e0 mudan\u00e7a dos cen\u00e1rios ao longo dos anos. A f\u00e9 em Deus, seus princ\u00edpios e valores, por outro lado, \u00e9 algo permanente.<\/p>\n<p>\u201cA pol\u00edtica vai e vem\u201d, disse ele,\u00a0segundo\u00a0a CBN News. \u201cOs oficiais eleitos ir\u00e3o e vir\u00e3o, mas nossos compromissos como seguidores de Cristo significam que h\u00e1 um compromisso com as boas novas de Jesus Cristo\u201d.<\/p>\n<p>Para Walter, o testemunho crist\u00e3o \u201cdeve durar al\u00e9m de qualquer elei\u00e7\u00e3o\u201d, pois a preocupa\u00e7\u00e3o dos seguidores de Cristo deve estar no fato de fazer com que os seus posicionamentos honrem o nome de Jesus.<\/p>\n<p>Bekker conclui dando um conselho que serve tamb\u00e9m para a pol\u00edtica brasileira, fazendo um apelo pela uni\u00e3o dos diferentes segmentos ideol\u00f3gicos em prol das causas comuns. Ele lembrou que, como ensina a B\u00edblia, todo reino dividido contra si mesmo n\u00e3o resiste e cai em ru\u00ednas.<\/p>\n<p>A ora\u00e7\u00e3o dos crist\u00e3os, portanto, tamb\u00e9m deve ser pela unidade da na\u00e7\u00e3o. \u201cEu acho que n\u00f3s, como crist\u00e3os, devemos realmente orar\u2026 precisamos orar por palavras pac\u00edficas, palavras que unam, palavras que tragam cura e, de fato, orar para que Deus una este pa\u00eds novamente\u201d, conclui.<\/p>\n<p><em><strong>Gospel +<\/strong><\/em><\/p>\n","protected":false},"excerpt":{"rendered":"<p>Apesar do resultado das elei\u00e7\u00f5es causar impactos em todos os setores da sociedade, incluindo o<\/p>\n","protected":false},"author":4,"featured_media":44517,"comment_status":"open","ping_status":"open","sticky":false,"template":"","format":"standard","meta":{"footnotes":""},"categories":[6],"tags":[],"class_list":["post-44516","post","type-post","status-publish","format-standard","has-post-thumbnail","hentry","category-brasil"],"yoast_head":"<!-- This site is optimized with the Yoast SEO plugin v27.5 - https:\/\/yoast.com\/product\/yoast-seo-wordpress\/ -->\n<title>L\u00edderes apontam a necessidade de ora\u00e7\u00e3o nas elei\u00e7\u00f5es: \u2018Os candidatos temem a Deus?\u2019 - Jornal<\/title>\n<meta name=\"description\" content=\"L\u00edderes apontam a necessidade de ora\u00e7\u00e3o nas elei\u00e7\u00f5es: \u2018Os candidatos temem a Deus?\u2019\" \/>\n<meta name=\"robots\" content=\"index, follow, max-snippet:-1, max-image-preview:large, max-video-preview:-1\" \/>\n<link rel=\"canonical\" href=\"https:\/\/jornalboasnoticias.com.br\/home\/lideres-apontam-a-necessidade-de-oracao-nas-eleicoes-os-candidatos-temem-a-deus\/\" \/>\n<meta property=\"og:locale\" content=\"pt_BR\" \/>\n<meta property=\"og:type\" content=\"article\" \/>\n<meta property=\"og:title\" content=\"L\u00edderes apontam a necessidade de ora\u00e7\u00e3o nas elei\u00e7\u00f5es: \u2018Os candidatos temem a Deus?\u2019 - Jornal\" \/>\n<meta property=\"og:description\" content=\"L\u00edderes apontam a necessidade de ora\u00e7\u00e3o nas elei\u00e7\u00f5es: \u2018Os candidatos temem a Deus?\u2019\" \/>\n<meta property=\"og:url\" content=\"https:\/\/jornalboasnoticias.com.br\/home\/lideres-apontam-a-necessidade-de-oracao-nas-eleicoes-os-candidatos-temem-a-deus\/\" \/>\n<meta property=\"og:site_name\" content=\"Jornal\" \/>\n<meta property=\"article:publisher\" content=\"https:\/\/www.facebook.com\/boasnoticiasjornal\" \/>\n<meta property=\"article:published_time\" content=\"2024-10-25T01:57:36+00:00\" \/>\n<meta property=\"og:image\" content=\"https:\/\/jornalboasnoticias.com.br\/home\/wp-content\/uploads\/2024\/10\/lideres-necessidade-oracao-eleicoes-candidatos-temem-deus.jpg\" \/>\n\t<meta property=\"og:image:width\" content=\"890\" \/>\n\t<meta property=\"og:image:height\" content=\"466\" \/>\n\t<meta property=\"og:image:type\" content=\"image\/jpeg\" \/>\n<meta name=\"author\" content=\"Ana Luiza Bonatto\" \/>\n<meta name=\"twitter:card\" content=\"summary_large_image\" \/>\n<meta name=\"twitter:label1\" content=\"Escrito por\" \/>\n\t<meta name=\"twitter:data1\" content=\"Ana Luiza Bonatto\" \/>\n\t<meta name=\"twitter:label2\" content=\"Est. tempo de leitura\" \/>\n\t<meta name=\"twitter:data2\" content=\"3 minutos\" \/>\n<script type=\"application\/ld+json\" class=\"yoast-schema-graph\">{\"@context\":\"https:\\\/\\\/schema.org\",\"@graph\":[{\"@type\":\"Article\",\"@id\":\"https:\\\/\\\/jornalboasnoticias.com.br\\\/home\\\/lideres-apontam-a-necessidade-de-oracao-nas-eleicoes-os-candidatos-temem-a-deus\\\/#article\",\"isPartOf\":{\"@id\":\"https:\\\/\\\/jornalboasnoticias.com.br\\\/home\\\/lideres-apontam-a-necessidade-de-oracao-nas-eleicoes-os-candidatos-temem-a-deus\\\/\"},\"author\":{\"name\":\"Ana Luiza Bonatto\",\"@id\":\"https:\\\/\\\/jornalboasnoticias.com.br\\\/home\\\/#\\\/schema\\\/person\\\/d641193e0afc6405b390164dac847971\"},\"headline\":\"L\u00edderes apontam a necessidade de ora\u00e7\u00e3o nas elei\u00e7\u00f5es: \u2018Os candidatos temem a Deus?\u2019\",\"datePublished\":\"2024-10-25T01:57:36+00:00\",\"mainEntityOfPage\":{\"@id\":\"https:\\\/\\\/jornalboasnoticias.com.br\\\/home\\\/lideres-apontam-a-necessidade-de-oracao-nas-eleicoes-os-candidatos-temem-a-deus\\\/\"},\"wordCount\":474,\"commentCount\":0,\"publisher\":{\"@id\":\"https:\\\/\\\/jornalboasnoticias.com.br\\\/home\\\/#organization\"},\"image\":{\"@id\":\"https:\\\/\\\/jornalboasnoticias.com.br\\\/home\\\/lideres-apontam-a-necessidade-de-oracao-nas-eleicoes-os-candidatos-temem-a-deus\\\/#primaryimage\"},\"thumbnailUrl\":\"https:\\\/\\\/jornalboasnoticias.com.br\\\/home\\\/wp-content\\\/uploads\\\/2024\\\/10\\\/lideres-necessidade-oracao-eleicoes-candidatos-temem-deus.jpg\",\"articleSection\":[\"BRASIL\"],\"inLanguage\":\"pt-BR\",\"potentialAction\":[{\"@type\":\"CommentAction\",\"name\":\"Comment\",\"target\":[\"https:\\\/\\\/jornalboasnoticias.com.br\\\/home\\\/lideres-apontam-a-necessidade-de-oracao-nas-eleicoes-os-candidatos-temem-a-deus\\\/#respond\"]}]},{\"@type\":\"WebPage\",\"@id\":\"https:\\\/\\\/jornalboasnoticias.com.br\\\/home\\\/lideres-apontam-a-necessidade-de-oracao-nas-eleicoes-os-candidatos-temem-a-deus\\\/\",\"url\":\"https:\\\/\\\/jornalboasnoticias.com.br\\\/home\\\/lideres-apontam-a-necessidade-de-oracao-nas-eleicoes-os-candidatos-temem-a-deus\\\/\",\"name\":\"L\u00edderes apontam a necessidade de ora\u00e7\u00e3o nas elei\u00e7\u00f5es: \u2018Os candidatos temem a Deus?\u2019 - Jornal\",\"isPartOf\":{\"@id\":\"https:\\\/\\\/jornalboasnoticias.com.br\\\/home\\\/#website\"},\"primaryImageOfPage\":{\"@id\":\"https:\\\/\\\/jornalboasnoticias.com.br\\\/home\\\/lideres-apontam-a-necessidade-de-oracao-nas-eleicoes-os-candidatos-temem-a-deus\\\/#primaryimage\"},\"image\":{\"@id\":\"https:\\\/\\\/jornalboasnoticias.com.br\\\/home\\\/lideres-apontam-a-necessidade-de-oracao-nas-eleicoes-os-candidatos-temem-a-deus\\\/#primaryimage\"},\"thumbnailUrl\":\"https:\\\/\\\/jornalboasnoticias.com.br\\\/home\\\/wp-content\\\/uploads\\\/2024\\\/10\\\/lideres-necessidade-oracao-eleicoes-candidatos-temem-deus.jpg\",\"datePublished\":\"2024-10-25T01:57:36+00:00\",\"description\":\"L\u00edderes apontam a necessidade de ora\u00e7\u00e3o nas elei\u00e7\u00f5es: \u2018Os candidatos temem a Deus?\u2019\",\"breadcrumb\":{\"@id\":\"https:\\\/\\\/jornalboasnoticias.com.br\\\/home\\\/lideres-apontam-a-necessidade-de-oracao-nas-eleicoes-os-candidatos-temem-a-deus\\\/#breadcrumb\"},\"inLanguage\":\"pt-BR\",\"potentialAction\":[{\"@type\":\"ReadAction\",\"target\":[\"https:\\\/\\\/jornalboasnoticias.com.br\\\/home\\\/lideres-apontam-a-necessidade-de-oracao-nas-eleicoes-os-candidatos-temem-a-deus\\\/\"]}]},{\"@type\":\"ImageObject\",\"inLanguage\":\"pt-BR\",\"@id\":\"https:\\\/\\\/jornalboasnoticias.com.br\\\/home\\\/lideres-apontam-a-necessidade-de-oracao-nas-eleicoes-os-candidatos-temem-a-deus\\\/#primaryimage\",\"url\":\"https:\\\/\\\/jornalboasnoticias.com.br\\\/home\\\/wp-content\\\/uploads\\\/2024\\\/10\\\/lideres-necessidade-oracao-eleicoes-candidatos-temem-deus.jpg\",\"contentUrl\":\"https:\\\/\\\/jornalboasnoticias.com.br\\\/home\\\/wp-content\\\/uploads\\\/2024\\\/10\\\/lideres-necessidade-oracao-eleicoes-candidatos-temem-deus.jpg\",\"width\":890,\"height\":466},{\"@type\":\"BreadcrumbList\",\"@id\":\"https:\\\/\\\/jornalboasnoticias.com.br\\\/home\\\/lideres-apontam-a-necessidade-de-oracao-nas-eleicoes-os-candidatos-temem-a-deus\\\/#breadcrumb\",\"itemListElement\":[{\"@type\":\"ListItem\",\"position\":1,\"name\":\"In\u00edcio\",\"item\":\"https:\\\/\\\/jornalboasnoticias.com.br\\\/home\\\/\"},{\"@type\":\"ListItem\",\"position\":2,\"name\":\"L\u00edderes apontam a necessidade de ora\u00e7\u00e3o nas elei\u00e7\u00f5es: \u2018Os candidatos temem a Deus?\u2019\"}]},{\"@type\":\"WebSite\",\"@id\":\"https:\\\/\\\/jornalboasnoticias.com.br\\\/home\\\/#website\",\"url\":\"https:\\\/\\\/jornalboasnoticias.com.br\\\/home\\\/\",\"name\":\"Jornal Boas Not\u00edcias\",\"description\":\"Boas not\u00edcias\",\"publisher\":{\"@id\":\"https:\\\/\\\/jornalboasnoticias.com.br\\\/home\\\/#organization\"},\"potentialAction\":[{\"@type\":\"SearchAction\",\"target\":{\"@type\":\"EntryPoint\",\"urlTemplate\":\"https:\\\/\\\/jornalboasnoticias.com.br\\\/home\\\/?s={search_term_string}\"},\"query-input\":{\"@type\":\"PropertyValueSpecification\",\"valueRequired\":true,\"valueName\":\"search_term_string\"}}],\"inLanguage\":\"pt-BR\"},{\"@type\":\"Organization\",\"@id\":\"https:\\\/\\\/jornalboasnoticias.com.br\\\/home\\\/#organization\",\"name\":\"Coq Editora Ltda\",\"alternateName\":\"Jornal Boas Noticias\",\"url\":\"https:\\\/\\\/jornalboasnoticias.com.br\\\/home\\\/\",\"logo\":{\"@type\":\"ImageObject\",\"inLanguage\":\"pt-BR\",\"@id\":\"https:\\\/\\\/jornalboasnoticias.com.br\\\/home\\\/#\\\/schema\\\/logo\\\/image\\\/\",\"url\":\"https:\\\/\\\/jornalboasnoticias.com.br\\\/home\\\/wp-content\\\/uploads\\\/2024\\\/07\\\/cropped-logo.jpg\",\"contentUrl\":\"https:\\\/\\\/jornalboasnoticias.com.br\\\/home\\\/wp-content\\\/uploads\\\/2024\\\/07\\\/cropped-logo.jpg\",\"width\":290,\"height\":142,\"caption\":\"Coq Editora Ltda\"},\"image\":{\"@id\":\"https:\\\/\\\/jornalboasnoticias.com.br\\\/home\\\/#\\\/schema\\\/logo\\\/image\\\/\"},\"sameAs\":[\"https:\\\/\\\/www.facebook.com\\\/boasnoticiasjornal\"]},{\"@type\":\"Person\",\"@id\":\"https:\\\/\\\/jornalboasnoticias.com.br\\\/home\\\/#\\\/schema\\\/person\\\/d641193e0afc6405b390164dac847971\",\"name\":\"Ana Luiza Bonatto\",\"image\":{\"@type\":\"ImageObject\",\"inLanguage\":\"pt-BR\",\"@id\":\"https:\\\/\\\/secure.gravatar.com\\\/avatar\\\/8a055ebe6373371f67ac6fcf313c0ac0b0a91157fdcdb9514fa62927373348f0?s=96&d=mm&r=g\",\"url\":\"https:\\\/\\\/secure.gravatar.com\\\/avatar\\\/8a055ebe6373371f67ac6fcf313c0ac0b0a91157fdcdb9514fa62927373348f0?s=96&d=mm&r=g\",\"contentUrl\":\"https:\\\/\\\/secure.gravatar.com\\\/avatar\\\/8a055ebe6373371f67ac6fcf313c0ac0b0a91157fdcdb9514fa62927373348f0?s=96&d=mm&r=g\",\"caption\":\"Ana Luiza Bonatto\"},\"url\":\"https:\\\/\\\/jornalboasnoticias.com.br\\\/home\\\/author\\\/ana-luiza\\\/\"}]}<\/script>\n<!-- \/ Yoast SEO plugin. -->","yoast_head_json":{"title":"L\u00edderes apontam a necessidade de ora\u00e7\u00e3o nas elei\u00e7\u00f5es: \u2018Os candidatos temem a Deus?\u2019 - Jornal","description":"L\u00edderes apontam a necessidade de ora\u00e7\u00e3o nas elei\u00e7\u00f5es: \u2018Os candidatos temem a Deus?\u2019","robots":{"index":"index","follow":"follow","max-snippet":"max-snippet:-1","max-image-preview":"max-image-preview:large","max-video-preview":"max-video-preview:-1"},"canonical":"https:\/\/jornalboasnoticias.com.br\/home\/lideres-apontam-a-necessidade-de-oracao-nas-eleicoes-os-candidatos-temem-a-deus\/","og_locale":"pt_BR","og_type":"article","og_title":"L\u00edderes apontam a necessidade de ora\u00e7\u00e3o nas elei\u00e7\u00f5es: \u2018Os candidatos temem a Deus?\u2019 - Jornal","og_description":"L\u00edderes apontam a necessidade de ora\u00e7\u00e3o nas elei\u00e7\u00f5es: \u2018Os candidatos temem a Deus?\u2019","og_url":"https:\/\/jornalboasnoticias.com.br\/home\/lideres-apontam-a-necessidade-de-oracao-nas-eleicoes-os-candidatos-temem-a-deus\/","og_site_name":"Jornal","article_publisher":"https:\/\/www.facebook.com\/boasnoticiasjornal","article_published_time":"2024-10-25T01:57:36+00:00","og_image":[{"width":890,"height":466,"url":"https:\/\/jornalboasnoticias.com.br\/home\/wp-content\/uploads\/2024\/10\/lideres-necessidade-oracao-eleicoes-candidatos-temem-deus.jpg","type":"image\/jpeg"}],"author":"Ana Luiza Bonatto","twitter_card":"summary_large_image","twitter_misc":{"Escrito por":"Ana Luiza Bonatto","Est. tempo de leitura":"3 minutos"},"schema":{"@context":"https:\/\/schema.org","@graph":[{"@type":"Article","@id":"https:\/\/jornalboasnoticias.com.br\/home\/lideres-apontam-a-necessidade-de-oracao-nas-eleicoes-os-candidatos-temem-a-deus\/#article","isPartOf":{"@id":"https:\/\/jornalboasnoticias.com.br\/home\/lideres-apontam-a-necessidade-de-oracao-nas-eleicoes-os-candidatos-temem-a-deus\/"},"author":{"name":"Ana Luiza Bonatto","@id":"https:\/\/jornalboasnoticias.com.br\/home\/#\/schema\/person\/d641193e0afc6405b390164dac847971"},"headline":"L\u00edderes apontam a necessidade de ora\u00e7\u00e3o nas elei\u00e7\u00f5es: \u2018Os candidatos temem a Deus?\u2019","datePublished":"2024-10-25T01:57:36+00:00","mainEntityOfPage":{"@id":"https:\/\/jornalboasnoticias.com.br\/home\/lideres-apontam-a-necessidade-de-oracao-nas-eleicoes-os-candidatos-temem-a-deus\/"},"wordCount":474,"commentCount":0,"publisher":{"@id":"https:\/\/jornalboasnoticias.com.br\/home\/#organization"},"image":{"@id":"https:\/\/jornalboasnoticias.com.br\/home\/lideres-apontam-a-necessidade-de-oracao-nas-eleicoes-os-candidatos-temem-a-deus\/#primaryimage"},"thumbnailUrl":"https:\/\/jornalboasnoticias.com.br\/home\/wp-content\/uploads\/2024\/10\/lideres-necessidade-oracao-eleicoes-candidatos-temem-deus.jpg","articleSection":["BRASIL"],"inLanguage":"pt-BR","potentialAction":[{"@type":"CommentAction","name":"Comment","target":["https:\/\/jornalboasnoticias.com.br\/home\/lideres-apontam-a-necessidade-de-oracao-nas-eleicoes-os-candidatos-temem-a-deus\/#respond"]}]},{"@type":"WebPage","@id":"https:\/\/jornalboasnoticias.com.br\/home\/lideres-apontam-a-necessidade-de-oracao-nas-eleicoes-os-candidatos-temem-a-deus\/","url":"https:\/\/jornalboasnoticias.com.br\/home\/lideres-apontam-a-necessidade-de-oracao-nas-eleicoes-os-candidatos-temem-a-deus\/","name":"L\u00edderes apontam a necessidade de ora\u00e7\u00e3o nas elei\u00e7\u00f5es: \u2018Os candidatos temem a Deus?\u2019 - Jornal","isPartOf":{"@id":"https:\/\/jornalboasnoticias.com.br\/home\/#website"},"primaryImageOfPage":{"@id":"https:\/\/jornalboasnoticias.com.br\/home\/lideres-apontam-a-necessidade-de-oracao-nas-eleicoes-os-candidatos-temem-a-deus\/#primaryimage"},"image":{"@id":"https:\/\/jornalboasnoticias.com.br\/home\/lideres-apontam-a-necessidade-de-oracao-nas-eleicoes-os-candidatos-temem-a-deus\/#primaryimage"},"thumbnailUrl":"https:\/\/jornalboasnoticias.com.br\/home\/wp-content\/uploads\/2024\/10\/lideres-necessidade-oracao-eleicoes-candidatos-temem-deus.jpg","datePublished":"2024-10-25T01:57:36+00:00","description":"L\u00edderes apontam a necessidade de ora\u00e7\u00e3o nas elei\u00e7\u00f5es: \u2018Os candidatos temem a Deus?\u2019","breadcrumb":{"@id":"https:\/\/jornalboasnoticias.com.br\/home\/lideres-apontam-a-necessidade-de-oracao-nas-eleicoes-os-candidatos-temem-a-deus\/#breadcrumb"},"inLanguage":"pt-BR","potentialAction":[{"@type":"ReadAction","target":["https:\/\/jornalboasnoticias.com.br\/home\/lideres-apontam-a-necessidade-de-oracao-nas-eleicoes-os-candidatos-temem-a-deus\/"]}]},{"@type":"ImageObject","inLanguage":"pt-BR","@id":"https:\/\/jornalboasnoticias.com.br\/home\/lideres-apontam-a-necessidade-de-oracao-nas-eleicoes-os-candidatos-temem-a-deus\/#primaryimage","url":"https:\/\/jornalboasnoticias.com.br\/home\/wp-content\/uploads\/2024\/10\/lideres-necessidade-oracao-eleicoes-candidatos-temem-deus.jpg","contentUrl":"https:\/\/jornalboasnoticias.com.br\/home\/wp-content\/uploads\/2024\/10\/lideres-necessidade-oracao-eleicoes-candidatos-temem-deus.jpg","width":890,"height":466},{"@type":"BreadcrumbList","@id":"https:\/\/jornalboasnoticias.com.br\/home\/lideres-apontam-a-necessidade-de-oracao-nas-eleicoes-os-candidatos-temem-a-deus\/#breadcrumb","itemListElement":[{"@type":"ListItem","position":1,"name":"In\u00edcio","item":"https:\/\/jornalboasnoticias.com.br\/home\/"},{"@type":"ListItem","position":2,"name":"L\u00edderes apontam a necessidade de ora\u00e7\u00e3o nas elei\u00e7\u00f5es: \u2018Os candidatos temem a Deus?\u2019"}]},{"@type":"WebSite","@id":"https:\/\/jornalboasnoticias.com.br\/home\/#website","url":"https:\/\/jornalboasnoticias.com.br\/home\/","name":"Jornal Boas Not\u00edcias","description":"Boas not\u00edcias","publisher":{"@id":"https:\/\/jornalboasnoticias.com.br\/home\/#organization"},"potentialAction":[{"@type":"SearchAction","target":{"@type":"EntryPoint","urlTemplate":"https:\/\/jornalboasnoticias.com.br\/home\/?s={search_term_string}"},"query-input":{"@type":"PropertyValueSpecification","valueRequired":true,"valueName":"search_term_string"}}],"inLanguage":"pt-BR"},{"@type":"Organization","@id":"https:\/\/jornalboasnoticias.com.br\/home\/#organization","name":"Coq Editora Ltda","alternateName":"Jornal Boas Noticias","url":"https:\/\/jornalboasnoticias.com.br\/home\/","logo":{"@type":"ImageObject","inLanguage":"pt-BR","@id":"https:\/\/jornalboasnoticias.com.br\/home\/#\/schema\/logo\/image\/","url":"https:\/\/jornalboasnoticias.com.br\/home\/wp-content\/uploads\/2024\/07\/cropped-logo.jpg","contentUrl":"https:\/\/jornalboasnoticias.com.br\/home\/wp-content\/uploads\/2024\/07\/cropped-logo.jpg","width":290,"height":142,"caption":"Coq Editora Ltda"},"image":{"@id":"https:\/\/jornalboasnoticias.com.br\/home\/#\/schema\/logo\/image\/"},"sameAs":["https:\/\/www.facebook.com\/boasnoticiasjornal"]},{"@type":"Person","@id":"https:\/\/jornalboasnoticias.com.br\/home\/#\/schema\/person\/d641193e0afc6405b390164dac847971","name":"Ana Luiza Bonatto","image":{"@type":"ImageObject","inLanguage":"pt-BR","@id":"https:\/\/secure.gravatar.com\/avatar\/8a055ebe6373371f67ac6fcf313c0ac0b0a91157fdcdb9514fa62927373348f0?s=96&d=mm&r=g","url":"https:\/\/secure.gravatar.com\/avatar\/8a055ebe6373371f67ac6fcf313c0ac0b0a91157fdcdb9514fa62927373348f0?s=96&d=mm&r=g","contentUrl":"https:\/\/secure.gravatar.com\/avatar\/8a055ebe6373371f67ac6fcf313c0ac0b0a91157fdcdb9514fa62927373348f0?s=96&d=mm&r=g","caption":"Ana Luiza Bonatto"},"url":"https:\/\/jornalboasnoticias.com.br\/home\/author\/ana-luiza\/"}]}},"_links":{"self":[{"href":"https:\/\/jornalboasnoticias.com.br\/home\/wp-json\/wp\/v2\/posts\/44516","targetHints":{"allow":["GET"]}}],"collection":[{"href":"https:\/\/jornalboasnoticias.com.br\/home\/wp-json\/wp\/v2\/posts"}],"about":[{"href":"https:\/\/jornalboasnoticias.com.br\/home\/wp-json\/wp\/v2\/types\/post"}],"author":[{"embeddable":true,"href":"https:\/\/jornalboasnoticias.com.br\/home\/wp-json\/wp\/v2\/users\/4"}],"replies":[{"embeddable":true,"href":"https:\/\/jornalboasnoticias.com.br\/home\/wp-json\/wp\/v2\/comments?post=44516"}],"version-history":[{"count":1,"href":"https:\/\/jornalboasnoticias.com.br\/home\/wp-json\/wp\/v2\/posts\/44516\/revisions"}],"predecessor-version":[{"id":44518,"href":"https:\/\/jornalboasnoticias.com.br\/home\/wp-json\/wp\/v2\/posts\/44516\/revisions\/44518"}],"wp:featuredmedia":[{"embeddable":true,"href":"https:\/\/jornalboasnoticias.com.br\/home\/wp-json\/wp\/v2\/media\/44517"}],"wp:attachment":[{"href":"https:\/\/jornalboasnoticias.com.br\/home\/wp-json\/wp\/v2\/media?parent=44516"}],"wp:term":[{"taxonomy":"category","embeddable":true,"href":"https:\/\/jornalboasnoticias.com.br\/home\/wp-json\/wp\/v2\/categories?post=44516"},{"taxonomy":"post_tag","embeddable":true,"href":"https:\/\/jornalboasnoticias.com.br\/home\/wp-json\/wp\/v2\/tags?post=44516"}],"curies":[{"name":"wp","href":"https:\/\/api.w.org\/{rel}","templated":true}]}}