{"id":44512,"date":"2024-10-25T01:55:54","date_gmt":"2024-10-25T01:55:54","guid":{"rendered":"https:\/\/jornalboasnoticias.com.br\/home\/?p=44512"},"modified":"2024-10-25T01:55:54","modified_gmt":"2024-10-25T01:55:54","slug":"o-evangelho-nao-e-de-esquerda-ou-direita-diz-manifesto-assinado-por-pastores","status":"publish","type":"post","link":"https:\/\/jornalboasnoticias.com.br\/home\/o-evangelho-nao-e-de-esquerda-ou-direita-diz-manifesto-assinado-por-pastores\/","title":{"rendered":"\u2018O Evangelho n\u00e3o \u00e9 de esquerda ou direita\u2019, diz manifesto assinado por pastores"},"content":{"rendered":"<figure id=\"attachment_44513\" aria-describedby=\"caption-attachment-44513\" style=\"width: 900px\" class=\"wp-caption alignnone\"><img loading=\"lazy\" decoding=\"async\" class=\"wp-image-44513 size-full\" src=\"https:\/\/jornalboasnoticias.com.br\/home\/wp-content\/uploads\/2024\/10\/Carlinhos_Queiroz.jpg\" alt=\"\" width=\"900\" height=\"594\" srcset=\"https:\/\/jornalboasnoticias.com.br\/home\/wp-content\/uploads\/2024\/10\/Carlinhos_Queiroz.jpg 900w, https:\/\/jornalboasnoticias.com.br\/home\/wp-content\/uploads\/2024\/10\/Carlinhos_Queiroz-300x198.jpg 300w, https:\/\/jornalboasnoticias.com.br\/home\/wp-content\/uploads\/2024\/10\/Carlinhos_Queiroz-768x507.jpg 768w\" sizes=\"auto, (max-width: 900px) 100vw, 900px\" \/><figcaption id=\"caption-attachment-44513\" class=\"wp-caption-text\">Foto: Divulga\u00e7\u00e3o<\/figcaption><\/figure>\n<p>Contrariando uma fala recente do presidente Luiz In\u00e1cio Lula da Silva, ao dizer que \u201cningu\u00e9m foi mais de esquerda do que Jesus\u201c, pastores do Cear\u00e1 assinaram um manifesto contra o que consideram ser uma politiza\u00e7\u00e3o do Evangelho de Jesus Cristo no estado.<\/p>\n<p>No centro da quest\u00e3o est\u00e1 a disputa eleitoral pela Prefeitura de Fortaleza, onde o candidato Andr\u00e9 Fernandes (PL), apoiado pelo ex-presidente Jair Bolsonaro, trava o segundo turno contra o candidato Evandro Leital (PT), apoiado por Lula.<\/p>\n<p>De acordo com a Revista Comunh\u00e3o, o manifesto intitulado \u201cProclama\u00e7\u00e3o pela integridade do Evangelho durante as elei\u00e7\u00f5es municipais de Fortaleza em 2024\u201d foi divulgado no \u00faltimo fim de semana, em grupos de WhatsApp.<\/p>\n<p>Sem destacar quest\u00f5es morais que refletem ou n\u00e3o o pensamento crist\u00e3o atrav\u00e9s das propostas pol\u00edticas defendidas pelos diferentes candidatos, o documento afirma, dentre outras coisas, que o Evangelho de Cristo \u201cjamais ser\u00e1 de esquerda ou de direita\u201d, e que \u201cn\u00e3o h\u00e1 candidato enviado por Deus e nem pelo inferno.\u201d<\/p>\n<p>\u201cA escolha de nossos governantes deve ser feita com responsabilidade e ora\u00e7\u00e3o, mas jamais devemos atribuir car\u00e1ter divino ou demon\u00edaco a qualquer candidato, pois isso \u00e9 uma distor\u00e7\u00e3o da f\u00e9\u201d, diz um trecho do manifesto.<\/p>\n<p>\u201cQue o Senhor nos d\u00ea sabedoria para discernir o tempo em que vivemos, nos capacite a manter a integridade da f\u00e9 e nos ajude a preservar a santidade dos templos como lugares de adora\u00e7\u00e3o, intercess\u00e3o e prega\u00e7\u00e3o do Evangelho. Oramos para que o Reino de Deus continue sendo nossa principal busca e que as elei\u00e7\u00f5es n\u00e3o obscure\u00e7am nossa verdadeira miss\u00e3o\u201d, conclui o documento.<\/p>\n<p>Para o pastor Sandro Fiuza, da Comunidade Evang\u00e9lica Verdadeiros Adoradores (Ceva), a Igreja deve, sim, participar das discuss\u00f5es pol\u00edticas na sociedade, \u201cmas o que a gente est\u00e1 vendo aqui em Fortaleza principalmente \u2013 mas n\u00e3o s\u00f3 aqui \u2013 \u00e9 um exagero dessa situa\u00e7\u00e3o e uma proselitiza\u00e7\u00e3o da elei\u00e7\u00e3o\u201d, afirma.<\/p>\n<p>Fiuza est\u00e1 na lista dos signat\u00e1rios do manifesto, ao lado de nomes como o pastor Carlos Queiroz [foto], um dos principais nomes da Teologia da Miss\u00e3o Integral (TMI) no Brasil, corrente teol\u00f3gica normalmente associada ao vi\u00e9s ideol\u00f3gico de esquerda.<\/p>\n<p>\u201cAo seguirmos o exemplo de Cristo, devemos zelar para que nossos altares permane\u00e7am focados na prega\u00e7\u00e3o do amor, da justi\u00e7a e da esperan\u00e7a, e n\u00e3o se tornem palanques de campanhas eleitorais\u201d,\u00a0ressalta\u00a0Fiuza.<\/p>\n<h2>Perspectivas diversas<\/h2>\n<p>A discuss\u00e3o envolvendo a rela\u00e7\u00e3o entre f\u00e9 e pol\u00edtica \u00e9 uma realidade dentro e fora do Brasil. Para o pastor Josh Howerton, por exemplo, presidente da Igreja Lakepointe no Texas, Estados Unidos, a atua\u00e7\u00e3o cada vez maior dos l\u00edderes crist\u00e3os nesse quesito tem sido uma rea\u00e7\u00e3o natural \u00e0 interfer\u00eancia do Estado nos assuntos da Igreja.<\/p>\n<p>\u201cQuando o governo passou de [discutir] coisas como construir estradas, emitir carteiras de motorista e ensinar matem\u00e1tica, para coisas como redefinir o casamento, apagar o g\u00eanero, reformular o aborto como direitos reprodutivos e, depois, usar o sistema escolar para doutrinar os filhos de todos a acreditar nessas coisas, a Igreja n\u00e3o foi a culpada. Foi a pol\u00edtica que fez isso\u201d,\u00a0disse ele.<\/p>\n<p>Em outras palavras, \u00e9 poss\u00edvel dizer que apesar do Evangelho de Cristo n\u00e3o poder se enquadrado em determinado espectro ideol\u00f3gico pol\u00edtico, ele \u00e9 composto por um conjunto de princ\u00edpios e valores que se encaixa mais, ou menos, em algum dos segmentos dispostos no mundo atual, sendo a direita e esquerda os dois maiores polos.<\/p>\n<p>Na Coreia do Sul, outro exemplo, o revendo Hyun-bo Son est\u00e1 a frente de um evento que reunir\u00e1 2 milh\u00f5es de coreanos crist\u00e3os na pr\u00f3xima semana. O objetivo \u00e9 fazer um levante das igrejas contra o avan\u00e7o de projetos progressistas, tipicamente defendidos pela esquerda, como o \u201ccasamento gay\u201d.<\/p>\n<p>\u201cA pol\u00edtica e a religi\u00e3o n\u00e3o podem ser separadas\u201d, diz o reverendo, conforme not\u00edcia do\u00a0GospelMais. \u201cA Igreja faz parte do sistema pol\u00edtico que governa a na\u00e7\u00e3o. Voc\u00ea n\u00e3o pode dizer que esta parte pertence \u00e0 igreja e essa parte pertence aos pol\u00edticos. Quando os pol\u00edticos fazem uma lei, as igrejas est\u00e3o sob a lei, por isso s\u00e3o afetadas pela lei\u201d.<\/p>\n<p><em><strong>Gospel +<\/strong><\/em><\/p>\n","protected":false},"excerpt":{"rendered":"<p>Contrariando uma fala recente do presidente Luiz In\u00e1cio Lula da Silva, ao dizer que \u201cningu\u00e9m<\/p>\n","protected":false},"author":4,"featured_media":44513,"comment_status":"open","ping_status":"open","sticky":false,"template":"","format":"standard","meta":{"footnotes":""},"categories":[6],"tags":[],"class_list":["post-44512","post","type-post","status-publish","format-standard","has-post-thumbnail","hentry","category-brasil"],"yoast_head":"<!-- This site is optimized with the Yoast SEO plugin v27.5 - https:\/\/yoast.com\/product\/yoast-seo-wordpress\/ -->\n<title>\u2018O Evangelho n\u00e3o \u00e9 de esquerda ou direita\u2019, diz manifesto assinado por pastores - Jornal<\/title>\n<meta name=\"description\" content=\"\u2018O Evangelho n\u00e3o \u00e9 de esquerda ou direita\u2019, diz manifesto assinado por pastores\" \/>\n<meta name=\"robots\" content=\"index, follow, max-snippet:-1, max-image-preview:large, max-video-preview:-1\" \/>\n<link rel=\"canonical\" href=\"https:\/\/jornalboasnoticias.com.br\/home\/o-evangelho-nao-e-de-esquerda-ou-direita-diz-manifesto-assinado-por-pastores\/\" \/>\n<meta property=\"og:locale\" content=\"pt_BR\" \/>\n<meta property=\"og:type\" content=\"article\" \/>\n<meta property=\"og:title\" content=\"\u2018O Evangelho n\u00e3o \u00e9 de esquerda ou direita\u2019, diz manifesto assinado por pastores - Jornal\" \/>\n<meta property=\"og:description\" content=\"\u2018O Evangelho n\u00e3o \u00e9 de esquerda ou direita\u2019, diz manifesto assinado por pastores\" \/>\n<meta property=\"og:url\" content=\"https:\/\/jornalboasnoticias.com.br\/home\/o-evangelho-nao-e-de-esquerda-ou-direita-diz-manifesto-assinado-por-pastores\/\" \/>\n<meta property=\"og:site_name\" content=\"Jornal\" \/>\n<meta property=\"article:publisher\" content=\"https:\/\/www.facebook.com\/boasnoticiasjornal\" \/>\n<meta property=\"article:published_time\" content=\"2024-10-25T01:55:54+00:00\" \/>\n<meta property=\"og:image\" content=\"https:\/\/jornalboasnoticias.com.br\/home\/wp-content\/uploads\/2024\/10\/Carlinhos_Queiroz.jpg\" \/>\n\t<meta property=\"og:image:width\" content=\"900\" \/>\n\t<meta property=\"og:image:height\" content=\"594\" \/>\n\t<meta property=\"og:image:type\" content=\"image\/jpeg\" \/>\n<meta name=\"author\" content=\"Ana Luiza Bonatto\" \/>\n<meta name=\"twitter:card\" content=\"summary_large_image\" \/>\n<meta name=\"twitter:label1\" content=\"Escrito por\" \/>\n\t<meta name=\"twitter:data1\" content=\"Ana Luiza Bonatto\" \/>\n\t<meta name=\"twitter:label2\" content=\"Est. tempo de leitura\" \/>\n\t<meta name=\"twitter:data2\" content=\"5 minutos\" \/>\n<script type=\"application\/ld+json\" class=\"yoast-schema-graph\">{\"@context\":\"https:\\\/\\\/schema.org\",\"@graph\":[{\"@type\":\"Article\",\"@id\":\"https:\\\/\\\/jornalboasnoticias.com.br\\\/home\\\/o-evangelho-nao-e-de-esquerda-ou-direita-diz-manifesto-assinado-por-pastores\\\/#article\",\"isPartOf\":{\"@id\":\"https:\\\/\\\/jornalboasnoticias.com.br\\\/home\\\/o-evangelho-nao-e-de-esquerda-ou-direita-diz-manifesto-assinado-por-pastores\\\/\"},\"author\":{\"name\":\"Ana Luiza Bonatto\",\"@id\":\"https:\\\/\\\/jornalboasnoticias.com.br\\\/home\\\/#\\\/schema\\\/person\\\/d641193e0afc6405b390164dac847971\"},\"headline\":\"\u2018O Evangelho n\u00e3o \u00e9 de esquerda ou direita\u2019, diz manifesto assinado por pastores\",\"datePublished\":\"2024-10-25T01:55:54+00:00\",\"mainEntityOfPage\":{\"@id\":\"https:\\\/\\\/jornalboasnoticias.com.br\\\/home\\\/o-evangelho-nao-e-de-esquerda-ou-direita-diz-manifesto-assinado-por-pastores\\\/\"},\"wordCount\":746,\"commentCount\":0,\"publisher\":{\"@id\":\"https:\\\/\\\/jornalboasnoticias.com.br\\\/home\\\/#organization\"},\"image\":{\"@id\":\"https:\\\/\\\/jornalboasnoticias.com.br\\\/home\\\/o-evangelho-nao-e-de-esquerda-ou-direita-diz-manifesto-assinado-por-pastores\\\/#primaryimage\"},\"thumbnailUrl\":\"https:\\\/\\\/jornalboasnoticias.com.br\\\/home\\\/wp-content\\\/uploads\\\/2024\\\/10\\\/Carlinhos_Queiroz.jpg\",\"articleSection\":[\"BRASIL\"],\"inLanguage\":\"pt-BR\",\"potentialAction\":[{\"@type\":\"CommentAction\",\"name\":\"Comment\",\"target\":[\"https:\\\/\\\/jornalboasnoticias.com.br\\\/home\\\/o-evangelho-nao-e-de-esquerda-ou-direita-diz-manifesto-assinado-por-pastores\\\/#respond\"]}]},{\"@type\":\"WebPage\",\"@id\":\"https:\\\/\\\/jornalboasnoticias.com.br\\\/home\\\/o-evangelho-nao-e-de-esquerda-ou-direita-diz-manifesto-assinado-por-pastores\\\/\",\"url\":\"https:\\\/\\\/jornalboasnoticias.com.br\\\/home\\\/o-evangelho-nao-e-de-esquerda-ou-direita-diz-manifesto-assinado-por-pastores\\\/\",\"name\":\"\u2018O Evangelho n\u00e3o \u00e9 de esquerda ou direita\u2019, diz manifesto assinado por pastores - Jornal\",\"isPartOf\":{\"@id\":\"https:\\\/\\\/jornalboasnoticias.com.br\\\/home\\\/#website\"},\"primaryImageOfPage\":{\"@id\":\"https:\\\/\\\/jornalboasnoticias.com.br\\\/home\\\/o-evangelho-nao-e-de-esquerda-ou-direita-diz-manifesto-assinado-por-pastores\\\/#primaryimage\"},\"image\":{\"@id\":\"https:\\\/\\\/jornalboasnoticias.com.br\\\/home\\\/o-evangelho-nao-e-de-esquerda-ou-direita-diz-manifesto-assinado-por-pastores\\\/#primaryimage\"},\"thumbnailUrl\":\"https:\\\/\\\/jornalboasnoticias.com.br\\\/home\\\/wp-content\\\/uploads\\\/2024\\\/10\\\/Carlinhos_Queiroz.jpg\",\"datePublished\":\"2024-10-25T01:55:54+00:00\",\"description\":\"\u2018O Evangelho n\u00e3o \u00e9 de esquerda ou direita\u2019, diz manifesto assinado por pastores\",\"breadcrumb\":{\"@id\":\"https:\\\/\\\/jornalboasnoticias.com.br\\\/home\\\/o-evangelho-nao-e-de-esquerda-ou-direita-diz-manifesto-assinado-por-pastores\\\/#breadcrumb\"},\"inLanguage\":\"pt-BR\",\"potentialAction\":[{\"@type\":\"ReadAction\",\"target\":[\"https:\\\/\\\/jornalboasnoticias.com.br\\\/home\\\/o-evangelho-nao-e-de-esquerda-ou-direita-diz-manifesto-assinado-por-pastores\\\/\"]}]},{\"@type\":\"ImageObject\",\"inLanguage\":\"pt-BR\",\"@id\":\"https:\\\/\\\/jornalboasnoticias.com.br\\\/home\\\/o-evangelho-nao-e-de-esquerda-ou-direita-diz-manifesto-assinado-por-pastores\\\/#primaryimage\",\"url\":\"https:\\\/\\\/jornalboasnoticias.com.br\\\/home\\\/wp-content\\\/uploads\\\/2024\\\/10\\\/Carlinhos_Queiroz.jpg\",\"contentUrl\":\"https:\\\/\\\/jornalboasnoticias.com.br\\\/home\\\/wp-content\\\/uploads\\\/2024\\\/10\\\/Carlinhos_Queiroz.jpg\",\"width\":900,\"height\":594},{\"@type\":\"BreadcrumbList\",\"@id\":\"https:\\\/\\\/jornalboasnoticias.com.br\\\/home\\\/o-evangelho-nao-e-de-esquerda-ou-direita-diz-manifesto-assinado-por-pastores\\\/#breadcrumb\",\"itemListElement\":[{\"@type\":\"ListItem\",\"position\":1,\"name\":\"In\u00edcio\",\"item\":\"https:\\\/\\\/jornalboasnoticias.com.br\\\/home\\\/\"},{\"@type\":\"ListItem\",\"position\":2,\"name\":\"\u2018O Evangelho n\u00e3o \u00e9 de esquerda ou direita\u2019, diz manifesto assinado por pastores\"}]},{\"@type\":\"WebSite\",\"@id\":\"https:\\\/\\\/jornalboasnoticias.com.br\\\/home\\\/#website\",\"url\":\"https:\\\/\\\/jornalboasnoticias.com.br\\\/home\\\/\",\"name\":\"Jornal Boas Not\u00edcias\",\"description\":\"Boas not\u00edcias\",\"publisher\":{\"@id\":\"https:\\\/\\\/jornalboasnoticias.com.br\\\/home\\\/#organization\"},\"potentialAction\":[{\"@type\":\"SearchAction\",\"target\":{\"@type\":\"EntryPoint\",\"urlTemplate\":\"https:\\\/\\\/jornalboasnoticias.com.br\\\/home\\\/?s={search_term_string}\"},\"query-input\":{\"@type\":\"PropertyValueSpecification\",\"valueRequired\":true,\"valueName\":\"search_term_string\"}}],\"inLanguage\":\"pt-BR\"},{\"@type\":\"Organization\",\"@id\":\"https:\\\/\\\/jornalboasnoticias.com.br\\\/home\\\/#organization\",\"name\":\"Coq Editora Ltda\",\"alternateName\":\"Jornal Boas Noticias\",\"url\":\"https:\\\/\\\/jornalboasnoticias.com.br\\\/home\\\/\",\"logo\":{\"@type\":\"ImageObject\",\"inLanguage\":\"pt-BR\",\"@id\":\"https:\\\/\\\/jornalboasnoticias.com.br\\\/home\\\/#\\\/schema\\\/logo\\\/image\\\/\",\"url\":\"https:\\\/\\\/jornalboasnoticias.com.br\\\/home\\\/wp-content\\\/uploads\\\/2024\\\/07\\\/cropped-logo.jpg\",\"contentUrl\":\"https:\\\/\\\/jornalboasnoticias.com.br\\\/home\\\/wp-content\\\/uploads\\\/2024\\\/07\\\/cropped-logo.jpg\",\"width\":290,\"height\":142,\"caption\":\"Coq Editora Ltda\"},\"image\":{\"@id\":\"https:\\\/\\\/jornalboasnoticias.com.br\\\/home\\\/#\\\/schema\\\/logo\\\/image\\\/\"},\"sameAs\":[\"https:\\\/\\\/www.facebook.com\\\/boasnoticiasjornal\"]},{\"@type\":\"Person\",\"@id\":\"https:\\\/\\\/jornalboasnoticias.com.br\\\/home\\\/#\\\/schema\\\/person\\\/d641193e0afc6405b390164dac847971\",\"name\":\"Ana Luiza Bonatto\",\"image\":{\"@type\":\"ImageObject\",\"inLanguage\":\"pt-BR\",\"@id\":\"https:\\\/\\\/secure.gravatar.com\\\/avatar\\\/8a055ebe6373371f67ac6fcf313c0ac0b0a91157fdcdb9514fa62927373348f0?s=96&d=mm&r=g\",\"url\":\"https:\\\/\\\/secure.gravatar.com\\\/avatar\\\/8a055ebe6373371f67ac6fcf313c0ac0b0a91157fdcdb9514fa62927373348f0?s=96&d=mm&r=g\",\"contentUrl\":\"https:\\\/\\\/secure.gravatar.com\\\/avatar\\\/8a055ebe6373371f67ac6fcf313c0ac0b0a91157fdcdb9514fa62927373348f0?s=96&d=mm&r=g\",\"caption\":\"Ana Luiza Bonatto\"},\"url\":\"https:\\\/\\\/jornalboasnoticias.com.br\\\/home\\\/author\\\/ana-luiza\\\/\"}]}<\/script>\n<!-- \/ Yoast SEO plugin. -->","yoast_head_json":{"title":"\u2018O Evangelho n\u00e3o \u00e9 de esquerda ou direita\u2019, diz manifesto assinado por pastores - Jornal","description":"\u2018O Evangelho n\u00e3o \u00e9 de esquerda ou direita\u2019, diz manifesto assinado por pastores","robots":{"index":"index","follow":"follow","max-snippet":"max-snippet:-1","max-image-preview":"max-image-preview:large","max-video-preview":"max-video-preview:-1"},"canonical":"https:\/\/jornalboasnoticias.com.br\/home\/o-evangelho-nao-e-de-esquerda-ou-direita-diz-manifesto-assinado-por-pastores\/","og_locale":"pt_BR","og_type":"article","og_title":"\u2018O Evangelho n\u00e3o \u00e9 de esquerda ou direita\u2019, diz manifesto assinado por pastores - Jornal","og_description":"\u2018O Evangelho n\u00e3o \u00e9 de esquerda ou direita\u2019, diz manifesto assinado por pastores","og_url":"https:\/\/jornalboasnoticias.com.br\/home\/o-evangelho-nao-e-de-esquerda-ou-direita-diz-manifesto-assinado-por-pastores\/","og_site_name":"Jornal","article_publisher":"https:\/\/www.facebook.com\/boasnoticiasjornal","article_published_time":"2024-10-25T01:55:54+00:00","og_image":[{"width":900,"height":594,"url":"https:\/\/jornalboasnoticias.com.br\/home\/wp-content\/uploads\/2024\/10\/Carlinhos_Queiroz.jpg","type":"image\/jpeg"}],"author":"Ana Luiza Bonatto","twitter_card":"summary_large_image","twitter_misc":{"Escrito por":"Ana Luiza Bonatto","Est. tempo de leitura":"5 minutos"},"schema":{"@context":"https:\/\/schema.org","@graph":[{"@type":"Article","@id":"https:\/\/jornalboasnoticias.com.br\/home\/o-evangelho-nao-e-de-esquerda-ou-direita-diz-manifesto-assinado-por-pastores\/#article","isPartOf":{"@id":"https:\/\/jornalboasnoticias.com.br\/home\/o-evangelho-nao-e-de-esquerda-ou-direita-diz-manifesto-assinado-por-pastores\/"},"author":{"name":"Ana Luiza Bonatto","@id":"https:\/\/jornalboasnoticias.com.br\/home\/#\/schema\/person\/d641193e0afc6405b390164dac847971"},"headline":"\u2018O Evangelho n\u00e3o \u00e9 de esquerda ou direita\u2019, diz manifesto assinado por pastores","datePublished":"2024-10-25T01:55:54+00:00","mainEntityOfPage":{"@id":"https:\/\/jornalboasnoticias.com.br\/home\/o-evangelho-nao-e-de-esquerda-ou-direita-diz-manifesto-assinado-por-pastores\/"},"wordCount":746,"commentCount":0,"publisher":{"@id":"https:\/\/jornalboasnoticias.com.br\/home\/#organization"},"image":{"@id":"https:\/\/jornalboasnoticias.com.br\/home\/o-evangelho-nao-e-de-esquerda-ou-direita-diz-manifesto-assinado-por-pastores\/#primaryimage"},"thumbnailUrl":"https:\/\/jornalboasnoticias.com.br\/home\/wp-content\/uploads\/2024\/10\/Carlinhos_Queiroz.jpg","articleSection":["BRASIL"],"inLanguage":"pt-BR","potentialAction":[{"@type":"CommentAction","name":"Comment","target":["https:\/\/jornalboasnoticias.com.br\/home\/o-evangelho-nao-e-de-esquerda-ou-direita-diz-manifesto-assinado-por-pastores\/#respond"]}]},{"@type":"WebPage","@id":"https:\/\/jornalboasnoticias.com.br\/home\/o-evangelho-nao-e-de-esquerda-ou-direita-diz-manifesto-assinado-por-pastores\/","url":"https:\/\/jornalboasnoticias.com.br\/home\/o-evangelho-nao-e-de-esquerda-ou-direita-diz-manifesto-assinado-por-pastores\/","name":"\u2018O Evangelho n\u00e3o \u00e9 de esquerda ou direita\u2019, diz manifesto assinado por pastores - Jornal","isPartOf":{"@id":"https:\/\/jornalboasnoticias.com.br\/home\/#website"},"primaryImageOfPage":{"@id":"https:\/\/jornalboasnoticias.com.br\/home\/o-evangelho-nao-e-de-esquerda-ou-direita-diz-manifesto-assinado-por-pastores\/#primaryimage"},"image":{"@id":"https:\/\/jornalboasnoticias.com.br\/home\/o-evangelho-nao-e-de-esquerda-ou-direita-diz-manifesto-assinado-por-pastores\/#primaryimage"},"thumbnailUrl":"https:\/\/jornalboasnoticias.com.br\/home\/wp-content\/uploads\/2024\/10\/Carlinhos_Queiroz.jpg","datePublished":"2024-10-25T01:55:54+00:00","description":"\u2018O Evangelho n\u00e3o \u00e9 de esquerda ou direita\u2019, diz manifesto assinado por pastores","breadcrumb":{"@id":"https:\/\/jornalboasnoticias.com.br\/home\/o-evangelho-nao-e-de-esquerda-ou-direita-diz-manifesto-assinado-por-pastores\/#breadcrumb"},"inLanguage":"pt-BR","potentialAction":[{"@type":"ReadAction","target":["https:\/\/jornalboasnoticias.com.br\/home\/o-evangelho-nao-e-de-esquerda-ou-direita-diz-manifesto-assinado-por-pastores\/"]}]},{"@type":"ImageObject","inLanguage":"pt-BR","@id":"https:\/\/jornalboasnoticias.com.br\/home\/o-evangelho-nao-e-de-esquerda-ou-direita-diz-manifesto-assinado-por-pastores\/#primaryimage","url":"https:\/\/jornalboasnoticias.com.br\/home\/wp-content\/uploads\/2024\/10\/Carlinhos_Queiroz.jpg","contentUrl":"https:\/\/jornalboasnoticias.com.br\/home\/wp-content\/uploads\/2024\/10\/Carlinhos_Queiroz.jpg","width":900,"height":594},{"@type":"BreadcrumbList","@id":"https:\/\/jornalboasnoticias.com.br\/home\/o-evangelho-nao-e-de-esquerda-ou-direita-diz-manifesto-assinado-por-pastores\/#breadcrumb","itemListElement":[{"@type":"ListItem","position":1,"name":"In\u00edcio","item":"https:\/\/jornalboasnoticias.com.br\/home\/"},{"@type":"ListItem","position":2,"name":"\u2018O Evangelho n\u00e3o \u00e9 de esquerda ou direita\u2019, diz manifesto assinado por pastores"}]},{"@type":"WebSite","@id":"https:\/\/jornalboasnoticias.com.br\/home\/#website","url":"https:\/\/jornalboasnoticias.com.br\/home\/","name":"Jornal Boas Not\u00edcias","description":"Boas not\u00edcias","publisher":{"@id":"https:\/\/jornalboasnoticias.com.br\/home\/#organization"},"potentialAction":[{"@type":"SearchAction","target":{"@type":"EntryPoint","urlTemplate":"https:\/\/jornalboasnoticias.com.br\/home\/?s={search_term_string}"},"query-input":{"@type":"PropertyValueSpecification","valueRequired":true,"valueName":"search_term_string"}}],"inLanguage":"pt-BR"},{"@type":"Organization","@id":"https:\/\/jornalboasnoticias.com.br\/home\/#organization","name":"Coq Editora Ltda","alternateName":"Jornal Boas Noticias","url":"https:\/\/jornalboasnoticias.com.br\/home\/","logo":{"@type":"ImageObject","inLanguage":"pt-BR","@id":"https:\/\/jornalboasnoticias.com.br\/home\/#\/schema\/logo\/image\/","url":"https:\/\/jornalboasnoticias.com.br\/home\/wp-content\/uploads\/2024\/07\/cropped-logo.jpg","contentUrl":"https:\/\/jornalboasnoticias.com.br\/home\/wp-content\/uploads\/2024\/07\/cropped-logo.jpg","width":290,"height":142,"caption":"Coq Editora Ltda"},"image":{"@id":"https:\/\/jornalboasnoticias.com.br\/home\/#\/schema\/logo\/image\/"},"sameAs":["https:\/\/www.facebook.com\/boasnoticiasjornal"]},{"@type":"Person","@id":"https:\/\/jornalboasnoticias.com.br\/home\/#\/schema\/person\/d641193e0afc6405b390164dac847971","name":"Ana Luiza Bonatto","image":{"@type":"ImageObject","inLanguage":"pt-BR","@id":"https:\/\/secure.gravatar.com\/avatar\/8a055ebe6373371f67ac6fcf313c0ac0b0a91157fdcdb9514fa62927373348f0?s=96&d=mm&r=g","url":"https:\/\/secure.gravatar.com\/avatar\/8a055ebe6373371f67ac6fcf313c0ac0b0a91157fdcdb9514fa62927373348f0?s=96&d=mm&r=g","contentUrl":"https:\/\/secure.gravatar.com\/avatar\/8a055ebe6373371f67ac6fcf313c0ac0b0a91157fdcdb9514fa62927373348f0?s=96&d=mm&r=g","caption":"Ana Luiza Bonatto"},"url":"https:\/\/jornalboasnoticias.com.br\/home\/author\/ana-luiza\/"}]}},"_links":{"self":[{"href":"https:\/\/jornalboasnoticias.com.br\/home\/wp-json\/wp\/v2\/posts\/44512","targetHints":{"allow":["GET"]}}],"collection":[{"href":"https:\/\/jornalboasnoticias.com.br\/home\/wp-json\/wp\/v2\/posts"}],"about":[{"href":"https:\/\/jornalboasnoticias.com.br\/home\/wp-json\/wp\/v2\/types\/post"}],"author":[{"embeddable":true,"href":"https:\/\/jornalboasnoticias.com.br\/home\/wp-json\/wp\/v2\/users\/4"}],"replies":[{"embeddable":true,"href":"https:\/\/jornalboasnoticias.com.br\/home\/wp-json\/wp\/v2\/comments?post=44512"}],"version-history":[{"count":2,"href":"https:\/\/jornalboasnoticias.com.br\/home\/wp-json\/wp\/v2\/posts\/44512\/revisions"}],"predecessor-version":[{"id":44515,"href":"https:\/\/jornalboasnoticias.com.br\/home\/wp-json\/wp\/v2\/posts\/44512\/revisions\/44515"}],"wp:featuredmedia":[{"embeddable":true,"href":"https:\/\/jornalboasnoticias.com.br\/home\/wp-json\/wp\/v2\/media\/44513"}],"wp:attachment":[{"href":"https:\/\/jornalboasnoticias.com.br\/home\/wp-json\/wp\/v2\/media?parent=44512"}],"wp:term":[{"taxonomy":"category","embeddable":true,"href":"https:\/\/jornalboasnoticias.com.br\/home\/wp-json\/wp\/v2\/categories?post=44512"},{"taxonomy":"post_tag","embeddable":true,"href":"https:\/\/jornalboasnoticias.com.br\/home\/wp-json\/wp\/v2\/tags?post=44512"}],"curies":[{"name":"wp","href":"https:\/\/api.w.org\/{rel}","templated":true}]}}