{"id":44504,"date":"2024-10-25T01:48:21","date_gmt":"2024-10-25T01:48:21","guid":{"rendered":"https:\/\/jornalboasnoticias.com.br\/home\/?p=44504"},"modified":"2024-10-25T01:48:21","modified_gmt":"2024-10-25T01:48:21","slug":"azeite-de-oliva-29-marcas-ja-tiveram-a-venda-proibida-neste-ano","status":"publish","type":"post","link":"https:\/\/jornalboasnoticias.com.br\/home\/azeite-de-oliva-29-marcas-ja-tiveram-a-venda-proibida-neste-ano\/","title":{"rendered":"Azeite de oliva: 29 marcas j\u00e1 tiveram a venda proibida neste ano"},"content":{"rendered":"<div class=\"header-noticia full-width\">\n<div>\n<figure id=\"attachment_44505\" aria-describedby=\"caption-attachment-44505\" style=\"width: 1170px\" class=\"wp-caption alignnone\"><img loading=\"lazy\" decoding=\"async\" class=\"size-full wp-image-44505\" src=\"https:\/\/jornalboasnoticias.com.br\/home\/wp-content\/uploads\/2024\/10\/591e00dc-030e-4b5e-b37c-37e46683d54a.webp\" alt=\"\" width=\"1170\" height=\"700\" srcset=\"https:\/\/jornalboasnoticias.com.br\/home\/wp-content\/uploads\/2024\/10\/591e00dc-030e-4b5e-b37c-37e46683d54a.webp 1170w, https:\/\/jornalboasnoticias.com.br\/home\/wp-content\/uploads\/2024\/10\/591e00dc-030e-4b5e-b37c-37e46683d54a-300x179.webp 300w, https:\/\/jornalboasnoticias.com.br\/home\/wp-content\/uploads\/2024\/10\/591e00dc-030e-4b5e-b37c-37e46683d54a-1024x613.webp 1024w, https:\/\/jornalboasnoticias.com.br\/home\/wp-content\/uploads\/2024\/10\/591e00dc-030e-4b5e-b37c-37e46683d54a-768x459.webp 768w\" sizes=\"auto, (max-width: 1170px) 100vw, 1170px\" \/><figcaption id=\"caption-attachment-44505\" class=\"wp-caption-text\">\u00a9 Minist\u00e9rio da Agricultura e Pecu\u00e1ria\/Divulga\u00e7\u00e3o<\/figcaption><\/figure>\n<\/div>\n<blockquote>\n<div class=\"linha-fina-noticia\">Empresas adulteram o produto misturando outros \u00f3leos vegetais<\/div>\n<\/blockquote>\n<\/div>\n<div class=\"subheader\">\n<div class=\"container-autoria\">\n<p>Auditores e t\u00e9cnicos fiscais federais do Minist\u00e9rio da Agricultura e Pecu\u00e1ria (Mapa) j\u00e1 emitiram, neste ano, 48 autos de infra\u00e7\u00e3o a empresas acusadas de adulterar azeite de oliva, misturando outros \u00f3leos vegetais de origem desconhecida ao produto original.<img decoding=\"async\" src=\"https:\/\/agenciabrasil.ebc.com.br\/ebc.png?id=1616841&amp;o=node\" \/><img decoding=\"async\" src=\"https:\/\/agenciabrasil.ebc.com.br\/ebc.gif?id=1616841&amp;o=node\" \/><\/p>\n<p>Segundo a pasta, as a\u00e7\u00f5es fiscalizat\u00f3rias para coibir a importa\u00e7\u00e3o irregular e a embalagem, rotulagem e a comercializa\u00e7\u00e3o de produtos falsificados tamb\u00e9m resultaram na apreens\u00e3o de cerca de 100 mil litros de azeite de oliva e na proibi\u00e7\u00e3o da venda de 29 marcas. A rela\u00e7\u00e3o dos lotes impr\u00f3prios para o consumo humano e cujo recolhimento foi determinado\u00a0<a href=\"https:\/\/www.gov.br\/agricultura\/pt-br\/assuntos\/inspecao\/produtos-vegetal\/alerta-de-risco-aos-consumidores-em-produtos-de-origem-vegetal-1\">est\u00e1 dispon\u00edvel na p\u00e1gina do minist\u00e9rio<\/a>.<\/p>\n<p>S\u00f3 em uma das opera\u00e7\u00f5es (Gets\u00eamani), deflagrada em mar\u00e7o, com a participa\u00e7\u00e3o de for\u00e7as policiais de S\u00e3o Paulo e do Rio de Janeiro, os servidores do Mapa apreenderam 60,6 mil litros de azeite extravirgem encontrados no galp\u00e3o de uma f\u00e1brica clandestina de Saquarema (RJ). Com a adi\u00e7\u00e3o dos 37,5 mil litros de \u00f3leo de soja estocados no local, os envolvidos poderiam produzir ao menos 196 mil garrafas de azeite de oliva fraudado. No local tamb\u00e9m foram encontrados r\u00f3tulos e tampas de azeites de diferentes marcas.<\/p>\n<p>Nesta ter\u00e7a-feira (22), o Mapa divulgou uma\u00a0<a href=\"http:\/\/agenciabrasil.ebc.com.br\/geral\/noticia\/2024-10\/ministerio-suspende-12-marcas-de-azeite-por-oferecerem-risco-saude\">lista na qual indica lotes de 12 marcas<\/a>\u00a0de azeite de oliva que, segundo os resultados de testes realizados no Laborat\u00f3rio Federal de Defesa Agropecu\u00e1ria, cont\u00eam, em suas composi\u00e7\u00f5es, outros \u00f3leos vegetais n\u00e3o identificados, oferecendo risco \u00e0 sa\u00fade dos consumidores.<\/p>\n<p>Em entrevista \u00e0\u00a0<strong>Ag\u00eancia Brasil<\/strong>, a coordenadora de Fiscaliza\u00e7\u00e3o da Qualidade Vegetal do Mapa, Ludmilla Verona, explicou que, em geral, a adultera\u00e7\u00e3o \u00e9 feita j\u00e1 em territ\u00f3rio nacional, por empresas importadoras e envasadoras brasileiras \u2013 algumas em situa\u00e7\u00e3o irregular, com CNPJ suspenso ou pedido de encerramento das atividades.<\/p>\n<p>\u201cNa maioria dos casos, observamos que a importa\u00e7\u00e3o do azeite de oliva a granel \u00e9 feita de forma legal\u201d, explicou Ludmilla, referindo-se \u00e0 forma como o produto chega ao pa\u00eds, em gal\u00f5es ou barris, para o envase. \u201c\u00c9 nesse momento que a fraude \u00e9 realizada, com a adi\u00e7\u00e3o de outros \u00f3leos vegetais, para aumentar o rendimento do produto.\u201d<\/p>\n<p>\u201cAlgumas das marcas [importadas] s\u00e3o conhecidas [em seus pa\u00edses de origem], mas o Minist\u00e9rio n\u00e3o avalia propriamente a origem [da principal mat\u00e9ria-prima]. Como h\u00e1 a possibilidade [dos fraudadores] utilizarem r\u00f3tulos de marcas id\u00f4neas, o Minist\u00e9rio sempre divulga n\u00e3o s\u00f3 o nome da marca, para alertar os consumidores quanto ao risco para os consumidores, mas tamb\u00e9m o lote e os dados das empresas importadoras e respons\u00e1veis pela comercializa\u00e7\u00e3o no Brasil\u201d, acrescentou a coordenadora, destacando que a comercializa\u00e7\u00e3o dos produtos suspensos configura uma infra\u00e7\u00e3o grave e os estabelecimentos que continuarem a vend\u00ea-los poder\u00e3o ser responsabilizados.<\/p>\n<h2>Recomenda\u00e7\u00f5es<\/h2>\n<p>A recomenda\u00e7\u00e3o do Mapa para quem tem em casa ou estabelecimento comercial produtos das marcas desclassificadas por fraude \u00e9 interromper o uso imediatamente. O consumidor tamb\u00e9m pode procurar o estabelecimento comercial onde o comprou para tentar a substitui\u00e7\u00e3o por outro item de mesmo valor, conforme prev\u00ea o C\u00f3digo de Defesa do Consumidor.<\/p>\n<p>A pasta tamb\u00e9m aconselha os consumidores a sempre desconfiar quando o pre\u00e7o estiver muito abaixo da m\u00e9dia das demais marcas dispon\u00edveis,\u00a0verificar se a\u00a0<a href=\"https:\/\/mapa-indicadores.agricultura.gov.br\/publico\/extensions\/SIPEAGRO_Qualidade_Vegetal_Azeite_de_Oliva\/SIPEAGRO_Qualidade_Vegetal_Azeite_de_Oliva.html\">empresa est\u00e1 devidamente registrada<\/a>, evitar comprar azeite a granel,\u00a0atentar para a data de validade e ingredientes descritos no r\u00f3tulo e optar por produtos produzidos h\u00e1 menos tempo.<\/p>\n<p>(Ag\u00eancia Brasil)<\/p>\n<\/div>\n<\/div>\n","protected":false},"excerpt":{"rendered":"<p>Empresas adulteram o produto misturando outros \u00f3leos vegetais Auditores e t\u00e9cnicos fiscais federais do Minist\u00e9rio<\/p>\n","protected":false},"author":4,"featured_media":44505,"comment_status":"open","ping_status":"open","sticky":false,"template":"","format":"standard","meta":{"footnotes":""},"categories":[26],"tags":[],"class_list":["post-44504","post","type-post","status-publish","format-standard","has-post-thumbnail","hentry","category-geral"],"yoast_head":"<!-- This site is optimized with the Yoast SEO plugin v27.5 - https:\/\/yoast.com\/product\/yoast-seo-wordpress\/ -->\n<title>Azeite de oliva: 29 marcas j\u00e1 tiveram a venda proibida neste ano - Jornal<\/title>\n<meta name=\"description\" content=\"Azeite de oliva: 29 marcas j\u00e1 tiveram a venda proibida neste ano\" \/>\n<meta name=\"robots\" content=\"index, follow, max-snippet:-1, max-image-preview:large, max-video-preview:-1\" \/>\n<link rel=\"canonical\" href=\"https:\/\/jornalboasnoticias.com.br\/home\/azeite-de-oliva-29-marcas-ja-tiveram-a-venda-proibida-neste-ano\/\" \/>\n<meta property=\"og:locale\" content=\"pt_BR\" \/>\n<meta property=\"og:type\" content=\"article\" \/>\n<meta property=\"og:title\" content=\"Azeite de oliva: 29 marcas j\u00e1 tiveram a venda proibida neste ano - Jornal\" \/>\n<meta property=\"og:description\" content=\"Azeite de oliva: 29 marcas j\u00e1 tiveram a venda proibida neste ano\" \/>\n<meta property=\"og:url\" content=\"https:\/\/jornalboasnoticias.com.br\/home\/azeite-de-oliva-29-marcas-ja-tiveram-a-venda-proibida-neste-ano\/\" \/>\n<meta property=\"og:site_name\" content=\"Jornal\" \/>\n<meta property=\"article:publisher\" content=\"https:\/\/www.facebook.com\/boasnoticiasjornal\" \/>\n<meta property=\"article:published_time\" content=\"2024-10-25T01:48:21+00:00\" \/>\n<meta property=\"og:image\" content=\"https:\/\/jornalboasnoticias.com.br\/home\/wp-content\/uploads\/2024\/10\/591e00dc-030e-4b5e-b37c-37e46683d54a.webp\" \/>\n\t<meta property=\"og:image:width\" content=\"1170\" \/>\n\t<meta property=\"og:image:height\" content=\"700\" \/>\n\t<meta property=\"og:image:type\" content=\"image\/webp\" \/>\n<meta name=\"author\" content=\"Ana Luiza Bonatto\" \/>\n<meta name=\"twitter:card\" content=\"summary_large_image\" \/>\n<meta name=\"twitter:label1\" content=\"Escrito por\" \/>\n\t<meta name=\"twitter:data1\" content=\"Ana Luiza Bonatto\" \/>\n\t<meta name=\"twitter:label2\" content=\"Est. tempo de leitura\" \/>\n\t<meta name=\"twitter:data2\" content=\"4 minutos\" \/>\n<script type=\"application\/ld+json\" class=\"yoast-schema-graph\">{\"@context\":\"https:\\\/\\\/schema.org\",\"@graph\":[{\"@type\":\"Article\",\"@id\":\"https:\\\/\\\/jornalboasnoticias.com.br\\\/home\\\/azeite-de-oliva-29-marcas-ja-tiveram-a-venda-proibida-neste-ano\\\/#article\",\"isPartOf\":{\"@id\":\"https:\\\/\\\/jornalboasnoticias.com.br\\\/home\\\/azeite-de-oliva-29-marcas-ja-tiveram-a-venda-proibida-neste-ano\\\/\"},\"author\":{\"name\":\"Ana Luiza Bonatto\",\"@id\":\"https:\\\/\\\/jornalboasnoticias.com.br\\\/home\\\/#\\\/schema\\\/person\\\/d641193e0afc6405b390164dac847971\"},\"headline\":\"Azeite de oliva: 29 marcas j\u00e1 tiveram a venda proibida neste ano\",\"datePublished\":\"2024-10-25T01:48:21+00:00\",\"mainEntityOfPage\":{\"@id\":\"https:\\\/\\\/jornalboasnoticias.com.br\\\/home\\\/azeite-de-oliva-29-marcas-ja-tiveram-a-venda-proibida-neste-ano\\\/\"},\"wordCount\":627,\"commentCount\":0,\"publisher\":{\"@id\":\"https:\\\/\\\/jornalboasnoticias.com.br\\\/home\\\/#organization\"},\"image\":{\"@id\":\"https:\\\/\\\/jornalboasnoticias.com.br\\\/home\\\/azeite-de-oliva-29-marcas-ja-tiveram-a-venda-proibida-neste-ano\\\/#primaryimage\"},\"thumbnailUrl\":\"https:\\\/\\\/jornalboasnoticias.com.br\\\/home\\\/wp-content\\\/uploads\\\/2024\\\/10\\\/591e00dc-030e-4b5e-b37c-37e46683d54a.webp\",\"articleSection\":[\"Geral\"],\"inLanguage\":\"pt-BR\",\"potentialAction\":[{\"@type\":\"CommentAction\",\"name\":\"Comment\",\"target\":[\"https:\\\/\\\/jornalboasnoticias.com.br\\\/home\\\/azeite-de-oliva-29-marcas-ja-tiveram-a-venda-proibida-neste-ano\\\/#respond\"]}]},{\"@type\":\"WebPage\",\"@id\":\"https:\\\/\\\/jornalboasnoticias.com.br\\\/home\\\/azeite-de-oliva-29-marcas-ja-tiveram-a-venda-proibida-neste-ano\\\/\",\"url\":\"https:\\\/\\\/jornalboasnoticias.com.br\\\/home\\\/azeite-de-oliva-29-marcas-ja-tiveram-a-venda-proibida-neste-ano\\\/\",\"name\":\"Azeite de oliva: 29 marcas j\u00e1 tiveram a venda proibida neste ano - Jornal\",\"isPartOf\":{\"@id\":\"https:\\\/\\\/jornalboasnoticias.com.br\\\/home\\\/#website\"},\"primaryImageOfPage\":{\"@id\":\"https:\\\/\\\/jornalboasnoticias.com.br\\\/home\\\/azeite-de-oliva-29-marcas-ja-tiveram-a-venda-proibida-neste-ano\\\/#primaryimage\"},\"image\":{\"@id\":\"https:\\\/\\\/jornalboasnoticias.com.br\\\/home\\\/azeite-de-oliva-29-marcas-ja-tiveram-a-venda-proibida-neste-ano\\\/#primaryimage\"},\"thumbnailUrl\":\"https:\\\/\\\/jornalboasnoticias.com.br\\\/home\\\/wp-content\\\/uploads\\\/2024\\\/10\\\/591e00dc-030e-4b5e-b37c-37e46683d54a.webp\",\"datePublished\":\"2024-10-25T01:48:21+00:00\",\"description\":\"Azeite de oliva: 29 marcas j\u00e1 tiveram a venda proibida neste ano\",\"breadcrumb\":{\"@id\":\"https:\\\/\\\/jornalboasnoticias.com.br\\\/home\\\/azeite-de-oliva-29-marcas-ja-tiveram-a-venda-proibida-neste-ano\\\/#breadcrumb\"},\"inLanguage\":\"pt-BR\",\"potentialAction\":[{\"@type\":\"ReadAction\",\"target\":[\"https:\\\/\\\/jornalboasnoticias.com.br\\\/home\\\/azeite-de-oliva-29-marcas-ja-tiveram-a-venda-proibida-neste-ano\\\/\"]}]},{\"@type\":\"ImageObject\",\"inLanguage\":\"pt-BR\",\"@id\":\"https:\\\/\\\/jornalboasnoticias.com.br\\\/home\\\/azeite-de-oliva-29-marcas-ja-tiveram-a-venda-proibida-neste-ano\\\/#primaryimage\",\"url\":\"https:\\\/\\\/jornalboasnoticias.com.br\\\/home\\\/wp-content\\\/uploads\\\/2024\\\/10\\\/591e00dc-030e-4b5e-b37c-37e46683d54a.webp\",\"contentUrl\":\"https:\\\/\\\/jornalboasnoticias.com.br\\\/home\\\/wp-content\\\/uploads\\\/2024\\\/10\\\/591e00dc-030e-4b5e-b37c-37e46683d54a.webp\",\"width\":1170,\"height\":700,\"caption\":\"\u00a9 Minist\u00e9rio da Agricultura e Pecu\u00e1ria\\\/Divulga\u00e7\u00e3o\"},{\"@type\":\"BreadcrumbList\",\"@id\":\"https:\\\/\\\/jornalboasnoticias.com.br\\\/home\\\/azeite-de-oliva-29-marcas-ja-tiveram-a-venda-proibida-neste-ano\\\/#breadcrumb\",\"itemListElement\":[{\"@type\":\"ListItem\",\"position\":1,\"name\":\"In\u00edcio\",\"item\":\"https:\\\/\\\/jornalboasnoticias.com.br\\\/home\\\/\"},{\"@type\":\"ListItem\",\"position\":2,\"name\":\"Azeite de oliva: 29 marcas j\u00e1 tiveram a venda proibida neste ano\"}]},{\"@type\":\"WebSite\",\"@id\":\"https:\\\/\\\/jornalboasnoticias.com.br\\\/home\\\/#website\",\"url\":\"https:\\\/\\\/jornalboasnoticias.com.br\\\/home\\\/\",\"name\":\"Jornal Boas Not\u00edcias\",\"description\":\"Boas not\u00edcias\",\"publisher\":{\"@id\":\"https:\\\/\\\/jornalboasnoticias.com.br\\\/home\\\/#organization\"},\"potentialAction\":[{\"@type\":\"SearchAction\",\"target\":{\"@type\":\"EntryPoint\",\"urlTemplate\":\"https:\\\/\\\/jornalboasnoticias.com.br\\\/home\\\/?s={search_term_string}\"},\"query-input\":{\"@type\":\"PropertyValueSpecification\",\"valueRequired\":true,\"valueName\":\"search_term_string\"}}],\"inLanguage\":\"pt-BR\"},{\"@type\":\"Organization\",\"@id\":\"https:\\\/\\\/jornalboasnoticias.com.br\\\/home\\\/#organization\",\"name\":\"Coq Editora Ltda\",\"alternateName\":\"Jornal Boas Noticias\",\"url\":\"https:\\\/\\\/jornalboasnoticias.com.br\\\/home\\\/\",\"logo\":{\"@type\":\"ImageObject\",\"inLanguage\":\"pt-BR\",\"@id\":\"https:\\\/\\\/jornalboasnoticias.com.br\\\/home\\\/#\\\/schema\\\/logo\\\/image\\\/\",\"url\":\"https:\\\/\\\/jornalboasnoticias.com.br\\\/home\\\/wp-content\\\/uploads\\\/2024\\\/07\\\/cropped-logo.jpg\",\"contentUrl\":\"https:\\\/\\\/jornalboasnoticias.com.br\\\/home\\\/wp-content\\\/uploads\\\/2024\\\/07\\\/cropped-logo.jpg\",\"width\":290,\"height\":142,\"caption\":\"Coq Editora Ltda\"},\"image\":{\"@id\":\"https:\\\/\\\/jornalboasnoticias.com.br\\\/home\\\/#\\\/schema\\\/logo\\\/image\\\/\"},\"sameAs\":[\"https:\\\/\\\/www.facebook.com\\\/boasnoticiasjornal\"]},{\"@type\":\"Person\",\"@id\":\"https:\\\/\\\/jornalboasnoticias.com.br\\\/home\\\/#\\\/schema\\\/person\\\/d641193e0afc6405b390164dac847971\",\"name\":\"Ana Luiza Bonatto\",\"image\":{\"@type\":\"ImageObject\",\"inLanguage\":\"pt-BR\",\"@id\":\"https:\\\/\\\/secure.gravatar.com\\\/avatar\\\/8a055ebe6373371f67ac6fcf313c0ac0b0a91157fdcdb9514fa62927373348f0?s=96&d=mm&r=g\",\"url\":\"https:\\\/\\\/secure.gravatar.com\\\/avatar\\\/8a055ebe6373371f67ac6fcf313c0ac0b0a91157fdcdb9514fa62927373348f0?s=96&d=mm&r=g\",\"contentUrl\":\"https:\\\/\\\/secure.gravatar.com\\\/avatar\\\/8a055ebe6373371f67ac6fcf313c0ac0b0a91157fdcdb9514fa62927373348f0?s=96&d=mm&r=g\",\"caption\":\"Ana Luiza Bonatto\"},\"url\":\"https:\\\/\\\/jornalboasnoticias.com.br\\\/home\\\/author\\\/ana-luiza\\\/\"}]}<\/script>\n<!-- \/ Yoast SEO plugin. -->","yoast_head_json":{"title":"Azeite de oliva: 29 marcas j\u00e1 tiveram a venda proibida neste ano - Jornal","description":"Azeite de oliva: 29 marcas j\u00e1 tiveram a venda proibida neste ano","robots":{"index":"index","follow":"follow","max-snippet":"max-snippet:-1","max-image-preview":"max-image-preview:large","max-video-preview":"max-video-preview:-1"},"canonical":"https:\/\/jornalboasnoticias.com.br\/home\/azeite-de-oliva-29-marcas-ja-tiveram-a-venda-proibida-neste-ano\/","og_locale":"pt_BR","og_type":"article","og_title":"Azeite de oliva: 29 marcas j\u00e1 tiveram a venda proibida neste ano - Jornal","og_description":"Azeite de oliva: 29 marcas j\u00e1 tiveram a venda proibida neste ano","og_url":"https:\/\/jornalboasnoticias.com.br\/home\/azeite-de-oliva-29-marcas-ja-tiveram-a-venda-proibida-neste-ano\/","og_site_name":"Jornal","article_publisher":"https:\/\/www.facebook.com\/boasnoticiasjornal","article_published_time":"2024-10-25T01:48:21+00:00","og_image":[{"width":1170,"height":700,"url":"https:\/\/jornalboasnoticias.com.br\/home\/wp-content\/uploads\/2024\/10\/591e00dc-030e-4b5e-b37c-37e46683d54a.webp","type":"image\/webp"}],"author":"Ana Luiza Bonatto","twitter_card":"summary_large_image","twitter_misc":{"Escrito por":"Ana Luiza Bonatto","Est. tempo de leitura":"4 minutos"},"schema":{"@context":"https:\/\/schema.org","@graph":[{"@type":"Article","@id":"https:\/\/jornalboasnoticias.com.br\/home\/azeite-de-oliva-29-marcas-ja-tiveram-a-venda-proibida-neste-ano\/#article","isPartOf":{"@id":"https:\/\/jornalboasnoticias.com.br\/home\/azeite-de-oliva-29-marcas-ja-tiveram-a-venda-proibida-neste-ano\/"},"author":{"name":"Ana Luiza Bonatto","@id":"https:\/\/jornalboasnoticias.com.br\/home\/#\/schema\/person\/d641193e0afc6405b390164dac847971"},"headline":"Azeite de oliva: 29 marcas j\u00e1 tiveram a venda proibida neste ano","datePublished":"2024-10-25T01:48:21+00:00","mainEntityOfPage":{"@id":"https:\/\/jornalboasnoticias.com.br\/home\/azeite-de-oliva-29-marcas-ja-tiveram-a-venda-proibida-neste-ano\/"},"wordCount":627,"commentCount":0,"publisher":{"@id":"https:\/\/jornalboasnoticias.com.br\/home\/#organization"},"image":{"@id":"https:\/\/jornalboasnoticias.com.br\/home\/azeite-de-oliva-29-marcas-ja-tiveram-a-venda-proibida-neste-ano\/#primaryimage"},"thumbnailUrl":"https:\/\/jornalboasnoticias.com.br\/home\/wp-content\/uploads\/2024\/10\/591e00dc-030e-4b5e-b37c-37e46683d54a.webp","articleSection":["Geral"],"inLanguage":"pt-BR","potentialAction":[{"@type":"CommentAction","name":"Comment","target":["https:\/\/jornalboasnoticias.com.br\/home\/azeite-de-oliva-29-marcas-ja-tiveram-a-venda-proibida-neste-ano\/#respond"]}]},{"@type":"WebPage","@id":"https:\/\/jornalboasnoticias.com.br\/home\/azeite-de-oliva-29-marcas-ja-tiveram-a-venda-proibida-neste-ano\/","url":"https:\/\/jornalboasnoticias.com.br\/home\/azeite-de-oliva-29-marcas-ja-tiveram-a-venda-proibida-neste-ano\/","name":"Azeite de oliva: 29 marcas j\u00e1 tiveram a venda proibida neste ano - Jornal","isPartOf":{"@id":"https:\/\/jornalboasnoticias.com.br\/home\/#website"},"primaryImageOfPage":{"@id":"https:\/\/jornalboasnoticias.com.br\/home\/azeite-de-oliva-29-marcas-ja-tiveram-a-venda-proibida-neste-ano\/#primaryimage"},"image":{"@id":"https:\/\/jornalboasnoticias.com.br\/home\/azeite-de-oliva-29-marcas-ja-tiveram-a-venda-proibida-neste-ano\/#primaryimage"},"thumbnailUrl":"https:\/\/jornalboasnoticias.com.br\/home\/wp-content\/uploads\/2024\/10\/591e00dc-030e-4b5e-b37c-37e46683d54a.webp","datePublished":"2024-10-25T01:48:21+00:00","description":"Azeite de oliva: 29 marcas j\u00e1 tiveram a venda proibida neste ano","breadcrumb":{"@id":"https:\/\/jornalboasnoticias.com.br\/home\/azeite-de-oliva-29-marcas-ja-tiveram-a-venda-proibida-neste-ano\/#breadcrumb"},"inLanguage":"pt-BR","potentialAction":[{"@type":"ReadAction","target":["https:\/\/jornalboasnoticias.com.br\/home\/azeite-de-oliva-29-marcas-ja-tiveram-a-venda-proibida-neste-ano\/"]}]},{"@type":"ImageObject","inLanguage":"pt-BR","@id":"https:\/\/jornalboasnoticias.com.br\/home\/azeite-de-oliva-29-marcas-ja-tiveram-a-venda-proibida-neste-ano\/#primaryimage","url":"https:\/\/jornalboasnoticias.com.br\/home\/wp-content\/uploads\/2024\/10\/591e00dc-030e-4b5e-b37c-37e46683d54a.webp","contentUrl":"https:\/\/jornalboasnoticias.com.br\/home\/wp-content\/uploads\/2024\/10\/591e00dc-030e-4b5e-b37c-37e46683d54a.webp","width":1170,"height":700,"caption":"\u00a9 Minist\u00e9rio da Agricultura e Pecu\u00e1ria\/Divulga\u00e7\u00e3o"},{"@type":"BreadcrumbList","@id":"https:\/\/jornalboasnoticias.com.br\/home\/azeite-de-oliva-29-marcas-ja-tiveram-a-venda-proibida-neste-ano\/#breadcrumb","itemListElement":[{"@type":"ListItem","position":1,"name":"In\u00edcio","item":"https:\/\/jornalboasnoticias.com.br\/home\/"},{"@type":"ListItem","position":2,"name":"Azeite de oliva: 29 marcas j\u00e1 tiveram a venda proibida neste ano"}]},{"@type":"WebSite","@id":"https:\/\/jornalboasnoticias.com.br\/home\/#website","url":"https:\/\/jornalboasnoticias.com.br\/home\/","name":"Jornal Boas Not\u00edcias","description":"Boas not\u00edcias","publisher":{"@id":"https:\/\/jornalboasnoticias.com.br\/home\/#organization"},"potentialAction":[{"@type":"SearchAction","target":{"@type":"EntryPoint","urlTemplate":"https:\/\/jornalboasnoticias.com.br\/home\/?s={search_term_string}"},"query-input":{"@type":"PropertyValueSpecification","valueRequired":true,"valueName":"search_term_string"}}],"inLanguage":"pt-BR"},{"@type":"Organization","@id":"https:\/\/jornalboasnoticias.com.br\/home\/#organization","name":"Coq Editora Ltda","alternateName":"Jornal Boas Noticias","url":"https:\/\/jornalboasnoticias.com.br\/home\/","logo":{"@type":"ImageObject","inLanguage":"pt-BR","@id":"https:\/\/jornalboasnoticias.com.br\/home\/#\/schema\/logo\/image\/","url":"https:\/\/jornalboasnoticias.com.br\/home\/wp-content\/uploads\/2024\/07\/cropped-logo.jpg","contentUrl":"https:\/\/jornalboasnoticias.com.br\/home\/wp-content\/uploads\/2024\/07\/cropped-logo.jpg","width":290,"height":142,"caption":"Coq Editora Ltda"},"image":{"@id":"https:\/\/jornalboasnoticias.com.br\/home\/#\/schema\/logo\/image\/"},"sameAs":["https:\/\/www.facebook.com\/boasnoticiasjornal"]},{"@type":"Person","@id":"https:\/\/jornalboasnoticias.com.br\/home\/#\/schema\/person\/d641193e0afc6405b390164dac847971","name":"Ana Luiza Bonatto","image":{"@type":"ImageObject","inLanguage":"pt-BR","@id":"https:\/\/secure.gravatar.com\/avatar\/8a055ebe6373371f67ac6fcf313c0ac0b0a91157fdcdb9514fa62927373348f0?s=96&d=mm&r=g","url":"https:\/\/secure.gravatar.com\/avatar\/8a055ebe6373371f67ac6fcf313c0ac0b0a91157fdcdb9514fa62927373348f0?s=96&d=mm&r=g","contentUrl":"https:\/\/secure.gravatar.com\/avatar\/8a055ebe6373371f67ac6fcf313c0ac0b0a91157fdcdb9514fa62927373348f0?s=96&d=mm&r=g","caption":"Ana Luiza Bonatto"},"url":"https:\/\/jornalboasnoticias.com.br\/home\/author\/ana-luiza\/"}]}},"_links":{"self":[{"href":"https:\/\/jornalboasnoticias.com.br\/home\/wp-json\/wp\/v2\/posts\/44504","targetHints":{"allow":["GET"]}}],"collection":[{"href":"https:\/\/jornalboasnoticias.com.br\/home\/wp-json\/wp\/v2\/posts"}],"about":[{"href":"https:\/\/jornalboasnoticias.com.br\/home\/wp-json\/wp\/v2\/types\/post"}],"author":[{"embeddable":true,"href":"https:\/\/jornalboasnoticias.com.br\/home\/wp-json\/wp\/v2\/users\/4"}],"replies":[{"embeddable":true,"href":"https:\/\/jornalboasnoticias.com.br\/home\/wp-json\/wp\/v2\/comments?post=44504"}],"version-history":[{"count":2,"href":"https:\/\/jornalboasnoticias.com.br\/home\/wp-json\/wp\/v2\/posts\/44504\/revisions"}],"predecessor-version":[{"id":44507,"href":"https:\/\/jornalboasnoticias.com.br\/home\/wp-json\/wp\/v2\/posts\/44504\/revisions\/44507"}],"wp:featuredmedia":[{"embeddable":true,"href":"https:\/\/jornalboasnoticias.com.br\/home\/wp-json\/wp\/v2\/media\/44505"}],"wp:attachment":[{"href":"https:\/\/jornalboasnoticias.com.br\/home\/wp-json\/wp\/v2\/media?parent=44504"}],"wp:term":[{"taxonomy":"category","embeddable":true,"href":"https:\/\/jornalboasnoticias.com.br\/home\/wp-json\/wp\/v2\/categories?post=44504"},{"taxonomy":"post_tag","embeddable":true,"href":"https:\/\/jornalboasnoticias.com.br\/home\/wp-json\/wp\/v2\/tags?post=44504"}],"curies":[{"name":"wp","href":"https:\/\/api.w.org\/{rel}","templated":true}]}}