{"id":44501,"date":"2024-10-25T01:45:27","date_gmt":"2024-10-25T01:45:27","guid":{"rendered":"https:\/\/jornalboasnoticias.com.br\/home\/?p=44501"},"modified":"2024-10-25T01:45:27","modified_gmt":"2024-10-25T01:45:27","slug":"inscricoes-no-enem-para-pessoas-privadas-de-liberdade-terminam-amanha","status":"publish","type":"post","link":"https:\/\/jornalboasnoticias.com.br\/home\/inscricoes-no-enem-para-pessoas-privadas-de-liberdade-terminam-amanha\/","title":{"rendered":"Inscri\u00e7\u00f5es no Enem para pessoas privadas de liberdade terminam amanh\u00e3"},"content":{"rendered":"<div class=\"header-noticia full-width\">\n<div>\n<figure id=\"attachment_44502\" aria-describedby=\"caption-attachment-44502\" style=\"width: 1170px\" class=\"wp-caption alignnone\"><img loading=\"lazy\" decoding=\"async\" class=\"size-full wp-image-44502\" src=\"https:\/\/jornalboasnoticias.com.br\/home\/wp-content\/uploads\/2024\/10\/detentos_fazem_prova_do_enem_-_arquivo_agencia_brasil.webp\" alt=\"\" width=\"1170\" height=\"700\" srcset=\"https:\/\/jornalboasnoticias.com.br\/home\/wp-content\/uploads\/2024\/10\/detentos_fazem_prova_do_enem_-_arquivo_agencia_brasil.webp 1170w, https:\/\/jornalboasnoticias.com.br\/home\/wp-content\/uploads\/2024\/10\/detentos_fazem_prova_do_enem_-_arquivo_agencia_brasil-300x179.webp 300w, https:\/\/jornalboasnoticias.com.br\/home\/wp-content\/uploads\/2024\/10\/detentos_fazem_prova_do_enem_-_arquivo_agencia_brasil-1024x613.webp 1024w, https:\/\/jornalboasnoticias.com.br\/home\/wp-content\/uploads\/2024\/10\/detentos_fazem_prova_do_enem_-_arquivo_agencia_brasil-768x459.webp 768w\" sizes=\"auto, (max-width: 1170px) 100vw, 1170px\" \/><figcaption id=\"caption-attachment-44502\" class=\"wp-caption-text\">\u00a9 Arquivo Ag\u00eancia Brasil<\/figcaption><\/figure>\n<\/div>\n<\/div>\n<blockquote>\n<div class=\"header-noticia full-width\">\n<div class=\"linha-fina-noticia\">Provas ser\u00e3o aplicadas nos dias 10 e 12 de dezembro<\/div>\n<\/div>\n<\/blockquote>\n<div>\n<p>As inscri\u00e7\u00f5es do Exame Nacional do Ensino M\u00e9dio para Pessoas Privadas de Liberdade ou sob medida socioeducativa que inclua priva\u00e7\u00e3o de liberdade (Enem PPL) 2024 terminam \u00e0s 23h59 (hor\u00e1rio de Bras\u00edlia) desta sexta-feira (25). A participa\u00e7\u00e3o nas provas \u00e9 volunt\u00e1ria e gratuita a este p\u00fablico.\u00a0<img decoding=\"async\" src=\"https:\/\/agenciabrasil.ebc.com.br\/ebc.png?id=1616845&amp;o=node\" \/><img decoding=\"async\" src=\"https:\/\/agenciabrasil.ebc.com.br\/ebc.gif?id=1616845&amp;o=node\" \/><\/p>\n<p>As inscri\u00e7\u00f5es devem ser feitas pelos respons\u00e1veis pedag\u00f3gicos nas unidades prisionais\/socioeducativas, por meio do\u00a0<a href=\"http:\/\/sistemasespeciais.inep.gov.br\/unidadesprisionais\/\">Sistema PPL<\/a>.<\/p>\n<p>Tamb\u00e9m termina nesta sexta-feira o prazo para transfer\u00eancia e exclus\u00e3o de participantes, bem como para solicita\u00e7\u00e3o de tratamento por nome social. O direito \u00e9 assegurado a pessoas que se identificam com uma identidade de g\u00eanero diferente daquela atribu\u00edda a elas pelo seu nome civil.<\/p>\n<p>Os respons\u00e1veis pedag\u00f3gicos ainda podem requerer atendimento especializado para pessoas privadas de liberdade que far\u00e3o o exame. O Instituto Nacional de Estudos e Pesquisas Educacionais An\u00edsio Teixeira (Inep) oferece atendimento especializado para participantes, por exemplo, com defici\u00eancia, d\u00e9ficit de aten\u00e7\u00e3o, transtorno do espectro autista, gestante, lactante ou idoso.<\/p>\n<h2>Provas<\/h2>\n<p>As provas t\u00eam o mesmo n\u00edvel de dificuldade do Enem regular, que neste ano\u00a0<a href=\"https:\/\/agenciabrasil.ebc.com.br\/educacao\/noticia\/2024-10\/enem-2024-numero-de-inscritos-supera-em-10-total-de-2023\">ser\u00e1 aplicado nos dias 3 e 10 de novembro<\/a>.<\/p>\n<p>De acordo com o Inep, a diferen\u00e7a est\u00e1 na aplica\u00e7\u00e3o, que ocorre dentro de unidades prisionais e socioeducativas autorizadas pelos respectivos \u00f3rg\u00e3os de administra\u00e7\u00e3o prisional e socioeducativa de cada estado, de acordo com o estabelecido no termo de ades\u00e3o firmado com o Inep.<\/p>\n<p>Enem PPL 2024 ser\u00e1 aplicado no in\u00edcio da tarde dos dias 10 e 12 de dezembro nestas localidades.<\/p>\n<p>As unidades aplicadoras devem oferecer espa\u00e7o f\u00edsico, coberto e silencioso, ilumina\u00e7\u00e3o, cadeiras, mesas e todas as condi\u00e7\u00f5es para a adequada realiza\u00e7\u00e3o do Enem PPL e garantia de seguran\u00e7a aos envolvidos.<\/p>\n<p>Os interessados em participar do Enem PPL que t\u00eam a previs\u00e3o de concluir o ensino m\u00e9dio ap\u00f3s o ano letivo de 2024 ou que n\u00e3o estejam cursando e n\u00e3o conclu\u00edram o ensino m\u00e9dio podem ser inscritos na condi\u00e7\u00e3o de treineiro, como ocorre na vers\u00e3o regular do Enem.<\/p>\n<h2>Enem<\/h2>\n<p>O Exame Nacional do Ensino M\u00e9dio avalia o desempenho do participante que concluiu o ensino m\u00e9dio e estabelece crit\u00e9rios usados pelo Minist\u00e9rio da Educa\u00e7\u00e3o (MEC) para acesso ao ensino superior em programas governamentais como o Sistema de Sele\u00e7\u00e3o Unificada (Sisu), o Programa Universidade para Todos (ProUni) e o Fundo de Financiamento ao Estudante do Ensino Superior (Fies) do governo federal.<\/p>\n<p>O exame nacional \u00e9 considerado a principal porta de entrada para a educa\u00e7\u00e3o superior no Brasil.<\/p>\n<p>(Ag\u00eancia Brasil)<\/p>\n<\/div>\n","protected":false},"excerpt":{"rendered":"<p>Provas ser\u00e3o aplicadas nos dias 10 e 12 de dezembro As inscri\u00e7\u00f5es do Exame Nacional<\/p>\n","protected":false},"author":4,"featured_media":44502,"comment_status":"open","ping_status":"open","sticky":false,"template":"","format":"standard","meta":{"footnotes":""},"categories":[3,8],"tags":[],"class_list":["post-44501","post","type-post","status-publish","format-standard","has-post-thumbnail","hentry","category-destaques","category-educacao"],"yoast_head":"<!-- This site is optimized with the Yoast SEO plugin v27.5 - https:\/\/yoast.com\/product\/yoast-seo-wordpress\/ -->\n<title>Inscri\u00e7\u00f5es no Enem para pessoas privadas de liberdade terminam amanh\u00e3 - Jornal<\/title>\n<meta name=\"description\" content=\"Inscri\u00e7\u00f5es no Enem para pessoas privadas de liberdade terminam amanh\u00e3\" \/>\n<meta name=\"robots\" content=\"index, follow, max-snippet:-1, max-image-preview:large, max-video-preview:-1\" \/>\n<link rel=\"canonical\" href=\"https:\/\/jornalboasnoticias.com.br\/home\/inscricoes-no-enem-para-pessoas-privadas-de-liberdade-terminam-amanha\/\" \/>\n<meta property=\"og:locale\" content=\"pt_BR\" \/>\n<meta property=\"og:type\" content=\"article\" \/>\n<meta property=\"og:title\" content=\"Inscri\u00e7\u00f5es no Enem para pessoas privadas de liberdade terminam amanh\u00e3 - Jornal\" \/>\n<meta property=\"og:description\" content=\"Inscri\u00e7\u00f5es no Enem para pessoas privadas de liberdade terminam amanh\u00e3\" \/>\n<meta property=\"og:url\" content=\"https:\/\/jornalboasnoticias.com.br\/home\/inscricoes-no-enem-para-pessoas-privadas-de-liberdade-terminam-amanha\/\" \/>\n<meta property=\"og:site_name\" content=\"Jornal\" \/>\n<meta property=\"article:publisher\" content=\"https:\/\/www.facebook.com\/boasnoticiasjornal\" \/>\n<meta property=\"article:published_time\" content=\"2024-10-25T01:45:27+00:00\" \/>\n<meta property=\"og:image\" content=\"https:\/\/jornalboasnoticias.com.br\/home\/wp-content\/uploads\/2024\/10\/detentos_fazem_prova_do_enem_-_arquivo_agencia_brasil.webp\" \/>\n\t<meta property=\"og:image:width\" content=\"1170\" \/>\n\t<meta property=\"og:image:height\" content=\"700\" \/>\n\t<meta property=\"og:image:type\" content=\"image\/webp\" \/>\n<meta name=\"author\" content=\"Ana Luiza Bonatto\" \/>\n<meta name=\"twitter:card\" content=\"summary_large_image\" \/>\n<meta name=\"twitter:label1\" content=\"Escrito por\" \/>\n\t<meta name=\"twitter:data1\" content=\"Ana Luiza Bonatto\" \/>\n\t<meta name=\"twitter:label2\" content=\"Est. tempo de leitura\" \/>\n\t<meta name=\"twitter:data2\" content=\"4 minutos\" \/>\n<script type=\"application\/ld+json\" class=\"yoast-schema-graph\">{\"@context\":\"https:\\\/\\\/schema.org\",\"@graph\":[{\"@type\":\"Article\",\"@id\":\"https:\\\/\\\/jornalboasnoticias.com.br\\\/home\\\/inscricoes-no-enem-para-pessoas-privadas-de-liberdade-terminam-amanha\\\/#article\",\"isPartOf\":{\"@id\":\"https:\\\/\\\/jornalboasnoticias.com.br\\\/home\\\/inscricoes-no-enem-para-pessoas-privadas-de-liberdade-terminam-amanha\\\/\"},\"author\":{\"name\":\"Ana Luiza Bonatto\",\"@id\":\"https:\\\/\\\/jornalboasnoticias.com.br\\\/home\\\/#\\\/schema\\\/person\\\/d641193e0afc6405b390164dac847971\"},\"headline\":\"Inscri\u00e7\u00f5es no Enem para pessoas privadas de liberdade terminam amanh\u00e3\",\"datePublished\":\"2024-10-25T01:45:27+00:00\",\"mainEntityOfPage\":{\"@id\":\"https:\\\/\\\/jornalboasnoticias.com.br\\\/home\\\/inscricoes-no-enem-para-pessoas-privadas-de-liberdade-terminam-amanha\\\/\"},\"wordCount\":471,\"commentCount\":0,\"publisher\":{\"@id\":\"https:\\\/\\\/jornalboasnoticias.com.br\\\/home\\\/#organization\"},\"image\":{\"@id\":\"https:\\\/\\\/jornalboasnoticias.com.br\\\/home\\\/inscricoes-no-enem-para-pessoas-privadas-de-liberdade-terminam-amanha\\\/#primaryimage\"},\"thumbnailUrl\":\"https:\\\/\\\/jornalboasnoticias.com.br\\\/home\\\/wp-content\\\/uploads\\\/2024\\\/10\\\/detentos_fazem_prova_do_enem_-_arquivo_agencia_brasil.webp\",\"articleSection\":[\"DESTAQUE\",\"EDUCA\u00c7\u00c3O\"],\"inLanguage\":\"pt-BR\",\"potentialAction\":[{\"@type\":\"CommentAction\",\"name\":\"Comment\",\"target\":[\"https:\\\/\\\/jornalboasnoticias.com.br\\\/home\\\/inscricoes-no-enem-para-pessoas-privadas-de-liberdade-terminam-amanha\\\/#respond\"]}]},{\"@type\":\"WebPage\",\"@id\":\"https:\\\/\\\/jornalboasnoticias.com.br\\\/home\\\/inscricoes-no-enem-para-pessoas-privadas-de-liberdade-terminam-amanha\\\/\",\"url\":\"https:\\\/\\\/jornalboasnoticias.com.br\\\/home\\\/inscricoes-no-enem-para-pessoas-privadas-de-liberdade-terminam-amanha\\\/\",\"name\":\"Inscri\u00e7\u00f5es no Enem para pessoas privadas de liberdade terminam amanh\u00e3 - Jornal\",\"isPartOf\":{\"@id\":\"https:\\\/\\\/jornalboasnoticias.com.br\\\/home\\\/#website\"},\"primaryImageOfPage\":{\"@id\":\"https:\\\/\\\/jornalboasnoticias.com.br\\\/home\\\/inscricoes-no-enem-para-pessoas-privadas-de-liberdade-terminam-amanha\\\/#primaryimage\"},\"image\":{\"@id\":\"https:\\\/\\\/jornalboasnoticias.com.br\\\/home\\\/inscricoes-no-enem-para-pessoas-privadas-de-liberdade-terminam-amanha\\\/#primaryimage\"},\"thumbnailUrl\":\"https:\\\/\\\/jornalboasnoticias.com.br\\\/home\\\/wp-content\\\/uploads\\\/2024\\\/10\\\/detentos_fazem_prova_do_enem_-_arquivo_agencia_brasil.webp\",\"datePublished\":\"2024-10-25T01:45:27+00:00\",\"description\":\"Inscri\u00e7\u00f5es no Enem para pessoas privadas de liberdade terminam amanh\u00e3\",\"breadcrumb\":{\"@id\":\"https:\\\/\\\/jornalboasnoticias.com.br\\\/home\\\/inscricoes-no-enem-para-pessoas-privadas-de-liberdade-terminam-amanha\\\/#breadcrumb\"},\"inLanguage\":\"pt-BR\",\"potentialAction\":[{\"@type\":\"ReadAction\",\"target\":[\"https:\\\/\\\/jornalboasnoticias.com.br\\\/home\\\/inscricoes-no-enem-para-pessoas-privadas-de-liberdade-terminam-amanha\\\/\"]}]},{\"@type\":\"ImageObject\",\"inLanguage\":\"pt-BR\",\"@id\":\"https:\\\/\\\/jornalboasnoticias.com.br\\\/home\\\/inscricoes-no-enem-para-pessoas-privadas-de-liberdade-terminam-amanha\\\/#primaryimage\",\"url\":\"https:\\\/\\\/jornalboasnoticias.com.br\\\/home\\\/wp-content\\\/uploads\\\/2024\\\/10\\\/detentos_fazem_prova_do_enem_-_arquivo_agencia_brasil.webp\",\"contentUrl\":\"https:\\\/\\\/jornalboasnoticias.com.br\\\/home\\\/wp-content\\\/uploads\\\/2024\\\/10\\\/detentos_fazem_prova_do_enem_-_arquivo_agencia_brasil.webp\",\"width\":1170,\"height\":700,\"caption\":\"\u00a9 Arquivo Ag\u00eancia Brasil\"},{\"@type\":\"BreadcrumbList\",\"@id\":\"https:\\\/\\\/jornalboasnoticias.com.br\\\/home\\\/inscricoes-no-enem-para-pessoas-privadas-de-liberdade-terminam-amanha\\\/#breadcrumb\",\"itemListElement\":[{\"@type\":\"ListItem\",\"position\":1,\"name\":\"In\u00edcio\",\"item\":\"https:\\\/\\\/jornalboasnoticias.com.br\\\/home\\\/\"},{\"@type\":\"ListItem\",\"position\":2,\"name\":\"Inscri\u00e7\u00f5es no Enem para pessoas privadas de liberdade terminam amanh\u00e3\"}]},{\"@type\":\"WebSite\",\"@id\":\"https:\\\/\\\/jornalboasnoticias.com.br\\\/home\\\/#website\",\"url\":\"https:\\\/\\\/jornalboasnoticias.com.br\\\/home\\\/\",\"name\":\"Jornal Boas Not\u00edcias\",\"description\":\"Boas not\u00edcias\",\"publisher\":{\"@id\":\"https:\\\/\\\/jornalboasnoticias.com.br\\\/home\\\/#organization\"},\"potentialAction\":[{\"@type\":\"SearchAction\",\"target\":{\"@type\":\"EntryPoint\",\"urlTemplate\":\"https:\\\/\\\/jornalboasnoticias.com.br\\\/home\\\/?s={search_term_string}\"},\"query-input\":{\"@type\":\"PropertyValueSpecification\",\"valueRequired\":true,\"valueName\":\"search_term_string\"}}],\"inLanguage\":\"pt-BR\"},{\"@type\":\"Organization\",\"@id\":\"https:\\\/\\\/jornalboasnoticias.com.br\\\/home\\\/#organization\",\"name\":\"Coq Editora Ltda\",\"alternateName\":\"Jornal Boas Noticias\",\"url\":\"https:\\\/\\\/jornalboasnoticias.com.br\\\/home\\\/\",\"logo\":{\"@type\":\"ImageObject\",\"inLanguage\":\"pt-BR\",\"@id\":\"https:\\\/\\\/jornalboasnoticias.com.br\\\/home\\\/#\\\/schema\\\/logo\\\/image\\\/\",\"url\":\"https:\\\/\\\/jornalboasnoticias.com.br\\\/home\\\/wp-content\\\/uploads\\\/2024\\\/07\\\/cropped-logo.jpg\",\"contentUrl\":\"https:\\\/\\\/jornalboasnoticias.com.br\\\/home\\\/wp-content\\\/uploads\\\/2024\\\/07\\\/cropped-logo.jpg\",\"width\":290,\"height\":142,\"caption\":\"Coq Editora Ltda\"},\"image\":{\"@id\":\"https:\\\/\\\/jornalboasnoticias.com.br\\\/home\\\/#\\\/schema\\\/logo\\\/image\\\/\"},\"sameAs\":[\"https:\\\/\\\/www.facebook.com\\\/boasnoticiasjornal\"]},{\"@type\":\"Person\",\"@id\":\"https:\\\/\\\/jornalboasnoticias.com.br\\\/home\\\/#\\\/schema\\\/person\\\/d641193e0afc6405b390164dac847971\",\"name\":\"Ana Luiza Bonatto\",\"image\":{\"@type\":\"ImageObject\",\"inLanguage\":\"pt-BR\",\"@id\":\"https:\\\/\\\/secure.gravatar.com\\\/avatar\\\/8a055ebe6373371f67ac6fcf313c0ac0b0a91157fdcdb9514fa62927373348f0?s=96&d=mm&r=g\",\"url\":\"https:\\\/\\\/secure.gravatar.com\\\/avatar\\\/8a055ebe6373371f67ac6fcf313c0ac0b0a91157fdcdb9514fa62927373348f0?s=96&d=mm&r=g\",\"contentUrl\":\"https:\\\/\\\/secure.gravatar.com\\\/avatar\\\/8a055ebe6373371f67ac6fcf313c0ac0b0a91157fdcdb9514fa62927373348f0?s=96&d=mm&r=g\",\"caption\":\"Ana Luiza Bonatto\"},\"url\":\"https:\\\/\\\/jornalboasnoticias.com.br\\\/home\\\/author\\\/ana-luiza\\\/\"}]}<\/script>\n<!-- \/ Yoast SEO plugin. -->","yoast_head_json":{"title":"Inscri\u00e7\u00f5es no Enem para pessoas privadas de liberdade terminam amanh\u00e3 - Jornal","description":"Inscri\u00e7\u00f5es no Enem para pessoas privadas de liberdade terminam amanh\u00e3","robots":{"index":"index","follow":"follow","max-snippet":"max-snippet:-1","max-image-preview":"max-image-preview:large","max-video-preview":"max-video-preview:-1"},"canonical":"https:\/\/jornalboasnoticias.com.br\/home\/inscricoes-no-enem-para-pessoas-privadas-de-liberdade-terminam-amanha\/","og_locale":"pt_BR","og_type":"article","og_title":"Inscri\u00e7\u00f5es no Enem para pessoas privadas de liberdade terminam amanh\u00e3 - Jornal","og_description":"Inscri\u00e7\u00f5es no Enem para pessoas privadas de liberdade terminam amanh\u00e3","og_url":"https:\/\/jornalboasnoticias.com.br\/home\/inscricoes-no-enem-para-pessoas-privadas-de-liberdade-terminam-amanha\/","og_site_name":"Jornal","article_publisher":"https:\/\/www.facebook.com\/boasnoticiasjornal","article_published_time":"2024-10-25T01:45:27+00:00","og_image":[{"width":1170,"height":700,"url":"https:\/\/jornalboasnoticias.com.br\/home\/wp-content\/uploads\/2024\/10\/detentos_fazem_prova_do_enem_-_arquivo_agencia_brasil.webp","type":"image\/webp"}],"author":"Ana Luiza Bonatto","twitter_card":"summary_large_image","twitter_misc":{"Escrito por":"Ana Luiza Bonatto","Est. tempo de leitura":"4 minutos"},"schema":{"@context":"https:\/\/schema.org","@graph":[{"@type":"Article","@id":"https:\/\/jornalboasnoticias.com.br\/home\/inscricoes-no-enem-para-pessoas-privadas-de-liberdade-terminam-amanha\/#article","isPartOf":{"@id":"https:\/\/jornalboasnoticias.com.br\/home\/inscricoes-no-enem-para-pessoas-privadas-de-liberdade-terminam-amanha\/"},"author":{"name":"Ana Luiza Bonatto","@id":"https:\/\/jornalboasnoticias.com.br\/home\/#\/schema\/person\/d641193e0afc6405b390164dac847971"},"headline":"Inscri\u00e7\u00f5es no Enem para pessoas privadas de liberdade terminam amanh\u00e3","datePublished":"2024-10-25T01:45:27+00:00","mainEntityOfPage":{"@id":"https:\/\/jornalboasnoticias.com.br\/home\/inscricoes-no-enem-para-pessoas-privadas-de-liberdade-terminam-amanha\/"},"wordCount":471,"commentCount":0,"publisher":{"@id":"https:\/\/jornalboasnoticias.com.br\/home\/#organization"},"image":{"@id":"https:\/\/jornalboasnoticias.com.br\/home\/inscricoes-no-enem-para-pessoas-privadas-de-liberdade-terminam-amanha\/#primaryimage"},"thumbnailUrl":"https:\/\/jornalboasnoticias.com.br\/home\/wp-content\/uploads\/2024\/10\/detentos_fazem_prova_do_enem_-_arquivo_agencia_brasil.webp","articleSection":["DESTAQUE","EDUCA\u00c7\u00c3O"],"inLanguage":"pt-BR","potentialAction":[{"@type":"CommentAction","name":"Comment","target":["https:\/\/jornalboasnoticias.com.br\/home\/inscricoes-no-enem-para-pessoas-privadas-de-liberdade-terminam-amanha\/#respond"]}]},{"@type":"WebPage","@id":"https:\/\/jornalboasnoticias.com.br\/home\/inscricoes-no-enem-para-pessoas-privadas-de-liberdade-terminam-amanha\/","url":"https:\/\/jornalboasnoticias.com.br\/home\/inscricoes-no-enem-para-pessoas-privadas-de-liberdade-terminam-amanha\/","name":"Inscri\u00e7\u00f5es no Enem para pessoas privadas de liberdade terminam amanh\u00e3 - Jornal","isPartOf":{"@id":"https:\/\/jornalboasnoticias.com.br\/home\/#website"},"primaryImageOfPage":{"@id":"https:\/\/jornalboasnoticias.com.br\/home\/inscricoes-no-enem-para-pessoas-privadas-de-liberdade-terminam-amanha\/#primaryimage"},"image":{"@id":"https:\/\/jornalboasnoticias.com.br\/home\/inscricoes-no-enem-para-pessoas-privadas-de-liberdade-terminam-amanha\/#primaryimage"},"thumbnailUrl":"https:\/\/jornalboasnoticias.com.br\/home\/wp-content\/uploads\/2024\/10\/detentos_fazem_prova_do_enem_-_arquivo_agencia_brasil.webp","datePublished":"2024-10-25T01:45:27+00:00","description":"Inscri\u00e7\u00f5es no Enem para pessoas privadas de liberdade terminam amanh\u00e3","breadcrumb":{"@id":"https:\/\/jornalboasnoticias.com.br\/home\/inscricoes-no-enem-para-pessoas-privadas-de-liberdade-terminam-amanha\/#breadcrumb"},"inLanguage":"pt-BR","potentialAction":[{"@type":"ReadAction","target":["https:\/\/jornalboasnoticias.com.br\/home\/inscricoes-no-enem-para-pessoas-privadas-de-liberdade-terminam-amanha\/"]}]},{"@type":"ImageObject","inLanguage":"pt-BR","@id":"https:\/\/jornalboasnoticias.com.br\/home\/inscricoes-no-enem-para-pessoas-privadas-de-liberdade-terminam-amanha\/#primaryimage","url":"https:\/\/jornalboasnoticias.com.br\/home\/wp-content\/uploads\/2024\/10\/detentos_fazem_prova_do_enem_-_arquivo_agencia_brasil.webp","contentUrl":"https:\/\/jornalboasnoticias.com.br\/home\/wp-content\/uploads\/2024\/10\/detentos_fazem_prova_do_enem_-_arquivo_agencia_brasil.webp","width":1170,"height":700,"caption":"\u00a9 Arquivo Ag\u00eancia Brasil"},{"@type":"BreadcrumbList","@id":"https:\/\/jornalboasnoticias.com.br\/home\/inscricoes-no-enem-para-pessoas-privadas-de-liberdade-terminam-amanha\/#breadcrumb","itemListElement":[{"@type":"ListItem","position":1,"name":"In\u00edcio","item":"https:\/\/jornalboasnoticias.com.br\/home\/"},{"@type":"ListItem","position":2,"name":"Inscri\u00e7\u00f5es no Enem para pessoas privadas de liberdade terminam amanh\u00e3"}]},{"@type":"WebSite","@id":"https:\/\/jornalboasnoticias.com.br\/home\/#website","url":"https:\/\/jornalboasnoticias.com.br\/home\/","name":"Jornal Boas Not\u00edcias","description":"Boas not\u00edcias","publisher":{"@id":"https:\/\/jornalboasnoticias.com.br\/home\/#organization"},"potentialAction":[{"@type":"SearchAction","target":{"@type":"EntryPoint","urlTemplate":"https:\/\/jornalboasnoticias.com.br\/home\/?s={search_term_string}"},"query-input":{"@type":"PropertyValueSpecification","valueRequired":true,"valueName":"search_term_string"}}],"inLanguage":"pt-BR"},{"@type":"Organization","@id":"https:\/\/jornalboasnoticias.com.br\/home\/#organization","name":"Coq Editora Ltda","alternateName":"Jornal Boas Noticias","url":"https:\/\/jornalboasnoticias.com.br\/home\/","logo":{"@type":"ImageObject","inLanguage":"pt-BR","@id":"https:\/\/jornalboasnoticias.com.br\/home\/#\/schema\/logo\/image\/","url":"https:\/\/jornalboasnoticias.com.br\/home\/wp-content\/uploads\/2024\/07\/cropped-logo.jpg","contentUrl":"https:\/\/jornalboasnoticias.com.br\/home\/wp-content\/uploads\/2024\/07\/cropped-logo.jpg","width":290,"height":142,"caption":"Coq Editora Ltda"},"image":{"@id":"https:\/\/jornalboasnoticias.com.br\/home\/#\/schema\/logo\/image\/"},"sameAs":["https:\/\/www.facebook.com\/boasnoticiasjornal"]},{"@type":"Person","@id":"https:\/\/jornalboasnoticias.com.br\/home\/#\/schema\/person\/d641193e0afc6405b390164dac847971","name":"Ana Luiza Bonatto","image":{"@type":"ImageObject","inLanguage":"pt-BR","@id":"https:\/\/secure.gravatar.com\/avatar\/8a055ebe6373371f67ac6fcf313c0ac0b0a91157fdcdb9514fa62927373348f0?s=96&d=mm&r=g","url":"https:\/\/secure.gravatar.com\/avatar\/8a055ebe6373371f67ac6fcf313c0ac0b0a91157fdcdb9514fa62927373348f0?s=96&d=mm&r=g","contentUrl":"https:\/\/secure.gravatar.com\/avatar\/8a055ebe6373371f67ac6fcf313c0ac0b0a91157fdcdb9514fa62927373348f0?s=96&d=mm&r=g","caption":"Ana Luiza Bonatto"},"url":"https:\/\/jornalboasnoticias.com.br\/home\/author\/ana-luiza\/"}]}},"_links":{"self":[{"href":"https:\/\/jornalboasnoticias.com.br\/home\/wp-json\/wp\/v2\/posts\/44501","targetHints":{"allow":["GET"]}}],"collection":[{"href":"https:\/\/jornalboasnoticias.com.br\/home\/wp-json\/wp\/v2\/posts"}],"about":[{"href":"https:\/\/jornalboasnoticias.com.br\/home\/wp-json\/wp\/v2\/types\/post"}],"author":[{"embeddable":true,"href":"https:\/\/jornalboasnoticias.com.br\/home\/wp-json\/wp\/v2\/users\/4"}],"replies":[{"embeddable":true,"href":"https:\/\/jornalboasnoticias.com.br\/home\/wp-json\/wp\/v2\/comments?post=44501"}],"version-history":[{"count":1,"href":"https:\/\/jornalboasnoticias.com.br\/home\/wp-json\/wp\/v2\/posts\/44501\/revisions"}],"predecessor-version":[{"id":44503,"href":"https:\/\/jornalboasnoticias.com.br\/home\/wp-json\/wp\/v2\/posts\/44501\/revisions\/44503"}],"wp:featuredmedia":[{"embeddable":true,"href":"https:\/\/jornalboasnoticias.com.br\/home\/wp-json\/wp\/v2\/media\/44502"}],"wp:attachment":[{"href":"https:\/\/jornalboasnoticias.com.br\/home\/wp-json\/wp\/v2\/media?parent=44501"}],"wp:term":[{"taxonomy":"category","embeddable":true,"href":"https:\/\/jornalboasnoticias.com.br\/home\/wp-json\/wp\/v2\/categories?post=44501"},{"taxonomy":"post_tag","embeddable":true,"href":"https:\/\/jornalboasnoticias.com.br\/home\/wp-json\/wp\/v2\/tags?post=44501"}],"curies":[{"name":"wp","href":"https:\/\/api.w.org\/{rel}","templated":true}]}}