{"id":44498,"date":"2024-10-25T01:44:02","date_gmt":"2024-10-25T01:44:02","guid":{"rendered":"https:\/\/jornalboasnoticias.com.br\/home\/?p=44498"},"modified":"2024-10-25T01:44:02","modified_gmt":"2024-10-25T01:44:02","slug":"sem-margem-equatorial-brasil-pode-ter-que-importar-petroleo-em-2034","status":"publish","type":"post","link":"https:\/\/jornalboasnoticias.com.br\/home\/sem-margem-equatorial-brasil-pode-ter-que-importar-petroleo-em-2034\/","title":{"rendered":"Sem margem equatorial, Brasil pode ter que importar petr\u00f3leo em 2034"},"content":{"rendered":"<div class=\"header-noticia full-width\">\n<div>\n<figure id=\"attachment_44499\" aria-describedby=\"caption-attachment-44499\" style=\"width: 1170px\" class=\"wp-caption alignnone\"><img loading=\"lazy\" decoding=\"async\" class=\"size-full wp-image-44499\" src=\"https:\/\/jornalboasnoticias.com.br\/home\/wp-content\/uploads\/2024\/10\/toms7706.webp\" alt=\"\" width=\"1170\" height=\"700\" srcset=\"https:\/\/jornalboasnoticias.com.br\/home\/wp-content\/uploads\/2024\/10\/toms7706.webp 1170w, https:\/\/jornalboasnoticias.com.br\/home\/wp-content\/uploads\/2024\/10\/toms7706-300x179.webp 300w, https:\/\/jornalboasnoticias.com.br\/home\/wp-content\/uploads\/2024\/10\/toms7706-1024x613.webp 1024w, https:\/\/jornalboasnoticias.com.br\/home\/wp-content\/uploads\/2024\/10\/toms7706-768x459.webp 768w\" sizes=\"auto, (max-width: 1170px) 100vw, 1170px\" \/><figcaption id=\"caption-attachment-44499\" class=\"wp-caption-text\">\u00a9 Tomaz Silva\/Ag\u00eancia Brasil<\/figcaption><\/figure>\n<\/div>\n<\/div>\n<blockquote>\n<div class=\"header-noticia full-width\">\n<div class=\"linha-fina-noticia\">Petrobras depende de licen\u00e7a para explorar regi\u00e3o norte do pa\u00eds<\/div>\n<\/div>\n<\/blockquote>\n<div class=\"container-autoria\">\n<p>Sem produ\u00e7\u00e3o de petr\u00f3leo na margem equatorial, \u00e1rea do litoral norte do pa\u00eds apontada como o novo pr\u00e9-sal, o Brasil pode ter que voltar a importar petr\u00f3leo dentro de dez anos.<img decoding=\"async\" src=\"https:\/\/agenciabrasil.ebc.com.br\/ebc.png?id=1616844&amp;o=node\" \/><img decoding=\"async\" src=\"https:\/\/agenciabrasil.ebc.com.br\/ebc.gif?id=1616844&amp;o=node\" \/><\/p>\n<p>A afirma\u00e7\u00e3o, feita nesta quinta-feira (24), no Rio de Janeiro, \u00e9 da diretora de Explora\u00e7\u00e3o e Produ\u00e7\u00e3o (E&amp;P) da Petrobras, Sylvia Anjos (foto), e faz parte da campanha da estatal para obter licen\u00e7a para explorar a regi\u00e3o.<\/p>\n<p>\u201cO tempo est\u00e1 sendo muito cr\u00edtico, em cinco, seis anos tem uma ca\u00edda da produ\u00e7\u00e3o do pr\u00e9-sal e, com isso, a gente pode voltar a ser importador de petr\u00f3leo em 2034, 2035, se a gente n\u00e3o tiver descobertas\u201d, afirmou ao participar de uma aula aberta no Instituto Alberto Luiz Coimbra de P\u00f3s-Gradua\u00e7\u00e3o e Pesquisa em Engenharia (Coppe), da Universidade Federal do Rio de Janeiro (UFRJ).<\/p>\n<p>A margem equatorial abrange uma \u00e1rea que vai da costa do Rio Grande do Norte ao Amap\u00e1. A compara\u00e7\u00e3o com o pr\u00e9-sal \u00e9 devido ao grande potencial de encontrar reservat\u00f3rios de petr\u00f3leo. No entanto, a explora\u00e7\u00e3o \u00e9 criticada por ambientalistas, preocupados com poss\u00edveis danos ambientais.<\/p>\n<p>A Petrobras tem 16 po\u00e7os na nova fronteira explorat\u00f3ria, no entanto, s\u00f3 tem autoriza\u00e7\u00e3o do Instituto Brasileiro do Meio Ambiente e dos Recursos Naturais Renov\u00e1veis (Ibama) para perfurar dois deles, na costa do Rio Grande do Norte.<\/p>\n<p>O Ibama negou a licen\u00e7a para outras \u00e1reas, como a da Bacia da Foz do Amazonas. A Petrobras pediu ao instituto, ligado ao Minist\u00e9rio do Meio Ambiente e Mudan\u00e7a do Clima (MMA), uma reconsidera\u00e7\u00e3o e espera uma decis\u00e3o.<\/p>\n<p>Sylvia contextualizou que o Brasil \u00e9 autossuficiente em petr\u00f3leo desde 2006. Atualmente, 81% da produ\u00e7\u00e3o nacional s\u00e3o atribu\u00eddos ao pr\u00e9-sal. Como faz parte do ciclo do petr\u00f3leo o atingimento de um pico de produ\u00e7\u00e3o seguido por decl\u00ednio da quantidade de barris extra\u00eddos, a Petrobras busca novas \u00e1reas de explora\u00e7\u00e3o para que n\u00e3o haja recuo da produ\u00e7\u00e3o de \u00f3leo e g\u00e1s.<\/p>\n<h2>Meio ambiente<\/h2>\n<p>Segundo a diretora, a Petrobras resolveu as exig\u00eancias do Ibama para que seja alcan\u00e7ada a licen\u00e7a de explora\u00e7\u00e3o, entre elas a cria\u00e7\u00e3o de centro para acolhimento de animais em caso de derramamento de \u00f3leo; a garantia de que n\u00e3o haver\u00e1 excesso de capacidade no Aeroporto de Oiapoque, no Amap\u00e1; e simula\u00e7\u00e3o de exerc\u00edcios de emerg\u00eancia ambiental.<\/p>\n<p>Sylvia criticou tamb\u00e9m o que chamou de \u201c<em>fake news<\/em>\u00a0cient\u00edfica\u201d, citando a informa\u00e7\u00e3o propagada de que h\u00e1 corais na foz do rio Amazonas. Segundo ela, estudos j\u00e1 apontaram que coral n\u00e3o convive com o mar que n\u00e3o seja absolutamente transparente e sem argila.<\/p>\n<p>\u201cN\u00e3o existe coral na foz do Amazonas, isso n\u00e3o \u00e9 verdade. Existem rochas semelhantes a corais\u201d, desmentiu ela, acrescentando que, apesar do nome Bacia da Foz do Amazonas, os po\u00e7os ficam a 540 quil\u00f4metros da foz, distante da foz.<\/p>\n<p>A executiva afirmou ainda que a regi\u00e3o tem intenso fluxo de navios, ou seja, n\u00e3o \u00e9 um local isolado. \u201cA gente n\u00e3o est\u00e1 querendo perfurar em um santu\u00e1rio mar\u00edtimo onde nada ocorre\u201d, garantiu.<\/p>\n<p>O Ibama n\u00e3o apontou a data em que haver\u00e1 uma resposta ao pedido de reconsidera\u00e7\u00e3o da Petrobras. A estatal solicitou \u00e0 Ag\u00eancia Nacional do Petr\u00f3leo, G\u00e1s Natural e Biocombust\u00edveis (ANP)<a href=\"https:\/\/agenciabrasil.ebc.com.br\/economia\/noticia\/2024-10\/petrobras-pede-mais-prazo-anp-para-explorar-margem-equatorial\" target=\"_blank\" rel=\"noopener\">\u00a0a suspens\u00e3o do prazo para realizar a explora\u00e7\u00e3o na Bacia da Foz do Amazonas<\/a>, de forma a n\u00e3o perder tempo de concess\u00e3o sem licen\u00e7a.<\/p>\n<p>Ap\u00f3s participar da aula aberta na Coppe\/UFRJ, a diretora de E&amp;P disse a jornalistas que se sentir\u00e1 \u201cfrustrada\u201d caso a autoriza\u00e7\u00e3o do Ibama n\u00e3o saia ainda este ano. \u201cEu j\u00e1 estou frustrada\u201d.<\/p>\n<p>Apesar do sentimento, ela demonstrou expectativa positiva. \u201cEstamos fazendo tudo o que \u00e9 solicitado para que tenhamos a licen\u00e7a. Estamos confiantes\u201d, assegurou.<\/p>\n<h2>Perfura\u00e7\u00e3o<\/h2>\n<p>Mesmo que a licen\u00e7a fosse concedida hoje, a Petrobras n\u00e3o acredita que a perfura\u00e7\u00e3o se iniciaria ainda em 2024. Seriam necess\u00e1rios cerca de tr\u00eas meses, contando tempo para limpar, preparar e transportar a sonda perfuradora at\u00e9 a regi\u00e3o.<\/p>\n<p>O fato de n\u00e3o obter a licen\u00e7a \u00e9 um preju\u00edzo operacional para a Petrobras, pois, al\u00e9m de atrasar uma poss\u00edvel produ\u00e7\u00e3o de petr\u00f3leo, h\u00e1 gasto com opera\u00e7\u00f5es que n\u00e3o foram realizadas.<\/p>\n<p>\u201cSe voc\u00ea aluga uma sonda [de perfura\u00e7\u00e3o] que custa mais de US$ 600 mil por dia [o equivalente a quase R$ 3,4 milh\u00f5es]&#8230; a gente ficou dois meses com ela parada\u201d, lamentou.<\/p>\n<div class=\"dnd-widget-wrapper context-cheio_8colunas type-image\">\n<div class=\"dnd-atom-rendered\"><img decoding=\"async\" title=\"Andr\u00e9 Valentim\" src=\"https:\/\/imagens.ebc.com.br\/T-hqvLA5nasZXhr2OdjqwWYPgVw=\/754x0\/smart\/https:\/\/agenciabrasil.ebc.com.br\/sites\/default\/files\/thumbnails\/image\/refap_-_foto_andre_valentim_agencia_petrobras_1.jpg?itok=geHAimM3\" alt=\"Petrobras bate recorde de utiliza\u00e7\u00e3o de refinarias. - Refinaria Alberto Pasqualini - REFAP. Foto: Andr\u00e9 Valentim\" \/><\/div>\n<div class=\"dnd-caption-wrapper\">\n<div class=\"meta\">Produ\u00e7\u00e3o de petr\u00f3leo preocupa setores da economia \u00a0 &#8211; foto &#8211; (<strong>Andr\u00e9 Valentim -Ag\u00eancia Brasil)<\/strong><\/div>\n<\/div>\n<\/div>\n<p>Apesar de o tema margem equatorial ter ganhado notoriedade nos \u00faltimos anos, o pedido de licen\u00e7a da Petrobras foi feito em 2013.<\/p>\n<p>Sylvia revelou que, na costa do Rio Grande do Norte, onde a Petrobras obteve autoriza\u00e7\u00e3o do Ibama, dois po\u00e7os j\u00e1 est\u00e3o sendo perfurados. No entanto, ainda n\u00e3o h\u00e1 um parecer sobre a viabilidade econ\u00f4mica, ou seja, se a quantidade de petr\u00f3leo encontrada \u00e9 lucrativa.<\/p>\n<p>\u201cTodo \u00f3leo importa. Ent\u00e3o, a gente vai buscar tecnologia para encontrar solu\u00e7\u00f5es para que se possa produzir, mesmo que n\u00e3o seja o pr\u00e9-sal de milh\u00f5es de barris\u201d, afirmou.<\/p>\n<p>O tempo necess\u00e1rio entre a descoberta de um reservat\u00f3rio e a retirada do petr\u00f3leo gira em torno de seis a sete anos, explicou a executiva.<\/p>\n<p>Ela disse, ainda, que a Petrobras est\u00e1 procurando fornecedores que possam reduzir o pre\u00e7o cobrado pelas plataformas de produ\u00e7\u00e3o. Segundo ela, o custo oferecido por um FPSO (navio plataforma) foi de US$ 4 bilh\u00f5es, equivalentes a mais de R$ 22 bilh\u00f5es, o que inviabiliza a rentabilidade da produ\u00e7\u00e3o.<\/p>\n<p>Ainda segundo a diretora da Petrobras, algumas grandes petroleiras manifestam interesse em fazer parcerias com a Petrobras, caso sejam encontrados reservat\u00f3rios de petr\u00f3leo na margem equatorial.<\/p>\n<p>\u201cTodas as empresas est\u00e3o de olho no Brasil, por\u00e9m, elas perderam a esperan\u00e7a com a quest\u00e3o da licen\u00e7a. Ent\u00e3o, [se a Petrobras conseguir] todo mundo volta a ter interesse\u201d, especificou.<\/p>\n<p>No entanto, afirmou ela, a Petrobras tem\u00a0<em>know-how<\/em>\u00a0(conhecimento) suficiente para realizar campanhas explorat\u00f3rias sem parcerias.<\/p>\n<h2>Transi\u00e7\u00e3o energ\u00e9tica<\/h2>\n<p>A diretora entende que n\u00e3o h\u00e1 contradi\u00e7\u00e3o entre a orienta\u00e7\u00e3o da pol\u00edtica ambiental do pa\u00eds de reduzir a emiss\u00e3o de gases do efeito estufa, respons\u00e1veis pelo aquecimento global, e o interesse na explora\u00e7\u00e3o do petr\u00f3leo. Ela explicou que a Petrobras usa tecnologias que fazem com que o petr\u00f3leo da companhia seja produzido com menos emiss\u00e3o de di\u00f3xido de carbono (CO\u2082).<\/p>\n<p>Al\u00e9m disso, observou que o petr\u00f3leo continuar\u00e1 sendo demandado no mundo pelas pr\u00f3ximas d\u00e9cadas, tanto como fonte de energia como mat\u00e9ria-prima para a ind\u00fastria petroqu\u00edmica, que produz os mais diversos itens, al\u00e9m de pl\u00e1stico.<\/p>\n<p>\u201cQual petr\u00f3leo que estar\u00e1 presente? Aquele que \u00e9 menos emissor. Nesse sentido, a emiss\u00e3o do pr\u00e9-sal chega a ser de sete a nove quilos de CO2 por barril. A m\u00e9dia no mundo \u00e9 17 kg, e alguns campos imensos, mais de 20 kg\u201d, especificou, afirmando que a produ\u00e7\u00e3o da Petrobras alcan\u00e7ar\u00e1 o chamado\u00a0<em>net zero<\/em>\u00a0(saldo negativo de emiss\u00e3o de carbono) antes de 2050.<\/p>\n<\/div>\n","protected":false},"excerpt":{"rendered":"<p>Petrobras depende de licen\u00e7a para explorar regi\u00e3o norte do pa\u00eds Sem produ\u00e7\u00e3o de petr\u00f3leo na<\/p>\n","protected":false},"author":4,"featured_media":44499,"comment_status":"open","ping_status":"open","sticky":false,"template":"","format":"standard","meta":{"footnotes":""},"categories":[3,5],"tags":[],"class_list":["post-44498","post","type-post","status-publish","format-standard","has-post-thumbnail","hentry","category-destaques","category-economia"],"yoast_head":"<!-- This site is optimized with the Yoast SEO plugin v27.5 - https:\/\/yoast.com\/product\/yoast-seo-wordpress\/ -->\n<title>Sem margem equatorial, Brasil pode ter que importar petr\u00f3leo em 2034 - Jornal<\/title>\n<meta name=\"description\" content=\"Sem margem equatorial, Brasil pode ter que importar petr\u00f3leo em 2034\" \/>\n<meta name=\"robots\" content=\"index, follow, max-snippet:-1, max-image-preview:large, max-video-preview:-1\" \/>\n<link rel=\"canonical\" href=\"https:\/\/jornalboasnoticias.com.br\/home\/sem-margem-equatorial-brasil-pode-ter-que-importar-petroleo-em-2034\/\" \/>\n<meta property=\"og:locale\" content=\"pt_BR\" \/>\n<meta property=\"og:type\" content=\"article\" \/>\n<meta property=\"og:title\" content=\"Sem margem equatorial, Brasil pode ter que importar petr\u00f3leo em 2034 - Jornal\" \/>\n<meta property=\"og:description\" content=\"Sem margem equatorial, Brasil pode ter que importar petr\u00f3leo em 2034\" \/>\n<meta property=\"og:url\" content=\"https:\/\/jornalboasnoticias.com.br\/home\/sem-margem-equatorial-brasil-pode-ter-que-importar-petroleo-em-2034\/\" \/>\n<meta property=\"og:site_name\" content=\"Jornal\" \/>\n<meta property=\"article:publisher\" content=\"https:\/\/www.facebook.com\/boasnoticiasjornal\" \/>\n<meta property=\"article:published_time\" content=\"2024-10-25T01:44:02+00:00\" \/>\n<meta property=\"og:image\" content=\"https:\/\/jornalboasnoticias.com.br\/home\/wp-content\/uploads\/2024\/10\/toms7706.webp\" \/>\n\t<meta property=\"og:image:width\" content=\"1170\" \/>\n\t<meta property=\"og:image:height\" content=\"700\" \/>\n\t<meta property=\"og:image:type\" content=\"image\/webp\" \/>\n<meta name=\"author\" content=\"Ana Luiza Bonatto\" \/>\n<meta name=\"twitter:card\" content=\"summary_large_image\" \/>\n<meta name=\"twitter:label1\" content=\"Escrito por\" \/>\n\t<meta name=\"twitter:data1\" content=\"Ana Luiza Bonatto\" \/>\n\t<meta name=\"twitter:label2\" content=\"Est. tempo de leitura\" \/>\n\t<meta name=\"twitter:data2\" content=\"7 minutos\" \/>\n<script type=\"application\/ld+json\" class=\"yoast-schema-graph\">{\"@context\":\"https:\\\/\\\/schema.org\",\"@graph\":[{\"@type\":\"Article\",\"@id\":\"https:\\\/\\\/jornalboasnoticias.com.br\\\/home\\\/sem-margem-equatorial-brasil-pode-ter-que-importar-petroleo-em-2034\\\/#article\",\"isPartOf\":{\"@id\":\"https:\\\/\\\/jornalboasnoticias.com.br\\\/home\\\/sem-margem-equatorial-brasil-pode-ter-que-importar-petroleo-em-2034\\\/\"},\"author\":{\"name\":\"Ana Luiza Bonatto\",\"@id\":\"https:\\\/\\\/jornalboasnoticias.com.br\\\/home\\\/#\\\/schema\\\/person\\\/d641193e0afc6405b390164dac847971\"},\"headline\":\"Sem margem equatorial, Brasil pode ter que importar petr\u00f3leo em 2034\",\"datePublished\":\"2024-10-25T01:44:02+00:00\",\"mainEntityOfPage\":{\"@id\":\"https:\\\/\\\/jornalboasnoticias.com.br\\\/home\\\/sem-margem-equatorial-brasil-pode-ter-que-importar-petroleo-em-2034\\\/\"},\"wordCount\":1286,\"commentCount\":0,\"publisher\":{\"@id\":\"https:\\\/\\\/jornalboasnoticias.com.br\\\/home\\\/#organization\"},\"image\":{\"@id\":\"https:\\\/\\\/jornalboasnoticias.com.br\\\/home\\\/sem-margem-equatorial-brasil-pode-ter-que-importar-petroleo-em-2034\\\/#primaryimage\"},\"thumbnailUrl\":\"https:\\\/\\\/jornalboasnoticias.com.br\\\/home\\\/wp-content\\\/uploads\\\/2024\\\/10\\\/toms7706.webp\",\"articleSection\":[\"DESTAQUE\",\"ECONOMIA\"],\"inLanguage\":\"pt-BR\",\"potentialAction\":[{\"@type\":\"CommentAction\",\"name\":\"Comment\",\"target\":[\"https:\\\/\\\/jornalboasnoticias.com.br\\\/home\\\/sem-margem-equatorial-brasil-pode-ter-que-importar-petroleo-em-2034\\\/#respond\"]}]},{\"@type\":\"WebPage\",\"@id\":\"https:\\\/\\\/jornalboasnoticias.com.br\\\/home\\\/sem-margem-equatorial-brasil-pode-ter-que-importar-petroleo-em-2034\\\/\",\"url\":\"https:\\\/\\\/jornalboasnoticias.com.br\\\/home\\\/sem-margem-equatorial-brasil-pode-ter-que-importar-petroleo-em-2034\\\/\",\"name\":\"Sem margem equatorial, Brasil pode ter que importar petr\u00f3leo em 2034 - Jornal\",\"isPartOf\":{\"@id\":\"https:\\\/\\\/jornalboasnoticias.com.br\\\/home\\\/#website\"},\"primaryImageOfPage\":{\"@id\":\"https:\\\/\\\/jornalboasnoticias.com.br\\\/home\\\/sem-margem-equatorial-brasil-pode-ter-que-importar-petroleo-em-2034\\\/#primaryimage\"},\"image\":{\"@id\":\"https:\\\/\\\/jornalboasnoticias.com.br\\\/home\\\/sem-margem-equatorial-brasil-pode-ter-que-importar-petroleo-em-2034\\\/#primaryimage\"},\"thumbnailUrl\":\"https:\\\/\\\/jornalboasnoticias.com.br\\\/home\\\/wp-content\\\/uploads\\\/2024\\\/10\\\/toms7706.webp\",\"datePublished\":\"2024-10-25T01:44:02+00:00\",\"description\":\"Sem margem equatorial, Brasil pode ter que importar petr\u00f3leo em 2034\",\"breadcrumb\":{\"@id\":\"https:\\\/\\\/jornalboasnoticias.com.br\\\/home\\\/sem-margem-equatorial-brasil-pode-ter-que-importar-petroleo-em-2034\\\/#breadcrumb\"},\"inLanguage\":\"pt-BR\",\"potentialAction\":[{\"@type\":\"ReadAction\",\"target\":[\"https:\\\/\\\/jornalboasnoticias.com.br\\\/home\\\/sem-margem-equatorial-brasil-pode-ter-que-importar-petroleo-em-2034\\\/\"]}]},{\"@type\":\"ImageObject\",\"inLanguage\":\"pt-BR\",\"@id\":\"https:\\\/\\\/jornalboasnoticias.com.br\\\/home\\\/sem-margem-equatorial-brasil-pode-ter-que-importar-petroleo-em-2034\\\/#primaryimage\",\"url\":\"https:\\\/\\\/jornalboasnoticias.com.br\\\/home\\\/wp-content\\\/uploads\\\/2024\\\/10\\\/toms7706.webp\",\"contentUrl\":\"https:\\\/\\\/jornalboasnoticias.com.br\\\/home\\\/wp-content\\\/uploads\\\/2024\\\/10\\\/toms7706.webp\",\"width\":1170,\"height\":700,\"caption\":\"\u00a9 Tomaz Silva\\\/Ag\u00eancia Brasil\"},{\"@type\":\"BreadcrumbList\",\"@id\":\"https:\\\/\\\/jornalboasnoticias.com.br\\\/home\\\/sem-margem-equatorial-brasil-pode-ter-que-importar-petroleo-em-2034\\\/#breadcrumb\",\"itemListElement\":[{\"@type\":\"ListItem\",\"position\":1,\"name\":\"In\u00edcio\",\"item\":\"https:\\\/\\\/jornalboasnoticias.com.br\\\/home\\\/\"},{\"@type\":\"ListItem\",\"position\":2,\"name\":\"Sem margem equatorial, Brasil pode ter que importar petr\u00f3leo em 2034\"}]},{\"@type\":\"WebSite\",\"@id\":\"https:\\\/\\\/jornalboasnoticias.com.br\\\/home\\\/#website\",\"url\":\"https:\\\/\\\/jornalboasnoticias.com.br\\\/home\\\/\",\"name\":\"Jornal Boas Not\u00edcias\",\"description\":\"Boas not\u00edcias\",\"publisher\":{\"@id\":\"https:\\\/\\\/jornalboasnoticias.com.br\\\/home\\\/#organization\"},\"potentialAction\":[{\"@type\":\"SearchAction\",\"target\":{\"@type\":\"EntryPoint\",\"urlTemplate\":\"https:\\\/\\\/jornalboasnoticias.com.br\\\/home\\\/?s={search_term_string}\"},\"query-input\":{\"@type\":\"PropertyValueSpecification\",\"valueRequired\":true,\"valueName\":\"search_term_string\"}}],\"inLanguage\":\"pt-BR\"},{\"@type\":\"Organization\",\"@id\":\"https:\\\/\\\/jornalboasnoticias.com.br\\\/home\\\/#organization\",\"name\":\"Coq Editora Ltda\",\"alternateName\":\"Jornal Boas Noticias\",\"url\":\"https:\\\/\\\/jornalboasnoticias.com.br\\\/home\\\/\",\"logo\":{\"@type\":\"ImageObject\",\"inLanguage\":\"pt-BR\",\"@id\":\"https:\\\/\\\/jornalboasnoticias.com.br\\\/home\\\/#\\\/schema\\\/logo\\\/image\\\/\",\"url\":\"https:\\\/\\\/jornalboasnoticias.com.br\\\/home\\\/wp-content\\\/uploads\\\/2024\\\/07\\\/cropped-logo.jpg\",\"contentUrl\":\"https:\\\/\\\/jornalboasnoticias.com.br\\\/home\\\/wp-content\\\/uploads\\\/2024\\\/07\\\/cropped-logo.jpg\",\"width\":290,\"height\":142,\"caption\":\"Coq Editora Ltda\"},\"image\":{\"@id\":\"https:\\\/\\\/jornalboasnoticias.com.br\\\/home\\\/#\\\/schema\\\/logo\\\/image\\\/\"},\"sameAs\":[\"https:\\\/\\\/www.facebook.com\\\/boasnoticiasjornal\"]},{\"@type\":\"Person\",\"@id\":\"https:\\\/\\\/jornalboasnoticias.com.br\\\/home\\\/#\\\/schema\\\/person\\\/d641193e0afc6405b390164dac847971\",\"name\":\"Ana Luiza Bonatto\",\"image\":{\"@type\":\"ImageObject\",\"inLanguage\":\"pt-BR\",\"@id\":\"https:\\\/\\\/secure.gravatar.com\\\/avatar\\\/8a055ebe6373371f67ac6fcf313c0ac0b0a91157fdcdb9514fa62927373348f0?s=96&d=mm&r=g\",\"url\":\"https:\\\/\\\/secure.gravatar.com\\\/avatar\\\/8a055ebe6373371f67ac6fcf313c0ac0b0a91157fdcdb9514fa62927373348f0?s=96&d=mm&r=g\",\"contentUrl\":\"https:\\\/\\\/secure.gravatar.com\\\/avatar\\\/8a055ebe6373371f67ac6fcf313c0ac0b0a91157fdcdb9514fa62927373348f0?s=96&d=mm&r=g\",\"caption\":\"Ana Luiza Bonatto\"},\"url\":\"https:\\\/\\\/jornalboasnoticias.com.br\\\/home\\\/author\\\/ana-luiza\\\/\"}]}<\/script>\n<!-- \/ Yoast SEO plugin. -->","yoast_head_json":{"title":"Sem margem equatorial, Brasil pode ter que importar petr\u00f3leo em 2034 - Jornal","description":"Sem margem equatorial, Brasil pode ter que importar petr\u00f3leo em 2034","robots":{"index":"index","follow":"follow","max-snippet":"max-snippet:-1","max-image-preview":"max-image-preview:large","max-video-preview":"max-video-preview:-1"},"canonical":"https:\/\/jornalboasnoticias.com.br\/home\/sem-margem-equatorial-brasil-pode-ter-que-importar-petroleo-em-2034\/","og_locale":"pt_BR","og_type":"article","og_title":"Sem margem equatorial, Brasil pode ter que importar petr\u00f3leo em 2034 - Jornal","og_description":"Sem margem equatorial, Brasil pode ter que importar petr\u00f3leo em 2034","og_url":"https:\/\/jornalboasnoticias.com.br\/home\/sem-margem-equatorial-brasil-pode-ter-que-importar-petroleo-em-2034\/","og_site_name":"Jornal","article_publisher":"https:\/\/www.facebook.com\/boasnoticiasjornal","article_published_time":"2024-10-25T01:44:02+00:00","og_image":[{"width":1170,"height":700,"url":"https:\/\/jornalboasnoticias.com.br\/home\/wp-content\/uploads\/2024\/10\/toms7706.webp","type":"image\/webp"}],"author":"Ana Luiza Bonatto","twitter_card":"summary_large_image","twitter_misc":{"Escrito por":"Ana Luiza Bonatto","Est. tempo de leitura":"7 minutos"},"schema":{"@context":"https:\/\/schema.org","@graph":[{"@type":"Article","@id":"https:\/\/jornalboasnoticias.com.br\/home\/sem-margem-equatorial-brasil-pode-ter-que-importar-petroleo-em-2034\/#article","isPartOf":{"@id":"https:\/\/jornalboasnoticias.com.br\/home\/sem-margem-equatorial-brasil-pode-ter-que-importar-petroleo-em-2034\/"},"author":{"name":"Ana Luiza Bonatto","@id":"https:\/\/jornalboasnoticias.com.br\/home\/#\/schema\/person\/d641193e0afc6405b390164dac847971"},"headline":"Sem margem equatorial, Brasil pode ter que importar petr\u00f3leo em 2034","datePublished":"2024-10-25T01:44:02+00:00","mainEntityOfPage":{"@id":"https:\/\/jornalboasnoticias.com.br\/home\/sem-margem-equatorial-brasil-pode-ter-que-importar-petroleo-em-2034\/"},"wordCount":1286,"commentCount":0,"publisher":{"@id":"https:\/\/jornalboasnoticias.com.br\/home\/#organization"},"image":{"@id":"https:\/\/jornalboasnoticias.com.br\/home\/sem-margem-equatorial-brasil-pode-ter-que-importar-petroleo-em-2034\/#primaryimage"},"thumbnailUrl":"https:\/\/jornalboasnoticias.com.br\/home\/wp-content\/uploads\/2024\/10\/toms7706.webp","articleSection":["DESTAQUE","ECONOMIA"],"inLanguage":"pt-BR","potentialAction":[{"@type":"CommentAction","name":"Comment","target":["https:\/\/jornalboasnoticias.com.br\/home\/sem-margem-equatorial-brasil-pode-ter-que-importar-petroleo-em-2034\/#respond"]}]},{"@type":"WebPage","@id":"https:\/\/jornalboasnoticias.com.br\/home\/sem-margem-equatorial-brasil-pode-ter-que-importar-petroleo-em-2034\/","url":"https:\/\/jornalboasnoticias.com.br\/home\/sem-margem-equatorial-brasil-pode-ter-que-importar-petroleo-em-2034\/","name":"Sem margem equatorial, Brasil pode ter que importar petr\u00f3leo em 2034 - Jornal","isPartOf":{"@id":"https:\/\/jornalboasnoticias.com.br\/home\/#website"},"primaryImageOfPage":{"@id":"https:\/\/jornalboasnoticias.com.br\/home\/sem-margem-equatorial-brasil-pode-ter-que-importar-petroleo-em-2034\/#primaryimage"},"image":{"@id":"https:\/\/jornalboasnoticias.com.br\/home\/sem-margem-equatorial-brasil-pode-ter-que-importar-petroleo-em-2034\/#primaryimage"},"thumbnailUrl":"https:\/\/jornalboasnoticias.com.br\/home\/wp-content\/uploads\/2024\/10\/toms7706.webp","datePublished":"2024-10-25T01:44:02+00:00","description":"Sem margem equatorial, Brasil pode ter que importar petr\u00f3leo em 2034","breadcrumb":{"@id":"https:\/\/jornalboasnoticias.com.br\/home\/sem-margem-equatorial-brasil-pode-ter-que-importar-petroleo-em-2034\/#breadcrumb"},"inLanguage":"pt-BR","potentialAction":[{"@type":"ReadAction","target":["https:\/\/jornalboasnoticias.com.br\/home\/sem-margem-equatorial-brasil-pode-ter-que-importar-petroleo-em-2034\/"]}]},{"@type":"ImageObject","inLanguage":"pt-BR","@id":"https:\/\/jornalboasnoticias.com.br\/home\/sem-margem-equatorial-brasil-pode-ter-que-importar-petroleo-em-2034\/#primaryimage","url":"https:\/\/jornalboasnoticias.com.br\/home\/wp-content\/uploads\/2024\/10\/toms7706.webp","contentUrl":"https:\/\/jornalboasnoticias.com.br\/home\/wp-content\/uploads\/2024\/10\/toms7706.webp","width":1170,"height":700,"caption":"\u00a9 Tomaz Silva\/Ag\u00eancia Brasil"},{"@type":"BreadcrumbList","@id":"https:\/\/jornalboasnoticias.com.br\/home\/sem-margem-equatorial-brasil-pode-ter-que-importar-petroleo-em-2034\/#breadcrumb","itemListElement":[{"@type":"ListItem","position":1,"name":"In\u00edcio","item":"https:\/\/jornalboasnoticias.com.br\/home\/"},{"@type":"ListItem","position":2,"name":"Sem margem equatorial, Brasil pode ter que importar petr\u00f3leo em 2034"}]},{"@type":"WebSite","@id":"https:\/\/jornalboasnoticias.com.br\/home\/#website","url":"https:\/\/jornalboasnoticias.com.br\/home\/","name":"Jornal Boas Not\u00edcias","description":"Boas not\u00edcias","publisher":{"@id":"https:\/\/jornalboasnoticias.com.br\/home\/#organization"},"potentialAction":[{"@type":"SearchAction","target":{"@type":"EntryPoint","urlTemplate":"https:\/\/jornalboasnoticias.com.br\/home\/?s={search_term_string}"},"query-input":{"@type":"PropertyValueSpecification","valueRequired":true,"valueName":"search_term_string"}}],"inLanguage":"pt-BR"},{"@type":"Organization","@id":"https:\/\/jornalboasnoticias.com.br\/home\/#organization","name":"Coq Editora Ltda","alternateName":"Jornal Boas Noticias","url":"https:\/\/jornalboasnoticias.com.br\/home\/","logo":{"@type":"ImageObject","inLanguage":"pt-BR","@id":"https:\/\/jornalboasnoticias.com.br\/home\/#\/schema\/logo\/image\/","url":"https:\/\/jornalboasnoticias.com.br\/home\/wp-content\/uploads\/2024\/07\/cropped-logo.jpg","contentUrl":"https:\/\/jornalboasnoticias.com.br\/home\/wp-content\/uploads\/2024\/07\/cropped-logo.jpg","width":290,"height":142,"caption":"Coq Editora Ltda"},"image":{"@id":"https:\/\/jornalboasnoticias.com.br\/home\/#\/schema\/logo\/image\/"},"sameAs":["https:\/\/www.facebook.com\/boasnoticiasjornal"]},{"@type":"Person","@id":"https:\/\/jornalboasnoticias.com.br\/home\/#\/schema\/person\/d641193e0afc6405b390164dac847971","name":"Ana Luiza Bonatto","image":{"@type":"ImageObject","inLanguage":"pt-BR","@id":"https:\/\/secure.gravatar.com\/avatar\/8a055ebe6373371f67ac6fcf313c0ac0b0a91157fdcdb9514fa62927373348f0?s=96&d=mm&r=g","url":"https:\/\/secure.gravatar.com\/avatar\/8a055ebe6373371f67ac6fcf313c0ac0b0a91157fdcdb9514fa62927373348f0?s=96&d=mm&r=g","contentUrl":"https:\/\/secure.gravatar.com\/avatar\/8a055ebe6373371f67ac6fcf313c0ac0b0a91157fdcdb9514fa62927373348f0?s=96&d=mm&r=g","caption":"Ana Luiza Bonatto"},"url":"https:\/\/jornalboasnoticias.com.br\/home\/author\/ana-luiza\/"}]}},"_links":{"self":[{"href":"https:\/\/jornalboasnoticias.com.br\/home\/wp-json\/wp\/v2\/posts\/44498","targetHints":{"allow":["GET"]}}],"collection":[{"href":"https:\/\/jornalboasnoticias.com.br\/home\/wp-json\/wp\/v2\/posts"}],"about":[{"href":"https:\/\/jornalboasnoticias.com.br\/home\/wp-json\/wp\/v2\/types\/post"}],"author":[{"embeddable":true,"href":"https:\/\/jornalboasnoticias.com.br\/home\/wp-json\/wp\/v2\/users\/4"}],"replies":[{"embeddable":true,"href":"https:\/\/jornalboasnoticias.com.br\/home\/wp-json\/wp\/v2\/comments?post=44498"}],"version-history":[{"count":1,"href":"https:\/\/jornalboasnoticias.com.br\/home\/wp-json\/wp\/v2\/posts\/44498\/revisions"}],"predecessor-version":[{"id":44500,"href":"https:\/\/jornalboasnoticias.com.br\/home\/wp-json\/wp\/v2\/posts\/44498\/revisions\/44500"}],"wp:featuredmedia":[{"embeddable":true,"href":"https:\/\/jornalboasnoticias.com.br\/home\/wp-json\/wp\/v2\/media\/44499"}],"wp:attachment":[{"href":"https:\/\/jornalboasnoticias.com.br\/home\/wp-json\/wp\/v2\/media?parent=44498"}],"wp:term":[{"taxonomy":"category","embeddable":true,"href":"https:\/\/jornalboasnoticias.com.br\/home\/wp-json\/wp\/v2\/categories?post=44498"},{"taxonomy":"post_tag","embeddable":true,"href":"https:\/\/jornalboasnoticias.com.br\/home\/wp-json\/wp\/v2\/tags?post=44498"}],"curies":[{"name":"wp","href":"https:\/\/api.w.org\/{rel}","templated":true}]}}