{"id":44495,"date":"2024-10-25T01:42:54","date_gmt":"2024-10-25T01:42:54","guid":{"rendered":"https:\/\/jornalboasnoticias.com.br\/home\/?p=44495"},"modified":"2024-10-25T01:42:54","modified_gmt":"2024-10-25T01:42:54","slug":"carmen-lucia-convida-eleitores-a-votarem-no-segundo-turno","status":"publish","type":"post","link":"https:\/\/jornalboasnoticias.com.br\/home\/carmen-lucia-convida-eleitores-a-votarem-no-segundo-turno\/","title":{"rendered":"C\u00e1rmen L\u00facia convida eleitores a votarem no segundo turno"},"content":{"rendered":"<div class=\"header-noticia full-width\">\n<div>\n<figure id=\"attachment_44496\" aria-describedby=\"caption-attachment-44496\" style=\"width: 1170px\" class=\"wp-caption alignnone\"><img loading=\"lazy\" decoding=\"async\" class=\"size-full wp-image-44496\" src=\"https:\/\/jornalboasnoticias.com.br\/home\/wp-content\/uploads\/2024\/10\/mg_2254.webp\" alt=\"\" width=\"1170\" height=\"700\" srcset=\"https:\/\/jornalboasnoticias.com.br\/home\/wp-content\/uploads\/2024\/10\/mg_2254.webp 1170w, https:\/\/jornalboasnoticias.com.br\/home\/wp-content\/uploads\/2024\/10\/mg_2254-300x179.webp 300w, https:\/\/jornalboasnoticias.com.br\/home\/wp-content\/uploads\/2024\/10\/mg_2254-1024x613.webp 1024w, https:\/\/jornalboasnoticias.com.br\/home\/wp-content\/uploads\/2024\/10\/mg_2254-768x459.webp 768w\" sizes=\"auto, (max-width: 1170px) 100vw, 1170px\" \/><figcaption id=\"caption-attachment-44496\" class=\"wp-caption-text\">\u00a9 Bruno Peres\/Ag\u00eancia Brasil<\/figcaption><\/figure>\n<\/div>\n<\/div>\n<blockquote>\n<div class=\"header-noticia full-width\">\n<div class=\"linha-fina-noticia\">Ministra ressalta que quem n\u00e3o votou no 1\u00ba turno pode votar no domingo<\/div>\n<\/div>\n<\/blockquote>\n<div>\n<p>A presidente do Tribunal Superior Eleitoral (TSE), ministra C\u00e1rmen L\u00facia, convidou os eleitores a comparecerem \u00e0s urnas no pr\u00f3ximo domingo (27), data do segundo turno das elei\u00e7\u00f5es municipais.<img decoding=\"async\" src=\"https:\/\/agenciabrasil.ebc.com.br\/ebc.png?id=1616829&amp;o=node\" \/><img decoding=\"async\" src=\"https:\/\/agenciabrasil.ebc.com.br\/ebc.gif?id=1616829&amp;o=node\" \/><\/p>\n<p>Os eleitores de 15 capitais e de 36 munic\u00edpios voltam \u00e0s urnas para eleger os prefeitos que disputam os cargos. 33,9 milh\u00f5es de eleitores est\u00e3o aptos a votar. N\u00e3o h\u00e1 segundo turno para a disputa ao cargo de vereador.<\/p>\n<p>Ao conclamar o eleitor a votar, C\u00e1rmen L\u00facia disse que o voto \u00e9 uma ben\u00e7\u00e3o da democracia.<\/p>\n<p>&#8220;A Justi\u00e7a Eleitoral convida as eleitoras e os eleitores que compare\u00e7am \u00e0s urnas. O voto \u00e9 uma ben\u00e7\u00e3o democr\u00e1tica. Em nome dos que vieram antes de n\u00f3s e que lutaram para que n\u00f3s tiv\u00e9ssemos esse direito fundamental de votar, em nome dos que vierem depois de n\u00f3s, que precisam de ter um Estado democr\u00e1tico, uma sociedade democr\u00e1tica da qual o voto \u00e9 um gesto da participa\u00e7\u00e3o livre&#8221;, afirmou.<\/p>\n<p>A ministra tamb\u00e9m ressaltou que quem n\u00e3o votou no primeiro turno pode votar no segundo.<\/p>\n<p>&#8220;Se voc\u00ea [eleitor] n\u00e3o votou no primeiro turno, n\u00e3o tem import\u00e2ncia. Pode comparecer com t\u00edtulo de eleitor ou com outro documento com foto para que exer\u00e7a seu direito, que tamb\u00e9m \u00e9 um dever c\u00edvico com a sociedade brasileira&#8221;, completou.<\/p>\n<h2>Justificativa<\/h2>\n<p>Os eleitores que n\u00e3o puderem comparecer ao pleito dever\u00e3o fazer a justificativa de aus\u00eancia na vota\u00e7\u00e3o. Assim como ocorreu no primeiro turno, n\u00e3o h\u00e1 possibilidade de voto em tr\u00e2nsito no segundo.<\/p>\n<p>No dia da elei\u00e7\u00e3o, o cidad\u00e3o pode fazer sua justificativa de aus\u00eancia por meio do aplicativo E-t\u00edtulo da Justi\u00e7a Eleitoral ou por meio de pontos f\u00edsicos montados pelos tribunais regionais eleitorais (TREs) no dia do pleito.<\/p>\n<p>O app pode ser baixado gratuitamente nas lojas virtuais Apple e Android at\u00e9 s\u00e1bado (26), v\u00e9spera da elei\u00e7\u00e3o.<\/p>\n<p>(Ag\u00eancia Brasil)<\/p>\n<\/div>\n","protected":false},"excerpt":{"rendered":"<p>Ministra ressalta que quem n\u00e3o votou no 1\u00ba turno pode votar no domingo A presidente<\/p>\n","protected":false},"author":4,"featured_media":44496,"comment_status":"open","ping_status":"open","sticky":false,"template":"","format":"standard","meta":{"footnotes":""},"categories":[22],"tags":[],"class_list":["post-44495","post","type-post","status-publish","format-standard","has-post-thumbnail","hentry","category-justica"],"yoast_head":"<!-- This site is optimized with the Yoast SEO plugin v27.5 - https:\/\/yoast.com\/product\/yoast-seo-wordpress\/ -->\n<title>C\u00e1rmen L\u00facia convida eleitores a votarem no segundo turno - Jornal<\/title>\n<meta name=\"description\" content=\"C\u00e1rmen L\u00facia convida eleitores a votarem no segundo turno\" \/>\n<meta name=\"robots\" content=\"index, follow, max-snippet:-1, max-image-preview:large, max-video-preview:-1\" \/>\n<link rel=\"canonical\" href=\"https:\/\/jornalboasnoticias.com.br\/home\/carmen-lucia-convida-eleitores-a-votarem-no-segundo-turno\/\" \/>\n<meta property=\"og:locale\" content=\"pt_BR\" \/>\n<meta property=\"og:type\" content=\"article\" \/>\n<meta property=\"og:title\" content=\"C\u00e1rmen L\u00facia convida eleitores a votarem no segundo turno - Jornal\" \/>\n<meta property=\"og:description\" content=\"C\u00e1rmen L\u00facia convida eleitores a votarem no segundo turno\" \/>\n<meta property=\"og:url\" content=\"https:\/\/jornalboasnoticias.com.br\/home\/carmen-lucia-convida-eleitores-a-votarem-no-segundo-turno\/\" \/>\n<meta property=\"og:site_name\" content=\"Jornal\" \/>\n<meta property=\"article:publisher\" content=\"https:\/\/www.facebook.com\/boasnoticiasjornal\" \/>\n<meta property=\"article:published_time\" content=\"2024-10-25T01:42:54+00:00\" \/>\n<meta property=\"og:image\" content=\"https:\/\/jornalboasnoticias.com.br\/home\/wp-content\/uploads\/2024\/10\/mg_2254.webp\" \/>\n\t<meta property=\"og:image:width\" content=\"1170\" \/>\n\t<meta property=\"og:image:height\" content=\"700\" \/>\n\t<meta property=\"og:image:type\" content=\"image\/webp\" \/>\n<meta name=\"author\" content=\"Ana Luiza Bonatto\" \/>\n<meta name=\"twitter:card\" content=\"summary_large_image\" \/>\n<meta name=\"twitter:label1\" content=\"Escrito por\" \/>\n\t<meta name=\"twitter:data1\" content=\"Ana Luiza Bonatto\" \/>\n\t<meta name=\"twitter:label2\" content=\"Est. tempo de leitura\" \/>\n\t<meta name=\"twitter:data2\" content=\"3 minutos\" \/>\n<script type=\"application\/ld+json\" class=\"yoast-schema-graph\">{\"@context\":\"https:\\\/\\\/schema.org\",\"@graph\":[{\"@type\":\"Article\",\"@id\":\"https:\\\/\\\/jornalboasnoticias.com.br\\\/home\\\/carmen-lucia-convida-eleitores-a-votarem-no-segundo-turno\\\/#article\",\"isPartOf\":{\"@id\":\"https:\\\/\\\/jornalboasnoticias.com.br\\\/home\\\/carmen-lucia-convida-eleitores-a-votarem-no-segundo-turno\\\/\"},\"author\":{\"name\":\"Ana Luiza Bonatto\",\"@id\":\"https:\\\/\\\/jornalboasnoticias.com.br\\\/home\\\/#\\\/schema\\\/person\\\/d641193e0afc6405b390164dac847971\"},\"headline\":\"C\u00e1rmen L\u00facia convida eleitores a votarem no segundo turno\",\"datePublished\":\"2024-10-25T01:42:54+00:00\",\"mainEntityOfPage\":{\"@id\":\"https:\\\/\\\/jornalboasnoticias.com.br\\\/home\\\/carmen-lucia-convida-eleitores-a-votarem-no-segundo-turno\\\/\"},\"wordCount\":368,\"commentCount\":0,\"publisher\":{\"@id\":\"https:\\\/\\\/jornalboasnoticias.com.br\\\/home\\\/#organization\"},\"image\":{\"@id\":\"https:\\\/\\\/jornalboasnoticias.com.br\\\/home\\\/carmen-lucia-convida-eleitores-a-votarem-no-segundo-turno\\\/#primaryimage\"},\"thumbnailUrl\":\"https:\\\/\\\/jornalboasnoticias.com.br\\\/home\\\/wp-content\\\/uploads\\\/2024\\\/10\\\/mg_2254.webp\",\"articleSection\":[\"JUSTI\u00c7A\"],\"inLanguage\":\"pt-BR\",\"potentialAction\":[{\"@type\":\"CommentAction\",\"name\":\"Comment\",\"target\":[\"https:\\\/\\\/jornalboasnoticias.com.br\\\/home\\\/carmen-lucia-convida-eleitores-a-votarem-no-segundo-turno\\\/#respond\"]}]},{\"@type\":\"WebPage\",\"@id\":\"https:\\\/\\\/jornalboasnoticias.com.br\\\/home\\\/carmen-lucia-convida-eleitores-a-votarem-no-segundo-turno\\\/\",\"url\":\"https:\\\/\\\/jornalboasnoticias.com.br\\\/home\\\/carmen-lucia-convida-eleitores-a-votarem-no-segundo-turno\\\/\",\"name\":\"C\u00e1rmen L\u00facia convida eleitores a votarem no segundo turno - Jornal\",\"isPartOf\":{\"@id\":\"https:\\\/\\\/jornalboasnoticias.com.br\\\/home\\\/#website\"},\"primaryImageOfPage\":{\"@id\":\"https:\\\/\\\/jornalboasnoticias.com.br\\\/home\\\/carmen-lucia-convida-eleitores-a-votarem-no-segundo-turno\\\/#primaryimage\"},\"image\":{\"@id\":\"https:\\\/\\\/jornalboasnoticias.com.br\\\/home\\\/carmen-lucia-convida-eleitores-a-votarem-no-segundo-turno\\\/#primaryimage\"},\"thumbnailUrl\":\"https:\\\/\\\/jornalboasnoticias.com.br\\\/home\\\/wp-content\\\/uploads\\\/2024\\\/10\\\/mg_2254.webp\",\"datePublished\":\"2024-10-25T01:42:54+00:00\",\"description\":\"C\u00e1rmen L\u00facia convida eleitores a votarem no segundo turno\",\"breadcrumb\":{\"@id\":\"https:\\\/\\\/jornalboasnoticias.com.br\\\/home\\\/carmen-lucia-convida-eleitores-a-votarem-no-segundo-turno\\\/#breadcrumb\"},\"inLanguage\":\"pt-BR\",\"potentialAction\":[{\"@type\":\"ReadAction\",\"target\":[\"https:\\\/\\\/jornalboasnoticias.com.br\\\/home\\\/carmen-lucia-convida-eleitores-a-votarem-no-segundo-turno\\\/\"]}]},{\"@type\":\"ImageObject\",\"inLanguage\":\"pt-BR\",\"@id\":\"https:\\\/\\\/jornalboasnoticias.com.br\\\/home\\\/carmen-lucia-convida-eleitores-a-votarem-no-segundo-turno\\\/#primaryimage\",\"url\":\"https:\\\/\\\/jornalboasnoticias.com.br\\\/home\\\/wp-content\\\/uploads\\\/2024\\\/10\\\/mg_2254.webp\",\"contentUrl\":\"https:\\\/\\\/jornalboasnoticias.com.br\\\/home\\\/wp-content\\\/uploads\\\/2024\\\/10\\\/mg_2254.webp\",\"width\":1170,\"height\":700,\"caption\":\"\u00a9 Bruno Peres\\\/Ag\u00eancia Brasil\"},{\"@type\":\"BreadcrumbList\",\"@id\":\"https:\\\/\\\/jornalboasnoticias.com.br\\\/home\\\/carmen-lucia-convida-eleitores-a-votarem-no-segundo-turno\\\/#breadcrumb\",\"itemListElement\":[{\"@type\":\"ListItem\",\"position\":1,\"name\":\"In\u00edcio\",\"item\":\"https:\\\/\\\/jornalboasnoticias.com.br\\\/home\\\/\"},{\"@type\":\"ListItem\",\"position\":2,\"name\":\"C\u00e1rmen L\u00facia convida eleitores a votarem no segundo turno\"}]},{\"@type\":\"WebSite\",\"@id\":\"https:\\\/\\\/jornalboasnoticias.com.br\\\/home\\\/#website\",\"url\":\"https:\\\/\\\/jornalboasnoticias.com.br\\\/home\\\/\",\"name\":\"Jornal Boas Not\u00edcias\",\"description\":\"Boas not\u00edcias\",\"publisher\":{\"@id\":\"https:\\\/\\\/jornalboasnoticias.com.br\\\/home\\\/#organization\"},\"potentialAction\":[{\"@type\":\"SearchAction\",\"target\":{\"@type\":\"EntryPoint\",\"urlTemplate\":\"https:\\\/\\\/jornalboasnoticias.com.br\\\/home\\\/?s={search_term_string}\"},\"query-input\":{\"@type\":\"PropertyValueSpecification\",\"valueRequired\":true,\"valueName\":\"search_term_string\"}}],\"inLanguage\":\"pt-BR\"},{\"@type\":\"Organization\",\"@id\":\"https:\\\/\\\/jornalboasnoticias.com.br\\\/home\\\/#organization\",\"name\":\"Coq Editora Ltda\",\"alternateName\":\"Jornal Boas Noticias\",\"url\":\"https:\\\/\\\/jornalboasnoticias.com.br\\\/home\\\/\",\"logo\":{\"@type\":\"ImageObject\",\"inLanguage\":\"pt-BR\",\"@id\":\"https:\\\/\\\/jornalboasnoticias.com.br\\\/home\\\/#\\\/schema\\\/logo\\\/image\\\/\",\"url\":\"https:\\\/\\\/jornalboasnoticias.com.br\\\/home\\\/wp-content\\\/uploads\\\/2024\\\/07\\\/cropped-logo.jpg\",\"contentUrl\":\"https:\\\/\\\/jornalboasnoticias.com.br\\\/home\\\/wp-content\\\/uploads\\\/2024\\\/07\\\/cropped-logo.jpg\",\"width\":290,\"height\":142,\"caption\":\"Coq Editora Ltda\"},\"image\":{\"@id\":\"https:\\\/\\\/jornalboasnoticias.com.br\\\/home\\\/#\\\/schema\\\/logo\\\/image\\\/\"},\"sameAs\":[\"https:\\\/\\\/www.facebook.com\\\/boasnoticiasjornal\"]},{\"@type\":\"Person\",\"@id\":\"https:\\\/\\\/jornalboasnoticias.com.br\\\/home\\\/#\\\/schema\\\/person\\\/d641193e0afc6405b390164dac847971\",\"name\":\"Ana Luiza Bonatto\",\"image\":{\"@type\":\"ImageObject\",\"inLanguage\":\"pt-BR\",\"@id\":\"https:\\\/\\\/secure.gravatar.com\\\/avatar\\\/8a055ebe6373371f67ac6fcf313c0ac0b0a91157fdcdb9514fa62927373348f0?s=96&d=mm&r=g\",\"url\":\"https:\\\/\\\/secure.gravatar.com\\\/avatar\\\/8a055ebe6373371f67ac6fcf313c0ac0b0a91157fdcdb9514fa62927373348f0?s=96&d=mm&r=g\",\"contentUrl\":\"https:\\\/\\\/secure.gravatar.com\\\/avatar\\\/8a055ebe6373371f67ac6fcf313c0ac0b0a91157fdcdb9514fa62927373348f0?s=96&d=mm&r=g\",\"caption\":\"Ana Luiza Bonatto\"},\"url\":\"https:\\\/\\\/jornalboasnoticias.com.br\\\/home\\\/author\\\/ana-luiza\\\/\"}]}<\/script>\n<!-- \/ Yoast SEO plugin. -->","yoast_head_json":{"title":"C\u00e1rmen L\u00facia convida eleitores a votarem no segundo turno - Jornal","description":"C\u00e1rmen L\u00facia convida eleitores a votarem no segundo turno","robots":{"index":"index","follow":"follow","max-snippet":"max-snippet:-1","max-image-preview":"max-image-preview:large","max-video-preview":"max-video-preview:-1"},"canonical":"https:\/\/jornalboasnoticias.com.br\/home\/carmen-lucia-convida-eleitores-a-votarem-no-segundo-turno\/","og_locale":"pt_BR","og_type":"article","og_title":"C\u00e1rmen L\u00facia convida eleitores a votarem no segundo turno - Jornal","og_description":"C\u00e1rmen L\u00facia convida eleitores a votarem no segundo turno","og_url":"https:\/\/jornalboasnoticias.com.br\/home\/carmen-lucia-convida-eleitores-a-votarem-no-segundo-turno\/","og_site_name":"Jornal","article_publisher":"https:\/\/www.facebook.com\/boasnoticiasjornal","article_published_time":"2024-10-25T01:42:54+00:00","og_image":[{"width":1170,"height":700,"url":"https:\/\/jornalboasnoticias.com.br\/home\/wp-content\/uploads\/2024\/10\/mg_2254.webp","type":"image\/webp"}],"author":"Ana Luiza Bonatto","twitter_card":"summary_large_image","twitter_misc":{"Escrito por":"Ana Luiza Bonatto","Est. tempo de leitura":"3 minutos"},"schema":{"@context":"https:\/\/schema.org","@graph":[{"@type":"Article","@id":"https:\/\/jornalboasnoticias.com.br\/home\/carmen-lucia-convida-eleitores-a-votarem-no-segundo-turno\/#article","isPartOf":{"@id":"https:\/\/jornalboasnoticias.com.br\/home\/carmen-lucia-convida-eleitores-a-votarem-no-segundo-turno\/"},"author":{"name":"Ana Luiza Bonatto","@id":"https:\/\/jornalboasnoticias.com.br\/home\/#\/schema\/person\/d641193e0afc6405b390164dac847971"},"headline":"C\u00e1rmen L\u00facia convida eleitores a votarem no segundo turno","datePublished":"2024-10-25T01:42:54+00:00","mainEntityOfPage":{"@id":"https:\/\/jornalboasnoticias.com.br\/home\/carmen-lucia-convida-eleitores-a-votarem-no-segundo-turno\/"},"wordCount":368,"commentCount":0,"publisher":{"@id":"https:\/\/jornalboasnoticias.com.br\/home\/#organization"},"image":{"@id":"https:\/\/jornalboasnoticias.com.br\/home\/carmen-lucia-convida-eleitores-a-votarem-no-segundo-turno\/#primaryimage"},"thumbnailUrl":"https:\/\/jornalboasnoticias.com.br\/home\/wp-content\/uploads\/2024\/10\/mg_2254.webp","articleSection":["JUSTI\u00c7A"],"inLanguage":"pt-BR","potentialAction":[{"@type":"CommentAction","name":"Comment","target":["https:\/\/jornalboasnoticias.com.br\/home\/carmen-lucia-convida-eleitores-a-votarem-no-segundo-turno\/#respond"]}]},{"@type":"WebPage","@id":"https:\/\/jornalboasnoticias.com.br\/home\/carmen-lucia-convida-eleitores-a-votarem-no-segundo-turno\/","url":"https:\/\/jornalboasnoticias.com.br\/home\/carmen-lucia-convida-eleitores-a-votarem-no-segundo-turno\/","name":"C\u00e1rmen L\u00facia convida eleitores a votarem no segundo turno - Jornal","isPartOf":{"@id":"https:\/\/jornalboasnoticias.com.br\/home\/#website"},"primaryImageOfPage":{"@id":"https:\/\/jornalboasnoticias.com.br\/home\/carmen-lucia-convida-eleitores-a-votarem-no-segundo-turno\/#primaryimage"},"image":{"@id":"https:\/\/jornalboasnoticias.com.br\/home\/carmen-lucia-convida-eleitores-a-votarem-no-segundo-turno\/#primaryimage"},"thumbnailUrl":"https:\/\/jornalboasnoticias.com.br\/home\/wp-content\/uploads\/2024\/10\/mg_2254.webp","datePublished":"2024-10-25T01:42:54+00:00","description":"C\u00e1rmen L\u00facia convida eleitores a votarem no segundo turno","breadcrumb":{"@id":"https:\/\/jornalboasnoticias.com.br\/home\/carmen-lucia-convida-eleitores-a-votarem-no-segundo-turno\/#breadcrumb"},"inLanguage":"pt-BR","potentialAction":[{"@type":"ReadAction","target":["https:\/\/jornalboasnoticias.com.br\/home\/carmen-lucia-convida-eleitores-a-votarem-no-segundo-turno\/"]}]},{"@type":"ImageObject","inLanguage":"pt-BR","@id":"https:\/\/jornalboasnoticias.com.br\/home\/carmen-lucia-convida-eleitores-a-votarem-no-segundo-turno\/#primaryimage","url":"https:\/\/jornalboasnoticias.com.br\/home\/wp-content\/uploads\/2024\/10\/mg_2254.webp","contentUrl":"https:\/\/jornalboasnoticias.com.br\/home\/wp-content\/uploads\/2024\/10\/mg_2254.webp","width":1170,"height":700,"caption":"\u00a9 Bruno Peres\/Ag\u00eancia Brasil"},{"@type":"BreadcrumbList","@id":"https:\/\/jornalboasnoticias.com.br\/home\/carmen-lucia-convida-eleitores-a-votarem-no-segundo-turno\/#breadcrumb","itemListElement":[{"@type":"ListItem","position":1,"name":"In\u00edcio","item":"https:\/\/jornalboasnoticias.com.br\/home\/"},{"@type":"ListItem","position":2,"name":"C\u00e1rmen L\u00facia convida eleitores a votarem no segundo turno"}]},{"@type":"WebSite","@id":"https:\/\/jornalboasnoticias.com.br\/home\/#website","url":"https:\/\/jornalboasnoticias.com.br\/home\/","name":"Jornal Boas Not\u00edcias","description":"Boas not\u00edcias","publisher":{"@id":"https:\/\/jornalboasnoticias.com.br\/home\/#organization"},"potentialAction":[{"@type":"SearchAction","target":{"@type":"EntryPoint","urlTemplate":"https:\/\/jornalboasnoticias.com.br\/home\/?s={search_term_string}"},"query-input":{"@type":"PropertyValueSpecification","valueRequired":true,"valueName":"search_term_string"}}],"inLanguage":"pt-BR"},{"@type":"Organization","@id":"https:\/\/jornalboasnoticias.com.br\/home\/#organization","name":"Coq Editora Ltda","alternateName":"Jornal Boas Noticias","url":"https:\/\/jornalboasnoticias.com.br\/home\/","logo":{"@type":"ImageObject","inLanguage":"pt-BR","@id":"https:\/\/jornalboasnoticias.com.br\/home\/#\/schema\/logo\/image\/","url":"https:\/\/jornalboasnoticias.com.br\/home\/wp-content\/uploads\/2024\/07\/cropped-logo.jpg","contentUrl":"https:\/\/jornalboasnoticias.com.br\/home\/wp-content\/uploads\/2024\/07\/cropped-logo.jpg","width":290,"height":142,"caption":"Coq Editora Ltda"},"image":{"@id":"https:\/\/jornalboasnoticias.com.br\/home\/#\/schema\/logo\/image\/"},"sameAs":["https:\/\/www.facebook.com\/boasnoticiasjornal"]},{"@type":"Person","@id":"https:\/\/jornalboasnoticias.com.br\/home\/#\/schema\/person\/d641193e0afc6405b390164dac847971","name":"Ana Luiza Bonatto","image":{"@type":"ImageObject","inLanguage":"pt-BR","@id":"https:\/\/secure.gravatar.com\/avatar\/8a055ebe6373371f67ac6fcf313c0ac0b0a91157fdcdb9514fa62927373348f0?s=96&d=mm&r=g","url":"https:\/\/secure.gravatar.com\/avatar\/8a055ebe6373371f67ac6fcf313c0ac0b0a91157fdcdb9514fa62927373348f0?s=96&d=mm&r=g","contentUrl":"https:\/\/secure.gravatar.com\/avatar\/8a055ebe6373371f67ac6fcf313c0ac0b0a91157fdcdb9514fa62927373348f0?s=96&d=mm&r=g","caption":"Ana Luiza Bonatto"},"url":"https:\/\/jornalboasnoticias.com.br\/home\/author\/ana-luiza\/"}]}},"_links":{"self":[{"href":"https:\/\/jornalboasnoticias.com.br\/home\/wp-json\/wp\/v2\/posts\/44495","targetHints":{"allow":["GET"]}}],"collection":[{"href":"https:\/\/jornalboasnoticias.com.br\/home\/wp-json\/wp\/v2\/posts"}],"about":[{"href":"https:\/\/jornalboasnoticias.com.br\/home\/wp-json\/wp\/v2\/types\/post"}],"author":[{"embeddable":true,"href":"https:\/\/jornalboasnoticias.com.br\/home\/wp-json\/wp\/v2\/users\/4"}],"replies":[{"embeddable":true,"href":"https:\/\/jornalboasnoticias.com.br\/home\/wp-json\/wp\/v2\/comments?post=44495"}],"version-history":[{"count":1,"href":"https:\/\/jornalboasnoticias.com.br\/home\/wp-json\/wp\/v2\/posts\/44495\/revisions"}],"predecessor-version":[{"id":44497,"href":"https:\/\/jornalboasnoticias.com.br\/home\/wp-json\/wp\/v2\/posts\/44495\/revisions\/44497"}],"wp:featuredmedia":[{"embeddable":true,"href":"https:\/\/jornalboasnoticias.com.br\/home\/wp-json\/wp\/v2\/media\/44496"}],"wp:attachment":[{"href":"https:\/\/jornalboasnoticias.com.br\/home\/wp-json\/wp\/v2\/media?parent=44495"}],"wp:term":[{"taxonomy":"category","embeddable":true,"href":"https:\/\/jornalboasnoticias.com.br\/home\/wp-json\/wp\/v2\/categories?post=44495"},{"taxonomy":"post_tag","embeddable":true,"href":"https:\/\/jornalboasnoticias.com.br\/home\/wp-json\/wp\/v2\/tags?post=44495"}],"curies":[{"name":"wp","href":"https:\/\/api.w.org\/{rel}","templated":true}]}}