{"id":44492,"date":"2024-10-25T01:41:36","date_gmt":"2024-10-25T01:41:36","guid":{"rendered":"https:\/\/jornalboasnoticias.com.br\/home\/?p=44492"},"modified":"2024-10-25T01:41:36","modified_gmt":"2024-10-25T01:41:36","slug":"ao-lado-de-campos-neto-haddad-defende-fortalecimento-de-marco-fiscal","status":"publish","type":"post","link":"https:\/\/jornalboasnoticias.com.br\/home\/ao-lado-de-campos-neto-haddad-defende-fortalecimento-de-marco-fiscal\/","title":{"rendered":"Ao lado de Campos Neto, Haddad defende fortalecimento de marco fiscal"},"content":{"rendered":"<div class=\"header-noticia full-width\">\n<div>\n<figure id=\"attachment_44493\" aria-describedby=\"caption-attachment-44493\" style=\"width: 1170px\" class=\"wp-caption alignnone\"><img loading=\"lazy\" decoding=\"async\" class=\"size-full wp-image-44493\" src=\"https:\/\/jornalboasnoticias.com.br\/home\/wp-content\/uploads\/2024\/10\/54090981491_10e941fe52_o.webp\" alt=\"\" width=\"1170\" height=\"700\" srcset=\"https:\/\/jornalboasnoticias.com.br\/home\/wp-content\/uploads\/2024\/10\/54090981491_10e941fe52_o.webp 1170w, https:\/\/jornalboasnoticias.com.br\/home\/wp-content\/uploads\/2024\/10\/54090981491_10e941fe52_o-300x179.webp 300w, https:\/\/jornalboasnoticias.com.br\/home\/wp-content\/uploads\/2024\/10\/54090981491_10e941fe52_o-1024x613.webp 1024w, https:\/\/jornalboasnoticias.com.br\/home\/wp-content\/uploads\/2024\/10\/54090981491_10e941fe52_o-768x459.webp 768w\" sizes=\"auto, (max-width: 1170px) 100vw, 1170px\" \/><figcaption id=\"caption-attachment-44493\" class=\"wp-caption-text\">\u00a9 Diogo Zacarias\/MF<\/figcaption><\/figure>\n<\/div>\n<\/div>\n<blockquote>\n<div class=\"header-noticia full-width\">\n<div class=\"linha-fina-noticia\">Ministro e presidente do BC participaram de reuni\u00e3o do G20 nos EUA<\/div>\n<\/div>\n<\/blockquote>\n<div>\n<p>O ministro da Fazenda, Fernando Haddad, comprometeu-se a fortalecer o arcabou\u00e7o fiscal em vigor desde o ano passado, caso seja necess\u00e1rio. Acompanhado do presidente do Banco Central (BC), Roberto Campos Neto, Haddad esclareceu que n\u00e3o \u00e9 necess\u00e1rio reformular as novas regras, mas mostrar que estas se sustentam no m\u00e9dio e no longo prazos.<img decoding=\"async\" src=\"https:\/\/agenciabrasil.ebc.com.br\/ebc.png?id=1616861&amp;o=node\" \/><img decoding=\"async\" src=\"https:\/\/agenciabrasil.ebc.com.br\/ebc.gif?id=1616861&amp;o=node\" \/><\/p>\n<p>\u201c\u00c9 o fortalecimento de uma decis\u00e3o que j\u00e1 foi tomada. \u00c9 diferente de voc\u00ea fazer bloqueio e contingenciamento, que s\u00e3o moment\u00e2neos ali para fazer com que a lei aprovada pelo nosso governo seja respeitada. N\u00f3s estamos trabalhando em quest\u00f5es estruturais\u201d, afirmou Haddad, em entrevista coletiva em Washington sobre a reuni\u00e3o de ministros da Fazenda e presidentes dos bancos centrais do G20 (grupo das 19 maiores economias do planeta, mais Uni\u00e3o Europeia e Uni\u00e3o Africana).<\/p>\n<p>Quanto ao pacote de corte de gastos obrigat\u00f3rios\u00a0<a href=\"https:\/\/agenciabrasil.ebc.com.br\/politica\/noticia\/2024-10\/arcabouco-fiscal-deve-ter-vida-longa-defende-haddad\" target=\"_blank\" rel=\"noopener\">previsto para ser anunciado em novembro<\/a>, Haddad n\u00e3o deu detalhes, mas disse que as medidas em estudo s\u00e3o necess\u00e1rias para refor\u00e7ar os par\u00e2metros do arcabou\u00e7o fiscal, como limite de gastos e metas de d\u00e9ficit prim\u00e1rio.<\/p>\n<p>\u201cDo meu ponto de vista, n\u00e3o se trata de [o arcabou\u00e7o fiscal] ser reformulado. Trata-se de ser refor\u00e7ado, garantir aos agentes econ\u00f4micos, trabalhadores, empres\u00e1rios, cidad\u00e3os, de uma maneira geral, investidores, que aqueles termos, aqueles par\u00e2metros s\u00e3o cr\u00edveis dinamicamente, no m\u00e9dio e no longo prazo\u201d, acrescentou o ministro.<\/p>\n<h2>Banco Central<\/h2>\n<p>Ao lado de Haddad, o presidente do BC ressaltou a import\u00e2ncia de medidas fiscais para minimizar a preocupa\u00e7\u00e3o do mercado financeiro com as contas p\u00fablicas. Apesar de tens\u00f5es ligadas \u00e0s elei\u00e7\u00f5es norte-americanas e aos juros nos Estados Unidos, parte da turbul\u00eancia deve-se \u00e0 desconfian\u00e7a dos investidores com o cumprimento do arcabou\u00e7o fiscal.<\/p>\n<p>\u201cVamos ter alguns an\u00fancios no curto prazo que v\u00e3o endere\u00e7ar em parte essa rea\u00e7\u00e3o do mercado em rela\u00e7\u00e3o ao tema fiscal\u201d, declarou Campos Neto.<\/p>\n<p>Nos \u00faltimos meses, o d\u00f3lar tem subido, e a bolsa, ca\u00eddo. Embora tenha relatado a necessidade de medidas fiscais, o presidente do BC disse que os pre\u00e7os de mercado \u201cest\u00e3o exagerados\u201d. Segundo Campos Neto, o planeta enfrenta um desafio global de lidar com o crescimento da d\u00edvida dos governos ap\u00f3s a pandemia de covid-19, e o Brasil est\u00e1 tendo um desempenho \u201cacima da m\u00e9dia\u201d em buscar o reequil\u00edbrio das contas p\u00fablicas.<\/p>\n<p>\u201cUma das conclus\u00f5es das reuni\u00f5es do FMI [Fundo Monet\u00e1rio Internacional] em Marrakesh [Marrocos, em 2023] era que a d\u00edvida global e os gastos estavam crescendo muito. O mundo lidou com a pandemia de covid-19 muito bem, mas foram programas caros, e o mundo teria que endere\u00e7ar esse problema cedo ou tarde. Quando olhamos o que o Brasil fez, o Brasil est\u00e1 acima da m\u00e9dia. Tenho dito isso. Acho que os pre\u00e7os de mercado est\u00e3o exagerados neste momento\u201d, afirmou o presidente do BC.<\/p>\n<h2>Trilha financeira<\/h2>\n<p>Nesta semana, Haddad e Campos Neto participam de reuni\u00f5es do FMI e do Banco Mundial na capital norte-americana. Paralelamente, os dois presidiram a 4\u00aa reuni\u00e3o da trilha de finan\u00e7as do G20, que re\u00fane ministros das Finan\u00e7as e presidentes dos bancos centrais do grupo, cuja presid\u00eancia o Brasil ocupa at\u00e9 novembro.<\/p>\n<p>No comunicado final do encontro, os pa\u00edses do G20 expressaram otimismo em rela\u00e7\u00e3o \u00e0 desacelera\u00e7\u00e3o econ\u00f4mica na maioria dos pa\u00edses ap\u00f3s uma fase de recupera\u00e7\u00e3o p\u00f3s-pandemia. Segundo o documento, os chefes de Finan\u00e7as do grupo mostraram confian\u00e7a com um \u201cpouso suave\u201d da economia global. O documento, no entanto, citou desafios, como o combate ao protecionismo de diversas economias avan\u00e7adas, que prejudica a recupera\u00e7\u00e3o de pa\u00edses mais pobres.<\/p>\n<p>(Ag\u00eancia Brasil)<\/p>\n<\/div>\n","protected":false},"excerpt":{"rendered":"<p>Ministro e presidente do BC participaram de reuni\u00e3o do G20 nos EUA O ministro da<\/p>\n","protected":false},"author":4,"featured_media":44493,"comment_status":"open","ping_status":"open","sticky":false,"template":"","format":"standard","meta":{"footnotes":""},"categories":[5],"tags":[],"class_list":["post-44492","post","type-post","status-publish","format-standard","has-post-thumbnail","hentry","category-economia"],"yoast_head":"<!-- This site is optimized with the Yoast SEO plugin v27.5 - https:\/\/yoast.com\/product\/yoast-seo-wordpress\/ -->\n<title>Ao lado de Campos Neto, Haddad defende fortalecimento de marco fiscal - Jornal<\/title>\n<meta name=\"description\" content=\"Ao lado de Campos Neto, Haddad defende fortalecimento de marco fiscal\" \/>\n<meta name=\"robots\" content=\"index, follow, max-snippet:-1, max-image-preview:large, max-video-preview:-1\" \/>\n<link rel=\"canonical\" href=\"https:\/\/jornalboasnoticias.com.br\/home\/ao-lado-de-campos-neto-haddad-defende-fortalecimento-de-marco-fiscal\/\" \/>\n<meta property=\"og:locale\" content=\"pt_BR\" \/>\n<meta property=\"og:type\" content=\"article\" \/>\n<meta property=\"og:title\" content=\"Ao lado de Campos Neto, Haddad defende fortalecimento de marco fiscal - Jornal\" \/>\n<meta property=\"og:description\" content=\"Ao lado de Campos Neto, Haddad defende fortalecimento de marco fiscal\" \/>\n<meta property=\"og:url\" content=\"https:\/\/jornalboasnoticias.com.br\/home\/ao-lado-de-campos-neto-haddad-defende-fortalecimento-de-marco-fiscal\/\" \/>\n<meta property=\"og:site_name\" content=\"Jornal\" \/>\n<meta property=\"article:publisher\" content=\"https:\/\/www.facebook.com\/boasnoticiasjornal\" \/>\n<meta property=\"article:published_time\" content=\"2024-10-25T01:41:36+00:00\" \/>\n<meta property=\"og:image\" content=\"https:\/\/jornalboasnoticias.com.br\/home\/wp-content\/uploads\/2024\/10\/54090981491_10e941fe52_o.webp\" \/>\n\t<meta property=\"og:image:width\" content=\"1170\" \/>\n\t<meta property=\"og:image:height\" content=\"700\" \/>\n\t<meta property=\"og:image:type\" content=\"image\/webp\" \/>\n<meta name=\"author\" content=\"Ana Luiza Bonatto\" \/>\n<meta name=\"twitter:card\" content=\"summary_large_image\" \/>\n<meta name=\"twitter:label1\" content=\"Escrito por\" \/>\n\t<meta name=\"twitter:data1\" content=\"Ana Luiza Bonatto\" \/>\n\t<meta name=\"twitter:label2\" content=\"Est. tempo de leitura\" \/>\n\t<meta name=\"twitter:data2\" content=\"4 minutos\" \/>\n<script type=\"application\/ld+json\" class=\"yoast-schema-graph\">{\"@context\":\"https:\\\/\\\/schema.org\",\"@graph\":[{\"@type\":\"Article\",\"@id\":\"https:\\\/\\\/jornalboasnoticias.com.br\\\/home\\\/ao-lado-de-campos-neto-haddad-defende-fortalecimento-de-marco-fiscal\\\/#article\",\"isPartOf\":{\"@id\":\"https:\\\/\\\/jornalboasnoticias.com.br\\\/home\\\/ao-lado-de-campos-neto-haddad-defende-fortalecimento-de-marco-fiscal\\\/\"},\"author\":{\"name\":\"Ana Luiza Bonatto\",\"@id\":\"https:\\\/\\\/jornalboasnoticias.com.br\\\/home\\\/#\\\/schema\\\/person\\\/d641193e0afc6405b390164dac847971\"},\"headline\":\"Ao lado de Campos Neto, Haddad defende fortalecimento de marco fiscal\",\"datePublished\":\"2024-10-25T01:41:36+00:00\",\"mainEntityOfPage\":{\"@id\":\"https:\\\/\\\/jornalboasnoticias.com.br\\\/home\\\/ao-lado-de-campos-neto-haddad-defende-fortalecimento-de-marco-fiscal\\\/\"},\"wordCount\":677,\"commentCount\":0,\"publisher\":{\"@id\":\"https:\\\/\\\/jornalboasnoticias.com.br\\\/home\\\/#organization\"},\"image\":{\"@id\":\"https:\\\/\\\/jornalboasnoticias.com.br\\\/home\\\/ao-lado-de-campos-neto-haddad-defende-fortalecimento-de-marco-fiscal\\\/#primaryimage\"},\"thumbnailUrl\":\"https:\\\/\\\/jornalboasnoticias.com.br\\\/home\\\/wp-content\\\/uploads\\\/2024\\\/10\\\/54090981491_10e941fe52_o.webp\",\"articleSection\":[\"ECONOMIA\"],\"inLanguage\":\"pt-BR\",\"potentialAction\":[{\"@type\":\"CommentAction\",\"name\":\"Comment\",\"target\":[\"https:\\\/\\\/jornalboasnoticias.com.br\\\/home\\\/ao-lado-de-campos-neto-haddad-defende-fortalecimento-de-marco-fiscal\\\/#respond\"]}]},{\"@type\":\"WebPage\",\"@id\":\"https:\\\/\\\/jornalboasnoticias.com.br\\\/home\\\/ao-lado-de-campos-neto-haddad-defende-fortalecimento-de-marco-fiscal\\\/\",\"url\":\"https:\\\/\\\/jornalboasnoticias.com.br\\\/home\\\/ao-lado-de-campos-neto-haddad-defende-fortalecimento-de-marco-fiscal\\\/\",\"name\":\"Ao lado de Campos Neto, Haddad defende fortalecimento de marco fiscal - Jornal\",\"isPartOf\":{\"@id\":\"https:\\\/\\\/jornalboasnoticias.com.br\\\/home\\\/#website\"},\"primaryImageOfPage\":{\"@id\":\"https:\\\/\\\/jornalboasnoticias.com.br\\\/home\\\/ao-lado-de-campos-neto-haddad-defende-fortalecimento-de-marco-fiscal\\\/#primaryimage\"},\"image\":{\"@id\":\"https:\\\/\\\/jornalboasnoticias.com.br\\\/home\\\/ao-lado-de-campos-neto-haddad-defende-fortalecimento-de-marco-fiscal\\\/#primaryimage\"},\"thumbnailUrl\":\"https:\\\/\\\/jornalboasnoticias.com.br\\\/home\\\/wp-content\\\/uploads\\\/2024\\\/10\\\/54090981491_10e941fe52_o.webp\",\"datePublished\":\"2024-10-25T01:41:36+00:00\",\"description\":\"Ao lado de Campos Neto, Haddad defende fortalecimento de marco fiscal\",\"breadcrumb\":{\"@id\":\"https:\\\/\\\/jornalboasnoticias.com.br\\\/home\\\/ao-lado-de-campos-neto-haddad-defende-fortalecimento-de-marco-fiscal\\\/#breadcrumb\"},\"inLanguage\":\"pt-BR\",\"potentialAction\":[{\"@type\":\"ReadAction\",\"target\":[\"https:\\\/\\\/jornalboasnoticias.com.br\\\/home\\\/ao-lado-de-campos-neto-haddad-defende-fortalecimento-de-marco-fiscal\\\/\"]}]},{\"@type\":\"ImageObject\",\"inLanguage\":\"pt-BR\",\"@id\":\"https:\\\/\\\/jornalboasnoticias.com.br\\\/home\\\/ao-lado-de-campos-neto-haddad-defende-fortalecimento-de-marco-fiscal\\\/#primaryimage\",\"url\":\"https:\\\/\\\/jornalboasnoticias.com.br\\\/home\\\/wp-content\\\/uploads\\\/2024\\\/10\\\/54090981491_10e941fe52_o.webp\",\"contentUrl\":\"https:\\\/\\\/jornalboasnoticias.com.br\\\/home\\\/wp-content\\\/uploads\\\/2024\\\/10\\\/54090981491_10e941fe52_o.webp\",\"width\":1170,\"height\":700,\"caption\":\"\u00a9 Diogo Zacarias\\\/MF\"},{\"@type\":\"BreadcrumbList\",\"@id\":\"https:\\\/\\\/jornalboasnoticias.com.br\\\/home\\\/ao-lado-de-campos-neto-haddad-defende-fortalecimento-de-marco-fiscal\\\/#breadcrumb\",\"itemListElement\":[{\"@type\":\"ListItem\",\"position\":1,\"name\":\"In\u00edcio\",\"item\":\"https:\\\/\\\/jornalboasnoticias.com.br\\\/home\\\/\"},{\"@type\":\"ListItem\",\"position\":2,\"name\":\"Ao lado de Campos Neto, Haddad defende fortalecimento de marco fiscal\"}]},{\"@type\":\"WebSite\",\"@id\":\"https:\\\/\\\/jornalboasnoticias.com.br\\\/home\\\/#website\",\"url\":\"https:\\\/\\\/jornalboasnoticias.com.br\\\/home\\\/\",\"name\":\"Jornal Boas Not\u00edcias\",\"description\":\"Boas not\u00edcias\",\"publisher\":{\"@id\":\"https:\\\/\\\/jornalboasnoticias.com.br\\\/home\\\/#organization\"},\"potentialAction\":[{\"@type\":\"SearchAction\",\"target\":{\"@type\":\"EntryPoint\",\"urlTemplate\":\"https:\\\/\\\/jornalboasnoticias.com.br\\\/home\\\/?s={search_term_string}\"},\"query-input\":{\"@type\":\"PropertyValueSpecification\",\"valueRequired\":true,\"valueName\":\"search_term_string\"}}],\"inLanguage\":\"pt-BR\"},{\"@type\":\"Organization\",\"@id\":\"https:\\\/\\\/jornalboasnoticias.com.br\\\/home\\\/#organization\",\"name\":\"Coq Editora Ltda\",\"alternateName\":\"Jornal Boas Noticias\",\"url\":\"https:\\\/\\\/jornalboasnoticias.com.br\\\/home\\\/\",\"logo\":{\"@type\":\"ImageObject\",\"inLanguage\":\"pt-BR\",\"@id\":\"https:\\\/\\\/jornalboasnoticias.com.br\\\/home\\\/#\\\/schema\\\/logo\\\/image\\\/\",\"url\":\"https:\\\/\\\/jornalboasnoticias.com.br\\\/home\\\/wp-content\\\/uploads\\\/2024\\\/07\\\/cropped-logo.jpg\",\"contentUrl\":\"https:\\\/\\\/jornalboasnoticias.com.br\\\/home\\\/wp-content\\\/uploads\\\/2024\\\/07\\\/cropped-logo.jpg\",\"width\":290,\"height\":142,\"caption\":\"Coq Editora Ltda\"},\"image\":{\"@id\":\"https:\\\/\\\/jornalboasnoticias.com.br\\\/home\\\/#\\\/schema\\\/logo\\\/image\\\/\"},\"sameAs\":[\"https:\\\/\\\/www.facebook.com\\\/boasnoticiasjornal\"]},{\"@type\":\"Person\",\"@id\":\"https:\\\/\\\/jornalboasnoticias.com.br\\\/home\\\/#\\\/schema\\\/person\\\/d641193e0afc6405b390164dac847971\",\"name\":\"Ana Luiza Bonatto\",\"image\":{\"@type\":\"ImageObject\",\"inLanguage\":\"pt-BR\",\"@id\":\"https:\\\/\\\/secure.gravatar.com\\\/avatar\\\/8a055ebe6373371f67ac6fcf313c0ac0b0a91157fdcdb9514fa62927373348f0?s=96&d=mm&r=g\",\"url\":\"https:\\\/\\\/secure.gravatar.com\\\/avatar\\\/8a055ebe6373371f67ac6fcf313c0ac0b0a91157fdcdb9514fa62927373348f0?s=96&d=mm&r=g\",\"contentUrl\":\"https:\\\/\\\/secure.gravatar.com\\\/avatar\\\/8a055ebe6373371f67ac6fcf313c0ac0b0a91157fdcdb9514fa62927373348f0?s=96&d=mm&r=g\",\"caption\":\"Ana Luiza Bonatto\"},\"url\":\"https:\\\/\\\/jornalboasnoticias.com.br\\\/home\\\/author\\\/ana-luiza\\\/\"}]}<\/script>\n<!-- \/ Yoast SEO plugin. -->","yoast_head_json":{"title":"Ao lado de Campos Neto, Haddad defende fortalecimento de marco fiscal - Jornal","description":"Ao lado de Campos Neto, Haddad defende fortalecimento de marco fiscal","robots":{"index":"index","follow":"follow","max-snippet":"max-snippet:-1","max-image-preview":"max-image-preview:large","max-video-preview":"max-video-preview:-1"},"canonical":"https:\/\/jornalboasnoticias.com.br\/home\/ao-lado-de-campos-neto-haddad-defende-fortalecimento-de-marco-fiscal\/","og_locale":"pt_BR","og_type":"article","og_title":"Ao lado de Campos Neto, Haddad defende fortalecimento de marco fiscal - Jornal","og_description":"Ao lado de Campos Neto, Haddad defende fortalecimento de marco fiscal","og_url":"https:\/\/jornalboasnoticias.com.br\/home\/ao-lado-de-campos-neto-haddad-defende-fortalecimento-de-marco-fiscal\/","og_site_name":"Jornal","article_publisher":"https:\/\/www.facebook.com\/boasnoticiasjornal","article_published_time":"2024-10-25T01:41:36+00:00","og_image":[{"width":1170,"height":700,"url":"https:\/\/jornalboasnoticias.com.br\/home\/wp-content\/uploads\/2024\/10\/54090981491_10e941fe52_o.webp","type":"image\/webp"}],"author":"Ana Luiza Bonatto","twitter_card":"summary_large_image","twitter_misc":{"Escrito por":"Ana Luiza Bonatto","Est. tempo de leitura":"4 minutos"},"schema":{"@context":"https:\/\/schema.org","@graph":[{"@type":"Article","@id":"https:\/\/jornalboasnoticias.com.br\/home\/ao-lado-de-campos-neto-haddad-defende-fortalecimento-de-marco-fiscal\/#article","isPartOf":{"@id":"https:\/\/jornalboasnoticias.com.br\/home\/ao-lado-de-campos-neto-haddad-defende-fortalecimento-de-marco-fiscal\/"},"author":{"name":"Ana Luiza Bonatto","@id":"https:\/\/jornalboasnoticias.com.br\/home\/#\/schema\/person\/d641193e0afc6405b390164dac847971"},"headline":"Ao lado de Campos Neto, Haddad defende fortalecimento de marco fiscal","datePublished":"2024-10-25T01:41:36+00:00","mainEntityOfPage":{"@id":"https:\/\/jornalboasnoticias.com.br\/home\/ao-lado-de-campos-neto-haddad-defende-fortalecimento-de-marco-fiscal\/"},"wordCount":677,"commentCount":0,"publisher":{"@id":"https:\/\/jornalboasnoticias.com.br\/home\/#organization"},"image":{"@id":"https:\/\/jornalboasnoticias.com.br\/home\/ao-lado-de-campos-neto-haddad-defende-fortalecimento-de-marco-fiscal\/#primaryimage"},"thumbnailUrl":"https:\/\/jornalboasnoticias.com.br\/home\/wp-content\/uploads\/2024\/10\/54090981491_10e941fe52_o.webp","articleSection":["ECONOMIA"],"inLanguage":"pt-BR","potentialAction":[{"@type":"CommentAction","name":"Comment","target":["https:\/\/jornalboasnoticias.com.br\/home\/ao-lado-de-campos-neto-haddad-defende-fortalecimento-de-marco-fiscal\/#respond"]}]},{"@type":"WebPage","@id":"https:\/\/jornalboasnoticias.com.br\/home\/ao-lado-de-campos-neto-haddad-defende-fortalecimento-de-marco-fiscal\/","url":"https:\/\/jornalboasnoticias.com.br\/home\/ao-lado-de-campos-neto-haddad-defende-fortalecimento-de-marco-fiscal\/","name":"Ao lado de Campos Neto, Haddad defende fortalecimento de marco fiscal - Jornal","isPartOf":{"@id":"https:\/\/jornalboasnoticias.com.br\/home\/#website"},"primaryImageOfPage":{"@id":"https:\/\/jornalboasnoticias.com.br\/home\/ao-lado-de-campos-neto-haddad-defende-fortalecimento-de-marco-fiscal\/#primaryimage"},"image":{"@id":"https:\/\/jornalboasnoticias.com.br\/home\/ao-lado-de-campos-neto-haddad-defende-fortalecimento-de-marco-fiscal\/#primaryimage"},"thumbnailUrl":"https:\/\/jornalboasnoticias.com.br\/home\/wp-content\/uploads\/2024\/10\/54090981491_10e941fe52_o.webp","datePublished":"2024-10-25T01:41:36+00:00","description":"Ao lado de Campos Neto, Haddad defende fortalecimento de marco fiscal","breadcrumb":{"@id":"https:\/\/jornalboasnoticias.com.br\/home\/ao-lado-de-campos-neto-haddad-defende-fortalecimento-de-marco-fiscal\/#breadcrumb"},"inLanguage":"pt-BR","potentialAction":[{"@type":"ReadAction","target":["https:\/\/jornalboasnoticias.com.br\/home\/ao-lado-de-campos-neto-haddad-defende-fortalecimento-de-marco-fiscal\/"]}]},{"@type":"ImageObject","inLanguage":"pt-BR","@id":"https:\/\/jornalboasnoticias.com.br\/home\/ao-lado-de-campos-neto-haddad-defende-fortalecimento-de-marco-fiscal\/#primaryimage","url":"https:\/\/jornalboasnoticias.com.br\/home\/wp-content\/uploads\/2024\/10\/54090981491_10e941fe52_o.webp","contentUrl":"https:\/\/jornalboasnoticias.com.br\/home\/wp-content\/uploads\/2024\/10\/54090981491_10e941fe52_o.webp","width":1170,"height":700,"caption":"\u00a9 Diogo Zacarias\/MF"},{"@type":"BreadcrumbList","@id":"https:\/\/jornalboasnoticias.com.br\/home\/ao-lado-de-campos-neto-haddad-defende-fortalecimento-de-marco-fiscal\/#breadcrumb","itemListElement":[{"@type":"ListItem","position":1,"name":"In\u00edcio","item":"https:\/\/jornalboasnoticias.com.br\/home\/"},{"@type":"ListItem","position":2,"name":"Ao lado de Campos Neto, Haddad defende fortalecimento de marco fiscal"}]},{"@type":"WebSite","@id":"https:\/\/jornalboasnoticias.com.br\/home\/#website","url":"https:\/\/jornalboasnoticias.com.br\/home\/","name":"Jornal Boas Not\u00edcias","description":"Boas not\u00edcias","publisher":{"@id":"https:\/\/jornalboasnoticias.com.br\/home\/#organization"},"potentialAction":[{"@type":"SearchAction","target":{"@type":"EntryPoint","urlTemplate":"https:\/\/jornalboasnoticias.com.br\/home\/?s={search_term_string}"},"query-input":{"@type":"PropertyValueSpecification","valueRequired":true,"valueName":"search_term_string"}}],"inLanguage":"pt-BR"},{"@type":"Organization","@id":"https:\/\/jornalboasnoticias.com.br\/home\/#organization","name":"Coq Editora Ltda","alternateName":"Jornal Boas Noticias","url":"https:\/\/jornalboasnoticias.com.br\/home\/","logo":{"@type":"ImageObject","inLanguage":"pt-BR","@id":"https:\/\/jornalboasnoticias.com.br\/home\/#\/schema\/logo\/image\/","url":"https:\/\/jornalboasnoticias.com.br\/home\/wp-content\/uploads\/2024\/07\/cropped-logo.jpg","contentUrl":"https:\/\/jornalboasnoticias.com.br\/home\/wp-content\/uploads\/2024\/07\/cropped-logo.jpg","width":290,"height":142,"caption":"Coq Editora Ltda"},"image":{"@id":"https:\/\/jornalboasnoticias.com.br\/home\/#\/schema\/logo\/image\/"},"sameAs":["https:\/\/www.facebook.com\/boasnoticiasjornal"]},{"@type":"Person","@id":"https:\/\/jornalboasnoticias.com.br\/home\/#\/schema\/person\/d641193e0afc6405b390164dac847971","name":"Ana Luiza Bonatto","image":{"@type":"ImageObject","inLanguage":"pt-BR","@id":"https:\/\/secure.gravatar.com\/avatar\/8a055ebe6373371f67ac6fcf313c0ac0b0a91157fdcdb9514fa62927373348f0?s=96&d=mm&r=g","url":"https:\/\/secure.gravatar.com\/avatar\/8a055ebe6373371f67ac6fcf313c0ac0b0a91157fdcdb9514fa62927373348f0?s=96&d=mm&r=g","contentUrl":"https:\/\/secure.gravatar.com\/avatar\/8a055ebe6373371f67ac6fcf313c0ac0b0a91157fdcdb9514fa62927373348f0?s=96&d=mm&r=g","caption":"Ana Luiza Bonatto"},"url":"https:\/\/jornalboasnoticias.com.br\/home\/author\/ana-luiza\/"}]}},"_links":{"self":[{"href":"https:\/\/jornalboasnoticias.com.br\/home\/wp-json\/wp\/v2\/posts\/44492","targetHints":{"allow":["GET"]}}],"collection":[{"href":"https:\/\/jornalboasnoticias.com.br\/home\/wp-json\/wp\/v2\/posts"}],"about":[{"href":"https:\/\/jornalboasnoticias.com.br\/home\/wp-json\/wp\/v2\/types\/post"}],"author":[{"embeddable":true,"href":"https:\/\/jornalboasnoticias.com.br\/home\/wp-json\/wp\/v2\/users\/4"}],"replies":[{"embeddable":true,"href":"https:\/\/jornalboasnoticias.com.br\/home\/wp-json\/wp\/v2\/comments?post=44492"}],"version-history":[{"count":1,"href":"https:\/\/jornalboasnoticias.com.br\/home\/wp-json\/wp\/v2\/posts\/44492\/revisions"}],"predecessor-version":[{"id":44494,"href":"https:\/\/jornalboasnoticias.com.br\/home\/wp-json\/wp\/v2\/posts\/44492\/revisions\/44494"}],"wp:featuredmedia":[{"embeddable":true,"href":"https:\/\/jornalboasnoticias.com.br\/home\/wp-json\/wp\/v2\/media\/44493"}],"wp:attachment":[{"href":"https:\/\/jornalboasnoticias.com.br\/home\/wp-json\/wp\/v2\/media?parent=44492"}],"wp:term":[{"taxonomy":"category","embeddable":true,"href":"https:\/\/jornalboasnoticias.com.br\/home\/wp-json\/wp\/v2\/categories?post=44492"},{"taxonomy":"post_tag","embeddable":true,"href":"https:\/\/jornalboasnoticias.com.br\/home\/wp-json\/wp\/v2\/tags?post=44492"}],"curies":[{"name":"wp","href":"https:\/\/api.w.org\/{rel}","templated":true}]}}