{"id":44488,"date":"2024-10-25T01:40:03","date_gmt":"2024-10-25T01:40:03","guid":{"rendered":"https:\/\/jornalboasnoticias.com.br\/home\/?p=44488"},"modified":"2024-10-25T01:40:03","modified_gmt":"2024-10-25T01:40:03","slug":"governo-autoriza-contratacao-de-moradias-em-oito-estados","status":"publish","type":"post","link":"https:\/\/jornalboasnoticias.com.br\/home\/governo-autoriza-contratacao-de-moradias-em-oito-estados\/","title":{"rendered":"Governo autoriza contrata\u00e7\u00e3o de moradias em oito estados"},"content":{"rendered":"<div class=\"header-noticia full-width\">\n<div>\n<figure id=\"attachment_44489\" aria-describedby=\"caption-attachment-44489\" style=\"width: 1170px\" class=\"wp-caption alignnone\"><img loading=\"lazy\" decoding=\"async\" class=\"size-full wp-image-44489\" src=\"https:\/\/jornalboasnoticias.com.br\/home\/wp-content\/uploads\/2024\/10\/whatsapp_image_2023-06-30_at_12.51.23.webp\" alt=\"\" width=\"1170\" height=\"700\" srcset=\"https:\/\/jornalboasnoticias.com.br\/home\/wp-content\/uploads\/2024\/10\/whatsapp_image_2023-06-30_at_12.51.23.webp 1170w, https:\/\/jornalboasnoticias.com.br\/home\/wp-content\/uploads\/2024\/10\/whatsapp_image_2023-06-30_at_12.51.23-300x179.webp 300w, https:\/\/jornalboasnoticias.com.br\/home\/wp-content\/uploads\/2024\/10\/whatsapp_image_2023-06-30_at_12.51.23-1024x613.webp 1024w, https:\/\/jornalboasnoticias.com.br\/home\/wp-content\/uploads\/2024\/10\/whatsapp_image_2023-06-30_at_12.51.23-768x459.webp 768w\" sizes=\"auto, (max-width: 1170px) 100vw, 1170px\" \/><figcaption id=\"caption-attachment-44489\" class=\"wp-caption-text\">\u00a9 Ricardo Stuckert\/PR<\/figcaption><\/figure>\n<\/div>\n<\/div>\n<blockquote>\n<div class=\"header-noticia full-width\">\n<div class=\"linha-fina-noticia\">Unidades devem atender mais de 16 mil pessoas em 21 munic\u00edpios<\/div>\n<\/div>\n<\/blockquote>\n<div>\n<p>O Minist\u00e9rio das Cidades aprovou a contrata\u00e7\u00e3o de 4.036 novas unidades habitacionais do programa Minha Casa, Minha Vida. A portaria, publicada nesta quinta-feira (24)\u00a0no\u00a0<a href=\"https:\/\/www.in.gov.br\/web\/dou\/-\/portaria-mcid-n-1.206-de-23-de-outubro-de-2024-592225697\" target=\"_blank\" rel=\"noopener\"><em>Di\u00e1rio Oficial da Uni\u00e3o<\/em>\u00a0(<em>DOU<\/em>)<\/a>, prev\u00ea investimentos federais de R$ 612,6 milh\u00f5es. As moradias devem atender mais de 16 mil pessoas em 21 munic\u00edpios, distribu\u00eddos por oito estados.<img decoding=\"async\" src=\"https:\/\/agenciabrasil.ebc.com.br\/ebc.png?id=1616860&amp;o=node\" \/><img decoding=\"async\" src=\"https:\/\/agenciabrasil.ebc.com.br\/ebc.gif?id=1616860&amp;o=node\" \/><\/p>\n<p>At\u00e9 julho deste ano, o governo informa ter contratado 900 mil moradias, com investimentos de R$ 160 bilh\u00f5es. Pelas regras do Minist\u00e9rio das Cidades, as novas unidades contratadas dever\u00e3o ser constru\u00eddas em \u00e1reas urbanas consolidadas ou em expans\u00e3o e ter\u00e3o acesso a rede el\u00e9trica, saneamento, educa\u00e7\u00e3o, sa\u00fade, com\u00e9rcios e transporte p\u00fablico coletivo. As casas t\u00e9rreas devem ter no m\u00ednimo 40 metros quadrados (m\u00b2)\u00a0e os apartamentos e casas sobrepostas, a partir de 41,5 m\u00b2 de \u00e1rea \u00fatil com varanda, sendo 40 m\u00b2 de \u00e1rea principal da resid\u00eancia.<\/p>\n<h2>Estados contemplados<\/h2>\n<p>Na Regi\u00e3o Norte, o estado do Par\u00e1 receber\u00e1 988 novas moradias na capital, Bel\u00e9m, e nas cidades de Belterra e Tucuru\u00ed. Em Alagoas, as novas contrata\u00e7\u00f5es v\u00e3o resultar em 1.246 moradias. No Maranh\u00e3o, o n\u00famero de unidades chega 400, enquanto Pernambuco, com 336; e Bahia, com 224, completam a lista em estados do Nordeste.<\/p>\n<p>J\u00e1 no Sudeste, os munic\u00edpios de Divin\u00f3polis, Itabirito, Ituiutaba, Patos de Minas e Patroc\u00ednio, todos em Minas Gerais, contar\u00e3o no total com 629 novas resid\u00eancias. Por fim, no Sul, o Paran\u00e1 ser\u00e1 contemplado com 153 moradias, enquanto o Rio Grande do Sul ter\u00e1 60 novas casas.<\/p>\n<p>(Ag\u00eancia Brasil)<\/p>\n<\/div>\n<blockquote>\n<div class=\"subheader\">\n<div class=\"container-autoria\"><\/div>\n<\/div>\n<\/blockquote>\n","protected":false},"excerpt":{"rendered":"<p>Unidades devem atender mais de 16 mil pessoas em 21 munic\u00edpios O Minist\u00e9rio das Cidades<\/p>\n","protected":false},"author":4,"featured_media":44489,"comment_status":"open","ping_status":"open","sticky":false,"template":"","format":"standard","meta":{"footnotes":""},"categories":[26],"tags":[],"class_list":["post-44488","post","type-post","status-publish","format-standard","has-post-thumbnail","hentry","category-geral"],"yoast_head":"<!-- This site is optimized with the Yoast SEO plugin v27.5 - https:\/\/yoast.com\/product\/yoast-seo-wordpress\/ -->\n<title>Governo autoriza contrata\u00e7\u00e3o de moradias em oito estados - Jornal<\/title>\n<meta name=\"description\" content=\"Governo autoriza contrata\u00e7\u00e3o de moradias em oito estados\" \/>\n<meta name=\"robots\" content=\"index, follow, max-snippet:-1, max-image-preview:large, max-video-preview:-1\" \/>\n<link rel=\"canonical\" href=\"https:\/\/jornalboasnoticias.com.br\/home\/governo-autoriza-contratacao-de-moradias-em-oito-estados\/\" \/>\n<meta property=\"og:locale\" content=\"pt_BR\" \/>\n<meta property=\"og:type\" content=\"article\" \/>\n<meta property=\"og:title\" content=\"Governo autoriza contrata\u00e7\u00e3o de moradias em oito estados - Jornal\" \/>\n<meta property=\"og:description\" content=\"Governo autoriza contrata\u00e7\u00e3o de moradias em oito estados\" \/>\n<meta property=\"og:url\" content=\"https:\/\/jornalboasnoticias.com.br\/home\/governo-autoriza-contratacao-de-moradias-em-oito-estados\/\" \/>\n<meta property=\"og:site_name\" content=\"Jornal\" \/>\n<meta property=\"article:publisher\" content=\"https:\/\/www.facebook.com\/boasnoticiasjornal\" \/>\n<meta property=\"article:published_time\" content=\"2024-10-25T01:40:03+00:00\" \/>\n<meta property=\"og:image\" content=\"https:\/\/jornalboasnoticias.com.br\/home\/wp-content\/uploads\/2024\/10\/whatsapp_image_2023-06-30_at_12.51.23.webp\" \/>\n\t<meta property=\"og:image:width\" content=\"1170\" \/>\n\t<meta property=\"og:image:height\" content=\"700\" \/>\n\t<meta property=\"og:image:type\" content=\"image\/webp\" \/>\n<meta name=\"author\" content=\"Ana Luiza Bonatto\" \/>\n<meta name=\"twitter:card\" content=\"summary_large_image\" \/>\n<meta name=\"twitter:label1\" content=\"Escrito por\" \/>\n\t<meta name=\"twitter:data1\" content=\"Ana Luiza Bonatto\" \/>\n\t<meta name=\"twitter:label2\" content=\"Est. tempo de leitura\" \/>\n\t<meta name=\"twitter:data2\" content=\"2 minutos\" \/>\n<script type=\"application\/ld+json\" class=\"yoast-schema-graph\">{\"@context\":\"https:\\\/\\\/schema.org\",\"@graph\":[{\"@type\":\"Article\",\"@id\":\"https:\\\/\\\/jornalboasnoticias.com.br\\\/home\\\/governo-autoriza-contratacao-de-moradias-em-oito-estados\\\/#article\",\"isPartOf\":{\"@id\":\"https:\\\/\\\/jornalboasnoticias.com.br\\\/home\\\/governo-autoriza-contratacao-de-moradias-em-oito-estados\\\/\"},\"author\":{\"name\":\"Ana Luiza Bonatto\",\"@id\":\"https:\\\/\\\/jornalboasnoticias.com.br\\\/home\\\/#\\\/schema\\\/person\\\/d641193e0afc6405b390164dac847971\"},\"headline\":\"Governo autoriza contrata\u00e7\u00e3o de moradias em oito estados\",\"datePublished\":\"2024-10-25T01:40:03+00:00\",\"mainEntityOfPage\":{\"@id\":\"https:\\\/\\\/jornalboasnoticias.com.br\\\/home\\\/governo-autoriza-contratacao-de-moradias-em-oito-estados\\\/\"},\"wordCount\":288,\"commentCount\":0,\"publisher\":{\"@id\":\"https:\\\/\\\/jornalboasnoticias.com.br\\\/home\\\/#organization\"},\"image\":{\"@id\":\"https:\\\/\\\/jornalboasnoticias.com.br\\\/home\\\/governo-autoriza-contratacao-de-moradias-em-oito-estados\\\/#primaryimage\"},\"thumbnailUrl\":\"https:\\\/\\\/jornalboasnoticias.com.br\\\/home\\\/wp-content\\\/uploads\\\/2024\\\/10\\\/whatsapp_image_2023-06-30_at_12.51.23.webp\",\"articleSection\":[\"Geral\"],\"inLanguage\":\"pt-BR\",\"potentialAction\":[{\"@type\":\"CommentAction\",\"name\":\"Comment\",\"target\":[\"https:\\\/\\\/jornalboasnoticias.com.br\\\/home\\\/governo-autoriza-contratacao-de-moradias-em-oito-estados\\\/#respond\"]}]},{\"@type\":\"WebPage\",\"@id\":\"https:\\\/\\\/jornalboasnoticias.com.br\\\/home\\\/governo-autoriza-contratacao-de-moradias-em-oito-estados\\\/\",\"url\":\"https:\\\/\\\/jornalboasnoticias.com.br\\\/home\\\/governo-autoriza-contratacao-de-moradias-em-oito-estados\\\/\",\"name\":\"Governo autoriza contrata\u00e7\u00e3o de moradias em oito estados - Jornal\",\"isPartOf\":{\"@id\":\"https:\\\/\\\/jornalboasnoticias.com.br\\\/home\\\/#website\"},\"primaryImageOfPage\":{\"@id\":\"https:\\\/\\\/jornalboasnoticias.com.br\\\/home\\\/governo-autoriza-contratacao-de-moradias-em-oito-estados\\\/#primaryimage\"},\"image\":{\"@id\":\"https:\\\/\\\/jornalboasnoticias.com.br\\\/home\\\/governo-autoriza-contratacao-de-moradias-em-oito-estados\\\/#primaryimage\"},\"thumbnailUrl\":\"https:\\\/\\\/jornalboasnoticias.com.br\\\/home\\\/wp-content\\\/uploads\\\/2024\\\/10\\\/whatsapp_image_2023-06-30_at_12.51.23.webp\",\"datePublished\":\"2024-10-25T01:40:03+00:00\",\"description\":\"Governo autoriza contrata\u00e7\u00e3o de moradias em oito estados\",\"breadcrumb\":{\"@id\":\"https:\\\/\\\/jornalboasnoticias.com.br\\\/home\\\/governo-autoriza-contratacao-de-moradias-em-oito-estados\\\/#breadcrumb\"},\"inLanguage\":\"pt-BR\",\"potentialAction\":[{\"@type\":\"ReadAction\",\"target\":[\"https:\\\/\\\/jornalboasnoticias.com.br\\\/home\\\/governo-autoriza-contratacao-de-moradias-em-oito-estados\\\/\"]}]},{\"@type\":\"ImageObject\",\"inLanguage\":\"pt-BR\",\"@id\":\"https:\\\/\\\/jornalboasnoticias.com.br\\\/home\\\/governo-autoriza-contratacao-de-moradias-em-oito-estados\\\/#primaryimage\",\"url\":\"https:\\\/\\\/jornalboasnoticias.com.br\\\/home\\\/wp-content\\\/uploads\\\/2024\\\/10\\\/whatsapp_image_2023-06-30_at_12.51.23.webp\",\"contentUrl\":\"https:\\\/\\\/jornalboasnoticias.com.br\\\/home\\\/wp-content\\\/uploads\\\/2024\\\/10\\\/whatsapp_image_2023-06-30_at_12.51.23.webp\",\"width\":1170,\"height\":700,\"caption\":\"\u00a9 Ricardo Stuckert\\\/PR\"},{\"@type\":\"BreadcrumbList\",\"@id\":\"https:\\\/\\\/jornalboasnoticias.com.br\\\/home\\\/governo-autoriza-contratacao-de-moradias-em-oito-estados\\\/#breadcrumb\",\"itemListElement\":[{\"@type\":\"ListItem\",\"position\":1,\"name\":\"In\u00edcio\",\"item\":\"https:\\\/\\\/jornalboasnoticias.com.br\\\/home\\\/\"},{\"@type\":\"ListItem\",\"position\":2,\"name\":\"Governo autoriza contrata\u00e7\u00e3o de moradias em oito estados\"}]},{\"@type\":\"WebSite\",\"@id\":\"https:\\\/\\\/jornalboasnoticias.com.br\\\/home\\\/#website\",\"url\":\"https:\\\/\\\/jornalboasnoticias.com.br\\\/home\\\/\",\"name\":\"Jornal Boas Not\u00edcias\",\"description\":\"Boas not\u00edcias\",\"publisher\":{\"@id\":\"https:\\\/\\\/jornalboasnoticias.com.br\\\/home\\\/#organization\"},\"potentialAction\":[{\"@type\":\"SearchAction\",\"target\":{\"@type\":\"EntryPoint\",\"urlTemplate\":\"https:\\\/\\\/jornalboasnoticias.com.br\\\/home\\\/?s={search_term_string}\"},\"query-input\":{\"@type\":\"PropertyValueSpecification\",\"valueRequired\":true,\"valueName\":\"search_term_string\"}}],\"inLanguage\":\"pt-BR\"},{\"@type\":\"Organization\",\"@id\":\"https:\\\/\\\/jornalboasnoticias.com.br\\\/home\\\/#organization\",\"name\":\"Coq Editora Ltda\",\"alternateName\":\"Jornal Boas Noticias\",\"url\":\"https:\\\/\\\/jornalboasnoticias.com.br\\\/home\\\/\",\"logo\":{\"@type\":\"ImageObject\",\"inLanguage\":\"pt-BR\",\"@id\":\"https:\\\/\\\/jornalboasnoticias.com.br\\\/home\\\/#\\\/schema\\\/logo\\\/image\\\/\",\"url\":\"https:\\\/\\\/jornalboasnoticias.com.br\\\/home\\\/wp-content\\\/uploads\\\/2024\\\/07\\\/cropped-logo.jpg\",\"contentUrl\":\"https:\\\/\\\/jornalboasnoticias.com.br\\\/home\\\/wp-content\\\/uploads\\\/2024\\\/07\\\/cropped-logo.jpg\",\"width\":290,\"height\":142,\"caption\":\"Coq Editora Ltda\"},\"image\":{\"@id\":\"https:\\\/\\\/jornalboasnoticias.com.br\\\/home\\\/#\\\/schema\\\/logo\\\/image\\\/\"},\"sameAs\":[\"https:\\\/\\\/www.facebook.com\\\/boasnoticiasjornal\"]},{\"@type\":\"Person\",\"@id\":\"https:\\\/\\\/jornalboasnoticias.com.br\\\/home\\\/#\\\/schema\\\/person\\\/d641193e0afc6405b390164dac847971\",\"name\":\"Ana Luiza Bonatto\",\"image\":{\"@type\":\"ImageObject\",\"inLanguage\":\"pt-BR\",\"@id\":\"https:\\\/\\\/secure.gravatar.com\\\/avatar\\\/8a055ebe6373371f67ac6fcf313c0ac0b0a91157fdcdb9514fa62927373348f0?s=96&d=mm&r=g\",\"url\":\"https:\\\/\\\/secure.gravatar.com\\\/avatar\\\/8a055ebe6373371f67ac6fcf313c0ac0b0a91157fdcdb9514fa62927373348f0?s=96&d=mm&r=g\",\"contentUrl\":\"https:\\\/\\\/secure.gravatar.com\\\/avatar\\\/8a055ebe6373371f67ac6fcf313c0ac0b0a91157fdcdb9514fa62927373348f0?s=96&d=mm&r=g\",\"caption\":\"Ana Luiza Bonatto\"},\"url\":\"https:\\\/\\\/jornalboasnoticias.com.br\\\/home\\\/author\\\/ana-luiza\\\/\"}]}<\/script>\n<!-- \/ Yoast SEO plugin. -->","yoast_head_json":{"title":"Governo autoriza contrata\u00e7\u00e3o de moradias em oito estados - Jornal","description":"Governo autoriza contrata\u00e7\u00e3o de moradias em oito estados","robots":{"index":"index","follow":"follow","max-snippet":"max-snippet:-1","max-image-preview":"max-image-preview:large","max-video-preview":"max-video-preview:-1"},"canonical":"https:\/\/jornalboasnoticias.com.br\/home\/governo-autoriza-contratacao-de-moradias-em-oito-estados\/","og_locale":"pt_BR","og_type":"article","og_title":"Governo autoriza contrata\u00e7\u00e3o de moradias em oito estados - Jornal","og_description":"Governo autoriza contrata\u00e7\u00e3o de moradias em oito estados","og_url":"https:\/\/jornalboasnoticias.com.br\/home\/governo-autoriza-contratacao-de-moradias-em-oito-estados\/","og_site_name":"Jornal","article_publisher":"https:\/\/www.facebook.com\/boasnoticiasjornal","article_published_time":"2024-10-25T01:40:03+00:00","og_image":[{"width":1170,"height":700,"url":"https:\/\/jornalboasnoticias.com.br\/home\/wp-content\/uploads\/2024\/10\/whatsapp_image_2023-06-30_at_12.51.23.webp","type":"image\/webp"}],"author":"Ana Luiza Bonatto","twitter_card":"summary_large_image","twitter_misc":{"Escrito por":"Ana Luiza Bonatto","Est. tempo de leitura":"2 minutos"},"schema":{"@context":"https:\/\/schema.org","@graph":[{"@type":"Article","@id":"https:\/\/jornalboasnoticias.com.br\/home\/governo-autoriza-contratacao-de-moradias-em-oito-estados\/#article","isPartOf":{"@id":"https:\/\/jornalboasnoticias.com.br\/home\/governo-autoriza-contratacao-de-moradias-em-oito-estados\/"},"author":{"name":"Ana Luiza Bonatto","@id":"https:\/\/jornalboasnoticias.com.br\/home\/#\/schema\/person\/d641193e0afc6405b390164dac847971"},"headline":"Governo autoriza contrata\u00e7\u00e3o de moradias em oito estados","datePublished":"2024-10-25T01:40:03+00:00","mainEntityOfPage":{"@id":"https:\/\/jornalboasnoticias.com.br\/home\/governo-autoriza-contratacao-de-moradias-em-oito-estados\/"},"wordCount":288,"commentCount":0,"publisher":{"@id":"https:\/\/jornalboasnoticias.com.br\/home\/#organization"},"image":{"@id":"https:\/\/jornalboasnoticias.com.br\/home\/governo-autoriza-contratacao-de-moradias-em-oito-estados\/#primaryimage"},"thumbnailUrl":"https:\/\/jornalboasnoticias.com.br\/home\/wp-content\/uploads\/2024\/10\/whatsapp_image_2023-06-30_at_12.51.23.webp","articleSection":["Geral"],"inLanguage":"pt-BR","potentialAction":[{"@type":"CommentAction","name":"Comment","target":["https:\/\/jornalboasnoticias.com.br\/home\/governo-autoriza-contratacao-de-moradias-em-oito-estados\/#respond"]}]},{"@type":"WebPage","@id":"https:\/\/jornalboasnoticias.com.br\/home\/governo-autoriza-contratacao-de-moradias-em-oito-estados\/","url":"https:\/\/jornalboasnoticias.com.br\/home\/governo-autoriza-contratacao-de-moradias-em-oito-estados\/","name":"Governo autoriza contrata\u00e7\u00e3o de moradias em oito estados - Jornal","isPartOf":{"@id":"https:\/\/jornalboasnoticias.com.br\/home\/#website"},"primaryImageOfPage":{"@id":"https:\/\/jornalboasnoticias.com.br\/home\/governo-autoriza-contratacao-de-moradias-em-oito-estados\/#primaryimage"},"image":{"@id":"https:\/\/jornalboasnoticias.com.br\/home\/governo-autoriza-contratacao-de-moradias-em-oito-estados\/#primaryimage"},"thumbnailUrl":"https:\/\/jornalboasnoticias.com.br\/home\/wp-content\/uploads\/2024\/10\/whatsapp_image_2023-06-30_at_12.51.23.webp","datePublished":"2024-10-25T01:40:03+00:00","description":"Governo autoriza contrata\u00e7\u00e3o de moradias em oito estados","breadcrumb":{"@id":"https:\/\/jornalboasnoticias.com.br\/home\/governo-autoriza-contratacao-de-moradias-em-oito-estados\/#breadcrumb"},"inLanguage":"pt-BR","potentialAction":[{"@type":"ReadAction","target":["https:\/\/jornalboasnoticias.com.br\/home\/governo-autoriza-contratacao-de-moradias-em-oito-estados\/"]}]},{"@type":"ImageObject","inLanguage":"pt-BR","@id":"https:\/\/jornalboasnoticias.com.br\/home\/governo-autoriza-contratacao-de-moradias-em-oito-estados\/#primaryimage","url":"https:\/\/jornalboasnoticias.com.br\/home\/wp-content\/uploads\/2024\/10\/whatsapp_image_2023-06-30_at_12.51.23.webp","contentUrl":"https:\/\/jornalboasnoticias.com.br\/home\/wp-content\/uploads\/2024\/10\/whatsapp_image_2023-06-30_at_12.51.23.webp","width":1170,"height":700,"caption":"\u00a9 Ricardo Stuckert\/PR"},{"@type":"BreadcrumbList","@id":"https:\/\/jornalboasnoticias.com.br\/home\/governo-autoriza-contratacao-de-moradias-em-oito-estados\/#breadcrumb","itemListElement":[{"@type":"ListItem","position":1,"name":"In\u00edcio","item":"https:\/\/jornalboasnoticias.com.br\/home\/"},{"@type":"ListItem","position":2,"name":"Governo autoriza contrata\u00e7\u00e3o de moradias em oito estados"}]},{"@type":"WebSite","@id":"https:\/\/jornalboasnoticias.com.br\/home\/#website","url":"https:\/\/jornalboasnoticias.com.br\/home\/","name":"Jornal Boas Not\u00edcias","description":"Boas not\u00edcias","publisher":{"@id":"https:\/\/jornalboasnoticias.com.br\/home\/#organization"},"potentialAction":[{"@type":"SearchAction","target":{"@type":"EntryPoint","urlTemplate":"https:\/\/jornalboasnoticias.com.br\/home\/?s={search_term_string}"},"query-input":{"@type":"PropertyValueSpecification","valueRequired":true,"valueName":"search_term_string"}}],"inLanguage":"pt-BR"},{"@type":"Organization","@id":"https:\/\/jornalboasnoticias.com.br\/home\/#organization","name":"Coq Editora Ltda","alternateName":"Jornal Boas Noticias","url":"https:\/\/jornalboasnoticias.com.br\/home\/","logo":{"@type":"ImageObject","inLanguage":"pt-BR","@id":"https:\/\/jornalboasnoticias.com.br\/home\/#\/schema\/logo\/image\/","url":"https:\/\/jornalboasnoticias.com.br\/home\/wp-content\/uploads\/2024\/07\/cropped-logo.jpg","contentUrl":"https:\/\/jornalboasnoticias.com.br\/home\/wp-content\/uploads\/2024\/07\/cropped-logo.jpg","width":290,"height":142,"caption":"Coq Editora Ltda"},"image":{"@id":"https:\/\/jornalboasnoticias.com.br\/home\/#\/schema\/logo\/image\/"},"sameAs":["https:\/\/www.facebook.com\/boasnoticiasjornal"]},{"@type":"Person","@id":"https:\/\/jornalboasnoticias.com.br\/home\/#\/schema\/person\/d641193e0afc6405b390164dac847971","name":"Ana Luiza Bonatto","image":{"@type":"ImageObject","inLanguage":"pt-BR","@id":"https:\/\/secure.gravatar.com\/avatar\/8a055ebe6373371f67ac6fcf313c0ac0b0a91157fdcdb9514fa62927373348f0?s=96&d=mm&r=g","url":"https:\/\/secure.gravatar.com\/avatar\/8a055ebe6373371f67ac6fcf313c0ac0b0a91157fdcdb9514fa62927373348f0?s=96&d=mm&r=g","contentUrl":"https:\/\/secure.gravatar.com\/avatar\/8a055ebe6373371f67ac6fcf313c0ac0b0a91157fdcdb9514fa62927373348f0?s=96&d=mm&r=g","caption":"Ana Luiza Bonatto"},"url":"https:\/\/jornalboasnoticias.com.br\/home\/author\/ana-luiza\/"}]}},"_links":{"self":[{"href":"https:\/\/jornalboasnoticias.com.br\/home\/wp-json\/wp\/v2\/posts\/44488","targetHints":{"allow":["GET"]}}],"collection":[{"href":"https:\/\/jornalboasnoticias.com.br\/home\/wp-json\/wp\/v2\/posts"}],"about":[{"href":"https:\/\/jornalboasnoticias.com.br\/home\/wp-json\/wp\/v2\/types\/post"}],"author":[{"embeddable":true,"href":"https:\/\/jornalboasnoticias.com.br\/home\/wp-json\/wp\/v2\/users\/4"}],"replies":[{"embeddable":true,"href":"https:\/\/jornalboasnoticias.com.br\/home\/wp-json\/wp\/v2\/comments?post=44488"}],"version-history":[{"count":2,"href":"https:\/\/jornalboasnoticias.com.br\/home\/wp-json\/wp\/v2\/posts\/44488\/revisions"}],"predecessor-version":[{"id":44491,"href":"https:\/\/jornalboasnoticias.com.br\/home\/wp-json\/wp\/v2\/posts\/44488\/revisions\/44491"}],"wp:featuredmedia":[{"embeddable":true,"href":"https:\/\/jornalboasnoticias.com.br\/home\/wp-json\/wp\/v2\/media\/44489"}],"wp:attachment":[{"href":"https:\/\/jornalboasnoticias.com.br\/home\/wp-json\/wp\/v2\/media?parent=44488"}],"wp:term":[{"taxonomy":"category","embeddable":true,"href":"https:\/\/jornalboasnoticias.com.br\/home\/wp-json\/wp\/v2\/categories?post=44488"},{"taxonomy":"post_tag","embeddable":true,"href":"https:\/\/jornalboasnoticias.com.br\/home\/wp-json\/wp\/v2\/tags?post=44488"}],"curies":[{"name":"wp","href":"https:\/\/api.w.org\/{rel}","templated":true}]}}