{"id":44482,"date":"2024-10-25T01:36:16","date_gmt":"2024-10-25T01:36:16","guid":{"rendered":"https:\/\/jornalboasnoticias.com.br\/home\/?p=44482"},"modified":"2024-10-25T01:36:16","modified_gmt":"2024-10-25T01:36:16","slug":"mario-moreira-e-reeleito-e-ficara-na-presidencia-da-fiocruz-ate-2028","status":"publish","type":"post","link":"https:\/\/jornalboasnoticias.com.br\/home\/mario-moreira-e-reeleito-e-ficara-na-presidencia-da-fiocruz-ate-2028\/","title":{"rendered":"Mario Moreira \u00e9 reeleito e ficar\u00e1 na presid\u00eancia da Fiocruz at\u00e9 2028"},"content":{"rendered":"<div class=\"header-noticia full-width\">\n<div>\n<figure id=\"attachment_44483\" aria-describedby=\"caption-attachment-44483\" style=\"width: 1170px\" class=\"wp-caption alignnone\"><img loading=\"lazy\" decoding=\"async\" class=\"size-full wp-image-44483\" src=\"https:\/\/jornalboasnoticias.com.br\/home\/wp-content\/uploads\/2024\/10\/dsc7639-2.webp\" alt=\"\" width=\"1170\" height=\"700\" srcset=\"https:\/\/jornalboasnoticias.com.br\/home\/wp-content\/uploads\/2024\/10\/dsc7639-2.webp 1170w, https:\/\/jornalboasnoticias.com.br\/home\/wp-content\/uploads\/2024\/10\/dsc7639-2-300x179.webp 300w, https:\/\/jornalboasnoticias.com.br\/home\/wp-content\/uploads\/2024\/10\/dsc7639-2-1024x613.webp 1024w, https:\/\/jornalboasnoticias.com.br\/home\/wp-content\/uploads\/2024\/10\/dsc7639-2-768x459.webp 768w\" sizes=\"auto, (max-width: 1170px) 100vw, 1170px\" \/><figcaption id=\"caption-attachment-44483\" class=\"wp-caption-text\">\u00a9 Tomaz Silva\/Ag\u00eancia Brasil<\/figcaption><\/figure>\n<\/div>\n<\/div>\n<blockquote>\n<div class=\"header-noticia full-width\">\n<div><\/div>\n<div class=\"linha-fina-noticia\">Ele recebeu 81,8% dos votos v\u00e1lidos dos servidores da institui\u00e7\u00e3o<\/div>\n<\/div>\n<\/blockquote>\n<div class=\"container-autoria\">\n<p>Com 81,8% dos votos v\u00e1lidos, o presidente da Funda\u00e7\u00e3o Oswaldo Cruz (Fiocruz), Mario Moreira, foi reeleito para o mandato de 2025-2028. Ele foi o \u00fanico a apresentar candidatura: recebeu 2.901 votos de servidores p\u00fablicos da institui\u00e7\u00e3o, em um total de 3.546.\u00a0<img decoding=\"async\" src=\"https:\/\/agenciabrasil.ebc.com.br\/ebc.png?id=1616869&amp;o=node\" \/><img decoding=\"async\" src=\"https:\/\/agenciabrasil.ebc.com.br\/ebc.gif?id=1616869&amp;o=node\" \/><\/p>\n<p>O resultado ser\u00e1 encaminhado para homologa\u00e7\u00e3o do Conselho Deliberativo, depois para a ministra da Sa\u00fade, N\u00edsia Trindade e para o presidente Luiz In\u00e1cio Lula da Silva, que decidir\u00e3o sobre a nomea\u00e7\u00e3o.<\/p>\n<p>\u201cMeu empenho vai ser em torno da manuten\u00e7\u00e3o da import\u00e2ncia da Fiocruz. Nossa institui\u00e7\u00e3o se encontra num momento de inflex\u00e3o institucional e temos que nos unir e debater para que possamos pactuar o projeto da Fiocruz do futuro. N\u00f3s temos uma responsabilidade muito grande pela frente. Temos uma heran\u00e7a nas m\u00e3os, um patrim\u00f4nio do qual n\u00e3o podemos descuidar\u201d, disse o presidente reeleito.<\/p>\n<h2>Trajet\u00f3ria<\/h2>\n<p>Mario Moreira est\u00e1 na Fiocruz desde 1994. Ele \u00e9 doutor em Pol\u00edticas P\u00fablicas pela Universidade Federal do Paran\u00e1, com est\u00e1gio doutoral na Universidade de Coimbra, em Portugal; mestre em Sa\u00fade P\u00fablica pela Escola Nacional de Sa\u00fade P\u00fablica Sergio Arouca (Ensp\/Fiocruz); e mestre em Gest\u00e3o de Tecnologias e Inova\u00e7\u00e3o pela Universidade de Sussex, no Reino Unido.<\/p>\n<p>Em 2017, tornou-se vice-presidente de Gest\u00e3o e Desenvolvimento Institucional da Fiocruz. Foi eleito para o cargo de presidente da Fiocruz em mar\u00e7o de 2023. O processo eleitoral foi aberto para conclus\u00e3o do mandato de N\u00edsia Trindade Lima, convidada para assumir o Minist\u00e9rio da Sa\u00fade.<\/p>\n<p>(Ag\u00eancia Brasil)<\/p>\n<\/div>\n","protected":false},"excerpt":{"rendered":"<p>Ele recebeu 81,8% dos votos v\u00e1lidos dos servidores da institui\u00e7\u00e3o Com 81,8% dos votos v\u00e1lidos,<\/p>\n","protected":false},"author":4,"featured_media":44483,"comment_status":"open","ping_status":"open","sticky":false,"template":"","format":"standard","meta":{"footnotes":""},"categories":[3,26],"tags":[],"class_list":["post-44482","post","type-post","status-publish","format-standard","has-post-thumbnail","hentry","category-destaques","category-geral"],"yoast_head":"<!-- This site is optimized with the Yoast SEO plugin v27.5 - https:\/\/yoast.com\/product\/yoast-seo-wordpress\/ -->\n<title>Mario Moreira \u00e9 reeleito e ficar\u00e1 na presid\u00eancia da Fiocruz at\u00e9 2028 - Jornal<\/title>\n<meta name=\"description\" content=\"Mario Moreira \u00e9 reeleito e ficar\u00e1 na presid\u00eancia da Fiocruz at\u00e9 2028\" \/>\n<meta name=\"robots\" content=\"index, follow, max-snippet:-1, max-image-preview:large, max-video-preview:-1\" \/>\n<link rel=\"canonical\" href=\"https:\/\/jornalboasnoticias.com.br\/home\/mario-moreira-e-reeleito-e-ficara-na-presidencia-da-fiocruz-ate-2028\/\" \/>\n<meta property=\"og:locale\" content=\"pt_BR\" \/>\n<meta property=\"og:type\" content=\"article\" \/>\n<meta property=\"og:title\" content=\"Mario Moreira \u00e9 reeleito e ficar\u00e1 na presid\u00eancia da Fiocruz at\u00e9 2028 - Jornal\" \/>\n<meta property=\"og:description\" content=\"Mario Moreira \u00e9 reeleito e ficar\u00e1 na presid\u00eancia da Fiocruz at\u00e9 2028\" \/>\n<meta property=\"og:url\" content=\"https:\/\/jornalboasnoticias.com.br\/home\/mario-moreira-e-reeleito-e-ficara-na-presidencia-da-fiocruz-ate-2028\/\" \/>\n<meta property=\"og:site_name\" content=\"Jornal\" \/>\n<meta property=\"article:publisher\" content=\"https:\/\/www.facebook.com\/boasnoticiasjornal\" \/>\n<meta property=\"article:published_time\" content=\"2024-10-25T01:36:16+00:00\" \/>\n<meta property=\"og:image\" content=\"https:\/\/jornalboasnoticias.com.br\/home\/wp-content\/uploads\/2024\/10\/dsc7639-2.webp\" \/>\n\t<meta property=\"og:image:width\" content=\"1170\" \/>\n\t<meta property=\"og:image:height\" content=\"700\" \/>\n\t<meta property=\"og:image:type\" content=\"image\/webp\" \/>\n<meta name=\"author\" content=\"Ana Luiza Bonatto\" \/>\n<meta name=\"twitter:card\" content=\"summary_large_image\" \/>\n<meta name=\"twitter:label1\" content=\"Escrito por\" \/>\n\t<meta name=\"twitter:data1\" content=\"Ana Luiza Bonatto\" \/>\n\t<meta name=\"twitter:label2\" content=\"Est. tempo de leitura\" \/>\n\t<meta name=\"twitter:data2\" content=\"2 minutos\" \/>\n<script type=\"application\/ld+json\" class=\"yoast-schema-graph\">{\"@context\":\"https:\\\/\\\/schema.org\",\"@graph\":[{\"@type\":\"Article\",\"@id\":\"https:\\\/\\\/jornalboasnoticias.com.br\\\/home\\\/mario-moreira-e-reeleito-e-ficara-na-presidencia-da-fiocruz-ate-2028\\\/#article\",\"isPartOf\":{\"@id\":\"https:\\\/\\\/jornalboasnoticias.com.br\\\/home\\\/mario-moreira-e-reeleito-e-ficara-na-presidencia-da-fiocruz-ate-2028\\\/\"},\"author\":{\"name\":\"Ana Luiza Bonatto\",\"@id\":\"https:\\\/\\\/jornalboasnoticias.com.br\\\/home\\\/#\\\/schema\\\/person\\\/d641193e0afc6405b390164dac847971\"},\"headline\":\"Mario Moreira \u00e9 reeleito e ficar\u00e1 na presid\u00eancia da Fiocruz at\u00e9 2028\",\"datePublished\":\"2024-10-25T01:36:16+00:00\",\"mainEntityOfPage\":{\"@id\":\"https:\\\/\\\/jornalboasnoticias.com.br\\\/home\\\/mario-moreira-e-reeleito-e-ficara-na-presidencia-da-fiocruz-ate-2028\\\/\"},\"wordCount\":300,\"commentCount\":0,\"publisher\":{\"@id\":\"https:\\\/\\\/jornalboasnoticias.com.br\\\/home\\\/#organization\"},\"image\":{\"@id\":\"https:\\\/\\\/jornalboasnoticias.com.br\\\/home\\\/mario-moreira-e-reeleito-e-ficara-na-presidencia-da-fiocruz-ate-2028\\\/#primaryimage\"},\"thumbnailUrl\":\"https:\\\/\\\/jornalboasnoticias.com.br\\\/home\\\/wp-content\\\/uploads\\\/2024\\\/10\\\/dsc7639-2.webp\",\"articleSection\":[\"DESTAQUE\",\"Geral\"],\"inLanguage\":\"pt-BR\",\"potentialAction\":[{\"@type\":\"CommentAction\",\"name\":\"Comment\",\"target\":[\"https:\\\/\\\/jornalboasnoticias.com.br\\\/home\\\/mario-moreira-e-reeleito-e-ficara-na-presidencia-da-fiocruz-ate-2028\\\/#respond\"]}]},{\"@type\":\"WebPage\",\"@id\":\"https:\\\/\\\/jornalboasnoticias.com.br\\\/home\\\/mario-moreira-e-reeleito-e-ficara-na-presidencia-da-fiocruz-ate-2028\\\/\",\"url\":\"https:\\\/\\\/jornalboasnoticias.com.br\\\/home\\\/mario-moreira-e-reeleito-e-ficara-na-presidencia-da-fiocruz-ate-2028\\\/\",\"name\":\"Mario Moreira \u00e9 reeleito e ficar\u00e1 na presid\u00eancia da Fiocruz at\u00e9 2028 - Jornal\",\"isPartOf\":{\"@id\":\"https:\\\/\\\/jornalboasnoticias.com.br\\\/home\\\/#website\"},\"primaryImageOfPage\":{\"@id\":\"https:\\\/\\\/jornalboasnoticias.com.br\\\/home\\\/mario-moreira-e-reeleito-e-ficara-na-presidencia-da-fiocruz-ate-2028\\\/#primaryimage\"},\"image\":{\"@id\":\"https:\\\/\\\/jornalboasnoticias.com.br\\\/home\\\/mario-moreira-e-reeleito-e-ficara-na-presidencia-da-fiocruz-ate-2028\\\/#primaryimage\"},\"thumbnailUrl\":\"https:\\\/\\\/jornalboasnoticias.com.br\\\/home\\\/wp-content\\\/uploads\\\/2024\\\/10\\\/dsc7639-2.webp\",\"datePublished\":\"2024-10-25T01:36:16+00:00\",\"description\":\"Mario Moreira \u00e9 reeleito e ficar\u00e1 na presid\u00eancia da Fiocruz at\u00e9 2028\",\"breadcrumb\":{\"@id\":\"https:\\\/\\\/jornalboasnoticias.com.br\\\/home\\\/mario-moreira-e-reeleito-e-ficara-na-presidencia-da-fiocruz-ate-2028\\\/#breadcrumb\"},\"inLanguage\":\"pt-BR\",\"potentialAction\":[{\"@type\":\"ReadAction\",\"target\":[\"https:\\\/\\\/jornalboasnoticias.com.br\\\/home\\\/mario-moreira-e-reeleito-e-ficara-na-presidencia-da-fiocruz-ate-2028\\\/\"]}]},{\"@type\":\"ImageObject\",\"inLanguage\":\"pt-BR\",\"@id\":\"https:\\\/\\\/jornalboasnoticias.com.br\\\/home\\\/mario-moreira-e-reeleito-e-ficara-na-presidencia-da-fiocruz-ate-2028\\\/#primaryimage\",\"url\":\"https:\\\/\\\/jornalboasnoticias.com.br\\\/home\\\/wp-content\\\/uploads\\\/2024\\\/10\\\/dsc7639-2.webp\",\"contentUrl\":\"https:\\\/\\\/jornalboasnoticias.com.br\\\/home\\\/wp-content\\\/uploads\\\/2024\\\/10\\\/dsc7639-2.webp\",\"width\":1170,\"height\":700,\"caption\":\"\u00a9 Tomaz Silva\\\/Ag\u00eancia Brasil\"},{\"@type\":\"BreadcrumbList\",\"@id\":\"https:\\\/\\\/jornalboasnoticias.com.br\\\/home\\\/mario-moreira-e-reeleito-e-ficara-na-presidencia-da-fiocruz-ate-2028\\\/#breadcrumb\",\"itemListElement\":[{\"@type\":\"ListItem\",\"position\":1,\"name\":\"In\u00edcio\",\"item\":\"https:\\\/\\\/jornalboasnoticias.com.br\\\/home\\\/\"},{\"@type\":\"ListItem\",\"position\":2,\"name\":\"Mario Moreira \u00e9 reeleito e ficar\u00e1 na presid\u00eancia da Fiocruz at\u00e9 2028\"}]},{\"@type\":\"WebSite\",\"@id\":\"https:\\\/\\\/jornalboasnoticias.com.br\\\/home\\\/#website\",\"url\":\"https:\\\/\\\/jornalboasnoticias.com.br\\\/home\\\/\",\"name\":\"Jornal Boas Not\u00edcias\",\"description\":\"Boas not\u00edcias\",\"publisher\":{\"@id\":\"https:\\\/\\\/jornalboasnoticias.com.br\\\/home\\\/#organization\"},\"potentialAction\":[{\"@type\":\"SearchAction\",\"target\":{\"@type\":\"EntryPoint\",\"urlTemplate\":\"https:\\\/\\\/jornalboasnoticias.com.br\\\/home\\\/?s={search_term_string}\"},\"query-input\":{\"@type\":\"PropertyValueSpecification\",\"valueRequired\":true,\"valueName\":\"search_term_string\"}}],\"inLanguage\":\"pt-BR\"},{\"@type\":\"Organization\",\"@id\":\"https:\\\/\\\/jornalboasnoticias.com.br\\\/home\\\/#organization\",\"name\":\"Coq Editora Ltda\",\"alternateName\":\"Jornal Boas Noticias\",\"url\":\"https:\\\/\\\/jornalboasnoticias.com.br\\\/home\\\/\",\"logo\":{\"@type\":\"ImageObject\",\"inLanguage\":\"pt-BR\",\"@id\":\"https:\\\/\\\/jornalboasnoticias.com.br\\\/home\\\/#\\\/schema\\\/logo\\\/image\\\/\",\"url\":\"https:\\\/\\\/jornalboasnoticias.com.br\\\/home\\\/wp-content\\\/uploads\\\/2024\\\/07\\\/cropped-logo.jpg\",\"contentUrl\":\"https:\\\/\\\/jornalboasnoticias.com.br\\\/home\\\/wp-content\\\/uploads\\\/2024\\\/07\\\/cropped-logo.jpg\",\"width\":290,\"height\":142,\"caption\":\"Coq Editora Ltda\"},\"image\":{\"@id\":\"https:\\\/\\\/jornalboasnoticias.com.br\\\/home\\\/#\\\/schema\\\/logo\\\/image\\\/\"},\"sameAs\":[\"https:\\\/\\\/www.facebook.com\\\/boasnoticiasjornal\"]},{\"@type\":\"Person\",\"@id\":\"https:\\\/\\\/jornalboasnoticias.com.br\\\/home\\\/#\\\/schema\\\/person\\\/d641193e0afc6405b390164dac847971\",\"name\":\"Ana Luiza Bonatto\",\"image\":{\"@type\":\"ImageObject\",\"inLanguage\":\"pt-BR\",\"@id\":\"https:\\\/\\\/secure.gravatar.com\\\/avatar\\\/8a055ebe6373371f67ac6fcf313c0ac0b0a91157fdcdb9514fa62927373348f0?s=96&d=mm&r=g\",\"url\":\"https:\\\/\\\/secure.gravatar.com\\\/avatar\\\/8a055ebe6373371f67ac6fcf313c0ac0b0a91157fdcdb9514fa62927373348f0?s=96&d=mm&r=g\",\"contentUrl\":\"https:\\\/\\\/secure.gravatar.com\\\/avatar\\\/8a055ebe6373371f67ac6fcf313c0ac0b0a91157fdcdb9514fa62927373348f0?s=96&d=mm&r=g\",\"caption\":\"Ana Luiza Bonatto\"},\"url\":\"https:\\\/\\\/jornalboasnoticias.com.br\\\/home\\\/author\\\/ana-luiza\\\/\"}]}<\/script>\n<!-- \/ Yoast SEO plugin. -->","yoast_head_json":{"title":"Mario Moreira \u00e9 reeleito e ficar\u00e1 na presid\u00eancia da Fiocruz at\u00e9 2028 - Jornal","description":"Mario Moreira \u00e9 reeleito e ficar\u00e1 na presid\u00eancia da Fiocruz at\u00e9 2028","robots":{"index":"index","follow":"follow","max-snippet":"max-snippet:-1","max-image-preview":"max-image-preview:large","max-video-preview":"max-video-preview:-1"},"canonical":"https:\/\/jornalboasnoticias.com.br\/home\/mario-moreira-e-reeleito-e-ficara-na-presidencia-da-fiocruz-ate-2028\/","og_locale":"pt_BR","og_type":"article","og_title":"Mario Moreira \u00e9 reeleito e ficar\u00e1 na presid\u00eancia da Fiocruz at\u00e9 2028 - Jornal","og_description":"Mario Moreira \u00e9 reeleito e ficar\u00e1 na presid\u00eancia da Fiocruz at\u00e9 2028","og_url":"https:\/\/jornalboasnoticias.com.br\/home\/mario-moreira-e-reeleito-e-ficara-na-presidencia-da-fiocruz-ate-2028\/","og_site_name":"Jornal","article_publisher":"https:\/\/www.facebook.com\/boasnoticiasjornal","article_published_time":"2024-10-25T01:36:16+00:00","og_image":[{"width":1170,"height":700,"url":"https:\/\/jornalboasnoticias.com.br\/home\/wp-content\/uploads\/2024\/10\/dsc7639-2.webp","type":"image\/webp"}],"author":"Ana Luiza Bonatto","twitter_card":"summary_large_image","twitter_misc":{"Escrito por":"Ana Luiza Bonatto","Est. tempo de leitura":"2 minutos"},"schema":{"@context":"https:\/\/schema.org","@graph":[{"@type":"Article","@id":"https:\/\/jornalboasnoticias.com.br\/home\/mario-moreira-e-reeleito-e-ficara-na-presidencia-da-fiocruz-ate-2028\/#article","isPartOf":{"@id":"https:\/\/jornalboasnoticias.com.br\/home\/mario-moreira-e-reeleito-e-ficara-na-presidencia-da-fiocruz-ate-2028\/"},"author":{"name":"Ana Luiza Bonatto","@id":"https:\/\/jornalboasnoticias.com.br\/home\/#\/schema\/person\/d641193e0afc6405b390164dac847971"},"headline":"Mario Moreira \u00e9 reeleito e ficar\u00e1 na presid\u00eancia da Fiocruz at\u00e9 2028","datePublished":"2024-10-25T01:36:16+00:00","mainEntityOfPage":{"@id":"https:\/\/jornalboasnoticias.com.br\/home\/mario-moreira-e-reeleito-e-ficara-na-presidencia-da-fiocruz-ate-2028\/"},"wordCount":300,"commentCount":0,"publisher":{"@id":"https:\/\/jornalboasnoticias.com.br\/home\/#organization"},"image":{"@id":"https:\/\/jornalboasnoticias.com.br\/home\/mario-moreira-e-reeleito-e-ficara-na-presidencia-da-fiocruz-ate-2028\/#primaryimage"},"thumbnailUrl":"https:\/\/jornalboasnoticias.com.br\/home\/wp-content\/uploads\/2024\/10\/dsc7639-2.webp","articleSection":["DESTAQUE","Geral"],"inLanguage":"pt-BR","potentialAction":[{"@type":"CommentAction","name":"Comment","target":["https:\/\/jornalboasnoticias.com.br\/home\/mario-moreira-e-reeleito-e-ficara-na-presidencia-da-fiocruz-ate-2028\/#respond"]}]},{"@type":"WebPage","@id":"https:\/\/jornalboasnoticias.com.br\/home\/mario-moreira-e-reeleito-e-ficara-na-presidencia-da-fiocruz-ate-2028\/","url":"https:\/\/jornalboasnoticias.com.br\/home\/mario-moreira-e-reeleito-e-ficara-na-presidencia-da-fiocruz-ate-2028\/","name":"Mario Moreira \u00e9 reeleito e ficar\u00e1 na presid\u00eancia da Fiocruz at\u00e9 2028 - Jornal","isPartOf":{"@id":"https:\/\/jornalboasnoticias.com.br\/home\/#website"},"primaryImageOfPage":{"@id":"https:\/\/jornalboasnoticias.com.br\/home\/mario-moreira-e-reeleito-e-ficara-na-presidencia-da-fiocruz-ate-2028\/#primaryimage"},"image":{"@id":"https:\/\/jornalboasnoticias.com.br\/home\/mario-moreira-e-reeleito-e-ficara-na-presidencia-da-fiocruz-ate-2028\/#primaryimage"},"thumbnailUrl":"https:\/\/jornalboasnoticias.com.br\/home\/wp-content\/uploads\/2024\/10\/dsc7639-2.webp","datePublished":"2024-10-25T01:36:16+00:00","description":"Mario Moreira \u00e9 reeleito e ficar\u00e1 na presid\u00eancia da Fiocruz at\u00e9 2028","breadcrumb":{"@id":"https:\/\/jornalboasnoticias.com.br\/home\/mario-moreira-e-reeleito-e-ficara-na-presidencia-da-fiocruz-ate-2028\/#breadcrumb"},"inLanguage":"pt-BR","potentialAction":[{"@type":"ReadAction","target":["https:\/\/jornalboasnoticias.com.br\/home\/mario-moreira-e-reeleito-e-ficara-na-presidencia-da-fiocruz-ate-2028\/"]}]},{"@type":"ImageObject","inLanguage":"pt-BR","@id":"https:\/\/jornalboasnoticias.com.br\/home\/mario-moreira-e-reeleito-e-ficara-na-presidencia-da-fiocruz-ate-2028\/#primaryimage","url":"https:\/\/jornalboasnoticias.com.br\/home\/wp-content\/uploads\/2024\/10\/dsc7639-2.webp","contentUrl":"https:\/\/jornalboasnoticias.com.br\/home\/wp-content\/uploads\/2024\/10\/dsc7639-2.webp","width":1170,"height":700,"caption":"\u00a9 Tomaz Silva\/Ag\u00eancia Brasil"},{"@type":"BreadcrumbList","@id":"https:\/\/jornalboasnoticias.com.br\/home\/mario-moreira-e-reeleito-e-ficara-na-presidencia-da-fiocruz-ate-2028\/#breadcrumb","itemListElement":[{"@type":"ListItem","position":1,"name":"In\u00edcio","item":"https:\/\/jornalboasnoticias.com.br\/home\/"},{"@type":"ListItem","position":2,"name":"Mario Moreira \u00e9 reeleito e ficar\u00e1 na presid\u00eancia da Fiocruz at\u00e9 2028"}]},{"@type":"WebSite","@id":"https:\/\/jornalboasnoticias.com.br\/home\/#website","url":"https:\/\/jornalboasnoticias.com.br\/home\/","name":"Jornal Boas Not\u00edcias","description":"Boas not\u00edcias","publisher":{"@id":"https:\/\/jornalboasnoticias.com.br\/home\/#organization"},"potentialAction":[{"@type":"SearchAction","target":{"@type":"EntryPoint","urlTemplate":"https:\/\/jornalboasnoticias.com.br\/home\/?s={search_term_string}"},"query-input":{"@type":"PropertyValueSpecification","valueRequired":true,"valueName":"search_term_string"}}],"inLanguage":"pt-BR"},{"@type":"Organization","@id":"https:\/\/jornalboasnoticias.com.br\/home\/#organization","name":"Coq Editora Ltda","alternateName":"Jornal Boas Noticias","url":"https:\/\/jornalboasnoticias.com.br\/home\/","logo":{"@type":"ImageObject","inLanguage":"pt-BR","@id":"https:\/\/jornalboasnoticias.com.br\/home\/#\/schema\/logo\/image\/","url":"https:\/\/jornalboasnoticias.com.br\/home\/wp-content\/uploads\/2024\/07\/cropped-logo.jpg","contentUrl":"https:\/\/jornalboasnoticias.com.br\/home\/wp-content\/uploads\/2024\/07\/cropped-logo.jpg","width":290,"height":142,"caption":"Coq Editora Ltda"},"image":{"@id":"https:\/\/jornalboasnoticias.com.br\/home\/#\/schema\/logo\/image\/"},"sameAs":["https:\/\/www.facebook.com\/boasnoticiasjornal"]},{"@type":"Person","@id":"https:\/\/jornalboasnoticias.com.br\/home\/#\/schema\/person\/d641193e0afc6405b390164dac847971","name":"Ana Luiza Bonatto","image":{"@type":"ImageObject","inLanguage":"pt-BR","@id":"https:\/\/secure.gravatar.com\/avatar\/8a055ebe6373371f67ac6fcf313c0ac0b0a91157fdcdb9514fa62927373348f0?s=96&d=mm&r=g","url":"https:\/\/secure.gravatar.com\/avatar\/8a055ebe6373371f67ac6fcf313c0ac0b0a91157fdcdb9514fa62927373348f0?s=96&d=mm&r=g","contentUrl":"https:\/\/secure.gravatar.com\/avatar\/8a055ebe6373371f67ac6fcf313c0ac0b0a91157fdcdb9514fa62927373348f0?s=96&d=mm&r=g","caption":"Ana Luiza Bonatto"},"url":"https:\/\/jornalboasnoticias.com.br\/home\/author\/ana-luiza\/"}]}},"_links":{"self":[{"href":"https:\/\/jornalboasnoticias.com.br\/home\/wp-json\/wp\/v2\/posts\/44482","targetHints":{"allow":["GET"]}}],"collection":[{"href":"https:\/\/jornalboasnoticias.com.br\/home\/wp-json\/wp\/v2\/posts"}],"about":[{"href":"https:\/\/jornalboasnoticias.com.br\/home\/wp-json\/wp\/v2\/types\/post"}],"author":[{"embeddable":true,"href":"https:\/\/jornalboasnoticias.com.br\/home\/wp-json\/wp\/v2\/users\/4"}],"replies":[{"embeddable":true,"href":"https:\/\/jornalboasnoticias.com.br\/home\/wp-json\/wp\/v2\/comments?post=44482"}],"version-history":[{"count":1,"href":"https:\/\/jornalboasnoticias.com.br\/home\/wp-json\/wp\/v2\/posts\/44482\/revisions"}],"predecessor-version":[{"id":44484,"href":"https:\/\/jornalboasnoticias.com.br\/home\/wp-json\/wp\/v2\/posts\/44482\/revisions\/44484"}],"wp:featuredmedia":[{"embeddable":true,"href":"https:\/\/jornalboasnoticias.com.br\/home\/wp-json\/wp\/v2\/media\/44483"}],"wp:attachment":[{"href":"https:\/\/jornalboasnoticias.com.br\/home\/wp-json\/wp\/v2\/media?parent=44482"}],"wp:term":[{"taxonomy":"category","embeddable":true,"href":"https:\/\/jornalboasnoticias.com.br\/home\/wp-json\/wp\/v2\/categories?post=44482"},{"taxonomy":"post_tag","embeddable":true,"href":"https:\/\/jornalboasnoticias.com.br\/home\/wp-json\/wp\/v2\/tags?post=44482"}],"curies":[{"name":"wp","href":"https:\/\/api.w.org\/{rel}","templated":true}]}}