{"id":44472,"date":"2024-10-25T01:27:58","date_gmt":"2024-10-25T01:27:58","guid":{"rendered":"https:\/\/jornalboasnoticias.com.br\/home\/?p=44472"},"modified":"2024-10-25T01:27:58","modified_gmt":"2024-10-25T01:27:58","slug":"em-um-mes-casos-de-coqueluche-aumentaram-86-no-parana-e-chegam-a-mil-confirmacoes","status":"publish","type":"post","link":"https:\/\/jornalboasnoticias.com.br\/home\/em-um-mes-casos-de-coqueluche-aumentaram-86-no-parana-e-chegam-a-mil-confirmacoes\/","title":{"rendered":"Em um m\u00eas, casos de coqueluche aumentaram 86% no Paran\u00e1 e chegam a mil confirma\u00e7\u00f5es"},"content":{"rendered":"<blockquote>\n<div class=\"not-escopo-destaque\">\n<div>\n<figure id=\"attachment_44473\" aria-describedby=\"caption-attachment-44473\" style=\"width: 1600px\" class=\"wp-caption alignnone\"><img loading=\"lazy\" decoding=\"async\" class=\"size-full wp-image-44473\" src=\"https:\/\/jornalboasnoticias.com.br\/home\/wp-content\/uploads\/2024\/10\/whatsapp_image_2024-06-17_at_14.35.11.jpg\" alt=\"\" width=\"1600\" height=\"1066\" srcset=\"https:\/\/jornalboasnoticias.com.br\/home\/wp-content\/uploads\/2024\/10\/whatsapp_image_2024-06-17_at_14.35.11.jpg 1600w, https:\/\/jornalboasnoticias.com.br\/home\/wp-content\/uploads\/2024\/10\/whatsapp_image_2024-06-17_at_14.35.11-300x200.jpg 300w, https:\/\/jornalboasnoticias.com.br\/home\/wp-content\/uploads\/2024\/10\/whatsapp_image_2024-06-17_at_14.35.11-1024x682.jpg 1024w, https:\/\/jornalboasnoticias.com.br\/home\/wp-content\/uploads\/2024\/10\/whatsapp_image_2024-06-17_at_14.35.11-768x512.jpg 768w, https:\/\/jornalboasnoticias.com.br\/home\/wp-content\/uploads\/2024\/10\/whatsapp_image_2024-06-17_at_14.35.11-1536x1023.jpg 1536w, https:\/\/jornalboasnoticias.com.br\/home\/wp-content\/uploads\/2024\/10\/whatsapp_image_2024-06-17_at_14.35.11-900x600.jpg 900w\" sizes=\"auto, (max-width: 1600px) 100vw, 1600px\" \/><figcaption id=\"caption-attachment-44473\" class=\"wp-caption-text\">Foto: Geraldo Bubniak\/AEN<\/figcaption><\/figure>\n<\/div>\n<div class=\"field field--name-field-escopo-destaque field--type-string-long field--label-hidden field--item\">O n\u00famero de casos confirmados de coqueluche passou de 537 para 1.000. Crian\u00e7as e adolescentes s\u00e3o os grupos mais afetados pela doen\u00e7a. Se comparado a julho, o aumento foi de 880%, quando o Estado contabilizava 102 casos. Os dados divulgados pela Secretaria de Estado da Sa\u00fade (Sesa) refor\u00e7am a necessidade do cuidado e da preven\u00e7\u00e3o, com a vacina\u00e7\u00e3o.<\/div>\n<\/div>\n<\/blockquote>\n<div>\n<p>O n\u00famero de casos confirmados de coqueluche subiu 86% nos \u00faltimos trinta dias no Paran\u00e1, passando de 537 para 1.000. Crian\u00e7as e adolescentes s\u00e3o os grupos mais afetados pela doen\u00e7a. Se comparado a julho, o aumento foi de 880%, quando o Estado contabilizava 102 casos. Os dados divulgados pela Secretaria de Estado da Sa\u00fade (Sesa) refor\u00e7am a necessidade do cuidado e da preven\u00e7\u00e3o, com a vacina\u00e7\u00e3o.<\/p>\n<p>Em 2023, nesse mesmo per\u00edodo, haviam 11 casos confirmados e nenhum \u00f3bito no Paran\u00e1.\u00a0De acordo com dados do Sistema de Informa\u00e7\u00e3o de Agravos de Notifica\u00e7\u00e3o (Sinan), do Minist\u00e9rio da Sa\u00fade, em 2019 foram registrados 101 casos de\u00a0coqueluche, em 2020 foram 26, em 2021 nove, em 2022 foram cinco casos e no ano passado 17.<\/p>\n<p>De acordo com \u00faltimo boletim da coqueluche, divulgado semanalmente no site da Sesa, dos 1 mil casos confirmados, 353 est\u00e3o na faixa et\u00e1ria dos 12 aos 19 anos e 110 menores de um ano. Apesar da doen\u00e7a ser mais frequente nessas idades, o grupo de pessoas de 30 a 49 anos tamb\u00e9m se destaca com n\u00famero elevado de casos, 183.<\/p>\n<p>De acordo com a\u00a0diretora de Aten\u00e7\u00e3o de Vigil\u00e2ncia em Sa\u00fade da Sesa,\u00a0Maria Goretti\u00a0Lopes,\u00a0alguns fatores explicam esse aumento.\u00a0\u201cExiste uma ciclicidade na circula\u00e7\u00e3o dessa bact\u00e9ria. Durante a pandemia houve uma posterga\u00e7\u00e3o, com poucos casos, mas agora, associado \u00e0 menor cobertura vacinal e ao aumento da sensibilidade da vigil\u00e2ncia epidemiol\u00f3gica e laboratorial, os casos est\u00e3o mais evidentes\u201d, disse.<\/p>\n<p>A coqueluche \u00e9 uma doen\u00e7a infecciosa que afeta as vias respirat\u00f3rias, causando crises de tosse seca.\u00a0Estima-se que uma pessoa com coqueluche pode infectar de 12 a 17 outros indiv\u00edduos.<\/p>\n<p><strong>TRANSMISS\u00c3O<\/strong>\u00a0&#8211; A transmiss\u00e3o ocorre, principalmente, pelo contato direto do doente com uma pessoa n\u00e3o vacinada, por meio de got\u00edculas eliminadas por tosse, espirro ou at\u00e9 mesmo ao falar.<\/p>\n<p>Os sintomas inicialmente s\u00e3o parecidos com os de um resfriado, com\u00a0febre baixa, mal-estar geral, coriza e tosse seca que evoluem para crises de tosse mais intensa.<\/p>\n<p>A vacina\u00e7\u00e3o \u00e9 a melhor forma de preven\u00e7\u00e3o e deve ser realizada nos primeiros meses de vida, aos 2, 4 e 6 meses de idade, com intervalo de 60 dias entre as doses, com a\u00a0vacina pentavalente. J\u00e1 a DTP deve ser administrada como refor\u00e7o aos 15 meses e aos quatro anos. Atualmente as coberturas vacinais est\u00e3o em 90,40% e 90,43%, respectivamente.<\/p>\n<p>A Divis\u00e3o de Vigil\u00e2ncia Epidemiol\u00f3gica da Sesa promove v\u00e1rias a\u00e7\u00f5es no monitoramento da doen\u00e7a. Existe uma busca ativa de gestantes e pu\u00e9rperas para imuniza\u00e7\u00e3o com dTpa e de crian\u00e7as para atualiza\u00e7\u00e3o do esquema vacinal.<\/p>\n<p>A recomenda\u00e7\u00e3o da Sesa \u00e9 que gestantes e profissionais da sa\u00fade tamb\u00e9m recebam o imunizante. De forma excepcional, trabalhadores de sa\u00fade e educa\u00e7\u00e3o que atuam diretamente com gestantes, pu\u00e9rperas, neonatos e crian\u00e7as menores de 4 anos devem receber a dose para maior prote\u00e7\u00e3o e preven\u00e7\u00e3o.<\/p>\n<p><em><strong>AEN<\/strong><\/em><\/p>\n<\/div>\n","protected":false},"excerpt":{"rendered":"<p>O n\u00famero de casos confirmados de coqueluche passou de 537 para 1.000. Crian\u00e7as e adolescentes<\/p>\n","protected":false},"author":4,"featured_media":44473,"comment_status":"open","ping_status":"open","sticky":false,"template":"","format":"standard","meta":{"footnotes":""},"categories":[3,4],"tags":[],"class_list":["post-44472","post","type-post","status-publish","format-standard","has-post-thumbnail","hentry","category-destaques","category-parana"],"yoast_head":"<!-- This site is optimized with the Yoast SEO plugin v27.5 - https:\/\/yoast.com\/product\/yoast-seo-wordpress\/ -->\n<title>Em um m\u00eas, casos de coqueluche aumentaram 86% no Paran\u00e1 e chegam a mil confirma\u00e7\u00f5es - Jornal<\/title>\n<meta name=\"description\" content=\"Em um m\u00eas, casos de coqueluche aumentaram 86% no Paran\u00e1 e chegam a mil confirma\u00e7\u00f5es\" \/>\n<meta name=\"robots\" content=\"index, follow, max-snippet:-1, max-image-preview:large, max-video-preview:-1\" \/>\n<link rel=\"canonical\" href=\"https:\/\/jornalboasnoticias.com.br\/home\/em-um-mes-casos-de-coqueluche-aumentaram-86-no-parana-e-chegam-a-mil-confirmacoes\/\" \/>\n<meta property=\"og:locale\" content=\"pt_BR\" \/>\n<meta property=\"og:type\" content=\"article\" \/>\n<meta property=\"og:title\" content=\"Em um m\u00eas, casos de coqueluche aumentaram 86% no Paran\u00e1 e chegam a mil confirma\u00e7\u00f5es - Jornal\" \/>\n<meta property=\"og:description\" content=\"Em um m\u00eas, casos de coqueluche aumentaram 86% no Paran\u00e1 e chegam a mil confirma\u00e7\u00f5es\" \/>\n<meta property=\"og:url\" content=\"https:\/\/jornalboasnoticias.com.br\/home\/em-um-mes-casos-de-coqueluche-aumentaram-86-no-parana-e-chegam-a-mil-confirmacoes\/\" \/>\n<meta property=\"og:site_name\" content=\"Jornal\" \/>\n<meta property=\"article:publisher\" content=\"https:\/\/www.facebook.com\/boasnoticiasjornal\" \/>\n<meta property=\"article:published_time\" content=\"2024-10-25T01:27:58+00:00\" \/>\n<meta property=\"og:image\" content=\"https:\/\/jornalboasnoticias.com.br\/home\/wp-content\/uploads\/2024\/10\/whatsapp_image_2024-06-17_at_14.35.11.jpg\" \/>\n\t<meta property=\"og:image:width\" content=\"1600\" \/>\n\t<meta property=\"og:image:height\" content=\"1066\" \/>\n\t<meta property=\"og:image:type\" content=\"image\/jpeg\" \/>\n<meta name=\"author\" content=\"Ana Luiza Bonatto\" \/>\n<meta name=\"twitter:card\" content=\"summary_large_image\" \/>\n<meta name=\"twitter:label1\" content=\"Escrito por\" \/>\n\t<meta name=\"twitter:data1\" content=\"Ana Luiza Bonatto\" \/>\n\t<meta name=\"twitter:label2\" content=\"Est. tempo de leitura\" \/>\n\t<meta name=\"twitter:data2\" content=\"3 minutos\" \/>\n<script type=\"application\/ld+json\" class=\"yoast-schema-graph\">{\"@context\":\"https:\\\/\\\/schema.org\",\"@graph\":[{\"@type\":\"Article\",\"@id\":\"https:\\\/\\\/jornalboasnoticias.com.br\\\/home\\\/em-um-mes-casos-de-coqueluche-aumentaram-86-no-parana-e-chegam-a-mil-confirmacoes\\\/#article\",\"isPartOf\":{\"@id\":\"https:\\\/\\\/jornalboasnoticias.com.br\\\/home\\\/em-um-mes-casos-de-coqueluche-aumentaram-86-no-parana-e-chegam-a-mil-confirmacoes\\\/\"},\"author\":{\"name\":\"Ana Luiza Bonatto\",\"@id\":\"https:\\\/\\\/jornalboasnoticias.com.br\\\/home\\\/#\\\/schema\\\/person\\\/d641193e0afc6405b390164dac847971\"},\"headline\":\"Em um m\u00eas, casos de coqueluche aumentaram 86% no Paran\u00e1 e chegam a mil confirma\u00e7\u00f5es\",\"datePublished\":\"2024-10-25T01:27:58+00:00\",\"mainEntityOfPage\":{\"@id\":\"https:\\\/\\\/jornalboasnoticias.com.br\\\/home\\\/em-um-mes-casos-de-coqueluche-aumentaram-86-no-parana-e-chegam-a-mil-confirmacoes\\\/\"},\"wordCount\":581,\"commentCount\":0,\"publisher\":{\"@id\":\"https:\\\/\\\/jornalboasnoticias.com.br\\\/home\\\/#organization\"},\"image\":{\"@id\":\"https:\\\/\\\/jornalboasnoticias.com.br\\\/home\\\/em-um-mes-casos-de-coqueluche-aumentaram-86-no-parana-e-chegam-a-mil-confirmacoes\\\/#primaryimage\"},\"thumbnailUrl\":\"https:\\\/\\\/jornalboasnoticias.com.br\\\/home\\\/wp-content\\\/uploads\\\/2024\\\/10\\\/whatsapp_image_2024-06-17_at_14.35.11.jpg\",\"articleSection\":[\"DESTAQUE\",\"PARAN\u00c1\"],\"inLanguage\":\"pt-BR\",\"potentialAction\":[{\"@type\":\"CommentAction\",\"name\":\"Comment\",\"target\":[\"https:\\\/\\\/jornalboasnoticias.com.br\\\/home\\\/em-um-mes-casos-de-coqueluche-aumentaram-86-no-parana-e-chegam-a-mil-confirmacoes\\\/#respond\"]}]},{\"@type\":\"WebPage\",\"@id\":\"https:\\\/\\\/jornalboasnoticias.com.br\\\/home\\\/em-um-mes-casos-de-coqueluche-aumentaram-86-no-parana-e-chegam-a-mil-confirmacoes\\\/\",\"url\":\"https:\\\/\\\/jornalboasnoticias.com.br\\\/home\\\/em-um-mes-casos-de-coqueluche-aumentaram-86-no-parana-e-chegam-a-mil-confirmacoes\\\/\",\"name\":\"Em um m\u00eas, casos de coqueluche aumentaram 86% no Paran\u00e1 e chegam a mil confirma\u00e7\u00f5es - Jornal\",\"isPartOf\":{\"@id\":\"https:\\\/\\\/jornalboasnoticias.com.br\\\/home\\\/#website\"},\"primaryImageOfPage\":{\"@id\":\"https:\\\/\\\/jornalboasnoticias.com.br\\\/home\\\/em-um-mes-casos-de-coqueluche-aumentaram-86-no-parana-e-chegam-a-mil-confirmacoes\\\/#primaryimage\"},\"image\":{\"@id\":\"https:\\\/\\\/jornalboasnoticias.com.br\\\/home\\\/em-um-mes-casos-de-coqueluche-aumentaram-86-no-parana-e-chegam-a-mil-confirmacoes\\\/#primaryimage\"},\"thumbnailUrl\":\"https:\\\/\\\/jornalboasnoticias.com.br\\\/home\\\/wp-content\\\/uploads\\\/2024\\\/10\\\/whatsapp_image_2024-06-17_at_14.35.11.jpg\",\"datePublished\":\"2024-10-25T01:27:58+00:00\",\"description\":\"Em um m\u00eas, casos de coqueluche aumentaram 86% no Paran\u00e1 e chegam a mil confirma\u00e7\u00f5es\",\"breadcrumb\":{\"@id\":\"https:\\\/\\\/jornalboasnoticias.com.br\\\/home\\\/em-um-mes-casos-de-coqueluche-aumentaram-86-no-parana-e-chegam-a-mil-confirmacoes\\\/#breadcrumb\"},\"inLanguage\":\"pt-BR\",\"potentialAction\":[{\"@type\":\"ReadAction\",\"target\":[\"https:\\\/\\\/jornalboasnoticias.com.br\\\/home\\\/em-um-mes-casos-de-coqueluche-aumentaram-86-no-parana-e-chegam-a-mil-confirmacoes\\\/\"]}]},{\"@type\":\"ImageObject\",\"inLanguage\":\"pt-BR\",\"@id\":\"https:\\\/\\\/jornalboasnoticias.com.br\\\/home\\\/em-um-mes-casos-de-coqueluche-aumentaram-86-no-parana-e-chegam-a-mil-confirmacoes\\\/#primaryimage\",\"url\":\"https:\\\/\\\/jornalboasnoticias.com.br\\\/home\\\/wp-content\\\/uploads\\\/2024\\\/10\\\/whatsapp_image_2024-06-17_at_14.35.11.jpg\",\"contentUrl\":\"https:\\\/\\\/jornalboasnoticias.com.br\\\/home\\\/wp-content\\\/uploads\\\/2024\\\/10\\\/whatsapp_image_2024-06-17_at_14.35.11.jpg\",\"width\":1600,\"height\":1066,\"caption\":\"Foto: Geraldo Bubniak\\\/AEN\"},{\"@type\":\"BreadcrumbList\",\"@id\":\"https:\\\/\\\/jornalboasnoticias.com.br\\\/home\\\/em-um-mes-casos-de-coqueluche-aumentaram-86-no-parana-e-chegam-a-mil-confirmacoes\\\/#breadcrumb\",\"itemListElement\":[{\"@type\":\"ListItem\",\"position\":1,\"name\":\"In\u00edcio\",\"item\":\"https:\\\/\\\/jornalboasnoticias.com.br\\\/home\\\/\"},{\"@type\":\"ListItem\",\"position\":2,\"name\":\"Em um m\u00eas, casos de coqueluche aumentaram 86% no Paran\u00e1 e chegam a mil confirma\u00e7\u00f5es\"}]},{\"@type\":\"WebSite\",\"@id\":\"https:\\\/\\\/jornalboasnoticias.com.br\\\/home\\\/#website\",\"url\":\"https:\\\/\\\/jornalboasnoticias.com.br\\\/home\\\/\",\"name\":\"Jornal Boas Not\u00edcias\",\"description\":\"Boas not\u00edcias\",\"publisher\":{\"@id\":\"https:\\\/\\\/jornalboasnoticias.com.br\\\/home\\\/#organization\"},\"potentialAction\":[{\"@type\":\"SearchAction\",\"target\":{\"@type\":\"EntryPoint\",\"urlTemplate\":\"https:\\\/\\\/jornalboasnoticias.com.br\\\/home\\\/?s={search_term_string}\"},\"query-input\":{\"@type\":\"PropertyValueSpecification\",\"valueRequired\":true,\"valueName\":\"search_term_string\"}}],\"inLanguage\":\"pt-BR\"},{\"@type\":\"Organization\",\"@id\":\"https:\\\/\\\/jornalboasnoticias.com.br\\\/home\\\/#organization\",\"name\":\"Coq Editora Ltda\",\"alternateName\":\"Jornal Boas Noticias\",\"url\":\"https:\\\/\\\/jornalboasnoticias.com.br\\\/home\\\/\",\"logo\":{\"@type\":\"ImageObject\",\"inLanguage\":\"pt-BR\",\"@id\":\"https:\\\/\\\/jornalboasnoticias.com.br\\\/home\\\/#\\\/schema\\\/logo\\\/image\\\/\",\"url\":\"https:\\\/\\\/jornalboasnoticias.com.br\\\/home\\\/wp-content\\\/uploads\\\/2024\\\/07\\\/cropped-logo.jpg\",\"contentUrl\":\"https:\\\/\\\/jornalboasnoticias.com.br\\\/home\\\/wp-content\\\/uploads\\\/2024\\\/07\\\/cropped-logo.jpg\",\"width\":290,\"height\":142,\"caption\":\"Coq Editora Ltda\"},\"image\":{\"@id\":\"https:\\\/\\\/jornalboasnoticias.com.br\\\/home\\\/#\\\/schema\\\/logo\\\/image\\\/\"},\"sameAs\":[\"https:\\\/\\\/www.facebook.com\\\/boasnoticiasjornal\"]},{\"@type\":\"Person\",\"@id\":\"https:\\\/\\\/jornalboasnoticias.com.br\\\/home\\\/#\\\/schema\\\/person\\\/d641193e0afc6405b390164dac847971\",\"name\":\"Ana Luiza Bonatto\",\"image\":{\"@type\":\"ImageObject\",\"inLanguage\":\"pt-BR\",\"@id\":\"https:\\\/\\\/secure.gravatar.com\\\/avatar\\\/8a055ebe6373371f67ac6fcf313c0ac0b0a91157fdcdb9514fa62927373348f0?s=96&d=mm&r=g\",\"url\":\"https:\\\/\\\/secure.gravatar.com\\\/avatar\\\/8a055ebe6373371f67ac6fcf313c0ac0b0a91157fdcdb9514fa62927373348f0?s=96&d=mm&r=g\",\"contentUrl\":\"https:\\\/\\\/secure.gravatar.com\\\/avatar\\\/8a055ebe6373371f67ac6fcf313c0ac0b0a91157fdcdb9514fa62927373348f0?s=96&d=mm&r=g\",\"caption\":\"Ana Luiza Bonatto\"},\"url\":\"https:\\\/\\\/jornalboasnoticias.com.br\\\/home\\\/author\\\/ana-luiza\\\/\"}]}<\/script>\n<!-- \/ Yoast SEO plugin. -->","yoast_head_json":{"title":"Em um m\u00eas, casos de coqueluche aumentaram 86% no Paran\u00e1 e chegam a mil confirma\u00e7\u00f5es - Jornal","description":"Em um m\u00eas, casos de coqueluche aumentaram 86% no Paran\u00e1 e chegam a mil confirma\u00e7\u00f5es","robots":{"index":"index","follow":"follow","max-snippet":"max-snippet:-1","max-image-preview":"max-image-preview:large","max-video-preview":"max-video-preview:-1"},"canonical":"https:\/\/jornalboasnoticias.com.br\/home\/em-um-mes-casos-de-coqueluche-aumentaram-86-no-parana-e-chegam-a-mil-confirmacoes\/","og_locale":"pt_BR","og_type":"article","og_title":"Em um m\u00eas, casos de coqueluche aumentaram 86% no Paran\u00e1 e chegam a mil confirma\u00e7\u00f5es - Jornal","og_description":"Em um m\u00eas, casos de coqueluche aumentaram 86% no Paran\u00e1 e chegam a mil confirma\u00e7\u00f5es","og_url":"https:\/\/jornalboasnoticias.com.br\/home\/em-um-mes-casos-de-coqueluche-aumentaram-86-no-parana-e-chegam-a-mil-confirmacoes\/","og_site_name":"Jornal","article_publisher":"https:\/\/www.facebook.com\/boasnoticiasjornal","article_published_time":"2024-10-25T01:27:58+00:00","og_image":[{"width":1600,"height":1066,"url":"https:\/\/jornalboasnoticias.com.br\/home\/wp-content\/uploads\/2024\/10\/whatsapp_image_2024-06-17_at_14.35.11.jpg","type":"image\/jpeg"}],"author":"Ana Luiza Bonatto","twitter_card":"summary_large_image","twitter_misc":{"Escrito por":"Ana Luiza Bonatto","Est. tempo de leitura":"3 minutos"},"schema":{"@context":"https:\/\/schema.org","@graph":[{"@type":"Article","@id":"https:\/\/jornalboasnoticias.com.br\/home\/em-um-mes-casos-de-coqueluche-aumentaram-86-no-parana-e-chegam-a-mil-confirmacoes\/#article","isPartOf":{"@id":"https:\/\/jornalboasnoticias.com.br\/home\/em-um-mes-casos-de-coqueluche-aumentaram-86-no-parana-e-chegam-a-mil-confirmacoes\/"},"author":{"name":"Ana Luiza Bonatto","@id":"https:\/\/jornalboasnoticias.com.br\/home\/#\/schema\/person\/d641193e0afc6405b390164dac847971"},"headline":"Em um m\u00eas, casos de coqueluche aumentaram 86% no Paran\u00e1 e chegam a mil confirma\u00e7\u00f5es","datePublished":"2024-10-25T01:27:58+00:00","mainEntityOfPage":{"@id":"https:\/\/jornalboasnoticias.com.br\/home\/em-um-mes-casos-de-coqueluche-aumentaram-86-no-parana-e-chegam-a-mil-confirmacoes\/"},"wordCount":581,"commentCount":0,"publisher":{"@id":"https:\/\/jornalboasnoticias.com.br\/home\/#organization"},"image":{"@id":"https:\/\/jornalboasnoticias.com.br\/home\/em-um-mes-casos-de-coqueluche-aumentaram-86-no-parana-e-chegam-a-mil-confirmacoes\/#primaryimage"},"thumbnailUrl":"https:\/\/jornalboasnoticias.com.br\/home\/wp-content\/uploads\/2024\/10\/whatsapp_image_2024-06-17_at_14.35.11.jpg","articleSection":["DESTAQUE","PARAN\u00c1"],"inLanguage":"pt-BR","potentialAction":[{"@type":"CommentAction","name":"Comment","target":["https:\/\/jornalboasnoticias.com.br\/home\/em-um-mes-casos-de-coqueluche-aumentaram-86-no-parana-e-chegam-a-mil-confirmacoes\/#respond"]}]},{"@type":"WebPage","@id":"https:\/\/jornalboasnoticias.com.br\/home\/em-um-mes-casos-de-coqueluche-aumentaram-86-no-parana-e-chegam-a-mil-confirmacoes\/","url":"https:\/\/jornalboasnoticias.com.br\/home\/em-um-mes-casos-de-coqueluche-aumentaram-86-no-parana-e-chegam-a-mil-confirmacoes\/","name":"Em um m\u00eas, casos de coqueluche aumentaram 86% no Paran\u00e1 e chegam a mil confirma\u00e7\u00f5es - Jornal","isPartOf":{"@id":"https:\/\/jornalboasnoticias.com.br\/home\/#website"},"primaryImageOfPage":{"@id":"https:\/\/jornalboasnoticias.com.br\/home\/em-um-mes-casos-de-coqueluche-aumentaram-86-no-parana-e-chegam-a-mil-confirmacoes\/#primaryimage"},"image":{"@id":"https:\/\/jornalboasnoticias.com.br\/home\/em-um-mes-casos-de-coqueluche-aumentaram-86-no-parana-e-chegam-a-mil-confirmacoes\/#primaryimage"},"thumbnailUrl":"https:\/\/jornalboasnoticias.com.br\/home\/wp-content\/uploads\/2024\/10\/whatsapp_image_2024-06-17_at_14.35.11.jpg","datePublished":"2024-10-25T01:27:58+00:00","description":"Em um m\u00eas, casos de coqueluche aumentaram 86% no Paran\u00e1 e chegam a mil confirma\u00e7\u00f5es","breadcrumb":{"@id":"https:\/\/jornalboasnoticias.com.br\/home\/em-um-mes-casos-de-coqueluche-aumentaram-86-no-parana-e-chegam-a-mil-confirmacoes\/#breadcrumb"},"inLanguage":"pt-BR","potentialAction":[{"@type":"ReadAction","target":["https:\/\/jornalboasnoticias.com.br\/home\/em-um-mes-casos-de-coqueluche-aumentaram-86-no-parana-e-chegam-a-mil-confirmacoes\/"]}]},{"@type":"ImageObject","inLanguage":"pt-BR","@id":"https:\/\/jornalboasnoticias.com.br\/home\/em-um-mes-casos-de-coqueluche-aumentaram-86-no-parana-e-chegam-a-mil-confirmacoes\/#primaryimage","url":"https:\/\/jornalboasnoticias.com.br\/home\/wp-content\/uploads\/2024\/10\/whatsapp_image_2024-06-17_at_14.35.11.jpg","contentUrl":"https:\/\/jornalboasnoticias.com.br\/home\/wp-content\/uploads\/2024\/10\/whatsapp_image_2024-06-17_at_14.35.11.jpg","width":1600,"height":1066,"caption":"Foto: Geraldo Bubniak\/AEN"},{"@type":"BreadcrumbList","@id":"https:\/\/jornalboasnoticias.com.br\/home\/em-um-mes-casos-de-coqueluche-aumentaram-86-no-parana-e-chegam-a-mil-confirmacoes\/#breadcrumb","itemListElement":[{"@type":"ListItem","position":1,"name":"In\u00edcio","item":"https:\/\/jornalboasnoticias.com.br\/home\/"},{"@type":"ListItem","position":2,"name":"Em um m\u00eas, casos de coqueluche aumentaram 86% no Paran\u00e1 e chegam a mil confirma\u00e7\u00f5es"}]},{"@type":"WebSite","@id":"https:\/\/jornalboasnoticias.com.br\/home\/#website","url":"https:\/\/jornalboasnoticias.com.br\/home\/","name":"Jornal Boas Not\u00edcias","description":"Boas not\u00edcias","publisher":{"@id":"https:\/\/jornalboasnoticias.com.br\/home\/#organization"},"potentialAction":[{"@type":"SearchAction","target":{"@type":"EntryPoint","urlTemplate":"https:\/\/jornalboasnoticias.com.br\/home\/?s={search_term_string}"},"query-input":{"@type":"PropertyValueSpecification","valueRequired":true,"valueName":"search_term_string"}}],"inLanguage":"pt-BR"},{"@type":"Organization","@id":"https:\/\/jornalboasnoticias.com.br\/home\/#organization","name":"Coq Editora Ltda","alternateName":"Jornal Boas Noticias","url":"https:\/\/jornalboasnoticias.com.br\/home\/","logo":{"@type":"ImageObject","inLanguage":"pt-BR","@id":"https:\/\/jornalboasnoticias.com.br\/home\/#\/schema\/logo\/image\/","url":"https:\/\/jornalboasnoticias.com.br\/home\/wp-content\/uploads\/2024\/07\/cropped-logo.jpg","contentUrl":"https:\/\/jornalboasnoticias.com.br\/home\/wp-content\/uploads\/2024\/07\/cropped-logo.jpg","width":290,"height":142,"caption":"Coq Editora Ltda"},"image":{"@id":"https:\/\/jornalboasnoticias.com.br\/home\/#\/schema\/logo\/image\/"},"sameAs":["https:\/\/www.facebook.com\/boasnoticiasjornal"]},{"@type":"Person","@id":"https:\/\/jornalboasnoticias.com.br\/home\/#\/schema\/person\/d641193e0afc6405b390164dac847971","name":"Ana Luiza Bonatto","image":{"@type":"ImageObject","inLanguage":"pt-BR","@id":"https:\/\/secure.gravatar.com\/avatar\/8a055ebe6373371f67ac6fcf313c0ac0b0a91157fdcdb9514fa62927373348f0?s=96&d=mm&r=g","url":"https:\/\/secure.gravatar.com\/avatar\/8a055ebe6373371f67ac6fcf313c0ac0b0a91157fdcdb9514fa62927373348f0?s=96&d=mm&r=g","contentUrl":"https:\/\/secure.gravatar.com\/avatar\/8a055ebe6373371f67ac6fcf313c0ac0b0a91157fdcdb9514fa62927373348f0?s=96&d=mm&r=g","caption":"Ana Luiza Bonatto"},"url":"https:\/\/jornalboasnoticias.com.br\/home\/author\/ana-luiza\/"}]}},"_links":{"self":[{"href":"https:\/\/jornalboasnoticias.com.br\/home\/wp-json\/wp\/v2\/posts\/44472","targetHints":{"allow":["GET"]}}],"collection":[{"href":"https:\/\/jornalboasnoticias.com.br\/home\/wp-json\/wp\/v2\/posts"}],"about":[{"href":"https:\/\/jornalboasnoticias.com.br\/home\/wp-json\/wp\/v2\/types\/post"}],"author":[{"embeddable":true,"href":"https:\/\/jornalboasnoticias.com.br\/home\/wp-json\/wp\/v2\/users\/4"}],"replies":[{"embeddable":true,"href":"https:\/\/jornalboasnoticias.com.br\/home\/wp-json\/wp\/v2\/comments?post=44472"}],"version-history":[{"count":2,"href":"https:\/\/jornalboasnoticias.com.br\/home\/wp-json\/wp\/v2\/posts\/44472\/revisions"}],"predecessor-version":[{"id":44475,"href":"https:\/\/jornalboasnoticias.com.br\/home\/wp-json\/wp\/v2\/posts\/44472\/revisions\/44475"}],"wp:featuredmedia":[{"embeddable":true,"href":"https:\/\/jornalboasnoticias.com.br\/home\/wp-json\/wp\/v2\/media\/44473"}],"wp:attachment":[{"href":"https:\/\/jornalboasnoticias.com.br\/home\/wp-json\/wp\/v2\/media?parent=44472"}],"wp:term":[{"taxonomy":"category","embeddable":true,"href":"https:\/\/jornalboasnoticias.com.br\/home\/wp-json\/wp\/v2\/categories?post=44472"},{"taxonomy":"post_tag","embeddable":true,"href":"https:\/\/jornalboasnoticias.com.br\/home\/wp-json\/wp\/v2\/tags?post=44472"}],"curies":[{"name":"wp","href":"https:\/\/api.w.org\/{rel}","templated":true}]}}