{"id":44469,"date":"2024-10-25T01:26:21","date_gmt":"2024-10-25T01:26:21","guid":{"rendered":"https:\/\/jornalboasnoticias.com.br\/home\/?p=44469"},"modified":"2024-10-25T01:26:21","modified_gmt":"2024-10-25T01:26:21","slug":"sanepar-e-a-2a-marca-mais-reconhecida-no-setor-de-saneamento-no-pais-e-1a-do-sul","status":"publish","type":"post","link":"https:\/\/jornalboasnoticias.com.br\/home\/sanepar-e-a-2a-marca-mais-reconhecida-no-setor-de-saneamento-no-pais-e-1a-do-sul\/","title":{"rendered":"Sanepar \u00e9 a 2\u00aa marca mais reconhecida no setor de saneamento no Pa\u00eds e 1\u00aa do Sul"},"content":{"rendered":"<div class=\"not-escopo-destaque\">\n<div>\n<figure id=\"attachment_44470\" aria-describedby=\"caption-attachment-44470\" style=\"width: 1618px\" class=\"wp-caption alignnone\"><img loading=\"lazy\" decoding=\"async\" class=\"size-full wp-image-44470\" src=\"https:\/\/jornalboasnoticias.com.br\/home\/wp-content\/uploads\/2024\/10\/20240429_-_sede_-11.jpg\" alt=\"\" width=\"1618\" height=\"1079\" srcset=\"https:\/\/jornalboasnoticias.com.br\/home\/wp-content\/uploads\/2024\/10\/20240429_-_sede_-11.jpg 1618w, https:\/\/jornalboasnoticias.com.br\/home\/wp-content\/uploads\/2024\/10\/20240429_-_sede_-11-300x200.jpg 300w, https:\/\/jornalboasnoticias.com.br\/home\/wp-content\/uploads\/2024\/10\/20240429_-_sede_-11-1024x683.jpg 1024w, https:\/\/jornalboasnoticias.com.br\/home\/wp-content\/uploads\/2024\/10\/20240429_-_sede_-11-768x512.jpg 768w, https:\/\/jornalboasnoticias.com.br\/home\/wp-content\/uploads\/2024\/10\/20240429_-_sede_-11-1536x1024.jpg 1536w, https:\/\/jornalboasnoticias.com.br\/home\/wp-content\/uploads\/2024\/10\/20240429_-_sede_-11-900x600.jpg 900w\" sizes=\"auto, (max-width: 1618px) 100vw, 1618px\" \/><figcaption id=\"caption-attachment-44470\" class=\"wp-caption-text\">Foto: Sanepar<\/figcaption><\/figure>\n<\/div>\n<\/div>\n<blockquote>\n<div class=\"not-escopo-destaque\">\n<div class=\"field field--name-field-escopo-destaque field--type-string-long field--label-hidden field--item\">Pesquisa nacional \u00e9 promovida pelo Grupo Estad\u00e3o. Vencedoras estampar\u00e3o a d\u00e9cima edi\u00e7\u00e3o do caderno especial de cobertura do Estad\u00e3o Marcas Mais, que ser\u00e1 publicado em 27 de outubro, distribu\u00eddo a 812 mil leitores no Brasil.<\/div>\n<\/div>\n<\/blockquote>\n<div>\n<p>A Companhia de Saneamento do Paran\u00e1 (Sanepar) recebeu nesta quarta-feira (23) mais um pr\u00eamio de reconhecimento nacional. Desta vez, a Sanepar foi reconhecida como uma das marcas mais lembradas, em n\u00edvel nacional, na categoria Servi\u00e7os de \u00c1gua e Saneamento. E, na Regi\u00e3o Sul, foi a marca mais lembrada. As vencedoras estampar\u00e3o a d\u00e9cima edi\u00e7\u00e3o do caderno especial de cobertura do Estad\u00e3o Marcas Mais, que ser\u00e1 publicado em 27 de outubro, distribu\u00eddo a 812 mil leitores no Brasil.<\/p>\n<p>Para o diretor-presidente da Sanepar, Wilson Bley, \u00e9 importante a Companhia ser reconhecida pela popula\u00e7\u00e3o como refer\u00eancia em servi\u00e7o de saneamento. \u201cEste pr\u00eamio mostra que o brasileiro lembra da Sanepar como uma empresa que presta um servi\u00e7o p\u00fablico de qualidade. \u00c9 um orgulho para todos os empregados ver o esfor\u00e7o para promover o saneamento b\u00e1sico reconhecido pelos consumidores de v\u00e1rias regi\u00f5es do Pa\u00eds\u201d, diz.<\/p>\n<p>Presente em 344\u00a0munic\u00edpios do Paran\u00e1 e um em Santa Catarina, a Sanepar presta o servi\u00e7o de atendimento com \u00e1gua tratada para 100% da popula\u00e7\u00e3o das cidades em que atua e conta com cobertura de coleta de esgoto para 80,75% da popula\u00e7\u00e3o urbana na \u00e1rea de concess\u00e3o, tratando todo o esgoto coletado. At\u00e9 2028, a Companhia investir\u00e1 cerca de R$ 11,2 bilh\u00f5es, buscando antecipar a meta de universaliza\u00e7\u00e3o do saneamento prevista no marco regulat\u00f3rio, que \u00e9 de 90% com coleta de esgoto at\u00e9 2033.<\/p>\n<p>Representando a Sanepar, o diretor de Inova\u00e7\u00e3o e Novos Neg\u00f3cios da Companhia, Anatalicio Risden Junior, recebeu o pr\u00eamio em cerim\u00f4nia realizada em S\u00e3o Paulo. Para ele, o pr\u00eamio \u00e9 a comprova\u00e7\u00e3o de que a Companhia direciona seus esfor\u00e7os para entregar ao cliente um servi\u00e7o de qualidade. \u201cO pr\u00eamio reflete o n\u00edvel de conhecimento da marca, o padr\u00e3o de prefer\u00eancia que as pessoas demonstram e, principalmente, o n\u00edvel de associa\u00e7\u00e3o da marca ao servi\u00e7o prestado pela empresa&#8221;, disse ele. &#8221;<\/p>\n<p>Por isso, a Sanepar foi mais uma vez reconhecida como uma das melhores empresas de saneamento, o que demonstra que todo o trabalho dos colaboradores foi reconhecido por este grupo de pesquisa, em todo Brasil e em especial na Regi\u00e3o Sul\u201d, destaca.<\/p>\n<p><strong>INICIATIVA<\/strong>\u00a0&#8211; A 10.\u00aa edi\u00e7\u00e3o do Estad\u00e3o Marcas Mais premiou vencedores de 34 categorias, que representam uma variedade de produtos e servi\u00e7os para consumo \u2013 como supermercados, lojas de roupas, farm\u00e1cias, autom\u00f3veis, sistemas de ensino, eletr\u00f4nicos, sites de venda online, operadoras de telefonia, servi\u00e7o de energia el\u00e9trica, operadoras de planos de sa\u00fade, e v\u00e1rios outros.<\/p>\n<p>\u201cO levantamento do Estad\u00e3o e da Troiano apresenta um ranking anual brasileiro das tr\u00eas marcas mais envolventes do ponto de vista do consumidor e, em nome do jornal O Estado de S\u00e3o Paulo, tivemos a satisfa\u00e7\u00e3o de anunciar a Companhia Paranaense como uma das primeiras colocadas do pr\u00eamio\u201d, diz o diretor de Conte\u00fado do Estad\u00e3o, Rodrigo Flores.<\/p>\n<p>O levantamento \u00e9 feito em parceria com a Troiano Branding, primeira ag\u00eancia brasileira dedicada ao branding. A lista de homenageados est\u00e1 dispon\u00edvel no site oficial do projeto\u00a0https:\/\/publicacoes.estadao.com.br\/marcasmais\/.<\/p>\n<p><strong>PESQUISA E PREMIA\u00c7\u00c3O<\/strong>\u00a0\u2013 O ranking Estad\u00e3o Marcas Mais \u00e9 resultado de uma auditoria que avalia, com precis\u00e3o, o envolvimento que o consumidor tem com marcas de uma mesma categoria. A pesquisa, composta por 11.500 entrevistas com homens e mulheres das classes A, B e C, nas cinco regi\u00f5es do Brasil, gera um \u00edndice de engajamento que combina o n\u00edvel de conhecimento da marca, o padr\u00e3o de prefer\u00eancia para adquiri-la, um poss\u00edvel grau de rejei\u00e7\u00e3o que ela evoca e seu n\u00edvel de associa\u00e7\u00e3o a atributos-chave da categoria a que ela pertence.<\/p>\n<p>As marcas premiadas s\u00e3o identificadas de forma espont\u00e2nea, a partir das respostas dos entrevistados, valorizando empresas, produtos e servi\u00e7os que os cativam e respeitam seus desejos e valores. \u201cO pr\u00eamio vai al\u00e9m do \u2018top of mind\u2019, que \u00e9 a primeira lembran\u00e7a sobre uma marca. A gente pode ser lembrado por coisas boas ou ruins. A virtude do Estad\u00e3o Marcas Mais \u00e9 mostrar o significado e o potencial de transforma\u00e7\u00e3o dessas marcas na vida das pessoas\u201d, explica a CEO da Troiano Branding, Cecilia Russo Troiano.<\/p>\n<p>Tamb\u00e9m participaram da cerim\u00f4nia de premia\u00e7\u00e3o os especialistas da Sanepar Marisa Capriglioni e Luiz Carlos Braz de Jesus.<\/p>\n<p><em><strong>AEN<\/strong><\/em><\/p>\n<\/div>\n","protected":false},"excerpt":{"rendered":"<p>Pesquisa nacional \u00e9 promovida pelo Grupo Estad\u00e3o. Vencedoras estampar\u00e3o a d\u00e9cima edi\u00e7\u00e3o do caderno especial<\/p>\n","protected":false},"author":4,"featured_media":44470,"comment_status":"open","ping_status":"open","sticky":false,"template":"","format":"standard","meta":{"footnotes":""},"categories":[3,4],"tags":[],"class_list":["post-44469","post","type-post","status-publish","format-standard","has-post-thumbnail","hentry","category-destaques","category-parana"],"yoast_head":"<!-- This site is optimized with the Yoast SEO plugin v27.5 - https:\/\/yoast.com\/product\/yoast-seo-wordpress\/ -->\n<title>Sanepar \u00e9 a 2\u00aa marca mais reconhecida no setor de saneamento no Pa\u00eds e 1\u00aa do Sul - Jornal<\/title>\n<meta name=\"description\" content=\"Sanepar \u00e9 a 2\u00aa marca mais reconhecida no setor de saneamento no Pa\u00eds e 1\u00aa do Sul\" \/>\n<meta name=\"robots\" content=\"index, follow, max-snippet:-1, max-image-preview:large, max-video-preview:-1\" \/>\n<link rel=\"canonical\" href=\"https:\/\/jornalboasnoticias.com.br\/home\/sanepar-e-a-2a-marca-mais-reconhecida-no-setor-de-saneamento-no-pais-e-1a-do-sul\/\" \/>\n<meta property=\"og:locale\" content=\"pt_BR\" \/>\n<meta property=\"og:type\" content=\"article\" \/>\n<meta property=\"og:title\" content=\"Sanepar \u00e9 a 2\u00aa marca mais reconhecida no setor de saneamento no Pa\u00eds e 1\u00aa do Sul - Jornal\" \/>\n<meta property=\"og:description\" content=\"Sanepar \u00e9 a 2\u00aa marca mais reconhecida no setor de saneamento no Pa\u00eds e 1\u00aa do Sul\" \/>\n<meta property=\"og:url\" content=\"https:\/\/jornalboasnoticias.com.br\/home\/sanepar-e-a-2a-marca-mais-reconhecida-no-setor-de-saneamento-no-pais-e-1a-do-sul\/\" \/>\n<meta property=\"og:site_name\" content=\"Jornal\" \/>\n<meta property=\"article:publisher\" content=\"https:\/\/www.facebook.com\/boasnoticiasjornal\" \/>\n<meta property=\"article:published_time\" content=\"2024-10-25T01:26:21+00:00\" \/>\n<meta property=\"og:image\" content=\"https:\/\/jornalboasnoticias.com.br\/home\/wp-content\/uploads\/2024\/10\/20240429_-_sede_-11.jpg\" \/>\n\t<meta property=\"og:image:width\" content=\"1618\" \/>\n\t<meta property=\"og:image:height\" content=\"1079\" \/>\n\t<meta property=\"og:image:type\" content=\"image\/jpeg\" \/>\n<meta name=\"author\" content=\"Ana Luiza Bonatto\" \/>\n<meta name=\"twitter:card\" content=\"summary_large_image\" \/>\n<meta name=\"twitter:label1\" content=\"Escrito por\" \/>\n\t<meta name=\"twitter:data1\" content=\"Ana Luiza Bonatto\" \/>\n\t<meta name=\"twitter:label2\" content=\"Est. tempo de leitura\" \/>\n\t<meta name=\"twitter:data2\" content=\"5 minutos\" \/>\n<script type=\"application\/ld+json\" class=\"yoast-schema-graph\">{\"@context\":\"https:\\\/\\\/schema.org\",\"@graph\":[{\"@type\":\"Article\",\"@id\":\"https:\\\/\\\/jornalboasnoticias.com.br\\\/home\\\/sanepar-e-a-2a-marca-mais-reconhecida-no-setor-de-saneamento-no-pais-e-1a-do-sul\\\/#article\",\"isPartOf\":{\"@id\":\"https:\\\/\\\/jornalboasnoticias.com.br\\\/home\\\/sanepar-e-a-2a-marca-mais-reconhecida-no-setor-de-saneamento-no-pais-e-1a-do-sul\\\/\"},\"author\":{\"name\":\"Ana Luiza Bonatto\",\"@id\":\"https:\\\/\\\/jornalboasnoticias.com.br\\\/home\\\/#\\\/schema\\\/person\\\/d641193e0afc6405b390164dac847971\"},\"headline\":\"Sanepar \u00e9 a 2\u00aa marca mais reconhecida no setor de saneamento no Pa\u00eds e 1\u00aa do Sul\",\"datePublished\":\"2024-10-25T01:26:21+00:00\",\"mainEntityOfPage\":{\"@id\":\"https:\\\/\\\/jornalboasnoticias.com.br\\\/home\\\/sanepar-e-a-2a-marca-mais-reconhecida-no-setor-de-saneamento-no-pais-e-1a-do-sul\\\/\"},\"wordCount\":809,\"commentCount\":0,\"publisher\":{\"@id\":\"https:\\\/\\\/jornalboasnoticias.com.br\\\/home\\\/#organization\"},\"image\":{\"@id\":\"https:\\\/\\\/jornalboasnoticias.com.br\\\/home\\\/sanepar-e-a-2a-marca-mais-reconhecida-no-setor-de-saneamento-no-pais-e-1a-do-sul\\\/#primaryimage\"},\"thumbnailUrl\":\"https:\\\/\\\/jornalboasnoticias.com.br\\\/home\\\/wp-content\\\/uploads\\\/2024\\\/10\\\/20240429_-_sede_-11.jpg\",\"articleSection\":[\"DESTAQUE\",\"PARAN\u00c1\"],\"inLanguage\":\"pt-BR\",\"potentialAction\":[{\"@type\":\"CommentAction\",\"name\":\"Comment\",\"target\":[\"https:\\\/\\\/jornalboasnoticias.com.br\\\/home\\\/sanepar-e-a-2a-marca-mais-reconhecida-no-setor-de-saneamento-no-pais-e-1a-do-sul\\\/#respond\"]}]},{\"@type\":\"WebPage\",\"@id\":\"https:\\\/\\\/jornalboasnoticias.com.br\\\/home\\\/sanepar-e-a-2a-marca-mais-reconhecida-no-setor-de-saneamento-no-pais-e-1a-do-sul\\\/\",\"url\":\"https:\\\/\\\/jornalboasnoticias.com.br\\\/home\\\/sanepar-e-a-2a-marca-mais-reconhecida-no-setor-de-saneamento-no-pais-e-1a-do-sul\\\/\",\"name\":\"Sanepar \u00e9 a 2\u00aa marca mais reconhecida no setor de saneamento no Pa\u00eds e 1\u00aa do Sul - Jornal\",\"isPartOf\":{\"@id\":\"https:\\\/\\\/jornalboasnoticias.com.br\\\/home\\\/#website\"},\"primaryImageOfPage\":{\"@id\":\"https:\\\/\\\/jornalboasnoticias.com.br\\\/home\\\/sanepar-e-a-2a-marca-mais-reconhecida-no-setor-de-saneamento-no-pais-e-1a-do-sul\\\/#primaryimage\"},\"image\":{\"@id\":\"https:\\\/\\\/jornalboasnoticias.com.br\\\/home\\\/sanepar-e-a-2a-marca-mais-reconhecida-no-setor-de-saneamento-no-pais-e-1a-do-sul\\\/#primaryimage\"},\"thumbnailUrl\":\"https:\\\/\\\/jornalboasnoticias.com.br\\\/home\\\/wp-content\\\/uploads\\\/2024\\\/10\\\/20240429_-_sede_-11.jpg\",\"datePublished\":\"2024-10-25T01:26:21+00:00\",\"description\":\"Sanepar \u00e9 a 2\u00aa marca mais reconhecida no setor de saneamento no Pa\u00eds e 1\u00aa do Sul\",\"breadcrumb\":{\"@id\":\"https:\\\/\\\/jornalboasnoticias.com.br\\\/home\\\/sanepar-e-a-2a-marca-mais-reconhecida-no-setor-de-saneamento-no-pais-e-1a-do-sul\\\/#breadcrumb\"},\"inLanguage\":\"pt-BR\",\"potentialAction\":[{\"@type\":\"ReadAction\",\"target\":[\"https:\\\/\\\/jornalboasnoticias.com.br\\\/home\\\/sanepar-e-a-2a-marca-mais-reconhecida-no-setor-de-saneamento-no-pais-e-1a-do-sul\\\/\"]}]},{\"@type\":\"ImageObject\",\"inLanguage\":\"pt-BR\",\"@id\":\"https:\\\/\\\/jornalboasnoticias.com.br\\\/home\\\/sanepar-e-a-2a-marca-mais-reconhecida-no-setor-de-saneamento-no-pais-e-1a-do-sul\\\/#primaryimage\",\"url\":\"https:\\\/\\\/jornalboasnoticias.com.br\\\/home\\\/wp-content\\\/uploads\\\/2024\\\/10\\\/20240429_-_sede_-11.jpg\",\"contentUrl\":\"https:\\\/\\\/jornalboasnoticias.com.br\\\/home\\\/wp-content\\\/uploads\\\/2024\\\/10\\\/20240429_-_sede_-11.jpg\",\"width\":1618,\"height\":1079,\"caption\":\"Foto: Sanepar\"},{\"@type\":\"BreadcrumbList\",\"@id\":\"https:\\\/\\\/jornalboasnoticias.com.br\\\/home\\\/sanepar-e-a-2a-marca-mais-reconhecida-no-setor-de-saneamento-no-pais-e-1a-do-sul\\\/#breadcrumb\",\"itemListElement\":[{\"@type\":\"ListItem\",\"position\":1,\"name\":\"In\u00edcio\",\"item\":\"https:\\\/\\\/jornalboasnoticias.com.br\\\/home\\\/\"},{\"@type\":\"ListItem\",\"position\":2,\"name\":\"Sanepar \u00e9 a 2\u00aa marca mais reconhecida no setor de saneamento no Pa\u00eds e 1\u00aa do Sul\"}]},{\"@type\":\"WebSite\",\"@id\":\"https:\\\/\\\/jornalboasnoticias.com.br\\\/home\\\/#website\",\"url\":\"https:\\\/\\\/jornalboasnoticias.com.br\\\/home\\\/\",\"name\":\"Jornal Boas Not\u00edcias\",\"description\":\"Boas not\u00edcias\",\"publisher\":{\"@id\":\"https:\\\/\\\/jornalboasnoticias.com.br\\\/home\\\/#organization\"},\"potentialAction\":[{\"@type\":\"SearchAction\",\"target\":{\"@type\":\"EntryPoint\",\"urlTemplate\":\"https:\\\/\\\/jornalboasnoticias.com.br\\\/home\\\/?s={search_term_string}\"},\"query-input\":{\"@type\":\"PropertyValueSpecification\",\"valueRequired\":true,\"valueName\":\"search_term_string\"}}],\"inLanguage\":\"pt-BR\"},{\"@type\":\"Organization\",\"@id\":\"https:\\\/\\\/jornalboasnoticias.com.br\\\/home\\\/#organization\",\"name\":\"Coq Editora Ltda\",\"alternateName\":\"Jornal Boas Noticias\",\"url\":\"https:\\\/\\\/jornalboasnoticias.com.br\\\/home\\\/\",\"logo\":{\"@type\":\"ImageObject\",\"inLanguage\":\"pt-BR\",\"@id\":\"https:\\\/\\\/jornalboasnoticias.com.br\\\/home\\\/#\\\/schema\\\/logo\\\/image\\\/\",\"url\":\"https:\\\/\\\/jornalboasnoticias.com.br\\\/home\\\/wp-content\\\/uploads\\\/2024\\\/07\\\/cropped-logo.jpg\",\"contentUrl\":\"https:\\\/\\\/jornalboasnoticias.com.br\\\/home\\\/wp-content\\\/uploads\\\/2024\\\/07\\\/cropped-logo.jpg\",\"width\":290,\"height\":142,\"caption\":\"Coq Editora Ltda\"},\"image\":{\"@id\":\"https:\\\/\\\/jornalboasnoticias.com.br\\\/home\\\/#\\\/schema\\\/logo\\\/image\\\/\"},\"sameAs\":[\"https:\\\/\\\/www.facebook.com\\\/boasnoticiasjornal\"]},{\"@type\":\"Person\",\"@id\":\"https:\\\/\\\/jornalboasnoticias.com.br\\\/home\\\/#\\\/schema\\\/person\\\/d641193e0afc6405b390164dac847971\",\"name\":\"Ana Luiza Bonatto\",\"image\":{\"@type\":\"ImageObject\",\"inLanguage\":\"pt-BR\",\"@id\":\"https:\\\/\\\/secure.gravatar.com\\\/avatar\\\/8a055ebe6373371f67ac6fcf313c0ac0b0a91157fdcdb9514fa62927373348f0?s=96&d=mm&r=g\",\"url\":\"https:\\\/\\\/secure.gravatar.com\\\/avatar\\\/8a055ebe6373371f67ac6fcf313c0ac0b0a91157fdcdb9514fa62927373348f0?s=96&d=mm&r=g\",\"contentUrl\":\"https:\\\/\\\/secure.gravatar.com\\\/avatar\\\/8a055ebe6373371f67ac6fcf313c0ac0b0a91157fdcdb9514fa62927373348f0?s=96&d=mm&r=g\",\"caption\":\"Ana Luiza Bonatto\"},\"url\":\"https:\\\/\\\/jornalboasnoticias.com.br\\\/home\\\/author\\\/ana-luiza\\\/\"}]}<\/script>\n<!-- \/ Yoast SEO plugin. -->","yoast_head_json":{"title":"Sanepar \u00e9 a 2\u00aa marca mais reconhecida no setor de saneamento no Pa\u00eds e 1\u00aa do Sul - Jornal","description":"Sanepar \u00e9 a 2\u00aa marca mais reconhecida no setor de saneamento no Pa\u00eds e 1\u00aa do Sul","robots":{"index":"index","follow":"follow","max-snippet":"max-snippet:-1","max-image-preview":"max-image-preview:large","max-video-preview":"max-video-preview:-1"},"canonical":"https:\/\/jornalboasnoticias.com.br\/home\/sanepar-e-a-2a-marca-mais-reconhecida-no-setor-de-saneamento-no-pais-e-1a-do-sul\/","og_locale":"pt_BR","og_type":"article","og_title":"Sanepar \u00e9 a 2\u00aa marca mais reconhecida no setor de saneamento no Pa\u00eds e 1\u00aa do Sul - Jornal","og_description":"Sanepar \u00e9 a 2\u00aa marca mais reconhecida no setor de saneamento no Pa\u00eds e 1\u00aa do Sul","og_url":"https:\/\/jornalboasnoticias.com.br\/home\/sanepar-e-a-2a-marca-mais-reconhecida-no-setor-de-saneamento-no-pais-e-1a-do-sul\/","og_site_name":"Jornal","article_publisher":"https:\/\/www.facebook.com\/boasnoticiasjornal","article_published_time":"2024-10-25T01:26:21+00:00","og_image":[{"width":1618,"height":1079,"url":"https:\/\/jornalboasnoticias.com.br\/home\/wp-content\/uploads\/2024\/10\/20240429_-_sede_-11.jpg","type":"image\/jpeg"}],"author":"Ana Luiza Bonatto","twitter_card":"summary_large_image","twitter_misc":{"Escrito por":"Ana Luiza Bonatto","Est. tempo de leitura":"5 minutos"},"schema":{"@context":"https:\/\/schema.org","@graph":[{"@type":"Article","@id":"https:\/\/jornalboasnoticias.com.br\/home\/sanepar-e-a-2a-marca-mais-reconhecida-no-setor-de-saneamento-no-pais-e-1a-do-sul\/#article","isPartOf":{"@id":"https:\/\/jornalboasnoticias.com.br\/home\/sanepar-e-a-2a-marca-mais-reconhecida-no-setor-de-saneamento-no-pais-e-1a-do-sul\/"},"author":{"name":"Ana Luiza Bonatto","@id":"https:\/\/jornalboasnoticias.com.br\/home\/#\/schema\/person\/d641193e0afc6405b390164dac847971"},"headline":"Sanepar \u00e9 a 2\u00aa marca mais reconhecida no setor de saneamento no Pa\u00eds e 1\u00aa do Sul","datePublished":"2024-10-25T01:26:21+00:00","mainEntityOfPage":{"@id":"https:\/\/jornalboasnoticias.com.br\/home\/sanepar-e-a-2a-marca-mais-reconhecida-no-setor-de-saneamento-no-pais-e-1a-do-sul\/"},"wordCount":809,"commentCount":0,"publisher":{"@id":"https:\/\/jornalboasnoticias.com.br\/home\/#organization"},"image":{"@id":"https:\/\/jornalboasnoticias.com.br\/home\/sanepar-e-a-2a-marca-mais-reconhecida-no-setor-de-saneamento-no-pais-e-1a-do-sul\/#primaryimage"},"thumbnailUrl":"https:\/\/jornalboasnoticias.com.br\/home\/wp-content\/uploads\/2024\/10\/20240429_-_sede_-11.jpg","articleSection":["DESTAQUE","PARAN\u00c1"],"inLanguage":"pt-BR","potentialAction":[{"@type":"CommentAction","name":"Comment","target":["https:\/\/jornalboasnoticias.com.br\/home\/sanepar-e-a-2a-marca-mais-reconhecida-no-setor-de-saneamento-no-pais-e-1a-do-sul\/#respond"]}]},{"@type":"WebPage","@id":"https:\/\/jornalboasnoticias.com.br\/home\/sanepar-e-a-2a-marca-mais-reconhecida-no-setor-de-saneamento-no-pais-e-1a-do-sul\/","url":"https:\/\/jornalboasnoticias.com.br\/home\/sanepar-e-a-2a-marca-mais-reconhecida-no-setor-de-saneamento-no-pais-e-1a-do-sul\/","name":"Sanepar \u00e9 a 2\u00aa marca mais reconhecida no setor de saneamento no Pa\u00eds e 1\u00aa do Sul - Jornal","isPartOf":{"@id":"https:\/\/jornalboasnoticias.com.br\/home\/#website"},"primaryImageOfPage":{"@id":"https:\/\/jornalboasnoticias.com.br\/home\/sanepar-e-a-2a-marca-mais-reconhecida-no-setor-de-saneamento-no-pais-e-1a-do-sul\/#primaryimage"},"image":{"@id":"https:\/\/jornalboasnoticias.com.br\/home\/sanepar-e-a-2a-marca-mais-reconhecida-no-setor-de-saneamento-no-pais-e-1a-do-sul\/#primaryimage"},"thumbnailUrl":"https:\/\/jornalboasnoticias.com.br\/home\/wp-content\/uploads\/2024\/10\/20240429_-_sede_-11.jpg","datePublished":"2024-10-25T01:26:21+00:00","description":"Sanepar \u00e9 a 2\u00aa marca mais reconhecida no setor de saneamento no Pa\u00eds e 1\u00aa do Sul","breadcrumb":{"@id":"https:\/\/jornalboasnoticias.com.br\/home\/sanepar-e-a-2a-marca-mais-reconhecida-no-setor-de-saneamento-no-pais-e-1a-do-sul\/#breadcrumb"},"inLanguage":"pt-BR","potentialAction":[{"@type":"ReadAction","target":["https:\/\/jornalboasnoticias.com.br\/home\/sanepar-e-a-2a-marca-mais-reconhecida-no-setor-de-saneamento-no-pais-e-1a-do-sul\/"]}]},{"@type":"ImageObject","inLanguage":"pt-BR","@id":"https:\/\/jornalboasnoticias.com.br\/home\/sanepar-e-a-2a-marca-mais-reconhecida-no-setor-de-saneamento-no-pais-e-1a-do-sul\/#primaryimage","url":"https:\/\/jornalboasnoticias.com.br\/home\/wp-content\/uploads\/2024\/10\/20240429_-_sede_-11.jpg","contentUrl":"https:\/\/jornalboasnoticias.com.br\/home\/wp-content\/uploads\/2024\/10\/20240429_-_sede_-11.jpg","width":1618,"height":1079,"caption":"Foto: Sanepar"},{"@type":"BreadcrumbList","@id":"https:\/\/jornalboasnoticias.com.br\/home\/sanepar-e-a-2a-marca-mais-reconhecida-no-setor-de-saneamento-no-pais-e-1a-do-sul\/#breadcrumb","itemListElement":[{"@type":"ListItem","position":1,"name":"In\u00edcio","item":"https:\/\/jornalboasnoticias.com.br\/home\/"},{"@type":"ListItem","position":2,"name":"Sanepar \u00e9 a 2\u00aa marca mais reconhecida no setor de saneamento no Pa\u00eds e 1\u00aa do Sul"}]},{"@type":"WebSite","@id":"https:\/\/jornalboasnoticias.com.br\/home\/#website","url":"https:\/\/jornalboasnoticias.com.br\/home\/","name":"Jornal Boas Not\u00edcias","description":"Boas not\u00edcias","publisher":{"@id":"https:\/\/jornalboasnoticias.com.br\/home\/#organization"},"potentialAction":[{"@type":"SearchAction","target":{"@type":"EntryPoint","urlTemplate":"https:\/\/jornalboasnoticias.com.br\/home\/?s={search_term_string}"},"query-input":{"@type":"PropertyValueSpecification","valueRequired":true,"valueName":"search_term_string"}}],"inLanguage":"pt-BR"},{"@type":"Organization","@id":"https:\/\/jornalboasnoticias.com.br\/home\/#organization","name":"Coq Editora Ltda","alternateName":"Jornal Boas Noticias","url":"https:\/\/jornalboasnoticias.com.br\/home\/","logo":{"@type":"ImageObject","inLanguage":"pt-BR","@id":"https:\/\/jornalboasnoticias.com.br\/home\/#\/schema\/logo\/image\/","url":"https:\/\/jornalboasnoticias.com.br\/home\/wp-content\/uploads\/2024\/07\/cropped-logo.jpg","contentUrl":"https:\/\/jornalboasnoticias.com.br\/home\/wp-content\/uploads\/2024\/07\/cropped-logo.jpg","width":290,"height":142,"caption":"Coq Editora Ltda"},"image":{"@id":"https:\/\/jornalboasnoticias.com.br\/home\/#\/schema\/logo\/image\/"},"sameAs":["https:\/\/www.facebook.com\/boasnoticiasjornal"]},{"@type":"Person","@id":"https:\/\/jornalboasnoticias.com.br\/home\/#\/schema\/person\/d641193e0afc6405b390164dac847971","name":"Ana Luiza Bonatto","image":{"@type":"ImageObject","inLanguage":"pt-BR","@id":"https:\/\/secure.gravatar.com\/avatar\/8a055ebe6373371f67ac6fcf313c0ac0b0a91157fdcdb9514fa62927373348f0?s=96&d=mm&r=g","url":"https:\/\/secure.gravatar.com\/avatar\/8a055ebe6373371f67ac6fcf313c0ac0b0a91157fdcdb9514fa62927373348f0?s=96&d=mm&r=g","contentUrl":"https:\/\/secure.gravatar.com\/avatar\/8a055ebe6373371f67ac6fcf313c0ac0b0a91157fdcdb9514fa62927373348f0?s=96&d=mm&r=g","caption":"Ana Luiza Bonatto"},"url":"https:\/\/jornalboasnoticias.com.br\/home\/author\/ana-luiza\/"}]}},"_links":{"self":[{"href":"https:\/\/jornalboasnoticias.com.br\/home\/wp-json\/wp\/v2\/posts\/44469","targetHints":{"allow":["GET"]}}],"collection":[{"href":"https:\/\/jornalboasnoticias.com.br\/home\/wp-json\/wp\/v2\/posts"}],"about":[{"href":"https:\/\/jornalboasnoticias.com.br\/home\/wp-json\/wp\/v2\/types\/post"}],"author":[{"embeddable":true,"href":"https:\/\/jornalboasnoticias.com.br\/home\/wp-json\/wp\/v2\/users\/4"}],"replies":[{"embeddable":true,"href":"https:\/\/jornalboasnoticias.com.br\/home\/wp-json\/wp\/v2\/comments?post=44469"}],"version-history":[{"count":1,"href":"https:\/\/jornalboasnoticias.com.br\/home\/wp-json\/wp\/v2\/posts\/44469\/revisions"}],"predecessor-version":[{"id":44471,"href":"https:\/\/jornalboasnoticias.com.br\/home\/wp-json\/wp\/v2\/posts\/44469\/revisions\/44471"}],"wp:featuredmedia":[{"embeddable":true,"href":"https:\/\/jornalboasnoticias.com.br\/home\/wp-json\/wp\/v2\/media\/44470"}],"wp:attachment":[{"href":"https:\/\/jornalboasnoticias.com.br\/home\/wp-json\/wp\/v2\/media?parent=44469"}],"wp:term":[{"taxonomy":"category","embeddable":true,"href":"https:\/\/jornalboasnoticias.com.br\/home\/wp-json\/wp\/v2\/categories?post=44469"},{"taxonomy":"post_tag","embeddable":true,"href":"https:\/\/jornalboasnoticias.com.br\/home\/wp-json\/wp\/v2\/tags?post=44469"}],"curies":[{"name":"wp","href":"https:\/\/api.w.org\/{rel}","templated":true}]}}