{"id":44464,"date":"2024-10-24T14:19:20","date_gmt":"2024-10-24T14:19:20","guid":{"rendered":"https:\/\/jornalboasnoticias.com.br\/home\/?p=44464"},"modified":"2024-10-24T14:19:20","modified_gmt":"2024-10-24T14:19:20","slug":"parana-recebera-nova-remessa-com-96-600-doses-de-vacina-contra-a-covid-19","status":"publish","type":"post","link":"https:\/\/jornalboasnoticias.com.br\/home\/parana-recebera-nova-remessa-com-96-600-doses-de-vacina-contra-a-covid-19\/","title":{"rendered":"Paran\u00e1 receber\u00e1 nova remessa com 96.600 doses de vacina contra a Covid-19"},"content":{"rendered":"<div class=\"not-escopo-destaque\">\n<div>\n<figure id=\"attachment_44465\" aria-describedby=\"caption-attachment-44465\" style=\"width: 2560px\" class=\"wp-caption alignnone\"><img loading=\"lazy\" decoding=\"async\" class=\"size-full wp-image-44465\" src=\"https:\/\/jornalboasnoticias.com.br\/home\/wp-content\/uploads\/2024\/10\/img_5487_0_0-scaled.jpg\" alt=\"\" width=\"2560\" height=\"1707\" srcset=\"https:\/\/jornalboasnoticias.com.br\/home\/wp-content\/uploads\/2024\/10\/img_5487_0_0-scaled.jpg 2560w, https:\/\/jornalboasnoticias.com.br\/home\/wp-content\/uploads\/2024\/10\/img_5487_0_0-300x200.jpg 300w, https:\/\/jornalboasnoticias.com.br\/home\/wp-content\/uploads\/2024\/10\/img_5487_0_0-1024x683.jpg 1024w, https:\/\/jornalboasnoticias.com.br\/home\/wp-content\/uploads\/2024\/10\/img_5487_0_0-768x512.jpg 768w, https:\/\/jornalboasnoticias.com.br\/home\/wp-content\/uploads\/2024\/10\/img_5487_0_0-1536x1024.jpg 1536w, https:\/\/jornalboasnoticias.com.br\/home\/wp-content\/uploads\/2024\/10\/img_5487_0_0-2048x1365.jpg 2048w, https:\/\/jornalboasnoticias.com.br\/home\/wp-content\/uploads\/2024\/10\/img_5487_0_0-900x600.jpg 900w\" sizes=\"auto, (max-width: 2560px) 100vw, 2560px\" \/><figcaption id=\"caption-attachment-44465\" class=\"wp-caption-text\">Foto: SESA<\/figcaption><\/figure>\n<\/div>\n<\/div>\n<blockquote>\n<div class=\"not-escopo-destaque\">\n<div class=\"field field--name-field-escopo-destaque field--type-string-long field--label-hidden field--item\">Imunizante \u00e9 destinado para a popula\u00e7\u00e3o acima de seis meses, sendo\u00a0o mais atual em utiliza\u00e7\u00e3o no combate \u00e0 doen\u00e7a, pois protege contra a variante XBB 1.5, que faz parte das variantes atualmente circulantes do SARS-CoV-2.<\/div>\n<\/div>\n<\/blockquote>\n<div>\n<p>A Secretaria de Estado da Sa\u00fade (Sesa) dever\u00e1 receber\u00a0nesta quinta-feira (24) 96.600 doses da vacina monovalente XBB\u00a0contra a Covid-19. A log\u00edstica de distribui\u00e7\u00e3o para os munic\u00edpios est\u00e1 prevista ainda nesta semana.\u00a0O imunizante \u00e9 destinado para a popula\u00e7\u00e3o acima de seis meses, sendo\u00a0o mais atual em utiliza\u00e7\u00e3o no combate \u00e0 doen\u00e7a, pois protege contra a variante XBB 1.5, que faz parte das variantes atualmente circulantes do SARS-CoV-2.<\/p>\n<p>O lote ser\u00e1 da vacina Moderna, a mesma para crian\u00e7as e adultos, variando apenas o volume da dose. Atualmente a vacina\u00e7\u00e3o abrange crian\u00e7as de 6 meses a menores de 5 anos, como parte da vacina\u00e7\u00e3o de rotina, e adultos eleg\u00edveis. A prioridade ser\u00e1 dada a pessoas acima de 60 anos, gestantes, pu\u00e9rperas, imunocomprometidas, ind\u00edgenas, ribeirinhos, quilombolas, trabalhadores da sa\u00fade, pessoas com defici\u00eancia permanente, entre outros grupos priorit\u00e1rios.<\/p>\n<p>As \u00faltimas remessas enviadas ao\u00a0Paran\u00e1 pelo governo federal foram no dia 19 de agosto (5.000 doses destinadas especificamente para crian\u00e7as) e no dia 27 de setembro, com 35 mil doses da vacina monovalente XBB\u00a0contra a Covid-19 para a popula\u00e7\u00e3o com idade acima de 12 anos.<\/p>\n<p><strong>COBERTURA VACINAL<\/strong>\u00a0&#8211; No Paran\u00e1, atualmente, a cobertura vacinal monovalente para quatro doses \u00e9 de 20,47%; para as tr\u00eas doses, de 57,39%, e de 87,71% para as duas doses. No total foram aplicadas 29.924.295 doses da vacina contra a Covid-19. Em n\u00fameros absolutos, o Estado est\u00e1 em quinto lugar no Pa\u00eds. \u00c0 frente est\u00e3o os estados de S\u00e3o Paulo (131.390.515), Minas Gerais (53.280.595), Rio de Janeiro (42.350.005) e Bahia (36.148.314).<\/p>\n<p>De acordo com sistema Notifica Covid-19, do in\u00edcio do ano at\u00e9 agora foram confirmados 45.706 casos e 219 \u00f3bitos no Paran\u00e1.<\/p>\n<\/div>\n","protected":false},"excerpt":{"rendered":"<p>Imunizante \u00e9 destinado para a popula\u00e7\u00e3o acima de seis meses, sendo\u00a0o mais atual em utiliza\u00e7\u00e3o<\/p>\n","protected":false},"author":4,"featured_media":44465,"comment_status":"open","ping_status":"open","sticky":false,"template":"","format":"standard","meta":{"footnotes":""},"categories":[3,4],"tags":[],"class_list":["post-44464","post","type-post","status-publish","format-standard","has-post-thumbnail","hentry","category-destaques","category-parana"],"yoast_head":"<!-- This site is optimized with the Yoast SEO plugin v27.5 - https:\/\/yoast.com\/product\/yoast-seo-wordpress\/ -->\n<title>Paran\u00e1 receber\u00e1 nova remessa com 96.600 doses de vacina contra a Covid-19 - Jornal<\/title>\n<meta name=\"description\" content=\"Paran\u00e1 receber\u00e1 nova remessa com 96.600 doses de vacina contra a Covid-19\" \/>\n<meta name=\"robots\" content=\"index, follow, max-snippet:-1, max-image-preview:large, max-video-preview:-1\" \/>\n<link rel=\"canonical\" href=\"https:\/\/jornalboasnoticias.com.br\/home\/parana-recebera-nova-remessa-com-96-600-doses-de-vacina-contra-a-covid-19\/\" \/>\n<meta property=\"og:locale\" content=\"pt_BR\" \/>\n<meta property=\"og:type\" content=\"article\" \/>\n<meta property=\"og:title\" content=\"Paran\u00e1 receber\u00e1 nova remessa com 96.600 doses de vacina contra a Covid-19 - Jornal\" \/>\n<meta property=\"og:description\" content=\"Paran\u00e1 receber\u00e1 nova remessa com 96.600 doses de vacina contra a Covid-19\" \/>\n<meta property=\"og:url\" content=\"https:\/\/jornalboasnoticias.com.br\/home\/parana-recebera-nova-remessa-com-96-600-doses-de-vacina-contra-a-covid-19\/\" \/>\n<meta property=\"og:site_name\" content=\"Jornal\" \/>\n<meta property=\"article:publisher\" content=\"https:\/\/www.facebook.com\/boasnoticiasjornal\" \/>\n<meta property=\"article:published_time\" content=\"2024-10-24T14:19:20+00:00\" \/>\n<meta property=\"og:image\" content=\"https:\/\/jornalboasnoticias.com.br\/home\/wp-content\/uploads\/2024\/10\/img_5487_0_0-scaled.jpg\" \/>\n\t<meta property=\"og:image:width\" content=\"2560\" \/>\n\t<meta property=\"og:image:height\" content=\"1707\" \/>\n\t<meta property=\"og:image:type\" content=\"image\/jpeg\" \/>\n<meta name=\"author\" content=\"Ana Luiza Bonatto\" \/>\n<meta name=\"twitter:card\" content=\"summary_large_image\" \/>\n<meta name=\"twitter:label1\" content=\"Escrito por\" \/>\n\t<meta name=\"twitter:data1\" content=\"Ana Luiza Bonatto\" \/>\n\t<meta name=\"twitter:label2\" content=\"Est. tempo de leitura\" \/>\n\t<meta name=\"twitter:data2\" content=\"2 minutos\" \/>\n<script type=\"application\/ld+json\" class=\"yoast-schema-graph\">{\"@context\":\"https:\\\/\\\/schema.org\",\"@graph\":[{\"@type\":\"Article\",\"@id\":\"https:\\\/\\\/jornalboasnoticias.com.br\\\/home\\\/parana-recebera-nova-remessa-com-96-600-doses-de-vacina-contra-a-covid-19\\\/#article\",\"isPartOf\":{\"@id\":\"https:\\\/\\\/jornalboasnoticias.com.br\\\/home\\\/parana-recebera-nova-remessa-com-96-600-doses-de-vacina-contra-a-covid-19\\\/\"},\"author\":{\"name\":\"Ana Luiza Bonatto\",\"@id\":\"https:\\\/\\\/jornalboasnoticias.com.br\\\/home\\\/#\\\/schema\\\/person\\\/d641193e0afc6405b390164dac847971\"},\"headline\":\"Paran\u00e1 receber\u00e1 nova remessa com 96.600 doses de vacina contra a Covid-19\",\"datePublished\":\"2024-10-24T14:19:20+00:00\",\"mainEntityOfPage\":{\"@id\":\"https:\\\/\\\/jornalboasnoticias.com.br\\\/home\\\/parana-recebera-nova-remessa-com-96-600-doses-de-vacina-contra-a-covid-19\\\/\"},\"wordCount\":331,\"commentCount\":0,\"publisher\":{\"@id\":\"https:\\\/\\\/jornalboasnoticias.com.br\\\/home\\\/#organization\"},\"image\":{\"@id\":\"https:\\\/\\\/jornalboasnoticias.com.br\\\/home\\\/parana-recebera-nova-remessa-com-96-600-doses-de-vacina-contra-a-covid-19\\\/#primaryimage\"},\"thumbnailUrl\":\"https:\\\/\\\/jornalboasnoticias.com.br\\\/home\\\/wp-content\\\/uploads\\\/2024\\\/10\\\/img_5487_0_0-scaled.jpg\",\"articleSection\":[\"DESTAQUE\",\"PARAN\u00c1\"],\"inLanguage\":\"pt-BR\",\"potentialAction\":[{\"@type\":\"CommentAction\",\"name\":\"Comment\",\"target\":[\"https:\\\/\\\/jornalboasnoticias.com.br\\\/home\\\/parana-recebera-nova-remessa-com-96-600-doses-de-vacina-contra-a-covid-19\\\/#respond\"]}]},{\"@type\":\"WebPage\",\"@id\":\"https:\\\/\\\/jornalboasnoticias.com.br\\\/home\\\/parana-recebera-nova-remessa-com-96-600-doses-de-vacina-contra-a-covid-19\\\/\",\"url\":\"https:\\\/\\\/jornalboasnoticias.com.br\\\/home\\\/parana-recebera-nova-remessa-com-96-600-doses-de-vacina-contra-a-covid-19\\\/\",\"name\":\"Paran\u00e1 receber\u00e1 nova remessa com 96.600 doses de vacina contra a Covid-19 - Jornal\",\"isPartOf\":{\"@id\":\"https:\\\/\\\/jornalboasnoticias.com.br\\\/home\\\/#website\"},\"primaryImageOfPage\":{\"@id\":\"https:\\\/\\\/jornalboasnoticias.com.br\\\/home\\\/parana-recebera-nova-remessa-com-96-600-doses-de-vacina-contra-a-covid-19\\\/#primaryimage\"},\"image\":{\"@id\":\"https:\\\/\\\/jornalboasnoticias.com.br\\\/home\\\/parana-recebera-nova-remessa-com-96-600-doses-de-vacina-contra-a-covid-19\\\/#primaryimage\"},\"thumbnailUrl\":\"https:\\\/\\\/jornalboasnoticias.com.br\\\/home\\\/wp-content\\\/uploads\\\/2024\\\/10\\\/img_5487_0_0-scaled.jpg\",\"datePublished\":\"2024-10-24T14:19:20+00:00\",\"description\":\"Paran\u00e1 receber\u00e1 nova remessa com 96.600 doses de vacina contra a Covid-19\",\"breadcrumb\":{\"@id\":\"https:\\\/\\\/jornalboasnoticias.com.br\\\/home\\\/parana-recebera-nova-remessa-com-96-600-doses-de-vacina-contra-a-covid-19\\\/#breadcrumb\"},\"inLanguage\":\"pt-BR\",\"potentialAction\":[{\"@type\":\"ReadAction\",\"target\":[\"https:\\\/\\\/jornalboasnoticias.com.br\\\/home\\\/parana-recebera-nova-remessa-com-96-600-doses-de-vacina-contra-a-covid-19\\\/\"]}]},{\"@type\":\"ImageObject\",\"inLanguage\":\"pt-BR\",\"@id\":\"https:\\\/\\\/jornalboasnoticias.com.br\\\/home\\\/parana-recebera-nova-remessa-com-96-600-doses-de-vacina-contra-a-covid-19\\\/#primaryimage\",\"url\":\"https:\\\/\\\/jornalboasnoticias.com.br\\\/home\\\/wp-content\\\/uploads\\\/2024\\\/10\\\/img_5487_0_0-scaled.jpg\",\"contentUrl\":\"https:\\\/\\\/jornalboasnoticias.com.br\\\/home\\\/wp-content\\\/uploads\\\/2024\\\/10\\\/img_5487_0_0-scaled.jpg\",\"width\":2560,\"height\":1707,\"caption\":\"Foto: SESA\"},{\"@type\":\"BreadcrumbList\",\"@id\":\"https:\\\/\\\/jornalboasnoticias.com.br\\\/home\\\/parana-recebera-nova-remessa-com-96-600-doses-de-vacina-contra-a-covid-19\\\/#breadcrumb\",\"itemListElement\":[{\"@type\":\"ListItem\",\"position\":1,\"name\":\"In\u00edcio\",\"item\":\"https:\\\/\\\/jornalboasnoticias.com.br\\\/home\\\/\"},{\"@type\":\"ListItem\",\"position\":2,\"name\":\"Paran\u00e1 receber\u00e1 nova remessa com 96.600 doses de vacina contra a Covid-19\"}]},{\"@type\":\"WebSite\",\"@id\":\"https:\\\/\\\/jornalboasnoticias.com.br\\\/home\\\/#website\",\"url\":\"https:\\\/\\\/jornalboasnoticias.com.br\\\/home\\\/\",\"name\":\"Jornal Boas Not\u00edcias\",\"description\":\"Boas not\u00edcias\",\"publisher\":{\"@id\":\"https:\\\/\\\/jornalboasnoticias.com.br\\\/home\\\/#organization\"},\"potentialAction\":[{\"@type\":\"SearchAction\",\"target\":{\"@type\":\"EntryPoint\",\"urlTemplate\":\"https:\\\/\\\/jornalboasnoticias.com.br\\\/home\\\/?s={search_term_string}\"},\"query-input\":{\"@type\":\"PropertyValueSpecification\",\"valueRequired\":true,\"valueName\":\"search_term_string\"}}],\"inLanguage\":\"pt-BR\"},{\"@type\":\"Organization\",\"@id\":\"https:\\\/\\\/jornalboasnoticias.com.br\\\/home\\\/#organization\",\"name\":\"Coq Editora Ltda\",\"alternateName\":\"Jornal Boas Noticias\",\"url\":\"https:\\\/\\\/jornalboasnoticias.com.br\\\/home\\\/\",\"logo\":{\"@type\":\"ImageObject\",\"inLanguage\":\"pt-BR\",\"@id\":\"https:\\\/\\\/jornalboasnoticias.com.br\\\/home\\\/#\\\/schema\\\/logo\\\/image\\\/\",\"url\":\"https:\\\/\\\/jornalboasnoticias.com.br\\\/home\\\/wp-content\\\/uploads\\\/2024\\\/07\\\/cropped-logo.jpg\",\"contentUrl\":\"https:\\\/\\\/jornalboasnoticias.com.br\\\/home\\\/wp-content\\\/uploads\\\/2024\\\/07\\\/cropped-logo.jpg\",\"width\":290,\"height\":142,\"caption\":\"Coq Editora Ltda\"},\"image\":{\"@id\":\"https:\\\/\\\/jornalboasnoticias.com.br\\\/home\\\/#\\\/schema\\\/logo\\\/image\\\/\"},\"sameAs\":[\"https:\\\/\\\/www.facebook.com\\\/boasnoticiasjornal\"]},{\"@type\":\"Person\",\"@id\":\"https:\\\/\\\/jornalboasnoticias.com.br\\\/home\\\/#\\\/schema\\\/person\\\/d641193e0afc6405b390164dac847971\",\"name\":\"Ana Luiza Bonatto\",\"image\":{\"@type\":\"ImageObject\",\"inLanguage\":\"pt-BR\",\"@id\":\"https:\\\/\\\/secure.gravatar.com\\\/avatar\\\/8a055ebe6373371f67ac6fcf313c0ac0b0a91157fdcdb9514fa62927373348f0?s=96&d=mm&r=g\",\"url\":\"https:\\\/\\\/secure.gravatar.com\\\/avatar\\\/8a055ebe6373371f67ac6fcf313c0ac0b0a91157fdcdb9514fa62927373348f0?s=96&d=mm&r=g\",\"contentUrl\":\"https:\\\/\\\/secure.gravatar.com\\\/avatar\\\/8a055ebe6373371f67ac6fcf313c0ac0b0a91157fdcdb9514fa62927373348f0?s=96&d=mm&r=g\",\"caption\":\"Ana Luiza Bonatto\"},\"url\":\"https:\\\/\\\/jornalboasnoticias.com.br\\\/home\\\/author\\\/ana-luiza\\\/\"}]}<\/script>\n<!-- \/ Yoast SEO plugin. -->","yoast_head_json":{"title":"Paran\u00e1 receber\u00e1 nova remessa com 96.600 doses de vacina contra a Covid-19 - Jornal","description":"Paran\u00e1 receber\u00e1 nova remessa com 96.600 doses de vacina contra a Covid-19","robots":{"index":"index","follow":"follow","max-snippet":"max-snippet:-1","max-image-preview":"max-image-preview:large","max-video-preview":"max-video-preview:-1"},"canonical":"https:\/\/jornalboasnoticias.com.br\/home\/parana-recebera-nova-remessa-com-96-600-doses-de-vacina-contra-a-covid-19\/","og_locale":"pt_BR","og_type":"article","og_title":"Paran\u00e1 receber\u00e1 nova remessa com 96.600 doses de vacina contra a Covid-19 - Jornal","og_description":"Paran\u00e1 receber\u00e1 nova remessa com 96.600 doses de vacina contra a Covid-19","og_url":"https:\/\/jornalboasnoticias.com.br\/home\/parana-recebera-nova-remessa-com-96-600-doses-de-vacina-contra-a-covid-19\/","og_site_name":"Jornal","article_publisher":"https:\/\/www.facebook.com\/boasnoticiasjornal","article_published_time":"2024-10-24T14:19:20+00:00","og_image":[{"width":2560,"height":1707,"url":"https:\/\/jornalboasnoticias.com.br\/home\/wp-content\/uploads\/2024\/10\/img_5487_0_0-scaled.jpg","type":"image\/jpeg"}],"author":"Ana Luiza Bonatto","twitter_card":"summary_large_image","twitter_misc":{"Escrito por":"Ana Luiza Bonatto","Est. tempo de leitura":"2 minutos"},"schema":{"@context":"https:\/\/schema.org","@graph":[{"@type":"Article","@id":"https:\/\/jornalboasnoticias.com.br\/home\/parana-recebera-nova-remessa-com-96-600-doses-de-vacina-contra-a-covid-19\/#article","isPartOf":{"@id":"https:\/\/jornalboasnoticias.com.br\/home\/parana-recebera-nova-remessa-com-96-600-doses-de-vacina-contra-a-covid-19\/"},"author":{"name":"Ana Luiza Bonatto","@id":"https:\/\/jornalboasnoticias.com.br\/home\/#\/schema\/person\/d641193e0afc6405b390164dac847971"},"headline":"Paran\u00e1 receber\u00e1 nova remessa com 96.600 doses de vacina contra a Covid-19","datePublished":"2024-10-24T14:19:20+00:00","mainEntityOfPage":{"@id":"https:\/\/jornalboasnoticias.com.br\/home\/parana-recebera-nova-remessa-com-96-600-doses-de-vacina-contra-a-covid-19\/"},"wordCount":331,"commentCount":0,"publisher":{"@id":"https:\/\/jornalboasnoticias.com.br\/home\/#organization"},"image":{"@id":"https:\/\/jornalboasnoticias.com.br\/home\/parana-recebera-nova-remessa-com-96-600-doses-de-vacina-contra-a-covid-19\/#primaryimage"},"thumbnailUrl":"https:\/\/jornalboasnoticias.com.br\/home\/wp-content\/uploads\/2024\/10\/img_5487_0_0-scaled.jpg","articleSection":["DESTAQUE","PARAN\u00c1"],"inLanguage":"pt-BR","potentialAction":[{"@type":"CommentAction","name":"Comment","target":["https:\/\/jornalboasnoticias.com.br\/home\/parana-recebera-nova-remessa-com-96-600-doses-de-vacina-contra-a-covid-19\/#respond"]}]},{"@type":"WebPage","@id":"https:\/\/jornalboasnoticias.com.br\/home\/parana-recebera-nova-remessa-com-96-600-doses-de-vacina-contra-a-covid-19\/","url":"https:\/\/jornalboasnoticias.com.br\/home\/parana-recebera-nova-remessa-com-96-600-doses-de-vacina-contra-a-covid-19\/","name":"Paran\u00e1 receber\u00e1 nova remessa com 96.600 doses de vacina contra a Covid-19 - Jornal","isPartOf":{"@id":"https:\/\/jornalboasnoticias.com.br\/home\/#website"},"primaryImageOfPage":{"@id":"https:\/\/jornalboasnoticias.com.br\/home\/parana-recebera-nova-remessa-com-96-600-doses-de-vacina-contra-a-covid-19\/#primaryimage"},"image":{"@id":"https:\/\/jornalboasnoticias.com.br\/home\/parana-recebera-nova-remessa-com-96-600-doses-de-vacina-contra-a-covid-19\/#primaryimage"},"thumbnailUrl":"https:\/\/jornalboasnoticias.com.br\/home\/wp-content\/uploads\/2024\/10\/img_5487_0_0-scaled.jpg","datePublished":"2024-10-24T14:19:20+00:00","description":"Paran\u00e1 receber\u00e1 nova remessa com 96.600 doses de vacina contra a Covid-19","breadcrumb":{"@id":"https:\/\/jornalboasnoticias.com.br\/home\/parana-recebera-nova-remessa-com-96-600-doses-de-vacina-contra-a-covid-19\/#breadcrumb"},"inLanguage":"pt-BR","potentialAction":[{"@type":"ReadAction","target":["https:\/\/jornalboasnoticias.com.br\/home\/parana-recebera-nova-remessa-com-96-600-doses-de-vacina-contra-a-covid-19\/"]}]},{"@type":"ImageObject","inLanguage":"pt-BR","@id":"https:\/\/jornalboasnoticias.com.br\/home\/parana-recebera-nova-remessa-com-96-600-doses-de-vacina-contra-a-covid-19\/#primaryimage","url":"https:\/\/jornalboasnoticias.com.br\/home\/wp-content\/uploads\/2024\/10\/img_5487_0_0-scaled.jpg","contentUrl":"https:\/\/jornalboasnoticias.com.br\/home\/wp-content\/uploads\/2024\/10\/img_5487_0_0-scaled.jpg","width":2560,"height":1707,"caption":"Foto: SESA"},{"@type":"BreadcrumbList","@id":"https:\/\/jornalboasnoticias.com.br\/home\/parana-recebera-nova-remessa-com-96-600-doses-de-vacina-contra-a-covid-19\/#breadcrumb","itemListElement":[{"@type":"ListItem","position":1,"name":"In\u00edcio","item":"https:\/\/jornalboasnoticias.com.br\/home\/"},{"@type":"ListItem","position":2,"name":"Paran\u00e1 receber\u00e1 nova remessa com 96.600 doses de vacina contra a Covid-19"}]},{"@type":"WebSite","@id":"https:\/\/jornalboasnoticias.com.br\/home\/#website","url":"https:\/\/jornalboasnoticias.com.br\/home\/","name":"Jornal Boas Not\u00edcias","description":"Boas not\u00edcias","publisher":{"@id":"https:\/\/jornalboasnoticias.com.br\/home\/#organization"},"potentialAction":[{"@type":"SearchAction","target":{"@type":"EntryPoint","urlTemplate":"https:\/\/jornalboasnoticias.com.br\/home\/?s={search_term_string}"},"query-input":{"@type":"PropertyValueSpecification","valueRequired":true,"valueName":"search_term_string"}}],"inLanguage":"pt-BR"},{"@type":"Organization","@id":"https:\/\/jornalboasnoticias.com.br\/home\/#organization","name":"Coq Editora Ltda","alternateName":"Jornal Boas Noticias","url":"https:\/\/jornalboasnoticias.com.br\/home\/","logo":{"@type":"ImageObject","inLanguage":"pt-BR","@id":"https:\/\/jornalboasnoticias.com.br\/home\/#\/schema\/logo\/image\/","url":"https:\/\/jornalboasnoticias.com.br\/home\/wp-content\/uploads\/2024\/07\/cropped-logo.jpg","contentUrl":"https:\/\/jornalboasnoticias.com.br\/home\/wp-content\/uploads\/2024\/07\/cropped-logo.jpg","width":290,"height":142,"caption":"Coq Editora Ltda"},"image":{"@id":"https:\/\/jornalboasnoticias.com.br\/home\/#\/schema\/logo\/image\/"},"sameAs":["https:\/\/www.facebook.com\/boasnoticiasjornal"]},{"@type":"Person","@id":"https:\/\/jornalboasnoticias.com.br\/home\/#\/schema\/person\/d641193e0afc6405b390164dac847971","name":"Ana Luiza Bonatto","image":{"@type":"ImageObject","inLanguage":"pt-BR","@id":"https:\/\/secure.gravatar.com\/avatar\/8a055ebe6373371f67ac6fcf313c0ac0b0a91157fdcdb9514fa62927373348f0?s=96&d=mm&r=g","url":"https:\/\/secure.gravatar.com\/avatar\/8a055ebe6373371f67ac6fcf313c0ac0b0a91157fdcdb9514fa62927373348f0?s=96&d=mm&r=g","contentUrl":"https:\/\/secure.gravatar.com\/avatar\/8a055ebe6373371f67ac6fcf313c0ac0b0a91157fdcdb9514fa62927373348f0?s=96&d=mm&r=g","caption":"Ana Luiza Bonatto"},"url":"https:\/\/jornalboasnoticias.com.br\/home\/author\/ana-luiza\/"}]}},"_links":{"self":[{"href":"https:\/\/jornalboasnoticias.com.br\/home\/wp-json\/wp\/v2\/posts\/44464","targetHints":{"allow":["GET"]}}],"collection":[{"href":"https:\/\/jornalboasnoticias.com.br\/home\/wp-json\/wp\/v2\/posts"}],"about":[{"href":"https:\/\/jornalboasnoticias.com.br\/home\/wp-json\/wp\/v2\/types\/post"}],"author":[{"embeddable":true,"href":"https:\/\/jornalboasnoticias.com.br\/home\/wp-json\/wp\/v2\/users\/4"}],"replies":[{"embeddable":true,"href":"https:\/\/jornalboasnoticias.com.br\/home\/wp-json\/wp\/v2\/comments?post=44464"}],"version-history":[{"count":1,"href":"https:\/\/jornalboasnoticias.com.br\/home\/wp-json\/wp\/v2\/posts\/44464\/revisions"}],"predecessor-version":[{"id":44466,"href":"https:\/\/jornalboasnoticias.com.br\/home\/wp-json\/wp\/v2\/posts\/44464\/revisions\/44466"}],"wp:featuredmedia":[{"embeddable":true,"href":"https:\/\/jornalboasnoticias.com.br\/home\/wp-json\/wp\/v2\/media\/44465"}],"wp:attachment":[{"href":"https:\/\/jornalboasnoticias.com.br\/home\/wp-json\/wp\/v2\/media?parent=44464"}],"wp:term":[{"taxonomy":"category","embeddable":true,"href":"https:\/\/jornalboasnoticias.com.br\/home\/wp-json\/wp\/v2\/categories?post=44464"},{"taxonomy":"post_tag","embeddable":true,"href":"https:\/\/jornalboasnoticias.com.br\/home\/wp-json\/wp\/v2\/tags?post=44464"}],"curies":[{"name":"wp","href":"https:\/\/api.w.org\/{rel}","templated":true}]}}