{"id":44461,"date":"2024-10-24T14:18:05","date_gmt":"2024-10-24T14:18:05","guid":{"rendered":"https:\/\/jornalboasnoticias.com.br\/home\/?p=44461"},"modified":"2024-10-24T14:18:05","modified_gmt":"2024-10-24T14:18:05","slug":"semana-da-inovacao-movimenta-mais-de-20-mil-pessoas-com-acoes-em-todo-estado","status":"publish","type":"post","link":"https:\/\/jornalboasnoticias.com.br\/home\/semana-da-inovacao-movimenta-mais-de-20-mil-pessoas-com-acoes-em-todo-estado\/","title":{"rendered":"Semana da Inova\u00e7\u00e3o movimenta mais de 20 mil pessoas com a\u00e7\u00f5es em todo Estado"},"content":{"rendered":"<div class=\"not-escopo-destaque\">\n<div>\n<figure id=\"attachment_44462\" aria-describedby=\"caption-attachment-44462\" style=\"width: 1600px\" class=\"wp-caption alignnone\"><img loading=\"lazy\" decoding=\"async\" class=\"wp-image-44462 size-full\" src=\"https:\/\/jornalboasnoticias.com.br\/home\/wp-content\/uploads\/2024\/10\/whatsapp_image_2024-10-23_at_16.00.12.jpg\" alt=\"\" width=\"1600\" height=\"1066\" srcset=\"https:\/\/jornalboasnoticias.com.br\/home\/wp-content\/uploads\/2024\/10\/whatsapp_image_2024-10-23_at_16.00.12.jpg 1600w, https:\/\/jornalboasnoticias.com.br\/home\/wp-content\/uploads\/2024\/10\/whatsapp_image_2024-10-23_at_16.00.12-300x200.jpg 300w, https:\/\/jornalboasnoticias.com.br\/home\/wp-content\/uploads\/2024\/10\/whatsapp_image_2024-10-23_at_16.00.12-1024x682.jpg 1024w, https:\/\/jornalboasnoticias.com.br\/home\/wp-content\/uploads\/2024\/10\/whatsapp_image_2024-10-23_at_16.00.12-768x512.jpg 768w, https:\/\/jornalboasnoticias.com.br\/home\/wp-content\/uploads\/2024\/10\/whatsapp_image_2024-10-23_at_16.00.12-1536x1023.jpg 1536w, https:\/\/jornalboasnoticias.com.br\/home\/wp-content\/uploads\/2024\/10\/whatsapp_image_2024-10-23_at_16.00.12-900x600.jpg 900w\" sizes=\"auto, (max-width: 1600px) 100vw, 1600px\" \/><figcaption id=\"caption-attachment-44462\" class=\"wp-caption-text\">Foto: SEI-PR<\/figcaption><\/figure>\n<\/div>\n<\/div>\n<blockquote>\n<div class=\"not-escopo-destaque\">\n<div class=\"field field--name-field-escopo-destaque field--type-string-long field--label-hidden field--item\">A Semana \u00e9 uma iniciativa anual promovida pelo Governo do Estado por meio da Secretaria da Inova\u00e7\u00e3o, Moderniza\u00e7\u00e3o e Transforma\u00e7\u00e3o Digital (SEI). Neste ano, envolveu outras secret\u00e1rias estaduais, o Separtec, Sebrae, universidades, prefeituras, ambientes promotores de inova\u00e7\u00e3o do Estado, al\u00e9m do Icities, Instituto Synapse, Hotmilk, Vellore Ventures e MWP.<\/div>\n<\/div>\n<\/blockquote>\n<div>\n<p>A Semana da Inova\u00e7\u00e3o movimentou cerca de 20 mil pessoas com mais de 50 a\u00e7\u00f5es em todo Paran\u00e1, entre os dias 16 e 22 de outubro. A Semana \u00e9 uma iniciativa anual promovida pelo Governo do Estado por meio da Secretaria da Inova\u00e7\u00e3o, Moderniza\u00e7\u00e3o e Transforma\u00e7\u00e3o Digital (SEI).<\/p>\n<p>Neste ano a a\u00e7\u00e3o foi desenvolvida em conjunto com as secretarias da Ci\u00eancia, Tecnologia e Ensino Superior; Turismo; Cultura; Planejamento; e da Educa\u00e7\u00e3o, com o Sistema Estadual de Ambientes Promotores de Inova\u00e7\u00e3o do Paran\u00e1 (Separtec), Sebrae, universidades, prefeituras, ambientes promotores de inova\u00e7\u00e3o do Estado, al\u00e9m do Icities, Instituto Synapse, Hotmilk, Vellore Ventures e MWP.<\/p>\n<p>O secret\u00e1rio da Inova\u00e7\u00e3o, Alex Canziani, fez um balan\u00e7o sobre a Semana e destacou o engajamento em todas as regi\u00f5es. \u201cNossa ideia era fazer justamente uma Semana da Inova\u00e7\u00e3o que acontecesse em diversas cidades, e n\u00e3o apenas na Capital. Tivemos eventos em todas as regi\u00f5es. \u00c9 uma resposta importante porque mostra que os munic\u00edpios est\u00e3o entendendo que inova\u00e7\u00e3o \u00e9 um meio de desenvolvimento\u201d, afirma.<\/p>\n<p>Entre as atra\u00e7\u00f5es da Semana, o Estado lan\u00e7ou a Rota da Inova\u00e7\u00e3o. A a\u00e7\u00e3o ocorreu em 22 munic\u00edpios, com objetivo de engajar a comunidade local em atividades que provocam a inova\u00e7\u00e3o e o desenvolvimento sustent\u00e1vel por meio de visitas guiadas em ambientes inovadores, palestras e workshops com especialistas, al\u00e9m da oportunidade de networking com empreendedores.<\/p>\n<p>Al\u00e9m da visita\u00e7\u00e3o aberta ao p\u00fablico, mais de\u00a0<strong><a href=\"https:\/\/www.aen.pr.gov.br\/Noticia\/Rota-da-Inovacao-leva-mais-de-400-alunos-da-rede-estadual-para-conhecer-ambientes\" target=\"_blank\" rel=\"noopener\">400 alunos da rede estadual<\/a><\/strong>\u00a0fizeram uma imers\u00e3o pr\u00e1tica em hubs e parques tecnol\u00f3gicos. Na avalia\u00e7\u00e3o do secret\u00e1rio, \u00e9 fundamental conectar os jovens com o universo da ci\u00eancia, tecnologia e empreendedorismo. \u201cO Paran\u00e1 \u00e9 um formador de talentos. E n\u00f3s estamos trabalhando cada vez mais para que esse jovem cres\u00e7a e permane\u00e7a no Estado\u201d, explica Canziani.<\/p>\n<p>Em Curitiba, servidores p\u00fablicos\u00a0<strong><a href=\"https:\/\/www.aen.pr.gov.br\/Noticia\/Estado-apresenta-potenciais-da-Inteligencia-Artificial-em-evento-para-servidores-publicos\" target=\"_blank\" rel=\"noopener\">lotaram o Teatro Gua\u00edra<\/a><\/strong>\u00a0para acompanhar a palestra da especialista em inova\u00e7\u00e3o e intelig\u00eancia artificial Martha Gabriel. Durante o evento, o governador Carlos Massa Ratinho Junior ainda apresentou os potenciais do Estado com rela\u00e7\u00e3o \u00e0 IA na gest\u00e3o p\u00fablica.<\/p>\n<p><strong>AN\u00daNCIOS<\/strong>\u00a0&#8211; Ibipor\u00e3 foi o\u00a0<strong><a href=\"https:\/\/www.aen.pr.gov.br\/Noticia\/Pacto-pela-Inovacao-Ibipora-e-o-primeiro-municipio-aderir-ao-novo-projeto-do-Estado\" target=\"_blank\" rel=\"noopener\">primeiro munic\u00edpio<\/a><\/strong>\u00a0a aderir ao novo projeto do governo estadual, o Pacto pela Inova\u00e7\u00e3o. O pacto visa envolver os 399 munic\u00edpios paranaenses em a\u00e7\u00f5es de incentivo \u00e0 inova\u00e7\u00e3o, promovendo o desenvolvimento tecnol\u00f3gico e a dissemina\u00e7\u00e3o de uma cultura inovadora.<\/p>\n<p>O Estado tamb\u00e9m anunciou o investimento de<a href=\"https:\/\/www.aen.pr.gov.br\/Noticia\/Estado-investe-R-99-milhoes-para-modernizar-PGE-com-projetos-de-inteligencia-artificial\" target=\"_blank\" rel=\"noopener\">\u00a0R$ 9,9 milh\u00f5es para modernizar a PGE<\/a>\u00a0com projetos de intelig\u00eancia artificial. O \u00f3rg\u00e3o ser\u00e1 equipado com infraestrutura tecnol\u00f3gica avan\u00e7ada, permitindo maior agilidade e efici\u00eancia em seus processos internos, al\u00e9m de melhorar o atendimento aos cidad\u00e3os.<\/p>\n<p>Outra a\u00e7\u00e3o relevante foi a\u00a0<a href=\"https:\/\/www.aen.pr.gov.br\/Noticia\/Estado-reune-entidades-para-discutir-governanca-do-Sistema-Paranaense-de-Inovacao\" target=\"_blank\" rel=\"noopener\">reuni\u00e3o de entidades<\/a>\u00a0para discutir a governan\u00e7a do Sistema Paranaense de Inova\u00e7\u00e3o. Participaram universidades, federa\u00e7\u00f5es de ind\u00fastrias, com\u00e9rcio, agroneg\u00f3cio, cooperativismo e transporte, associa\u00e7\u00f5es empresariais, funda\u00e7\u00f5es e empres\u00e1rios. O cronograma prev\u00ea que a consolida\u00e7\u00e3o do grupo de governan\u00e7a seja finalizada at\u00e9 30 de novembro de 2024.<\/p>\n<p>(AEN)<\/p>\n<\/div>\n","protected":false},"excerpt":{"rendered":"<p>A Semana \u00e9 uma iniciativa anual promovida pelo Governo do Estado por meio da Secretaria<\/p>\n","protected":false},"author":4,"featured_media":44462,"comment_status":"open","ping_status":"open","sticky":false,"template":"","format":"standard","meta":{"footnotes":""},"categories":[3,4],"tags":[],"class_list":["post-44461","post","type-post","status-publish","format-standard","has-post-thumbnail","hentry","category-destaques","category-parana"],"yoast_head":"<!-- This site is optimized with the Yoast SEO plugin v27.5 - https:\/\/yoast.com\/product\/yoast-seo-wordpress\/ -->\n<title>Semana da Inova\u00e7\u00e3o movimenta mais de 20 mil pessoas com a\u00e7\u00f5es em todo Estado - Jornal<\/title>\n<meta name=\"description\" content=\"Semana da Inova\u00e7\u00e3o movimenta mais de 20 mil pessoas com a\u00e7\u00f5es em todo Estado\" \/>\n<meta name=\"robots\" content=\"index, follow, max-snippet:-1, max-image-preview:large, max-video-preview:-1\" \/>\n<link rel=\"canonical\" href=\"https:\/\/jornalboasnoticias.com.br\/home\/semana-da-inovacao-movimenta-mais-de-20-mil-pessoas-com-acoes-em-todo-estado\/\" \/>\n<meta property=\"og:locale\" content=\"pt_BR\" \/>\n<meta property=\"og:type\" content=\"article\" \/>\n<meta property=\"og:title\" content=\"Semana da Inova\u00e7\u00e3o movimenta mais de 20 mil pessoas com a\u00e7\u00f5es em todo Estado - Jornal\" \/>\n<meta property=\"og:description\" content=\"Semana da Inova\u00e7\u00e3o movimenta mais de 20 mil pessoas com a\u00e7\u00f5es em todo Estado\" \/>\n<meta property=\"og:url\" content=\"https:\/\/jornalboasnoticias.com.br\/home\/semana-da-inovacao-movimenta-mais-de-20-mil-pessoas-com-acoes-em-todo-estado\/\" \/>\n<meta property=\"og:site_name\" content=\"Jornal\" \/>\n<meta property=\"article:publisher\" content=\"https:\/\/www.facebook.com\/boasnoticiasjornal\" \/>\n<meta property=\"article:published_time\" content=\"2024-10-24T14:18:05+00:00\" \/>\n<meta property=\"og:image\" content=\"https:\/\/jornalboasnoticias.com.br\/home\/wp-content\/uploads\/2024\/10\/whatsapp_image_2024-10-23_at_16.00.12.jpg\" \/>\n\t<meta property=\"og:image:width\" content=\"1600\" \/>\n\t<meta property=\"og:image:height\" content=\"1066\" \/>\n\t<meta property=\"og:image:type\" content=\"image\/jpeg\" \/>\n<meta name=\"author\" content=\"Ana Luiza Bonatto\" \/>\n<meta name=\"twitter:card\" content=\"summary_large_image\" \/>\n<meta name=\"twitter:label1\" content=\"Escrito por\" \/>\n\t<meta name=\"twitter:data1\" content=\"Ana Luiza Bonatto\" \/>\n\t<meta name=\"twitter:label2\" content=\"Est. tempo de leitura\" \/>\n\t<meta name=\"twitter:data2\" content=\"3 minutos\" \/>\n<script type=\"application\/ld+json\" class=\"yoast-schema-graph\">{\"@context\":\"https:\\\/\\\/schema.org\",\"@graph\":[{\"@type\":\"Article\",\"@id\":\"https:\\\/\\\/jornalboasnoticias.com.br\\\/home\\\/semana-da-inovacao-movimenta-mais-de-20-mil-pessoas-com-acoes-em-todo-estado\\\/#article\",\"isPartOf\":{\"@id\":\"https:\\\/\\\/jornalboasnoticias.com.br\\\/home\\\/semana-da-inovacao-movimenta-mais-de-20-mil-pessoas-com-acoes-em-todo-estado\\\/\"},\"author\":{\"name\":\"Ana Luiza Bonatto\",\"@id\":\"https:\\\/\\\/jornalboasnoticias.com.br\\\/home\\\/#\\\/schema\\\/person\\\/d641193e0afc6405b390164dac847971\"},\"headline\":\"Semana da Inova\u00e7\u00e3o movimenta mais de 20 mil pessoas com a\u00e7\u00f5es em todo Estado\",\"datePublished\":\"2024-10-24T14:18:05+00:00\",\"mainEntityOfPage\":{\"@id\":\"https:\\\/\\\/jornalboasnoticias.com.br\\\/home\\\/semana-da-inovacao-movimenta-mais-de-20-mil-pessoas-com-acoes-em-todo-estado\\\/\"},\"wordCount\":605,\"commentCount\":0,\"publisher\":{\"@id\":\"https:\\\/\\\/jornalboasnoticias.com.br\\\/home\\\/#organization\"},\"image\":{\"@id\":\"https:\\\/\\\/jornalboasnoticias.com.br\\\/home\\\/semana-da-inovacao-movimenta-mais-de-20-mil-pessoas-com-acoes-em-todo-estado\\\/#primaryimage\"},\"thumbnailUrl\":\"https:\\\/\\\/jornalboasnoticias.com.br\\\/home\\\/wp-content\\\/uploads\\\/2024\\\/10\\\/whatsapp_image_2024-10-23_at_16.00.12.jpg\",\"articleSection\":[\"DESTAQUE\",\"PARAN\u00c1\"],\"inLanguage\":\"pt-BR\",\"potentialAction\":[{\"@type\":\"CommentAction\",\"name\":\"Comment\",\"target\":[\"https:\\\/\\\/jornalboasnoticias.com.br\\\/home\\\/semana-da-inovacao-movimenta-mais-de-20-mil-pessoas-com-acoes-em-todo-estado\\\/#respond\"]}]},{\"@type\":\"WebPage\",\"@id\":\"https:\\\/\\\/jornalboasnoticias.com.br\\\/home\\\/semana-da-inovacao-movimenta-mais-de-20-mil-pessoas-com-acoes-em-todo-estado\\\/\",\"url\":\"https:\\\/\\\/jornalboasnoticias.com.br\\\/home\\\/semana-da-inovacao-movimenta-mais-de-20-mil-pessoas-com-acoes-em-todo-estado\\\/\",\"name\":\"Semana da Inova\u00e7\u00e3o movimenta mais de 20 mil pessoas com a\u00e7\u00f5es em todo Estado - Jornal\",\"isPartOf\":{\"@id\":\"https:\\\/\\\/jornalboasnoticias.com.br\\\/home\\\/#website\"},\"primaryImageOfPage\":{\"@id\":\"https:\\\/\\\/jornalboasnoticias.com.br\\\/home\\\/semana-da-inovacao-movimenta-mais-de-20-mil-pessoas-com-acoes-em-todo-estado\\\/#primaryimage\"},\"image\":{\"@id\":\"https:\\\/\\\/jornalboasnoticias.com.br\\\/home\\\/semana-da-inovacao-movimenta-mais-de-20-mil-pessoas-com-acoes-em-todo-estado\\\/#primaryimage\"},\"thumbnailUrl\":\"https:\\\/\\\/jornalboasnoticias.com.br\\\/home\\\/wp-content\\\/uploads\\\/2024\\\/10\\\/whatsapp_image_2024-10-23_at_16.00.12.jpg\",\"datePublished\":\"2024-10-24T14:18:05+00:00\",\"description\":\"Semana da Inova\u00e7\u00e3o movimenta mais de 20 mil pessoas com a\u00e7\u00f5es em todo Estado\",\"breadcrumb\":{\"@id\":\"https:\\\/\\\/jornalboasnoticias.com.br\\\/home\\\/semana-da-inovacao-movimenta-mais-de-20-mil-pessoas-com-acoes-em-todo-estado\\\/#breadcrumb\"},\"inLanguage\":\"pt-BR\",\"potentialAction\":[{\"@type\":\"ReadAction\",\"target\":[\"https:\\\/\\\/jornalboasnoticias.com.br\\\/home\\\/semana-da-inovacao-movimenta-mais-de-20-mil-pessoas-com-acoes-em-todo-estado\\\/\"]}]},{\"@type\":\"ImageObject\",\"inLanguage\":\"pt-BR\",\"@id\":\"https:\\\/\\\/jornalboasnoticias.com.br\\\/home\\\/semana-da-inovacao-movimenta-mais-de-20-mil-pessoas-com-acoes-em-todo-estado\\\/#primaryimage\",\"url\":\"https:\\\/\\\/jornalboasnoticias.com.br\\\/home\\\/wp-content\\\/uploads\\\/2024\\\/10\\\/whatsapp_image_2024-10-23_at_16.00.12.jpg\",\"contentUrl\":\"https:\\\/\\\/jornalboasnoticias.com.br\\\/home\\\/wp-content\\\/uploads\\\/2024\\\/10\\\/whatsapp_image_2024-10-23_at_16.00.12.jpg\",\"width\":1600,\"height\":1066},{\"@type\":\"BreadcrumbList\",\"@id\":\"https:\\\/\\\/jornalboasnoticias.com.br\\\/home\\\/semana-da-inovacao-movimenta-mais-de-20-mil-pessoas-com-acoes-em-todo-estado\\\/#breadcrumb\",\"itemListElement\":[{\"@type\":\"ListItem\",\"position\":1,\"name\":\"In\u00edcio\",\"item\":\"https:\\\/\\\/jornalboasnoticias.com.br\\\/home\\\/\"},{\"@type\":\"ListItem\",\"position\":2,\"name\":\"Semana da Inova\u00e7\u00e3o movimenta mais de 20 mil pessoas com a\u00e7\u00f5es em todo Estado\"}]},{\"@type\":\"WebSite\",\"@id\":\"https:\\\/\\\/jornalboasnoticias.com.br\\\/home\\\/#website\",\"url\":\"https:\\\/\\\/jornalboasnoticias.com.br\\\/home\\\/\",\"name\":\"Jornal Boas Not\u00edcias\",\"description\":\"Boas not\u00edcias\",\"publisher\":{\"@id\":\"https:\\\/\\\/jornalboasnoticias.com.br\\\/home\\\/#organization\"},\"potentialAction\":[{\"@type\":\"SearchAction\",\"target\":{\"@type\":\"EntryPoint\",\"urlTemplate\":\"https:\\\/\\\/jornalboasnoticias.com.br\\\/home\\\/?s={search_term_string}\"},\"query-input\":{\"@type\":\"PropertyValueSpecification\",\"valueRequired\":true,\"valueName\":\"search_term_string\"}}],\"inLanguage\":\"pt-BR\"},{\"@type\":\"Organization\",\"@id\":\"https:\\\/\\\/jornalboasnoticias.com.br\\\/home\\\/#organization\",\"name\":\"Coq Editora Ltda\",\"alternateName\":\"Jornal Boas Noticias\",\"url\":\"https:\\\/\\\/jornalboasnoticias.com.br\\\/home\\\/\",\"logo\":{\"@type\":\"ImageObject\",\"inLanguage\":\"pt-BR\",\"@id\":\"https:\\\/\\\/jornalboasnoticias.com.br\\\/home\\\/#\\\/schema\\\/logo\\\/image\\\/\",\"url\":\"https:\\\/\\\/jornalboasnoticias.com.br\\\/home\\\/wp-content\\\/uploads\\\/2024\\\/07\\\/cropped-logo.jpg\",\"contentUrl\":\"https:\\\/\\\/jornalboasnoticias.com.br\\\/home\\\/wp-content\\\/uploads\\\/2024\\\/07\\\/cropped-logo.jpg\",\"width\":290,\"height\":142,\"caption\":\"Coq Editora Ltda\"},\"image\":{\"@id\":\"https:\\\/\\\/jornalboasnoticias.com.br\\\/home\\\/#\\\/schema\\\/logo\\\/image\\\/\"},\"sameAs\":[\"https:\\\/\\\/www.facebook.com\\\/boasnoticiasjornal\"]},{\"@type\":\"Person\",\"@id\":\"https:\\\/\\\/jornalboasnoticias.com.br\\\/home\\\/#\\\/schema\\\/person\\\/d641193e0afc6405b390164dac847971\",\"name\":\"Ana Luiza Bonatto\",\"image\":{\"@type\":\"ImageObject\",\"inLanguage\":\"pt-BR\",\"@id\":\"https:\\\/\\\/secure.gravatar.com\\\/avatar\\\/8a055ebe6373371f67ac6fcf313c0ac0b0a91157fdcdb9514fa62927373348f0?s=96&d=mm&r=g\",\"url\":\"https:\\\/\\\/secure.gravatar.com\\\/avatar\\\/8a055ebe6373371f67ac6fcf313c0ac0b0a91157fdcdb9514fa62927373348f0?s=96&d=mm&r=g\",\"contentUrl\":\"https:\\\/\\\/secure.gravatar.com\\\/avatar\\\/8a055ebe6373371f67ac6fcf313c0ac0b0a91157fdcdb9514fa62927373348f0?s=96&d=mm&r=g\",\"caption\":\"Ana Luiza Bonatto\"},\"url\":\"https:\\\/\\\/jornalboasnoticias.com.br\\\/home\\\/author\\\/ana-luiza\\\/\"}]}<\/script>\n<!-- \/ Yoast SEO plugin. -->","yoast_head_json":{"title":"Semana da Inova\u00e7\u00e3o movimenta mais de 20 mil pessoas com a\u00e7\u00f5es em todo Estado - Jornal","description":"Semana da Inova\u00e7\u00e3o movimenta mais de 20 mil pessoas com a\u00e7\u00f5es em todo Estado","robots":{"index":"index","follow":"follow","max-snippet":"max-snippet:-1","max-image-preview":"max-image-preview:large","max-video-preview":"max-video-preview:-1"},"canonical":"https:\/\/jornalboasnoticias.com.br\/home\/semana-da-inovacao-movimenta-mais-de-20-mil-pessoas-com-acoes-em-todo-estado\/","og_locale":"pt_BR","og_type":"article","og_title":"Semana da Inova\u00e7\u00e3o movimenta mais de 20 mil pessoas com a\u00e7\u00f5es em todo Estado - Jornal","og_description":"Semana da Inova\u00e7\u00e3o movimenta mais de 20 mil pessoas com a\u00e7\u00f5es em todo Estado","og_url":"https:\/\/jornalboasnoticias.com.br\/home\/semana-da-inovacao-movimenta-mais-de-20-mil-pessoas-com-acoes-em-todo-estado\/","og_site_name":"Jornal","article_publisher":"https:\/\/www.facebook.com\/boasnoticiasjornal","article_published_time":"2024-10-24T14:18:05+00:00","og_image":[{"width":1600,"height":1066,"url":"https:\/\/jornalboasnoticias.com.br\/home\/wp-content\/uploads\/2024\/10\/whatsapp_image_2024-10-23_at_16.00.12.jpg","type":"image\/jpeg"}],"author":"Ana Luiza Bonatto","twitter_card":"summary_large_image","twitter_misc":{"Escrito por":"Ana Luiza Bonatto","Est. tempo de leitura":"3 minutos"},"schema":{"@context":"https:\/\/schema.org","@graph":[{"@type":"Article","@id":"https:\/\/jornalboasnoticias.com.br\/home\/semana-da-inovacao-movimenta-mais-de-20-mil-pessoas-com-acoes-em-todo-estado\/#article","isPartOf":{"@id":"https:\/\/jornalboasnoticias.com.br\/home\/semana-da-inovacao-movimenta-mais-de-20-mil-pessoas-com-acoes-em-todo-estado\/"},"author":{"name":"Ana Luiza Bonatto","@id":"https:\/\/jornalboasnoticias.com.br\/home\/#\/schema\/person\/d641193e0afc6405b390164dac847971"},"headline":"Semana da Inova\u00e7\u00e3o movimenta mais de 20 mil pessoas com a\u00e7\u00f5es em todo Estado","datePublished":"2024-10-24T14:18:05+00:00","mainEntityOfPage":{"@id":"https:\/\/jornalboasnoticias.com.br\/home\/semana-da-inovacao-movimenta-mais-de-20-mil-pessoas-com-acoes-em-todo-estado\/"},"wordCount":605,"commentCount":0,"publisher":{"@id":"https:\/\/jornalboasnoticias.com.br\/home\/#organization"},"image":{"@id":"https:\/\/jornalboasnoticias.com.br\/home\/semana-da-inovacao-movimenta-mais-de-20-mil-pessoas-com-acoes-em-todo-estado\/#primaryimage"},"thumbnailUrl":"https:\/\/jornalboasnoticias.com.br\/home\/wp-content\/uploads\/2024\/10\/whatsapp_image_2024-10-23_at_16.00.12.jpg","articleSection":["DESTAQUE","PARAN\u00c1"],"inLanguage":"pt-BR","potentialAction":[{"@type":"CommentAction","name":"Comment","target":["https:\/\/jornalboasnoticias.com.br\/home\/semana-da-inovacao-movimenta-mais-de-20-mil-pessoas-com-acoes-em-todo-estado\/#respond"]}]},{"@type":"WebPage","@id":"https:\/\/jornalboasnoticias.com.br\/home\/semana-da-inovacao-movimenta-mais-de-20-mil-pessoas-com-acoes-em-todo-estado\/","url":"https:\/\/jornalboasnoticias.com.br\/home\/semana-da-inovacao-movimenta-mais-de-20-mil-pessoas-com-acoes-em-todo-estado\/","name":"Semana da Inova\u00e7\u00e3o movimenta mais de 20 mil pessoas com a\u00e7\u00f5es em todo Estado - Jornal","isPartOf":{"@id":"https:\/\/jornalboasnoticias.com.br\/home\/#website"},"primaryImageOfPage":{"@id":"https:\/\/jornalboasnoticias.com.br\/home\/semana-da-inovacao-movimenta-mais-de-20-mil-pessoas-com-acoes-em-todo-estado\/#primaryimage"},"image":{"@id":"https:\/\/jornalboasnoticias.com.br\/home\/semana-da-inovacao-movimenta-mais-de-20-mil-pessoas-com-acoes-em-todo-estado\/#primaryimage"},"thumbnailUrl":"https:\/\/jornalboasnoticias.com.br\/home\/wp-content\/uploads\/2024\/10\/whatsapp_image_2024-10-23_at_16.00.12.jpg","datePublished":"2024-10-24T14:18:05+00:00","description":"Semana da Inova\u00e7\u00e3o movimenta mais de 20 mil pessoas com a\u00e7\u00f5es em todo Estado","breadcrumb":{"@id":"https:\/\/jornalboasnoticias.com.br\/home\/semana-da-inovacao-movimenta-mais-de-20-mil-pessoas-com-acoes-em-todo-estado\/#breadcrumb"},"inLanguage":"pt-BR","potentialAction":[{"@type":"ReadAction","target":["https:\/\/jornalboasnoticias.com.br\/home\/semana-da-inovacao-movimenta-mais-de-20-mil-pessoas-com-acoes-em-todo-estado\/"]}]},{"@type":"ImageObject","inLanguage":"pt-BR","@id":"https:\/\/jornalboasnoticias.com.br\/home\/semana-da-inovacao-movimenta-mais-de-20-mil-pessoas-com-acoes-em-todo-estado\/#primaryimage","url":"https:\/\/jornalboasnoticias.com.br\/home\/wp-content\/uploads\/2024\/10\/whatsapp_image_2024-10-23_at_16.00.12.jpg","contentUrl":"https:\/\/jornalboasnoticias.com.br\/home\/wp-content\/uploads\/2024\/10\/whatsapp_image_2024-10-23_at_16.00.12.jpg","width":1600,"height":1066},{"@type":"BreadcrumbList","@id":"https:\/\/jornalboasnoticias.com.br\/home\/semana-da-inovacao-movimenta-mais-de-20-mil-pessoas-com-acoes-em-todo-estado\/#breadcrumb","itemListElement":[{"@type":"ListItem","position":1,"name":"In\u00edcio","item":"https:\/\/jornalboasnoticias.com.br\/home\/"},{"@type":"ListItem","position":2,"name":"Semana da Inova\u00e7\u00e3o movimenta mais de 20 mil pessoas com a\u00e7\u00f5es em todo Estado"}]},{"@type":"WebSite","@id":"https:\/\/jornalboasnoticias.com.br\/home\/#website","url":"https:\/\/jornalboasnoticias.com.br\/home\/","name":"Jornal Boas Not\u00edcias","description":"Boas not\u00edcias","publisher":{"@id":"https:\/\/jornalboasnoticias.com.br\/home\/#organization"},"potentialAction":[{"@type":"SearchAction","target":{"@type":"EntryPoint","urlTemplate":"https:\/\/jornalboasnoticias.com.br\/home\/?s={search_term_string}"},"query-input":{"@type":"PropertyValueSpecification","valueRequired":true,"valueName":"search_term_string"}}],"inLanguage":"pt-BR"},{"@type":"Organization","@id":"https:\/\/jornalboasnoticias.com.br\/home\/#organization","name":"Coq Editora Ltda","alternateName":"Jornal Boas Noticias","url":"https:\/\/jornalboasnoticias.com.br\/home\/","logo":{"@type":"ImageObject","inLanguage":"pt-BR","@id":"https:\/\/jornalboasnoticias.com.br\/home\/#\/schema\/logo\/image\/","url":"https:\/\/jornalboasnoticias.com.br\/home\/wp-content\/uploads\/2024\/07\/cropped-logo.jpg","contentUrl":"https:\/\/jornalboasnoticias.com.br\/home\/wp-content\/uploads\/2024\/07\/cropped-logo.jpg","width":290,"height":142,"caption":"Coq Editora Ltda"},"image":{"@id":"https:\/\/jornalboasnoticias.com.br\/home\/#\/schema\/logo\/image\/"},"sameAs":["https:\/\/www.facebook.com\/boasnoticiasjornal"]},{"@type":"Person","@id":"https:\/\/jornalboasnoticias.com.br\/home\/#\/schema\/person\/d641193e0afc6405b390164dac847971","name":"Ana Luiza Bonatto","image":{"@type":"ImageObject","inLanguage":"pt-BR","@id":"https:\/\/secure.gravatar.com\/avatar\/8a055ebe6373371f67ac6fcf313c0ac0b0a91157fdcdb9514fa62927373348f0?s=96&d=mm&r=g","url":"https:\/\/secure.gravatar.com\/avatar\/8a055ebe6373371f67ac6fcf313c0ac0b0a91157fdcdb9514fa62927373348f0?s=96&d=mm&r=g","contentUrl":"https:\/\/secure.gravatar.com\/avatar\/8a055ebe6373371f67ac6fcf313c0ac0b0a91157fdcdb9514fa62927373348f0?s=96&d=mm&r=g","caption":"Ana Luiza Bonatto"},"url":"https:\/\/jornalboasnoticias.com.br\/home\/author\/ana-luiza\/"}]}},"_links":{"self":[{"href":"https:\/\/jornalboasnoticias.com.br\/home\/wp-json\/wp\/v2\/posts\/44461","targetHints":{"allow":["GET"]}}],"collection":[{"href":"https:\/\/jornalboasnoticias.com.br\/home\/wp-json\/wp\/v2\/posts"}],"about":[{"href":"https:\/\/jornalboasnoticias.com.br\/home\/wp-json\/wp\/v2\/types\/post"}],"author":[{"embeddable":true,"href":"https:\/\/jornalboasnoticias.com.br\/home\/wp-json\/wp\/v2\/users\/4"}],"replies":[{"embeddable":true,"href":"https:\/\/jornalboasnoticias.com.br\/home\/wp-json\/wp\/v2\/comments?post=44461"}],"version-history":[{"count":1,"href":"https:\/\/jornalboasnoticias.com.br\/home\/wp-json\/wp\/v2\/posts\/44461\/revisions"}],"predecessor-version":[{"id":44463,"href":"https:\/\/jornalboasnoticias.com.br\/home\/wp-json\/wp\/v2\/posts\/44461\/revisions\/44463"}],"wp:featuredmedia":[{"embeddable":true,"href":"https:\/\/jornalboasnoticias.com.br\/home\/wp-json\/wp\/v2\/media\/44462"}],"wp:attachment":[{"href":"https:\/\/jornalboasnoticias.com.br\/home\/wp-json\/wp\/v2\/media?parent=44461"}],"wp:term":[{"taxonomy":"category","embeddable":true,"href":"https:\/\/jornalboasnoticias.com.br\/home\/wp-json\/wp\/v2\/categories?post=44461"},{"taxonomy":"post_tag","embeddable":true,"href":"https:\/\/jornalboasnoticias.com.br\/home\/wp-json\/wp\/v2\/tags?post=44461"}],"curies":[{"name":"wp","href":"https:\/\/api.w.org\/{rel}","templated":true}]}}