{"id":44455,"date":"2024-10-24T14:15:43","date_gmt":"2024-10-24T14:15:43","guid":{"rendered":"https:\/\/jornalboasnoticias.com.br\/home\/?p=44455"},"modified":"2024-10-24T14:15:43","modified_gmt":"2024-10-24T14:15:43","slug":"evento-do-estado-para-celebrar-populacao-idosa-reune-mais-de-400-pessoas-no-teatro-guaira","status":"publish","type":"post","link":"https:\/\/jornalboasnoticias.com.br\/home\/evento-do-estado-para-celebrar-populacao-idosa-reune-mais-de-400-pessoas-no-teatro-guaira\/","title":{"rendered":"Evento do Estado para celebrar popula\u00e7\u00e3o idosa re\u00fane mais de 400 pessoas no Teatro Gua\u00edra"},"content":{"rendered":"<div class=\"not-escopo-destaque\">\n<div>\n<figure id=\"attachment_44456\" aria-describedby=\"caption-attachment-44456\" style=\"width: 2560px\" class=\"wp-caption alignnone\"><img loading=\"lazy\" decoding=\"async\" class=\"size-full wp-image-44456\" src=\"https:\/\/jornalboasnoticias.com.br\/home\/wp-content\/uploads\/2024\/10\/img-20241023-wa01851-scaled.jpg\" alt=\"\" width=\"2560\" height=\"1707\" srcset=\"https:\/\/jornalboasnoticias.com.br\/home\/wp-content\/uploads\/2024\/10\/img-20241023-wa01851-scaled.jpg 2560w, https:\/\/jornalboasnoticias.com.br\/home\/wp-content\/uploads\/2024\/10\/img-20241023-wa01851-300x200.jpg 300w, https:\/\/jornalboasnoticias.com.br\/home\/wp-content\/uploads\/2024\/10\/img-20241023-wa01851-1024x683.jpg 1024w, https:\/\/jornalboasnoticias.com.br\/home\/wp-content\/uploads\/2024\/10\/img-20241023-wa01851-768x512.jpg 768w, https:\/\/jornalboasnoticias.com.br\/home\/wp-content\/uploads\/2024\/10\/img-20241023-wa01851-1536x1024.jpg 1536w, https:\/\/jornalboasnoticias.com.br\/home\/wp-content\/uploads\/2024\/10\/img-20241023-wa01851-2048x1365.jpg 2048w, https:\/\/jornalboasnoticias.com.br\/home\/wp-content\/uploads\/2024\/10\/img-20241023-wa01851-900x600.jpg 900w\" sizes=\"auto, (max-width: 2560px) 100vw, 2560px\" \/><figcaption id=\"caption-attachment-44456\" class=\"wp-caption-text\">Foto: Robson Mafra \/ Semipi<\/figcaption><\/figure>\n<\/div>\n<\/div>\n<blockquote>\n<div class=\"not-escopo-destaque\">\n<div class=\"field field--name-field-escopo-destaque field--type-string-long field--label-hidden field--item\">Teve emo\u00e7\u00e3o e divers\u00e3o, com coral, dan\u00e7a e curso sobre seguran\u00e7a na internet. O evento destacou a prioridade do governo estadual para cuidados com os idosos e cuidadores, a valoriza\u00e7\u00e3o e medidas para garantir qualidade de vida.<\/div>\n<\/div>\n<\/blockquote>\n<div>\n<p>Mais de 400 pessoas idosas de Curitiba e de diversos outros munic\u00edpios do Paran\u00e1 participaram nesta quarta-feira (23) do evento &#8220;Cultura e Conex\u00e3o: Uma celebra\u00e7\u00e3o 60+&#8221;, promovido pelo Governo do Estado, no Teatro Gua\u00edra. Teve apresenta\u00e7\u00e3o Coral da Universidade Aberta da Terceira Idade (Unati-Unespar); do espet\u00e1culo &#8220;GAG&#8221;, realizada pelo G2 Cia de Dan\u00e7a, grupo master do Centro Cultural Teatro Gua\u00edra; miniworkshop sobre tecnologia com abordagem sobre golpes virtuais, ministrado pela Celepar. Tamb\u00e9m houve um momento de celebra\u00e7\u00e3o para enaltecer misses e misters dos munic\u00edpios.<\/p>\n<p>O evento foi promovido em alus\u00e3o ao m\u00eas dos idosos. A\u00a0 realiza\u00e7\u00e3o foi da Secretaria da Mulher, Igualdade Racial e Pessoa Idosa (Semipi) e da Secretaria da\u00a0 Cultura (Seec), junto da Celepar e com o apoio do Conselho Estadual dos Direitos da Pessoa Idosa (Cedipi\/PR).\u00a0A secret\u00e1ria da Semipi, Leandre Dal Ponte, destacou que a aten\u00e7\u00e3o aos cidad\u00e3os idosos \u00e9 de todo o governo estadual. &#8220;Todos trabalhamos juntos em prol das pol\u00edticas p\u00fablicas para essa popula\u00e7\u00e3o, para que as pessoas tenham dignidade, qualidade de vida e bem-estar&#8221;, afirmou.<\/p>\n<p>A secret\u00e1ria afirmou que a pol\u00edtica do Paran\u00e1 \u00e9 de valoriza\u00e7\u00e3o, de cuidado, tanto para as pessoas idosas quanto para quem cuida. &#8220;Quando fazemos pol\u00edticas p\u00fablicas para essa popula\u00e7\u00e3o, estamos falando do nosso futuro. Queremos um Paran\u00e1 que trabalha e cuida e que tamb\u00e9m que respeita as pessoas&#8221;.<\/p>\n<p>Para a secret\u00e1ria da Cultura, Luciana Casagrande Pereira, valorizar a popula\u00e7\u00e3o paranaense neste segmento \u00e9 uma prioridade no Paran\u00e1. &#8220;Esse evento incentiva o encontro e a difus\u00e3o de informa\u00e7\u00f5es, al\u00e9m de oferecer uma grande agenda cultural celebrando os paranaenses com 60 anos ou mais&#8221;, observou.<\/p>\n<p><strong>EMO\u00c7\u00c3O &#8211;<\/strong>\u00a0Od\u00edlia Oliveira de Ara\u00fajo, de 79 anos, de Paranagu\u00e1, esteve pela primeira vez no Teatro Gua\u00edra e se emocionou com a experi\u00eancia. &#8220;N\u00e3o esperava que fosse t\u00e3o lindo o espet\u00e1culo. \u00c9 muito bom conhecer gente nova, de outros lugares. Eu adorei&#8221;, disse ela.<\/p>\n<p>O Mister Melhor Idade 2023 de Pinhais, Carlos Jacques, de 66 anos, comentou que \u00e9 um privil\u00e9gio representar o trabalho realizado com as pessoas idosas. &#8220;Primeira vez que estive nesse teatro, com essa energia \u00fanica, contagiante. \u00c9 uma oportunidade \u00fanica&#8221;, comemorou.<\/p>\n<p><strong>ANIVERS\u00c1RIO CEDIPI<\/strong>\u00a0&#8211; No evento tamb\u00e9m foi comemorado o anivers\u00e1rio de 27 anos do Conselho Estadual dos Direitos da Pessoa Idosa (Cedipi\/PR). O presidente, Jorge Nei Neves, disse que, junto com a Semipi, o Conselho vem deliberando a\u00e7\u00f5es estrat\u00e9gicas.<\/p>\n<p>&#8220;Entendemos que as pessoas envelhecem de forma diferente, de maneira plural, e \u00e9 esse Estado que acolhe todas as pessoas, todas as formas de envelhecimento, que nos faz celebrar a vida e o direito \u00e0 continuidade, a continuar existindo com dignidade, com igualdade, com pol\u00edticas p\u00fablicas afirmativas e efetivas&#8221;, enfatizou.<\/p>\n<p><strong>PARAN\u00c1 AMIGO DA PESSOA IDOSA<\/strong>\u00a0&#8211; Promover o envelhecimento ativo e saud\u00e1vel dos cerca de 1,9 milh\u00e3o de idosos que vivem no Paran\u00e1 \u00e9 o objetivo do Projeto de Lei 587\/2024, que estabelece o Programa Paran\u00e1 Amigo da Pessoa Idosa,\u00a0<a href=\"https:\/\/www.aen.pr.gov.br\/Noticia\/Governo-envia-Alep-projeto-de-lei-para-criar-programa-Parana-Amigo-da-Pessoa-Idosa\" target=\"_blank\" rel=\"noopener\">enviado neste m\u00eas para a Assembleia Legislativa<\/a>. Ele institui a Bolsa Cuidador Familiar e a Bolsa Agente do Saber, tendo como p\u00fablico-alvo idosos em situa\u00e7\u00e3o de vulnerabilidade socioecon\u00f4mica.<\/p>\n<p>Para a secret\u00e1ria Leandre Dal Ponte, a medida garantir\u00e1 respeito e acolhimento para os paranaenses com 60 anos ou mais. \u201cVai al\u00e9m de uma pol\u00edtica p\u00fablica, sendo um compromisso com a dignidade e a inclus\u00e3o, fortalecendo fam\u00edlias e munic\u00edpios para enfrentar essa nova realidade demogr\u00e1fica. A Semipi tem um papel essencial na integra\u00e7\u00e3o dessas pol\u00edticas, garantindo que o envelhecimento ativo e saud\u00e1vel seja uma prioridade e que cada pessoa idosa, cuidador e fam\u00edlia receba o apoio necess\u00e1rio para viver com qualidade e respeito&#8221;, concluiu.<\/p>\n<p>(aen)<\/p>\n<\/div>\n","protected":false},"excerpt":{"rendered":"<p>Teve emo\u00e7\u00e3o e divers\u00e3o, com coral, dan\u00e7a e curso sobre seguran\u00e7a na internet. O evento<\/p>\n","protected":false},"author":4,"featured_media":44456,"comment_status":"open","ping_status":"open","sticky":false,"template":"","format":"standard","meta":{"footnotes":""},"categories":[3,4],"tags":[],"class_list":["post-44455","post","type-post","status-publish","format-standard","has-post-thumbnail","hentry","category-destaques","category-parana"],"yoast_head":"<!-- This site is optimized with the Yoast SEO plugin v27.5 - https:\/\/yoast.com\/product\/yoast-seo-wordpress\/ -->\n<title>Evento do Estado para celebrar popula\u00e7\u00e3o idosa re\u00fane mais de 400 pessoas no Teatro Gua\u00edra - Jornal<\/title>\n<meta name=\"description\" content=\"Evento do Estado para celebrar popula\u00e7\u00e3o idosa re\u00fane mais de 400 pessoas no Teatro Gua\u00edra\" \/>\n<meta name=\"robots\" content=\"index, follow, max-snippet:-1, max-image-preview:large, max-video-preview:-1\" \/>\n<link rel=\"canonical\" href=\"https:\/\/jornalboasnoticias.com.br\/home\/evento-do-estado-para-celebrar-populacao-idosa-reune-mais-de-400-pessoas-no-teatro-guaira\/\" \/>\n<meta property=\"og:locale\" content=\"pt_BR\" \/>\n<meta property=\"og:type\" content=\"article\" \/>\n<meta property=\"og:title\" content=\"Evento do Estado para celebrar popula\u00e7\u00e3o idosa re\u00fane mais de 400 pessoas no Teatro Gua\u00edra - Jornal\" \/>\n<meta property=\"og:description\" content=\"Evento do Estado para celebrar popula\u00e7\u00e3o idosa re\u00fane mais de 400 pessoas no Teatro Gua\u00edra\" \/>\n<meta property=\"og:url\" content=\"https:\/\/jornalboasnoticias.com.br\/home\/evento-do-estado-para-celebrar-populacao-idosa-reune-mais-de-400-pessoas-no-teatro-guaira\/\" \/>\n<meta property=\"og:site_name\" content=\"Jornal\" \/>\n<meta property=\"article:publisher\" content=\"https:\/\/www.facebook.com\/boasnoticiasjornal\" \/>\n<meta property=\"article:published_time\" content=\"2024-10-24T14:15:43+00:00\" \/>\n<meta property=\"og:image\" content=\"https:\/\/jornalboasnoticias.com.br\/home\/wp-content\/uploads\/2024\/10\/img-20241023-wa01851-scaled.jpg\" \/>\n\t<meta property=\"og:image:width\" content=\"2560\" \/>\n\t<meta property=\"og:image:height\" content=\"1707\" \/>\n\t<meta property=\"og:image:type\" content=\"image\/jpeg\" \/>\n<meta name=\"author\" content=\"Ana Luiza Bonatto\" \/>\n<meta name=\"twitter:card\" content=\"summary_large_image\" \/>\n<meta name=\"twitter:label1\" content=\"Escrito por\" \/>\n\t<meta name=\"twitter:data1\" content=\"Ana Luiza Bonatto\" \/>\n\t<meta name=\"twitter:label2\" content=\"Est. tempo de leitura\" \/>\n\t<meta name=\"twitter:data2\" content=\"4 minutos\" \/>\n<script type=\"application\/ld+json\" class=\"yoast-schema-graph\">{\"@context\":\"https:\\\/\\\/schema.org\",\"@graph\":[{\"@type\":\"Article\",\"@id\":\"https:\\\/\\\/jornalboasnoticias.com.br\\\/home\\\/evento-do-estado-para-celebrar-populacao-idosa-reune-mais-de-400-pessoas-no-teatro-guaira\\\/#article\",\"isPartOf\":{\"@id\":\"https:\\\/\\\/jornalboasnoticias.com.br\\\/home\\\/evento-do-estado-para-celebrar-populacao-idosa-reune-mais-de-400-pessoas-no-teatro-guaira\\\/\"},\"author\":{\"name\":\"Ana Luiza Bonatto\",\"@id\":\"https:\\\/\\\/jornalboasnoticias.com.br\\\/home\\\/#\\\/schema\\\/person\\\/d641193e0afc6405b390164dac847971\"},\"headline\":\"Evento do Estado para celebrar popula\u00e7\u00e3o idosa re\u00fane mais de 400 pessoas no Teatro Gua\u00edra\",\"datePublished\":\"2024-10-24T14:15:43+00:00\",\"mainEntityOfPage\":{\"@id\":\"https:\\\/\\\/jornalboasnoticias.com.br\\\/home\\\/evento-do-estado-para-celebrar-populacao-idosa-reune-mais-de-400-pessoas-no-teatro-guaira\\\/\"},\"wordCount\":712,\"commentCount\":0,\"publisher\":{\"@id\":\"https:\\\/\\\/jornalboasnoticias.com.br\\\/home\\\/#organization\"},\"image\":{\"@id\":\"https:\\\/\\\/jornalboasnoticias.com.br\\\/home\\\/evento-do-estado-para-celebrar-populacao-idosa-reune-mais-de-400-pessoas-no-teatro-guaira\\\/#primaryimage\"},\"thumbnailUrl\":\"https:\\\/\\\/jornalboasnoticias.com.br\\\/home\\\/wp-content\\\/uploads\\\/2024\\\/10\\\/img-20241023-wa01851-scaled.jpg\",\"articleSection\":[\"DESTAQUE\",\"PARAN\u00c1\"],\"inLanguage\":\"pt-BR\",\"potentialAction\":[{\"@type\":\"CommentAction\",\"name\":\"Comment\",\"target\":[\"https:\\\/\\\/jornalboasnoticias.com.br\\\/home\\\/evento-do-estado-para-celebrar-populacao-idosa-reune-mais-de-400-pessoas-no-teatro-guaira\\\/#respond\"]}]},{\"@type\":\"WebPage\",\"@id\":\"https:\\\/\\\/jornalboasnoticias.com.br\\\/home\\\/evento-do-estado-para-celebrar-populacao-idosa-reune-mais-de-400-pessoas-no-teatro-guaira\\\/\",\"url\":\"https:\\\/\\\/jornalboasnoticias.com.br\\\/home\\\/evento-do-estado-para-celebrar-populacao-idosa-reune-mais-de-400-pessoas-no-teatro-guaira\\\/\",\"name\":\"Evento do Estado para celebrar popula\u00e7\u00e3o idosa re\u00fane mais de 400 pessoas no Teatro Gua\u00edra - Jornal\",\"isPartOf\":{\"@id\":\"https:\\\/\\\/jornalboasnoticias.com.br\\\/home\\\/#website\"},\"primaryImageOfPage\":{\"@id\":\"https:\\\/\\\/jornalboasnoticias.com.br\\\/home\\\/evento-do-estado-para-celebrar-populacao-idosa-reune-mais-de-400-pessoas-no-teatro-guaira\\\/#primaryimage\"},\"image\":{\"@id\":\"https:\\\/\\\/jornalboasnoticias.com.br\\\/home\\\/evento-do-estado-para-celebrar-populacao-idosa-reune-mais-de-400-pessoas-no-teatro-guaira\\\/#primaryimage\"},\"thumbnailUrl\":\"https:\\\/\\\/jornalboasnoticias.com.br\\\/home\\\/wp-content\\\/uploads\\\/2024\\\/10\\\/img-20241023-wa01851-scaled.jpg\",\"datePublished\":\"2024-10-24T14:15:43+00:00\",\"description\":\"Evento do Estado para celebrar popula\u00e7\u00e3o idosa re\u00fane mais de 400 pessoas no Teatro Gua\u00edra\",\"breadcrumb\":{\"@id\":\"https:\\\/\\\/jornalboasnoticias.com.br\\\/home\\\/evento-do-estado-para-celebrar-populacao-idosa-reune-mais-de-400-pessoas-no-teatro-guaira\\\/#breadcrumb\"},\"inLanguage\":\"pt-BR\",\"potentialAction\":[{\"@type\":\"ReadAction\",\"target\":[\"https:\\\/\\\/jornalboasnoticias.com.br\\\/home\\\/evento-do-estado-para-celebrar-populacao-idosa-reune-mais-de-400-pessoas-no-teatro-guaira\\\/\"]}]},{\"@type\":\"ImageObject\",\"inLanguage\":\"pt-BR\",\"@id\":\"https:\\\/\\\/jornalboasnoticias.com.br\\\/home\\\/evento-do-estado-para-celebrar-populacao-idosa-reune-mais-de-400-pessoas-no-teatro-guaira\\\/#primaryimage\",\"url\":\"https:\\\/\\\/jornalboasnoticias.com.br\\\/home\\\/wp-content\\\/uploads\\\/2024\\\/10\\\/img-20241023-wa01851-scaled.jpg\",\"contentUrl\":\"https:\\\/\\\/jornalboasnoticias.com.br\\\/home\\\/wp-content\\\/uploads\\\/2024\\\/10\\\/img-20241023-wa01851-scaled.jpg\",\"width\":2560,\"height\":1707,\"caption\":\"Foto: Robson Mafra \\\/ Semipi\"},{\"@type\":\"BreadcrumbList\",\"@id\":\"https:\\\/\\\/jornalboasnoticias.com.br\\\/home\\\/evento-do-estado-para-celebrar-populacao-idosa-reune-mais-de-400-pessoas-no-teatro-guaira\\\/#breadcrumb\",\"itemListElement\":[{\"@type\":\"ListItem\",\"position\":1,\"name\":\"In\u00edcio\",\"item\":\"https:\\\/\\\/jornalboasnoticias.com.br\\\/home\\\/\"},{\"@type\":\"ListItem\",\"position\":2,\"name\":\"Evento do Estado para celebrar popula\u00e7\u00e3o idosa re\u00fane mais de 400 pessoas no Teatro Gua\u00edra\"}]},{\"@type\":\"WebSite\",\"@id\":\"https:\\\/\\\/jornalboasnoticias.com.br\\\/home\\\/#website\",\"url\":\"https:\\\/\\\/jornalboasnoticias.com.br\\\/home\\\/\",\"name\":\"Jornal Boas Not\u00edcias\",\"description\":\"Boas not\u00edcias\",\"publisher\":{\"@id\":\"https:\\\/\\\/jornalboasnoticias.com.br\\\/home\\\/#organization\"},\"potentialAction\":[{\"@type\":\"SearchAction\",\"target\":{\"@type\":\"EntryPoint\",\"urlTemplate\":\"https:\\\/\\\/jornalboasnoticias.com.br\\\/home\\\/?s={search_term_string}\"},\"query-input\":{\"@type\":\"PropertyValueSpecification\",\"valueRequired\":true,\"valueName\":\"search_term_string\"}}],\"inLanguage\":\"pt-BR\"},{\"@type\":\"Organization\",\"@id\":\"https:\\\/\\\/jornalboasnoticias.com.br\\\/home\\\/#organization\",\"name\":\"Coq Editora Ltda\",\"alternateName\":\"Jornal Boas Noticias\",\"url\":\"https:\\\/\\\/jornalboasnoticias.com.br\\\/home\\\/\",\"logo\":{\"@type\":\"ImageObject\",\"inLanguage\":\"pt-BR\",\"@id\":\"https:\\\/\\\/jornalboasnoticias.com.br\\\/home\\\/#\\\/schema\\\/logo\\\/image\\\/\",\"url\":\"https:\\\/\\\/jornalboasnoticias.com.br\\\/home\\\/wp-content\\\/uploads\\\/2024\\\/07\\\/cropped-logo.jpg\",\"contentUrl\":\"https:\\\/\\\/jornalboasnoticias.com.br\\\/home\\\/wp-content\\\/uploads\\\/2024\\\/07\\\/cropped-logo.jpg\",\"width\":290,\"height\":142,\"caption\":\"Coq Editora Ltda\"},\"image\":{\"@id\":\"https:\\\/\\\/jornalboasnoticias.com.br\\\/home\\\/#\\\/schema\\\/logo\\\/image\\\/\"},\"sameAs\":[\"https:\\\/\\\/www.facebook.com\\\/boasnoticiasjornal\"]},{\"@type\":\"Person\",\"@id\":\"https:\\\/\\\/jornalboasnoticias.com.br\\\/home\\\/#\\\/schema\\\/person\\\/d641193e0afc6405b390164dac847971\",\"name\":\"Ana Luiza Bonatto\",\"image\":{\"@type\":\"ImageObject\",\"inLanguage\":\"pt-BR\",\"@id\":\"https:\\\/\\\/secure.gravatar.com\\\/avatar\\\/8a055ebe6373371f67ac6fcf313c0ac0b0a91157fdcdb9514fa62927373348f0?s=96&d=mm&r=g\",\"url\":\"https:\\\/\\\/secure.gravatar.com\\\/avatar\\\/8a055ebe6373371f67ac6fcf313c0ac0b0a91157fdcdb9514fa62927373348f0?s=96&d=mm&r=g\",\"contentUrl\":\"https:\\\/\\\/secure.gravatar.com\\\/avatar\\\/8a055ebe6373371f67ac6fcf313c0ac0b0a91157fdcdb9514fa62927373348f0?s=96&d=mm&r=g\",\"caption\":\"Ana Luiza Bonatto\"},\"url\":\"https:\\\/\\\/jornalboasnoticias.com.br\\\/home\\\/author\\\/ana-luiza\\\/\"}]}<\/script>\n<!-- \/ Yoast SEO plugin. -->","yoast_head_json":{"title":"Evento do Estado para celebrar popula\u00e7\u00e3o idosa re\u00fane mais de 400 pessoas no Teatro Gua\u00edra - Jornal","description":"Evento do Estado para celebrar popula\u00e7\u00e3o idosa re\u00fane mais de 400 pessoas no Teatro Gua\u00edra","robots":{"index":"index","follow":"follow","max-snippet":"max-snippet:-1","max-image-preview":"max-image-preview:large","max-video-preview":"max-video-preview:-1"},"canonical":"https:\/\/jornalboasnoticias.com.br\/home\/evento-do-estado-para-celebrar-populacao-idosa-reune-mais-de-400-pessoas-no-teatro-guaira\/","og_locale":"pt_BR","og_type":"article","og_title":"Evento do Estado para celebrar popula\u00e7\u00e3o idosa re\u00fane mais de 400 pessoas no Teatro Gua\u00edra - Jornal","og_description":"Evento do Estado para celebrar popula\u00e7\u00e3o idosa re\u00fane mais de 400 pessoas no Teatro Gua\u00edra","og_url":"https:\/\/jornalboasnoticias.com.br\/home\/evento-do-estado-para-celebrar-populacao-idosa-reune-mais-de-400-pessoas-no-teatro-guaira\/","og_site_name":"Jornal","article_publisher":"https:\/\/www.facebook.com\/boasnoticiasjornal","article_published_time":"2024-10-24T14:15:43+00:00","og_image":[{"width":2560,"height":1707,"url":"https:\/\/jornalboasnoticias.com.br\/home\/wp-content\/uploads\/2024\/10\/img-20241023-wa01851-scaled.jpg","type":"image\/jpeg"}],"author":"Ana Luiza Bonatto","twitter_card":"summary_large_image","twitter_misc":{"Escrito por":"Ana Luiza Bonatto","Est. tempo de leitura":"4 minutos"},"schema":{"@context":"https:\/\/schema.org","@graph":[{"@type":"Article","@id":"https:\/\/jornalboasnoticias.com.br\/home\/evento-do-estado-para-celebrar-populacao-idosa-reune-mais-de-400-pessoas-no-teatro-guaira\/#article","isPartOf":{"@id":"https:\/\/jornalboasnoticias.com.br\/home\/evento-do-estado-para-celebrar-populacao-idosa-reune-mais-de-400-pessoas-no-teatro-guaira\/"},"author":{"name":"Ana Luiza Bonatto","@id":"https:\/\/jornalboasnoticias.com.br\/home\/#\/schema\/person\/d641193e0afc6405b390164dac847971"},"headline":"Evento do Estado para celebrar popula\u00e7\u00e3o idosa re\u00fane mais de 400 pessoas no Teatro Gua\u00edra","datePublished":"2024-10-24T14:15:43+00:00","mainEntityOfPage":{"@id":"https:\/\/jornalboasnoticias.com.br\/home\/evento-do-estado-para-celebrar-populacao-idosa-reune-mais-de-400-pessoas-no-teatro-guaira\/"},"wordCount":712,"commentCount":0,"publisher":{"@id":"https:\/\/jornalboasnoticias.com.br\/home\/#organization"},"image":{"@id":"https:\/\/jornalboasnoticias.com.br\/home\/evento-do-estado-para-celebrar-populacao-idosa-reune-mais-de-400-pessoas-no-teatro-guaira\/#primaryimage"},"thumbnailUrl":"https:\/\/jornalboasnoticias.com.br\/home\/wp-content\/uploads\/2024\/10\/img-20241023-wa01851-scaled.jpg","articleSection":["DESTAQUE","PARAN\u00c1"],"inLanguage":"pt-BR","potentialAction":[{"@type":"CommentAction","name":"Comment","target":["https:\/\/jornalboasnoticias.com.br\/home\/evento-do-estado-para-celebrar-populacao-idosa-reune-mais-de-400-pessoas-no-teatro-guaira\/#respond"]}]},{"@type":"WebPage","@id":"https:\/\/jornalboasnoticias.com.br\/home\/evento-do-estado-para-celebrar-populacao-idosa-reune-mais-de-400-pessoas-no-teatro-guaira\/","url":"https:\/\/jornalboasnoticias.com.br\/home\/evento-do-estado-para-celebrar-populacao-idosa-reune-mais-de-400-pessoas-no-teatro-guaira\/","name":"Evento do Estado para celebrar popula\u00e7\u00e3o idosa re\u00fane mais de 400 pessoas no Teatro Gua\u00edra - Jornal","isPartOf":{"@id":"https:\/\/jornalboasnoticias.com.br\/home\/#website"},"primaryImageOfPage":{"@id":"https:\/\/jornalboasnoticias.com.br\/home\/evento-do-estado-para-celebrar-populacao-idosa-reune-mais-de-400-pessoas-no-teatro-guaira\/#primaryimage"},"image":{"@id":"https:\/\/jornalboasnoticias.com.br\/home\/evento-do-estado-para-celebrar-populacao-idosa-reune-mais-de-400-pessoas-no-teatro-guaira\/#primaryimage"},"thumbnailUrl":"https:\/\/jornalboasnoticias.com.br\/home\/wp-content\/uploads\/2024\/10\/img-20241023-wa01851-scaled.jpg","datePublished":"2024-10-24T14:15:43+00:00","description":"Evento do Estado para celebrar popula\u00e7\u00e3o idosa re\u00fane mais de 400 pessoas no Teatro Gua\u00edra","breadcrumb":{"@id":"https:\/\/jornalboasnoticias.com.br\/home\/evento-do-estado-para-celebrar-populacao-idosa-reune-mais-de-400-pessoas-no-teatro-guaira\/#breadcrumb"},"inLanguage":"pt-BR","potentialAction":[{"@type":"ReadAction","target":["https:\/\/jornalboasnoticias.com.br\/home\/evento-do-estado-para-celebrar-populacao-idosa-reune-mais-de-400-pessoas-no-teatro-guaira\/"]}]},{"@type":"ImageObject","inLanguage":"pt-BR","@id":"https:\/\/jornalboasnoticias.com.br\/home\/evento-do-estado-para-celebrar-populacao-idosa-reune-mais-de-400-pessoas-no-teatro-guaira\/#primaryimage","url":"https:\/\/jornalboasnoticias.com.br\/home\/wp-content\/uploads\/2024\/10\/img-20241023-wa01851-scaled.jpg","contentUrl":"https:\/\/jornalboasnoticias.com.br\/home\/wp-content\/uploads\/2024\/10\/img-20241023-wa01851-scaled.jpg","width":2560,"height":1707,"caption":"Foto: Robson Mafra \/ Semipi"},{"@type":"BreadcrumbList","@id":"https:\/\/jornalboasnoticias.com.br\/home\/evento-do-estado-para-celebrar-populacao-idosa-reune-mais-de-400-pessoas-no-teatro-guaira\/#breadcrumb","itemListElement":[{"@type":"ListItem","position":1,"name":"In\u00edcio","item":"https:\/\/jornalboasnoticias.com.br\/home\/"},{"@type":"ListItem","position":2,"name":"Evento do Estado para celebrar popula\u00e7\u00e3o idosa re\u00fane mais de 400 pessoas no Teatro Gua\u00edra"}]},{"@type":"WebSite","@id":"https:\/\/jornalboasnoticias.com.br\/home\/#website","url":"https:\/\/jornalboasnoticias.com.br\/home\/","name":"Jornal Boas Not\u00edcias","description":"Boas not\u00edcias","publisher":{"@id":"https:\/\/jornalboasnoticias.com.br\/home\/#organization"},"potentialAction":[{"@type":"SearchAction","target":{"@type":"EntryPoint","urlTemplate":"https:\/\/jornalboasnoticias.com.br\/home\/?s={search_term_string}"},"query-input":{"@type":"PropertyValueSpecification","valueRequired":true,"valueName":"search_term_string"}}],"inLanguage":"pt-BR"},{"@type":"Organization","@id":"https:\/\/jornalboasnoticias.com.br\/home\/#organization","name":"Coq Editora Ltda","alternateName":"Jornal Boas Noticias","url":"https:\/\/jornalboasnoticias.com.br\/home\/","logo":{"@type":"ImageObject","inLanguage":"pt-BR","@id":"https:\/\/jornalboasnoticias.com.br\/home\/#\/schema\/logo\/image\/","url":"https:\/\/jornalboasnoticias.com.br\/home\/wp-content\/uploads\/2024\/07\/cropped-logo.jpg","contentUrl":"https:\/\/jornalboasnoticias.com.br\/home\/wp-content\/uploads\/2024\/07\/cropped-logo.jpg","width":290,"height":142,"caption":"Coq Editora Ltda"},"image":{"@id":"https:\/\/jornalboasnoticias.com.br\/home\/#\/schema\/logo\/image\/"},"sameAs":["https:\/\/www.facebook.com\/boasnoticiasjornal"]},{"@type":"Person","@id":"https:\/\/jornalboasnoticias.com.br\/home\/#\/schema\/person\/d641193e0afc6405b390164dac847971","name":"Ana Luiza Bonatto","image":{"@type":"ImageObject","inLanguage":"pt-BR","@id":"https:\/\/secure.gravatar.com\/avatar\/8a055ebe6373371f67ac6fcf313c0ac0b0a91157fdcdb9514fa62927373348f0?s=96&d=mm&r=g","url":"https:\/\/secure.gravatar.com\/avatar\/8a055ebe6373371f67ac6fcf313c0ac0b0a91157fdcdb9514fa62927373348f0?s=96&d=mm&r=g","contentUrl":"https:\/\/secure.gravatar.com\/avatar\/8a055ebe6373371f67ac6fcf313c0ac0b0a91157fdcdb9514fa62927373348f0?s=96&d=mm&r=g","caption":"Ana Luiza Bonatto"},"url":"https:\/\/jornalboasnoticias.com.br\/home\/author\/ana-luiza\/"}]}},"_links":{"self":[{"href":"https:\/\/jornalboasnoticias.com.br\/home\/wp-json\/wp\/v2\/posts\/44455","targetHints":{"allow":["GET"]}}],"collection":[{"href":"https:\/\/jornalboasnoticias.com.br\/home\/wp-json\/wp\/v2\/posts"}],"about":[{"href":"https:\/\/jornalboasnoticias.com.br\/home\/wp-json\/wp\/v2\/types\/post"}],"author":[{"embeddable":true,"href":"https:\/\/jornalboasnoticias.com.br\/home\/wp-json\/wp\/v2\/users\/4"}],"replies":[{"embeddable":true,"href":"https:\/\/jornalboasnoticias.com.br\/home\/wp-json\/wp\/v2\/comments?post=44455"}],"version-history":[{"count":1,"href":"https:\/\/jornalboasnoticias.com.br\/home\/wp-json\/wp\/v2\/posts\/44455\/revisions"}],"predecessor-version":[{"id":44457,"href":"https:\/\/jornalboasnoticias.com.br\/home\/wp-json\/wp\/v2\/posts\/44455\/revisions\/44457"}],"wp:featuredmedia":[{"embeddable":true,"href":"https:\/\/jornalboasnoticias.com.br\/home\/wp-json\/wp\/v2\/media\/44456"}],"wp:attachment":[{"href":"https:\/\/jornalboasnoticias.com.br\/home\/wp-json\/wp\/v2\/media?parent=44455"}],"wp:term":[{"taxonomy":"category","embeddable":true,"href":"https:\/\/jornalboasnoticias.com.br\/home\/wp-json\/wp\/v2\/categories?post=44455"},{"taxonomy":"post_tag","embeddable":true,"href":"https:\/\/jornalboasnoticias.com.br\/home\/wp-json\/wp\/v2\/tags?post=44455"}],"curies":[{"name":"wp","href":"https:\/\/api.w.org\/{rel}","templated":true}]}}