{"id":44452,"date":"2024-10-24T14:14:19","date_gmt":"2024-10-24T14:14:19","guid":{"rendered":"https:\/\/jornalboasnoticias.com.br\/home\/?p=44452"},"modified":"2024-10-24T14:14:19","modified_gmt":"2024-10-24T14:14:19","slug":"pcpr-prende-suspeitos-por-adulteracao-de-farelo-de-soja-destinado-a-exportacao","status":"publish","type":"post","link":"https:\/\/jornalboasnoticias.com.br\/home\/pcpr-prende-suspeitos-por-adulteracao-de-farelo-de-soja-destinado-a-exportacao\/","title":{"rendered":"PCPR prende suspeitos por adultera\u00e7\u00e3o de farelo de soja destinado \u00e0 exporta\u00e7\u00e3o"},"content":{"rendered":"<div class=\"not-escopo-destaque\">\n<div>\n<figure id=\"attachment_44453\" aria-describedby=\"caption-attachment-44453\" style=\"width: 1600px\" class=\"wp-caption alignnone\"><img loading=\"lazy\" decoding=\"async\" class=\"size-full wp-image-44453\" src=\"https:\/\/jornalboasnoticias.com.br\/home\/wp-content\/uploads\/2024\/10\/whatsapp_image_2024-10-24_at_08.20.25_2.jpg\" alt=\"\" width=\"1600\" height=\"1066\" srcset=\"https:\/\/jornalboasnoticias.com.br\/home\/wp-content\/uploads\/2024\/10\/whatsapp_image_2024-10-24_at_08.20.25_2.jpg 1600w, https:\/\/jornalboasnoticias.com.br\/home\/wp-content\/uploads\/2024\/10\/whatsapp_image_2024-10-24_at_08.20.25_2-300x200.jpg 300w, https:\/\/jornalboasnoticias.com.br\/home\/wp-content\/uploads\/2024\/10\/whatsapp_image_2024-10-24_at_08.20.25_2-1024x682.jpg 1024w, https:\/\/jornalboasnoticias.com.br\/home\/wp-content\/uploads\/2024\/10\/whatsapp_image_2024-10-24_at_08.20.25_2-768x512.jpg 768w, https:\/\/jornalboasnoticias.com.br\/home\/wp-content\/uploads\/2024\/10\/whatsapp_image_2024-10-24_at_08.20.25_2-1536x1023.jpg 1536w, https:\/\/jornalboasnoticias.com.br\/home\/wp-content\/uploads\/2024\/10\/whatsapp_image_2024-10-24_at_08.20.25_2-900x600.jpg 900w\" sizes=\"auto, (max-width: 1600px) 100vw, 1600px\" \/><figcaption id=\"caption-attachment-44453\" class=\"wp-caption-text\">Foto: PCPR<\/figcaption><\/figure>\n<\/div>\n<\/div>\n<blockquote>\n<div class=\"not-escopo-destaque\">\n<div class=\"field field--name-field-escopo-destaque field--type-string-long field--label-hidden field--item\">Em a\u00e7\u00e3o conjunta com o Minist\u00e9rio da Agricultura e Pecu\u00e1ria, foram apreendidos um trator avaliado em mais de R$ 700 mil, um caminh\u00e3o, cerca de 300 toneladas de farelo de soja adulterado e materiais utilizados no processo de falsifica\u00e7\u00e3o. A\u00e7\u00e3o aconteceu nesta quarta-feira (23) em um barrac\u00e3o localizado em Curitiba.<\/div>\n<\/div>\n<\/blockquote>\n<div>\n<p>A Pol\u00edcia Civil do Paran\u00e1 (PCPR), em a\u00e7\u00e3o conjunta com o Minist\u00e9rio da Agricultura e Pecu\u00e1ria, prendeu em flagrante tr\u00eas indiv\u00edduos envolvidos em um esquema de adultera\u00e7\u00e3o de farelo de soja. A opera\u00e7\u00e3o ocorreu nesta quarta-feira (23) em um barrac\u00e3o localizado em Curitiba e utilizado para adulterar cargas destinadas ao Porto de Paranagu\u00e1.<\/p>\n<p>Os suspeitos foram autuados por corromper, adulterar, falsificar ou alterar subst\u00e2ncias aliment\u00edcias destinadas ao consumo.<\/p>\n<p>Durante a opera\u00e7\u00e3o, al\u00e9m das pris\u00f5es, foram apreendidos um trator avaliado em mais de R$ 700 mil, um caminh\u00e3o, cerca de 300 toneladas de farelo de soja adulterado e materiais utilizados no processo de falsifica\u00e7\u00e3o. A a\u00e7\u00e3o teve o apoio t\u00e9cnico do Minist\u00e9rio, que auxiliou na fiscaliza\u00e7\u00e3o e classifica\u00e7\u00e3o dos produtos.<\/p>\n<p>As investiga\u00e7\u00f5es come\u00e7aram ap\u00f3s den\u00fancias indicando que caminhoneiros estavam desviando da rota original para adulterar as cargas. A adultera\u00e7\u00e3o consistia na substitui\u00e7\u00e3o parcial do farelo de soja por materiais como areia, cascas e outros res\u00edduos, comprometendo a qualidade do produto exportado.<\/p>\n<p>\u201cO barrac\u00e3o vinha sendo monitorado pela PCPR ap\u00f3s identificarmos um fluxo irregular de caminh\u00f5es desviando da rota com destino a Paranagu\u00e1. Esta a\u00e7\u00e3o conjunta visa coibir essa pr\u00e1tica, que vem ganhando notoriedade nos \u00faltimos tempos\u201d, explicou o delegado da PCPR Andr\u00e9 Feltes.<\/p>\n<p>As investiga\u00e7\u00f5es seguem a fim de identificar outros envolvidos na pr\u00e1tica criminosa.<\/p>\n<p>O auditor agropecu\u00e1rio do Minist\u00e9rio Fernando Mendes destaca que o Brasil \u00e9 o maior exportador mundial de soja e que esse tipo de crime tem o potencial de comprometer a imagem do pa\u00eds como fornecedor seguro e confi\u00e1vel no mercado internacional.<\/p>\n<p>\u201cO Minist\u00e9rio da Agricultura, em articula\u00e7\u00e3o com a Secretaria de Seguran\u00e7a P\u00fablica do Estado do Paran\u00e1 e com a colabora\u00e7\u00e3o do setor produtivo organizado, tem atuado fortemente na repress\u00e3o dessas a\u00e7\u00f5es. Estamos presentes nas f\u00e1bricas de farelo de soja, nos exportadores, nos terminais de embarque portu\u00e1rio e na emiss\u00e3o do certificado internacional quando o produto j\u00e1 est\u00e1 embarcado no navio\u201d, disse.<\/p>\n<p>\u201cQualquer fraude ou falha nos protocolos para atendimento dos requisitos internacionais ser\u00e1 objeto de atua\u00e7\u00e3o dura por parte do Minist\u00e9rio da Agricultura e Pecu\u00e1ria\u201d, afirma Mendes.<\/p>\n<\/div>\n","protected":false},"excerpt":{"rendered":"<p>Em a\u00e7\u00e3o conjunta com o Minist\u00e9rio da Agricultura e Pecu\u00e1ria, foram apreendidos um trator avaliado<\/p>\n","protected":false},"author":4,"featured_media":44453,"comment_status":"open","ping_status":"open","sticky":false,"template":"","format":"standard","meta":{"footnotes":""},"categories":[3,4],"tags":[],"class_list":["post-44452","post","type-post","status-publish","format-standard","has-post-thumbnail","hentry","category-destaques","category-parana"],"yoast_head":"<!-- This site is optimized with the Yoast SEO plugin v27.5 - https:\/\/yoast.com\/product\/yoast-seo-wordpress\/ -->\n<title>PCPR prende suspeitos por adultera\u00e7\u00e3o de farelo de soja destinado \u00e0 exporta\u00e7\u00e3o - Jornal<\/title>\n<meta name=\"description\" content=\"PCPR prende suspeitos por adultera\u00e7\u00e3o de farelo de soja destinado \u00e0 exporta\u00e7\u00e3o\" \/>\n<meta name=\"robots\" content=\"index, follow, max-snippet:-1, max-image-preview:large, max-video-preview:-1\" \/>\n<link rel=\"canonical\" href=\"https:\/\/jornalboasnoticias.com.br\/home\/pcpr-prende-suspeitos-por-adulteracao-de-farelo-de-soja-destinado-a-exportacao\/\" \/>\n<meta property=\"og:locale\" content=\"pt_BR\" \/>\n<meta property=\"og:type\" content=\"article\" \/>\n<meta property=\"og:title\" content=\"PCPR prende suspeitos por adultera\u00e7\u00e3o de farelo de soja destinado \u00e0 exporta\u00e7\u00e3o - Jornal\" \/>\n<meta property=\"og:description\" content=\"PCPR prende suspeitos por adultera\u00e7\u00e3o de farelo de soja destinado \u00e0 exporta\u00e7\u00e3o\" \/>\n<meta property=\"og:url\" content=\"https:\/\/jornalboasnoticias.com.br\/home\/pcpr-prende-suspeitos-por-adulteracao-de-farelo-de-soja-destinado-a-exportacao\/\" \/>\n<meta property=\"og:site_name\" content=\"Jornal\" \/>\n<meta property=\"article:publisher\" content=\"https:\/\/www.facebook.com\/boasnoticiasjornal\" \/>\n<meta property=\"article:published_time\" content=\"2024-10-24T14:14:19+00:00\" \/>\n<meta property=\"og:image\" content=\"https:\/\/jornalboasnoticias.com.br\/home\/wp-content\/uploads\/2024\/10\/whatsapp_image_2024-10-24_at_08.20.25_2.jpg\" \/>\n\t<meta property=\"og:image:width\" content=\"1600\" \/>\n\t<meta property=\"og:image:height\" content=\"1066\" \/>\n\t<meta property=\"og:image:type\" content=\"image\/jpeg\" \/>\n<meta name=\"author\" content=\"Ana Luiza Bonatto\" \/>\n<meta name=\"twitter:card\" content=\"summary_large_image\" \/>\n<meta name=\"twitter:label1\" content=\"Escrito por\" \/>\n\t<meta name=\"twitter:data1\" content=\"Ana Luiza Bonatto\" \/>\n\t<meta name=\"twitter:label2\" content=\"Est. tempo de leitura\" \/>\n\t<meta name=\"twitter:data2\" content=\"3 minutos\" \/>\n<script type=\"application\/ld+json\" class=\"yoast-schema-graph\">{\"@context\":\"https:\\\/\\\/schema.org\",\"@graph\":[{\"@type\":\"Article\",\"@id\":\"https:\\\/\\\/jornalboasnoticias.com.br\\\/home\\\/pcpr-prende-suspeitos-por-adulteracao-de-farelo-de-soja-destinado-a-exportacao\\\/#article\",\"isPartOf\":{\"@id\":\"https:\\\/\\\/jornalboasnoticias.com.br\\\/home\\\/pcpr-prende-suspeitos-por-adulteracao-de-farelo-de-soja-destinado-a-exportacao\\\/\"},\"author\":{\"name\":\"Ana Luiza Bonatto\",\"@id\":\"https:\\\/\\\/jornalboasnoticias.com.br\\\/home\\\/#\\\/schema\\\/person\\\/d641193e0afc6405b390164dac847971\"},\"headline\":\"PCPR prende suspeitos por adultera\u00e7\u00e3o de farelo de soja destinado \u00e0 exporta\u00e7\u00e3o\",\"datePublished\":\"2024-10-24T14:14:19+00:00\",\"mainEntityOfPage\":{\"@id\":\"https:\\\/\\\/jornalboasnoticias.com.br\\\/home\\\/pcpr-prende-suspeitos-por-adulteracao-de-farelo-de-soja-destinado-a-exportacao\\\/\"},\"wordCount\":466,\"commentCount\":0,\"publisher\":{\"@id\":\"https:\\\/\\\/jornalboasnoticias.com.br\\\/home\\\/#organization\"},\"image\":{\"@id\":\"https:\\\/\\\/jornalboasnoticias.com.br\\\/home\\\/pcpr-prende-suspeitos-por-adulteracao-de-farelo-de-soja-destinado-a-exportacao\\\/#primaryimage\"},\"thumbnailUrl\":\"https:\\\/\\\/jornalboasnoticias.com.br\\\/home\\\/wp-content\\\/uploads\\\/2024\\\/10\\\/whatsapp_image_2024-10-24_at_08.20.25_2.jpg\",\"articleSection\":[\"DESTAQUE\",\"PARAN\u00c1\"],\"inLanguage\":\"pt-BR\",\"potentialAction\":[{\"@type\":\"CommentAction\",\"name\":\"Comment\",\"target\":[\"https:\\\/\\\/jornalboasnoticias.com.br\\\/home\\\/pcpr-prende-suspeitos-por-adulteracao-de-farelo-de-soja-destinado-a-exportacao\\\/#respond\"]}]},{\"@type\":\"WebPage\",\"@id\":\"https:\\\/\\\/jornalboasnoticias.com.br\\\/home\\\/pcpr-prende-suspeitos-por-adulteracao-de-farelo-de-soja-destinado-a-exportacao\\\/\",\"url\":\"https:\\\/\\\/jornalboasnoticias.com.br\\\/home\\\/pcpr-prende-suspeitos-por-adulteracao-de-farelo-de-soja-destinado-a-exportacao\\\/\",\"name\":\"PCPR prende suspeitos por adultera\u00e7\u00e3o de farelo de soja destinado \u00e0 exporta\u00e7\u00e3o - Jornal\",\"isPartOf\":{\"@id\":\"https:\\\/\\\/jornalboasnoticias.com.br\\\/home\\\/#website\"},\"primaryImageOfPage\":{\"@id\":\"https:\\\/\\\/jornalboasnoticias.com.br\\\/home\\\/pcpr-prende-suspeitos-por-adulteracao-de-farelo-de-soja-destinado-a-exportacao\\\/#primaryimage\"},\"image\":{\"@id\":\"https:\\\/\\\/jornalboasnoticias.com.br\\\/home\\\/pcpr-prende-suspeitos-por-adulteracao-de-farelo-de-soja-destinado-a-exportacao\\\/#primaryimage\"},\"thumbnailUrl\":\"https:\\\/\\\/jornalboasnoticias.com.br\\\/home\\\/wp-content\\\/uploads\\\/2024\\\/10\\\/whatsapp_image_2024-10-24_at_08.20.25_2.jpg\",\"datePublished\":\"2024-10-24T14:14:19+00:00\",\"description\":\"PCPR prende suspeitos por adultera\u00e7\u00e3o de farelo de soja destinado \u00e0 exporta\u00e7\u00e3o\",\"breadcrumb\":{\"@id\":\"https:\\\/\\\/jornalboasnoticias.com.br\\\/home\\\/pcpr-prende-suspeitos-por-adulteracao-de-farelo-de-soja-destinado-a-exportacao\\\/#breadcrumb\"},\"inLanguage\":\"pt-BR\",\"potentialAction\":[{\"@type\":\"ReadAction\",\"target\":[\"https:\\\/\\\/jornalboasnoticias.com.br\\\/home\\\/pcpr-prende-suspeitos-por-adulteracao-de-farelo-de-soja-destinado-a-exportacao\\\/\"]}]},{\"@type\":\"ImageObject\",\"inLanguage\":\"pt-BR\",\"@id\":\"https:\\\/\\\/jornalboasnoticias.com.br\\\/home\\\/pcpr-prende-suspeitos-por-adulteracao-de-farelo-de-soja-destinado-a-exportacao\\\/#primaryimage\",\"url\":\"https:\\\/\\\/jornalboasnoticias.com.br\\\/home\\\/wp-content\\\/uploads\\\/2024\\\/10\\\/whatsapp_image_2024-10-24_at_08.20.25_2.jpg\",\"contentUrl\":\"https:\\\/\\\/jornalboasnoticias.com.br\\\/home\\\/wp-content\\\/uploads\\\/2024\\\/10\\\/whatsapp_image_2024-10-24_at_08.20.25_2.jpg\",\"width\":1600,\"height\":1066,\"caption\":\"Foto: PCPR\"},{\"@type\":\"BreadcrumbList\",\"@id\":\"https:\\\/\\\/jornalboasnoticias.com.br\\\/home\\\/pcpr-prende-suspeitos-por-adulteracao-de-farelo-de-soja-destinado-a-exportacao\\\/#breadcrumb\",\"itemListElement\":[{\"@type\":\"ListItem\",\"position\":1,\"name\":\"In\u00edcio\",\"item\":\"https:\\\/\\\/jornalboasnoticias.com.br\\\/home\\\/\"},{\"@type\":\"ListItem\",\"position\":2,\"name\":\"PCPR prende suspeitos por adultera\u00e7\u00e3o de farelo de soja destinado \u00e0 exporta\u00e7\u00e3o\"}]},{\"@type\":\"WebSite\",\"@id\":\"https:\\\/\\\/jornalboasnoticias.com.br\\\/home\\\/#website\",\"url\":\"https:\\\/\\\/jornalboasnoticias.com.br\\\/home\\\/\",\"name\":\"Jornal Boas Not\u00edcias\",\"description\":\"Boas not\u00edcias\",\"publisher\":{\"@id\":\"https:\\\/\\\/jornalboasnoticias.com.br\\\/home\\\/#organization\"},\"potentialAction\":[{\"@type\":\"SearchAction\",\"target\":{\"@type\":\"EntryPoint\",\"urlTemplate\":\"https:\\\/\\\/jornalboasnoticias.com.br\\\/home\\\/?s={search_term_string}\"},\"query-input\":{\"@type\":\"PropertyValueSpecification\",\"valueRequired\":true,\"valueName\":\"search_term_string\"}}],\"inLanguage\":\"pt-BR\"},{\"@type\":\"Organization\",\"@id\":\"https:\\\/\\\/jornalboasnoticias.com.br\\\/home\\\/#organization\",\"name\":\"Coq Editora Ltda\",\"alternateName\":\"Jornal Boas Noticias\",\"url\":\"https:\\\/\\\/jornalboasnoticias.com.br\\\/home\\\/\",\"logo\":{\"@type\":\"ImageObject\",\"inLanguage\":\"pt-BR\",\"@id\":\"https:\\\/\\\/jornalboasnoticias.com.br\\\/home\\\/#\\\/schema\\\/logo\\\/image\\\/\",\"url\":\"https:\\\/\\\/jornalboasnoticias.com.br\\\/home\\\/wp-content\\\/uploads\\\/2024\\\/07\\\/cropped-logo.jpg\",\"contentUrl\":\"https:\\\/\\\/jornalboasnoticias.com.br\\\/home\\\/wp-content\\\/uploads\\\/2024\\\/07\\\/cropped-logo.jpg\",\"width\":290,\"height\":142,\"caption\":\"Coq Editora Ltda\"},\"image\":{\"@id\":\"https:\\\/\\\/jornalboasnoticias.com.br\\\/home\\\/#\\\/schema\\\/logo\\\/image\\\/\"},\"sameAs\":[\"https:\\\/\\\/www.facebook.com\\\/boasnoticiasjornal\"]},{\"@type\":\"Person\",\"@id\":\"https:\\\/\\\/jornalboasnoticias.com.br\\\/home\\\/#\\\/schema\\\/person\\\/d641193e0afc6405b390164dac847971\",\"name\":\"Ana Luiza Bonatto\",\"image\":{\"@type\":\"ImageObject\",\"inLanguage\":\"pt-BR\",\"@id\":\"https:\\\/\\\/secure.gravatar.com\\\/avatar\\\/8a055ebe6373371f67ac6fcf313c0ac0b0a91157fdcdb9514fa62927373348f0?s=96&d=mm&r=g\",\"url\":\"https:\\\/\\\/secure.gravatar.com\\\/avatar\\\/8a055ebe6373371f67ac6fcf313c0ac0b0a91157fdcdb9514fa62927373348f0?s=96&d=mm&r=g\",\"contentUrl\":\"https:\\\/\\\/secure.gravatar.com\\\/avatar\\\/8a055ebe6373371f67ac6fcf313c0ac0b0a91157fdcdb9514fa62927373348f0?s=96&d=mm&r=g\",\"caption\":\"Ana Luiza Bonatto\"},\"url\":\"https:\\\/\\\/jornalboasnoticias.com.br\\\/home\\\/author\\\/ana-luiza\\\/\"}]}<\/script>\n<!-- \/ Yoast SEO plugin. -->","yoast_head_json":{"title":"PCPR prende suspeitos por adultera\u00e7\u00e3o de farelo de soja destinado \u00e0 exporta\u00e7\u00e3o - Jornal","description":"PCPR prende suspeitos por adultera\u00e7\u00e3o de farelo de soja destinado \u00e0 exporta\u00e7\u00e3o","robots":{"index":"index","follow":"follow","max-snippet":"max-snippet:-1","max-image-preview":"max-image-preview:large","max-video-preview":"max-video-preview:-1"},"canonical":"https:\/\/jornalboasnoticias.com.br\/home\/pcpr-prende-suspeitos-por-adulteracao-de-farelo-de-soja-destinado-a-exportacao\/","og_locale":"pt_BR","og_type":"article","og_title":"PCPR prende suspeitos por adultera\u00e7\u00e3o de farelo de soja destinado \u00e0 exporta\u00e7\u00e3o - Jornal","og_description":"PCPR prende suspeitos por adultera\u00e7\u00e3o de farelo de soja destinado \u00e0 exporta\u00e7\u00e3o","og_url":"https:\/\/jornalboasnoticias.com.br\/home\/pcpr-prende-suspeitos-por-adulteracao-de-farelo-de-soja-destinado-a-exportacao\/","og_site_name":"Jornal","article_publisher":"https:\/\/www.facebook.com\/boasnoticiasjornal","article_published_time":"2024-10-24T14:14:19+00:00","og_image":[{"width":1600,"height":1066,"url":"https:\/\/jornalboasnoticias.com.br\/home\/wp-content\/uploads\/2024\/10\/whatsapp_image_2024-10-24_at_08.20.25_2.jpg","type":"image\/jpeg"}],"author":"Ana Luiza Bonatto","twitter_card":"summary_large_image","twitter_misc":{"Escrito por":"Ana Luiza Bonatto","Est. tempo de leitura":"3 minutos"},"schema":{"@context":"https:\/\/schema.org","@graph":[{"@type":"Article","@id":"https:\/\/jornalboasnoticias.com.br\/home\/pcpr-prende-suspeitos-por-adulteracao-de-farelo-de-soja-destinado-a-exportacao\/#article","isPartOf":{"@id":"https:\/\/jornalboasnoticias.com.br\/home\/pcpr-prende-suspeitos-por-adulteracao-de-farelo-de-soja-destinado-a-exportacao\/"},"author":{"name":"Ana Luiza Bonatto","@id":"https:\/\/jornalboasnoticias.com.br\/home\/#\/schema\/person\/d641193e0afc6405b390164dac847971"},"headline":"PCPR prende suspeitos por adultera\u00e7\u00e3o de farelo de soja destinado \u00e0 exporta\u00e7\u00e3o","datePublished":"2024-10-24T14:14:19+00:00","mainEntityOfPage":{"@id":"https:\/\/jornalboasnoticias.com.br\/home\/pcpr-prende-suspeitos-por-adulteracao-de-farelo-de-soja-destinado-a-exportacao\/"},"wordCount":466,"commentCount":0,"publisher":{"@id":"https:\/\/jornalboasnoticias.com.br\/home\/#organization"},"image":{"@id":"https:\/\/jornalboasnoticias.com.br\/home\/pcpr-prende-suspeitos-por-adulteracao-de-farelo-de-soja-destinado-a-exportacao\/#primaryimage"},"thumbnailUrl":"https:\/\/jornalboasnoticias.com.br\/home\/wp-content\/uploads\/2024\/10\/whatsapp_image_2024-10-24_at_08.20.25_2.jpg","articleSection":["DESTAQUE","PARAN\u00c1"],"inLanguage":"pt-BR","potentialAction":[{"@type":"CommentAction","name":"Comment","target":["https:\/\/jornalboasnoticias.com.br\/home\/pcpr-prende-suspeitos-por-adulteracao-de-farelo-de-soja-destinado-a-exportacao\/#respond"]}]},{"@type":"WebPage","@id":"https:\/\/jornalboasnoticias.com.br\/home\/pcpr-prende-suspeitos-por-adulteracao-de-farelo-de-soja-destinado-a-exportacao\/","url":"https:\/\/jornalboasnoticias.com.br\/home\/pcpr-prende-suspeitos-por-adulteracao-de-farelo-de-soja-destinado-a-exportacao\/","name":"PCPR prende suspeitos por adultera\u00e7\u00e3o de farelo de soja destinado \u00e0 exporta\u00e7\u00e3o - Jornal","isPartOf":{"@id":"https:\/\/jornalboasnoticias.com.br\/home\/#website"},"primaryImageOfPage":{"@id":"https:\/\/jornalboasnoticias.com.br\/home\/pcpr-prende-suspeitos-por-adulteracao-de-farelo-de-soja-destinado-a-exportacao\/#primaryimage"},"image":{"@id":"https:\/\/jornalboasnoticias.com.br\/home\/pcpr-prende-suspeitos-por-adulteracao-de-farelo-de-soja-destinado-a-exportacao\/#primaryimage"},"thumbnailUrl":"https:\/\/jornalboasnoticias.com.br\/home\/wp-content\/uploads\/2024\/10\/whatsapp_image_2024-10-24_at_08.20.25_2.jpg","datePublished":"2024-10-24T14:14:19+00:00","description":"PCPR prende suspeitos por adultera\u00e7\u00e3o de farelo de soja destinado \u00e0 exporta\u00e7\u00e3o","breadcrumb":{"@id":"https:\/\/jornalboasnoticias.com.br\/home\/pcpr-prende-suspeitos-por-adulteracao-de-farelo-de-soja-destinado-a-exportacao\/#breadcrumb"},"inLanguage":"pt-BR","potentialAction":[{"@type":"ReadAction","target":["https:\/\/jornalboasnoticias.com.br\/home\/pcpr-prende-suspeitos-por-adulteracao-de-farelo-de-soja-destinado-a-exportacao\/"]}]},{"@type":"ImageObject","inLanguage":"pt-BR","@id":"https:\/\/jornalboasnoticias.com.br\/home\/pcpr-prende-suspeitos-por-adulteracao-de-farelo-de-soja-destinado-a-exportacao\/#primaryimage","url":"https:\/\/jornalboasnoticias.com.br\/home\/wp-content\/uploads\/2024\/10\/whatsapp_image_2024-10-24_at_08.20.25_2.jpg","contentUrl":"https:\/\/jornalboasnoticias.com.br\/home\/wp-content\/uploads\/2024\/10\/whatsapp_image_2024-10-24_at_08.20.25_2.jpg","width":1600,"height":1066,"caption":"Foto: PCPR"},{"@type":"BreadcrumbList","@id":"https:\/\/jornalboasnoticias.com.br\/home\/pcpr-prende-suspeitos-por-adulteracao-de-farelo-de-soja-destinado-a-exportacao\/#breadcrumb","itemListElement":[{"@type":"ListItem","position":1,"name":"In\u00edcio","item":"https:\/\/jornalboasnoticias.com.br\/home\/"},{"@type":"ListItem","position":2,"name":"PCPR prende suspeitos por adultera\u00e7\u00e3o de farelo de soja destinado \u00e0 exporta\u00e7\u00e3o"}]},{"@type":"WebSite","@id":"https:\/\/jornalboasnoticias.com.br\/home\/#website","url":"https:\/\/jornalboasnoticias.com.br\/home\/","name":"Jornal Boas Not\u00edcias","description":"Boas not\u00edcias","publisher":{"@id":"https:\/\/jornalboasnoticias.com.br\/home\/#organization"},"potentialAction":[{"@type":"SearchAction","target":{"@type":"EntryPoint","urlTemplate":"https:\/\/jornalboasnoticias.com.br\/home\/?s={search_term_string}"},"query-input":{"@type":"PropertyValueSpecification","valueRequired":true,"valueName":"search_term_string"}}],"inLanguage":"pt-BR"},{"@type":"Organization","@id":"https:\/\/jornalboasnoticias.com.br\/home\/#organization","name":"Coq Editora Ltda","alternateName":"Jornal Boas Noticias","url":"https:\/\/jornalboasnoticias.com.br\/home\/","logo":{"@type":"ImageObject","inLanguage":"pt-BR","@id":"https:\/\/jornalboasnoticias.com.br\/home\/#\/schema\/logo\/image\/","url":"https:\/\/jornalboasnoticias.com.br\/home\/wp-content\/uploads\/2024\/07\/cropped-logo.jpg","contentUrl":"https:\/\/jornalboasnoticias.com.br\/home\/wp-content\/uploads\/2024\/07\/cropped-logo.jpg","width":290,"height":142,"caption":"Coq Editora Ltda"},"image":{"@id":"https:\/\/jornalboasnoticias.com.br\/home\/#\/schema\/logo\/image\/"},"sameAs":["https:\/\/www.facebook.com\/boasnoticiasjornal"]},{"@type":"Person","@id":"https:\/\/jornalboasnoticias.com.br\/home\/#\/schema\/person\/d641193e0afc6405b390164dac847971","name":"Ana Luiza Bonatto","image":{"@type":"ImageObject","inLanguage":"pt-BR","@id":"https:\/\/secure.gravatar.com\/avatar\/8a055ebe6373371f67ac6fcf313c0ac0b0a91157fdcdb9514fa62927373348f0?s=96&d=mm&r=g","url":"https:\/\/secure.gravatar.com\/avatar\/8a055ebe6373371f67ac6fcf313c0ac0b0a91157fdcdb9514fa62927373348f0?s=96&d=mm&r=g","contentUrl":"https:\/\/secure.gravatar.com\/avatar\/8a055ebe6373371f67ac6fcf313c0ac0b0a91157fdcdb9514fa62927373348f0?s=96&d=mm&r=g","caption":"Ana Luiza Bonatto"},"url":"https:\/\/jornalboasnoticias.com.br\/home\/author\/ana-luiza\/"}]}},"_links":{"self":[{"href":"https:\/\/jornalboasnoticias.com.br\/home\/wp-json\/wp\/v2\/posts\/44452","targetHints":{"allow":["GET"]}}],"collection":[{"href":"https:\/\/jornalboasnoticias.com.br\/home\/wp-json\/wp\/v2\/posts"}],"about":[{"href":"https:\/\/jornalboasnoticias.com.br\/home\/wp-json\/wp\/v2\/types\/post"}],"author":[{"embeddable":true,"href":"https:\/\/jornalboasnoticias.com.br\/home\/wp-json\/wp\/v2\/users\/4"}],"replies":[{"embeddable":true,"href":"https:\/\/jornalboasnoticias.com.br\/home\/wp-json\/wp\/v2\/comments?post=44452"}],"version-history":[{"count":1,"href":"https:\/\/jornalboasnoticias.com.br\/home\/wp-json\/wp\/v2\/posts\/44452\/revisions"}],"predecessor-version":[{"id":44454,"href":"https:\/\/jornalboasnoticias.com.br\/home\/wp-json\/wp\/v2\/posts\/44452\/revisions\/44454"}],"wp:featuredmedia":[{"embeddable":true,"href":"https:\/\/jornalboasnoticias.com.br\/home\/wp-json\/wp\/v2\/media\/44453"}],"wp:attachment":[{"href":"https:\/\/jornalboasnoticias.com.br\/home\/wp-json\/wp\/v2\/media?parent=44452"}],"wp:term":[{"taxonomy":"category","embeddable":true,"href":"https:\/\/jornalboasnoticias.com.br\/home\/wp-json\/wp\/v2\/categories?post=44452"},{"taxonomy":"post_tag","embeddable":true,"href":"https:\/\/jornalboasnoticias.com.br\/home\/wp-json\/wp\/v2\/tags?post=44452"}],"curies":[{"name":"wp","href":"https:\/\/api.w.org\/{rel}","templated":true}]}}