{"id":44446,"date":"2024-10-24T14:11:57","date_gmt":"2024-10-24T14:11:57","guid":{"rendered":"https:\/\/jornalboasnoticias.com.br\/home\/?p=44446"},"modified":"2024-10-24T14:11:57","modified_gmt":"2024-10-24T14:11:57","slug":"parana-reforca-importancia-do-monitoramento-e-da-vacinacao-contra-a-poliomielite","status":"publish","type":"post","link":"https:\/\/jornalboasnoticias.com.br\/home\/parana-reforca-importancia-do-monitoramento-e-da-vacinacao-contra-a-poliomielite\/","title":{"rendered":"Paran\u00e1 refor\u00e7a import\u00e2ncia do monitoramento e da vacina\u00e7\u00e3o contra a poliomielite"},"content":{"rendered":"<div class=\"not-escopo-destaque\">\n<div>\n<figure id=\"attachment_44447\" aria-describedby=\"caption-attachment-44447\" style=\"width: 2560px\" class=\"wp-caption alignnone\"><img loading=\"lazy\" decoding=\"async\" class=\"size-full wp-image-44447\" src=\"https:\/\/jornalboasnoticias.com.br\/home\/wp-content\/uploads\/2024\/10\/jaja6350_copy_2-scaled.jpg\" alt=\"\" width=\"2560\" height=\"1707\" srcset=\"https:\/\/jornalboasnoticias.com.br\/home\/wp-content\/uploads\/2024\/10\/jaja6350_copy_2-scaled.jpg 2560w, https:\/\/jornalboasnoticias.com.br\/home\/wp-content\/uploads\/2024\/10\/jaja6350_copy_2-300x200.jpg 300w, https:\/\/jornalboasnoticias.com.br\/home\/wp-content\/uploads\/2024\/10\/jaja6350_copy_2-1024x683.jpg 1024w, https:\/\/jornalboasnoticias.com.br\/home\/wp-content\/uploads\/2024\/10\/jaja6350_copy_2-768x512.jpg 768w, https:\/\/jornalboasnoticias.com.br\/home\/wp-content\/uploads\/2024\/10\/jaja6350_copy_2-1536x1024.jpg 1536w, https:\/\/jornalboasnoticias.com.br\/home\/wp-content\/uploads\/2024\/10\/jaja6350_copy_2-2048x1365.jpg 2048w, https:\/\/jornalboasnoticias.com.br\/home\/wp-content\/uploads\/2024\/10\/jaja6350_copy_2-900x600.jpg 900w\" sizes=\"auto, (max-width: 2560px) 100vw, 2560px\" \/><figcaption id=\"caption-attachment-44447\" class=\"wp-caption-text\">Foto: Jaelson Lucas\/Arquivo AEN<\/figcaption><\/figure>\n<\/div>\n<\/div>\n<blockquote>\n<div class=\"not-escopo-destaque\">\n<div class=\"field field--name-field-escopo-destaque field--type-string-long field--label-hidden field--item\">24 de outubro \u00e9 o Dia Mundial de Combate \u00e0 Poliomielite. Tamb\u00e9m conhecida como paralisia infantil, trata-se de uma infec\u00e7\u00e3o viral grave que pode causar paralisia fl\u00e1cida s\u00fabita, afetando principalmente crian\u00e7as menores de 5 anos. A vacina\u00e7\u00e3o \u00e9 a \u00fanica forma eficaz de preven\u00e7\u00e3o, pois n\u00e3o existe tratamento espec\u00edfico para a doen\u00e7a.<\/div>\n<\/div>\n<\/blockquote>\n<div>\n<p>Correr, brincar, pular e viver uma inf\u00e2ncia plena \u00e9 essencial para as crian\u00e7as, mas a poliomielite, tamb\u00e9m conhecida como paralisia infantil, pode interromper esses momentos, comprometendo a sa\u00fade e o desenvolvimento. Neste 24 de outubro, Dia Mundial de Combate \u00e0 Poliomielite, a Secretaria de Estado da Sa\u00fade (Sesa) refor\u00e7a a import\u00e2ncia da imuniza\u00e7\u00e3o e da vigil\u00e2ncia constante para garantir que o Estado permane\u00e7a livre da doen\u00e7a.<\/p>\n<p>A poliomielite \u00e9 uma infec\u00e7\u00e3o viral grave que pode causar paralisia fl\u00e1cida s\u00fabita, afetando principalmente crian\u00e7as menores de 5 anos. A vacina\u00e7\u00e3o \u00e9 a \u00fanica forma eficaz de preven\u00e7\u00e3o, pois n\u00e3o existe tratamento espec\u00edfico para a doen\u00e7a. O Paran\u00e1 j\u00e1 est\u00e1 livre de casos de poliomielite h\u00e1 38 anos, enquanto o Brasil n\u00e3o registra a circula\u00e7\u00e3o do v\u00edrus h\u00e1 35, e as Am\u00e9ricas, h\u00e1 30 anos. No entanto, o combate continua uma prioridade global, dada a possibilidade de reintrodu\u00e7\u00e3o do v\u00edrus em regi\u00f5es como o Brasil.<\/p>\n<p>O secret\u00e1rio de Estado da Sa\u00fade do Paran\u00e1, C\u00e9sar Neves, destacou a import\u00e2ncia de manter a imuniza\u00e7\u00e3o e a vigil\u00e2ncia para proteger a popula\u00e7\u00e3o.<\/p>\n<p>\u201cEstamos comemorando quase quatro d\u00e9cadas sem poliomielite no Paran\u00e1, mas isso s\u00f3 foi poss\u00edvel gra\u00e7as ao compromisso da popula\u00e7\u00e3o em se vacinar. Nossa vigil\u00e2ncia deve ser cada vez mais refor\u00e7ada e nossa cobertura vacinal precisa aumentar, pois a reintrodu\u00e7\u00e3o do v\u00edrus \u00e9 uma amea\u00e7a real. A vacina \u00e9 o \u00fanico caminho para proteger nossas crian\u00e7as\u201d, ressaltou Neves.<\/p>\n<p><strong>VACINA\u00c7\u00c3O<\/strong>\u00a0\u2013 De acordo com o Programa Nacional de Imuniza\u00e7\u00f5es (PNI), a partir de 4 de novembro as doses de refor\u00e7o aos 15 meses de idade, anteriormente aplicadas com a vacina oral (VOPb), popularmente conhecida como &#8220;gotinha&#8221;, foi substitu\u00edda pela vacina inativada (VIP), que \u00e9 injet\u00e1vel.<\/p>\n<p>Agora, o esquema vacinal consiste em quatro doses: a primeira aos 2 meses, a segunda aos 4 meses, a terceira aos 6 meses e uma dose de refor\u00e7o aos 15 meses. A dose de refor\u00e7o aos 4 anos n\u00e3o ser\u00e1 mais necess\u00e1ria, j\u00e1 que o esquema atual de quatro doses garante prote\u00e7\u00e3o adequada. Essa atualiza\u00e7\u00e3o foi feita com base em crit\u00e9rios epidemiol\u00f3gicos e recomenda\u00e7\u00f5es internacionais.<\/p>\n<p>A cobertura vacinal da VIP no Paran\u00e1 em crian\u00e7as menores de um ano foi de 80,75% em 2021, de 84,12% em 2022 e 91,80% em 2023, de acordo com dados do Painel de Cobertura Vacinal do Minist\u00e9rio da Sa\u00fade \u2013 a meta preconizada pelo MS \u00e9 de 95%.<\/p>\n<p><strong>VIGIL\u00c2NCIA<\/strong>\u00a0&#8211;\u00a0Recentemente, a Organiza\u00e7\u00e3o Pan-Americana da Sa\u00fade (OPAS) emitiu um alerta ap\u00f3s a detec\u00e7\u00e3o de poliov\u00edrus derivado vacinal tipo 3 em \u00e1guas residuais na Guiana Francesa, na fronteira com o Amap\u00e1. Esse fato refor\u00e7a a necessidade de intensificar as a\u00e7\u00f5es de vigil\u00e2ncia no Brasil, especialmente na detec\u00e7\u00e3o, investiga\u00e7\u00e3o e coleta r\u00e1pida de todos os casos de Paralisia Fl\u00e1cida Aguda (PFA) em menores de 15 anos. A PFA, caracterizada pela paralisia s\u00fabita dos membros, pode ser um sinal de poliomielite e requer monitoramento cont\u00ednuo.<\/p>\n<p>No Paran\u00e1, a meta \u00e9 a notifica\u00e7\u00e3o de, no m\u00ednimo, 23 casos de PFA por ano em menores de 15 anos, j\u00e1 que trata-se de um dos sintomas da poliomielite. Ap\u00f3s a notifica\u00e7\u00e3o \u00e9 realizado o exame de fezes e, com resultado negativo para o poliovirus na amostra, o caso \u00e9 descartado. Isso garante a detec\u00e7\u00e3o precoce de uma poss\u00edvel circula\u00e7\u00e3o do v\u00edrus. Em 2024, o Estado j\u00e1 notificou 27 casos de paralisia fl\u00e1cida aguda. Esse monitoramento cont\u00ednuo \u00e9 essencial para uma resposta r\u00e1pida e eficaz contra a paralisia infantil.<\/p>\n<p>Al\u00e9m disso, \u00e9 importante monitorar viajantes que apresentem sintomas condizentes com poliomielite e que estiveram nos \u00faltimos 30 dias em \u00e1reas com circula\u00e7\u00e3o do v\u00edrus, como Afeganist\u00e3o, Paquist\u00e3o, algumas regi\u00f5es da \u00c1frica e a Faixa de Gaza.<\/p>\n<p>\u201cA vacina est\u00e1 dispon\u00edvel gratuitamente em todos os 399 munic\u00edpios paranaenses. Tanto a imuniza\u00e7\u00e3o quanto a vigil\u00e2ncia cont\u00ednua s\u00e3o fundamentais para que o Paran\u00e1 permane\u00e7a livre da poliomielite, garantindo que as pr\u00f3ximas gera\u00e7\u00f5es cres\u00e7am saud\u00e1veis e livres dessa grave amea\u00e7a,\u201d ressaltou Maria Goretti David Lopes, diretora de Aten\u00e7\u00e3o e Vigil\u00e2ncia em Sa\u00fade da Sesa.<\/p>\n<\/div>\n","protected":false},"excerpt":{"rendered":"<p>24 de outubro \u00e9 o Dia Mundial de Combate \u00e0 Poliomielite. Tamb\u00e9m conhecida como paralisia<\/p>\n","protected":false},"author":4,"featured_media":44447,"comment_status":"open","ping_status":"open","sticky":false,"template":"","format":"standard","meta":{"footnotes":""},"categories":[3,4],"tags":[],"class_list":["post-44446","post","type-post","status-publish","format-standard","has-post-thumbnail","hentry","category-destaques","category-parana"],"yoast_head":"<!-- This site is optimized with the Yoast SEO plugin v27.5 - https:\/\/yoast.com\/product\/yoast-seo-wordpress\/ -->\n<title>Paran\u00e1 refor\u00e7a import\u00e2ncia do monitoramento e da vacina\u00e7\u00e3o contra a poliomielite - Jornal<\/title>\n<meta name=\"description\" content=\"Paran\u00e1 refor\u00e7a import\u00e2ncia do monitoramento e da vacina\u00e7\u00e3o contra a poliomielite\" \/>\n<meta name=\"robots\" content=\"index, follow, max-snippet:-1, max-image-preview:large, max-video-preview:-1\" \/>\n<link rel=\"canonical\" href=\"https:\/\/jornalboasnoticias.com.br\/home\/parana-reforca-importancia-do-monitoramento-e-da-vacinacao-contra-a-poliomielite\/\" \/>\n<meta property=\"og:locale\" content=\"pt_BR\" \/>\n<meta property=\"og:type\" content=\"article\" \/>\n<meta property=\"og:title\" content=\"Paran\u00e1 refor\u00e7a import\u00e2ncia do monitoramento e da vacina\u00e7\u00e3o contra a poliomielite - Jornal\" \/>\n<meta property=\"og:description\" content=\"Paran\u00e1 refor\u00e7a import\u00e2ncia do monitoramento e da vacina\u00e7\u00e3o contra a poliomielite\" \/>\n<meta property=\"og:url\" content=\"https:\/\/jornalboasnoticias.com.br\/home\/parana-reforca-importancia-do-monitoramento-e-da-vacinacao-contra-a-poliomielite\/\" \/>\n<meta property=\"og:site_name\" content=\"Jornal\" \/>\n<meta property=\"article:publisher\" content=\"https:\/\/www.facebook.com\/boasnoticiasjornal\" \/>\n<meta property=\"article:published_time\" content=\"2024-10-24T14:11:57+00:00\" \/>\n<meta property=\"og:image\" content=\"https:\/\/jornalboasnoticias.com.br\/home\/wp-content\/uploads\/2024\/10\/jaja6350_copy_2-scaled.jpg\" \/>\n\t<meta property=\"og:image:width\" content=\"2560\" \/>\n\t<meta property=\"og:image:height\" content=\"1707\" \/>\n\t<meta property=\"og:image:type\" content=\"image\/jpeg\" \/>\n<meta name=\"author\" content=\"Ana Luiza Bonatto\" \/>\n<meta name=\"twitter:card\" content=\"summary_large_image\" \/>\n<meta name=\"twitter:label1\" content=\"Escrito por\" \/>\n\t<meta name=\"twitter:data1\" content=\"Ana Luiza Bonatto\" \/>\n\t<meta name=\"twitter:label2\" content=\"Est. tempo de leitura\" \/>\n\t<meta name=\"twitter:data2\" content=\"5 minutos\" \/>\n<script type=\"application\/ld+json\" class=\"yoast-schema-graph\">{\"@context\":\"https:\\\/\\\/schema.org\",\"@graph\":[{\"@type\":\"Article\",\"@id\":\"https:\\\/\\\/jornalboasnoticias.com.br\\\/home\\\/parana-reforca-importancia-do-monitoramento-e-da-vacinacao-contra-a-poliomielite\\\/#article\",\"isPartOf\":{\"@id\":\"https:\\\/\\\/jornalboasnoticias.com.br\\\/home\\\/parana-reforca-importancia-do-monitoramento-e-da-vacinacao-contra-a-poliomielite\\\/\"},\"author\":{\"name\":\"Ana Luiza Bonatto\",\"@id\":\"https:\\\/\\\/jornalboasnoticias.com.br\\\/home\\\/#\\\/schema\\\/person\\\/d641193e0afc6405b390164dac847971\"},\"headline\":\"Paran\u00e1 refor\u00e7a import\u00e2ncia do monitoramento e da vacina\u00e7\u00e3o contra a poliomielite\",\"datePublished\":\"2024-10-24T14:11:57+00:00\",\"mainEntityOfPage\":{\"@id\":\"https:\\\/\\\/jornalboasnoticias.com.br\\\/home\\\/parana-reforca-importancia-do-monitoramento-e-da-vacinacao-contra-a-poliomielite\\\/\"},\"wordCount\":806,\"commentCount\":0,\"publisher\":{\"@id\":\"https:\\\/\\\/jornalboasnoticias.com.br\\\/home\\\/#organization\"},\"image\":{\"@id\":\"https:\\\/\\\/jornalboasnoticias.com.br\\\/home\\\/parana-reforca-importancia-do-monitoramento-e-da-vacinacao-contra-a-poliomielite\\\/#primaryimage\"},\"thumbnailUrl\":\"https:\\\/\\\/jornalboasnoticias.com.br\\\/home\\\/wp-content\\\/uploads\\\/2024\\\/10\\\/jaja6350_copy_2-scaled.jpg\",\"articleSection\":[\"DESTAQUE\",\"PARAN\u00c1\"],\"inLanguage\":\"pt-BR\",\"potentialAction\":[{\"@type\":\"CommentAction\",\"name\":\"Comment\",\"target\":[\"https:\\\/\\\/jornalboasnoticias.com.br\\\/home\\\/parana-reforca-importancia-do-monitoramento-e-da-vacinacao-contra-a-poliomielite\\\/#respond\"]}]},{\"@type\":\"WebPage\",\"@id\":\"https:\\\/\\\/jornalboasnoticias.com.br\\\/home\\\/parana-reforca-importancia-do-monitoramento-e-da-vacinacao-contra-a-poliomielite\\\/\",\"url\":\"https:\\\/\\\/jornalboasnoticias.com.br\\\/home\\\/parana-reforca-importancia-do-monitoramento-e-da-vacinacao-contra-a-poliomielite\\\/\",\"name\":\"Paran\u00e1 refor\u00e7a import\u00e2ncia do monitoramento e da vacina\u00e7\u00e3o contra a poliomielite - Jornal\",\"isPartOf\":{\"@id\":\"https:\\\/\\\/jornalboasnoticias.com.br\\\/home\\\/#website\"},\"primaryImageOfPage\":{\"@id\":\"https:\\\/\\\/jornalboasnoticias.com.br\\\/home\\\/parana-reforca-importancia-do-monitoramento-e-da-vacinacao-contra-a-poliomielite\\\/#primaryimage\"},\"image\":{\"@id\":\"https:\\\/\\\/jornalboasnoticias.com.br\\\/home\\\/parana-reforca-importancia-do-monitoramento-e-da-vacinacao-contra-a-poliomielite\\\/#primaryimage\"},\"thumbnailUrl\":\"https:\\\/\\\/jornalboasnoticias.com.br\\\/home\\\/wp-content\\\/uploads\\\/2024\\\/10\\\/jaja6350_copy_2-scaled.jpg\",\"datePublished\":\"2024-10-24T14:11:57+00:00\",\"description\":\"Paran\u00e1 refor\u00e7a import\u00e2ncia do monitoramento e da vacina\u00e7\u00e3o contra a poliomielite\",\"breadcrumb\":{\"@id\":\"https:\\\/\\\/jornalboasnoticias.com.br\\\/home\\\/parana-reforca-importancia-do-monitoramento-e-da-vacinacao-contra-a-poliomielite\\\/#breadcrumb\"},\"inLanguage\":\"pt-BR\",\"potentialAction\":[{\"@type\":\"ReadAction\",\"target\":[\"https:\\\/\\\/jornalboasnoticias.com.br\\\/home\\\/parana-reforca-importancia-do-monitoramento-e-da-vacinacao-contra-a-poliomielite\\\/\"]}]},{\"@type\":\"ImageObject\",\"inLanguage\":\"pt-BR\",\"@id\":\"https:\\\/\\\/jornalboasnoticias.com.br\\\/home\\\/parana-reforca-importancia-do-monitoramento-e-da-vacinacao-contra-a-poliomielite\\\/#primaryimage\",\"url\":\"https:\\\/\\\/jornalboasnoticias.com.br\\\/home\\\/wp-content\\\/uploads\\\/2024\\\/10\\\/jaja6350_copy_2-scaled.jpg\",\"contentUrl\":\"https:\\\/\\\/jornalboasnoticias.com.br\\\/home\\\/wp-content\\\/uploads\\\/2024\\\/10\\\/jaja6350_copy_2-scaled.jpg\",\"width\":2560,\"height\":1707,\"caption\":\"Foto: Jaelson Lucas\\\/Arquivo AEN\"},{\"@type\":\"BreadcrumbList\",\"@id\":\"https:\\\/\\\/jornalboasnoticias.com.br\\\/home\\\/parana-reforca-importancia-do-monitoramento-e-da-vacinacao-contra-a-poliomielite\\\/#breadcrumb\",\"itemListElement\":[{\"@type\":\"ListItem\",\"position\":1,\"name\":\"In\u00edcio\",\"item\":\"https:\\\/\\\/jornalboasnoticias.com.br\\\/home\\\/\"},{\"@type\":\"ListItem\",\"position\":2,\"name\":\"Paran\u00e1 refor\u00e7a import\u00e2ncia do monitoramento e da vacina\u00e7\u00e3o contra a poliomielite\"}]},{\"@type\":\"WebSite\",\"@id\":\"https:\\\/\\\/jornalboasnoticias.com.br\\\/home\\\/#website\",\"url\":\"https:\\\/\\\/jornalboasnoticias.com.br\\\/home\\\/\",\"name\":\"Jornal Boas Not\u00edcias\",\"description\":\"Boas not\u00edcias\",\"publisher\":{\"@id\":\"https:\\\/\\\/jornalboasnoticias.com.br\\\/home\\\/#organization\"},\"potentialAction\":[{\"@type\":\"SearchAction\",\"target\":{\"@type\":\"EntryPoint\",\"urlTemplate\":\"https:\\\/\\\/jornalboasnoticias.com.br\\\/home\\\/?s={search_term_string}\"},\"query-input\":{\"@type\":\"PropertyValueSpecification\",\"valueRequired\":true,\"valueName\":\"search_term_string\"}}],\"inLanguage\":\"pt-BR\"},{\"@type\":\"Organization\",\"@id\":\"https:\\\/\\\/jornalboasnoticias.com.br\\\/home\\\/#organization\",\"name\":\"Coq Editora Ltda\",\"alternateName\":\"Jornal Boas Noticias\",\"url\":\"https:\\\/\\\/jornalboasnoticias.com.br\\\/home\\\/\",\"logo\":{\"@type\":\"ImageObject\",\"inLanguage\":\"pt-BR\",\"@id\":\"https:\\\/\\\/jornalboasnoticias.com.br\\\/home\\\/#\\\/schema\\\/logo\\\/image\\\/\",\"url\":\"https:\\\/\\\/jornalboasnoticias.com.br\\\/home\\\/wp-content\\\/uploads\\\/2024\\\/07\\\/cropped-logo.jpg\",\"contentUrl\":\"https:\\\/\\\/jornalboasnoticias.com.br\\\/home\\\/wp-content\\\/uploads\\\/2024\\\/07\\\/cropped-logo.jpg\",\"width\":290,\"height\":142,\"caption\":\"Coq Editora Ltda\"},\"image\":{\"@id\":\"https:\\\/\\\/jornalboasnoticias.com.br\\\/home\\\/#\\\/schema\\\/logo\\\/image\\\/\"},\"sameAs\":[\"https:\\\/\\\/www.facebook.com\\\/boasnoticiasjornal\"]},{\"@type\":\"Person\",\"@id\":\"https:\\\/\\\/jornalboasnoticias.com.br\\\/home\\\/#\\\/schema\\\/person\\\/d641193e0afc6405b390164dac847971\",\"name\":\"Ana Luiza Bonatto\",\"image\":{\"@type\":\"ImageObject\",\"inLanguage\":\"pt-BR\",\"@id\":\"https:\\\/\\\/secure.gravatar.com\\\/avatar\\\/8a055ebe6373371f67ac6fcf313c0ac0b0a91157fdcdb9514fa62927373348f0?s=96&d=mm&r=g\",\"url\":\"https:\\\/\\\/secure.gravatar.com\\\/avatar\\\/8a055ebe6373371f67ac6fcf313c0ac0b0a91157fdcdb9514fa62927373348f0?s=96&d=mm&r=g\",\"contentUrl\":\"https:\\\/\\\/secure.gravatar.com\\\/avatar\\\/8a055ebe6373371f67ac6fcf313c0ac0b0a91157fdcdb9514fa62927373348f0?s=96&d=mm&r=g\",\"caption\":\"Ana Luiza Bonatto\"},\"url\":\"https:\\\/\\\/jornalboasnoticias.com.br\\\/home\\\/author\\\/ana-luiza\\\/\"}]}<\/script>\n<!-- \/ Yoast SEO plugin. -->","yoast_head_json":{"title":"Paran\u00e1 refor\u00e7a import\u00e2ncia do monitoramento e da vacina\u00e7\u00e3o contra a poliomielite - Jornal","description":"Paran\u00e1 refor\u00e7a import\u00e2ncia do monitoramento e da vacina\u00e7\u00e3o contra a poliomielite","robots":{"index":"index","follow":"follow","max-snippet":"max-snippet:-1","max-image-preview":"max-image-preview:large","max-video-preview":"max-video-preview:-1"},"canonical":"https:\/\/jornalboasnoticias.com.br\/home\/parana-reforca-importancia-do-monitoramento-e-da-vacinacao-contra-a-poliomielite\/","og_locale":"pt_BR","og_type":"article","og_title":"Paran\u00e1 refor\u00e7a import\u00e2ncia do monitoramento e da vacina\u00e7\u00e3o contra a poliomielite - Jornal","og_description":"Paran\u00e1 refor\u00e7a import\u00e2ncia do monitoramento e da vacina\u00e7\u00e3o contra a poliomielite","og_url":"https:\/\/jornalboasnoticias.com.br\/home\/parana-reforca-importancia-do-monitoramento-e-da-vacinacao-contra-a-poliomielite\/","og_site_name":"Jornal","article_publisher":"https:\/\/www.facebook.com\/boasnoticiasjornal","article_published_time":"2024-10-24T14:11:57+00:00","og_image":[{"width":2560,"height":1707,"url":"https:\/\/jornalboasnoticias.com.br\/home\/wp-content\/uploads\/2024\/10\/jaja6350_copy_2-scaled.jpg","type":"image\/jpeg"}],"author":"Ana Luiza Bonatto","twitter_card":"summary_large_image","twitter_misc":{"Escrito por":"Ana Luiza Bonatto","Est. tempo de leitura":"5 minutos"},"schema":{"@context":"https:\/\/schema.org","@graph":[{"@type":"Article","@id":"https:\/\/jornalboasnoticias.com.br\/home\/parana-reforca-importancia-do-monitoramento-e-da-vacinacao-contra-a-poliomielite\/#article","isPartOf":{"@id":"https:\/\/jornalboasnoticias.com.br\/home\/parana-reforca-importancia-do-monitoramento-e-da-vacinacao-contra-a-poliomielite\/"},"author":{"name":"Ana Luiza Bonatto","@id":"https:\/\/jornalboasnoticias.com.br\/home\/#\/schema\/person\/d641193e0afc6405b390164dac847971"},"headline":"Paran\u00e1 refor\u00e7a import\u00e2ncia do monitoramento e da vacina\u00e7\u00e3o contra a poliomielite","datePublished":"2024-10-24T14:11:57+00:00","mainEntityOfPage":{"@id":"https:\/\/jornalboasnoticias.com.br\/home\/parana-reforca-importancia-do-monitoramento-e-da-vacinacao-contra-a-poliomielite\/"},"wordCount":806,"commentCount":0,"publisher":{"@id":"https:\/\/jornalboasnoticias.com.br\/home\/#organization"},"image":{"@id":"https:\/\/jornalboasnoticias.com.br\/home\/parana-reforca-importancia-do-monitoramento-e-da-vacinacao-contra-a-poliomielite\/#primaryimage"},"thumbnailUrl":"https:\/\/jornalboasnoticias.com.br\/home\/wp-content\/uploads\/2024\/10\/jaja6350_copy_2-scaled.jpg","articleSection":["DESTAQUE","PARAN\u00c1"],"inLanguage":"pt-BR","potentialAction":[{"@type":"CommentAction","name":"Comment","target":["https:\/\/jornalboasnoticias.com.br\/home\/parana-reforca-importancia-do-monitoramento-e-da-vacinacao-contra-a-poliomielite\/#respond"]}]},{"@type":"WebPage","@id":"https:\/\/jornalboasnoticias.com.br\/home\/parana-reforca-importancia-do-monitoramento-e-da-vacinacao-contra-a-poliomielite\/","url":"https:\/\/jornalboasnoticias.com.br\/home\/parana-reforca-importancia-do-monitoramento-e-da-vacinacao-contra-a-poliomielite\/","name":"Paran\u00e1 refor\u00e7a import\u00e2ncia do monitoramento e da vacina\u00e7\u00e3o contra a poliomielite - Jornal","isPartOf":{"@id":"https:\/\/jornalboasnoticias.com.br\/home\/#website"},"primaryImageOfPage":{"@id":"https:\/\/jornalboasnoticias.com.br\/home\/parana-reforca-importancia-do-monitoramento-e-da-vacinacao-contra-a-poliomielite\/#primaryimage"},"image":{"@id":"https:\/\/jornalboasnoticias.com.br\/home\/parana-reforca-importancia-do-monitoramento-e-da-vacinacao-contra-a-poliomielite\/#primaryimage"},"thumbnailUrl":"https:\/\/jornalboasnoticias.com.br\/home\/wp-content\/uploads\/2024\/10\/jaja6350_copy_2-scaled.jpg","datePublished":"2024-10-24T14:11:57+00:00","description":"Paran\u00e1 refor\u00e7a import\u00e2ncia do monitoramento e da vacina\u00e7\u00e3o contra a poliomielite","breadcrumb":{"@id":"https:\/\/jornalboasnoticias.com.br\/home\/parana-reforca-importancia-do-monitoramento-e-da-vacinacao-contra-a-poliomielite\/#breadcrumb"},"inLanguage":"pt-BR","potentialAction":[{"@type":"ReadAction","target":["https:\/\/jornalboasnoticias.com.br\/home\/parana-reforca-importancia-do-monitoramento-e-da-vacinacao-contra-a-poliomielite\/"]}]},{"@type":"ImageObject","inLanguage":"pt-BR","@id":"https:\/\/jornalboasnoticias.com.br\/home\/parana-reforca-importancia-do-monitoramento-e-da-vacinacao-contra-a-poliomielite\/#primaryimage","url":"https:\/\/jornalboasnoticias.com.br\/home\/wp-content\/uploads\/2024\/10\/jaja6350_copy_2-scaled.jpg","contentUrl":"https:\/\/jornalboasnoticias.com.br\/home\/wp-content\/uploads\/2024\/10\/jaja6350_copy_2-scaled.jpg","width":2560,"height":1707,"caption":"Foto: Jaelson Lucas\/Arquivo AEN"},{"@type":"BreadcrumbList","@id":"https:\/\/jornalboasnoticias.com.br\/home\/parana-reforca-importancia-do-monitoramento-e-da-vacinacao-contra-a-poliomielite\/#breadcrumb","itemListElement":[{"@type":"ListItem","position":1,"name":"In\u00edcio","item":"https:\/\/jornalboasnoticias.com.br\/home\/"},{"@type":"ListItem","position":2,"name":"Paran\u00e1 refor\u00e7a import\u00e2ncia do monitoramento e da vacina\u00e7\u00e3o contra a poliomielite"}]},{"@type":"WebSite","@id":"https:\/\/jornalboasnoticias.com.br\/home\/#website","url":"https:\/\/jornalboasnoticias.com.br\/home\/","name":"Jornal Boas Not\u00edcias","description":"Boas not\u00edcias","publisher":{"@id":"https:\/\/jornalboasnoticias.com.br\/home\/#organization"},"potentialAction":[{"@type":"SearchAction","target":{"@type":"EntryPoint","urlTemplate":"https:\/\/jornalboasnoticias.com.br\/home\/?s={search_term_string}"},"query-input":{"@type":"PropertyValueSpecification","valueRequired":true,"valueName":"search_term_string"}}],"inLanguage":"pt-BR"},{"@type":"Organization","@id":"https:\/\/jornalboasnoticias.com.br\/home\/#organization","name":"Coq Editora Ltda","alternateName":"Jornal Boas Noticias","url":"https:\/\/jornalboasnoticias.com.br\/home\/","logo":{"@type":"ImageObject","inLanguage":"pt-BR","@id":"https:\/\/jornalboasnoticias.com.br\/home\/#\/schema\/logo\/image\/","url":"https:\/\/jornalboasnoticias.com.br\/home\/wp-content\/uploads\/2024\/07\/cropped-logo.jpg","contentUrl":"https:\/\/jornalboasnoticias.com.br\/home\/wp-content\/uploads\/2024\/07\/cropped-logo.jpg","width":290,"height":142,"caption":"Coq Editora Ltda"},"image":{"@id":"https:\/\/jornalboasnoticias.com.br\/home\/#\/schema\/logo\/image\/"},"sameAs":["https:\/\/www.facebook.com\/boasnoticiasjornal"]},{"@type":"Person","@id":"https:\/\/jornalboasnoticias.com.br\/home\/#\/schema\/person\/d641193e0afc6405b390164dac847971","name":"Ana Luiza Bonatto","image":{"@type":"ImageObject","inLanguage":"pt-BR","@id":"https:\/\/secure.gravatar.com\/avatar\/8a055ebe6373371f67ac6fcf313c0ac0b0a91157fdcdb9514fa62927373348f0?s=96&d=mm&r=g","url":"https:\/\/secure.gravatar.com\/avatar\/8a055ebe6373371f67ac6fcf313c0ac0b0a91157fdcdb9514fa62927373348f0?s=96&d=mm&r=g","contentUrl":"https:\/\/secure.gravatar.com\/avatar\/8a055ebe6373371f67ac6fcf313c0ac0b0a91157fdcdb9514fa62927373348f0?s=96&d=mm&r=g","caption":"Ana Luiza Bonatto"},"url":"https:\/\/jornalboasnoticias.com.br\/home\/author\/ana-luiza\/"}]}},"_links":{"self":[{"href":"https:\/\/jornalboasnoticias.com.br\/home\/wp-json\/wp\/v2\/posts\/44446","targetHints":{"allow":["GET"]}}],"collection":[{"href":"https:\/\/jornalboasnoticias.com.br\/home\/wp-json\/wp\/v2\/posts"}],"about":[{"href":"https:\/\/jornalboasnoticias.com.br\/home\/wp-json\/wp\/v2\/types\/post"}],"author":[{"embeddable":true,"href":"https:\/\/jornalboasnoticias.com.br\/home\/wp-json\/wp\/v2\/users\/4"}],"replies":[{"embeddable":true,"href":"https:\/\/jornalboasnoticias.com.br\/home\/wp-json\/wp\/v2\/comments?post=44446"}],"version-history":[{"count":1,"href":"https:\/\/jornalboasnoticias.com.br\/home\/wp-json\/wp\/v2\/posts\/44446\/revisions"}],"predecessor-version":[{"id":44448,"href":"https:\/\/jornalboasnoticias.com.br\/home\/wp-json\/wp\/v2\/posts\/44446\/revisions\/44448"}],"wp:featuredmedia":[{"embeddable":true,"href":"https:\/\/jornalboasnoticias.com.br\/home\/wp-json\/wp\/v2\/media\/44447"}],"wp:attachment":[{"href":"https:\/\/jornalboasnoticias.com.br\/home\/wp-json\/wp\/v2\/media?parent=44446"}],"wp:term":[{"taxonomy":"category","embeddable":true,"href":"https:\/\/jornalboasnoticias.com.br\/home\/wp-json\/wp\/v2\/categories?post=44446"},{"taxonomy":"post_tag","embeddable":true,"href":"https:\/\/jornalboasnoticias.com.br\/home\/wp-json\/wp\/v2\/tags?post=44446"}],"curies":[{"name":"wp","href":"https:\/\/api.w.org\/{rel}","templated":true}]}}