{"id":44439,"date":"2024-10-24T14:09:33","date_gmt":"2024-10-24T14:09:33","guid":{"rendered":"https:\/\/jornalboasnoticias.com.br\/home\/?p=44439"},"modified":"2024-10-24T14:09:33","modified_gmt":"2024-10-24T14:09:33","slug":"parana-decide-nao-incluir-cobranca-do-novo-dpvat-no-ipva-e-licenciamento-de-2025","status":"publish","type":"post","link":"https:\/\/jornalboasnoticias.com.br\/home\/parana-decide-nao-incluir-cobranca-do-novo-dpvat-no-ipva-e-licenciamento-de-2025\/","title":{"rendered":"Paran\u00e1 decide n\u00e3o incluir cobran\u00e7a do novo DPVAT no IPVA e licenciamento de 2025"},"content":{"rendered":"<figure id=\"attachment_44440\" aria-describedby=\"caption-attachment-44440\" style=\"width: 2560px\" class=\"wp-caption alignnone\"><img loading=\"lazy\" decoding=\"async\" class=\"size-full wp-image-44440\" src=\"https:\/\/jornalboasnoticias.com.br\/home\/wp-content\/uploads\/2024\/10\/transito-scaled.jpg\" alt=\"\" width=\"2560\" height=\"1707\" srcset=\"https:\/\/jornalboasnoticias.com.br\/home\/wp-content\/uploads\/2024\/10\/transito-scaled.jpg 2560w, https:\/\/jornalboasnoticias.com.br\/home\/wp-content\/uploads\/2024\/10\/transito-300x200.jpg 300w, https:\/\/jornalboasnoticias.com.br\/home\/wp-content\/uploads\/2024\/10\/transito-1024x683.jpg 1024w, https:\/\/jornalboasnoticias.com.br\/home\/wp-content\/uploads\/2024\/10\/transito-768x512.jpg 768w, https:\/\/jornalboasnoticias.com.br\/home\/wp-content\/uploads\/2024\/10\/transito-1536x1024.jpg 1536w, https:\/\/jornalboasnoticias.com.br\/home\/wp-content\/uploads\/2024\/10\/transito-2048x1365.jpg 2048w, https:\/\/jornalboasnoticias.com.br\/home\/wp-content\/uploads\/2024\/10\/transito-900x600.jpg 900w\" sizes=\"auto, (max-width: 2560px) 100vw, 2560px\" \/><figcaption id=\"caption-attachment-44440\" class=\"wp-caption-text\">Foto: Jos\u00e9 Fernando Ogura\/Arquivo AEN<\/figcaption><\/figure>\n<p>O Governo do Paran\u00e1 anunciou nesta quinta-feira (24) que n\u00e3o realizar\u00e1 a cobran\u00e7a do novo Seguro Obrigat\u00f3rio para Prote\u00e7\u00e3o de V\u00edtimas de Acidentes de Tr\u00e2nsito (SPVAT) junto ao IPVA e o licenciamento de 2025. A medida foi adotada depois que os questionamentos do governo estadual \u00e0 Caixa Econ\u00f4mica Federal, respons\u00e1vel por firmar conv\u00eanios com os estados, n\u00e3o foram completamente sanados. Dessa forma, o Paran\u00e1 optou por n\u00e3o integrar a cobran\u00e7a do SPVAT aos tributos estaduais.<\/p>\n<p>O SPVAT foi recriado em maio de 2024 pela Lei Federal Complementar n\u00ba 207, ap\u00f3s a extin\u00e7\u00e3o do antigo DPVAT em 2019. Agora, cabe \u00e0 Caixa Econ\u00f4mica Federal definir a forma para realizar a cobran\u00e7a do seguro no Paran\u00e1.<\/p>\n<p>De acordo com o Departamento de Tr\u00e2nsito do Paran\u00e1 (Detran\/PR), atualmente s\u00e3o 8.528.604 ve\u00edculos ativos no Estado.<\/p>\n<p>A decis\u00e3o do Governo do Paran\u00e1 foi tomada ap\u00f3s reuni\u00e3o entre o governador Carlos Massa Ratinho Junior e o diretor-presidente do Detran\/PR, Adriano Furtado. &#8220;Optamos por n\u00e3o incluir essa cobran\u00e7a nas taxas estaduais porque a decis\u00e3o n\u00e3o foi diretamente comunicada aos contribuintes pelo governo federal, que passariam a ser cobrados pelo novo DPVAT dentro do licenciamento e do IPVA. Al\u00e9m disso, temos a preocupa\u00e7\u00e3o com o bolso do paranaense que no come\u00e7o do ano j\u00e1 tem seu or\u00e7amento comprometido com outras responsabilidades e a Lei Complementar prev\u00ea o pagamento do SPVAT em janeiro\u201d, afirma o governador Ratinho Junior.<\/p>\n<p>Segundo o diretor-presidente do Detran\/PR, Adriano Furtado, a medida visa minimizar o impacto de mais um encargo sobre os motoristas paranaenses. \u201cN\u00f3s fomos procurados pela Caixa Econ\u00f4mica para viabilizar a cobran\u00e7a e tivemos posi\u00e7\u00e3o contr\u00e1ria, especialmente porque eles insistem na cobran\u00e7a do in\u00edcio do ano e o Governo do Paran\u00e1 faz as cobran\u00e7as de taxas administrativas de licenciamento no segundo semestre para viabilizar melhores condi\u00e7\u00f5es ao contribuinte. A nossa decis\u00e3o quer dar transpar\u00eancia e clareza ao processo e evitar complica\u00e7\u00f5es para os motoristas paranaenses&#8221;, esclarece Furtado.<\/p>\n<p><strong>IPVA MOTOS &#8211;<\/strong>\u00a0Nesta semana, o governador Ratinho Junior tamb\u00e9m anunciou que o Governo do Estado encaminhar\u00e1 \u00e0 Assembleia Legislativa do Paran\u00e1 (Alep) um projeto de lei para\u00a0isentar motocicletas de at\u00e9 170 cilindradas do pagamento de IPVA\u00a0a partir de janeiro de 2025. A medida beneficiar\u00e1 mais de 732 mil ve\u00edculos, representando 77% da frota tribut\u00e1vel de motocicletas do estado.<\/p>\n<p>(AEN)<\/p>\n","protected":false},"excerpt":{"rendered":"<p>O Governo do Paran\u00e1 anunciou nesta quinta-feira (24) que n\u00e3o realizar\u00e1 a cobran\u00e7a do novo<\/p>\n","protected":false},"author":4,"featured_media":44440,"comment_status":"open","ping_status":"open","sticky":false,"template":"","format":"standard","meta":{"footnotes":""},"categories":[3,4],"tags":[],"class_list":["post-44439","post","type-post","status-publish","format-standard","has-post-thumbnail","hentry","category-destaques","category-parana"],"yoast_head":"<!-- This site is optimized with the Yoast SEO plugin v27.5 - https:\/\/yoast.com\/product\/yoast-seo-wordpress\/ -->\n<title>Paran\u00e1 decide n\u00e3o incluir cobran\u00e7a do novo DPVAT no IPVA e licenciamento de 2025 - Jornal<\/title>\n<meta name=\"description\" content=\"Paran\u00e1 decide n\u00e3o incluir cobran\u00e7a do novo DPVAT no IPVA e licenciamento de 2025\" \/>\n<meta name=\"robots\" content=\"index, follow, max-snippet:-1, max-image-preview:large, max-video-preview:-1\" \/>\n<link rel=\"canonical\" href=\"https:\/\/jornalboasnoticias.com.br\/home\/parana-decide-nao-incluir-cobranca-do-novo-dpvat-no-ipva-e-licenciamento-de-2025\/\" \/>\n<meta property=\"og:locale\" content=\"pt_BR\" \/>\n<meta property=\"og:type\" content=\"article\" \/>\n<meta property=\"og:title\" content=\"Paran\u00e1 decide n\u00e3o incluir cobran\u00e7a do novo DPVAT no IPVA e licenciamento de 2025 - Jornal\" \/>\n<meta property=\"og:description\" content=\"Paran\u00e1 decide n\u00e3o incluir cobran\u00e7a do novo DPVAT no IPVA e licenciamento de 2025\" \/>\n<meta property=\"og:url\" content=\"https:\/\/jornalboasnoticias.com.br\/home\/parana-decide-nao-incluir-cobranca-do-novo-dpvat-no-ipva-e-licenciamento-de-2025\/\" \/>\n<meta property=\"og:site_name\" content=\"Jornal\" \/>\n<meta property=\"article:publisher\" content=\"https:\/\/www.facebook.com\/boasnoticiasjornal\" \/>\n<meta property=\"article:published_time\" content=\"2024-10-24T14:09:33+00:00\" \/>\n<meta property=\"og:image\" content=\"https:\/\/jornalboasnoticias.com.br\/home\/wp-content\/uploads\/2024\/10\/transito-scaled.jpg\" \/>\n\t<meta property=\"og:image:width\" content=\"2560\" \/>\n\t<meta property=\"og:image:height\" content=\"1707\" \/>\n\t<meta property=\"og:image:type\" content=\"image\/jpeg\" \/>\n<meta name=\"author\" content=\"Ana Luiza Bonatto\" \/>\n<meta name=\"twitter:card\" content=\"summary_large_image\" \/>\n<meta name=\"twitter:label1\" content=\"Escrito por\" \/>\n\t<meta name=\"twitter:data1\" content=\"Ana Luiza Bonatto\" \/>\n\t<meta name=\"twitter:label2\" content=\"Est. tempo de leitura\" \/>\n\t<meta name=\"twitter:data2\" content=\"3 minutos\" \/>\n<script type=\"application\/ld+json\" class=\"yoast-schema-graph\">{\"@context\":\"https:\\\/\\\/schema.org\",\"@graph\":[{\"@type\":\"Article\",\"@id\":\"https:\\\/\\\/jornalboasnoticias.com.br\\\/home\\\/parana-decide-nao-incluir-cobranca-do-novo-dpvat-no-ipva-e-licenciamento-de-2025\\\/#article\",\"isPartOf\":{\"@id\":\"https:\\\/\\\/jornalboasnoticias.com.br\\\/home\\\/parana-decide-nao-incluir-cobranca-do-novo-dpvat-no-ipva-e-licenciamento-de-2025\\\/\"},\"author\":{\"name\":\"Ana Luiza Bonatto\",\"@id\":\"https:\\\/\\\/jornalboasnoticias.com.br\\\/home\\\/#\\\/schema\\\/person\\\/d641193e0afc6405b390164dac847971\"},\"headline\":\"Paran\u00e1 decide n\u00e3o incluir cobran\u00e7a do novo DPVAT no IPVA e licenciamento de 2025\",\"datePublished\":\"2024-10-24T14:09:33+00:00\",\"mainEntityOfPage\":{\"@id\":\"https:\\\/\\\/jornalboasnoticias.com.br\\\/home\\\/parana-decide-nao-incluir-cobranca-do-novo-dpvat-no-ipva-e-licenciamento-de-2025\\\/\"},\"wordCount\":440,\"commentCount\":0,\"publisher\":{\"@id\":\"https:\\\/\\\/jornalboasnoticias.com.br\\\/home\\\/#organization\"},\"image\":{\"@id\":\"https:\\\/\\\/jornalboasnoticias.com.br\\\/home\\\/parana-decide-nao-incluir-cobranca-do-novo-dpvat-no-ipva-e-licenciamento-de-2025\\\/#primaryimage\"},\"thumbnailUrl\":\"https:\\\/\\\/jornalboasnoticias.com.br\\\/home\\\/wp-content\\\/uploads\\\/2024\\\/10\\\/transito-scaled.jpg\",\"articleSection\":[\"DESTAQUE\",\"PARAN\u00c1\"],\"inLanguage\":\"pt-BR\",\"potentialAction\":[{\"@type\":\"CommentAction\",\"name\":\"Comment\",\"target\":[\"https:\\\/\\\/jornalboasnoticias.com.br\\\/home\\\/parana-decide-nao-incluir-cobranca-do-novo-dpvat-no-ipva-e-licenciamento-de-2025\\\/#respond\"]}]},{\"@type\":\"WebPage\",\"@id\":\"https:\\\/\\\/jornalboasnoticias.com.br\\\/home\\\/parana-decide-nao-incluir-cobranca-do-novo-dpvat-no-ipva-e-licenciamento-de-2025\\\/\",\"url\":\"https:\\\/\\\/jornalboasnoticias.com.br\\\/home\\\/parana-decide-nao-incluir-cobranca-do-novo-dpvat-no-ipva-e-licenciamento-de-2025\\\/\",\"name\":\"Paran\u00e1 decide n\u00e3o incluir cobran\u00e7a do novo DPVAT no IPVA e licenciamento de 2025 - Jornal\",\"isPartOf\":{\"@id\":\"https:\\\/\\\/jornalboasnoticias.com.br\\\/home\\\/#website\"},\"primaryImageOfPage\":{\"@id\":\"https:\\\/\\\/jornalboasnoticias.com.br\\\/home\\\/parana-decide-nao-incluir-cobranca-do-novo-dpvat-no-ipva-e-licenciamento-de-2025\\\/#primaryimage\"},\"image\":{\"@id\":\"https:\\\/\\\/jornalboasnoticias.com.br\\\/home\\\/parana-decide-nao-incluir-cobranca-do-novo-dpvat-no-ipva-e-licenciamento-de-2025\\\/#primaryimage\"},\"thumbnailUrl\":\"https:\\\/\\\/jornalboasnoticias.com.br\\\/home\\\/wp-content\\\/uploads\\\/2024\\\/10\\\/transito-scaled.jpg\",\"datePublished\":\"2024-10-24T14:09:33+00:00\",\"description\":\"Paran\u00e1 decide n\u00e3o incluir cobran\u00e7a do novo DPVAT no IPVA e licenciamento de 2025\",\"breadcrumb\":{\"@id\":\"https:\\\/\\\/jornalboasnoticias.com.br\\\/home\\\/parana-decide-nao-incluir-cobranca-do-novo-dpvat-no-ipva-e-licenciamento-de-2025\\\/#breadcrumb\"},\"inLanguage\":\"pt-BR\",\"potentialAction\":[{\"@type\":\"ReadAction\",\"target\":[\"https:\\\/\\\/jornalboasnoticias.com.br\\\/home\\\/parana-decide-nao-incluir-cobranca-do-novo-dpvat-no-ipva-e-licenciamento-de-2025\\\/\"]}]},{\"@type\":\"ImageObject\",\"inLanguage\":\"pt-BR\",\"@id\":\"https:\\\/\\\/jornalboasnoticias.com.br\\\/home\\\/parana-decide-nao-incluir-cobranca-do-novo-dpvat-no-ipva-e-licenciamento-de-2025\\\/#primaryimage\",\"url\":\"https:\\\/\\\/jornalboasnoticias.com.br\\\/home\\\/wp-content\\\/uploads\\\/2024\\\/10\\\/transito-scaled.jpg\",\"contentUrl\":\"https:\\\/\\\/jornalboasnoticias.com.br\\\/home\\\/wp-content\\\/uploads\\\/2024\\\/10\\\/transito-scaled.jpg\",\"width\":2560,\"height\":1707,\"caption\":\"Foto: Sanepar\"},{\"@type\":\"BreadcrumbList\",\"@id\":\"https:\\\/\\\/jornalboasnoticias.com.br\\\/home\\\/parana-decide-nao-incluir-cobranca-do-novo-dpvat-no-ipva-e-licenciamento-de-2025\\\/#breadcrumb\",\"itemListElement\":[{\"@type\":\"ListItem\",\"position\":1,\"name\":\"In\u00edcio\",\"item\":\"https:\\\/\\\/jornalboasnoticias.com.br\\\/home\\\/\"},{\"@type\":\"ListItem\",\"position\":2,\"name\":\"Paran\u00e1 decide n\u00e3o incluir cobran\u00e7a do novo DPVAT no IPVA e licenciamento de 2025\"}]},{\"@type\":\"WebSite\",\"@id\":\"https:\\\/\\\/jornalboasnoticias.com.br\\\/home\\\/#website\",\"url\":\"https:\\\/\\\/jornalboasnoticias.com.br\\\/home\\\/\",\"name\":\"Jornal Boas Not\u00edcias\",\"description\":\"Boas not\u00edcias\",\"publisher\":{\"@id\":\"https:\\\/\\\/jornalboasnoticias.com.br\\\/home\\\/#organization\"},\"potentialAction\":[{\"@type\":\"SearchAction\",\"target\":{\"@type\":\"EntryPoint\",\"urlTemplate\":\"https:\\\/\\\/jornalboasnoticias.com.br\\\/home\\\/?s={search_term_string}\"},\"query-input\":{\"@type\":\"PropertyValueSpecification\",\"valueRequired\":true,\"valueName\":\"search_term_string\"}}],\"inLanguage\":\"pt-BR\"},{\"@type\":\"Organization\",\"@id\":\"https:\\\/\\\/jornalboasnoticias.com.br\\\/home\\\/#organization\",\"name\":\"Coq Editora Ltda\",\"alternateName\":\"Jornal Boas Noticias\",\"url\":\"https:\\\/\\\/jornalboasnoticias.com.br\\\/home\\\/\",\"logo\":{\"@type\":\"ImageObject\",\"inLanguage\":\"pt-BR\",\"@id\":\"https:\\\/\\\/jornalboasnoticias.com.br\\\/home\\\/#\\\/schema\\\/logo\\\/image\\\/\",\"url\":\"https:\\\/\\\/jornalboasnoticias.com.br\\\/home\\\/wp-content\\\/uploads\\\/2024\\\/07\\\/cropped-logo.jpg\",\"contentUrl\":\"https:\\\/\\\/jornalboasnoticias.com.br\\\/home\\\/wp-content\\\/uploads\\\/2024\\\/07\\\/cropped-logo.jpg\",\"width\":290,\"height\":142,\"caption\":\"Coq Editora Ltda\"},\"image\":{\"@id\":\"https:\\\/\\\/jornalboasnoticias.com.br\\\/home\\\/#\\\/schema\\\/logo\\\/image\\\/\"},\"sameAs\":[\"https:\\\/\\\/www.facebook.com\\\/boasnoticiasjornal\"]},{\"@type\":\"Person\",\"@id\":\"https:\\\/\\\/jornalboasnoticias.com.br\\\/home\\\/#\\\/schema\\\/person\\\/d641193e0afc6405b390164dac847971\",\"name\":\"Ana Luiza Bonatto\",\"image\":{\"@type\":\"ImageObject\",\"inLanguage\":\"pt-BR\",\"@id\":\"https:\\\/\\\/secure.gravatar.com\\\/avatar\\\/8a055ebe6373371f67ac6fcf313c0ac0b0a91157fdcdb9514fa62927373348f0?s=96&d=mm&r=g\",\"url\":\"https:\\\/\\\/secure.gravatar.com\\\/avatar\\\/8a055ebe6373371f67ac6fcf313c0ac0b0a91157fdcdb9514fa62927373348f0?s=96&d=mm&r=g\",\"contentUrl\":\"https:\\\/\\\/secure.gravatar.com\\\/avatar\\\/8a055ebe6373371f67ac6fcf313c0ac0b0a91157fdcdb9514fa62927373348f0?s=96&d=mm&r=g\",\"caption\":\"Ana Luiza Bonatto\"},\"url\":\"https:\\\/\\\/jornalboasnoticias.com.br\\\/home\\\/author\\\/ana-luiza\\\/\"}]}<\/script>\n<!-- \/ Yoast SEO plugin. -->","yoast_head_json":{"title":"Paran\u00e1 decide n\u00e3o incluir cobran\u00e7a do novo DPVAT no IPVA e licenciamento de 2025 - Jornal","description":"Paran\u00e1 decide n\u00e3o incluir cobran\u00e7a do novo DPVAT no IPVA e licenciamento de 2025","robots":{"index":"index","follow":"follow","max-snippet":"max-snippet:-1","max-image-preview":"max-image-preview:large","max-video-preview":"max-video-preview:-1"},"canonical":"https:\/\/jornalboasnoticias.com.br\/home\/parana-decide-nao-incluir-cobranca-do-novo-dpvat-no-ipva-e-licenciamento-de-2025\/","og_locale":"pt_BR","og_type":"article","og_title":"Paran\u00e1 decide n\u00e3o incluir cobran\u00e7a do novo DPVAT no IPVA e licenciamento de 2025 - Jornal","og_description":"Paran\u00e1 decide n\u00e3o incluir cobran\u00e7a do novo DPVAT no IPVA e licenciamento de 2025","og_url":"https:\/\/jornalboasnoticias.com.br\/home\/parana-decide-nao-incluir-cobranca-do-novo-dpvat-no-ipva-e-licenciamento-de-2025\/","og_site_name":"Jornal","article_publisher":"https:\/\/www.facebook.com\/boasnoticiasjornal","article_published_time":"2024-10-24T14:09:33+00:00","og_image":[{"width":2560,"height":1707,"url":"https:\/\/jornalboasnoticias.com.br\/home\/wp-content\/uploads\/2024\/10\/transito-scaled.jpg","type":"image\/jpeg"}],"author":"Ana Luiza Bonatto","twitter_card":"summary_large_image","twitter_misc":{"Escrito por":"Ana Luiza Bonatto","Est. tempo de leitura":"3 minutos"},"schema":{"@context":"https:\/\/schema.org","@graph":[{"@type":"Article","@id":"https:\/\/jornalboasnoticias.com.br\/home\/parana-decide-nao-incluir-cobranca-do-novo-dpvat-no-ipva-e-licenciamento-de-2025\/#article","isPartOf":{"@id":"https:\/\/jornalboasnoticias.com.br\/home\/parana-decide-nao-incluir-cobranca-do-novo-dpvat-no-ipva-e-licenciamento-de-2025\/"},"author":{"name":"Ana Luiza Bonatto","@id":"https:\/\/jornalboasnoticias.com.br\/home\/#\/schema\/person\/d641193e0afc6405b390164dac847971"},"headline":"Paran\u00e1 decide n\u00e3o incluir cobran\u00e7a do novo DPVAT no IPVA e licenciamento de 2025","datePublished":"2024-10-24T14:09:33+00:00","mainEntityOfPage":{"@id":"https:\/\/jornalboasnoticias.com.br\/home\/parana-decide-nao-incluir-cobranca-do-novo-dpvat-no-ipva-e-licenciamento-de-2025\/"},"wordCount":440,"commentCount":0,"publisher":{"@id":"https:\/\/jornalboasnoticias.com.br\/home\/#organization"},"image":{"@id":"https:\/\/jornalboasnoticias.com.br\/home\/parana-decide-nao-incluir-cobranca-do-novo-dpvat-no-ipva-e-licenciamento-de-2025\/#primaryimage"},"thumbnailUrl":"https:\/\/jornalboasnoticias.com.br\/home\/wp-content\/uploads\/2024\/10\/transito-scaled.jpg","articleSection":["DESTAQUE","PARAN\u00c1"],"inLanguage":"pt-BR","potentialAction":[{"@type":"CommentAction","name":"Comment","target":["https:\/\/jornalboasnoticias.com.br\/home\/parana-decide-nao-incluir-cobranca-do-novo-dpvat-no-ipva-e-licenciamento-de-2025\/#respond"]}]},{"@type":"WebPage","@id":"https:\/\/jornalboasnoticias.com.br\/home\/parana-decide-nao-incluir-cobranca-do-novo-dpvat-no-ipva-e-licenciamento-de-2025\/","url":"https:\/\/jornalboasnoticias.com.br\/home\/parana-decide-nao-incluir-cobranca-do-novo-dpvat-no-ipva-e-licenciamento-de-2025\/","name":"Paran\u00e1 decide n\u00e3o incluir cobran\u00e7a do novo DPVAT no IPVA e licenciamento de 2025 - Jornal","isPartOf":{"@id":"https:\/\/jornalboasnoticias.com.br\/home\/#website"},"primaryImageOfPage":{"@id":"https:\/\/jornalboasnoticias.com.br\/home\/parana-decide-nao-incluir-cobranca-do-novo-dpvat-no-ipva-e-licenciamento-de-2025\/#primaryimage"},"image":{"@id":"https:\/\/jornalboasnoticias.com.br\/home\/parana-decide-nao-incluir-cobranca-do-novo-dpvat-no-ipva-e-licenciamento-de-2025\/#primaryimage"},"thumbnailUrl":"https:\/\/jornalboasnoticias.com.br\/home\/wp-content\/uploads\/2024\/10\/transito-scaled.jpg","datePublished":"2024-10-24T14:09:33+00:00","description":"Paran\u00e1 decide n\u00e3o incluir cobran\u00e7a do novo DPVAT no IPVA e licenciamento de 2025","breadcrumb":{"@id":"https:\/\/jornalboasnoticias.com.br\/home\/parana-decide-nao-incluir-cobranca-do-novo-dpvat-no-ipva-e-licenciamento-de-2025\/#breadcrumb"},"inLanguage":"pt-BR","potentialAction":[{"@type":"ReadAction","target":["https:\/\/jornalboasnoticias.com.br\/home\/parana-decide-nao-incluir-cobranca-do-novo-dpvat-no-ipva-e-licenciamento-de-2025\/"]}]},{"@type":"ImageObject","inLanguage":"pt-BR","@id":"https:\/\/jornalboasnoticias.com.br\/home\/parana-decide-nao-incluir-cobranca-do-novo-dpvat-no-ipva-e-licenciamento-de-2025\/#primaryimage","url":"https:\/\/jornalboasnoticias.com.br\/home\/wp-content\/uploads\/2024\/10\/transito-scaled.jpg","contentUrl":"https:\/\/jornalboasnoticias.com.br\/home\/wp-content\/uploads\/2024\/10\/transito-scaled.jpg","width":2560,"height":1707,"caption":"Foto: Sanepar"},{"@type":"BreadcrumbList","@id":"https:\/\/jornalboasnoticias.com.br\/home\/parana-decide-nao-incluir-cobranca-do-novo-dpvat-no-ipva-e-licenciamento-de-2025\/#breadcrumb","itemListElement":[{"@type":"ListItem","position":1,"name":"In\u00edcio","item":"https:\/\/jornalboasnoticias.com.br\/home\/"},{"@type":"ListItem","position":2,"name":"Paran\u00e1 decide n\u00e3o incluir cobran\u00e7a do novo DPVAT no IPVA e licenciamento de 2025"}]},{"@type":"WebSite","@id":"https:\/\/jornalboasnoticias.com.br\/home\/#website","url":"https:\/\/jornalboasnoticias.com.br\/home\/","name":"Jornal Boas Not\u00edcias","description":"Boas not\u00edcias","publisher":{"@id":"https:\/\/jornalboasnoticias.com.br\/home\/#organization"},"potentialAction":[{"@type":"SearchAction","target":{"@type":"EntryPoint","urlTemplate":"https:\/\/jornalboasnoticias.com.br\/home\/?s={search_term_string}"},"query-input":{"@type":"PropertyValueSpecification","valueRequired":true,"valueName":"search_term_string"}}],"inLanguage":"pt-BR"},{"@type":"Organization","@id":"https:\/\/jornalboasnoticias.com.br\/home\/#organization","name":"Coq Editora Ltda","alternateName":"Jornal Boas Noticias","url":"https:\/\/jornalboasnoticias.com.br\/home\/","logo":{"@type":"ImageObject","inLanguage":"pt-BR","@id":"https:\/\/jornalboasnoticias.com.br\/home\/#\/schema\/logo\/image\/","url":"https:\/\/jornalboasnoticias.com.br\/home\/wp-content\/uploads\/2024\/07\/cropped-logo.jpg","contentUrl":"https:\/\/jornalboasnoticias.com.br\/home\/wp-content\/uploads\/2024\/07\/cropped-logo.jpg","width":290,"height":142,"caption":"Coq Editora Ltda"},"image":{"@id":"https:\/\/jornalboasnoticias.com.br\/home\/#\/schema\/logo\/image\/"},"sameAs":["https:\/\/www.facebook.com\/boasnoticiasjornal"]},{"@type":"Person","@id":"https:\/\/jornalboasnoticias.com.br\/home\/#\/schema\/person\/d641193e0afc6405b390164dac847971","name":"Ana Luiza Bonatto","image":{"@type":"ImageObject","inLanguage":"pt-BR","@id":"https:\/\/secure.gravatar.com\/avatar\/8a055ebe6373371f67ac6fcf313c0ac0b0a91157fdcdb9514fa62927373348f0?s=96&d=mm&r=g","url":"https:\/\/secure.gravatar.com\/avatar\/8a055ebe6373371f67ac6fcf313c0ac0b0a91157fdcdb9514fa62927373348f0?s=96&d=mm&r=g","contentUrl":"https:\/\/secure.gravatar.com\/avatar\/8a055ebe6373371f67ac6fcf313c0ac0b0a91157fdcdb9514fa62927373348f0?s=96&d=mm&r=g","caption":"Ana Luiza Bonatto"},"url":"https:\/\/jornalboasnoticias.com.br\/home\/author\/ana-luiza\/"}]}},"_links":{"self":[{"href":"https:\/\/jornalboasnoticias.com.br\/home\/wp-json\/wp\/v2\/posts\/44439","targetHints":{"allow":["GET"]}}],"collection":[{"href":"https:\/\/jornalboasnoticias.com.br\/home\/wp-json\/wp\/v2\/posts"}],"about":[{"href":"https:\/\/jornalboasnoticias.com.br\/home\/wp-json\/wp\/v2\/types\/post"}],"author":[{"embeddable":true,"href":"https:\/\/jornalboasnoticias.com.br\/home\/wp-json\/wp\/v2\/users\/4"}],"replies":[{"embeddable":true,"href":"https:\/\/jornalboasnoticias.com.br\/home\/wp-json\/wp\/v2\/comments?post=44439"}],"version-history":[{"count":1,"href":"https:\/\/jornalboasnoticias.com.br\/home\/wp-json\/wp\/v2\/posts\/44439\/revisions"}],"predecessor-version":[{"id":44441,"href":"https:\/\/jornalboasnoticias.com.br\/home\/wp-json\/wp\/v2\/posts\/44439\/revisions\/44441"}],"wp:featuredmedia":[{"embeddable":true,"href":"https:\/\/jornalboasnoticias.com.br\/home\/wp-json\/wp\/v2\/media\/44440"}],"wp:attachment":[{"href":"https:\/\/jornalboasnoticias.com.br\/home\/wp-json\/wp\/v2\/media?parent=44439"}],"wp:term":[{"taxonomy":"category","embeddable":true,"href":"https:\/\/jornalboasnoticias.com.br\/home\/wp-json\/wp\/v2\/categories?post=44439"},{"taxonomy":"post_tag","embeddable":true,"href":"https:\/\/jornalboasnoticias.com.br\/home\/wp-json\/wp\/v2\/tags?post=44439"}],"curies":[{"name":"wp","href":"https:\/\/api.w.org\/{rel}","templated":true}]}}